{"id":17648,"date":"2023-12-18T20:34:49","date_gmt":"2023-12-18T23:34:49","guid":{"rendered":"https:\/\/ismaelcolosi.com.br\/index.php\/2023\/12\/18\/papai-noel-movel-chega-aos-ultimos-bairros-de-ribeirao-veja-a-programacao\/"},"modified":"2023-12-18T20:34:49","modified_gmt":"2023-12-18T23:34:49","slug":"papai-noel-movel-chega-aos-ultimos-bairros-de-ribeirao-veja-a-programacao","status":"publish","type":"post","link":"https:\/\/ismaelcolosi.com.br\/index.php\/2023\/12\/18\/papai-noel-movel-chega-aos-ultimos-bairros-de-ribeirao-veja-a-programacao\/","title":{"rendered":"Papai Noel M\u00f3vel chega aos \u00faltimos bairros de Ribeir\u00e3o; Veja a programa\u00e7\u00e3o"},"content":{"rendered":"<p> <br \/>\n<\/p>\n<div data-td-block-uid=\"tdi_104\">\n<div class=\"tdb-block-inner td-fix-index\">\n<p>O <strong>Noel M\u00f3vel<\/strong>, uma das atra\u00e7\u00f5es da programa\u00e7\u00e3o do <strong>Natal Luz da Associa\u00e7\u00e3o Comercial e Industrial de Ribeir\u00e3o Preto (Acirp)<\/strong>, visita os \u00faltimos bairros durante esta semana.<\/p>\n<p>Na <strong>ter\u00e7a-feira (19)<\/strong>, a a\u00e7\u00e3o estar\u00e1 na pra\u00e7a Anacleto Bianchi, no bairro Sumarezinho, a partir das 18h.<\/p><div class='code-block code-block-8' style='margin: 8px auto; text-align: center; display: block; clear: both;'>\n<script>\n  atOptions = {\n    'key' : '66e2e2111ca34da796271819fc334058',\n    'format' : 'iframe',\n    'height' : 250,\n    'width' : 300,\n    'params' : {}\n  };\n<\/script>\n<script src=\"https:\/\/www.highperformanceformat.com\/66e2e2111ca34da796271819fc334058\/invoke.js\"><\/script>\n<\/div>\n\n<p>Quem for visitar o <strong>Papai Noel<\/strong> pode tirar fotos com e claro, fazer um ao pedido ao Bom Velhinho. <mark style=\"background-color:#fcb900\" class=\"has-inline-color\">O <strong>Noel M\u00f3vel<\/strong> segue levando a magia do Natal para os moradores de <strong>Ribeir\u00e3o Preto<\/strong>, at\u00e9 <strong>sexta-feira (22).<\/strong><\/mark><\/p>\n<h4 class=\"wp-block-heading\"><strong>Programa\u00e7\u00e3o no Centro<\/strong><\/h4>\n<p>Quem for ao com\u00e9rcio da regi\u00e3o central de Ribeir\u00e3o Preto nesta semana, ainda poder\u00e1 visitar a casa do Papai Noel. <strong>A programa\u00e7\u00e3o no Centro tamb\u00e9m acontece at\u00e9 sexta-feira (22)<\/strong><\/p>\n<p>Ela est\u00e1 montada no Centro Cultural Palace, na esquina das ruas Duque de Caxias e \u00c1lvares Cabral e funciona das 15h \u00e0s 21h \u2013 com pausa das 19h \u00e0s 19h30. <\/p>\n<h4 class=\"wp-block-heading\"><strong>Veja a programa\u00e7\u00e3o completa<\/strong>:<\/h4>\n<ul>\n<li><strong>19\/12 (ter\u00e7a-feira)<\/strong>: Pra\u00e7a Anacleto Bianchi \u2013 Sumarezinho, 18h;<\/li>\n<\/ul>\n<ul>\n<li><strong>20\/12 (quarta-feira)<\/strong>: Pra\u00e7a Salvador Spadoni \u2013 Novo T\u00fanel, 19h;<\/li>\n<\/ul>\n<ul>\n<li><strong>21\/12 (quinta-feira)<\/strong>: Pra\u00e7a Ribeir\u00e3o Verde \u2013 Pr\u00f3ximo \u00e0 UBDS, 18h;<\/li>\n<\/ul>\n<ul>\n<li><strong>22\/12 (sexta-feira)<\/strong>: Pra\u00e7a do Canh\u00e3o \u2013 Jardim Paulista, 18h.<\/li>\n<\/ul>\n<p>VEJA TAMB\u00c9M<\/p>\n<p><a href=\"https:\/\/www.acidadeon.com\/ribeiraopreto\/lazer-e-cultura\/coral-dos-meninos-cantores-encanta-publico-no-centro-de-ribeirao-video\/\" target=\"_blank\" rel=\"noreferrer noopener\">Coral dos Meninos Cantores encanta p\u00fablico no Centro de Ribeir\u00e3o; V\u00eddeo<\/p>\n<h4 class=\"wp-block-heading\"><strong><mark style=\"background-color:rgba(0, 0, 0, 0)\" class=\"has-inline-color has-luminous-vivid-orange-color\">FIQUE ON<\/mark><\/strong><\/h4>\n<p>Fique ligado em tudo que acontece em Ribeir\u00e3o Preto e regi\u00e3o. Siga os perfis do\u00a0<strong>acidade on<\/strong>\u00a0no\u00a0<a href=\"https:\/\/www.instagram.com\/acidadeonribeirao\" target=\"_blank\" rel=\"noreferrer noopener\">Instagram\u00a0<\/a>e no<a href=\"https:\/\/www.facebook.com\/acidadeonribeirao\" target=\"_blank\" rel=\"noreferrer noopener\">\u00a0Facebook.<\/a><\/p>\n<p>Receba not\u00edcias do\u00a0<strong>acidade on\u00a0<\/strong>no WhatsApp.\u00a0<a href=\"https:\/\/chat.whatsapp.com\/Bnv2w66ZT4VDyZW3oiZ69n\" target=\"_blank\" rel=\"noreferrer noopener\">Para entrar no grupo, basta clicar aqui.<\/a><\/p>\n<p>Fa\u00e7a uma den\u00fancia ou sugira uma reportagem sobre Ribeir\u00e3o Preto e regi\u00e3o pelo WhatsApp:\u00a0<strong>(16) 99117 7802.<\/strong><\/p>\n<p>LEIA MAIS<\/p>\n<p><a href=\"https:\/\/www.tudoep.com\/tudo-receitas\/NOT,0,0,1868811,trufa-de-chocolate-ao-licor-saiba-os-segredos-desse-doce.aspx\" target=\"_blank\" rel=\"noreferrer noopener\">Trufa de chocolate ao licor: saiba os segredos desse doce<\/a><\/p>\n<p><!-- AI CONTENT END 1 -->\n<\/div>\n<\/div>\n<p><script async src=\"\/\/www.instagram.com\/embed.js\"><\/script><br \/>\n<br \/><br \/>\n<br \/><a href=\"https:\/\/www.acidadeon.com\/ribeiraopreto\/lazer-e-cultura\/papai-noel-movel-chega-aos-ultimos-bairros-de-ribeirao-veja-a-programacao\/\">Source link <\/a><\/p>\n<div class='code-block code-block-4' style='margin: 8px auto 8px 0; text-align: left; display: block; clear: both;'>\n\ud83d\udce2 Aviso Legal\n\nO site ismaelcolosi.com.br atua apenas como um canal de divulga\u00e7\u00e3o de oportunidades de emprego e n\u00e3o se responsabiliza pelo processo seletivo, contrata\u00e7\u00e3o ou qualquer outra etapa relacionada \u00e0s vagas publicadas. Todas as informa\u00e7\u00f5es s\u00e3o de responsabilidade dos anunciantes.\n\n\u26a0\ufe0f Aten\u00e7\u00e3o! Nunca pague por promessas de emprego nem compre cursos que garantam contrata\u00e7\u00e3o. Desconfie de qualquer cobran\u00e7a para participar de sele\u00e7\u00f5es.\n\n\n\n<\/div>\n<!-- CONTENT END 1 -->\n","protected":false},"excerpt":{"rendered":"<p>O Noel M\u00f3vel, uma das atra\u00e7\u00f5es da programa\u00e7\u00e3o do Natal Luz da Associa\u00e7\u00e3o Comercial e Industrial de Ribeir\u00e3o Preto (Acirp), visita os \u00faltimos bairros durante&#8230;<\/p>\n","protected":false},"author":1,"featured_media":8236,"comment_status":"open","ping_status":"open","sticky":false,"template":"","format":"standard","meta":{"_uag_custom_page_level_css":"","advanced_seo_description":"","jetpack_seo_html_title":"","jetpack_seo_noindex":false,"jetpack_post_was_ever_published":false,"_jetpack_newsletter_access":"","_jetpack_dont_email_post_to_subs":false,"_jetpack_newsletter_tier_id":0,"_jetpack_memberships_contains_paywalled_content":false,"_jetpack_memberships_contains_paid_content":false,"footnotes":"","jetpack_publicize_message":"","jetpack_publicize_feature_enabled":true,"jetpack_social_post_already_shared":true,"jetpack_social_options":{"image_generator_settings":{"template":"highway","default_image_id":0,"font":"","enabled":false},"version":2}},"categories":[11],"tags":[1428,419,531,1287,1198,1197,70,26,1295,48],"class_list":["post-17648","post","type-post","status-publish","format-standard","has-post-thumbnail","hentry","category-noticias-de-ribeirao-preto-sp-e-regiao-ismael-colosi","tag-aos","tag-bairros","tag-chega","tag-movel","tag-noel","tag-papai","tag-programacao","tag-ribeirao","tag-ultimos","tag-veja"],"jetpack_publicize_connections":[],"jetpack_featured_media_url":"https:\/\/ismaelcolosi.com.br\/wp-content\/uploads\/2023\/11\/whatsapp_image_2022-12-06_at_09_32_39.jpe","uagb_featured_image_src":{"full":["https:\/\/ismaelcolosi.com.br\/wp-content\/uploads\/2023\/11\/whatsapp_image_2022-12-06_at_09_32_39.jpe",1600,1066,false],"thumbnail":["https:\/\/ismaelcolosi.com.br\/wp-content\/uploads\/2023\/11\/whatsapp_image_2022-12-06_at_09_32_39-150x150.jpe",150,150,true],"medium":["https:\/\/ismaelcolosi.com.br\/wp-content\/uploads\/2023\/11\/whatsapp_image_2022-12-06_at_09_32_39-300x200.jpe",300,200,true],"medium_large":["https:\/\/ismaelcolosi.com.br\/wp-content\/uploads\/2023\/11\/whatsapp_image_2022-12-06_at_09_32_39-768x512.jpe",768,512,true],"large":["https:\/\/ismaelcolosi.com.br\/wp-content\/uploads\/2023\/11\/whatsapp_image_2022-12-06_at_09_32_39-1024x682.jpe",1024,682,true],"1536x1536":["https:\/\/ismaelcolosi.com.br\/wp-content\/uploads\/2023\/11\/whatsapp_image_2022-12-06_at_09_32_39-1536x1023.jpe",1536,1023,true],"2048x2048":["https:\/\/ismaelcolosi.com.br\/wp-content\/uploads\/2023\/11\/whatsapp_image_2022-12-06_at_09_32_39.jpe",1600,1066,false],"really-simple-thumb":["https:\/\/ismaelcolosi.com.br\/wp-content\/uploads\/2023\/11\/whatsapp_image_2022-12-06_at_09_32_39-370x247.jpe",370,247,true]},"uagb_author_info":{"display_name":"ismaelcolosi.com.br","author_link":"https:\/\/ismaelcolosi.com.br\/index.php\/author\/vidareal-online\/"},"uagb_comment_info":0,"uagb_excerpt":"O Noel M\u00f3vel, uma das atra\u00e7\u00f5es da programa\u00e7\u00e3o do Natal Luz da Associa\u00e7\u00e3o Comercial e Industrial de Ribeir\u00e3o Preto (Acirp), visita os \u00faltimos bairros durante...","jetpack-related-posts":[{"id":14992,"url":"https:\/\/ismaelcolosi.com.br\/index.php\/2023\/12\/12\/papai-noel-itinerante-visita-bairros-de-ribeirao-preto-veja-a-programacao\/","url_meta":{"origin":17648,"position":0},"title":"Papai Noel itinerante visita bairros de Ribeir\u00e3o Preto; Veja a programa\u00e7\u00e3o","author":"ismaelcolosi.com.br","date":"12 de December de 2023","format":false,"excerpt":"O Noel M\u00f3vel segue visitando os bairros de Ribeir\u00e3o Preto, nesta semana. A a\u00e7\u00e3o faz parte da programa\u00e7\u00e3o do Natal Luz da Associa\u00e7\u00e3o Comercial e Industrial de Ribeir\u00e3o Preto (Acirp). Nesta quarta-feira (13), o Bom Velhinho estar\u00e1 na pra\u00e7a dos Trabalhadores, na zona Oeste da cidade, a partir das 18h.\u2026","rel":"","context":"In &quot;Not\u00edcias de Ribeir\u00e3o Preto-SP e Regi\u00e3o&quot;","block_context":{"text":"Not\u00edcias de Ribeir\u00e3o Preto-SP e Regi\u00e3o","link":"https:\/\/ismaelcolosi.com.br\/index.php\/category\/noticias-de-ribeirao-preto-sp-e-regiao-ismael-colosi\/"},"img":{"alt_text":"","src":"https:\/\/i0.wp.com\/ismaelcolosi.com.br\/wp-content\/uploads\/2023\/12\/santa-claus-1906513_1280.jpg?fit=1200%2C800&ssl=1&resize=350%2C200","width":350,"height":200,"srcset":"https:\/\/i0.wp.com\/ismaelcolosi.com.br\/wp-content\/uploads\/2023\/12\/santa-claus-1906513_1280.jpg?fit=1200%2C800&ssl=1&resize=350%2C200 1x, https:\/\/i0.wp.com\/ismaelcolosi.com.br\/wp-content\/uploads\/2023\/12\/santa-claus-1906513_1280.jpg?fit=1200%2C800&ssl=1&resize=525%2C300 1.5x, https:\/\/i0.wp.com\/ismaelcolosi.com.br\/wp-content\/uploads\/2023\/12\/santa-claus-1906513_1280.jpg?fit=1200%2C800&ssl=1&resize=700%2C400 2x, https:\/\/i0.wp.com\/ismaelcolosi.com.br\/wp-content\/uploads\/2023\/12\/santa-claus-1906513_1280.jpg?fit=1200%2C800&ssl=1&resize=1050%2C600 3x"},"classes":[]},{"id":11192,"url":"https:\/\/ismaelcolosi.com.br\/index.php\/2023\/12\/05\/veja-quais-sao-os-bairros-que-o-noel-movel-visitara-esta-semana-em-ribeirao-preto\/","url_meta":{"origin":17648,"position":1},"title":"Veja quais s\u00e3o os bairros que o Noel M\u00f3vel visitar\u00e1 esta semana em Ribeir\u00e3o Preto","author":"ismaelcolosi.com.br","date":"5 de December de 2023","format":false,"excerpt":"O \u2018Noel M\u00f3vel\u2019, uma das atra\u00e7\u00f5es da programa\u00e7\u00e3o do Natal Luz da Associa\u00e7\u00e3o Comercial e Industrial de Ribeir\u00e3o Preto (Acirp), segue levando alegria para os bairros de Ribeir\u00e3o Preto. Nesta ter\u00e7a- feira (5), de acordo com o cronograma da associa\u00e7\u00e3o, o Bom Velhinho estar\u00e1 no Novo Mercad\u00e3o da Cidade, na\u2026","rel":"","context":"In &quot;Not\u00edcias de Ribeir\u00e3o Preto-SP e Regi\u00e3o&quot;","block_context":{"text":"Not\u00edcias de Ribeir\u00e3o Preto-SP e Regi\u00e3o","link":"https:\/\/ismaelcolosi.com.br\/index.php\/category\/noticias-de-ribeirao-preto-sp-e-regiao-ismael-colosi\/"},"img":{"alt_text":"","src":"https:\/\/i0.wp.com\/ismaelcolosi.com.br\/wp-content\/uploads\/2023\/12\/IGOR6650-1-scaled.jpg?fit=1200%2C800&ssl=1&resize=350%2C200","width":350,"height":200,"srcset":"https:\/\/i0.wp.com\/ismaelcolosi.com.br\/wp-content\/uploads\/2023\/12\/IGOR6650-1-scaled.jpg?fit=1200%2C800&ssl=1&resize=350%2C200 1x, https:\/\/i0.wp.com\/ismaelcolosi.com.br\/wp-content\/uploads\/2023\/12\/IGOR6650-1-scaled.jpg?fit=1200%2C800&ssl=1&resize=525%2C300 1.5x, https:\/\/i0.wp.com\/ismaelcolosi.com.br\/wp-content\/uploads\/2023\/12\/IGOR6650-1-scaled.jpg?fit=1200%2C800&ssl=1&resize=700%2C400 2x, https:\/\/i0.wp.com\/ismaelcolosi.com.br\/wp-content\/uploads\/2023\/12\/IGOR6650-1-scaled.jpg?fit=1200%2C800&ssl=1&resize=1050%2C600 3x"},"classes":[]},{"id":9333,"url":"https:\/\/ismaelcolosi.com.br\/index.php\/2023\/12\/01\/tudo-sobre-a-chegada-do-papai-noel-no-centro-de-ribeirao-preto\/","url_meta":{"origin":17648,"position":2},"title":"Tudo sobre a chegada do Papai Noel no Centro de Ribeir\u00e3o Preto\u00a0","author":"ismaelcolosi.com.br","date":"1 de December de 2023","format":false,"excerpt":"A chegada do Papai Noel em dezembro marca o fim de ano em Ribeir\u00e3o Preto, junto das decora\u00e7\u00f5es de Natal. A programa\u00e7\u00e3o faz parte da 21\u00aa edi\u00e7\u00e3o da campanha Natal Luz da Associa\u00e7\u00e3o Comercial e Industrial da cidade (Acirp).\u00a0 Confira tudo o que voc\u00ea precisa saber sobre a chegada do\u2026","rel":"","context":"In &quot;Not\u00edcias de Ribeir\u00e3o Preto-SP e Regi\u00e3o&quot;","block_context":{"text":"Not\u00edcias de Ribeir\u00e3o Preto-SP e Regi\u00e3o","link":"https:\/\/ismaelcolosi.com.br\/index.php\/category\/noticias-de-ribeirao-preto-sp-e-regiao-ismael-colosi\/"},"img":{"alt_text":"","src":"https:\/\/i0.wp.com\/ismaelcolosi.com.br\/wp-content\/uploads\/2023\/12\/papai-noel-foto-fabrica-de-retratos-acirp-scaled.jpg?fit=1200%2C800&ssl=1&resize=350%2C200","width":350,"height":200,"srcset":"https:\/\/i0.wp.com\/ismaelcolosi.com.br\/wp-content\/uploads\/2023\/12\/papai-noel-foto-fabrica-de-retratos-acirp-scaled.jpg?fit=1200%2C800&ssl=1&resize=350%2C200 1x, https:\/\/i0.wp.com\/ismaelcolosi.com.br\/wp-content\/uploads\/2023\/12\/papai-noel-foto-fabrica-de-retratos-acirp-scaled.jpg?fit=1200%2C800&ssl=1&resize=525%2C300 1.5x, https:\/\/i0.wp.com\/ismaelcolosi.com.br\/wp-content\/uploads\/2023\/12\/papai-noel-foto-fabrica-de-retratos-acirp-scaled.jpg?fit=1200%2C800&ssl=1&resize=700%2C400 2x, https:\/\/i0.wp.com\/ismaelcolosi.com.br\/wp-content\/uploads\/2023\/12\/papai-noel-foto-fabrica-de-retratos-acirp-scaled.jpg?fit=1200%2C800&ssl=1&resize=1050%2C600 3x"},"classes":[]},{"id":13229,"url":"https:\/\/ismaelcolosi.com.br\/index.php\/2023\/12\/09\/saiba-os-bairro-de-ribeirao-preto-que-recebem-o-papai-noel-movel\/","url_meta":{"origin":17648,"position":3},"title":"Saiba os bairros de Ribeir\u00e3o Preto que recebem o Papai Noel M\u00f3vel","author":"ismaelcolosi.com.br","date":"9 de December de 2023","format":false,"excerpt":"As visitas do Papai Noel aos bairros de Ribeir\u00e3o Preto continuam neste final de semana. A\u00a0a\u00e7\u00e3o faz parte do projeto \u2018Noel M\u00f3vel\u2019 da Associa\u00e7\u00e3o Comercial e Industrial de Ribeir\u00e3o Preto (Acirp). \u00a0 Neste s\u00e1bado (9), o Bom Velhinho vai estar na pra\u00e7a San Leandro, no Jardim Paulista, na zona Leste\u2026","rel":"","context":"In &quot;Not\u00edcias de Ribeir\u00e3o Preto-SP e Regi\u00e3o&quot;","block_context":{"text":"Not\u00edcias de Ribeir\u00e3o Preto-SP e Regi\u00e3o","link":"https:\/\/ismaelcolosi.com.br\/index.php\/category\/noticias-de-ribeirao-preto-sp-e-regiao-ismael-colosi\/"},"img":{"alt_text":"","src":"https:\/\/i0.wp.com\/ismaelcolosi.com.br\/wp-content\/uploads\/2023\/12\/5I6A6795-scaled-1.jpg?fit=1200%2C800&ssl=1&resize=350%2C200","width":350,"height":200,"srcset":"https:\/\/i0.wp.com\/ismaelcolosi.com.br\/wp-content\/uploads\/2023\/12\/5I6A6795-scaled-1.jpg?fit=1200%2C800&ssl=1&resize=350%2C200 1x, https:\/\/i0.wp.com\/ismaelcolosi.com.br\/wp-content\/uploads\/2023\/12\/5I6A6795-scaled-1.jpg?fit=1200%2C800&ssl=1&resize=525%2C300 1.5x, https:\/\/i0.wp.com\/ismaelcolosi.com.br\/wp-content\/uploads\/2023\/12\/5I6A6795-scaled-1.jpg?fit=1200%2C800&ssl=1&resize=700%2C400 2x, https:\/\/i0.wp.com\/ismaelcolosi.com.br\/wp-content\/uploads\/2023\/12\/5I6A6795-scaled-1.jpg?fit=1200%2C800&ssl=1&resize=1050%2C600 3x"},"classes":[]},{"id":9683,"url":"https:\/\/ismaelcolosi.com.br\/index.php\/2023\/12\/02\/veja-as-fotos-da-chegada-do-papai-noel-ao-centro-de-ribeirao-1\/","url_meta":{"origin":17648,"position":4},"title":"Veja as fotos da chegada do Papai Noel ao Centro de Ribeir\u00e3o","author":"ismaelcolosi.com.br","date":"2 de December de 2023","format":false,"excerpt":"O Papai Noel chegou ao Centro de Ribeir\u00e3o Preto, na manh\u00e3 deste s\u00e1bado (2), acompanhado de banda musical, elfos e outros seres m\u00e1gicos, que alegraram o dia dos adultos e crian\u00e7as que passaram pelo Cal\u00e7ad\u00e3o. O evento foi o in\u00edcio da 21\u00aa edi\u00e7\u00e3o da campanha Natal Luz da Associa\u00e7\u00e3o Comercial\u2026","rel":"","context":"In &quot;Not\u00edcias de Ribeir\u00e3o Preto-SP e Regi\u00e3o&quot;","block_context":{"text":"Not\u00edcias de Ribeir\u00e3o Preto-SP e Regi\u00e3o","link":"https:\/\/ismaelcolosi.com.br\/index.php\/category\/noticias-de-ribeirao-preto-sp-e-regiao-ismael-colosi\/"},"img":{"alt_text":"","src":"https:\/\/i0.wp.com\/ismaelcolosi.com.br\/wp-content\/uploads\/2023\/12\/IGOR6945-scaled.jpg?fit=1200%2C800&ssl=1&resize=350%2C200","width":350,"height":200,"srcset":"https:\/\/i0.wp.com\/ismaelcolosi.com.br\/wp-content\/uploads\/2023\/12\/IGOR6945-scaled.jpg?fit=1200%2C800&ssl=1&resize=350%2C200 1x, https:\/\/i0.wp.com\/ismaelcolosi.com.br\/wp-content\/uploads\/2023\/12\/IGOR6945-scaled.jpg?fit=1200%2C800&ssl=1&resize=525%2C300 1.5x, https:\/\/i0.wp.com\/ismaelcolosi.com.br\/wp-content\/uploads\/2023\/12\/IGOR6945-scaled.jpg?fit=1200%2C800&ssl=1&resize=700%2C400 2x, https:\/\/i0.wp.com\/ismaelcolosi.com.br\/wp-content\/uploads\/2023\/12\/IGOR6945-scaled.jpg?fit=1200%2C800&ssl=1&resize=1050%2C600 3x"},"classes":[]},{"id":13012,"url":"https:\/\/ismaelcolosi.com.br\/index.php\/2023\/12\/08\/veja-onde-vai-estar-a-casinha-do-papai-noel-neste-final-de-semana-em-ribeirao\/","url_meta":{"origin":17648,"position":5},"title":"Veja onde vai estar a casinha do Papai Noel neste final de semana em Ribeir\u00e3o","author":"ismaelcolosi.com.br","date":"8 de December de 2023","format":false,"excerpt":"O Natal Luz da Associa\u00e7\u00e3o Comercial e Industrial de Ribeir\u00e3o Preto (Acirp) continua levando a casinha do Papai Noel para diversos bairros da cidade. A a\u00e7\u00e3o acontece at\u00e9 o dia 22 de dezembro. A programa\u00e7\u00e3o itinerante de Natal estar\u00e1, nesta sexta-feira (8), na pra\u00e7a Cristo Redentor, a partir das 18h.\u2026","rel":"","context":"In &quot;Not\u00edcias de Ribeir\u00e3o Preto-SP e Regi\u00e3o&quot;","block_context":{"text":"Not\u00edcias de Ribeir\u00e3o Preto-SP e Regi\u00e3o","link":"https:\/\/ismaelcolosi.com.br\/index.php\/category\/noticias-de-ribeirao-preto-sp-e-regiao-ismael-colosi\/"},"img":{"alt_text":"","src":"https:\/\/i0.wp.com\/ismaelcolosi.com.br\/wp-content\/uploads\/2023\/12\/casinha_do_1200x675_03122021180729.jpg?fit=1200%2C675&ssl=1&resize=350%2C200","width":350,"height":200,"srcset":"https:\/\/i0.wp.com\/ismaelcolosi.com.br\/wp-content\/uploads\/2023\/12\/casinha_do_1200x675_03122021180729.jpg?fit=1200%2C675&ssl=1&resize=350%2C200 1x, https:\/\/i0.wp.com\/ismaelcolosi.com.br\/wp-content\/uploads\/2023\/12\/casinha_do_1200x675_03122021180729.jpg?fit=1200%2C675&ssl=1&resize=525%2C300 1.5x, https:\/\/i0.wp.com\/ismaelcolosi.com.br\/wp-content\/uploads\/2023\/12\/casinha_do_1200x675_03122021180729.jpg?fit=1200%2C675&ssl=1&resize=700%2C400 2x, https:\/\/i0.wp.com\/ismaelcolosi.com.br\/wp-content\/uploads\/2023\/12\/casinha_do_1200x675_03122021180729.jpg?fit=1200%2C675&ssl=1&resize=1050%2C600 3x"},"classes":[]}],"jetpack_sharing_enabled":true,"jetpack_shortlink":"https:\/\/wp.me\/pfMlyK-4AE","_links":{"self":[{"href":"https:\/\/ismaelcolosi.com.br\/index.php\/wp-json\/wp\/v2\/posts\/17648","targetHints":{"allow":["GET"]}}],"collection":[{"href":"https:\/\/ismaelcolosi.com.br\/index.php\/wp-json\/wp\/v2\/posts"}],"about":[{"href":"https:\/\/ismaelcolosi.com.br\/index.php\/wp-json\/wp\/v2\/types\/post"}],"author":[{"embeddable":true,"href":"https:\/\/ismaelcolosi.com.br\/index.php\/wp-json\/wp\/v2\/users\/1"}],"replies":[{"embeddable":true,"href":"https:\/\/ismaelcolosi.com.br\/index.php\/wp-json\/wp\/v2\/comments?post=17648"}],"version-history":[{"count":0,"href":"https:\/\/ismaelcolosi.com.br\/index.php\/wp-json\/wp\/v2\/posts\/17648\/revisions"}],"wp:featuredmedia":[{"embeddable":true,"href":"https:\/\/ismaelcolosi.com.br\/index.php\/wp-json\/wp\/v2\/media\/8236"}],"wp:attachment":[{"href":"https:\/\/ismaelcolosi.com.br\/index.php\/wp-json\/wp\/v2\/media?parent=17648"}],"wp:term":[{"taxonomy":"category","embeddable":true,"href":"https:\/\/ismaelcolosi.com.br\/index.php\/wp-json\/wp\/v2\/categories?post=17648"},{"taxonomy":"post_tag","embeddable":true,"href":"https:\/\/ismaelcolosi.com.br\/index.php\/wp-json\/wp\/v2\/tags?post=17648"}],"curies":[{"name":"wp","href":"https:\/\/api.w.org\/{rel}","templated":true}]}}