{"id":17578,"date":"2023-12-18T17:39:51","date_gmt":"2023-12-18T20:39:51","guid":{"rendered":"https:\/\/ismaelcolosi.com.br\/index.php\/2023\/12\/18\/especialista-ensina-3-exercicios-simples-para-afinar-a-cintura\/"},"modified":"2023-12-18T17:39:51","modified_gmt":"2023-12-18T20:39:51","slug":"especialista-ensina-3-exercicios-simples-para-afinar-a-cintura","status":"publish","type":"post","link":"https:\/\/ismaelcolosi.com.br\/index.php\/2023\/12\/18\/especialista-ensina-3-exercicios-simples-para-afinar-a-cintura\/","title":{"rendered":"especialista ensina 3 exerc\u00edcios simples para afinar a cintura"},"content":{"rendered":"<p> [ad_1]<br \/>\n<\/p>\n<div itemprop=\"text\">\n<p>O t\u00e3o falado \u2018Projeto Ver\u00e3o\u2019 para a boa forma falhou? Calma, ainda d\u00e1 tempo para tentar chegar pr\u00f3ximo as medidas desejadas para curtir o ver\u00e3o.<\/p>\n<p>A especialista explica tr\u00eas dicas infal\u00edveis para seguir e conseguir perder aqueles n\u00fameros indesejados que n\u00e3o foram embora antes do ver\u00e3o chegar.<\/p>\n<p>Quem traz as dicas valiosas \u00e9 a fisioterapeuta e instrutora de yoga Andressa Aguzzoli com boas t\u00e9cnicas para perder n\u00fameros significativos na cintura e tudo isso sem precisar de dietas severas.<\/p>\n<p><strong>O primeiro m\u00e9todo<\/strong> ela chama de ativa\u00e7\u00e3o do core. Ele consiste em ativar e trabalhar os m\u00fasculos mais profundos do abdome, da regi\u00e3o lombar e p\u00e9lvica. No exerc\u00edcio, deve- se puxar o ar abrindo as costelas devagar. Para expelir o ar, deve-se encolher o umbigo levemente.<\/p>\n<p><strong>No segundo m\u00e9todo<\/strong>, o de respira\u00e7\u00e3o, ela ressalta que deve ser feita de maneira correta, sem que acabe desligando a estrutura durante o movimento.<\/p>\n<p>Ela recomenda deitar-se no ch\u00e3o, de barriga para cima e colocar as m\u00e3os sobre as costelas e observar o movimento conforme a respira\u00e7\u00e3o, que estar\u00e1 correta se sentida apenas nas costelas.<\/p>\n<p>Por \u00faltimo e n\u00e3o menos importante, postura. \u201c<strong>Coloque as m\u00e3os na sua mesa de trabalho ou da sala, afaste-se um pouco do mobili\u00e1rio e sem dobrar os joelhos empurre o corpo para tr\u00e1s com o objetivo de formar um L<\/strong>\u201c, ensina a especialista.<\/p>\n<p>Conforme explica a especialista, neste exerc\u00edcio voc\u00ea deve sentir todo seu corpo se alongando.<\/p>\n<\/div>\n<p>[ad_2]<br \/>\n<br \/><a href=\"https:\/\/fnmais.com\/projeto-verao-especialista-ensina-3-exercicios-simples-para-afinar-cintura\/\" target=\"_blank\" rel=\"noopener\">Source link <\/a><\/p>\n<div class='code-block code-block-4' style='margin: 8px auto 8px 0; text-align: left; display: block; clear: both;'>\n\ud83d\udce2 Aviso Legal\n\nO site ismaelcolosi.com.br atua apenas como um canal de divulga\u00e7\u00e3o de oportunidades de emprego e n\u00e3o se responsabiliza pelo processo seletivo, contrata\u00e7\u00e3o ou qualquer outra etapa relacionada \u00e0s vagas publicadas. Todas as informa\u00e7\u00f5es s\u00e3o de responsabilidade dos anunciantes.\n\n\u26a0\ufe0f Aten\u00e7\u00e3o! Nunca pague por promessas de emprego nem compre cursos que garantam contrata\u00e7\u00e3o. Desconfie de qualquer cobran\u00e7a para participar de sele\u00e7\u00f5es.\n\n\n\n<\/div>\n<!-- CONTENT END 1 -->\n","protected":false},"excerpt":{"rendered":"<p>[ad_1] O t\u00e3o falado \u2018Projeto Ver\u00e3o\u2019 para a boa forma falhou? Calma, ainda d\u00e1 tempo para tentar chegar pr\u00f3ximo as medidas desejadas para curtir o ver\u00e3o. A especialista explica tr\u00eas dicas infal\u00edveis para seguir e conseguir perder aqueles n\u00fameros indesejados que n\u00e3o foram embora antes do ver\u00e3o chegar. Quem traz as dicas valiosas \u00e9 a&hellip;&nbsp;<\/p>\n","protected":false},"author":1,"featured_media":17579,"comment_status":"open","ping_status":"open","sticky":false,"template":"","format":"standard","meta":{"_uag_custom_page_level_css":"","neve_meta_sidebar":"","neve_meta_container":"","neve_meta_enable_content_width":"","neve_meta_content_width":0,"neve_meta_title_alignment":"","neve_meta_author_avatar":"","neve_post_elements_order":"","neve_meta_disable_header":"","neve_meta_disable_footer":"","neve_meta_disable_title":"","_jetpack_newsletter_access":"","_jetpack_dont_email_post_to_subs":false,"_jetpack_newsletter_tier_id":0,"_jetpack_memberships_contains_paywalled_content":false,"_jetpack_memberships_contains_paid_content":false,"footnotes":""},"categories":[1],"tags":[],"class_list":["post-17578","post","type-post","status-publish","format-standard","has-post-thumbnail","hentry","category-blog"],"uagb_featured_image_src":{"full":["https:\/\/i0.wp.com\/ismaelcolosi.com.br\/wp-content\/uploads\/2023\/12\/postimg-6580a1c283dc47792.jpg?fit=1200%2C628&ssl=1",1200,628,false],"thumbnail":["https:\/\/i0.wp.com\/ismaelcolosi.com.br\/wp-content\/uploads\/2023\/12\/postimg-6580a1c283dc47792.jpg?resize=150%2C150&ssl=1",150,150,true],"medium":["https:\/\/i0.wp.com\/ismaelcolosi.com.br\/wp-content\/uploads\/2023\/12\/postimg-6580a1c283dc47792.jpg?fit=300%2C157&ssl=1",300,157,true],"medium_large":["https:\/\/i0.wp.com\/ismaelcolosi.com.br\/wp-content\/uploads\/2023\/12\/postimg-6580a1c283dc47792.jpg?fit=768%2C402&ssl=1",768,402,true],"large":["https:\/\/i0.wp.com\/ismaelcolosi.com.br\/wp-content\/uploads\/2023\/12\/postimg-6580a1c283dc47792.jpg?fit=1024%2C536&ssl=1",1024,536,true],"1536x1536":["https:\/\/i0.wp.com\/ismaelcolosi.com.br\/wp-content\/uploads\/2023\/12\/postimg-6580a1c283dc47792.jpg?fit=1200%2C628&ssl=1",1200,628,true],"2048x2048":["https:\/\/i0.wp.com\/ismaelcolosi.com.br\/wp-content\/uploads\/2023\/12\/postimg-6580a1c283dc47792.jpg?fit=1200%2C628&ssl=1",1200,628,true],"neve-blog":["https:\/\/i0.wp.com\/ismaelcolosi.com.br\/wp-content\/uploads\/2023\/12\/postimg-6580a1c283dc47792.jpg?resize=930%2C620&ssl=1",930,620,true]},"uagb_author_info":{"display_name":"ismaelcolosi.com.br","author_link":"https:\/\/ismaelcolosi.com.br\/author\/vidareal-online\/"},"uagb_comment_info":0,"uagb_excerpt":"[ad_1] O t\u00e3o falado \u2018Projeto Ver\u00e3o\u2019 para a boa forma falhou? Calma, ainda d\u00e1 tempo para tentar chegar pr\u00f3ximo as medidas desejadas para curtir o ver\u00e3o. A especialista explica tr\u00eas dicas infal\u00edveis para seguir e conseguir perder aqueles n\u00fameros indesejados que n\u00e3o foram embora antes do ver\u00e3o chegar. Quem traz as dicas valiosas \u00e9 a&hellip;&nbsp;","jetpack-related-posts":[{"id":18432,"url":"https:\/\/ismaelcolosi.com.br\/index.php\/2023\/12\/20\/brasileiros-querem-mais-tempo-ao-ar-livre-mas-metas-para-2024-sao-mais-focadas-em-produtividade-diz-pesquisa\/","url_meta":{"origin":17578,"position":0},"title":"Brasileiros querem mais tempo ao ar livre, mas metas para 2024 s\u00e3o mais focadas em produtividade, diz pesquisa","author":"ismaelcolosi.com.br","date":"20 de Dezembro de 2023","format":false,"excerpt":"[ad_1] Acervo CoronaBrasileiros gostariam de viver mais ao ar livre, segundo pesquisa encomendada pela Cerveja Corona Voc\u00ea j\u00e1 tra\u00e7ou suas metas para 2024? 70% dos brasileiros sim, e boa parte tem seus desejos voltados \u00e0 produtividade, segundo pesquisa realizada pela Ipsos encomendada pela Cerveja Corona. O estudo in\u00e9dito sobre os\u2026","rel":"","context":"In &quot;Carreira e Sucesso&quot;","block_context":{"text":"Carreira e Sucesso","link":"https:\/\/ismaelcolosi.com.br\/index.php\/category\/carreira-e-sucesso-dicas-para-carreira\/"},"img":{"alt_text":"","src":"https:\/\/i0.wp.com\/ismaelcolosi.com.br\/wp-content\/uploads\/2023\/12\/bv-corona_dez23-1024x683.jpg?fit=1024%2C683&ssl=1&resize=350%2C200","width":350,"height":200,"srcset":"https:\/\/i0.wp.com\/ismaelcolosi.com.br\/wp-content\/uploads\/2023\/12\/bv-corona_dez23-1024x683.jpg?fit=1024%2C683&ssl=1&resize=350%2C200 1x, https:\/\/i0.wp.com\/ismaelcolosi.com.br\/wp-content\/uploads\/2023\/12\/bv-corona_dez23-1024x683.jpg?fit=1024%2C683&ssl=1&resize=525%2C300 1.5x, https:\/\/i0.wp.com\/ismaelcolosi.com.br\/wp-content\/uploads\/2023\/12\/bv-corona_dez23-1024x683.jpg?fit=1024%2C683&ssl=1&resize=700%2C400 2x"},"classes":[]},{"id":22954,"url":"https:\/\/ismaelcolosi.com.br\/index.php\/2023\/12\/31\/veja-dicas-para-economizar-na-conta-de-energia\/","url_meta":{"origin":17578,"position":1},"title":"Veja dicas para economizar na conta de energia","author":"ismaelcolosi.com.br","date":"31 de Dezembro de 2023","format":false,"excerpt":"[ad_1] Com as altas temperaturas j\u00e1 presentes desde setembro, o Brasil enfrenta desafios energ\u00e9ticos neste ver\u00e3o. Com a expectativa de um crescimento de 3,5% na demanda em 2024, \u00e9 essencial que os consumidores adotem pr\u00e1ticas para economizar e evitar surpresas desagrad\u00e1veis na fatura de energia el\u00e9trica. Cr\u00e9ditos: tommaso79\/iStockVeja dicas para\u2026","rel":"","context":"In &quot;Variedades&quot;","block_context":{"text":"Variedades","link":"https:\/\/ismaelcolosi.com.br\/index.php\/category\/variedades\/"},"img":{"alt_text":"","src":"https:\/\/i0.wp.com\/ismaelcolosi.com.br\/wp-content\/uploads\/2023\/12\/boleto-falso.jpg?fit=1200%2C638&ssl=1&resize=350%2C200","width":350,"height":200,"srcset":"https:\/\/i0.wp.com\/ismaelcolosi.com.br\/wp-content\/uploads\/2023\/12\/boleto-falso.jpg?fit=1200%2C638&ssl=1&resize=350%2C200 1x, https:\/\/i0.wp.com\/ismaelcolosi.com.br\/wp-content\/uploads\/2023\/12\/boleto-falso.jpg?fit=1200%2C638&ssl=1&resize=525%2C300 1.5x, https:\/\/i0.wp.com\/ismaelcolosi.com.br\/wp-content\/uploads\/2023\/12\/boleto-falso.jpg?fit=1200%2C638&ssl=1&resize=700%2C400 2x, https:\/\/i0.wp.com\/ismaelcolosi.com.br\/wp-content\/uploads\/2023\/12\/boleto-falso.jpg?fit=1200%2C638&ssl=1&resize=1050%2C600 3x"},"classes":[]},{"id":22883,"url":"https:\/\/ismaelcolosi.com.br\/index.php\/2023\/12\/31\/5-erros-que-voce-nao-deve-cometer-com-sua-pele-no-verao\/","url_meta":{"origin":17578,"position":2},"title":"5 erros que voc\u00ea n\u00e3o deve cometer com sua pele no ver\u00e3o","author":"ismaelcolosi.com.br","date":"31 de Dezembro de 2023","format":false,"excerpt":"[ad_1] Nossa pele exige cuidados adequados durante todo o ano. As pr\u00e1ticas e rotinas de cuidado com a pele, fundamentalmente conhecido como \u2018skincare\u2019, deve ser adaptado de acordo com cada esta\u00e7\u00e3o do ano. Cr\u00e9ditos: iSTock5 erros que voc\u00ea n\u00e3o deve cometer com sua pele no ver\u00e3o Erros que voc\u00ea n\u00e3o\u2026","rel":"","context":"In &quot;Variedades&quot;","block_context":{"text":"Variedades","link":"https:\/\/ismaelcolosi.com.br\/index.php\/category\/variedades\/"},"img":{"alt_text":"","src":"https:\/\/i0.wp.com\/ismaelcolosi.com.br\/wp-content\/uploads\/2023\/12\/istock-154185600.jpg?fit=1200%2C638&ssl=1&resize=350%2C200","width":350,"height":200,"srcset":"https:\/\/i0.wp.com\/ismaelcolosi.com.br\/wp-content\/uploads\/2023\/12\/istock-154185600.jpg?fit=1200%2C638&ssl=1&resize=350%2C200 1x, https:\/\/i0.wp.com\/ismaelcolosi.com.br\/wp-content\/uploads\/2023\/12\/istock-154185600.jpg?fit=1200%2C638&ssl=1&resize=525%2C300 1.5x, https:\/\/i0.wp.com\/ismaelcolosi.com.br\/wp-content\/uploads\/2023\/12\/istock-154185600.jpg?fit=1200%2C638&ssl=1&resize=700%2C400 2x, https:\/\/i0.wp.com\/ismaelcolosi.com.br\/wp-content\/uploads\/2023\/12\/istock-154185600.jpg?fit=1200%2C638&ssl=1&resize=1050%2C600 3x"},"classes":[]},{"id":19780,"url":"https:\/\/ismaelcolosi.com.br\/index.php\/2023\/12\/23\/quem-vai-sofrer-mais-com-as-altas-temperaturas-do-verao\/","url_meta":{"origin":17578,"position":3},"title":"Quem vai sofrer mais com as altas temperaturas do ver\u00e3o?","author":"ismaelcolosi.com.br","date":"23 de Dezembro de 2023","format":false,"excerpt":"[ad_1] Cr\u00e9ditos: Jorge Araujo\/Fotos PublicasAltas temperaturas: O calor mata 15 milh\u00f5es de pessoas ao ano, afirma OMS \u2013 Jorge Araujo\/ Fotos Publicas Com temperaturas acima dos 35\u00ba graus de Norte a Sul do pa\u00eds, os pr\u00f3ximos meses indicam que o Brasil passar\u00e1 por um dos ver\u00f5es mais quentes das \u00faltimas\u2026","rel":"","context":"In &quot;Variedades&quot;","block_context":{"text":"Variedades","link":"https:\/\/ismaelcolosi.com.br\/index.php\/category\/variedades\/"},"img":{"alt_text":"","src":"https:\/\/i0.wp.com\/ismaelcolosi.com.br\/wp-content\/uploads\/2023\/12\/mjjm.jpg?fit=1200%2C638&ssl=1&resize=350%2C200","width":350,"height":200,"srcset":"https:\/\/i0.wp.com\/ismaelcolosi.com.br\/wp-content\/uploads\/2023\/12\/mjjm.jpg?fit=1200%2C638&ssl=1&resize=350%2C200 1x, https:\/\/i0.wp.com\/ismaelcolosi.com.br\/wp-content\/uploads\/2023\/12\/mjjm.jpg?fit=1200%2C638&ssl=1&resize=525%2C300 1.5x, https:\/\/i0.wp.com\/ismaelcolosi.com.br\/wp-content\/uploads\/2023\/12\/mjjm.jpg?fit=1200%2C638&ssl=1&resize=700%2C400 2x, https:\/\/i0.wp.com\/ismaelcolosi.com.br\/wp-content\/uploads\/2023\/12\/mjjm.jpg?fit=1200%2C638&ssl=1&resize=1050%2C600 3x"},"classes":[]},{"id":21807,"url":"https:\/\/ismaelcolosi.com.br\/index.php\/2023\/12\/28\/segundo-pesquisa-brasileiros-gostariam-de-passar-mais-tempo-ao-ar-livre\/","url_meta":{"origin":17578,"position":4},"title":"Segundo pesquisa, brasileiros gostariam de passar mais tempo ao ar livre","author":"ismaelcolosi.com.br","date":"28 de Dezembro de 2023","format":false,"excerpt":"[ad_1] Quais s\u00e3o seus desejos para 2024? Pelo que parece, para muita gente se envolver sol, praia, viagens em meio a natureza, festivais de m\u00fasica e rol\u00eas perfeitos com a galera j\u00e1 \u00e9 o ideal pra buscar a t\u00e3o sonhada sa\u00fade mental neste ano novo! E, de acordo com uma\u2026","rel":"","context":"In &quot;Variedades&quot;","block_context":{"text":"Variedades","link":"https:\/\/ismaelcolosi.com.br\/index.php\/category\/variedades\/"},"img":{"alt_text":"","src":"https:\/\/i0.wp.com\/ismaelcolosi.com.br\/wp-content\/uploads\/2023\/12\/corona-foto-6-1-scaled.jpg?fit=1200%2C638&ssl=1&resize=350%2C200","width":350,"height":200,"srcset":"https:\/\/i0.wp.com\/ismaelcolosi.com.br\/wp-content\/uploads\/2023\/12\/corona-foto-6-1-scaled.jpg?fit=1200%2C638&ssl=1&resize=350%2C200 1x, https:\/\/i0.wp.com\/ismaelcolosi.com.br\/wp-content\/uploads\/2023\/12\/corona-foto-6-1-scaled.jpg?fit=1200%2C638&ssl=1&resize=525%2C300 1.5x, https:\/\/i0.wp.com\/ismaelcolosi.com.br\/wp-content\/uploads\/2023\/12\/corona-foto-6-1-scaled.jpg?fit=1200%2C638&ssl=1&resize=700%2C400 2x, https:\/\/i0.wp.com\/ismaelcolosi.com.br\/wp-content\/uploads\/2023\/12\/corona-foto-6-1-scaled.jpg?fit=1200%2C638&ssl=1&resize=1050%2C600 3x"},"classes":[]},{"id":22878,"url":"https:\/\/ismaelcolosi.com.br\/index.php\/2023\/12\/31\/quantas-vezes-na-semana-voce-deve-malhar-para-ter-resultados\/","url_meta":{"origin":17578,"position":5},"title":"Quantas vezes na semana voc\u00ea deve malhar para ter resultados?","author":"ismaelcolosi.com.br","date":"31 de Dezembro de 2023","format":false,"excerpt":"[ad_1] O segredo para ganhos musculares, aparentemente, foi descoberto. Um estudo, conduzido por pesquisadores da Universidade Edith Cowan, na Austr\u00e1lia, mapeou a frequ\u00eancia necess\u00e1ria na academia para que os resultados comecem a surgir e tornem-se not\u00e1veis. Cr\u00e9ditos: iSTockQuantas vezes na semana voc\u00ea deve malhar para ter resultados? Quantas vezes na\u2026","rel":"","context":"In &quot;Variedades&quot;","block_context":{"text":"Variedades","link":"https:\/\/ismaelcolosi.com.br\/index.php\/category\/variedades\/"},"img":{"alt_text":"","src":"https:\/\/i0.wp.com\/ismaelcolosi.com.br\/wp-content\/uploads\/2023\/12\/istock-894242814.jpg?fit=1200%2C638&ssl=1&resize=350%2C200","width":350,"height":200,"srcset":"https:\/\/i0.wp.com\/ismaelcolosi.com.br\/wp-content\/uploads\/2023\/12\/istock-894242814.jpg?fit=1200%2C638&ssl=1&resize=350%2C200 1x, https:\/\/i0.wp.com\/ismaelcolosi.com.br\/wp-content\/uploads\/2023\/12\/istock-894242814.jpg?fit=1200%2C638&ssl=1&resize=525%2C300 1.5x, https:\/\/i0.wp.com\/ismaelcolosi.com.br\/wp-content\/uploads\/2023\/12\/istock-894242814.jpg?fit=1200%2C638&ssl=1&resize=700%2C400 2x, https:\/\/i0.wp.com\/ismaelcolosi.com.br\/wp-content\/uploads\/2023\/12\/istock-894242814.jpg?fit=1200%2C638&ssl=1&resize=1050%2C600 3x"},"classes":[]}],"jetpack_sharing_enabled":true,"jetpack_shortlink":"https:\/\/wp.me\/pfMlyK-4zw","jetpack_featured_media_url":"https:\/\/i0.wp.com\/ismaelcolosi.com.br\/wp-content\/uploads\/2023\/12\/postimg-6580a1c283dc47792.jpg?fit=1200%2C628&ssl=1","_links":{"self":[{"href":"https:\/\/ismaelcolosi.com.br\/index.php\/wp-json\/wp\/v2\/posts\/17578","targetHints":{"allow":["GET"]}}],"collection":[{"href":"https:\/\/ismaelcolosi.com.br\/index.php\/wp-json\/wp\/v2\/posts"}],"about":[{"href":"https:\/\/ismaelcolosi.com.br\/index.php\/wp-json\/wp\/v2\/types\/post"}],"author":[{"embeddable":true,"href":"https:\/\/ismaelcolosi.com.br\/index.php\/wp-json\/wp\/v2\/users\/1"}],"replies":[{"embeddable":true,"href":"https:\/\/ismaelcolosi.com.br\/index.php\/wp-json\/wp\/v2\/comments?post=17578"}],"version-history":[{"count":0,"href":"https:\/\/ismaelcolosi.com.br\/index.php\/wp-json\/wp\/v2\/posts\/17578\/revisions"}],"wp:featuredmedia":[{"embeddable":true,"href":"https:\/\/ismaelcolosi.com.br\/index.php\/wp-json\/wp\/v2\/media\/17579"}],"wp:attachment":[{"href":"https:\/\/ismaelcolosi.com.br\/index.php\/wp-json\/wp\/v2\/media?parent=17578"}],"wp:term":[{"taxonomy":"category","embeddable":true,"href":"https:\/\/ismaelcolosi.com.br\/index.php\/wp-json\/wp\/v2\/categories?post=17578"},{"taxonomy":"post_tag","embeddable":true,"href":"https:\/\/ismaelcolosi.com.br\/index.php\/wp-json\/wp\/v2\/tags?post=17578"}],"curies":[{"name":"wp","href":"https:\/\/api.w.org\/{rel}","templated":true}]}}