{"id":17497,"date":"2023-12-18T14:51:05","date_gmt":"2023-12-18T17:51:05","guid":{"rendered":"https:\/\/ismaelcolosi.com.br\/index.php\/2023\/12\/18\/carro-foi-localizado-mas-marcelinho-carioca-continua-desaparecido\/"},"modified":"2023-12-18T14:51:05","modified_gmt":"2023-12-18T17:51:05","slug":"carro-foi-localizado-mas-marcelinho-carioca-continua-desaparecido","status":"publish","type":"post","link":"https:\/\/ismaelcolosi.com.br\/index.php\/2023\/12\/18\/carro-foi-localizado-mas-marcelinho-carioca-continua-desaparecido\/","title":{"rendered":"Carro foi localizado, mas Marcelinho Carioca continua desaparecido"},"content":{"rendered":"<p> <br \/>\n<\/p>\n<div id=\"post-367670\">\n<header class=\"entry-header penci-entry-header penci-title-center\">\n<p> <span class=\"entry-meta-item penci-posted-on\"><i class=\"fa fa-clock-o\"\/><time class=\"entry-date published\" datetime=\"2023-12-18T13:42:55-03:00\">18 de dezembro de 2023 | 13:42<\/time><time class=\"updated\" datetime=\"2023-12-18T14:42:10-03:00\">18 de dezembro de 2023 | 14:42<\/time><\/span><\/p>\n<p> <span class=\"penci-social-buttons penci-social-share-footer\"><a href=\"#\" class=\"penci-post-like penci_post-meta_item  single-like-button penci-social-item like\" data-post_id=\"367670\" title=\"Like\" data-like=\"Like\" data-unlike=\"Unlike\"><i class=\"fa fa-thumbs-o-up\"\/><span class=\"penci-share-number\">0<\/span><\/a><i class=\"fa fa-facebook\"\/><a class=\"penci-social-item twitter\" target=\"_blank\" rel=\"noopener\" title=\"\" href=\"https:\/\/twitter.com\/intent\/tweet?text=Carro%20foi%20localizado,%20mas%20Marcelinho%20Carioca%20continua%20desaparecido%20-%20https:\/\/www.tribunaribeirao.com.br\/site\/carro-foi-localizado-mas-marcelinho-carioca-continua-desaparecido\/\"><i class=\"fa fa-twitter\"\/><\/a><i class=\"fa fa-whatsapp\"\/><\/span><\/header>\n<div class=\"penci-entry-content entry-content\">\n<div id=\"Corpo\">\n<figure id=\"attachment_367680\" aria-describedby=\"caption-attachment-367680\" style=\"width: 300px\" class=\"wp-caption alignleft\"><noscript><img data-recalc-dims=\"1\" loading=\"lazy\" decoding=\"async\" class=\"wp-image-367680 size-medium\" src=\"https:\/\/i0.wp.com\/www.tribunaribeirao.com.br\/site\/wp-content\/uploads\/2023\/12\/0e96f09f-bee9-4001-9765-84a62205cd88-300x225.jpg?resize=300%2C225&#038;ssl=1\" alt=\"\" width=\"300\" height=\"225\" srcset=\"https:\/\/www.tribunaribeirao.com.br\/site\/wp-content\/uploads\/2023\/12\/0e96f09f-bee9-4001-9765-84a62205cd88-300x225.jpg 300w, https:\/\/www.tribunaribeirao.com.br\/site\/wp-content\/uploads\/2023\/12\/0e96f09f-bee9-4001-9765-84a62205cd88-768x576.jpg 768w, https:\/\/www.tribunaribeirao.com.br\/site\/wp-content\/uploads\/2023\/12\/0e96f09f-bee9-4001-9765-84a62205cd88-760x570.jpg 760w, https:\/\/www.tribunaribeirao.com.br\/site\/wp-content\/uploads\/2023\/12\/0e96f09f-bee9-4001-9765-84a62205cd88-960x720.jpg 960w, https:\/\/www.tribunaribeirao.com.br\/site\/wp-content\/uploads\/2023\/12\/0e96f09f-bee9-4001-9765-84a62205cd88-533x400.jpg 533w, https:\/\/www.tribunaribeirao.com.br\/site\/wp-content\/uploads\/2023\/12\/0e96f09f-bee9-4001-9765-84a62205cd88-585x439.jpg 585w, https:\/\/www.tribunaribeirao.com.br\/site\/wp-content\/uploads\/2023\/12\/0e96f09f-bee9-4001-9765-84a62205cd88.jpg 860w\" sizes=\"auto, (max-width: 300px) 100vw, 300px\"\/><\/noscript><figcaption id=\"caption-attachment-367680\" class=\"wp-caption-text\">Duas pessoas foram presas por suspeita de participa\u00e7\u00e3o no desaparecimento do ex-jogador (Reprodu\u00e7\u00e3o\/Redes Sociais)<\/figcaption><\/figure>\n<p>A Pol\u00edcia Civil de S\u00e3o Paulo investiga o desaparecimento do ex-jogador de futebol Marcelinho Carioca. O ve\u00edculo que pertence a ele foi localizado abandonado nesta segunda-feira, 18, na regi\u00e3o de Itaquaquecetuba, na Grande S\u00e3o Paulo. Agentes realizam dilig\u00eancias para apurar o caso.<\/p><div class='code-block code-block-8' style='margin: 8px auto; text-align: center; display: block; clear: both;'>\n<script>\n  atOptions = {\n    'key' : '66e2e2111ca34da796271819fc334058',\n    'format' : 'iframe',\n    'height' : 250,\n    'width' : 300,\n    'params' : {}\n  };\n<\/script>\n<script src=\"https:\/\/www.highperformanceformat.com\/66e2e2111ca34da796271819fc334058\/invoke.js\"><\/script>\n<\/div>\n\n<p>Na manh\u00e3 deste segunda-feira\u00a0(18), duas pessoas foram presas por suspeita de participa\u00e7\u00e3o no desaparecimento do ex-jogador. De acordo com a secretaria, os suspeitos foram presos na cidade de Itaquaquecetuba, na regi\u00e3o metropolitana S\u00e3o Paulo, na mesma regi\u00e3o onde, mais cedo, foi encontrado o carro de Marcelinho Carioca.<\/p>\n<p>De acordo com a Secretaria da Seguran\u00e7a P\u00fablica (SSP), um Boletim de Ocorr\u00eancia estava sendo registrado no final da manh\u00e3 como \u201cdesaparecimento de pessoa\u201d e localiza\u00e7\u00e3o de ve\u00edculo na Delegacia Seccional de Mogi das Cruzes. \u201cO Sistema de Identifica\u00e7\u00e3o Automatizada de Impress\u00f5es Digitais foi acionado para apurar as circunst\u00e2ncias e identificar os envolvidos\u201d, declarou a pasta.<\/p>\n<p>A Pol\u00edcia Civil n\u00e3o havia detalhado, at\u00e9 o in\u00edcio da tarde desta segunda, quais eram as hip\u00f3teses envolvendo o desaparecimento do ex-jogador do Corinthians. A Pol\u00edcia Militar (PM) tamb\u00e9m foi acionada e acompanha a ocorr\u00eancia.<\/p>\n<\/div>\n<\/div>\n<footer class=\"penci-entry-footer\"\/><\/div>\n<p><script async src=\"\/\/platform.twitter.com\/widgets.js\" charset=\"utf-8\"><\/script><br \/>\n<br \/><br \/>\n<br \/><a href=\"https:\/\/www.tribunaribeirao.com.br\/site\/carro-foi-localizado-mas-marcelinho-carioca-continua-desaparecido\/\">Source link <\/a><\/p>\n<div class='code-block code-block-4' style='margin: 8px auto 8px 0; text-align: left; display: block; clear: both;'>\n\ud83d\udce2 Aviso Legal\n\nO site ismaelcolosi.com.br atua apenas como um canal de divulga\u00e7\u00e3o de oportunidades de emprego e n\u00e3o se responsabiliza pelo processo seletivo, contrata\u00e7\u00e3o ou qualquer outra etapa relacionada \u00e0s vagas publicadas. Todas as informa\u00e7\u00f5es s\u00e3o de responsabilidade dos anunciantes.\n\n\u26a0\ufe0f Aten\u00e7\u00e3o! Nunca pague por promessas de emprego nem compre cursos que garantam contrata\u00e7\u00e3o. Desconfie de qualquer cobran\u00e7a para participar de sele\u00e7\u00f5es.\n\n\n\n<\/div>\n<!-- CONTENT END 1 -->\n","protected":false},"excerpt":{"rendered":"<p>18 de dezembro de 2023 | 13:4218 de dezembro de 2023 | 14:42 0 Duas pessoas foram presas por suspeita de participa\u00e7\u00e3o no desaparecimento do&#8230;<\/p>\n","protected":false},"author":1,"featured_media":17498,"comment_status":"open","ping_status":"open","sticky":false,"template":"","format":"standard","meta":{"_uag_custom_page_level_css":"","advanced_seo_description":"","jetpack_seo_html_title":"","jetpack_seo_noindex":false,"jetpack_post_was_ever_published":false,"_jetpack_newsletter_access":"","_jetpack_dont_email_post_to_subs":false,"_jetpack_newsletter_tier_id":0,"_jetpack_memberships_contains_paywalled_content":false,"_jetpack_memberships_contains_paid_content":false,"footnotes":"","jetpack_publicize_message":"","jetpack_publicize_feature_enabled":true,"jetpack_social_post_already_shared":true,"jetpack_social_options":{"image_generator_settings":{"template":"highway","default_image_id":0,"font":"","enabled":false},"version":2}},"categories":[11],"tags":[2345,295,225,1529,654,2343,2344,2090],"class_list":["post-17497","post","type-post","status-publish","format-standard","has-post-thumbnail","hentry","category-noticias-de-ribeirao-preto-sp-e-regiao-ismael-colosi","tag-carioca","tag-carro","tag-continua","tag-desaparecido","tag-foi","tag-localizado","tag-marcelinho","tag-mas"],"jetpack_publicize_connections":[],"jetpack_featured_media_url":"https:\/\/i0.wp.com\/ismaelcolosi.com.br\/wp-content\/uploads\/2023\/12\/076b6056-5f9a-4180-9439-a550f1eb4e83.jpg?fit=768%2C580&ssl=1","uagb_featured_image_src":{"full":["https:\/\/i0.wp.com\/ismaelcolosi.com.br\/wp-content\/uploads\/2023\/12\/076b6056-5f9a-4180-9439-a550f1eb4e83.jpg?fit=768%2C580&ssl=1",768,580,false],"thumbnail":["https:\/\/i0.wp.com\/ismaelcolosi.com.br\/wp-content\/uploads\/2023\/12\/076b6056-5f9a-4180-9439-a550f1eb4e83.jpg?resize=150%2C150&ssl=1",150,150,true],"medium":["https:\/\/i0.wp.com\/ismaelcolosi.com.br\/wp-content\/uploads\/2023\/12\/076b6056-5f9a-4180-9439-a550f1eb4e83.jpg?fit=300%2C227&ssl=1",300,227,true],"medium_large":["https:\/\/i0.wp.com\/ismaelcolosi.com.br\/wp-content\/uploads\/2023\/12\/076b6056-5f9a-4180-9439-a550f1eb4e83.jpg?fit=768%2C580&ssl=1",768,580,true],"large":["https:\/\/i0.wp.com\/ismaelcolosi.com.br\/wp-content\/uploads\/2023\/12\/076b6056-5f9a-4180-9439-a550f1eb4e83.jpg?fit=768%2C580&ssl=1",768,580,true],"1536x1536":["https:\/\/i0.wp.com\/ismaelcolosi.com.br\/wp-content\/uploads\/2023\/12\/076b6056-5f9a-4180-9439-a550f1eb4e83.jpg?fit=768%2C580&ssl=1",768,580,true],"2048x2048":["https:\/\/i0.wp.com\/ismaelcolosi.com.br\/wp-content\/uploads\/2023\/12\/076b6056-5f9a-4180-9439-a550f1eb4e83.jpg?fit=768%2C580&ssl=1",768,580,true],"really-simple-thumb":["https:\/\/i0.wp.com\/ismaelcolosi.com.br\/wp-content\/uploads\/2023\/12\/076b6056-5f9a-4180-9439-a550f1eb4e83.jpg?resize=370%2C247&ssl=1",370,247,true]},"uagb_author_info":{"display_name":"ismaelcolosi.com.br","author_link":"https:\/\/ismaelcolosi.com.br\/index.php\/author\/vidareal-online\/"},"uagb_comment_info":0,"uagb_excerpt":"18 de dezembro de 2023 | 13:4218 de dezembro de 2023 | 14:42 0 Duas pessoas foram presas por suspeita de participa\u00e7\u00e3o no desaparecimento do...","jetpack-related-posts":[{"id":17725,"url":"https:\/\/ismaelcolosi.com.br\/index.php\/2023\/12\/19\/sequestradores-libertam-marcelinho-carioca\/","url_meta":{"origin":17497,"position":0},"title":"Sequestradores libertam Marcelinho Carioca &#8211; Jornal Tribuna Ribeir\u00e3o","author":"ismaelcolosi.com.br","date":"19 de December de 2023","format":false,"excerpt":"18 de dezembro de 2023 | 15:0218 de dezembro de 2023 | 16:22 0Marcelinho Carioca chegou \u00e0 delegacia de Itaquaquecetuba (SP) por volta das 14h30 desta segunda-feira. Ele foi solto pelos criminosos e chegou com o rosto coberto com uma toalha, acompanhado de uma mulher.O ex-jogador de futebol estava desaparecido\u2026","rel":"","context":"In &quot;Not\u00edcias de Ribeir\u00e3o Preto-SP e Regi\u00e3o&quot;","block_context":{"text":"Not\u00edcias de Ribeir\u00e3o Preto-SP e Regi\u00e3o","link":"https:\/\/ismaelcolosi.com.br\/index.php\/category\/noticias-de-ribeirao-preto-sp-e-regiao-ismael-colosi\/"},"img":{"alt_text":"","src":"https:\/\/i0.wp.com\/ismaelcolosi.com.br\/wp-content\/uploads\/2023\/12\/marcelinho-carioca-sequestrado-1-scaled.jpeg?fit=1000%2C500&ssl=1&resize=350%2C200","width":350,"height":200,"srcset":"https:\/\/i0.wp.com\/ismaelcolosi.com.br\/wp-content\/uploads\/2023\/12\/marcelinho-carioca-sequestrado-1-scaled.jpeg?fit=1000%2C500&ssl=1&resize=350%2C200 1x, https:\/\/i0.wp.com\/ismaelcolosi.com.br\/wp-content\/uploads\/2023\/12\/marcelinho-carioca-sequestrado-1-scaled.jpeg?fit=1000%2C500&ssl=1&resize=525%2C300 1.5x, https:\/\/i0.wp.com\/ismaelcolosi.com.br\/wp-content\/uploads\/2023\/12\/marcelinho-carioca-sequestrado-1-scaled.jpeg?fit=1000%2C500&ssl=1&resize=700%2C400 2x"},"classes":[]},{"id":17513,"url":"https:\/\/ismaelcolosi.com.br\/index.php\/2023\/12\/18\/policia-de-sp-acaba-de-confirmar-que-marcelinho-carioca-foi-sequestrado-e-divulga-detalhes\/","url_meta":{"origin":17497,"position":1},"title":"Pol\u00edcia de SP acaba de confirmar que Marcelinho Carioca foi sequestrado e divulga detalhes","author":"ismaelcolosi.com.br","date":"18 de December de 2023","format":false,"excerpt":"O mundo do futebol brasileiro foi abalado por uma not\u00edcia chocante nesta segunda-feira. Marcelinho Carioca, ex-astro do futebol, conhecido por sua habilidade excepcional em campo, foi confirmado como v\u00edtima de sequestro.O ex-jogador desapareceu no domingo, dia 17 de dezembro, ap\u00f3s sair para um evento musical, gerando preocupa\u00e7\u00e3o e mist\u00e9rio sobre\u2026","rel":"","context":"In &quot;Blog&quot;","block_context":{"text":"Blog","link":"https:\/\/ismaelcolosi.com.br\/index.php\/category\/blog\/"},"img":{"alt_text":"","src":"https:\/\/i0.wp.com\/ismaelcolosi.com.br\/wp-content\/uploads\/2023\/12\/postimg-65807e233a0594927.jpg?fit=1200%2C628&ssl=1&resize=350%2C200","width":350,"height":200,"srcset":"https:\/\/i0.wp.com\/ismaelcolosi.com.br\/wp-content\/uploads\/2023\/12\/postimg-65807e233a0594927.jpg?fit=1200%2C628&ssl=1&resize=350%2C200 1x, https:\/\/i0.wp.com\/ismaelcolosi.com.br\/wp-content\/uploads\/2023\/12\/postimg-65807e233a0594927.jpg?fit=1200%2C628&ssl=1&resize=525%2C300 1.5x, https:\/\/i0.wp.com\/ismaelcolosi.com.br\/wp-content\/uploads\/2023\/12\/postimg-65807e233a0594927.jpg?fit=1200%2C628&ssl=1&resize=700%2C400 2x, https:\/\/i0.wp.com\/ismaelcolosi.com.br\/wp-content\/uploads\/2023\/12\/postimg-65807e233a0594927.jpg?fit=1200%2C628&ssl=1&resize=1050%2C600 3x"},"classes":[]},{"id":17477,"url":"https:\/\/ismaelcolosi.com.br\/index.php\/2023\/12\/18\/quem-e-marcelinho-carioca-considerado-um-idolo-no-corinthians-e-que-foi-sequestrado-em-sp\/","url_meta":{"origin":17497,"position":2},"title":"Quem \u00e9 Marcelinho Carioca, considerado um \u00eddolo no Corinthians e que foi sequestrado em SP","author":"ismaelcolosi.com.br","date":"18 de December de 2023","format":false,"excerpt":"Marcelinho Carioca \u00e9 ex-jogador de futebol e considerado um \u00eddolo do Corinthians, famoso time brasileiro que conta com milh\u00f5es de torcedores espalhados pelo pa\u00eds e at\u00e9 mesmo mundialmente.Recentemente, chegou a ser noticiado que ele foi sequestrado ap\u00f3s ter comparecido ao show do cantor Thiaguinho. O evento aconteceu neste \u00faltimo domingo,\u2026","rel":"","context":"In &quot;Blog&quot;","block_context":{"text":"Blog","link":"https:\/\/ismaelcolosi.com.br\/index.php\/category\/blog\/"},"img":{"alt_text":"","src":"https:\/\/i0.wp.com\/ismaelcolosi.com.br\/wp-content\/uploads\/2023\/12\/postimg-6580705f458709486.jpg?fit=1200%2C628&ssl=1&resize=350%2C200","width":350,"height":200,"srcset":"https:\/\/i0.wp.com\/ismaelcolosi.com.br\/wp-content\/uploads\/2023\/12\/postimg-6580705f458709486.jpg?fit=1200%2C628&ssl=1&resize=350%2C200 1x, https:\/\/i0.wp.com\/ismaelcolosi.com.br\/wp-content\/uploads\/2023\/12\/postimg-6580705f458709486.jpg?fit=1200%2C628&ssl=1&resize=525%2C300 1.5x, https:\/\/i0.wp.com\/ismaelcolosi.com.br\/wp-content\/uploads\/2023\/12\/postimg-6580705f458709486.jpg?fit=1200%2C628&ssl=1&resize=700%2C400 2x, https:\/\/i0.wp.com\/ismaelcolosi.com.br\/wp-content\/uploads\/2023\/12\/postimg-6580705f458709486.jpg?fit=1200%2C628&ssl=1&resize=1050%2C600 3x"},"classes":[]},{"id":18438,"url":"https:\/\/ismaelcolosi.com.br\/index.php\/2023\/12\/20\/mulher-sequestrada-com-marcelinho-carioca-quebra-silencio-e-expoe-toda-a-verdade-falavam-que-iam-nos-libertar\/","url_meta":{"origin":17497,"position":3},"title":"Mulher sequestrada com Marcelinho Carioca quebra sil\u00eancio e exp\u00f5e toda a verdade: \u2018falavam que iam nos libertar\u2019","author":"ismaelcolosi.com.br","date":"20 de December de 2023","format":false,"excerpt":"Os dois foram libertados no \u00faltimo dia 18 de dezembro. The post Mulher sequestrada com Marcelinho Carioca quebra sil\u00eancio e exp\u00f5e toda a verdade: \u2018falavam que iam nos libertar\u2019 appeared first on FN+. Source link","rel":"","context":"In &quot;Blog&quot;","block_context":{"text":"Blog","link":"https:\/\/ismaelcolosi.com.br\/index.php\/category\/blog\/"},"img":{"alt_text":"","src":"https:\/\/i0.wp.com\/ismaelcolosi.com.br\/wp-content\/uploads\/2023\/12\/postimg-6582eb2f01e3c9613.jpg?fit=1200%2C628&ssl=1&resize=350%2C200","width":350,"height":200,"srcset":"https:\/\/i0.wp.com\/ismaelcolosi.com.br\/wp-content\/uploads\/2023\/12\/postimg-6582eb2f01e3c9613.jpg?fit=1200%2C628&ssl=1&resize=350%2C200 1x, https:\/\/i0.wp.com\/ismaelcolosi.com.br\/wp-content\/uploads\/2023\/12\/postimg-6582eb2f01e3c9613.jpg?fit=1200%2C628&ssl=1&resize=525%2C300 1.5x, https:\/\/i0.wp.com\/ismaelcolosi.com.br\/wp-content\/uploads\/2023\/12\/postimg-6582eb2f01e3c9613.jpg?fit=1200%2C628&ssl=1&resize=700%2C400 2x, https:\/\/i0.wp.com\/ismaelcolosi.com.br\/wp-content\/uploads\/2023\/12\/postimg-6582eb2f01e3c9613.jpg?fit=1200%2C628&ssl=1&resize=1050%2C600 3x"},"classes":[]},{"id":17529,"url":"https:\/\/ismaelcolosi.com.br\/index.php\/2023\/12\/18\/pegou-e-me-sequestrou-e-esse-foi-o-b-o\/","url_meta":{"origin":17497,"position":4},"title":"&#8221;Pegou e me sequestrou e esse foi o B.O.&#8221;","author":"ismaelcolosi.com.br","date":"18 de December de 2023","format":false,"excerpt":"No ultimo domingo, 17 de dezembro, foi dia de Tardezinha. Muitos artistas chegaram a prestigiar o evento, inclusive o ex jogador de futebol Marcelinho Carioca que terminou o dia sendo sequestrado.O jogador saiu do evento, que aconteceu no est\u00e1dio do Corinthians, acompanhado de uma mulher, que segundo ele, n\u00e3o sabia\u2026","rel":"","context":"In &quot;Blog&quot;","block_context":{"text":"Blog","link":"https:\/\/ismaelcolosi.com.br\/index.php\/category\/blog\/"},"img":{"alt_text":"","src":"https:\/\/i0.wp.com\/ismaelcolosi.com.br\/wp-content\/uploads\/2023\/12\/postimg-6580952a31f4a4653.jpg?fit=1200%2C628&ssl=1&resize=350%2C200","width":350,"height":200,"srcset":"https:\/\/i0.wp.com\/ismaelcolosi.com.br\/wp-content\/uploads\/2023\/12\/postimg-6580952a31f4a4653.jpg?fit=1200%2C628&ssl=1&resize=350%2C200 1x, https:\/\/i0.wp.com\/ismaelcolosi.com.br\/wp-content\/uploads\/2023\/12\/postimg-6580952a31f4a4653.jpg?fit=1200%2C628&ssl=1&resize=525%2C300 1.5x, https:\/\/i0.wp.com\/ismaelcolosi.com.br\/wp-content\/uploads\/2023\/12\/postimg-6580952a31f4a4653.jpg?fit=1200%2C628&ssl=1&resize=700%2C400 2x, https:\/\/i0.wp.com\/ismaelcolosi.com.br\/wp-content\/uploads\/2023\/12\/postimg-6580952a31f4a4653.jpg?fit=1200%2C628&ssl=1&resize=1050%2C600 3x"},"classes":[]},{"id":17668,"url":"https:\/\/ismaelcolosi.com.br\/index.php\/2023\/12\/18\/delegado-da-policia-civil-responde-duvidas-sobre-sequestro-de-marcelinho-carioca-em-entrevista-coletiva-video\/","url_meta":{"origin":17497,"position":5},"title":"Delegado da Pol\u00edcia Civil responde d\u00favidas sobre sequestro de Marcelinho Carioca em entrevista coletiva; video","author":"ismaelcolosi.com.br","date":"18 de December de 2023","format":false,"excerpt":"Ap\u00f3s horas sob poder dos criminosos que lhe sequestraram, Marcelinho Carioca foi libertado nesta segunda-feira (18\/12). O ex-jogador esteve na delegacia, onde prestou depoimento e depois falou com a impresa.Al\u00e9m dele, o Capita\u0303o Nielander da Poli\u0301cia Militar e o Delegado-Geral da Poli\u0301cia Civil, Artur Dian, tamb\u00e9m conversaram com os jornalistas\u2026","rel":"","context":"In &quot;Blog&quot;","block_context":{"text":"Blog","link":"https:\/\/ismaelcolosi.com.br\/index.php\/category\/blog\/"},"img":{"alt_text":"","src":"https:\/\/i0.wp.com\/ismaelcolosi.com.br\/wp-content\/uploads\/2023\/12\/postimg-6580dda9252c18591.jpg?fit=1200%2C628&ssl=1&resize=350%2C200","width":350,"height":200,"srcset":"https:\/\/i0.wp.com\/ismaelcolosi.com.br\/wp-content\/uploads\/2023\/12\/postimg-6580dda9252c18591.jpg?fit=1200%2C628&ssl=1&resize=350%2C200 1x, https:\/\/i0.wp.com\/ismaelcolosi.com.br\/wp-content\/uploads\/2023\/12\/postimg-6580dda9252c18591.jpg?fit=1200%2C628&ssl=1&resize=525%2C300 1.5x, https:\/\/i0.wp.com\/ismaelcolosi.com.br\/wp-content\/uploads\/2023\/12\/postimg-6580dda9252c18591.jpg?fit=1200%2C628&ssl=1&resize=700%2C400 2x, https:\/\/i0.wp.com\/ismaelcolosi.com.br\/wp-content\/uploads\/2023\/12\/postimg-6580dda9252c18591.jpg?fit=1200%2C628&ssl=1&resize=1050%2C600 3x"},"classes":[]}],"jetpack_sharing_enabled":true,"jetpack_shortlink":"https:\/\/wp.me\/pfMlyK-4yd","_links":{"self":[{"href":"https:\/\/ismaelcolosi.com.br\/index.php\/wp-json\/wp\/v2\/posts\/17497","targetHints":{"allow":["GET"]}}],"collection":[{"href":"https:\/\/ismaelcolosi.com.br\/index.php\/wp-json\/wp\/v2\/posts"}],"about":[{"href":"https:\/\/ismaelcolosi.com.br\/index.php\/wp-json\/wp\/v2\/types\/post"}],"author":[{"embeddable":true,"href":"https:\/\/ismaelcolosi.com.br\/index.php\/wp-json\/wp\/v2\/users\/1"}],"replies":[{"embeddable":true,"href":"https:\/\/ismaelcolosi.com.br\/index.php\/wp-json\/wp\/v2\/comments?post=17497"}],"version-history":[{"count":0,"href":"https:\/\/ismaelcolosi.com.br\/index.php\/wp-json\/wp\/v2\/posts\/17497\/revisions"}],"wp:featuredmedia":[{"embeddable":true,"href":"https:\/\/ismaelcolosi.com.br\/index.php\/wp-json\/wp\/v2\/media\/17498"}],"wp:attachment":[{"href":"https:\/\/ismaelcolosi.com.br\/index.php\/wp-json\/wp\/v2\/media?parent=17497"}],"wp:term":[{"taxonomy":"category","embeddable":true,"href":"https:\/\/ismaelcolosi.com.br\/index.php\/wp-json\/wp\/v2\/categories?post=17497"},{"taxonomy":"post_tag","embeddable":true,"href":"https:\/\/ismaelcolosi.com.br\/index.php\/wp-json\/wp\/v2\/tags?post=17497"}],"curies":[{"name":"wp","href":"https:\/\/api.w.org\/{rel}","templated":true}]}}