{"id":17485,"date":"2023-12-18T14:24:34","date_gmt":"2023-12-18T17:24:34","guid":{"rendered":"https:\/\/ismaelcolosi.com.br\/index.php\/2023\/12\/18\/5-cuidados-que-voce-deve-ter-ao-adotar-um-pet\/"},"modified":"2023-12-18T14:24:34","modified_gmt":"2023-12-18T17:24:34","slug":"5-cuidados-que-voce-deve-ter-ao-adotar-um-pet","status":"publish","type":"post","link":"https:\/\/ismaelcolosi.com.br\/index.php\/2023\/12\/18\/5-cuidados-que-voce-deve-ter-ao-adotar-um-pet\/","title":{"rendered":"5 cuidados que voc\u00ea deve ter ao adotar um pet"},"content":{"rendered":"<p> [ad_1]<br \/>\n<\/p>\n<div>\n<p>Voc\u00ea sabia que nessa \u00e9poca, com per\u00edodo de f\u00e9rias e celebra\u00e7\u00f5es de fim de ano, acontece um aumento significativo no abandono de pets no Brasil?<\/p>\n<p>\u00c9 por conta desse preocupante cen\u00e1rio que surgiu o <strong>Dezembro Verde<\/strong>, uma campanha que busca sensibilizar sobre o abandono e maus-tratos contra os animais, destacando a import\u00e2ncia da responsabilidade social no cuidado com esses bichinhos ador\u00e1veis e cheios de amor para dar.<\/p>\n<div id=\"attachment_2328882\" class=\"wp-caption alignnone\">\n<div class=\"d-flex justify-content-center\" data-attachment-id=\"2328882\">\n<div class=\"position-relative d-inline-block\"><img data-recalc-dims=\"1\" data-portal-copyright=\"Banco de imagens | DepositPhotos\" fetchpriority=\"high\" decoding=\"async\" class=\"size-full wp-image-2328882\" src=\"https:\/\/i0.wp.com\/catracalivre.com.br\/wp-content\/uploads\/2023\/12\/depositphotos-65168167-l.jpg?resize=1200%2C801&#038;ssl=1\" alt=\"O Dezembro Verde busca sensibilizar sobre o abandono e maus-tratos contra os animais, destacando a import\u00e2ncia da responsabilidade social no cuidado com esses bichinhos ador\u00e1veis\" width=\"1200\" height=\"801\" srcset=\"https:\/\/catracalivre.com.br\/wp-content\/uploads\/2023\/12\/depositphotos-65168167-l.jpg 2000w, https:\/\/catracalivre.com.br\/wp-content\/uploads\/2023\/12\/depositphotos-65168167-l-450x300.jpg 450w, https:\/\/catracalivre.com.br\/wp-content\/uploads\/2023\/12\/depositphotos-65168167-l-768x513.jpg 768w\" sizes=\"(max-width: 2000px) 100vw, 2000px\"\/><\/p>\n<p>Cr\u00e9ditos: Banco de imagens | DepositPhotos<\/p>\n<\/div>\n<\/div>\n<p><span class=\"post-imagem__legenda\">O Dezembro Verde busca sensibilizar sobre o abandono e maus-tratos contra os animais, destacando a import\u00e2ncia da responsabilidade social no cuidado com esses bichinhos ador\u00e1veis<\/span><\/p>\n<\/div>\n<p>E pra puxar esse bonde da conscientiza\u00e7\u00e3o durante todo o m\u00eas de dezembro o programa <a href=\"https:\/\/www.pedigree.com.br\/\" target=\"_blank\" rel=\"noopener\">Pedigree<\/a> Adotar \u00e9 Tudo de Bom, da empresa <a href=\"https:\/\/bra.mars.com\/\" target=\"_blank\" rel=\"noopener\">Mars<\/a>, tem realizado uma s\u00e9rie de a\u00e7\u00f5es inspiradoras norteadas por tr\u00eas pilares de vulnerabilidade animal:<\/p>\n<ul>\n<li><strong>N\u00e3o cuidados:<\/strong> compromisso em transformar abrigos em solu\u00e7\u00f5es de curto prazo, buscando garantir que os animais tenham lares amorosos e cuidados permanentes. Porque, s\u00e9rio, nossos amiguinhos merecem todo carinho do mundo;<\/li>\n<li><strong>Indesejados:<\/strong> redu\u00e7\u00e3o do n\u00famero de nascimentos em condi\u00e7\u00f5es desfavor\u00e1veis, incentivando a castra\u00e7\u00e3o e a cria\u00e7\u00e3o respons\u00e1vel;<\/li>\n<li><strong>N\u00e3o bem-vindos:<\/strong> incentivar a cria\u00e7\u00e3o de pol\u00edticas p\u00fablicas que garantam o bem-estar vital\u00edcio dos nossos animais de estima\u00e7\u00e3o, bem como aumentar a quantidade de estabelecimentos Pet Friendly. Afinal, todo pet \u00e9 parte da fam\u00edlia;<\/li>\n<\/ul>\n<p>Com base nesses pilares, o programa <a href=\"https:\/\/www.pedigree.com.br\/adocao\" target=\"_blank\" rel=\"noopener\">Pedigree Adotar \u00e9 Tudo de Bom<\/a>, por exemplo, promove h\u00e1 mais de 15 anos a\u00e7\u00f5es contra os maus-tratos aos animais, al\u00e9m de incentivar a ado\u00e7\u00e3o respons\u00e1vel.<\/p>\n<p>Desde o in\u00edcio do programa j\u00e1 foram mais de 82 mil c\u00e3es adotados e mais de 1500 ONGs e protetores que receberam aux\u00edlio para continuar fazendo seu trabalho com excel\u00eancia.<\/p>\n<p>O programa est\u00e1 mostrando que ado\u00e7\u00e3o respons\u00e1vel \u00e9 tudo de bom de verdade! Al\u00e9m de ser um exemplo vivo de como a conscientiza\u00e7\u00e3o e a mobiliza\u00e7\u00e3o da popula\u00e7\u00e3o podem fazer a diferen\u00e7a na vida desses animais.<\/p>\n<p>E n\u00e3o para por a\u00ed: outro programa, o <a href=\"https:\/\/bra.mars.com\/melhores-cidades-para-os-pets?language_content_entity=pt-br\" target=\"_blank\" rel=\"noopener\">Better Cities for Pets<\/a>, tamb\u00e9m t\u00eam contribu\u00eddo e muito para o bem estar dos animais.<\/p>\n<p>Pensado para promover a conviv\u00eancia pr\u00f3xima entre pessoas e pets, o programa se destacou em 2023 com treinamentos online gratuitos para v\u00e1rios setores da economia (gastronomia, hotelaria, shoppings, construtoras e escrit\u00f3rios) e uma parceria inovadora com a cidade de Fortaleza, lan\u00e7ando o selo e guia Fortaleza Pet Friendly.<\/p>\n<div id=\"attachment_2328884\" class=\"wp-caption alignnone\">\n<div class=\"d-flex justify-content-center\" data-attachment-id=\"2328884\">\n<div class=\"position-relative d-inline-block\"><img data-recalc-dims=\"1\" loading=\"lazy\" data-portal-copyright=\"Banco de imagens | DepositPhotos\" decoding=\"async\" class=\"size-full wp-image-2328884\" src=\"https:\/\/i0.wp.com\/catracalivre.com.br\/wp-content\/uploads\/2023\/12\/depositphotos-382645006-l.jpg?resize=1200%2C1800&#038;ssl=1\" alt=\"Ficou todo inspirado a adotar um pet abandonado?! Ent\u00e3o se liga nestes 5 cuidados essenciais que voc\u00ea precisa ter para que seu animal sinta- se verdadeiramente em casa:\" width=\"1200\" height=\"1800\" srcset=\"https:\/\/catracalivre.com.br\/wp-content\/uploads\/2023\/12\/depositphotos-382645006-l.jpg 1333w, https:\/\/catracalivre.com.br\/wp-content\/uploads\/2023\/12\/depositphotos-382645006-l-400x600.jpg 400w, https:\/\/catracalivre.com.br\/wp-content\/uploads\/2023\/12\/depositphotos-382645006-l-800x1200.jpg 800w, https:\/\/catracalivre.com.br\/wp-content\/uploads\/2023\/12\/depositphotos-382645006-l-768x1152.jpg 768w\" sizes=\"auto, (max-width: 1333px) 100vw, 1333px\"\/><\/p>\n<p>Cr\u00e9ditos: Banco de imagens | DepositPhotos<\/p>\n<\/div>\n<\/div>\n<p><span class=\"post-imagem__legenda\">Ficou todo inspirado a adotar um pet abandonado?! Ent\u00e3o se liga nestes 5 cuidados essenciais que voc\u00ea precisa ter para que seu animal sinta- se verdadeiramente em casa:<\/span><\/p>\n<\/div>\n<p>Outro destaque foi a a\u00e7\u00e3o da Pedigree em parceria com a Companhia Paulista de Trens Metropolitanos (CPTM) e a ONG AMPARA Animal, que preocupados com a superpopula\u00e7\u00e3o de animais por conta do abandono, realizaram mutir\u00f5es de castra\u00e7\u00e3o gratuitos na CPTM com mais de 600 cirurgias. \u00c9 muita a\u00e7\u00e3o pr\u00e1tica, n\u00e9?<\/p>\n<p>E se voc\u00ea, assim como a gente, ficou todo inspirado a adotar um pet abandonado, n\u00f3s fizemos uma lista com 5 cuidados essenciais que voc\u00ea precisa ter para que seu animal sinta- se verdadeiramente em casa ao chegar na sua nova fam\u00edlia. D\u00e1 s\u00f3 uma olhada:<\/p>\n<h3>1. Prepare o lar<\/h3>\n<p>O primeiro dia do seu novo companheiro em casa \u00e9 repleto de descobertas, tanto para ele quanto para voc\u00ea. Para garantir que tudo seja suave e acolhedor, preparamos algumas dicas leves para tornar esse momento especial.<\/p>\n<p>Crie um cantinho aconchegante com cama, potes para \u00e1gua e comida. Explore brinquedos para divers\u00e3o e, se for um filhote, tamb\u00e9m pensar no al\u00edvio dos dentes que est\u00e3o em crescimento.<\/p>\n<div id=\"attachment_2328889\" class=\"wp-caption alignnone\">\n<div class=\"d-flex justify-content-center\" data-attachment-id=\"2328889\">\n<div class=\"position-relative d-inline-block\"><img data-recalc-dims=\"1\" loading=\"lazy\" data-portal-copyright=\"Banco de imagens | DepositPhotos\" decoding=\"async\" class=\"size-full wp-image-2328889\" src=\"https:\/\/i0.wp.com\/catracalivre.com.br\/wp-content\/uploads\/2023\/12\/depositphotos-218950834-l.jpg?resize=1200%2C800&#038;ssl=1\" alt=\"Crie um cantinho aconchegante com cama, potes para \u00e1gua e comida\" width=\"1200\" height=\"800\" srcset=\"https:\/\/catracalivre.com.br\/wp-content\/uploads\/2023\/12\/depositphotos-218950834-l.jpg 2000w, https:\/\/catracalivre.com.br\/wp-content\/uploads\/2023\/12\/depositphotos-218950834-l-450x300.jpg 450w, https:\/\/catracalivre.com.br\/wp-content\/uploads\/2023\/12\/depositphotos-218950834-l-768x512.jpg 768w\" sizes=\"auto, (max-width: 2000px) 100vw, 2000px\"\/><\/p>\n<p>Cr\u00e9ditos: Banco de imagens | DepositPhotos<\/p>\n<\/div>\n<\/div>\n<p><span class=\"post-imagem__legenda\">Crie um cantinho aconchegante com cama, potes para \u00e1gua e comida<\/span><\/p>\n<\/div>\n<p>N\u00e3o esque\u00e7a da seguran\u00e7a do seu pet com plaquinha de identifica\u00e7\u00e3o com nome e telefone do tutor, coleira, guia, port\u00f5es e redes, especialmente se houver escadas ou \u00e1reas de risco. Al\u00e9m de verificar se as plantas em casa s\u00e3o seguras para animais.<\/p>\n<p>Com essas precau\u00e7\u00f5es, voc\u00eas est\u00e3o prontos para o come\u00e7o de uma jornada incr\u00edvel juntos!<\/p>\n<hr\/>\n<h3>2. V\u00e1 \u00e0 cl\u00ednica\u00a0veterin\u00e1ria<\/h3>\n<p>Assim que voc\u00ea adotar seu animal de estima\u00e7\u00e3o, encontre um bom veterin\u00e1rio e marque uma consulta para checar se est\u00e1 tudo bem com a sa\u00fade do seu pet, al\u00e9m de colocar as vacinas em dia. Essas visitas precisam ser regulares.<\/p>\n<p>Aten\u00e7\u00e3o redobrada com filhotes, por conta do seu sistema imunol\u00f3gico em desenvolvimento, e com animais abandonados. J\u00e1 que eles podem ter se machucado ou quem sabe contra\u00eddo alguma infec\u00e7\u00e3o ou doen\u00e7a enquanto viviam na rua.<\/p>\n<hr\/>\n<h3>3. Construa uma rela\u00e7\u00e3o amig\u00e1vel e confi\u00e1vel<\/h3>\n<p>A gente entende que, no in\u00edcio, esse relacionamento pode exigir um pouco mais de todos, e \u00e9 necess\u00e1rio ter muita paci\u00eancia nos primeiros meses. Por isso, comece com atividades simples e crie uma rotina para seu pet, com hor\u00e1rios certos para a alimenta\u00e7\u00e3o.<\/p>\n<div id=\"attachment_2328890\" class=\"wp-caption alignnone\">\n<div class=\"d-flex justify-content-center\" data-attachment-id=\"2328890\">\n<div class=\"position-relative d-inline-block\"><img data-recalc-dims=\"1\" data-portal-copyright=\"Banco de imagens | DepositPhotos\" loading=\"lazy\" decoding=\"async\" class=\"size-full wp-image-2328890\" src=\"https:\/\/i0.wp.com\/catracalivre.com.br\/wp-content\/uploads\/2023\/12\/depositphotos-314562264-l.jpg?resize=1200%2C800&#038;ssl=1\" alt=\"Carinho e aten\u00e7\u00e3o nunca \u00e9 demais para construir essa rela\u00e7\u00e3o, mas lembre-se de tamb\u00e9m garantir ao animal tempo e espa\u00e7o para explorar seu novo lar sozinho\" width=\"1200\" height=\"800\" srcset=\"https:\/\/catracalivre.com.br\/wp-content\/uploads\/2023\/12\/depositphotos-314562264-l.jpg 1999w, https:\/\/catracalivre.com.br\/wp-content\/uploads\/2023\/12\/depositphotos-314562264-l-450x300.jpg 450w, https:\/\/catracalivre.com.br\/wp-content\/uploads\/2023\/12\/depositphotos-314562264-l-768x512.jpg 768w\" sizes=\"auto, (max-width: 1999px) 100vw, 1999px\"\/><\/p>\n<p>Cr\u00e9ditos: Banco de imagens | DepositPhotos<\/p>\n<\/div>\n<\/div>\n<p><span class=\"post-imagem__legenda\">Carinho e aten\u00e7\u00e3o nunca \u00e9 demais para construir essa rela\u00e7\u00e3o, mas lembre-se de tamb\u00e9m garantir ao animal tempo e espa\u00e7o para explorar seu novo lar sozinho<\/span><\/p>\n<\/div>\n<p>Carinho e aten\u00e7\u00e3o nunca \u00e9 demais para construir essa rela\u00e7\u00e3o, mas lembre-se de tamb\u00e9m garantir ao animal tempo e espa\u00e7o para explorar seu novo lar sozinho.<\/p>\n<hr\/>\n<h3>4. Treine seu c\u00e3ozinho<\/h3>\n<p>Nos primeiros meses em casa, seja paciente com seu novo amigo, pois ele est\u00e1 se adaptando. Choros, latidos e incidentes relacionados ao \u201cbanheiro\u201d s\u00e3o comuns nesse per\u00edodo, mas o treinamento do pet pode ser uma solu\u00e7\u00e3o eficaz.<\/p>\n<p>Ensine-o a latir sob comando, usando sons espec\u00edficos, e o elogie quando obedecer. Para as idas ao banheiro, observe os sinais de agita\u00e7\u00e3o, levando-o rapidamente para o local adequado. Reforce com comandos claros e elogios.<\/p>\n<hr\/>\n<h3>5. Cuide da alimenta\u00e7\u00e3o<\/h3>\n<p>Uma dieta balanceada \u00e9 fundamental para garantir que seu novo amigo tenha uma vida saud\u00e1vel e cheia de energia. Tenha muito cuidado e aten\u00e7\u00e3o com a quantidade de alimento que um animal precisa, j\u00e1 que isso muda de acordo com a idade, tamanho e quantidade de exerc\u00edcios que ele executa.<\/p>\n<div id=\"attachment_2328897\" class=\"wp-caption alignnone\">\n<div class=\"d-flex justify-content-center\" data-attachment-id=\"2328897\">\n<div class=\"position-relative d-inline-block\"><img data-recalc-dims=\"1\" data-portal-copyright=\"Banco de imagens | DepositPhotos\" loading=\"lazy\" decoding=\"async\" class=\"size-full wp-image-2328897\" src=\"https:\/\/i0.wp.com\/catracalivre.com.br\/wp-content\/uploads\/2023\/12\/depositphotos-406326152-l.jpg?resize=1200%2C800&#038;ssl=1\" alt=\"Uma dieta balanceada \u00e9 fundamental para garantir que seu novo amigo tenha uma vida saud\u00e1vel e cheia de energia\" width=\"1200\" height=\"800\" srcset=\"https:\/\/catracalivre.com.br\/wp-content\/uploads\/2023\/12\/depositphotos-406326152-l.jpg 2000w, https:\/\/catracalivre.com.br\/wp-content\/uploads\/2023\/12\/depositphotos-406326152-l-450x300.jpg 450w, https:\/\/catracalivre.com.br\/wp-content\/uploads\/2023\/12\/depositphotos-406326152-l-768x512.jpg 768w\" sizes=\"auto, (max-width: 2000px) 100vw, 2000px\"\/><\/p>\n<p>Cr\u00e9ditos: Banco de imagens | DepositPhotos<\/p>\n<\/div>\n<\/div>\n<p><span class=\"post-imagem__legenda\">Uma dieta balanceada \u00e9 fundamental para garantir que seu novo amigo tenha uma vida saud\u00e1vel e cheia de energia<\/span><\/p>\n<\/div>\n<p>Pensando nisso, a Pedigree desenvolveu uma grande variedade de alimentos \u00famidos e secos para cachorros pequenos, m\u00e9dios e grandes, em cada fase da vida. \u00c9 uma grande variedade de alimentos completos e balanceados que garantem a nutri\u00e7\u00e3o e a sa\u00fade que o seu melhor amigo merece!<\/p>\n<hr\/>\n<h3>Bem-estar animal<\/h3>\n<p>Pronto! Agora voc\u00ea tem bons motivos para adotar um animal e tamb\u00e9m j\u00e1 sabe os cuidados essenciais para fazer essa rela\u00e7\u00e3o ser linda e especial para voc\u00ea e seu pet!<\/p>\n<p>E para acompanhar todas as novidades sobre o <a href=\"https:\/\/bra.mars.com\/\" target=\"_blank\" rel=\"noopener\">trabalho desenvolvido pela Mars Petcare \u00e9 s\u00f3 clicar aqui<\/a>.<\/p>\n<\/div>\n<p><script>\n\t\t! function(f, b, e, v, n, t, s) {\n\t\t\tif (f.fbq) return;\n\t\t\tn = f.fbq = function() {\n\t\t\t\tn.callMethod ?\n\t\t\t\t\tn.callMethod.apply(n, arguments) : n.queue.push(arguments)\n\t\t\t};\n\t\t\tif (!f._fbq) f._fbq = n;\n\t\t\tn.push = n;\n\t\t\tn.loaded = !0;\n\t\t\tn.version = '2.0';\n\t\t\tn.queue = [];\n\t\t\tt = b.createElement(e);\n\t\t\tt.async = !0;\n\t\t\tt.src = v;\n\t\t\ts = b.getElementsByTagName(e)[0];\n\t\t\ts.parentNode.insertBefore(t, s)\n\t\t}(window, document, 'script',\n\t\t\t'https:\/\/connect.facebook.net\/en_US\/fbevents.js');\n\t\tfbq('init', '338315473262380');\n\t\tfbq('track', 'PageView');\n\t<\/script><br \/>\n<br \/>[ad_2]<br \/>\n<br \/><a href=\"https:\/\/catracalivre.com.br\/cidadania\/dezembro-verde-5-cuidados-que-voce-deve-ter-ao-adotar-um-pet\/\" target=\"_blank\" rel=\"noopener\">Source link <\/a><\/p>\n<div class='code-block code-block-4' style='margin: 8px auto 8px 0; text-align: left; display: block; clear: both;'>\n\ud83d\udce2 Aviso Legal\n\nO site ismaelcolosi.com.br atua apenas como um canal de divulga\u00e7\u00e3o de oportunidades de emprego e n\u00e3o se responsabiliza pelo processo seletivo, contrata\u00e7\u00e3o ou qualquer outra etapa relacionada \u00e0s vagas publicadas. Todas as informa\u00e7\u00f5es s\u00e3o de responsabilidade dos anunciantes.\n\n\u26a0\ufe0f Aten\u00e7\u00e3o! Nunca pague por promessas de emprego nem compre cursos que garantam contrata\u00e7\u00e3o. Desconfie de qualquer cobran\u00e7a para participar de sele\u00e7\u00f5es.\n\n\n\n<\/div>\n<!-- CONTENT END 1 -->\n","protected":false},"excerpt":{"rendered":"<p>[ad_1] Voc\u00ea sabia que nessa \u00e9poca, com per\u00edodo de f\u00e9rias e celebra\u00e7\u00f5es de fim de ano, acontece um aumento significativo no abandono de pets no Brasil? \u00c9 por conta desse preocupante cen\u00e1rio que surgiu o Dezembro Verde, uma campanha que busca sensibilizar sobre o abandono e maus-tratos contra os animais, destacando a import\u00e2ncia da responsabilidade&hellip;&nbsp;<\/p>\n","protected":false},"author":1,"featured_media":17486,"comment_status":"open","ping_status":"open","sticky":false,"template":"","format":"standard","meta":{"_uag_custom_page_level_css":"","neve_meta_sidebar":"","neve_meta_container":"","neve_meta_enable_content_width":"","neve_meta_content_width":0,"neve_meta_title_alignment":"","neve_meta_author_avatar":"","neve_post_elements_order":"","neve_meta_disable_header":"","neve_meta_disable_footer":"","neve_meta_disable_title":"","_jetpack_newsletter_access":"","_jetpack_dont_email_post_to_subs":false,"_jetpack_newsletter_tier_id":0,"_jetpack_memberships_contains_paywalled_content":false,"_jetpack_memberships_contains_paid_content":false,"footnotes":""},"categories":[19],"tags":[],"class_list":["post-17485","post","type-post","status-publish","format-standard","has-post-thumbnail","hentry","category-variedades"],"uagb_featured_image_src":{"full":["https:\/\/i0.wp.com\/ismaelcolosi.com.br\/wp-content\/uploads\/2023\/12\/depositphotos-65168167-l.jpg?fit=1200%2C638&ssl=1",1200,638,false],"thumbnail":["https:\/\/i0.wp.com\/ismaelcolosi.com.br\/wp-content\/uploads\/2023\/12\/depositphotos-65168167-l.jpg?resize=150%2C150&ssl=1",150,150,true],"medium":["https:\/\/i0.wp.com\/ismaelcolosi.com.br\/wp-content\/uploads\/2023\/12\/depositphotos-65168167-l.jpg?fit=300%2C160&ssl=1",300,160,true],"medium_large":["https:\/\/i0.wp.com\/ismaelcolosi.com.br\/wp-content\/uploads\/2023\/12\/depositphotos-65168167-l.jpg?fit=768%2C408&ssl=1",768,408,true],"large":["https:\/\/i0.wp.com\/ismaelcolosi.com.br\/wp-content\/uploads\/2023\/12\/depositphotos-65168167-l.jpg?fit=1024%2C544&ssl=1",1024,544,true],"1536x1536":["https:\/\/i0.wp.com\/ismaelcolosi.com.br\/wp-content\/uploads\/2023\/12\/depositphotos-65168167-l.jpg?fit=1200%2C638&ssl=1",1200,638,true],"2048x2048":["https:\/\/i0.wp.com\/ismaelcolosi.com.br\/wp-content\/uploads\/2023\/12\/depositphotos-65168167-l.jpg?fit=1200%2C638&ssl=1",1200,638,true],"neve-blog":["https:\/\/i0.wp.com\/ismaelcolosi.com.br\/wp-content\/uploads\/2023\/12\/depositphotos-65168167-l.jpg?resize=930%2C620&ssl=1",930,620,true]},"uagb_author_info":{"display_name":"ismaelcolosi.com.br","author_link":"https:\/\/ismaelcolosi.com.br\/author\/vidareal-online\/"},"uagb_comment_info":0,"uagb_excerpt":"[ad_1] Voc\u00ea sabia que nessa \u00e9poca, com per\u00edodo de f\u00e9rias e celebra\u00e7\u00f5es de fim de ano, acontece um aumento significativo no abandono de pets no Brasil? \u00c9 por conta desse preocupante cen\u00e1rio que surgiu o Dezembro Verde, uma campanha que busca sensibilizar sobre o abandono e maus-tratos contra os animais, destacando a import\u00e2ncia da responsabilidade&hellip;&nbsp;","jetpack-related-posts":[{"id":39286,"url":"https:\/\/ismaelcolosi.com.br\/index.php\/2024\/02\/24\/camera-flagra-abandono-de-filhotes-em-ribeirao-preto-video\/","url_meta":{"origin":17485,"position":0},"title":"C\u00e2mera flagra abandono de filhotes em Ribeir\u00e3o Preto; V\u00eddeo","author":"ismaelcolosi.com.br","date":"24 de Fevereiro de 2024","format":false,"excerpt":"[ad_1] Uma c\u00e2mera de seguran\u00e7a flagrou o abandono de sete filhotes de cachorro na tarde da \u00faltima sexta-feira (23) em Ribeir\u00e3o Preto, no bairro Ad\u00e3o do Carmo, zona Oeste da cidade. De acordo com as filmagens, um homem chega em um carro, abre o porta-malas do ve\u00edculo e deixa um\u2026","rel":"","context":"In &quot;Not\u00edcias de Ribeir\u00e3o Preto-SP e Regi\u00e3o&quot;","block_context":{"text":"Not\u00edcias de Ribeir\u00e3o Preto-SP e Regi\u00e3o","link":"https:\/\/ismaelcolosi.com.br\/index.php\/category\/noticias-de-ribeirao-preto-sp-e-regiao-ismael-colosi\/"},"img":{"alt_text":"","src":"https:\/\/i0.wp.com\/ismaelcolosi.com.br\/wp-content\/uploads\/2024\/02\/Design-sem-nome-5.jpg?fit=960%2C693&ssl=1&resize=350%2C200","width":350,"height":200,"srcset":"https:\/\/i0.wp.com\/ismaelcolosi.com.br\/wp-content\/uploads\/2024\/02\/Design-sem-nome-5.jpg?fit=960%2C693&ssl=1&resize=350%2C200 1x, https:\/\/i0.wp.com\/ismaelcolosi.com.br\/wp-content\/uploads\/2024\/02\/Design-sem-nome-5.jpg?fit=960%2C693&ssl=1&resize=525%2C300 1.5x, https:\/\/i0.wp.com\/ismaelcolosi.com.br\/wp-content\/uploads\/2024\/02\/Design-sem-nome-5.jpg?fit=960%2C693&ssl=1&resize=700%2C400 2x"},"classes":[]},{"id":33529,"url":"https:\/\/ismaelcolosi.com.br\/index.php\/2024\/01\/29\/cachorro-e-resgatado-apos-ser-amarrado-e-abandonado-em-rodovia-na-regiao-de-ribeirao-veja-o-video\/","url_meta":{"origin":17485,"position":1},"title":"Cachorro \u00e9 resgatado ap\u00f3s ser amarrado e abandonado em rodovia na regi\u00e3o de Ribeir\u00e3o; Veja o v\u00eddeo","author":"ismaelcolosi.com.br","date":"29 de Janeiro de 2024","format":false,"excerpt":"[ad_1] Um cachorro foi resgatado na rodovia Anhanguera (SP-330), pr\u00f3ximo ao quil\u00f4metro 244, na regi\u00e3o de Ribeir\u00e3o Preto, na manh\u00e3 desta segunda-feira (29), ap\u00f3s ser amarrado e abandonado na defensa met\u00e1lica do local. Um condutor foi quem teria visto o animal amarrado e acionado a Arteris ViaPaulista para efetuar o\u2026","rel":"","context":"In &quot;Not\u00edcias de Ribeir\u00e3o Preto-SP e Regi\u00e3o&quot;","block_context":{"text":"Not\u00edcias de Ribeir\u00e3o Preto-SP e Regi\u00e3o","link":"https:\/\/ismaelcolosi.com.br\/index.php\/category\/noticias-de-ribeirao-preto-sp-e-regiao-ismael-colosi\/"},"img":{"alt_text":"","src":"https:\/\/i0.wp.com\/ismaelcolosi.com.br\/wp-content\/uploads\/2024\/01\/Copia-de-Copia-de-TAMANHO-EXATO-PARA-FOTOS-NO-SISTEMA-NOVO-23.png?fit=1200%2C675&ssl=1&resize=350%2C200","width":350,"height":200,"srcset":"https:\/\/i0.wp.com\/ismaelcolosi.com.br\/wp-content\/uploads\/2024\/01\/Copia-de-Copia-de-TAMANHO-EXATO-PARA-FOTOS-NO-SISTEMA-NOVO-23.png?fit=1200%2C675&ssl=1&resize=350%2C200 1x, https:\/\/i0.wp.com\/ismaelcolosi.com.br\/wp-content\/uploads\/2024\/01\/Copia-de-Copia-de-TAMANHO-EXATO-PARA-FOTOS-NO-SISTEMA-NOVO-23.png?fit=1200%2C675&ssl=1&resize=525%2C300 1.5x, https:\/\/i0.wp.com\/ismaelcolosi.com.br\/wp-content\/uploads\/2024\/01\/Copia-de-Copia-de-TAMANHO-EXATO-PARA-FOTOS-NO-SISTEMA-NOVO-23.png?fit=1200%2C675&ssl=1&resize=700%2C400 2x, https:\/\/i0.wp.com\/ismaelcolosi.com.br\/wp-content\/uploads\/2024\/01\/Copia-de-Copia-de-TAMANHO-EXATO-PARA-FOTOS-NO-SISTEMA-NOVO-23.png?fit=1200%2C675&ssl=1&resize=1050%2C600 3x"},"classes":[]},{"id":60149,"url":"https:\/\/ismaelcolosi.com.br\/index.php\/2024\/08\/14\/abandono-de-incapaz-crianca-e-esquecida-em-creche-de-ribeirao-preto\/","url_meta":{"origin":17485,"position":2},"title":"Abandono de incapaz: Crian\u00e7a \u00e9 esquecida em creche de Ribeir\u00e3o Preto","author":"ismaelcolosi.com.br","date":"14 de Agosto de 2024","format":false,"excerpt":"[ad_1] Uma crian\u00e7a de tr\u00eas anos foi esquecida na noite desta ter\u00e7a-feira (13), em uma creche no Jardim Jandaia, na zona Norte de Ribeir\u00e3o Preto. O caso foi registrado como abandono de incapaz. De acordo com o BO (boletim de ocorr\u00eancia), a diretora da creche informou que a m\u00e3e da\u2026","rel":"","context":"In &quot;Not\u00edcias de Ribeir\u00e3o Preto-SP e Regi\u00e3o&quot;","block_context":{"text":"Not\u00edcias de Ribeir\u00e3o Preto-SP e Regi\u00e3o","link":"https:\/\/ismaelcolosi.com.br\/index.php\/category\/noticias-de-ribeirao-preto-sp-e-regiao-ismael-colosi\/"},"img":{"alt_text":"","src":"https:\/\/i0.wp.com\/ismaelcolosi.com.br\/wp-content\/uploads\/2024\/08\/cpj_1024x576_21012021092745.jpg?fit=1024%2C575&ssl=1&resize=350%2C200","width":350,"height":200,"srcset":"https:\/\/i0.wp.com\/ismaelcolosi.com.br\/wp-content\/uploads\/2024\/08\/cpj_1024x576_21012021092745.jpg?fit=1024%2C575&ssl=1&resize=350%2C200 1x, https:\/\/i0.wp.com\/ismaelcolosi.com.br\/wp-content\/uploads\/2024\/08\/cpj_1024x576_21012021092745.jpg?fit=1024%2C575&ssl=1&resize=525%2C300 1.5x, https:\/\/i0.wp.com\/ismaelcolosi.com.br\/wp-content\/uploads\/2024\/08\/cpj_1024x576_21012021092745.jpg?fit=1024%2C575&ssl=1&resize=700%2C400 2x"},"classes":[]},{"id":17874,"url":"https:\/\/ismaelcolosi.com.br\/index.php\/2023\/12\/19\/abandono-de-emprego-o-que-diz-a-legislacao\/","url_meta":{"origin":17485,"position":3},"title":"Abandono de emprego: o que diz a legisla\u00e7\u00e3o","author":"ismaelcolosi.com.br","date":"19 de Dezembro de 2023","format":false,"excerpt":"[ad_1] Pode parecer uma situa\u00e7\u00e3o absurda, mas por diferentes motivos, alguns profissionais recorrem ao abandono de emprego. Se voc\u00ea busca mais informa\u00e7\u00f5es sobre o tema abandono de emprego, confira no texto o que diz a lei brasileira sobre abandonar o trabalho e tamb\u00e9m dicas para n\u00e3o deixar que isso aconte\u00e7a.\u00a0\u2026","rel":"","context":"In &quot;Carreira e Sucesso&quot;","block_context":{"text":"Carreira e Sucesso","link":"https:\/\/ismaelcolosi.com.br\/index.php\/category\/carreira-e-sucesso-dicas-para-carreira\/"},"img":{"alt_text":"","src":"https:\/\/i0.wp.com\/ismaelcolosi.com.br\/wp-content\/uploads\/2023\/12\/abandono-de-emprego.jpg?fit=1200%2C675&ssl=1&resize=350%2C200","width":350,"height":200,"srcset":"https:\/\/i0.wp.com\/ismaelcolosi.com.br\/wp-content\/uploads\/2023\/12\/abandono-de-emprego.jpg?fit=1200%2C675&ssl=1&resize=350%2C200 1x, https:\/\/i0.wp.com\/ismaelcolosi.com.br\/wp-content\/uploads\/2023\/12\/abandono-de-emprego.jpg?fit=1200%2C675&ssl=1&resize=525%2C300 1.5x, https:\/\/i0.wp.com\/ismaelcolosi.com.br\/wp-content\/uploads\/2023\/12\/abandono-de-emprego.jpg?fit=1200%2C675&ssl=1&resize=700%2C400 2x, https:\/\/i0.wp.com\/ismaelcolosi.com.br\/wp-content\/uploads\/2023\/12\/abandono-de-emprego.jpg?fit=1200%2C675&ssl=1&resize=1050%2C600 3x"},"classes":[]},{"id":9136,"url":"https:\/\/ismaelcolosi.com.br\/index.php\/2023\/12\/01\/mulher-de-70-anos-da-a-luz-gemeos-e-alega-que-foi-abandonada-pelo-seu-companheiro-nunca-mais-apareceu\/","url_meta":{"origin":17485,"position":4},"title":"Mulher de 70 anos d\u00e1 \u00e0 luz g\u00eameos e alega que foi abandonada pelo seu companheiro: &#8216;Nunca mais apareceu&#8217;","author":"ismaelcolosi.com.br","date":"1 de Dezembro de 2023","format":false,"excerpt":"[ad_1] Segundo informa\u00e7\u00f5es fornecidas por uma unidade de sa\u00fade, uma mulher de 70 anos deu \u00e0 luz a g\u00eameos ap\u00f3s ter realizado um tratamento de fertiliza\u00e7\u00e3o. O caso aconteceu nesta \u00faltima quarta-feira, dia 29 de novembro.Safina Namukwaya deu \u00e0 luz a um menino e uma menina atrav\u00e9s de um procedimento\u2026","rel":"","context":"In &quot;Blog&quot;","block_context":{"text":"Blog","link":"https:\/\/ismaelcolosi.com.br\/index.php\/category\/blog\/"},"img":{"alt_text":"","src":"https:\/\/i0.wp.com\/ismaelcolosi.com.br\/wp-content\/uploads\/2023\/12\/postimg-656a1d8c32c0d6142.jpg?fit=1200%2C628&ssl=1&resize=350%2C200","width":350,"height":200,"srcset":"https:\/\/i0.wp.com\/ismaelcolosi.com.br\/wp-content\/uploads\/2023\/12\/postimg-656a1d8c32c0d6142.jpg?fit=1200%2C628&ssl=1&resize=350%2C200 1x, https:\/\/i0.wp.com\/ismaelcolosi.com.br\/wp-content\/uploads\/2023\/12\/postimg-656a1d8c32c0d6142.jpg?fit=1200%2C628&ssl=1&resize=525%2C300 1.5x, https:\/\/i0.wp.com\/ismaelcolosi.com.br\/wp-content\/uploads\/2023\/12\/postimg-656a1d8c32c0d6142.jpg?fit=1200%2C628&ssl=1&resize=700%2C400 2x, https:\/\/i0.wp.com\/ismaelcolosi.com.br\/wp-content\/uploads\/2023\/12\/postimg-656a1d8c32c0d6142.jpg?fit=1200%2C628&ssl=1&resize=1050%2C600 3x"},"classes":[]},{"id":42653,"url":"https:\/\/ismaelcolosi.com.br\/index.php\/2024\/03\/15\/divisao-tem-20-pets-filhotes-para-adocao\/","url_meta":{"origin":17485,"position":5},"title":"Divis\u00e3o tem 20 pets filhotes para ado\u00e7\u00e3o\u00a0","author":"ismaelcolosi.com.br","date":"15 de Mar\u00e7o de 2024","format":false,"excerpt":"[ad_1] 15 de mar\u00e7o de 2024 | 18:0015 de mar\u00e7o de 2024 | 12:45 0A Divis\u00e3o de Bem-Estar Animal, ligada a Secretaria Municipal de Meio Ambiente, realizar\u00e1 neste s\u00e1bado, 16 de mar\u00e7o, das nove \u00e0s 14 horas, mais um evento para ado\u00e7\u00e3o de animais. Al\u00e9m de c\u00e3es e gatos de\u2026","rel":"","context":"In &quot;Not\u00edcias de Ribeir\u00e3o Preto-SP e Regi\u00e3o&quot;","block_context":{"text":"Not\u00edcias de Ribeir\u00e3o Preto-SP e Regi\u00e3o","link":"https:\/\/ismaelcolosi.com.br\/index.php\/category\/noticias-de-ribeirao-preto-sp-e-regiao-ismael-colosi\/"},"img":{"alt_text":"","src":"https:\/\/i0.wp.com\/ismaelcolosi.com.br\/wp-content\/uploads\/2024\/03\/Adocao-Divulgacao-scaled.jpeg?fit=824%2C645&ssl=1&resize=350%2C200","width":350,"height":200,"srcset":"https:\/\/i0.wp.com\/ismaelcolosi.com.br\/wp-content\/uploads\/2024\/03\/Adocao-Divulgacao-scaled.jpeg?fit=824%2C645&ssl=1&resize=350%2C200 1x, https:\/\/i0.wp.com\/ismaelcolosi.com.br\/wp-content\/uploads\/2024\/03\/Adocao-Divulgacao-scaled.jpeg?fit=824%2C645&ssl=1&resize=525%2C300 1.5x, https:\/\/i0.wp.com\/ismaelcolosi.com.br\/wp-content\/uploads\/2024\/03\/Adocao-Divulgacao-scaled.jpeg?fit=824%2C645&ssl=1&resize=700%2C400 2x"},"classes":[]}],"jetpack_sharing_enabled":true,"jetpack_shortlink":"https:\/\/wp.me\/pfMlyK-4y1","jetpack_featured_media_url":"https:\/\/i0.wp.com\/ismaelcolosi.com.br\/wp-content\/uploads\/2023\/12\/depositphotos-65168167-l.jpg?fit=1200%2C638&ssl=1","_links":{"self":[{"href":"https:\/\/ismaelcolosi.com.br\/index.php\/wp-json\/wp\/v2\/posts\/17485","targetHints":{"allow":["GET"]}}],"collection":[{"href":"https:\/\/ismaelcolosi.com.br\/index.php\/wp-json\/wp\/v2\/posts"}],"about":[{"href":"https:\/\/ismaelcolosi.com.br\/index.php\/wp-json\/wp\/v2\/types\/post"}],"author":[{"embeddable":true,"href":"https:\/\/ismaelcolosi.com.br\/index.php\/wp-json\/wp\/v2\/users\/1"}],"replies":[{"embeddable":true,"href":"https:\/\/ismaelcolosi.com.br\/index.php\/wp-json\/wp\/v2\/comments?post=17485"}],"version-history":[{"count":0,"href":"https:\/\/ismaelcolosi.com.br\/index.php\/wp-json\/wp\/v2\/posts\/17485\/revisions"}],"wp:featuredmedia":[{"embeddable":true,"href":"https:\/\/ismaelcolosi.com.br\/index.php\/wp-json\/wp\/v2\/media\/17486"}],"wp:attachment":[{"href":"https:\/\/ismaelcolosi.com.br\/index.php\/wp-json\/wp\/v2\/media?parent=17485"}],"wp:term":[{"taxonomy":"category","embeddable":true,"href":"https:\/\/ismaelcolosi.com.br\/index.php\/wp-json\/wp\/v2\/categories?post=17485"},{"taxonomy":"post_tag","embeddable":true,"href":"https:\/\/ismaelcolosi.com.br\/index.php\/wp-json\/wp\/v2\/tags?post=17485"}],"curies":[{"name":"wp","href":"https:\/\/api.w.org\/{rel}","templated":true}]}}