{"id":17377,"date":"2023-12-18T09:58:26","date_gmt":"2023-12-18T12:58:26","guid":{"rendered":"https:\/\/ismaelcolosi.com.br\/index.php\/2023\/12\/18\/saerp-faz-reparo-emergencial-em-adutora-na-lagoinha\/"},"modified":"2023-12-18T09:58:26","modified_gmt":"2023-12-18T12:58:26","slug":"saerp-faz-reparo-emergencial-em-adutora-na-lagoinha","status":"publish","type":"post","link":"https:\/\/ismaelcolosi.com.br\/index.php\/2023\/12\/18\/saerp-faz-reparo-emergencial-em-adutora-na-lagoinha\/","title":{"rendered":"Saerp faz reparo emergencial em adutora na Lagoinha"},"content":{"rendered":"<p> <br \/>\n<\/p>\n<div id=\"post-367658\">\n<header class=\"entry-header penci-entry-header penci-title-center\">\n<p> <span class=\"entry-meta-item penci-posted-on\"><i class=\"fa fa-clock-o\"\/><time class=\"entry-date published updated\" datetime=\"2023-12-18T09:55:57-03:00\">18 de dezembro de 2023 | 9:55<\/time><\/span><\/p>\n<p> <span class=\"penci-social-buttons penci-social-share-footer\"><a href=\"#\" class=\"penci-post-like penci_post-meta_item  single-like-button penci-social-item like\" data-post_id=\"367658\" title=\"Like\" data-like=\"Like\" data-unlike=\"Unlike\"><i class=\"fa fa-thumbs-o-up\"\/><span class=\"penci-share-number\">0<\/span><\/a><i class=\"fa fa-facebook\"\/><a class=\"penci-social-item twitter\" target=\"_blank\" rel=\"noopener\" title=\"\" href=\"https:\/\/twitter.com\/intent\/tweet?text=Saerp%20faz%20reparo%20emergencial%20em%20adutora%20na%20Lagoinha%20-%20https:\/\/www.tribunaribeirao.com.br\/site\/saerp-faz-reparo-emergencial-em-adutora-na-lagoinha\/\"><i class=\"fa fa-twitter\"\/><\/a><i class=\"fa fa-whatsapp\"\/><\/span><\/header>\n<div class=\"penci-entry-content entry-content\">\n<p>A Saerp informa que est\u00e1 realizando hoje, 18, um reparo emergencial em uma adutora rompida na Lagoinha, a qual est\u00e1 ocasionando intermit\u00eancias nos bairros\u00a0 Lagoinha, Jardim Castelo Branco, Parque dos Bandeirantes, Ribeirania e regi\u00f5es pr\u00f3ximas.<\/p><div class='code-block code-block-8' style='margin: 8px auto; text-align: center; display: block; clear: both;'>\n<script>\n  atOptions = {\n    'key' : '66e2e2111ca34da796271819fc334058',\n    'format' : 'iframe',\n    'height' : 250,\n    'width' : 300,\n    'params' : {}\n  };\n<\/script>\n<script src=\"https:\/\/www.highperformanceformat.com\/66e2e2111ca34da796271819fc334058\/invoke.js\"><\/script>\n<\/div>\n\n<p>Previs\u00e3o de conclus\u00e3o \u00e9 hoje, \u00e0s 15h. Ap\u00f3s a finaliza\u00e7\u00e3o o sistema ser\u00e1 normalizado e o abastecimento voltar\u00e1 de forma gradativa.<\/p>\n<\/div>\n<footer class=\"penci-entry-footer\"\/><\/div>\n<p><script async src=\"\/\/platform.twitter.com\/widgets.js\" charset=\"utf-8\"><\/script><br \/>\n<br \/><br \/>\n<br \/><a href=\"https:\/\/www.tribunaribeirao.com.br\/site\/saerp-faz-reparo-emergencial-em-adutora-na-lagoinha\/\">Source link <\/a><\/p>\n<div class='code-block code-block-4' style='margin: 8px auto 8px 0; text-align: left; display: block; clear: both;'>\n\ud83d\udce2 Aviso Legal\n\nO site ismaelcolosi.com.br atua apenas como um canal de divulga\u00e7\u00e3o de oportunidades de emprego e n\u00e3o se responsabiliza pelo processo seletivo, contrata\u00e7\u00e3o ou qualquer outra etapa relacionada \u00e0s vagas publicadas. Todas as informa\u00e7\u00f5es s\u00e3o de responsabilidade dos anunciantes.\n\n\u26a0\ufe0f Aten\u00e7\u00e3o! Nunca pague por promessas de emprego nem compre cursos que garantam contrata\u00e7\u00e3o. Desconfie de qualquer cobran\u00e7a para participar de sele\u00e7\u00f5es.\n\n\n\n<\/div>\n<!-- CONTENT END 1 -->\n","protected":false},"excerpt":{"rendered":"<p>18 de dezembro de 2023 | 9:55 0 A Saerp informa que est\u00e1 realizando hoje, 18, um reparo emergencial em uma adutora rompida na Lagoinha,&#8230;<\/p>\n","protected":false},"author":1,"featured_media":17378,"comment_status":"open","ping_status":"open","sticky":false,"template":"","format":"standard","meta":{"_uag_custom_page_level_css":"","advanced_seo_description":"","jetpack_seo_html_title":"","jetpack_seo_noindex":false,"jetpack_post_was_ever_published":false,"_jetpack_newsletter_access":"","_jetpack_dont_email_post_to_subs":false,"_jetpack_newsletter_tier_id":0,"_jetpack_memberships_contains_paywalled_content":false,"_jetpack_memberships_contains_paid_content":false,"footnotes":"","jetpack_publicize_message":"","jetpack_publicize_feature_enabled":true,"jetpack_social_post_already_shared":true,"jetpack_social_options":{"image_generator_settings":{"template":"highway","default_image_id":0,"font":"","enabled":false},"version":2}},"categories":[11],"tags":[2333,417,365,2334,416,28],"class_list":["post-17377","post","type-post","status-publish","format-standard","has-post-thumbnail","hentry","category-noticias-de-ribeirao-preto-sp-e-regiao-ismael-colosi","tag-adutora","tag-emergencial","tag-faz","tag-lagoinha","tag-reparo","tag-saerp"],"jetpack_publicize_connections":[],"jetpack_featured_media_url":"https:\/\/i0.wp.com\/ismaelcolosi.com.br\/wp-content\/uploads\/2023\/12\/bd7b69b88f3a64dd7e92f4a493e8d2a1.jpg?fit=519%2C336&ssl=1","uagb_featured_image_src":{"full":["https:\/\/i0.wp.com\/ismaelcolosi.com.br\/wp-content\/uploads\/2023\/12\/bd7b69b88f3a64dd7e92f4a493e8d2a1.jpg?fit=519%2C336&ssl=1",519,336,false],"thumbnail":["https:\/\/i0.wp.com\/ismaelcolosi.com.br\/wp-content\/uploads\/2023\/12\/bd7b69b88f3a64dd7e92f4a493e8d2a1.jpg?resize=150%2C150&ssl=1",150,150,true],"medium":["https:\/\/i0.wp.com\/ismaelcolosi.com.br\/wp-content\/uploads\/2023\/12\/bd7b69b88f3a64dd7e92f4a493e8d2a1.jpg?fit=300%2C194&ssl=1",300,194,true],"medium_large":["https:\/\/i0.wp.com\/ismaelcolosi.com.br\/wp-content\/uploads\/2023\/12\/bd7b69b88f3a64dd7e92f4a493e8d2a1.jpg?fit=519%2C336&ssl=1",519,336,true],"large":["https:\/\/i0.wp.com\/ismaelcolosi.com.br\/wp-content\/uploads\/2023\/12\/bd7b69b88f3a64dd7e92f4a493e8d2a1.jpg?fit=519%2C336&ssl=1",519,336,true],"1536x1536":["https:\/\/i0.wp.com\/ismaelcolosi.com.br\/wp-content\/uploads\/2023\/12\/bd7b69b88f3a64dd7e92f4a493e8d2a1.jpg?fit=519%2C336&ssl=1",519,336,true],"2048x2048":["https:\/\/i0.wp.com\/ismaelcolosi.com.br\/wp-content\/uploads\/2023\/12\/bd7b69b88f3a64dd7e92f4a493e8d2a1.jpg?fit=519%2C336&ssl=1",519,336,true],"really-simple-thumb":["https:\/\/i0.wp.com\/ismaelcolosi.com.br\/wp-content\/uploads\/2023\/12\/bd7b69b88f3a64dd7e92f4a493e8d2a1.jpg?resize=370%2C247&ssl=1",370,247,true]},"uagb_author_info":{"display_name":"ismaelcolosi.com.br","author_link":"https:\/\/ismaelcolosi.com.br\/index.php\/author\/vidareal-online\/"},"uagb_comment_info":0,"uagb_excerpt":"18 de dezembro de 2023 | 9:55 0 A Saerp informa que est\u00e1 realizando hoje, 18, um reparo emergencial em uma adutora rompida na Lagoinha,...","jetpack-related-posts":[{"id":17413,"url":"https:\/\/ismaelcolosi.com.br\/index.php\/2023\/12\/18\/reparo-em-adutora-pode-deixar-quatro-bairros-da-zona-leste-de-ribeirao-sem-agua\/","url_meta":{"origin":17377,"position":0},"title":"Reparo em adutora pode deixar quatro bairros da zona Leste de Ribeir\u00e3o sem \u00e1gua","author":"ismaelcolosi.com.br","date":"18 de December de 2023","format":false,"excerpt":"A Saerp (Secretaria de \u00c1gua e Esgoto de Ribeir\u00e3o Preto) informou que est\u00e1 realizando o reparo emergencial de uma adutora no bairro Lagoinha, na zona Leste de Ribeir\u00e3o Preto. Por conta disso, quatro bairros podem ficar sem \u00e1gua nesta segunda-feira (18). De acordo com a pasta, o reparo est\u00e1 causando\u2026","rel":"","context":"In &quot;Not\u00edcias de Ribeir\u00e3o Preto-SP e Regi\u00e3o&quot;","block_context":{"text":"Not\u00edcias de Ribeir\u00e3o Preto-SP e Regi\u00e3o","link":"https:\/\/ismaelcolosi.com.br\/index.php\/category\/noticias-de-ribeirao-preto-sp-e-regiao-ismael-colosi\/"},"img":{"alt_text":"","src":"https:\/\/i0.wp.com\/ismaelcolosi.com.br\/wp-content\/uploads\/2023\/12\/Vejaosbairrosquepodemterfaltadguapor3diasnazonaLestedeRibeiroPreto_Tamanho_2_image-1-1.png?fit=1200%2C900&ssl=1&resize=350%2C200","width":350,"height":200,"srcset":"https:\/\/i0.wp.com\/ismaelcolosi.com.br\/wp-content\/uploads\/2023\/12\/Vejaosbairrosquepodemterfaltadguapor3diasnazonaLestedeRibeiroPreto_Tamanho_2_image-1-1.png?fit=1200%2C900&ssl=1&resize=350%2C200 1x, https:\/\/i0.wp.com\/ismaelcolosi.com.br\/wp-content\/uploads\/2023\/12\/Vejaosbairrosquepodemterfaltadguapor3diasnazonaLestedeRibeiroPreto_Tamanho_2_image-1-1.png?fit=1200%2C900&ssl=1&resize=525%2C300 1.5x, https:\/\/i0.wp.com\/ismaelcolosi.com.br\/wp-content\/uploads\/2023\/12\/Vejaosbairrosquepodemterfaltadguapor3diasnazonaLestedeRibeiroPreto_Tamanho_2_image-1-1.png?fit=1200%2C900&ssl=1&resize=700%2C400 2x, https:\/\/i0.wp.com\/ismaelcolosi.com.br\/wp-content\/uploads\/2023\/12\/Vejaosbairrosquepodemterfaltadguapor3diasnazonaLestedeRibeiroPreto_Tamanho_2_image-1-1.png?fit=1200%2C900&ssl=1&resize=1050%2C600 3x"},"classes":[]},{"id":46527,"url":"https:\/\/ismaelcolosi.com.br\/index.php\/2024\/04\/12\/servicos-se-estendem-e-pode-faltar-agua-em-bairros-de-ribeirao-preto-veja-locais-afetados\/","url_meta":{"origin":17377,"position":1},"title":"Servi\u00e7os se estendem e pode faltar \u00e1gua em bairros de Ribeir\u00e3o Preto; Veja locais afetados","author":"ismaelcolosi.com.br","date":"12 de April de 2024","format":false,"excerpt":"A Secretaria de \u00c1gua e Esgoto de Ribeir\u00e3o (Saerp) informou que os servi\u00e7os de manuten\u00e7\u00e3o no po\u00e7o Flamboyans, iniciado nesta quinta-feira (11), foram estendidos devido a complexidades do trabalho. O \u00f3rg\u00e3o informou que equipes est\u00e3o trabalhando em manobras e monitoramento do sistema, contudo, podem ocorrer intermit\u00eancias nos bairros: Ainda de\u2026","rel":"","context":"In &quot;Not\u00edcias de Ribeir\u00e3o Preto-SP e Regi\u00e3o&quot;","block_context":{"text":"Not\u00edcias de Ribeir\u00e3o Preto-SP e Regi\u00e3o","link":"https:\/\/ismaelcolosi.com.br\/index.php\/category\/noticias-de-ribeirao-preto-sp-e-regiao-ismael-colosi\/"},"img":{"alt_text":"","src":"https:\/\/i0.wp.com\/ismaelcolosi.com.br\/wp-content\/uploads\/2024\/04\/falta-de-agua-3.jpg?fit=1200%2C673&ssl=1&resize=350%2C200","width":350,"height":200,"srcset":"https:\/\/i0.wp.com\/ismaelcolosi.com.br\/wp-content\/uploads\/2024\/04\/falta-de-agua-3.jpg?fit=1200%2C673&ssl=1&resize=350%2C200 1x, https:\/\/i0.wp.com\/ismaelcolosi.com.br\/wp-content\/uploads\/2024\/04\/falta-de-agua-3.jpg?fit=1200%2C673&ssl=1&resize=525%2C300 1.5x, https:\/\/i0.wp.com\/ismaelcolosi.com.br\/wp-content\/uploads\/2024\/04\/falta-de-agua-3.jpg?fit=1200%2C673&ssl=1&resize=700%2C400 2x, https:\/\/i0.wp.com\/ismaelcolosi.com.br\/wp-content\/uploads\/2024\/04\/falta-de-agua-3.jpg?fit=1200%2C673&ssl=1&resize=1050%2C600 3x"},"classes":[]},{"id":72386,"url":"https:\/\/ismaelcolosi.com.br\/index.php\/2024\/10\/21\/saerp-alerta-para-falta-dagua-em-locais-da-zona-sul-de-ribeirao-veja-onde\/","url_meta":{"origin":17377,"position":2},"title":"Saerp alerta para falta d&#8217;\u00e1gua em locais da zona Sul de Ribeir\u00e3o; Veja onde","author":"ismaelcolosi.com.br","date":"21 de October de 2024","format":false,"excerpt":"A Saerp (Secretaria de \u00c1gua e Esgoto de Ribeir\u00e3o Preto) informou que dois bairros da zona Sul de Ribeir\u00e3o Preto podem sofrer com falta d\u2019\u00e1gua nesta segunda-feira (21). De acordo com nota emitida pelo \u00f3rg\u00e3o, equipes est\u00e3o realizando dois servi\u00e7os emerg\u00eanciais. Confira: \u2022 Interliga\u00e7\u00e3o em adutora na avenida Professor Jo\u00e3o\u2026","rel":"","context":"In &quot;Not\u00edcias de Ribeir\u00e3o Preto-SP e Regi\u00e3o&quot;","block_context":{"text":"Not\u00edcias de Ribeir\u00e3o Preto-SP e Regi\u00e3o","link":"https:\/\/ismaelcolosi.com.br\/index.php\/category\/noticias-de-ribeirao-preto-sp-e-regiao-ismael-colosi\/"},"img":{"alt_text":"","src":"https:\/\/i0.wp.com\/ismaelcolosi.com.br\/wp-content\/uploads\/2024\/10\/hygiene-cleaning-hands-washing-hands-woman-wash-their-hands_2024-10-21_17-28-00_jpg_2024-10-21_17-28-03-scaled.webp.webp?fit=1200%2C801&ssl=1&resize=350%2C200","width":350,"height":200,"srcset":"https:\/\/i0.wp.com\/ismaelcolosi.com.br\/wp-content\/uploads\/2024\/10\/hygiene-cleaning-hands-washing-hands-woman-wash-their-hands_2024-10-21_17-28-00_jpg_2024-10-21_17-28-03-scaled.webp.webp?fit=1200%2C801&ssl=1&resize=350%2C200 1x, https:\/\/i0.wp.com\/ismaelcolosi.com.br\/wp-content\/uploads\/2024\/10\/hygiene-cleaning-hands-washing-hands-woman-wash-their-hands_2024-10-21_17-28-00_jpg_2024-10-21_17-28-03-scaled.webp.webp?fit=1200%2C801&ssl=1&resize=525%2C300 1.5x, https:\/\/i0.wp.com\/ismaelcolosi.com.br\/wp-content\/uploads\/2024\/10\/hygiene-cleaning-hands-washing-hands-woman-wash-their-hands_2024-10-21_17-28-00_jpg_2024-10-21_17-28-03-scaled.webp.webp?fit=1200%2C801&ssl=1&resize=700%2C400 2x, https:\/\/i0.wp.com\/ismaelcolosi.com.br\/wp-content\/uploads\/2024\/10\/hygiene-cleaning-hands-washing-hands-woman-wash-their-hands_2024-10-21_17-28-00_jpg_2024-10-21_17-28-03-scaled.webp.webp?fit=1200%2C801&ssl=1&resize=1050%2C600 3x"},"classes":[]},{"id":72409,"url":"https:\/\/ismaelcolosi.com.br\/index.php\/2024\/10\/21\/saerp-alerta-para-falta-dagua-na-zona-sul-de-ribeirao-preto-veja-onde\/","url_meta":{"origin":17377,"position":3},"title":"Saerp alerta para falta d&#8217;\u00e1gua na zona Sul de Ribeir\u00e3o Preto; Veja onde","author":"ismaelcolosi.com.br","date":"21 de October de 2024","format":false,"excerpt":"A Saerp (Secretaria de \u00c1gua e Esgoto de Ribeir\u00e3o Preto) informou que dois bairros da zona Sul de Ribeir\u00e3o Preto podem sofrer com falta d\u2019\u00e1gua nesta segunda-feira (21). De acordo com nota emitida pelo \u00f3rg\u00e3o, equipes est\u00e3o realizando dois servi\u00e7os emerg\u00eanciais. Confira: \u2022 Interliga\u00e7\u00e3o em adutora na avenida Professor Jo\u00e3o\u2026","rel":"","context":"In &quot;Not\u00edcias de Ribeir\u00e3o Preto-SP e Regi\u00e3o&quot;","block_context":{"text":"Not\u00edcias de Ribeir\u00e3o Preto-SP e Regi\u00e3o","link":"https:\/\/ismaelcolosi.com.br\/index.php\/category\/noticias-de-ribeirao-preto-sp-e-regiao-ismael-colosi\/"},"img":{"alt_text":"","src":"https:\/\/i0.wp.com\/ismaelcolosi.com.br\/wp-content\/uploads\/2024\/10\/hygiene-cleaning-hands-washing-hands-woman-wash-their-hands_2024-10-21_17-28-00_jpg_2024-10-21_17-28-03-scaled.webp.webp?fit=1200%2C801&ssl=1&resize=350%2C200","width":350,"height":200,"srcset":"https:\/\/i0.wp.com\/ismaelcolosi.com.br\/wp-content\/uploads\/2024\/10\/hygiene-cleaning-hands-washing-hands-woman-wash-their-hands_2024-10-21_17-28-00_jpg_2024-10-21_17-28-03-scaled.webp.webp?fit=1200%2C801&ssl=1&resize=350%2C200 1x, https:\/\/i0.wp.com\/ismaelcolosi.com.br\/wp-content\/uploads\/2024\/10\/hygiene-cleaning-hands-washing-hands-woman-wash-their-hands_2024-10-21_17-28-00_jpg_2024-10-21_17-28-03-scaled.webp.webp?fit=1200%2C801&ssl=1&resize=525%2C300 1.5x, https:\/\/i0.wp.com\/ismaelcolosi.com.br\/wp-content\/uploads\/2024\/10\/hygiene-cleaning-hands-washing-hands-woman-wash-their-hands_2024-10-21_17-28-00_jpg_2024-10-21_17-28-03-scaled.webp.webp?fit=1200%2C801&ssl=1&resize=700%2C400 2x, https:\/\/i0.wp.com\/ismaelcolosi.com.br\/wp-content\/uploads\/2024\/10\/hygiene-cleaning-hands-washing-hands-woman-wash-their-hands_2024-10-21_17-28-00_jpg_2024-10-21_17-28-03-scaled.webp.webp?fit=1200%2C801&ssl=1&resize=1050%2C600 3x"},"classes":[]},{"id":60081,"url":"https:\/\/ismaelcolosi.com.br\/index.php\/2024\/08\/14\/saerp-alerta-para-falta-dagua-em-oito-bairros-de-ribeirao-preto-veja-os-locais\/","url_meta":{"origin":17377,"position":4},"title":"Saerp alerta para falta d\u2019\u00e1gua em oito bairros de Ribeir\u00e3o Preto; Veja os locais","author":"ismaelcolosi.com.br","date":"14 de August de 2024","format":false,"excerpt":"A Saerp (Secretaria de \u00c1gua e Esgoto de Ribeir\u00e3o Preto) publicou dois alertas de falta d\u2019\u00e1gua em oito bairros de Ribeir\u00e3o Preto, nesta quarta-feira (14). Equipes realizam servi\u00e7os de manuten\u00e7\u00e3o e reparo emergencial nas regi\u00f5es Leste e Sul. Na zona Leste Segundo a secretaria, equipes realizam o reparo emergencial de\u2026","rel":"","context":"In &quot;Not\u00edcias de Ribeir\u00e3o Preto-SP e Regi\u00e3o&quot;","block_context":{"text":"Not\u00edcias de Ribeir\u00e3o Preto-SP e Regi\u00e3o","link":"https:\/\/ismaelcolosi.com.br\/index.php\/category\/noticias-de-ribeirao-preto-sp-e-regiao-ismael-colosi\/"},"img":{"alt_text":"","src":"https:\/\/i0.wp.com\/ismaelcolosi.com.br\/wp-content\/uploads\/2024\/07\/Copia-de-Copia-de-TAMANHO-EXATO-PARA-FOTOS-NO-SISTEMA-NOVO-24_2024-07-16_12-53-45_jpg_2024-07-16_12-53-45.webp.webp?fit=1200%2C675&ssl=1&resize=350%2C200","width":350,"height":200,"srcset":"https:\/\/i0.wp.com\/ismaelcolosi.com.br\/wp-content\/uploads\/2024\/07\/Copia-de-Copia-de-TAMANHO-EXATO-PARA-FOTOS-NO-SISTEMA-NOVO-24_2024-07-16_12-53-45_jpg_2024-07-16_12-53-45.webp.webp?fit=1200%2C675&ssl=1&resize=350%2C200 1x, https:\/\/i0.wp.com\/ismaelcolosi.com.br\/wp-content\/uploads\/2024\/07\/Copia-de-Copia-de-TAMANHO-EXATO-PARA-FOTOS-NO-SISTEMA-NOVO-24_2024-07-16_12-53-45_jpg_2024-07-16_12-53-45.webp.webp?fit=1200%2C675&ssl=1&resize=525%2C300 1.5x, https:\/\/i0.wp.com\/ismaelcolosi.com.br\/wp-content\/uploads\/2024\/07\/Copia-de-Copia-de-TAMANHO-EXATO-PARA-FOTOS-NO-SISTEMA-NOVO-24_2024-07-16_12-53-45_jpg_2024-07-16_12-53-45.webp.webp?fit=1200%2C675&ssl=1&resize=700%2C400 2x, https:\/\/i0.wp.com\/ismaelcolosi.com.br\/wp-content\/uploads\/2024\/07\/Copia-de-Copia-de-TAMANHO-EXATO-PARA-FOTOS-NO-SISTEMA-NOVO-24_2024-07-16_12-53-45_jpg_2024-07-16_12-53-45.webp.webp?fit=1200%2C675&ssl=1&resize=1050%2C600 3x"},"classes":[]},{"id":70748,"url":"https:\/\/ismaelcolosi.com.br\/index.php\/2024\/10\/12\/saerp-alerta-para-falta-dagua-em-ribeirao-preto-veja-os-bairros-afetados-3\/","url_meta":{"origin":17377,"position":5},"title":"Saerp alerta para falta d\u2019\u00e1gua em Ribeir\u00e3o Preto; Veja os bairros afetados","author":"ismaelcolosi.com.br","date":"12 de October de 2024","format":false,"excerpt":"A Saerp (Secretaria de \u00c1gua e Esgoto de Ribeir\u00e3o Preto) informou que quatro bairros de Ribeir\u00e3o Preto podem ficar sem \u00e1gua na tarde deste s\u00e1bado (12). Segundo a secretaria, equipes fazem o reparo emergencial de uma rede rompida na esquina das ruas Jos\u00e9 Gomes da Silva com a Manoel Emboaba.\u2026","rel":"","context":"In &quot;Not\u00edcias de Ribeir\u00e3o Preto-SP e Regi\u00e3o&quot;","block_context":{"text":"Not\u00edcias de Ribeir\u00e3o Preto-SP e Regi\u00e3o","link":"https:\/\/ismaelcolosi.com.br\/index.php\/category\/noticias-de-ribeirao-preto-sp-e-regiao-ismael-colosi\/"},"img":{"alt_text":"","src":"https:\/\/i0.wp.com\/ismaelcolosi.com.br\/wp-content\/uploads\/2024\/10\/istockphoto-501515701-612x612-1_2024-10-06_20-08-02_jpg_2024-10-06_20-08-02.webp.webp?fit=612%2C408&ssl=1&resize=350%2C200","width":350,"height":200,"srcset":"https:\/\/i0.wp.com\/ismaelcolosi.com.br\/wp-content\/uploads\/2024\/10\/istockphoto-501515701-612x612-1_2024-10-06_20-08-02_jpg_2024-10-06_20-08-02.webp.webp?fit=612%2C408&ssl=1&resize=350%2C200 1x, https:\/\/i0.wp.com\/ismaelcolosi.com.br\/wp-content\/uploads\/2024\/10\/istockphoto-501515701-612x612-1_2024-10-06_20-08-02_jpg_2024-10-06_20-08-02.webp.webp?fit=612%2C408&ssl=1&resize=525%2C300 1.5x"},"classes":[]}],"jetpack_sharing_enabled":true,"jetpack_shortlink":"https:\/\/wp.me\/pfMlyK-4wh","_links":{"self":[{"href":"https:\/\/ismaelcolosi.com.br\/index.php\/wp-json\/wp\/v2\/posts\/17377","targetHints":{"allow":["GET"]}}],"collection":[{"href":"https:\/\/ismaelcolosi.com.br\/index.php\/wp-json\/wp\/v2\/posts"}],"about":[{"href":"https:\/\/ismaelcolosi.com.br\/index.php\/wp-json\/wp\/v2\/types\/post"}],"author":[{"embeddable":true,"href":"https:\/\/ismaelcolosi.com.br\/index.php\/wp-json\/wp\/v2\/users\/1"}],"replies":[{"embeddable":true,"href":"https:\/\/ismaelcolosi.com.br\/index.php\/wp-json\/wp\/v2\/comments?post=17377"}],"version-history":[{"count":0,"href":"https:\/\/ismaelcolosi.com.br\/index.php\/wp-json\/wp\/v2\/posts\/17377\/revisions"}],"wp:featuredmedia":[{"embeddable":true,"href":"https:\/\/ismaelcolosi.com.br\/index.php\/wp-json\/wp\/v2\/media\/17378"}],"wp:attachment":[{"href":"https:\/\/ismaelcolosi.com.br\/index.php\/wp-json\/wp\/v2\/media?parent=17377"}],"wp:term":[{"taxonomy":"category","embeddable":true,"href":"https:\/\/ismaelcolosi.com.br\/index.php\/wp-json\/wp\/v2\/categories?post=17377"},{"taxonomy":"post_tag","embeddable":true,"href":"https:\/\/ismaelcolosi.com.br\/index.php\/wp-json\/wp\/v2\/tags?post=17377"}],"curies":[{"name":"wp","href":"https:\/\/api.w.org\/{rel}","templated":true}]}}