{"id":17343,"date":"2023-12-18T08:22:14","date_gmt":"2023-12-18T11:22:14","guid":{"rendered":"https:\/\/ismaelcolosi.com.br\/index.php\/2023\/12\/18\/estudos-indicam-2-alimentos-que-reduzem-risco-de-diabetes-tipo-2\/"},"modified":"2023-12-18T08:22:14","modified_gmt":"2023-12-18T11:22:14","slug":"estudos-indicam-2-alimentos-que-reduzem-risco-de-diabetes-tipo-2","status":"publish","type":"post","link":"https:\/\/ismaelcolosi.com.br\/index.php\/2023\/12\/18\/estudos-indicam-2-alimentos-que-reduzem-risco-de-diabetes-tipo-2\/","title":{"rendered":"Estudos indicam 2 alimentos que reduzem risco de diabetes tipo 2"},"content":{"rendered":"<p> [ad_1]<br \/>\n<\/p>\n<div>\n<div id=\"attachment_2328149\" class=\"wp-caption alignnone\">\n<div class=\"d-flex justify-content-center\" data-attachment-id=\"2328149\">\n<div class=\"position-relative d-inline-block\"><img data-recalc-dims=\"1\" data-portal-copyright=\"Getty Images\" fetchpriority=\"high\" decoding=\"async\" class=\"wp-image-2328149 size-full\" src=\"https:\/\/i0.wp.com\/catracalivre.com.br\/wp-content\/uploads\/2023\/12\/istock-910881428.jpg?resize=1200%2C800&#038;ssl=1\" alt=\"Por possu\u00edrem nutrientes, vitaminas e outros compostos bioativos, esses alimentos est\u00e3o diretamente ligados \u00e0 redu\u00e7\u00e3o do risco de diabetes tipo 2 \u2013 iStock\/Getty Images\" width=\"1200\" height=\"800\" srcset=\"https:\/\/catracalivre.com.br\/wp-content\/uploads\/2023\/12\/istock-910881428.jpg 1254w, https:\/\/catracalivre.com.br\/wp-content\/uploads\/2023\/12\/istock-910881428-450x300.jpg 450w, https:\/\/catracalivre.com.br\/wp-content\/uploads\/2023\/12\/istock-910881428-768x512.jpg 768w\" sizes=\"(max-width: 1254px) 100vw, 1254px\"\/><\/p>\n<p>Cr\u00e9ditos: Getty Images<\/p>\n<\/div>\n<\/div>\n<p><span class=\"post-imagem__legenda\">Por possu\u00edrem nutrientes, vitaminas e outros compostos bioativos, esses alimentos est\u00e3o diretamente ligados \u00e0 redu\u00e7\u00e3o do risco de diabetes tipo 2 \u2013 iStock\/Getty Images<\/span><\/p>\n<\/div>\n<p>A ingest\u00e3o di\u00e1ria de <strong><a href=\"https:\/\/catracalivre.com.br\/saude-bem-estar\/as-reacoes-causadas-pelo-leite-no-seu-corpo\/#:~:text=Em%20algumas%20pessoas%2C%20o%20consumo,vias%20respirat%C3%B3rias%20e%20na%20garganta.\" target=\"_blank\" rel=\"noopener\">latic\u00ednios<\/a><\/strong>, como leite e iogurte, pode desempenhar um papel crucial na preven\u00e7\u00e3o da diabetes tipo 2,\u00a0aponta pesquisa conduzida pela <strong><a href=\"https:\/\/www.unina.it\/home;jsessionid=E874C686BC2EB20D29136CDB942505B4.node_staging11\" target=\"_blank\" rel=\"noopener\">Universidade de N\u00e1poles Federico II<\/a><\/strong>, na It\u00e1lia.<\/p>\n<p>O mesmo estudo tamb\u00e9m indica que,\u00a0 o consumo de carnes vermelhas e processadas, pode aumentar o risco de desenvolvimento da doen\u00e7a em aproximadamente 20%.<\/p>\n<p>Para chegar a essas conclus\u00f5es, a equipe de cientistas italianos avaliou os dados coletados de 13 revis\u00f5es cient\u00edficas anteriores, que analisaram um total de 175 estudos. Esses trabalhos buscavam estabelecer uma rela\u00e7\u00e3o entre o consumo de 12 alimentos de origem animal e o desenvolvimento de diabetes tipo 2.<\/p>\n<h2>Quais alimentos ajudam a reduzir diabetes tipo 2<\/h2>\n<p>Para efeito de compara\u00e7\u00e3o, os cientistas analisaram alimentos que inclu\u00edam diferentes tipos de carne vermelha como bovina, ovina e su\u00edna, carnes brancas como frango e peru, carnes processadas como bacon e salsichas, peixe, latic\u00ednios das vers\u00f5es integrais e reduzidas em gordura como leite, queijo e iogurte, al\u00e9m de ovos.<\/p>\n<p>Ao cruzar as informa\u00e7\u00f5es destas pesquisas, em uma segunda etapa do experimento, foi poss\u00edvel identificar que as pessoas que consumiam um copo de leite por dia eram 10% menos propensas a receber um diagn\u00f3stico de diabetes tipo 2, comparadas com aquelas que consumiam menos. Em rela\u00e7\u00e3o ao iogurte, aqueles que consumiam 100 gramas ao dia apresentavam um risco 6% menor.<\/p>\n<p>Al\u00e9m disso, os resultados do estudo indicaram que o consumo de 30g de queijo n\u00e3o apresentava efeitos significativos, o que sugere que uma ingest\u00e3o nesta quantidade n\u00e3o traria benef\u00edcios nem preju\u00edzos.<\/p>\n<h2>\u00a0Por que os lactic\u00ednios?<\/h2>\n<p>A Dra. Annalisa Giosu\u00e8, principal autora do estudo, esclareceu que produtos l\u00e1cteos possuem nutrientes, vitaminas e outros compostos bioativos que podem influenciar positivamente o metabolismo da glucose.<\/p>\n<h2>E os alimentos que aumentam o risco?<\/h2>\n<p>Os dados coletados apontam que os indiv\u00edduos que consumiam 100g de carne vermelha por dia tinham 22% mais chances de desenvolver a doen\u00e7a. Para aqueles que consumiam 50g de carnes processadas por dia, esse risco foi elevado para 30%.<\/p>\n<p>As carnes vermelha e processadas cont\u00eam altas quantidades de \u00e1cidos graxos saturados, colesterol e ferro heme. O que pode causar inflama\u00e7\u00e3o cr\u00f4nica e estresse oxidativo, diminuindo a sensibilidade \u00e0 insulina.<\/p>\n<\/div>\n<p><script>\n\t\t! function(f, b, e, v, n, t, s) {\n\t\t\tif (f.fbq) return;\n\t\t\tn = f.fbq = function() {\n\t\t\t\tn.callMethod ?\n\t\t\t\t\tn.callMethod.apply(n, arguments) : n.queue.push(arguments)\n\t\t\t};\n\t\t\tif (!f._fbq) f._fbq = n;\n\t\t\tn.push = n;\n\t\t\tn.loaded = !0;\n\t\t\tn.version = '2.0';\n\t\t\tn.queue = [];\n\t\t\tt = b.createElement(e);\n\t\t\tt.async = !0;\n\t\t\tt.src = v;\n\t\t\ts = b.getElementsByTagName(e)[0];\n\t\t\ts.parentNode.insertBefore(t, s)\n\t\t}(window, document, 'script',\n\t\t\t'https:\/\/connect.facebook.net\/en_US\/fbevents.js');\n\t\tfbq('init', '338315473262380');\n\t\tfbq('track', 'PageView');\n\t<\/script><br \/>\n<br \/>[ad_2]<br \/>\n<br \/><a href=\"https:\/\/catracalivre.com.br\/saude-bem-estar\/diabetes-tipo-2-estudos-indicam-2-alimentos-que-reduzem-risco-da-doenca\/\" target=\"_blank\" rel=\"noopener\">Source link <\/a><\/p>\n<div class='code-block code-block-4' style='margin: 8px auto 8px 0; text-align: left; display: block; clear: both;'>\n\ud83d\udce2 Aviso Legal\n\nO site ismaelcolosi.com.br atua apenas como um canal de divulga\u00e7\u00e3o de oportunidades de emprego e n\u00e3o se responsabiliza pelo processo seletivo, contrata\u00e7\u00e3o ou qualquer outra etapa relacionada \u00e0s vagas publicadas. Todas as informa\u00e7\u00f5es s\u00e3o de responsabilidade dos anunciantes.\n\n\u26a0\ufe0f Aten\u00e7\u00e3o! Nunca pague por promessas de emprego nem compre cursos que garantam contrata\u00e7\u00e3o. Desconfie de qualquer cobran\u00e7a para participar de sele\u00e7\u00f5es.\n\n\n\n<\/div>\n<!-- CONTENT END 1 -->\n","protected":false},"excerpt":{"rendered":"<p>[ad_1] Cr\u00e9ditos: Getty Images Por possu\u00edrem nutrientes, vitaminas e outros compostos bioativos, esses alimentos est\u00e3o diretamente ligados \u00e0 redu\u00e7\u00e3o do risco de diabetes tipo 2 \u2013 iStock\/Getty Images A ingest\u00e3o di\u00e1ria de latic\u00ednios, como leite e iogurte, pode desempenhar um papel crucial na preven\u00e7\u00e3o da diabetes tipo 2,\u00a0aponta pesquisa conduzida pela Universidade de N\u00e1poles Federico&hellip;&nbsp;<\/p>\n","protected":false},"author":1,"featured_media":17344,"comment_status":"open","ping_status":"open","sticky":false,"template":"","format":"standard","meta":{"_uag_custom_page_level_css":"","neve_meta_sidebar":"","neve_meta_container":"","neve_meta_enable_content_width":"","neve_meta_content_width":0,"neve_meta_title_alignment":"","neve_meta_author_avatar":"","neve_post_elements_order":"","neve_meta_disable_header":"","neve_meta_disable_footer":"","neve_meta_disable_title":"","_jetpack_newsletter_access":"","_jetpack_dont_email_post_to_subs":false,"_jetpack_newsletter_tier_id":0,"_jetpack_memberships_contains_paywalled_content":false,"_jetpack_memberships_contains_paid_content":false,"footnotes":""},"categories":[19],"tags":[],"class_list":["post-17343","post","type-post","status-publish","format-standard","has-post-thumbnail","hentry","category-variedades"],"uagb_featured_image_src":{"full":["https:\/\/i0.wp.com\/ismaelcolosi.com.br\/wp-content\/uploads\/2023\/12\/istock-910881428.jpg?fit=1200%2C638&ssl=1",1200,638,false],"thumbnail":["https:\/\/i0.wp.com\/ismaelcolosi.com.br\/wp-content\/uploads\/2023\/12\/istock-910881428.jpg?resize=150%2C150&ssl=1",150,150,true],"medium":["https:\/\/i0.wp.com\/ismaelcolosi.com.br\/wp-content\/uploads\/2023\/12\/istock-910881428.jpg?fit=300%2C160&ssl=1",300,160,true],"medium_large":["https:\/\/i0.wp.com\/ismaelcolosi.com.br\/wp-content\/uploads\/2023\/12\/istock-910881428.jpg?fit=768%2C408&ssl=1",768,408,true],"large":["https:\/\/i0.wp.com\/ismaelcolosi.com.br\/wp-content\/uploads\/2023\/12\/istock-910881428.jpg?fit=1024%2C544&ssl=1",1024,544,true],"1536x1536":["https:\/\/i0.wp.com\/ismaelcolosi.com.br\/wp-content\/uploads\/2023\/12\/istock-910881428.jpg?fit=1200%2C638&ssl=1",1200,638,true],"2048x2048":["https:\/\/i0.wp.com\/ismaelcolosi.com.br\/wp-content\/uploads\/2023\/12\/istock-910881428.jpg?fit=1200%2C638&ssl=1",1200,638,true],"neve-blog":["https:\/\/i0.wp.com\/ismaelcolosi.com.br\/wp-content\/uploads\/2023\/12\/istock-910881428.jpg?resize=930%2C620&ssl=1",930,620,true]},"uagb_author_info":{"display_name":"ismaelcolosi.com.br","author_link":"https:\/\/ismaelcolosi.com.br\/author\/vidareal-online\/"},"uagb_comment_info":0,"uagb_excerpt":"[ad_1] Cr\u00e9ditos: Getty Images Por possu\u00edrem nutrientes, vitaminas e outros compostos bioativos, esses alimentos est\u00e3o diretamente ligados \u00e0 redu\u00e7\u00e3o do risco de diabetes tipo 2 \u2013 iStock\/Getty Images A ingest\u00e3o di\u00e1ria de latic\u00ednios, como leite e iogurte, pode desempenhar um papel crucial na preven\u00e7\u00e3o da diabetes tipo 2,\u00a0aponta pesquisa conduzida pela Universidade de N\u00e1poles Federico&hellip;&nbsp;","jetpack-related-posts":[{"id":22409,"url":"https:\/\/ismaelcolosi.com.br\/index.php\/2023\/12\/29\/comercio-supermercados-e-shoppings-veja-os-horarios-neste-reveillon\/","url_meta":{"origin":17343,"position":0},"title":"Com\u00e9rcio, supermercados e shoppings; Veja os hor\u00e1rios neste r\u00e9veillon","author":"ismaelcolosi.com.br","date":"29 de Dezembro de 2023","format":false,"excerpt":"[ad_1] A v\u00e9spera e o feriado de Ano Novo v\u00e3o alterar o funcionamento de diversos setores em Ribeir\u00e3o Preto, neste final de semana. Os servi\u00e7os essenciais da Prefeitura, por exemplo, funcionar\u00e3o em escala de plant\u00e3o. No dia 1\u00ba de janeiro, o com\u00e9rcio de Ribeir\u00e3o Preto estar\u00e1 fechado. A decis\u00e3o faz\u2026","rel":"","context":"In &quot;Not\u00edcias de Ribeir\u00e3o Preto-SP e Regi\u00e3o&quot;","block_context":{"text":"Not\u00edcias de Ribeir\u00e3o Preto-SP e Regi\u00e3o","link":"https:\/\/ismaelcolosi.com.br\/index.php\/category\/noticias-de-ribeirao-preto-sp-e-regiao-ismael-colosi\/"},"img":{"alt_text":"","src":"https:\/\/i0.wp.com\/ismaelcolosi.com.br\/wp-content\/uploads\/2023\/12\/shopping-iguatemi.jpeg?fit=1200%2C675&ssl=1&resize=350%2C200","width":350,"height":200,"srcset":"https:\/\/i0.wp.com\/ismaelcolosi.com.br\/wp-content\/uploads\/2023\/12\/shopping-iguatemi.jpeg?fit=1200%2C675&ssl=1&resize=350%2C200 1x, https:\/\/i0.wp.com\/ismaelcolosi.com.br\/wp-content\/uploads\/2023\/12\/shopping-iguatemi.jpeg?fit=1200%2C675&ssl=1&resize=525%2C300 1.5x, https:\/\/i0.wp.com\/ismaelcolosi.com.br\/wp-content\/uploads\/2023\/12\/shopping-iguatemi.jpeg?fit=1200%2C675&ssl=1&resize=700%2C400 2x, https:\/\/i0.wp.com\/ismaelcolosi.com.br\/wp-content\/uploads\/2023\/12\/shopping-iguatemi.jpeg?fit=1200%2C675&ssl=1&resize=1050%2C600 3x"},"classes":[]},{"id":35415,"url":"https:\/\/ismaelcolosi.com.br\/index.php\/2024\/02\/06\/bloco-california-arrecada-mais-de-2-toneladas-de-alimentos-em-ribeirao\/","url_meta":{"origin":17343,"position":1},"title":"Bloco Calif\u00f3rnia arrecada mais de 2 toneladas de alimentos em Ribeir\u00e3o","author":"ismaelcolosi.com.br","date":"6 de Fevereiro de 2024","format":false,"excerpt":"[ad_1] O Bloco Calif\u00f3rnia 2024 arrecadou 2,5 toneladas de alimentos n\u00e3o perec\u00edveis para doa\u00e7\u00e3o a entidades, por meio do Fundo Social de Solidariedade (FSS) de Ribeir\u00e3o Preto. O evento aconteceu no \u00faltimo s\u00e1bado (3), no Est\u00e1dio Palma Travassos (Comercial), e reuniu mais de 15 mil pessoas. O bloco contou com\u2026","rel":"","context":"In &quot;Not\u00edcias de Ribeir\u00e3o Preto-SP e Regi\u00e3o&quot;","block_context":{"text":"Not\u00edcias de Ribeir\u00e3o Preto-SP e Regi\u00e3o","link":"https:\/\/ismaelcolosi.com.br\/index.php\/category\/noticias-de-ribeirao-preto-sp-e-regiao-ismael-colosi\/"},"img":{"alt_text":"","src":"https:\/\/i0.wp.com\/ismaelcolosi.com.br\/wp-content\/uploads\/2024\/02\/alimentos_fundo_social_5.jpg?fit=1200%2C900&ssl=1&resize=350%2C200","width":350,"height":200,"srcset":"https:\/\/i0.wp.com\/ismaelcolosi.com.br\/wp-content\/uploads\/2024\/02\/alimentos_fundo_social_5.jpg?fit=1200%2C900&ssl=1&resize=350%2C200 1x, https:\/\/i0.wp.com\/ismaelcolosi.com.br\/wp-content\/uploads\/2024\/02\/alimentos_fundo_social_5.jpg?fit=1200%2C900&ssl=1&resize=525%2C300 1.5x, https:\/\/i0.wp.com\/ismaelcolosi.com.br\/wp-content\/uploads\/2024\/02\/alimentos_fundo_social_5.jpg?fit=1200%2C900&ssl=1&resize=700%2C400 2x, https:\/\/i0.wp.com\/ismaelcolosi.com.br\/wp-content\/uploads\/2024\/02\/alimentos_fundo_social_5.jpg?fit=1200%2C900&ssl=1&resize=1050%2C600 3x"},"classes":[]},{"id":18007,"url":"https:\/\/ismaelcolosi.com.br\/index.php\/2023\/12\/19\/trabalhe-de-casa-unimed-abriu-vaga-home-office-para-assistente-de-gestao-com-salario-de-r-2-50316-e-alimentacao-de-r-80000\/","url_meta":{"origin":17343,"position":2},"title":"Trabalhe de casa: Unimed abriu vaga HOME OFFICE para Assistente de Gest\u00e3o com sal\u00e1rio de R$ 2.503,16 e Alimenta\u00e7\u00e3o de R$ 800,00","author":"ismaelcolosi.com.br","date":"19 de Dezembro de 2023","format":false,"excerpt":"Trabalhe de casa: Unimed abriu vaga HOME OFFICE para Assistente de Gest\u00e3o com sal\u00e1rio de R$ 2.503,16 e Alimenta\u00e7\u00e3o de R$ 800,00 Assistente de Gest\u00e3o e Relacionamento \u2013 HOME OFFICE Efetivo Remoto Vaga tamb\u00e9m para PcD DESCRI\u00c7\u00c3O DA VAGA Somos\u00a0a maior cooperativa de sa\u00fade de Santa Catarina, h\u00e1 mais de\u2026","rel":"","context":"In &quot;Vagas de Emprego Remoto - Home Office&quot;","block_context":{"text":"Vagas de Emprego Remoto - Home Office","link":"https:\/\/ismaelcolosi.com.br\/index.php\/category\/empregos-classificados-vagas-trabalho\/vagas-de-empregos-em-ribeirao-preto-regiao-brasil\/vagas-de-emprego-para-trabalhar-de-casa-home-office-remoto\/"},"img":{"alt_text":"","src":"","width":0,"height":0},"classes":[]},{"id":14225,"url":"https:\/\/ismaelcolosi.com.br\/index.php\/2023\/12\/11\/unimed-contrata-para-trabalhar-de-casa-com-salario-de-r-4-10169-e-alimentacao-r-80000-no-setor-operacional-e-relacionamento-2\/","url_meta":{"origin":17343,"position":3},"title":"Unimed contrata para TRABALHAR DE CASA com sal\u00e1rio de R$ 4.101,69 e Alimenta\u00e7\u00e3o R$ 800,00 no setor Operacional e Relacionamento","author":"ismaelcolosi.com.br","date":"11 de Dezembro de 2023","format":false,"excerpt":"Unimed contrata para TRABALHAR DE CASA com sal\u00e1rio de R$ 4.101,69 e Alimenta\u00e7\u00e3o R$ 800,00 no setor Operacional e Relacionamento ANALISTA OPERACIONAL E RELACIONAMENTO \u2013 HOME OFFICE Efetivo Remoto Vaga tamb\u00e9m para PcD DESCRI\u00c7\u00c3O DA VAGA Sobre a UGF: Somos a maior cooperativa de sa\u00fade de Santa Catarina, h\u00e1 mais\u2026","rel":"","context":"In &quot;Vagas de Emprego Remoto - Home Office&quot;","block_context":{"text":"Vagas de Emprego Remoto - Home Office","link":"https:\/\/ismaelcolosi.com.br\/index.php\/category\/empregos-classificados-vagas-trabalho\/vagas-de-empregos-em-ribeirao-preto-regiao-brasil\/vagas-de-emprego-para-trabalhar-de-casa-home-office-remoto\/"},"img":{"alt_text":"","src":"","width":0,"height":0},"classes":[]},{"id":41992,"url":"https:\/\/ismaelcolosi.com.br\/index.php\/2024\/03\/12\/em-2-anos-13-milhoes-de-brasileiros-deixam-de-passar-fome\/","url_meta":{"origin":17343,"position":4},"title":"Em 2 anos, 13 milh\u00f5es de brasileiros deixam de passar fome","author":"ismaelcolosi.com.br","date":"12 de Mar\u00e7o de 2024","format":false,"excerpt":"[ad_1] 12 de mar\u00e7o de 2024 | 12:3012 de mar\u00e7o de 2024 | 11:22 0Estudo do Instituto Fome Zero aponta que o n\u00famero de pessoas em situa\u00e7\u00e3o de inseguran\u00e7a alimentar grave no Brasil passou de 33 milh\u00f5es no 1\u00ba trimestre de 2022 para 20 milh\u00f5es no 4\u00ba trimestre de 2023,\u2026","rel":"","context":"In &quot;Not\u00edcias de Ribeir\u00e3o Preto-SP e Regi\u00e3o&quot;","block_context":{"text":"Not\u00edcias de Ribeir\u00e3o Preto-SP e Regi\u00e3o","link":"https:\/\/ismaelcolosi.com.br\/index.php\/category\/noticias-de-ribeirao-preto-sp-e-regiao-ismael-colosi\/"},"img":{"alt_text":"","src":"https:\/\/i0.wp.com\/ismaelcolosi.com.br\/wp-content\/uploads\/2024\/03\/merenda.jpg?fit=525%2C350&ssl=1&resize=350%2C200","width":350,"height":200,"srcset":"https:\/\/i0.wp.com\/ismaelcolosi.com.br\/wp-content\/uploads\/2024\/03\/merenda.jpg?fit=525%2C350&ssl=1&resize=350%2C200 1x, https:\/\/i0.wp.com\/ismaelcolosi.com.br\/wp-content\/uploads\/2024\/03\/merenda.jpg?fit=525%2C350&ssl=1&resize=525%2C300 1.5x"},"classes":[]},{"id":82335,"url":"https:\/\/ismaelcolosi.com.br\/index.php\/2025\/01\/28\/dez-cidades-das-regioes-de-ribeirao-preto-sp-e-franca-sp-estao-com-429-vagas-de-emprego-abertas-veja-a-lista-de-vagas\/","url_meta":{"origin":17343,"position":5},"title":"Dez cidades das regi\u00f5es de Ribeir\u00e3o Preto (SP) e Franca (SP) est\u00e3o com 429 vagas de emprego abertas, Veja a lista de Vagas","author":"Arthur Tijolo","date":"28 de Janeiro de 2025","format":false,"excerpt":"Os interessados podem acessar o\u00a0Portal Emprega Brasil, do Sistema Nacional de Emprego (Sine), para consultar as vagas e participar dos processos de sele\u00e7\u00e3o. Tamb\u00e9m \u00e9 poss\u00edvel fazer o cadastro diretamente nos\u00a0Postos de Atendimento ao Trabalhador (PATs). \u00c9 preciso apresentar\u00a0carteira de trabalho, RG, CPF ou CNH, comprovante de endere\u00e7o atualizado e\u2026","rel":"","context":"In &quot;Vagas de Empregos dos PAT\u00b4s - Posto de Atendimento ao Trabalhador&quot;","block_context":{"text":"Vagas de Empregos dos PAT\u00b4s - Posto de Atendimento ao Trabalhador","link":"https:\/\/ismaelcolosi.com.br\/index.php\/category\/vagas-de-empregos-dos-pats-posto-de-atendimento-ao-trabalhador-pat\/"},"img":{"alt_text":"","src":"https:\/\/i0.wp.com\/ismaelcolosi.com.br\/wp-content\/uploads\/2025\/01\/4c4e90a6397beca7779f3b72aa6956ef-1.jpg?fit=1080%2C752&ssl=1&resize=350%2C200","width":350,"height":200,"srcset":"https:\/\/i0.wp.com\/ismaelcolosi.com.br\/wp-content\/uploads\/2025\/01\/4c4e90a6397beca7779f3b72aa6956ef-1.jpg?fit=1080%2C752&ssl=1&resize=350%2C200 1x, https:\/\/i0.wp.com\/ismaelcolosi.com.br\/wp-content\/uploads\/2025\/01\/4c4e90a6397beca7779f3b72aa6956ef-1.jpg?fit=1080%2C752&ssl=1&resize=525%2C300 1.5x, https:\/\/i0.wp.com\/ismaelcolosi.com.br\/wp-content\/uploads\/2025\/01\/4c4e90a6397beca7779f3b72aa6956ef-1.jpg?fit=1080%2C752&ssl=1&resize=700%2C400 2x, https:\/\/i0.wp.com\/ismaelcolosi.com.br\/wp-content\/uploads\/2025\/01\/4c4e90a6397beca7779f3b72aa6956ef-1.jpg?fit=1080%2C752&ssl=1&resize=1050%2C600 3x"},"classes":[]}],"jetpack_sharing_enabled":true,"jetpack_shortlink":"https:\/\/wp.me\/pfMlyK-4vJ","jetpack_featured_media_url":"https:\/\/i0.wp.com\/ismaelcolosi.com.br\/wp-content\/uploads\/2023\/12\/istock-910881428.jpg?fit=1200%2C638&ssl=1","_links":{"self":[{"href":"https:\/\/ismaelcolosi.com.br\/index.php\/wp-json\/wp\/v2\/posts\/17343","targetHints":{"allow":["GET"]}}],"collection":[{"href":"https:\/\/ismaelcolosi.com.br\/index.php\/wp-json\/wp\/v2\/posts"}],"about":[{"href":"https:\/\/ismaelcolosi.com.br\/index.php\/wp-json\/wp\/v2\/types\/post"}],"author":[{"embeddable":true,"href":"https:\/\/ismaelcolosi.com.br\/index.php\/wp-json\/wp\/v2\/users\/1"}],"replies":[{"embeddable":true,"href":"https:\/\/ismaelcolosi.com.br\/index.php\/wp-json\/wp\/v2\/comments?post=17343"}],"version-history":[{"count":0,"href":"https:\/\/ismaelcolosi.com.br\/index.php\/wp-json\/wp\/v2\/posts\/17343\/revisions"}],"wp:featuredmedia":[{"embeddable":true,"href":"https:\/\/ismaelcolosi.com.br\/index.php\/wp-json\/wp\/v2\/media\/17344"}],"wp:attachment":[{"href":"https:\/\/ismaelcolosi.com.br\/index.php\/wp-json\/wp\/v2\/media?parent=17343"}],"wp:term":[{"taxonomy":"category","embeddable":true,"href":"https:\/\/ismaelcolosi.com.br\/index.php\/wp-json\/wp\/v2\/categories?post=17343"},{"taxonomy":"post_tag","embeddable":true,"href":"https:\/\/ismaelcolosi.com.br\/index.php\/wp-json\/wp\/v2\/tags?post=17343"}],"curies":[{"name":"wp","href":"https:\/\/api.w.org\/{rel}","templated":true}]}}