{"id":17123,"date":"2023-12-17T15:21:26","date_gmt":"2023-12-17T18:21:26","guid":{"rendered":"https:\/\/ismaelcolosi.com.br\/index.php\/2023\/12\/17\/mp-garante-reducao-de-jornada-para-funcionaria-publica-cuidar-de-filho-autista-na-regiao-de-ribeirao\/"},"modified":"2023-12-17T15:21:26","modified_gmt":"2023-12-17T18:21:26","slug":"mp-garante-reducao-de-jornada-para-funcionaria-publica-cuidar-de-filho-autista-na-regiao-de-ribeirao","status":"publish","type":"post","link":"https:\/\/ismaelcolosi.com.br\/index.php\/2023\/12\/17\/mp-garante-reducao-de-jornada-para-funcionaria-publica-cuidar-de-filho-autista-na-regiao-de-ribeirao\/","title":{"rendered":"MP garante redu\u00e7\u00e3o de jornada para funcion\u00e1ria p\u00fablica cuidar de filho autista na regi\u00e3o de Ribeir\u00e3o"},"content":{"rendered":"<p> <br \/>\n<\/p>\n<div>\n<p>Uma <strong>funcion\u00e1ria p\u00fablica de Batatais<\/strong>, cidade a cerca de 43 quil\u00f4metros de <strong>Ribeir\u00e3o Preto<\/strong>, conseguiu por decis\u00e3o do <strong>Minist\u00e9rio P\u00fablico do Trabalho (MPT)<\/strong> de Campinas, o direito de reduzir em <strong>50% sua jornada de trabalho<\/strong>, para cuidar do filho com <strong>Transtorno do Espectro Autista (TEA)<\/strong>.<\/p>\n<p><mark style=\"background-color:#fcb900\" class=\"has-inline-color\">A decis\u00e3o, concedida em segunda inst\u00e2ncia, foi informada na \u00faltima sexta-feira (15), e diz que<strong> o sal\u00e1rio da servidora n\u00e3o deve ser reduzido, mesmo com a diminui\u00e7\u00e3o das horas trabalhadas.<\/strong><\/mark><\/p><div class='code-block code-block-8' style='margin: 8px auto; text-align: center; display: block; clear: both;'>\n<script>\n  atOptions = {\n    'key' : '66e2e2111ca34da796271819fc334058',\n    'format' : 'iframe',\n    'height' : 250,\n    'width' : 300,\n    'params' : {}\n  };\n<\/script>\n<script src=\"https:\/\/www.highperformanceformat.com\/66e2e2111ca34da796271819fc334058\/invoke.js\"><\/script>\n<\/div>\n\n<p>Caso a <strong>Prefeitura de Batatais<\/strong> n\u00e3o cumpra a decis\u00e3o, proferida em primeira inst\u00e2ncia, em agosto de 2023, pela Vara do Trabalho de Batatais, <strong>poder\u00e1 arcar com multa di\u00e1ria de R$ 3 mil.<\/strong><\/p>\n<h4 class=\"wp-block-heading\"><strong>Medida necess\u00e1ria<\/strong><\/h4>\n<p>Um trecho do documento ainda diz que a redu\u00e7\u00e3o de jornada se faz necess\u00e1ria para <strong>\u201cacompanhamento multidisciplinar para o desenvolvimento cognitivo da crian\u00e7a\u201d<\/strong>, e que uma redu\u00e7\u00e3o salarial prejudicaria <strong>\u201caos interesses da fam\u00edlia da crian\u00e7a com defici\u00eancia, tendo em vista que os cuidados espec\u00edficos s\u00e3o de custo elevado\u201d<\/strong>.<\/p>\n<p>Al\u00e9m de <strong>TEA<\/strong>, a mulher tamb\u00e9m apresentou os diagn\u00f3sticos de <strong>atraso no desenvolvimento<\/strong>, <strong>S\u00edndrome de Down<\/strong>, <strong>TGD <\/strong>e <strong>apraxia da fala<\/strong>.<\/p>\n<p>Em primeira inst\u00e2ncia, a <strong>Prefeitura de Batatais<\/strong> havia recorrido da decis\u00e3o, contudo, at\u00e9 o momento, o \u00f3rg\u00e3o n\u00e3o se manifestou sobre a nova decis\u00e3o.<\/p>\n<p>VEJA TAMB\u00c9M<\/p>\n<p><a href=\"https:\/\/www.acidadeon.com\/ribeiraopreto\/politica\/ribeirao-recebe-repasse-por-ter-recebido-refugiados-de-crise-humanitaria\/\" target=\"_blank\" rel=\"noreferrer noopener\">Ribeir\u00e3o recebe repasse por ter recebido refugiados de crise humanit\u00e1ria<\/p>\n<p><strong><mark style=\"background-color:rgba(0, 0, 0, 0)\" class=\"has-inline-color has-luminous-vivid-orange-color\">FIQUE ON<\/mark><\/strong><\/p>\n<p>Fique ligado em tudo que acontece em Ribeir\u00e3o Preto e regi\u00e3o. Siga os perfis do\u00a0<strong>acidade on<\/strong>\u00a0no\u00a0<a href=\"https:\/\/www.instagram.com\/acidadeonribeirao\" target=\"_blank\" rel=\"noreferrer noopener\">Instagram<\/a>\u00a0e no\u00a0<a href=\"https:\/\/www.facebook.com\/acidadeonribeirao\" target=\"_blank\" rel=\"noreferrer noopener\">Facebook<\/a>.<\/p>\n<p>Receba not\u00edcias do\u00a0<strong>acidade on<\/strong>\u00a0no WhatsApp.\u00a0<a href=\"https:\/\/chat.whatsapp.com\/Bnv2w66ZT4VDyZW3oiZ69n\" target=\"_blank\" rel=\"noreferrer noopener\">Para entrar no grupo, basta clicar aqui.<\/a><\/p>\n<p>Fa\u00e7a uma den\u00fancia ou sugira uma reportagem sobre a Ribeir\u00e3o Preto e regi\u00e3o pelo WhatsApp: (16) 99117 7802.<\/p>\n<p>LEIA MAIS<\/p>\n<p><a href=\"https:\/\/www.tudoep.com\/tudo-noticias\/NOT,0,0,1868826,alexandre-de-moraes-determina-execucao-da-pena-de-condenado-por-8-de-janeiro.aspx\" target=\"_blank\" rel=\"noreferrer noopener\">Alexandre de Moraes determina execu\u00e7\u00e3o da pena de condenado por 8 de janeiro<\/a><\/p>\n<p><!-- AI CONTENT END 1 -->\n<\/div>\n<p><script async src=\"\/\/www.instagram.com\/embed.js\"><\/script><br \/>\n<br \/><br \/>\n<br \/><a href=\"https:\/\/www.acidadeon.com\/ribeiraopreto\/cotidiano\/mp-garante-reducao-de-jornada-para-funcionaria-publica-cuidar-de-filho-autista-na-regiao-de-ribeirao\/\">Source link <\/a><\/p>\n<div class='code-block code-block-4' style='margin: 8px auto 8px 0; text-align: left; display: block; clear: both;'>\n\ud83d\udce2 Aviso Legal\n\nO site ismaelcolosi.com.br atua apenas como um canal de divulga\u00e7\u00e3o de oportunidades de emprego e n\u00e3o se responsabiliza pelo processo seletivo, contrata\u00e7\u00e3o ou qualquer outra etapa relacionada \u00e0s vagas publicadas. Todas as informa\u00e7\u00f5es s\u00e3o de responsabilidade dos anunciantes.\n\n\u26a0\ufe0f Aten\u00e7\u00e3o! Nunca pague por promessas de emprego nem compre cursos que garantam contrata\u00e7\u00e3o. Desconfie de qualquer cobran\u00e7a para participar de sele\u00e7\u00f5es.\n\n\n<div data-type=\"_mgwidget\" data-widget-id=\"2000896\">\n<\/div>\n<script>(function(w,q){w[q]=w[q]||[];w[q].push([\"_mgc.load\"])})(window,\"_mgq\");\n<\/script>\n<\/div>\n<!-- CONTENT END 1 -->\n","protected":false},"excerpt":{"rendered":"<p>Uma funcion\u00e1ria p\u00fablica de Batatais, cidade a cerca de 43 quil\u00f4metros de Ribeir\u00e3o Preto, conseguiu por decis\u00e3o do Minist\u00e9rio P\u00fablico do Trabalho (MPT) de Campinas,&#8230;<\/p>\n","protected":false},"author":1,"featured_media":17124,"comment_status":"open","ping_status":"open","sticky":false,"template":"","format":"standard","meta":{"om_disable_all_campaigns":false,"_uag_custom_page_level_css":"","jetpack_post_was_ever_published":false,"_jetpack_newsletter_access":"","_jetpack_dont_email_post_to_subs":false,"_jetpack_newsletter_tier_id":0,"_jetpack_memberships_contains_paywalled_content":false,"_jetpack_memberships_contains_paid_content":false,"_joinchat":[],"footnotes":"","jetpack_publicize_message":"","jetpack_publicize_feature_enabled":true,"jetpack_social_post_already_shared":true,"jetpack_social_options":{"image_generator_settings":{"template":"highway","default_image_id":0,"font":"","enabled":false},"version":2}},"categories":[11],"tags":[2314,2045,2313,2312,887,2087,71,1404,29,277,26],"class_list":["post-17123","post","type-post","status-publish","format-standard","has-post-thumbnail","hentry","category-noticias-de-ribeirao-preto-sp-e-regiao-ismael-colosi","tag-autista","tag-cuidar","tag-filho","tag-funcionaria","tag-garante","tag-jornada","tag-para","tag-publica","tag-reducao","tag-regiao","tag-ribeirao"],"aioseo_notices":[],"jetpack_publicize_connections":[],"jetpack_featured_media_url":"https:\/\/i0.wp.com\/ismaelcolosi.com.br\/wp-content\/uploads\/2023\/12\/news_3055_570_370_202310111615513990480.png?fit=570%2C370&ssl=1","uagb_featured_image_src":{"full":["https:\/\/i0.wp.com\/ismaelcolosi.com.br\/wp-content\/uploads\/2023\/12\/news_3055_570_370_202310111615513990480.png?fit=570%2C370&ssl=1",570,370,false],"thumbnail":["https:\/\/i0.wp.com\/ismaelcolosi.com.br\/wp-content\/uploads\/2023\/12\/news_3055_570_370_202310111615513990480.png?resize=150%2C150&ssl=1",150,150,true],"medium":["https:\/\/i0.wp.com\/ismaelcolosi.com.br\/wp-content\/uploads\/2023\/12\/news_3055_570_370_202310111615513990480.png?fit=300%2C195&ssl=1",300,195,true],"medium_large":["https:\/\/i0.wp.com\/ismaelcolosi.com.br\/wp-content\/uploads\/2023\/12\/news_3055_570_370_202310111615513990480.png?fit=570%2C370&ssl=1",570,370,true],"large":["https:\/\/i0.wp.com\/ismaelcolosi.com.br\/wp-content\/uploads\/2023\/12\/news_3055_570_370_202310111615513990480.png?fit=570%2C370&ssl=1",570,370,true],"1536x1536":["https:\/\/i0.wp.com\/ismaelcolosi.com.br\/wp-content\/uploads\/2023\/12\/news_3055_570_370_202310111615513990480.png?fit=570%2C370&ssl=1",570,370,true],"2048x2048":["https:\/\/i0.wp.com\/ismaelcolosi.com.br\/wp-content\/uploads\/2023\/12\/news_3055_570_370_202310111615513990480.png?fit=570%2C370&ssl=1",570,370,true],"really-simple-thumb":["https:\/\/i0.wp.com\/ismaelcolosi.com.br\/wp-content\/uploads\/2023\/12\/news_3055_570_370_202310111615513990480.png?resize=370%2C247&ssl=1",370,247,true]},"uagb_author_info":{"display_name":"ismaelcolosi.com.br","author_link":"https:\/\/ismaelcolosi.com.br\/index.php\/author\/vidareal-online\/"},"uagb_comment_info":0,"uagb_excerpt":"Uma funcion\u00e1ria p\u00fablica de Batatais, cidade a cerca de 43 quil\u00f4metros de Ribeir\u00e3o Preto, conseguiu por decis\u00e3o do Minist\u00e9rio P\u00fablico do Trabalho (MPT) de Campinas,...","jetpack-related-posts":[{"id":17159,"url":"https:\/\/ismaelcolosi.com.br\/index.php\/2023\/12\/17\/sequestradores-de-musico-na-regiao-de-ribeirao-sao-condenados-um-dos-suspeitos-foi-morto\/","url_meta":{"origin":17123,"position":0},"title":"Sequestradores de m\u00fasico na regi\u00e3o de Ribeir\u00e3o s\u00e3o condenados; Um dos suspeitos foi morto","author":"ismaelcolosi.com.br","date":"17 de December de 2023","format":false,"excerpt":"Foram condenados os quatro homens acusados de sequestrarem um m\u00fasico, de 33 anos, em outubro do ano passado, em S\u00e3o Sim\u00e3o, cidade a cerca de 50 quil\u00f4metros de Ribeir\u00e3o Preto. Na \u00e9poca, cinco pessoas participaram do crime, contudo, um dos suspeitos de participa\u00e7\u00e3o foi morto a tiros em confronto com\u2026","rel":"","context":"In &quot;Not\u00edcias de Ribeir\u00e3o Preto-SP e Regi\u00e3o&quot;","block_context":{"text":"Not\u00edcias de Ribeir\u00e3o Preto-SP e Regi\u00e3o","link":"https:\/\/ismaelcolosi.com.br\/index.php\/category\/noticias-de-ribeirao-preto-sp-e-regiao-ismael-colosi\/"},"img":{"alt_text":"","src":"https:\/\/ismaelcolosi.com.br\/wp-content\/uploads\/2023\/12\/whatsapp_image_2022-10-23_at_15_33_49.jpe","width":350,"height":200,"srcset":"https:\/\/ismaelcolosi.com.br\/wp-content\/uploads\/2023\/12\/whatsapp_image_2022-10-23_at_15_33_49.jpe 1x, https:\/\/ismaelcolosi.com.br\/wp-content\/uploads\/2023\/12\/whatsapp_image_2022-10-23_at_15_33_49.jpe 1.5x, https:\/\/ismaelcolosi.com.br\/wp-content\/uploads\/2023\/12\/whatsapp_image_2022-10-23_at_15_33_49.jpe 2x, https:\/\/ismaelcolosi.com.br\/wp-content\/uploads\/2023\/12\/whatsapp_image_2022-10-23_at_15_33_49.jpe 3x"},"classes":[]},{"id":40150,"url":"https:\/\/ismaelcolosi.com.br\/index.php\/2024\/03\/01\/prefeitura-tera-que-fornecer-profissionais-de-apoio-a-alunos-com-deficiencia-intelectual\/","url_meta":{"origin":17123,"position":1},"title":"Prefeitura ter\u00e1 que fornecer profissionais de apoio a alunos com defici\u00eancia intelectual","author":"ismaelcolosi.com.br","date":"1 de March de 2024","format":false,"excerpt":"MPSP conseguiu reverter delibera\u00e7\u00e3o de primeira inst\u00e2ncia no TJSP 1 de mar\u00e7o de 2024 | 11:41 2Por: Adalberto LuqueA Prefeitura de Ribeir\u00e3o Preto ser\u00e1 obrigada a disponibilizar profissional de apoio pedag\u00f3gico e cuidador a todos os alunos com defici\u00eancia intelectual matriculados na rede municipal de ensino que precisem desses servi\u00e7os.\u2026","rel":"","context":"In &quot;Not\u00edcias de Ribeir\u00e3o Preto-SP e Regi\u00e3o&quot;","block_context":{"text":"Not\u00edcias de Ribeir\u00e3o Preto-SP e Regi\u00e3o","link":"https:\/\/ismaelcolosi.com.br\/index.php\/category\/noticias-de-ribeirao-preto-sp-e-regiao-ismael-colosi\/"},"img":{"alt_text":"","src":"https:\/\/i0.wp.com\/ismaelcolosi.com.br\/wp-content\/uploads\/2024\/03\/00-01-mar-2024-cuidador-alunos-foto-guilherme-sircili.jpg?fit=700%2C450&ssl=1&resize=350%2C200","width":350,"height":200,"srcset":"https:\/\/i0.wp.com\/ismaelcolosi.com.br\/wp-content\/uploads\/2024\/03\/00-01-mar-2024-cuidador-alunos-foto-guilherme-sircili.jpg?fit=700%2C450&ssl=1&resize=350%2C200 1x, https:\/\/i0.wp.com\/ismaelcolosi.com.br\/wp-content\/uploads\/2024\/03\/00-01-mar-2024-cuidador-alunos-foto-guilherme-sircili.jpg?fit=700%2C450&ssl=1&resize=525%2C300 1.5x, https:\/\/i0.wp.com\/ismaelcolosi.com.br\/wp-content\/uploads\/2024\/03\/00-01-mar-2024-cuidador-alunos-foto-guilherme-sircili.jpg?fit=700%2C450&ssl=1&resize=700%2C400 2x"},"classes":[]},{"id":76336,"url":"https:\/\/ismaelcolosi.com.br\/index.php\/2024\/11\/12\/municipio-tera-que-ter-um-profissional-especializado-em-todas-salas-de-aula-com-aluno-com-deficiencia\/","url_meta":{"origin":17123,"position":2},"title":"Munic\u00edpio ter\u00e1 que ter um profissional especializado em todas salas de aula com aluno com defici\u00eancia","author":"ismaelcolosi.com.br","date":"12 de November de 2024","format":false,"excerpt":"A Justi\u00e7a de Ribeir\u00e3o Preto, por meio da Vara da Inf\u00e2ncia e Juventude, sentenciou a prefeitura da cidade a disponibilizar um profissional de apoio pedag\u00f3gico e cuidador para todos os alunos com defici\u00eancia matriculados nas escolas p\u00fablicas municipais. A decis\u00e3o foi dada pelo juiz Paulo Cesar Gentile, no dia 5\u2026","rel":"","context":"In &quot;Not\u00edcias de Ribeir\u00e3o Preto-SP e Regi\u00e3o&quot;","block_context":{"text":"Not\u00edcias de Ribeir\u00e3o Preto-SP e Regi\u00e3o","link":"https:\/\/ismaelcolosi.com.br\/index.php\/category\/noticias-de-ribeirao-preto-sp-e-regiao-ismael-colosi\/"},"img":{"alt_text":"","src":"https:\/\/i0.wp.com\/ismaelcolosi.com.br\/wp-content\/uploads\/2024\/11\/b25a937d-8787-4d51-9af7-1be0404cf414-scaled.jpeg?fit=800%2C468&ssl=1&resize=350%2C200","width":350,"height":200,"srcset":"https:\/\/i0.wp.com\/ismaelcolosi.com.br\/wp-content\/uploads\/2024\/11\/b25a937d-8787-4d51-9af7-1be0404cf414-scaled.jpeg?fit=800%2C468&ssl=1&resize=350%2C200 1x, https:\/\/i0.wp.com\/ismaelcolosi.com.br\/wp-content\/uploads\/2024\/11\/b25a937d-8787-4d51-9af7-1be0404cf414-scaled.jpeg?fit=800%2C468&ssl=1&resize=525%2C300 1.5x, https:\/\/i0.wp.com\/ismaelcolosi.com.br\/wp-content\/uploads\/2024\/11\/b25a937d-8787-4d51-9af7-1be0404cf414-scaled.jpeg?fit=800%2C468&ssl=1&resize=700%2C400 2x"},"classes":[]},{"id":60145,"url":"https:\/\/ismaelcolosi.com.br\/index.php\/2024\/08\/14\/mulher-e-resgatada-de-condicoes-analogas-a-escravidao-na-regiao-de-ribeirao-preto\/","url_meta":{"origin":17123,"position":3},"title":"Mulher \u00e9 resgatada de condi\u00e7\u00f5es an\u00e1logas \u00e0 escravid\u00e3o na regi\u00e3o de Ribeir\u00e3o Preto","author":"ismaelcolosi.com.br","date":"14 de August de 2024","format":false,"excerpt":"Uma trabalhadora dom\u00e9stica de 51 anos foi resgatada de condi\u00e7\u00f5es an\u00e1logas \u00e0 escravid\u00e3o em Santa Rosa de Viterbo, na regi\u00e3o de Ribeir\u00e3o Preto, nesta ter\u00e7a-feira (13). A opera\u00e7\u00e3o foi realizada pelo Minist\u00e9rio P\u00fablico do Trabalho (MPT), Minist\u00e9rio do Trabalho e Emprego (MTE) e Pol\u00edcia Rodovi\u00e1ria Federal (PRF). De acordo com\u2026","rel":"","context":"In &quot;Not\u00edcias de Ribeir\u00e3o Preto-SP e Regi\u00e3o&quot;","block_context":{"text":"Not\u00edcias de Ribeir\u00e3o Preto-SP e Regi\u00e3o","link":"https:\/\/ismaelcolosi.com.br\/index.php\/category\/noticias-de-ribeirao-preto-sp-e-regiao-ismael-colosi\/"},"img":{"alt_text":"","src":"https:\/\/i0.wp.com\/ismaelcolosi.com.br\/wp-content\/uploads\/2024\/08\/WhatsApp-Image-2024-08-14-at-12.33.03_2024-08-14_16-57-41_jpeg_2024-08-14_16-57-41.webp.webp?fit=1200%2C900&ssl=1&resize=350%2C200","width":350,"height":200,"srcset":"https:\/\/i0.wp.com\/ismaelcolosi.com.br\/wp-content\/uploads\/2024\/08\/WhatsApp-Image-2024-08-14-at-12.33.03_2024-08-14_16-57-41_jpeg_2024-08-14_16-57-41.webp.webp?fit=1200%2C900&ssl=1&resize=350%2C200 1x, https:\/\/i0.wp.com\/ismaelcolosi.com.br\/wp-content\/uploads\/2024\/08\/WhatsApp-Image-2024-08-14-at-12.33.03_2024-08-14_16-57-41_jpeg_2024-08-14_16-57-41.webp.webp?fit=1200%2C900&ssl=1&resize=525%2C300 1.5x, https:\/\/i0.wp.com\/ismaelcolosi.com.br\/wp-content\/uploads\/2024\/08\/WhatsApp-Image-2024-08-14-at-12.33.03_2024-08-14_16-57-41_jpeg_2024-08-14_16-57-41.webp.webp?fit=1200%2C900&ssl=1&resize=700%2C400 2x, https:\/\/i0.wp.com\/ismaelcolosi.com.br\/wp-content\/uploads\/2024\/08\/WhatsApp-Image-2024-08-14-at-12.33.03_2024-08-14_16-57-41_jpeg_2024-08-14_16-57-41.webp.webp?fit=1200%2C900&ssl=1&resize=1050%2C600 3x"},"classes":[]},{"id":40573,"url":"https:\/\/ismaelcolosi.com.br\/index.php\/2024\/03\/04\/vice-presidente-alckmin-homenageia-ex-prefeito-de-ribeirao-welson-gasparini\/","url_meta":{"origin":17123,"position":4},"title":"Vice-presidente Alckmin homenageia ex-prefeito de Ribeir\u00e3o Welson Gasparini","author":"ismaelcolosi.com.br","date":"4 de March de 2024","format":false,"excerpt":"O vice-presidente Geraldo Alckmin homenageou na tarde desta segunda-feira (4) o ex-prefeito de Ribeir\u00e3o Preto Welson Gasparini, que morreu na manh\u00e3 de hoje. O prefeito de Ribeir\u00e3o Preto Duarte Nogueira, os deputados federais Baleia Rossi e Ricardo Silva, tamb\u00e9m homenagearam Welson Gasparini. Confira as homenagens ao ex-prefeito: \u201cO ex-prefeito Welson\u2026","rel":"","context":"In &quot;Not\u00edcias de Ribeir\u00e3o Preto-SP e Regi\u00e3o&quot;","block_context":{"text":"Not\u00edcias de Ribeir\u00e3o Preto-SP e Regi\u00e3o","link":"https:\/\/ismaelcolosi.com.br\/index.php\/category\/noticias-de-ribeirao-preto-sp-e-regiao-ismael-colosi\/"},"img":{"alt_text":"","src":"https:\/\/i0.wp.com\/ismaelcolosi.com.br\/wp-content\/uploads\/2024\/03\/Copia-de-Copia-de-TAMANHO-EXATO-PARA-FOTOS-NO-SISTEMA-NOVO-27.jpg?fit=1200%2C675&ssl=1&resize=350%2C200","width":350,"height":200,"srcset":"https:\/\/i0.wp.com\/ismaelcolosi.com.br\/wp-content\/uploads\/2024\/03\/Copia-de-Copia-de-TAMANHO-EXATO-PARA-FOTOS-NO-SISTEMA-NOVO-27.jpg?fit=1200%2C675&ssl=1&resize=350%2C200 1x, https:\/\/i0.wp.com\/ismaelcolosi.com.br\/wp-content\/uploads\/2024\/03\/Copia-de-Copia-de-TAMANHO-EXATO-PARA-FOTOS-NO-SISTEMA-NOVO-27.jpg?fit=1200%2C675&ssl=1&resize=525%2C300 1.5x, https:\/\/i0.wp.com\/ismaelcolosi.com.br\/wp-content\/uploads\/2024\/03\/Copia-de-Copia-de-TAMANHO-EXATO-PARA-FOTOS-NO-SISTEMA-NOVO-27.jpg?fit=1200%2C675&ssl=1&resize=700%2C400 2x, https:\/\/i0.wp.com\/ismaelcolosi.com.br\/wp-content\/uploads\/2024\/03\/Copia-de-Copia-de-TAMANHO-EXATO-PARA-FOTOS-NO-SISTEMA-NOVO-27.jpg?fit=1200%2C675&ssl=1&resize=1050%2C600 3x"},"classes":[]},{"id":7011,"url":"https:\/\/ismaelcolosi.com.br\/index.php\/2023\/11\/27\/adolescente-esfaqueia-mae-apos-ser-proibido-de-brincar-em-praca\/","url_meta":{"origin":17123,"position":5},"title":"Adolescente esfaqueia m\u00e3e ap\u00f3s ser proibido de brincar em pra\u00e7a","author":"ismaelcolosi.com.br","date":"27 de November de 2023","format":false,"excerpt":"Mulher teria levado quatro golpes de faca do filho de 13 anos por tentar mant\u00ea-lo em casa 27 de novembro de 2023 | 12:12 2Por: Adalberto LuqueUma mulher de 48 anos foi gravemente ferida, na tarde de domingo (26), ap\u00f3s receber quatro facadas do pr\u00f3prio filho. A mulher teria proibido\u2026","rel":"","context":"In &quot;Not\u00edcias de Ribeir\u00e3o Preto-SP e Regi\u00e3o&quot;","block_context":{"text":"Not\u00edcias de Ribeir\u00e3o Preto-SP e Regi\u00e3o","link":"https:\/\/ismaelcolosi.com.br\/index.php\/category\/noticias-de-ribeirao-preto-sp-e-regiao-ismael-colosi\/"},"img":{"alt_text":"","src":"https:\/\/i0.wp.com\/ismaelcolosi.com.br\/wp-content\/uploads\/2023\/11\/CPJ-Centro-Foto-Alfredo-Risk-1-scaled.jpg?fit=968%2C645&ssl=1&resize=350%2C200","width":350,"height":200,"srcset":"https:\/\/i0.wp.com\/ismaelcolosi.com.br\/wp-content\/uploads\/2023\/11\/CPJ-Centro-Foto-Alfredo-Risk-1-scaled.jpg?fit=968%2C645&ssl=1&resize=350%2C200 1x, https:\/\/i0.wp.com\/ismaelcolosi.com.br\/wp-content\/uploads\/2023\/11\/CPJ-Centro-Foto-Alfredo-Risk-1-scaled.jpg?fit=968%2C645&ssl=1&resize=525%2C300 1.5x, https:\/\/i0.wp.com\/ismaelcolosi.com.br\/wp-content\/uploads\/2023\/11\/CPJ-Centro-Foto-Alfredo-Risk-1-scaled.jpg?fit=968%2C645&ssl=1&resize=700%2C400 2x"},"classes":[]}],"jetpack_sharing_enabled":true,"jetpack_shortlink":"https:\/\/wp.me\/pfMlyK-4sb","_links":{"self":[{"href":"https:\/\/ismaelcolosi.com.br\/index.php\/wp-json\/wp\/v2\/posts\/17123","targetHints":{"allow":["GET"]}}],"collection":[{"href":"https:\/\/ismaelcolosi.com.br\/index.php\/wp-json\/wp\/v2\/posts"}],"about":[{"href":"https:\/\/ismaelcolosi.com.br\/index.php\/wp-json\/wp\/v2\/types\/post"}],"author":[{"embeddable":true,"href":"https:\/\/ismaelcolosi.com.br\/index.php\/wp-json\/wp\/v2\/users\/1"}],"replies":[{"embeddable":true,"href":"https:\/\/ismaelcolosi.com.br\/index.php\/wp-json\/wp\/v2\/comments?post=17123"}],"version-history":[{"count":0,"href":"https:\/\/ismaelcolosi.com.br\/index.php\/wp-json\/wp\/v2\/posts\/17123\/revisions"}],"wp:featuredmedia":[{"embeddable":true,"href":"https:\/\/ismaelcolosi.com.br\/index.php\/wp-json\/wp\/v2\/media\/17124"}],"wp:attachment":[{"href":"https:\/\/ismaelcolosi.com.br\/index.php\/wp-json\/wp\/v2\/media?parent=17123"}],"wp:term":[{"taxonomy":"category","embeddable":true,"href":"https:\/\/ismaelcolosi.com.br\/index.php\/wp-json\/wp\/v2\/categories?post=17123"},{"taxonomy":"post_tag","embeddable":true,"href":"https:\/\/ismaelcolosi.com.br\/index.php\/wp-json\/wp\/v2\/tags?post=17123"}],"curies":[{"name":"wp","href":"https:\/\/api.w.org\/{rel}","templated":true}]}}