{"id":16912,"date":"2023-12-16T21:27:51","date_gmt":"2023-12-17T00:27:51","guid":{"rendered":"https:\/\/ismaelcolosi.com.br\/index.php\/2023\/12\/16\/casal-que-jogou-recem-nascido-em-corrego-e-preso-pela-policia\/"},"modified":"2023-12-16T21:27:51","modified_gmt":"2023-12-17T00:27:51","slug":"casal-que-jogou-recem-nascido-em-corrego-e-preso-pela-policia","status":"publish","type":"post","link":"https:\/\/ismaelcolosi.com.br\/index.php\/2023\/12\/16\/casal-que-jogou-recem-nascido-em-corrego-e-preso-pela-policia\/","title":{"rendered":"Casal que jogou rec\u00e9m-nascido em c\u00f3rrego \u00e9 preso pela pol\u00edcia"},"content":{"rendered":"<p> [ad_1]<br \/>\n<\/p>\n<div itemprop=\"text\">\n<p>Nesta sexta-feira (15\/12), a Pol\u00edcia Civil chegou aos nomes do casal respons\u00e1vel por abandonar um rec\u00e9m nascido no munic\u00edpio de Palmeiras de Goi\u00e1s (GO). Os dois, segundo a pol\u00edcia, j\u00e1 foram presos.<\/p>\n<p>O beb\u00ea foi localizado no c\u00f3rrego Pontilh\u00e3o, dentro de um saco pl\u00e1stico. O crime foi flagrado por c\u00e2meras de seguran\u00e7a e o v\u00eddeo mostra o casal se aproximando do local, em uma moto, e descartando o corpo.<\/p>\n<p>O caso aconteceu no \u00faltimo dia 5 de dezembro e vinha sendo investigado. Na ocasi\u00e3o, uma den\u00fancia foi feita e a pol\u00edcia militar compareceu ao local, onde precisou acionar o Corpo de Bombeiros.<\/p>\n<p>Ao recuperar o saco pl\u00e1stico, que estava no c\u00f3rrego, as autoridades se depararam com o corpo de um rec\u00e9m-nascido, do sexo feminino, j\u00e1 sem vida. Ainda segundo as autoridades, o beb\u00ea ainda tinha o cord\u00e3o umbilical e estava enrolado em um len\u00e7ol.<\/p>\n<p>Agentes da Pol\u00edcia T\u00e9cnico-Cient\u00edfica estiveram no local e fizeram a per\u00edcia. O corpo foi encaminhado ao Instituto M\u00e9dico Legal. At\u00e9 o momento, n\u00e3o foram confirmadas informa\u00e7\u00f5es sobre a causa da morte.<\/p>\n<p>N\u00e3o se tem informa\u00e7\u00e3o ainda, por exemplo, se a beb\u00ea nasceu sem vida, ou se foi morta ap\u00f3s nascer. A investiga\u00e7\u00e3o do caso esta sendo conduzida pela Delegacia de Pol\u00edcia de Palmeiras de Goi\u00e1s.<\/p>\n<p>O casal foi encaminhado para uma penitenci\u00e1ria do pr\u00f3prio munic\u00edpio de Palmeiras de Goi\u00e1s, onde permanecem a disposi\u00e7\u00e3o da Justi\u00e7a. A pol\u00edcia n\u00e3o deu detalhes sobre a identifica\u00e7\u00e3o do casal.<\/p>\n<\/div>\n<p>[ad_2]<br \/>\n<br \/><a href=\"https:\/\/fnmais.com\/casal-que-jogou-recem-nascido-em-corrego-preso-pela-policia\/\" target=\"_blank\" rel=\"noopener\">Source link <\/a><\/p>\n<div class='code-block code-block-4' style='margin: 8px auto 8px 0; text-align: left; display: block; clear: both;'>\n\ud83d\udce2 Aviso Legal\n\nO site ismaelcolosi.com.br atua apenas como um canal de divulga\u00e7\u00e3o de oportunidades de emprego e n\u00e3o se responsabiliza pelo processo seletivo, contrata\u00e7\u00e3o ou qualquer outra etapa relacionada \u00e0s vagas publicadas. Todas as informa\u00e7\u00f5es s\u00e3o de responsabilidade dos anunciantes.\n\n\u26a0\ufe0f Aten\u00e7\u00e3o! Nunca pague por promessas de emprego nem compre cursos que garantam contrata\u00e7\u00e3o. Desconfie de qualquer cobran\u00e7a para participar de sele\u00e7\u00f5es.\n\n\n\n<\/div>\n<!-- CONTENT END 1 -->\n","protected":false},"excerpt":{"rendered":"<p>[ad_1] Nesta sexta-feira (15\/12), a Pol\u00edcia Civil chegou aos nomes do casal respons\u00e1vel por abandonar um rec\u00e9m nascido no munic\u00edpio de Palmeiras de Goi\u00e1s (GO). Os dois, segundo a pol\u00edcia, j\u00e1 foram presos. O beb\u00ea foi localizado no c\u00f3rrego Pontilh\u00e3o, dentro de um saco pl\u00e1stico. O crime foi flagrado por c\u00e2meras de seguran\u00e7a e o&hellip;&nbsp;<\/p>\n","protected":false},"author":1,"featured_media":16913,"comment_status":"open","ping_status":"open","sticky":false,"template":"","format":"standard","meta":{"_uag_custom_page_level_css":"","neve_meta_sidebar":"","neve_meta_container":"","neve_meta_enable_content_width":"","neve_meta_content_width":0,"neve_meta_title_alignment":"","neve_meta_author_avatar":"","neve_post_elements_order":"","neve_meta_disable_header":"","neve_meta_disable_footer":"","neve_meta_disable_title":"","_jetpack_newsletter_access":"","_jetpack_dont_email_post_to_subs":false,"_jetpack_newsletter_tier_id":0,"_jetpack_memberships_contains_paywalled_content":false,"_jetpack_memberships_contains_paid_content":false,"footnotes":""},"categories":[1],"tags":[],"class_list":["post-16912","post","type-post","status-publish","format-standard","has-post-thumbnail","hentry","category-blog"],"uagb_featured_image_src":{"full":["https:\/\/i0.wp.com\/ismaelcolosi.com.br\/wp-content\/uploads\/2023\/12\/postimg-657e3ecf10b624422.jpg?fit=1200%2C628&ssl=1",1200,628,false],"thumbnail":["https:\/\/i0.wp.com\/ismaelcolosi.com.br\/wp-content\/uploads\/2023\/12\/postimg-657e3ecf10b624422.jpg?resize=150%2C150&ssl=1",150,150,true],"medium":["https:\/\/i0.wp.com\/ismaelcolosi.com.br\/wp-content\/uploads\/2023\/12\/postimg-657e3ecf10b624422.jpg?fit=300%2C157&ssl=1",300,157,true],"medium_large":["https:\/\/i0.wp.com\/ismaelcolosi.com.br\/wp-content\/uploads\/2023\/12\/postimg-657e3ecf10b624422.jpg?fit=768%2C402&ssl=1",768,402,true],"large":["https:\/\/i0.wp.com\/ismaelcolosi.com.br\/wp-content\/uploads\/2023\/12\/postimg-657e3ecf10b624422.jpg?fit=1024%2C536&ssl=1",1024,536,true],"1536x1536":["https:\/\/i0.wp.com\/ismaelcolosi.com.br\/wp-content\/uploads\/2023\/12\/postimg-657e3ecf10b624422.jpg?fit=1200%2C628&ssl=1",1200,628,true],"2048x2048":["https:\/\/i0.wp.com\/ismaelcolosi.com.br\/wp-content\/uploads\/2023\/12\/postimg-657e3ecf10b624422.jpg?fit=1200%2C628&ssl=1",1200,628,true],"neve-blog":["https:\/\/i0.wp.com\/ismaelcolosi.com.br\/wp-content\/uploads\/2023\/12\/postimg-657e3ecf10b624422.jpg?resize=930%2C620&ssl=1",930,620,true]},"uagb_author_info":{"display_name":"ismaelcolosi.com.br","author_link":"https:\/\/ismaelcolosi.com.br\/author\/vidareal-online\/"},"uagb_comment_info":0,"uagb_excerpt":"[ad_1] Nesta sexta-feira (15\/12), a Pol\u00edcia Civil chegou aos nomes do casal respons\u00e1vel por abandonar um rec\u00e9m nascido no munic\u00edpio de Palmeiras de Goi\u00e1s (GO). Os dois, segundo a pol\u00edcia, j\u00e1 foram presos. O beb\u00ea foi localizado no c\u00f3rrego Pontilh\u00e3o, dentro de um saco pl\u00e1stico. O crime foi flagrado por c\u00e2meras de seguran\u00e7a e o&hellip;&nbsp;","jetpack-related-posts":[{"id":9200,"url":"https:\/\/ismaelcolosi.com.br\/index.php\/2023\/12\/01\/apos-cair-com-recem-nascido-no-colo-homem-parte-para-cima-da-enteada-de-7-anos-com-chutes-no-meio-da-rua-em-mg-e-imagens-sao-revoltantes\/","url_meta":{"origin":16912,"position":0},"title":"Ap\u00f3s cair com rec\u00e9m-nascido no colo, homem parte para cima da enteada de 7 anos com chutes no meio da rua em MG e imagens s\u00e3o revoltantes","author":"ismaelcolosi.com.br","date":"1 de Dezembro de 2023","format":false,"excerpt":"[ad_1] Um v\u00eddeo que est\u00e1 circulando nas redes sociais mostra o momento que um homem agride a pr\u00f3pria enteada, de apenas 7 anos de idade, no meio da rua. O homem foi identificado pelo nome de Altieres Rodrigues, de 38 anos de idade. O caso aconteceu na regi\u00e3o de Itapagipe,\u2026","rel":"","context":"In &quot;Blog&quot;","block_context":{"text":"Blog","link":"https:\/\/ismaelcolosi.com.br\/index.php\/category\/blog\/"},"img":{"alt_text":"","src":"https:\/\/i0.wp.com\/ismaelcolosi.com.br\/wp-content\/uploads\/2023\/12\/postimg-656a19682e87d1860.jpg?fit=1200%2C628&ssl=1&resize=350%2C200","width":350,"height":200,"srcset":"https:\/\/i0.wp.com\/ismaelcolosi.com.br\/wp-content\/uploads\/2023\/12\/postimg-656a19682e87d1860.jpg?fit=1200%2C628&ssl=1&resize=350%2C200 1x, https:\/\/i0.wp.com\/ismaelcolosi.com.br\/wp-content\/uploads\/2023\/12\/postimg-656a19682e87d1860.jpg?fit=1200%2C628&ssl=1&resize=525%2C300 1.5x, https:\/\/i0.wp.com\/ismaelcolosi.com.br\/wp-content\/uploads\/2023\/12\/postimg-656a19682e87d1860.jpg?fit=1200%2C628&ssl=1&resize=700%2C400 2x, https:\/\/i0.wp.com\/ismaelcolosi.com.br\/wp-content\/uploads\/2023\/12\/postimg-656a19682e87d1860.jpg?fit=1200%2C628&ssl=1&resize=1050%2C600 3x"},"classes":[]},{"id":54082,"url":"https:\/\/ismaelcolosi.com.br\/index.php\/2024\/06\/21\/corpo-e-encontrado-em-corrego-na-regiao-de-ribeirao-preto\/","url_meta":{"origin":16912,"position":1},"title":"Corpo \u00e9 encontrado em c\u00f3rrego na regi\u00e3o de Ribeir\u00e3o Preto","author":"ismaelcolosi.com.br","date":"21 de Junho de 2024","format":false,"excerpt":"[ad_1] Um homem foi encontrado morto dentro de um c\u00f3rrego em Franca, na regi\u00e3o de Ribeir\u00e3o Preto, na manh\u00e3 desta sexta-feira (21). O corpo foi retirado do c\u00f3rrego Cubat\u00e3o, que corta a avenida Ismael Alonso y Alonso, pelos Bombeiros. De acordo com apura\u00e7\u00e3o da EPTV, a v\u00edtima ainda n\u00e3o foi\u2026","rel":"","context":"In &quot;Not\u00edcias de Ribeir\u00e3o Preto-SP e Regi\u00e3o&quot;","block_context":{"text":"Not\u00edcias de Ribeir\u00e3o Preto-SP e Regi\u00e3o","link":"https:\/\/ismaelcolosi.com.br\/index.php\/category\/noticias-de-ribeirao-preto-sp-e-regiao-ismael-colosi\/"},"img":{"alt_text":"","src":"https:\/\/i0.wp.com\/ismaelcolosi.com.br\/wp-content\/uploads\/2024\/06\/AnyConv.com__corpo-corrego-franca_2024-06-21_13-57-39-scaled.webp.webp?fit=1200%2C583&ssl=1&resize=350%2C200","width":350,"height":200,"srcset":"https:\/\/i0.wp.com\/ismaelcolosi.com.br\/wp-content\/uploads\/2024\/06\/AnyConv.com__corpo-corrego-franca_2024-06-21_13-57-39-scaled.webp.webp?fit=1200%2C583&ssl=1&resize=350%2C200 1x, https:\/\/i0.wp.com\/ismaelcolosi.com.br\/wp-content\/uploads\/2024\/06\/AnyConv.com__corpo-corrego-franca_2024-06-21_13-57-39-scaled.webp.webp?fit=1200%2C583&ssl=1&resize=525%2C300 1.5x, https:\/\/i0.wp.com\/ismaelcolosi.com.br\/wp-content\/uploads\/2024\/06\/AnyConv.com__corpo-corrego-franca_2024-06-21_13-57-39-scaled.webp.webp?fit=1200%2C583&ssl=1&resize=700%2C400 2x, https:\/\/i0.wp.com\/ismaelcolosi.com.br\/wp-content\/uploads\/2024\/06\/AnyConv.com__corpo-corrego-franca_2024-06-21_13-57-39-scaled.webp.webp?fit=1200%2C583&ssl=1&resize=1050%2C600 3x"},"classes":[]},{"id":36040,"url":"https:\/\/ismaelcolosi.com.br\/index.php\/2024\/02\/08\/gcm-apreende-drogas-proximo-a-escola-da-zona-norte\/","url_meta":{"origin":16912,"position":2},"title":"GCM apreende drogas pr\u00f3ximo a escola da zona Norte","author":"ismaelcolosi.com.br","date":"8 de Fevereiro de 2024","format":false,"excerpt":"[ad_1] Viatura recebeu den\u00fancia de que estaria ocorrendo tumulto e, ao chegar ao local, ap\u00f3s fuga dos envolvidos, localizou droga enterrada em terreno 8 de fevereiro de 2024 | 7:147 de fevereiro de 2024 | 16:53 1Por: Adalberto LuqueV\u00e1rias por\u00e7\u00f5es de drogas foram apreendidas, na manh\u00e3 desta quarta-feira (07), pr\u00f3ximo\u2026","rel":"","context":"In &quot;Not\u00edcias de Ribeir\u00e3o Preto-SP e Regi\u00e3o&quot;","block_context":{"text":"Not\u00edcias de Ribeir\u00e3o Preto-SP e Regi\u00e3o","link":"https:\/\/ismaelcolosi.com.br\/index.php\/category\/noticias-de-ribeirao-preto-sp-e-regiao-ismael-colosi\/"},"img":{"alt_text":"","src":"https:\/\/i0.wp.com\/ismaelcolosi.com.br\/wp-content\/uploads\/2024\/02\/00-08-fev-2024-apreensao-gcm-01-foto-divulgacao-scaled.jpg?fit=967%2C645&ssl=1&resize=350%2C200","width":350,"height":200,"srcset":"https:\/\/i0.wp.com\/ismaelcolosi.com.br\/wp-content\/uploads\/2024\/02\/00-08-fev-2024-apreensao-gcm-01-foto-divulgacao-scaled.jpg?fit=967%2C645&ssl=1&resize=350%2C200 1x, https:\/\/i0.wp.com\/ismaelcolosi.com.br\/wp-content\/uploads\/2024\/02\/00-08-fev-2024-apreensao-gcm-01-foto-divulgacao-scaled.jpg?fit=967%2C645&ssl=1&resize=525%2C300 1.5x, https:\/\/i0.wp.com\/ismaelcolosi.com.br\/wp-content\/uploads\/2024\/02\/00-08-fev-2024-apreensao-gcm-01-foto-divulgacao-scaled.jpg?fit=967%2C645&ssl=1&resize=700%2C400 2x"},"classes":[]},{"id":51506,"url":"https:\/\/ismaelcolosi.com.br\/index.php\/2024\/05\/28\/policia-prende-homem-condenado-a-30-anos-por-matar-a-namorada-na-regiao-de-ribeirao\/","url_meta":{"origin":16912,"position":3},"title":"Pol\u00edcia prende homem condenado a 30 anos por matar a namorada na regi\u00e3o de Ribeir\u00e3o","author":"ismaelcolosi.com.br","date":"28 de Maio de 2024","format":false,"excerpt":"[ad_1] A Pol\u00edcia Civil de Sert\u00e3ozinho prendeu nesta ter\u00e7a-feira (28) Junio Cezar Roza Giorgetti, condenado a 30 anos de pris\u00e3o pelo assassinato da namorada em Sert\u00e3ozinho, na regi\u00e3o de Ribeir\u00e3o Preto. O crime ocorreu em 2013, quando a v\u00edtima, Vanessa Nobre Martins, tinha 19 anos. Segundo a pol\u00edcia, Junio, que\u2026","rel":"","context":"In &quot;Not\u00edcias de Ribeir\u00e3o Preto-SP e Regi\u00e3o&quot;","block_context":{"text":"Not\u00edcias de Ribeir\u00e3o Preto-SP e Regi\u00e3o","link":"https:\/\/ismaelcolosi.com.br\/index.php\/category\/noticias-de-ribeirao-preto-sp-e-regiao-ismael-colosi\/"},"img":{"alt_text":"","src":"https:\/\/i0.wp.com\/ismaelcolosi.com.br\/wp-content\/uploads\/2024\/05\/WhatsApp-Image-2024-05-28-at-08.40.33_2024-05-28_11-40-46_jpeg_2024-05-28_11-40-46.webp.webp?fit=1200%2C675&ssl=1&resize=350%2C200","width":350,"height":200,"srcset":"https:\/\/i0.wp.com\/ismaelcolosi.com.br\/wp-content\/uploads\/2024\/05\/WhatsApp-Image-2024-05-28-at-08.40.33_2024-05-28_11-40-46_jpeg_2024-05-28_11-40-46.webp.webp?fit=1200%2C675&ssl=1&resize=350%2C200 1x, https:\/\/i0.wp.com\/ismaelcolosi.com.br\/wp-content\/uploads\/2024\/05\/WhatsApp-Image-2024-05-28-at-08.40.33_2024-05-28_11-40-46_jpeg_2024-05-28_11-40-46.webp.webp?fit=1200%2C675&ssl=1&resize=525%2C300 1.5x, https:\/\/i0.wp.com\/ismaelcolosi.com.br\/wp-content\/uploads\/2024\/05\/WhatsApp-Image-2024-05-28-at-08.40.33_2024-05-28_11-40-46_jpeg_2024-05-28_11-40-46.webp.webp?fit=1200%2C675&ssl=1&resize=700%2C400 2x, https:\/\/i0.wp.com\/ismaelcolosi.com.br\/wp-content\/uploads\/2024\/05\/WhatsApp-Image-2024-05-28-at-08.40.33_2024-05-28_11-40-46_jpeg_2024-05-28_11-40-46.webp.webp?fit=1200%2C675&ssl=1&resize=1050%2C600 3x"},"classes":[]},{"id":52098,"url":"https:\/\/ismaelcolosi.com.br\/index.php\/2024\/06\/04\/corpo-e-encontrado-em-corrego-na-avenida-jeronimo-goncalves-em-ribeirao-preto\/","url_meta":{"origin":16912,"position":4},"title":"Corpo \u00e9 encontrado em c\u00f3rrego na avenida Jer\u00f4nimo Gon\u00e7alves em Ribeir\u00e3o Preto","author":"ismaelcolosi.com.br","date":"4 de Junho de 2024","format":false,"excerpt":"[ad_1] Um corpo foi encontrado na madrugada desta ter\u00e7a-feira (4), no ribeir\u00e3o Preto, na avenida Jer\u00f4nimo Gon\u00e7alves, em Ribeir\u00e3o Preto. Segundo as primeiras informa\u00e7\u00f5es, o corpo, que seria de um homem ainda sem identifica\u00e7\u00e3o, foi retirado da \u00e1gua por uma equipe dos Bombeiros, na altura do Terminal de \u00f4nibus Dra.\u00a0Evangelina\u2026","rel":"","context":"In &quot;Not\u00edcias de Ribeir\u00e3o Preto-SP e Regi\u00e3o&quot;","block_context":{"text":"Not\u00edcias de Ribeir\u00e3o Preto-SP e Regi\u00e3o","link":"https:\/\/ismaelcolosi.com.br\/index.php\/category\/noticias-de-ribeirao-preto-sp-e-regiao-ismael-colosi\/"},"img":{"alt_text":"","src":"https:\/\/i0.wp.com\/ismaelcolosi.com.br\/wp-content\/uploads\/2024\/06\/sirene_pm_1024x576_04022021085205.jpg?fit=1024%2C576&ssl=1&resize=350%2C200","width":350,"height":200,"srcset":"https:\/\/i0.wp.com\/ismaelcolosi.com.br\/wp-content\/uploads\/2024\/06\/sirene_pm_1024x576_04022021085205.jpg?fit=1024%2C576&ssl=1&resize=350%2C200 1x, https:\/\/i0.wp.com\/ismaelcolosi.com.br\/wp-content\/uploads\/2024\/06\/sirene_pm_1024x576_04022021085205.jpg?fit=1024%2C576&ssl=1&resize=525%2C300 1.5x, https:\/\/i0.wp.com\/ismaelcolosi.com.br\/wp-content\/uploads\/2024\/06\/sirene_pm_1024x576_04022021085205.jpg?fit=1024%2C576&ssl=1&resize=700%2C400 2x"},"classes":[]},{"id":75804,"url":"https:\/\/ismaelcolosi.com.br\/index.php\/2024\/11\/07\/pais-sao-presos-em-franca-suspeitos-da-morte-do-filho-de-53-dias-com-sinais-de-desnutricao\/","url_meta":{"origin":16912,"position":5},"title":"Pais S\u00e3o Presos em Franca Suspeitos da Morte do Filho de 53 Dias com Sinais de Desnutri\u00e7\u00e3o","author":"ismaelcolosi.com.br","date":"7 de Novembro de 2024","format":false,"excerpt":"[ad_1] Um caso tr\u00e1gico chocou a cidade de Franca, interior de S\u00e3o Paulo, quando um beb\u00ea de apenas 53 dias de vida foi encontrado morto com sinais evidentes de desnutri\u00e7\u00e3o. Os pais da crian\u00e7a foram presos e est\u00e3o sendo investigados pela pol\u00edcia, que apura as circunst\u00e2ncias que levaram \u00e0 morte\u2026","rel":"","context":"In &quot;Not\u00edcias de Ribeir\u00e3o Preto-SP e Regi\u00e3o&quot;","block_context":{"text":"Not\u00edcias de Ribeir\u00e3o Preto-SP e Regi\u00e3o","link":"https:\/\/ismaelcolosi.com.br\/index.php\/category\/noticias-de-ribeirao-preto-sp-e-regiao-ismael-colosi\/"},"img":{"alt_text":"","src":"https:\/\/i0.wp.com\/ismaelcolosi.com.br\/wp-content\/uploads\/2024\/11\/bebe.webp.webp?fit=1170%2C700&ssl=1&resize=350%2C200","width":350,"height":200,"srcset":"https:\/\/i0.wp.com\/ismaelcolosi.com.br\/wp-content\/uploads\/2024\/11\/bebe.webp.webp?fit=1170%2C700&ssl=1&resize=350%2C200 1x, https:\/\/i0.wp.com\/ismaelcolosi.com.br\/wp-content\/uploads\/2024\/11\/bebe.webp.webp?fit=1170%2C700&ssl=1&resize=525%2C300 1.5x, https:\/\/i0.wp.com\/ismaelcolosi.com.br\/wp-content\/uploads\/2024\/11\/bebe.webp.webp?fit=1170%2C700&ssl=1&resize=700%2C400 2x, https:\/\/i0.wp.com\/ismaelcolosi.com.br\/wp-content\/uploads\/2024\/11\/bebe.webp.webp?fit=1170%2C700&ssl=1&resize=1050%2C600 3x"},"classes":[]}],"jetpack_sharing_enabled":true,"jetpack_shortlink":"https:\/\/wp.me\/pfMlyK-4oM","jetpack_featured_media_url":"https:\/\/i0.wp.com\/ismaelcolosi.com.br\/wp-content\/uploads\/2023\/12\/postimg-657e3ecf10b624422.jpg?fit=1200%2C628&ssl=1","_links":{"self":[{"href":"https:\/\/ismaelcolosi.com.br\/index.php\/wp-json\/wp\/v2\/posts\/16912","targetHints":{"allow":["GET"]}}],"collection":[{"href":"https:\/\/ismaelcolosi.com.br\/index.php\/wp-json\/wp\/v2\/posts"}],"about":[{"href":"https:\/\/ismaelcolosi.com.br\/index.php\/wp-json\/wp\/v2\/types\/post"}],"author":[{"embeddable":true,"href":"https:\/\/ismaelcolosi.com.br\/index.php\/wp-json\/wp\/v2\/users\/1"}],"replies":[{"embeddable":true,"href":"https:\/\/ismaelcolosi.com.br\/index.php\/wp-json\/wp\/v2\/comments?post=16912"}],"version-history":[{"count":0,"href":"https:\/\/ismaelcolosi.com.br\/index.php\/wp-json\/wp\/v2\/posts\/16912\/revisions"}],"wp:featuredmedia":[{"embeddable":true,"href":"https:\/\/ismaelcolosi.com.br\/index.php\/wp-json\/wp\/v2\/media\/16913"}],"wp:attachment":[{"href":"https:\/\/ismaelcolosi.com.br\/index.php\/wp-json\/wp\/v2\/media?parent=16912"}],"wp:term":[{"taxonomy":"category","embeddable":true,"href":"https:\/\/ismaelcolosi.com.br\/index.php\/wp-json\/wp\/v2\/categories?post=16912"},{"taxonomy":"post_tag","embeddable":true,"href":"https:\/\/ismaelcolosi.com.br\/index.php\/wp-json\/wp\/v2\/tags?post=16912"}],"curies":[{"name":"wp","href":"https:\/\/api.w.org\/{rel}","templated":true}]}}