{"id":16894,"date":"2023-12-16T20:09:45","date_gmt":"2023-12-16T23:09:45","guid":{"rendered":"https:\/\/ismaelcolosi.com.br\/index.php\/2023\/12\/16\/catraca-livre-revela-quais-sao-os-10-destinos-de-viagem-favoritos-dos-brasileiros\/"},"modified":"2023-12-16T20:09:45","modified_gmt":"2023-12-16T23:09:45","slug":"catraca-livre-revela-quais-sao-os-10-destinos-de-viagem-favoritos-dos-brasileiros","status":"publish","type":"post","link":"https:\/\/ismaelcolosi.com.br\/index.php\/2023\/12\/16\/catraca-livre-revela-quais-sao-os-10-destinos-de-viagem-favoritos-dos-brasileiros\/","title":{"rendered":"Catraca Livre revela quais s\u00e3o os 10 destinos de viagem favoritos dos brasileiros"},"content":{"rendered":"<p> [ad_1]<br \/>\n<\/p>\n<div>\n<p>Fernando de Noronha, Pantanal ou Amaz\u00f4nia? A <a href=\"https:\/\/preply.com\/pt\/\" target=\"_blank\" rel=\"noopener\">Preply<\/a>, plataforma de estudos de idiomas online, fez uma <a href=\"https:\/\/catracalivre.com.br\/viagem-livre\/turistas-elegem-cidade-brasileira-como-uma-das-piores-do-mundo\/\" target=\"_blank\" rel=\"noopener\">pesquisa para descobrir<\/a> quais s\u00e3o os destinos favorito dos brasileiros? Esque\u00e7a as tr\u00eas op\u00e7\u00f5es listadas no come\u00e7o. A queridinha da vez \u00e9 a Bahia!<\/p>\n<p>Destino multicultural, o estado nordestino lidera a prefer\u00eancia dos brasileiros para viajar nos pr\u00f3ximos meses.<\/p>\n<div id=\"attachment_2328504\" class=\"wp-caption aligncenter\">\n<div class=\"d-flex justify-content-center\" data-attachment-id=\"2328504\">\n<div class=\"position-relative d-inline-block\"><img data-recalc-dims=\"1\" data-portal-copyright=\"Camila1111\/iStock\" fetchpriority=\"high\" decoding=\"async\" class=\"size-large wp-image-2328504\" src=\"https:\/\/i0.wp.com\/catracalivre.com.br\/wp-content\/uploads\/2023\/12\/itacare-bahia-910x589.jpg?resize=910%2C589&#038;ssl=1\" alt=\"Praia da Engenhoca, em Itacar\u00e9, no sul da Bahia; estado \u00e9 o destino preferidos dos viajantes brasileiros\" width=\"910\" height=\"589\" srcset=\"https:\/\/catracalivre.com.br\/wp-content\/uploads\/2023\/12\/itacare-bahia-910x589.jpg 910w, https:\/\/catracalivre.com.br\/wp-content\/uploads\/2023\/12\/itacare-bahia-450x292.jpg 450w, https:\/\/catracalivre.com.br\/wp-content\/uploads\/2023\/12\/itacare-bahia-768x498.jpg 768w\" sizes=\"(max-width: 910px) 100vw, 910px\"\/><\/p>\n<p>Cr\u00e9ditos: Camila1111\/iStock<\/p>\n<\/div>\n<\/div>\n<p><span class=\"post-imagem__legenda\">Praia da Engenhoca, em Itacar\u00e9, no sul da Bahia; estado \u00e9 o destino preferidos dos viajantes brasileiros<\/span><\/p>\n<\/div>\n<p>A Bahia foi escolhida por 27% dos entrevistados, enquanto Santa Catarina e Rio de Janeiro ficaram com a segunda e a terceira coloca\u00e7\u00f5es com 25% e 23% das inten\u00e7\u00f5es, respectivamente.<\/p>\n<p>Os principais motivos, segundo os entrevistados, est\u00e3o o ritmo do ax\u00e9 e os sabores t\u00edpicos da gastronomia baiana.<\/p>\n<p>Completam o top 10 Cear\u00e1 (22%); Rio Grande do Sul (20%); S\u00e3o Paulo, Minas Gerais e Pernambuco (16%);<br \/>Alagoas e Rio Grande do Norte (13%); Maranh\u00e3o (11%); Amazonas (10%) e Paran\u00e1 (8%).<\/p>\n<p>A pesquisa revelou ainda que 61% dos brasileiros desejam realizar uma viagem de turismo nos pr\u00f3ximos 12 meses com o intuito de explorar novas culturas, destinos ex\u00f3ticos e viver experi\u00eancias \u00fanicas.<\/p>\n<p>O levantamento tamb\u00e9m observou que 19% pretendem realizar viagens de neg\u00f3cios\/trabalho, seguido de 18% que devem realizar interc\u00e2mbios para o estudo de idiomas em outros pa\u00edses.<\/p>\n<h2>Destinos internacionais<\/h2>\n<p>Quando se trata de destinos internacionais, os resultados da pesquisa da Preply revelam um gosto diversificado entre os brasileiros.<\/p>\n<p>A Europa lidera a prefer\u00eancia, com 23% dos entrevistados demonstrando interesse em explorar as riquezas deste continente cheio de cultura e hist\u00f3ria.<\/p>\n<p>Os Estados Unidos e o Canad\u00e1 tamb\u00e9m s\u00e3o destinos altamente procurados, com 20% manifestando o seu desejo de visitar esses pa\u00edses.<\/p>\n<p>J\u00e1 a Am\u00e9rica Latina atraiu 16% dos entrevistados, enquanto a \u00c1sia e a \u00c1frica figuram com 5% e 3% de interesse, respectivamente.<\/p>\n<\/div>\n<p><script>\n\t\t! function(f, b, e, v, n, t, s) {\n\t\t\tif (f.fbq) return;\n\t\t\tn = f.fbq = function() {\n\t\t\t\tn.callMethod ?\n\t\t\t\t\tn.callMethod.apply(n, arguments) : n.queue.push(arguments)\n\t\t\t};\n\t\t\tif (!f._fbq) f._fbq = n;\n\t\t\tn.push = n;\n\t\t\tn.loaded = !0;\n\t\t\tn.version = '2.0';\n\t\t\tn.queue = [];\n\t\t\tt = b.createElement(e);\n\t\t\tt.async = !0;\n\t\t\tt.src = v;\n\t\t\ts = b.getElementsByTagName(e)[0];\n\t\t\ts.parentNode.insertBefore(t, s)\n\t\t}(window, document, 'script',\n\t\t\t'https:\/\/connect.facebook.net\/en_US\/fbevents.js');\n\t\tfbq('init', '338315473262380');\n\t\tfbq('track', 'PageView');\n\t<\/script><br \/>\n<br \/>[ad_2]<br \/>\n<br \/><a href=\"https:\/\/catracalivre.com.br\/viagem-livre\/catraca-livre-revela-quais-sao-os-10-destinos-de-viagem-favoritos-dos-brasileiros\/\" target=\"_blank\" rel=\"noopener\">Source link <\/a><\/p>\n<div class='code-block code-block-4' style='margin: 8px auto 8px 0; text-align: left; display: block; clear: both;'>\n\ud83d\udce2 Aviso Legal\n\nO site ismaelcolosi.com.br atua apenas como um canal de divulga\u00e7\u00e3o de oportunidades de emprego e n\u00e3o se responsabiliza pelo processo seletivo, contrata\u00e7\u00e3o ou qualquer outra etapa relacionada \u00e0s vagas publicadas. Todas as informa\u00e7\u00f5es s\u00e3o de responsabilidade dos anunciantes.\n\n\u26a0\ufe0f Aten\u00e7\u00e3o! Nunca pague por promessas de emprego nem compre cursos que garantam contrata\u00e7\u00e3o. Desconfie de qualquer cobran\u00e7a para participar de sele\u00e7\u00f5es.\n\n\n\n<\/div>\n<!-- CONTENT END 1 -->\n","protected":false},"excerpt":{"rendered":"<p>[ad_1] Fernando de Noronha, Pantanal ou Amaz\u00f4nia? A Preply, plataforma de estudos de idiomas online, fez uma pesquisa para descobrir quais s\u00e3o os destinos favorito dos brasileiros? Esque\u00e7a as tr\u00eas op\u00e7\u00f5es listadas no come\u00e7o. A queridinha da vez \u00e9 a Bahia! Destino multicultural, o estado nordestino lidera a prefer\u00eancia dos brasileiros para viajar nos pr\u00f3ximos&hellip;&nbsp;<\/p>\n","protected":false},"author":1,"featured_media":16895,"comment_status":"open","ping_status":"open","sticky":false,"template":"","format":"standard","meta":{"_uag_custom_page_level_css":"","neve_meta_sidebar":"","neve_meta_container":"","neve_meta_enable_content_width":"","neve_meta_content_width":0,"neve_meta_title_alignment":"","neve_meta_author_avatar":"","neve_post_elements_order":"","neve_meta_disable_header":"","neve_meta_disable_footer":"","neve_meta_disable_title":"","_jetpack_newsletter_access":"","_jetpack_dont_email_post_to_subs":false,"_jetpack_newsletter_tier_id":0,"_jetpack_memberships_contains_paywalled_content":false,"_jetpack_memberships_contains_paid_content":false,"footnotes":""},"categories":[19],"tags":[],"class_list":["post-16894","post","type-post","status-publish","format-standard","has-post-thumbnail","hentry","category-variedades"],"uagb_featured_image_src":{"full":["https:\/\/i0.wp.com\/ismaelcolosi.com.br\/wp-content\/uploads\/2023\/12\/itacare-bahia.jpg?fit=1200%2C638&ssl=1",1200,638,false],"thumbnail":["https:\/\/i0.wp.com\/ismaelcolosi.com.br\/wp-content\/uploads\/2023\/12\/itacare-bahia.jpg?resize=150%2C150&ssl=1",150,150,true],"medium":["https:\/\/i0.wp.com\/ismaelcolosi.com.br\/wp-content\/uploads\/2023\/12\/itacare-bahia.jpg?fit=300%2C160&ssl=1",300,160,true],"medium_large":["https:\/\/i0.wp.com\/ismaelcolosi.com.br\/wp-content\/uploads\/2023\/12\/itacare-bahia.jpg?fit=768%2C408&ssl=1",768,408,true],"large":["https:\/\/i0.wp.com\/ismaelcolosi.com.br\/wp-content\/uploads\/2023\/12\/itacare-bahia.jpg?fit=1024%2C544&ssl=1",1024,544,true],"1536x1536":["https:\/\/i0.wp.com\/ismaelcolosi.com.br\/wp-content\/uploads\/2023\/12\/itacare-bahia.jpg?fit=1200%2C638&ssl=1",1200,638,true],"2048x2048":["https:\/\/i0.wp.com\/ismaelcolosi.com.br\/wp-content\/uploads\/2023\/12\/itacare-bahia.jpg?fit=1200%2C638&ssl=1",1200,638,true],"neve-blog":["https:\/\/i0.wp.com\/ismaelcolosi.com.br\/wp-content\/uploads\/2023\/12\/itacare-bahia.jpg?resize=930%2C620&ssl=1",930,620,true]},"uagb_author_info":{"display_name":"ismaelcolosi.com.br","author_link":"https:\/\/ismaelcolosi.com.br\/author\/vidareal-online\/"},"uagb_comment_info":0,"uagb_excerpt":"[ad_1] Fernando de Noronha, Pantanal ou Amaz\u00f4nia? A Preply, plataforma de estudos de idiomas online, fez uma pesquisa para descobrir quais s\u00e3o os destinos favorito dos brasileiros? Esque\u00e7a as tr\u00eas op\u00e7\u00f5es listadas no come\u00e7o. A queridinha da vez \u00e9 a Bahia! Destino multicultural, o estado nordestino lidera a prefer\u00eancia dos brasileiros para viajar nos pr\u00f3ximos&hellip;&nbsp;","jetpack-related-posts":[{"id":22114,"url":"https:\/\/ismaelcolosi.com.br\/index.php\/2023\/12\/29\/os-10-destinos-mais-buscados-pelos-brasileiros-no-google\/","url_meta":{"origin":16894,"position":0},"title":"Os 10 destinos mais buscados pelos brasileiros no Google","author":"ismaelcolosi.com.br","date":"29 de Dezembro de 2023","format":false,"excerpt":"[ad_1] Levantamento do Google apontou os dez destinos tur\u00edsticos mais buscados pelos brasileiros na plataforma entre os meses de janeiro e in\u00edcio de dezembro de 2023. A pesquisa, publicada no portal G1, revela que das dez cidades da lista, cinco est\u00e3o no Nordeste, duas do Sudeste e duas do Sul,\u2026","rel":"","context":"In &quot;Variedades&quot;","block_context":{"text":"Variedades","link":"https:\/\/ismaelcolosi.com.br\/index.php\/category\/variedades\/"},"img":{"alt_text":"","src":"https:\/\/i0.wp.com\/ismaelcolosi.com.br\/wp-content\/uploads\/2023\/12\/porto-seguro-divulgacao-cvc-scaled.jpg?fit=1200%2C638&ssl=1&resize=350%2C200","width":350,"height":200,"srcset":"https:\/\/i0.wp.com\/ismaelcolosi.com.br\/wp-content\/uploads\/2023\/12\/porto-seguro-divulgacao-cvc-scaled.jpg?fit=1200%2C638&ssl=1&resize=350%2C200 1x, https:\/\/i0.wp.com\/ismaelcolosi.com.br\/wp-content\/uploads\/2023\/12\/porto-seguro-divulgacao-cvc-scaled.jpg?fit=1200%2C638&ssl=1&resize=525%2C300 1.5x, https:\/\/i0.wp.com\/ismaelcolosi.com.br\/wp-content\/uploads\/2023\/12\/porto-seguro-divulgacao-cvc-scaled.jpg?fit=1200%2C638&ssl=1&resize=700%2C400 2x, https:\/\/i0.wp.com\/ismaelcolosi.com.br\/wp-content\/uploads\/2023\/12\/porto-seguro-divulgacao-cvc-scaled.jpg?fit=1200%2C638&ssl=1&resize=1050%2C600 3x"},"classes":[]},{"id":31167,"url":"https:\/\/ismaelcolosi.com.br\/index.php\/2024\/01\/21\/top-10-destinos-internacionais-mais-visitados-pelos-brasileiros\/","url_meta":{"origin":16894,"position":1},"title":"Top 10 destinos internacionais mais visitados pelos brasileiros","author":"ismaelcolosi.com.br","date":"21 de Janeiro de 2024","format":false,"excerpt":"[ad_1] Nos \u00faltimos anos, os brasileiros t\u00eam expandido cada vez mais seus horizontes ao decidir para onde ir\u00e3o em suas f\u00e9rias. O gosto pela aventura, a busca por novas culturas e experi\u00eancias, a melhoria do poder de compra, a facilidade de acesso a informa\u00e7\u00f5es e a crescente conectividade a\u00e9rea contribu\u00edram\u2026","rel":"","context":"In &quot;Blog&quot;","block_context":{"text":"Blog","link":"https:\/\/ismaelcolosi.com.br\/index.php\/category\/blog\/"},"img":{"alt_text":"","src":"https:\/\/i0.wp.com\/ismaelcolosi.com.br\/wp-content\/uploads\/2024\/01\/viagens-internacionais.png?fit=600%2C384&ssl=1&resize=350%2C200","width":350,"height":200,"srcset":"https:\/\/i0.wp.com\/ismaelcolosi.com.br\/wp-content\/uploads\/2024\/01\/viagens-internacionais.png?fit=600%2C384&ssl=1&resize=350%2C200 1x, https:\/\/i0.wp.com\/ismaelcolosi.com.br\/wp-content\/uploads\/2024\/01\/viagens-internacionais.png?fit=600%2C384&ssl=1&resize=525%2C300 1.5x"},"classes":[]},{"id":20338,"url":"https:\/\/ismaelcolosi.com.br\/index.php\/2023\/12\/25\/estes-sao-os-destinos-mais-desejados-pelos-brasileiros-para-os-proximos-meses\/","url_meta":{"origin":16894,"position":2},"title":"Estes s\u00e3o os destinos mais desejados pelos brasileiros para os pr\u00f3ximos meses","author":"ismaelcolosi.com.br","date":"25 de Dezembro de 2023","format":false,"excerpt":"[ad_1] Pesquisa revelou quais os destinos mais desejados pelos brasileiros para viajar nos pr\u00f3ximos meses. Esque\u00e7a as praias paradis\u00edacas do Nordeste ou as belezas naturais do Norte e Centro-Oeste. Rio de Janeiro, S\u00e3o Paulo e Belo Horizonte se destacam no levantamento realizado pelo Instituto Qualibest. As prefer\u00eancias revelam n\u00e3o apenas\u2026","rel":"","context":"In &quot;Variedades&quot;","block_context":{"text":"Variedades","link":"https:\/\/ismaelcolosi.com.br\/index.php\/category\/variedades\/"},"img":{"alt_text":"","src":"https:\/\/i0.wp.com\/ismaelcolosi.com.br\/wp-content\/uploads\/2023\/12\/praia-de-copacabana.jpg?fit=1200%2C638&ssl=1&resize=350%2C200","width":350,"height":200,"srcset":"https:\/\/i0.wp.com\/ismaelcolosi.com.br\/wp-content\/uploads\/2023\/12\/praia-de-copacabana.jpg?fit=1200%2C638&ssl=1&resize=350%2C200 1x, https:\/\/i0.wp.com\/ismaelcolosi.com.br\/wp-content\/uploads\/2023\/12\/praia-de-copacabana.jpg?fit=1200%2C638&ssl=1&resize=525%2C300 1.5x, https:\/\/i0.wp.com\/ismaelcolosi.com.br\/wp-content\/uploads\/2023\/12\/praia-de-copacabana.jpg?fit=1200%2C638&ssl=1&resize=700%2C400 2x, https:\/\/i0.wp.com\/ismaelcolosi.com.br\/wp-content\/uploads\/2023\/12\/praia-de-copacabana.jpg?fit=1200%2C638&ssl=1&resize=1050%2C600 3x"},"classes":[]},{"id":12887,"url":"https:\/\/ismaelcolosi.com.br\/index.php\/2023\/12\/08\/7-passeios-totalmente-gratuitos-para-fazer-em-buenos-aires\/","url_meta":{"origin":16894,"position":3},"title":"7 passeios totalmente gratuitos para fazer em Buenos Aires","author":"ismaelcolosi.com.br","date":"8 de Dezembro de 2023","format":false,"excerpt":"[ad_1] Que Buenos Aires foi o destino internacional favorito dos brasileiros este ano, n\u00e3o \u00e9 novidade para ningu\u00e9m. O que n\u00e3o falta na internet s\u00e3o postagens nas redes sociais e reportagens com dicas do que fazer, onde comer e o que comprar na capital da Argentina. O principal motivo? A\u2026","rel":"","context":"In &quot;Variedades&quot;","block_context":{"text":"Variedades","link":"https:\/\/ismaelcolosi.com.br\/index.php\/category\/variedades\/"},"img":{"alt_text":"","src":"https:\/\/i0.wp.com\/ismaelcolosi.com.br\/wp-content\/uploads\/2023\/12\/buenos-aires-tango.jpg?fit=1200%2C638&ssl=1&resize=350%2C200","width":350,"height":200,"srcset":"https:\/\/i0.wp.com\/ismaelcolosi.com.br\/wp-content\/uploads\/2023\/12\/buenos-aires-tango.jpg?fit=1200%2C638&ssl=1&resize=350%2C200 1x, https:\/\/i0.wp.com\/ismaelcolosi.com.br\/wp-content\/uploads\/2023\/12\/buenos-aires-tango.jpg?fit=1200%2C638&ssl=1&resize=525%2C300 1.5x, https:\/\/i0.wp.com\/ismaelcolosi.com.br\/wp-content\/uploads\/2023\/12\/buenos-aires-tango.jpg?fit=1200%2C638&ssl=1&resize=700%2C400 2x, https:\/\/i0.wp.com\/ismaelcolosi.com.br\/wp-content\/uploads\/2023\/12\/buenos-aires-tango.jpg?fit=1200%2C638&ssl=1&resize=1050%2C600 3x"},"classes":[]},{"id":16232,"url":"https:\/\/ismaelcolosi.com.br\/index.php\/2023\/12\/15\/africa-do-sul-e-destino-acessivel-ao-bolso-dos-brasileiros\/","url_meta":{"origin":16894,"position":4},"title":"\u00c1frica do Sul \u00e9 destino acess\u00edvel ao bolso dos brasileiros","author":"ismaelcolosi.com.br","date":"15 de Dezembro de 2023","format":false,"excerpt":"[ad_1] A \u00c1frica do Sul voltou ao radar dos turistas brasileiros. Os recentes voos entre os dois pa\u00edses tornaram o destino mais perto e acess\u00edvel, principalmente ao bolso. Cr\u00e9ditos: Maur\u00edcio CostaCape Town, na \u00c1frica do sul Desde o final de outubro, a South African Airways (SAA) voltou a operar voos\u2026","rel":"","context":"In &quot;Variedades&quot;","block_context":{"text":"Variedades","link":"https:\/\/ismaelcolosi.com.br\/index.php\/category\/variedades\/"},"img":{"alt_text":"","src":"https:\/\/i0.wp.com\/ismaelcolosi.com.br\/wp-content\/uploads\/2023\/12\/img-1313.jpg?fit=1200%2C638&ssl=1&resize=350%2C200","width":350,"height":200,"srcset":"https:\/\/i0.wp.com\/ismaelcolosi.com.br\/wp-content\/uploads\/2023\/12\/img-1313.jpg?fit=1200%2C638&ssl=1&resize=350%2C200 1x, https:\/\/i0.wp.com\/ismaelcolosi.com.br\/wp-content\/uploads\/2023\/12\/img-1313.jpg?fit=1200%2C638&ssl=1&resize=525%2C300 1.5x, https:\/\/i0.wp.com\/ismaelcolosi.com.br\/wp-content\/uploads\/2023\/12\/img-1313.jpg?fit=1200%2C638&ssl=1&resize=700%2C400 2x, https:\/\/i0.wp.com\/ismaelcolosi.com.br\/wp-content\/uploads\/2023\/12\/img-1313.jpg?fit=1200%2C638&ssl=1&resize=1050%2C600 3x"},"classes":[]},{"id":59975,"url":"https:\/\/ismaelcolosi.com.br\/index.php\/2024\/08\/13\/concurso-do-bndes-tem-mais-de-63-mil-pedidos-de-inscricao-a-seis-dias-do-fim-do-prazo\/","url_meta":{"origin":16894,"position":5},"title":"Concurso do BNDES tem mais de 63 mil pedidos de inscri\u00e7\u00e3o a seis dias do fim do prazo","author":"ismaelcolosi.com.br","date":"13 de Agosto de 2024","format":false,"excerpt":"[ad_1] Da reda\u00e7\u00e3oi Da reda\u00e7\u00e3o 13\/08\/2024 - 16:14 O BNDES divulgou que j\u00e1 foram recebidos mais de 63 mil pedidos de inscri\u00e7\u00e3o no concurso p\u00fablico para trabalhar na institui\u00e7\u00e3o. Deste total, mais de 35,6 mil inscri\u00e7\u00f5es j\u00e1 foram confirmadas, ou seja, tiveram pagamento conclu\u00eddo ou isen\u00e7\u00e3o de taxa comprovada. O\u2026","rel":"","context":"In &quot;Empregos - Classificados&quot;","block_context":{"text":"Empregos - Classificados","link":"https:\/\/ismaelcolosi.com.br\/index.php\/category\/empregos-classificados-vagas-trabalho\/"},"img":{"alt_text":"","src":"https:\/\/i0.wp.com\/ismaelcolosi.com.br\/wp-content\/uploads\/2024\/08\/tagreuters.com2024binary_LYNXMPEK7C0GS-VIEWIMAGE.jpg?fit=450%2C272&ssl=1&resize=350%2C200","width":350,"height":200},"classes":[]}],"jetpack_sharing_enabled":true,"jetpack_shortlink":"https:\/\/wp.me\/pfMlyK-4ou","jetpack_featured_media_url":"https:\/\/i0.wp.com\/ismaelcolosi.com.br\/wp-content\/uploads\/2023\/12\/itacare-bahia.jpg?fit=1200%2C638&ssl=1","_links":{"self":[{"href":"https:\/\/ismaelcolosi.com.br\/index.php\/wp-json\/wp\/v2\/posts\/16894","targetHints":{"allow":["GET"]}}],"collection":[{"href":"https:\/\/ismaelcolosi.com.br\/index.php\/wp-json\/wp\/v2\/posts"}],"about":[{"href":"https:\/\/ismaelcolosi.com.br\/index.php\/wp-json\/wp\/v2\/types\/post"}],"author":[{"embeddable":true,"href":"https:\/\/ismaelcolosi.com.br\/index.php\/wp-json\/wp\/v2\/users\/1"}],"replies":[{"embeddable":true,"href":"https:\/\/ismaelcolosi.com.br\/index.php\/wp-json\/wp\/v2\/comments?post=16894"}],"version-history":[{"count":0,"href":"https:\/\/ismaelcolosi.com.br\/index.php\/wp-json\/wp\/v2\/posts\/16894\/revisions"}],"wp:featuredmedia":[{"embeddable":true,"href":"https:\/\/ismaelcolosi.com.br\/index.php\/wp-json\/wp\/v2\/media\/16895"}],"wp:attachment":[{"href":"https:\/\/ismaelcolosi.com.br\/index.php\/wp-json\/wp\/v2\/media?parent=16894"}],"wp:term":[{"taxonomy":"category","embeddable":true,"href":"https:\/\/ismaelcolosi.com.br\/index.php\/wp-json\/wp\/v2\/categories?post=16894"},{"taxonomy":"post_tag","embeddable":true,"href":"https:\/\/ismaelcolosi.com.br\/index.php\/wp-json\/wp\/v2\/tags?post=16894"}],"curies":[{"name":"wp","href":"https:\/\/api.w.org\/{rel}","templated":true}]}}