{"id":16889,"date":"2023-12-16T19:52:23","date_gmt":"2023-12-16T22:52:23","guid":{"rendered":"https:\/\/ismaelcolosi.com.br\/index.php\/2023\/12\/16\/substancia-presente-em-fruta-pode-prevenir-cancer\/"},"modified":"2023-12-16T19:52:23","modified_gmt":"2023-12-16T22:52:23","slug":"substancia-presente-em-fruta-pode-prevenir-cancer","status":"publish","type":"post","link":"https:\/\/ismaelcolosi.com.br\/index.php\/2023\/12\/16\/substancia-presente-em-fruta-pode-prevenir-cancer\/","title":{"rendered":"Subst\u00e2ncia presente em fruta pode prevenir c\u00e2ncer"},"content":{"rendered":"<p> [ad_1]<br \/>\n<\/p>\n<div>\n<div id=\"attachment_2327684\" class=\"wp-caption alignnone\">\n<div class=\"d-flex justify-content-center\" data-attachment-id=\"2327684\">\n<div class=\"position-relative d-inline-block\"><img data-recalc-dims=\"1\" data-portal-copyright=\"Getty Images\/iStockphoto\" fetchpriority=\"high\" decoding=\"async\" class=\"wp-image-2327684 size-full\" src=\"https:\/\/i0.wp.com\/catracalivre.com.br\/wp-content\/uploads\/2023\/12\/istock-826939388.jpg?resize=1200%2C800&#038;ssl=1\" alt=\"A rela\u00e7\u00e3o entre a fruta e a preven\u00e7\u00e3o do c\u00e2ncer no sistema digestivo tem sido considerada uma das descobertas mais not\u00e1veis desses estudos \u2013 iStock\/Getty Images\" width=\"1200\" height=\"800\" srcset=\"https:\/\/catracalivre.com.br\/wp-content\/uploads\/2023\/12\/istock-826939388.jpg 1254w, https:\/\/catracalivre.com.br\/wp-content\/uploads\/2023\/12\/istock-826939388-450x300.jpg 450w, https:\/\/catracalivre.com.br\/wp-content\/uploads\/2023\/12\/istock-826939388-768x512.jpg 768w\" sizes=\"(max-width: 1254px) 100vw, 1254px\"\/><\/p>\n<p>Cr\u00e9ditos: Getty Images\/iStockphoto<\/p>\n<\/div>\n<\/div>\n<p><span class=\"post-imagem__legenda\">A rela\u00e7\u00e3o entre a fruta e a preven\u00e7\u00e3o do c\u00e2ncer no sistema digestivo tem sido considerada uma das descobertas mais not\u00e1veis desses estudos \u2013 iStock\/Getty Images<\/span><\/p>\n<\/div>\n<p>Diversos benef\u00edcios surpreendentes associados ao consumo regular de melancia ganharam destaque em uma s\u00e9rie de pesquisas publicadas no <strong><a href=\"https:\/\/www.mdpi.com\/journal\/nutrients\" target=\"_blank\" rel=\"noopener\">peri\u00f3dico cient\u00edfico Nutrients<\/a>. <\/strong>A fruta, al\u00e9m de ser uma escolha refrescante e saborosa para <strong><a href=\"https:\/\/catracalivre.com.br\/equilibre-se\/dicas-para-nao-desistir-da-rotina-de-treinos-nos-dias-quentes\/\" target=\"_blank\" rel=\"noopener\">dias quentes<\/a><\/strong>, \u00e9 considerada uma aliada na promo\u00e7\u00e3o da sa\u00fade geral, principalmente no que diz respeito ao sistema digestivo.<\/p>\n<h2>Por que esta fruta previne o c\u00e2ncer?<\/h2>\n<p>A rela\u00e7\u00e3o entre a melancia e a preven\u00e7\u00e3o do c\u00e2ncer no sistema digestivo tem sido considerada uma das descobertas mais not\u00e1veis desses estudos. Segundo especialistas, isso se deve \u00e0 presen\u00e7a do licopeno, um composto que confere a colora\u00e7\u00e3o vermelha caracter\u00edstica dessa fruta e que tem mostrado potenciais propriedades anticancer\u00edgenas.<\/p>\n<p>Antioxidante poderoso que combate o estresse oxidativo, o licopeno desempenha um papel fundamental na redu\u00e7\u00e3o do risco de doen\u00e7as card\u00edacas e tamb\u00e9m dos n\u00edveis de colesterol.<\/p>\n<p>Essas descobertas fornecem um ponto de partida importante para futuras investiga\u00e7\u00f5es sobre os benef\u00edcios da melancia para a sa\u00fade cardiometab\u00f3lica, embora as pesquisas iniciais tenham sido realizadas com um grupo de apenas 18 homens e mulheres jovens saud\u00e1veis.<\/p>\n<h2>Outros benef\u00edcios da melancia<\/h2>\n<p>Um dos principais benef\u00edcios da melancia est\u00e1 relacionado \u00e0 sa\u00fade vascular, como apontado pelos estudos publicados pelo Nutrients.\u00a0Al\u00e9m do licopeno, a melancia tamb\u00e9m \u00e9 uma rica fonte de outros nutrientes essenciais, como vitaminas C e A, fibras, magn\u00e9sio e pot\u00e1ssio.<\/p>\n<p><strong>Sa\u00fade vascular<\/strong><\/p>\n<p>A combina\u00e7\u00e3o \u00fanica de nutrientes contribui para uma s\u00e9rie de vantagens para a sa\u00fade, incluindo a melhora da sa\u00fade vascular, protegendo a fun\u00e7\u00e3o do cora\u00e7\u00e3o.<\/p>\n<p><strong>Contribui no bom funcionamento dos rins<\/strong><br \/>Al\u00e9m disso, a melancia \u00e9 uma fonte de sais minerais, como c\u00e1lcio, f\u00f3sforo e s\u00f3dio, e tamb\u00e9m cont\u00e9m carboidratos em sua composi\u00e7\u00e3o. Essa combina\u00e7\u00e3o de nutrientes contribui para o bom funcionamento dos rins, intestino e est\u00f4mago, e atua como um calmante natural.<\/p>\n<p>Al\u00e9m disso, a alta concentra\u00e7\u00e3o de \u00e1gua na melancia e as fibras presentes em sua polpa favorecem a digest\u00e3o saud\u00e1vel, melhorando o tr\u00e2nsito intestinal e prevenindo problemas como constipa\u00e7\u00e3o e obstru\u00e7\u00e3o intestinal.<\/p>\n<p><strong>Ajuda a manter a hidrata\u00e7\u00e3o<\/strong><br \/>Outro destaque da melancia \u00e9 a sua capacidade de hidrata\u00e7\u00e3o, uma vez que consiste em cerca de 90% de \u00e1gua.<\/p>\n<p>Manter o corpo adequadamente hidratado \u00e9 essencial para o funcionamento correto do organismo e est\u00e1 associado \u00e0 preven\u00e7\u00e3o de doen\u00e7as cr\u00f4nicas, ao retardamento do envelhecimento e \u00e0 promo\u00e7\u00e3o da longevidade.<\/p>\n<p><strong>Fortalece o sistema imunol\u00f3gico<\/strong><br \/>Al\u00e9m de todos esses benef\u00edcios, a melancia fortalece o sistema imunol\u00f3gico devido aos nutrientes e vitaminas que cont\u00e9m, incluindo a vitamina C. Essas subst\u00e2ncias auxiliam na preven\u00e7\u00e3o de defici\u00eancias nutricionais e na prote\u00e7\u00e3o contra doen\u00e7as virais e infec\u00e7\u00f5es.<\/p>\n<p><strong>Previne problemas na vis\u00e3o<\/strong><br \/>Por fim, a melancia tamb\u00e9m desempenha um papel importante na preven\u00e7\u00e3o de problemas na vis\u00e3o, como a cegueira nutricional causada pela defici\u00eancia de vitamina A. Suas vitaminas antioxidantes combatem os radicais livres e ajudam a manter a sa\u00fade ocular.<\/p>\n<\/div>\n<p><script>\n\t\t! function(f, b, e, v, n, t, s) {\n\t\t\tif (f.fbq) return;\n\t\t\tn = f.fbq = function() {\n\t\t\t\tn.callMethod ?\n\t\t\t\t\tn.callMethod.apply(n, arguments) : n.queue.push(arguments)\n\t\t\t};\n\t\t\tif (!f._fbq) f._fbq = n;\n\t\t\tn.push = n;\n\t\t\tn.loaded = !0;\n\t\t\tn.version = '2.0';\n\t\t\tn.queue = [];\n\t\t\tt = b.createElement(e);\n\t\t\tt.async = !0;\n\t\t\tt.src = v;\n\t\t\ts = b.getElementsByTagName(e)[0];\n\t\t\ts.parentNode.insertBefore(t, s)\n\t\t}(window, document, 'script',\n\t\t\t'https:\/\/connect.facebook.net\/en_US\/fbevents.js');\n\t\tfbq('init', '338315473262380');\n\t\tfbq('track', 'PageView');\n\t<\/script><br \/>\n<br \/>[ad_2]<br \/>\n<br \/><a href=\"https:\/\/catracalivre.com.br\/saude-bem-estar\/substancia-presente-em-fruta-pode-prevenir-cancer\/\" target=\"_blank\" rel=\"noopener\">Source link <\/a><\/p>\n<div class='code-block code-block-4' style='margin: 8px auto 8px 0; text-align: left; display: block; clear: both;'>\n\ud83d\udce2 Aviso Legal\n\nO site ismaelcolosi.com.br atua apenas como um canal de divulga\u00e7\u00e3o de oportunidades de emprego e n\u00e3o se responsabiliza pelo processo seletivo, contrata\u00e7\u00e3o ou qualquer outra etapa relacionada \u00e0s vagas publicadas. Todas as informa\u00e7\u00f5es s\u00e3o de responsabilidade dos anunciantes.\n\n\u26a0\ufe0f Aten\u00e7\u00e3o! Nunca pague por promessas de emprego nem compre cursos que garantam contrata\u00e7\u00e3o. Desconfie de qualquer cobran\u00e7a para participar de sele\u00e7\u00f5es.\n\n\n\n<\/div>\n<!-- CONTENT END 1 -->\n","protected":false},"excerpt":{"rendered":"<p>[ad_1] Cr\u00e9ditos: Getty Images\/iStockphoto A rela\u00e7\u00e3o entre a fruta e a preven\u00e7\u00e3o do c\u00e2ncer no sistema digestivo tem sido considerada uma das descobertas mais not\u00e1veis desses estudos \u2013 iStock\/Getty Images Diversos benef\u00edcios surpreendentes associados ao consumo regular de melancia ganharam destaque em uma s\u00e9rie de pesquisas publicadas no peri\u00f3dico cient\u00edfico Nutrients. A fruta, al\u00e9m de&hellip;&nbsp;<\/p>\n","protected":false},"author":1,"featured_media":16890,"comment_status":"open","ping_status":"open","sticky":false,"template":"","format":"standard","meta":{"_uag_custom_page_level_css":"","neve_meta_sidebar":"","neve_meta_container":"","neve_meta_enable_content_width":"","neve_meta_content_width":0,"neve_meta_title_alignment":"","neve_meta_author_avatar":"","neve_post_elements_order":"","neve_meta_disable_header":"","neve_meta_disable_footer":"","neve_meta_disable_title":"","_jetpack_newsletter_access":"","_jetpack_dont_email_post_to_subs":false,"_jetpack_newsletter_tier_id":0,"_jetpack_memberships_contains_paywalled_content":false,"_jetpack_memberships_contains_paid_content":false,"footnotes":""},"categories":[19],"tags":[],"class_list":["post-16889","post","type-post","status-publish","format-standard","has-post-thumbnail","hentry","category-variedades"],"uagb_featured_image_src":{"full":["https:\/\/i0.wp.com\/ismaelcolosi.com.br\/wp-content\/uploads\/2023\/12\/istock-826939388.jpg?fit=1200%2C638&ssl=1",1200,638,false],"thumbnail":["https:\/\/i0.wp.com\/ismaelcolosi.com.br\/wp-content\/uploads\/2023\/12\/istock-826939388.jpg?resize=150%2C150&ssl=1",150,150,true],"medium":["https:\/\/i0.wp.com\/ismaelcolosi.com.br\/wp-content\/uploads\/2023\/12\/istock-826939388.jpg?fit=300%2C160&ssl=1",300,160,true],"medium_large":["https:\/\/i0.wp.com\/ismaelcolosi.com.br\/wp-content\/uploads\/2023\/12\/istock-826939388.jpg?fit=768%2C408&ssl=1",768,408,true],"large":["https:\/\/i0.wp.com\/ismaelcolosi.com.br\/wp-content\/uploads\/2023\/12\/istock-826939388.jpg?fit=1024%2C544&ssl=1",1024,544,true],"1536x1536":["https:\/\/i0.wp.com\/ismaelcolosi.com.br\/wp-content\/uploads\/2023\/12\/istock-826939388.jpg?fit=1200%2C638&ssl=1",1200,638,true],"2048x2048":["https:\/\/i0.wp.com\/ismaelcolosi.com.br\/wp-content\/uploads\/2023\/12\/istock-826939388.jpg?fit=1200%2C638&ssl=1",1200,638,true],"neve-blog":["https:\/\/i0.wp.com\/ismaelcolosi.com.br\/wp-content\/uploads\/2023\/12\/istock-826939388.jpg?resize=930%2C620&ssl=1",930,620,true]},"uagb_author_info":{"display_name":"ismaelcolosi.com.br","author_link":"https:\/\/ismaelcolosi.com.br\/author\/vidareal-online\/"},"uagb_comment_info":0,"uagb_excerpt":"[ad_1] Cr\u00e9ditos: Getty Images\/iStockphoto A rela\u00e7\u00e3o entre a fruta e a preven\u00e7\u00e3o do c\u00e2ncer no sistema digestivo tem sido considerada uma das descobertas mais not\u00e1veis desses estudos \u2013 iStock\/Getty Images Diversos benef\u00edcios surpreendentes associados ao consumo regular de melancia ganharam destaque em uma s\u00e9rie de pesquisas publicadas no peri\u00f3dico cient\u00edfico Nutrients. A fruta, al\u00e9m de&hellip;&nbsp;","jetpack-related-posts":[{"id":20483,"url":"https:\/\/ismaelcolosi.com.br\/index.php\/2023\/12\/25\/esta-fruta-previne-um-tipo-de-cancer-comum-entre-homens-diz-estudo\/","url_meta":{"origin":16889,"position":0},"title":"Esta fruta previne um tipo de c\u00e2ncer comum entre homens, diz estudo","author":"ismaelcolosi.com.br","date":"25 de Dezembro de 2023","format":false,"excerpt":"[ad_1] Cr\u00e9ditos: Chinnapong\/istockFruta que ajuda a prevenir c\u00e2ncer de pr\u00f3stata O baga\u00e7o do maracuj\u00e1, frequentemente descartado, pode ser mais \u00fatil e valioso do que muitos imaginam. Estudos da Universidade de Campinas (Unicamp) indicam que o extrato desta fruta pode ser um aliado importante na preven\u00e7\u00e3o do c\u00e2ncer de pr\u00f3stata. O\u2026","rel":"","context":"In &quot;Variedades&quot;","block_context":{"text":"Variedades","link":"https:\/\/ismaelcolosi.com.br\/index.php\/category\/variedades\/"},"img":{"alt_text":"","src":"https:\/\/i0.wp.com\/ismaelcolosi.com.br\/wp-content\/uploads\/2023\/12\/istock-968086632.jpg?fit=1200%2C638&ssl=1&resize=350%2C200","width":350,"height":200,"srcset":"https:\/\/i0.wp.com\/ismaelcolosi.com.br\/wp-content\/uploads\/2023\/12\/istock-968086632.jpg?fit=1200%2C638&ssl=1&resize=350%2C200 1x, https:\/\/i0.wp.com\/ismaelcolosi.com.br\/wp-content\/uploads\/2023\/12\/istock-968086632.jpg?fit=1200%2C638&ssl=1&resize=525%2C300 1.5x, https:\/\/i0.wp.com\/ismaelcolosi.com.br\/wp-content\/uploads\/2023\/12\/istock-968086632.jpg?fit=1200%2C638&ssl=1&resize=700%2C400 2x, https:\/\/i0.wp.com\/ismaelcolosi.com.br\/wp-content\/uploads\/2023\/12\/istock-968086632.jpg?fit=1200%2C638&ssl=1&resize=1050%2C600 3x"},"classes":[]},{"id":14988,"url":"https:\/\/ismaelcolosi.com.br\/index.php\/2023\/12\/12\/estudo-elege-alimento-que-reduz-risco-de-cancer-de-intestino-veja-qual\/","url_meta":{"origin":16889,"position":1},"title":"Estudo elege alimento que reduz risco de c\u00e2ncer de intestino; veja qual","author":"ismaelcolosi.com.br","date":"12 de Dezembro de 2023","format":false,"excerpt":"[ad_1] Folato pode diminuir o risco de c\u00e2ncer de intestino em at\u00e9 7% Um novo estudo revela a rela\u00e7\u00e3o entre o consumo de folato, ou vitamina B9, e uma diminui\u00e7\u00e3o no risco de desenvolver c\u00e2ncer de intestino. De acordo com a pesquisa, realizar uma dieta rica em folato ou tomar\u2026","rel":"","context":"In &quot;Variedades&quot;","block_context":{"text":"Variedades","link":"https:\/\/ismaelcolosi.com.br\/index.php\/category\/variedades\/"},"img":{"alt_text":"","src":"https:\/\/i0.wp.com\/ismaelcolosi.com.br\/wp-content\/uploads\/2023\/12\/depositphotos-153325450-xl-scaled-e1702409621481.jpg?fit=1200%2C638&ssl=1&resize=350%2C200","width":350,"height":200,"srcset":"https:\/\/i0.wp.com\/ismaelcolosi.com.br\/wp-content\/uploads\/2023\/12\/depositphotos-153325450-xl-scaled-e1702409621481.jpg?fit=1200%2C638&ssl=1&resize=350%2C200 1x, https:\/\/i0.wp.com\/ismaelcolosi.com.br\/wp-content\/uploads\/2023\/12\/depositphotos-153325450-xl-scaled-e1702409621481.jpg?fit=1200%2C638&ssl=1&resize=525%2C300 1.5x, https:\/\/i0.wp.com\/ismaelcolosi.com.br\/wp-content\/uploads\/2023\/12\/depositphotos-153325450-xl-scaled-e1702409621481.jpg?fit=1200%2C638&ssl=1&resize=700%2C400 2x, https:\/\/i0.wp.com\/ismaelcolosi.com.br\/wp-content\/uploads\/2023\/12\/depositphotos-153325450-xl-scaled-e1702409621481.jpg?fit=1200%2C638&ssl=1&resize=1050%2C600 3x"},"classes":[]},{"id":9471,"url":"https:\/\/ismaelcolosi.com.br\/index.php\/2023\/12\/02\/composto-em-frutas-e-legumes-ajuda-a-combater-o-cancer\/","url_meta":{"origin":16889,"position":2},"title":"Composto em frutas e legumes ajuda a combater o c\u00e2ncer","author":"ismaelcolosi.com.br","date":"2 de Dezembro de 2023","format":false,"excerpt":"[ad_1] Cr\u00e9ditos: Getty ImagesPesquisas sobre o tema buscou entender como esse composto, presente em cebolas e ma\u00e7\u00e3s, morangos e pepinos, uvas e caquis, pode combater e prevenir diferentes tipos de c\u00e2ncer \u2013 iStock\/Getty Images Respons\u00e1vel por diversas atividades anti-inflamat\u00f3rias, de inibi\u00e7\u00e3o do estresse oxidativo, neuroprote\u00e7\u00e3o e antic\u00e2ncer, a fisetina \u00e9\u2026","rel":"","context":"In &quot;Variedades&quot;","block_context":{"text":"Variedades","link":"https:\/\/ismaelcolosi.com.br\/index.php\/category\/variedades\/"},"img":{"alt_text":"","src":"https:\/\/i0.wp.com\/ismaelcolosi.com.br\/wp-content\/uploads\/2023\/12\/istock-1469106289.jpg?fit=1200%2C638&ssl=1&resize=350%2C200","width":350,"height":200,"srcset":"https:\/\/i0.wp.com\/ismaelcolosi.com.br\/wp-content\/uploads\/2023\/12\/istock-1469106289.jpg?fit=1200%2C638&ssl=1&resize=350%2C200 1x, https:\/\/i0.wp.com\/ismaelcolosi.com.br\/wp-content\/uploads\/2023\/12\/istock-1469106289.jpg?fit=1200%2C638&ssl=1&resize=525%2C300 1.5x, https:\/\/i0.wp.com\/ismaelcolosi.com.br\/wp-content\/uploads\/2023\/12\/istock-1469106289.jpg?fit=1200%2C638&ssl=1&resize=700%2C400 2x, https:\/\/i0.wp.com\/ismaelcolosi.com.br\/wp-content\/uploads\/2023\/12\/istock-1469106289.jpg?fit=1200%2C638&ssl=1&resize=1050%2C600 3x"},"classes":[]},{"id":9711,"url":"https:\/\/ismaelcolosi.com.br\/index.php\/2023\/12\/02\/vitamina-b9-pode-reduzir-ate-7-o-risco-de-cancer-de-intestino\/","url_meta":{"origin":16889,"position":3},"title":"Vitamina B9 pode reduzir at\u00e9 7% o risco de c\u00e2ncer de intestino","author":"ismaelcolosi.com.br","date":"2 de Dezembro de 2023","format":false,"excerpt":"[ad_1] Um recente estudo publicado na conceituada revista cient\u00edfica The American Journal of Clinical Nutrition, realizado por pesquisadores do Imperial College London, trouxe uma nova luz sobre a preven\u00e7\u00e3o do c\u00e2ncer de intestino. Cr\u00e9ditos: DepositphotosVitamina B9 pode reduzir at\u00e9 7% o risco de c\u00e2ncer de intestino Vitamina B9 pode reduzir\u2026","rel":"","context":"In &quot;Variedades&quot;","block_context":{"text":"Variedades","link":"https:\/\/ismaelcolosi.com.br\/index.php\/category\/variedades\/"},"img":{"alt_text":"","src":"https:\/\/i0.wp.com\/ismaelcolosi.com.br\/wp-content\/uploads\/2023\/12\/depositphotos-266314614-l.jpg?fit=1200%2C638&ssl=1&resize=350%2C200","width":350,"height":200,"srcset":"https:\/\/i0.wp.com\/ismaelcolosi.com.br\/wp-content\/uploads\/2023\/12\/depositphotos-266314614-l.jpg?fit=1200%2C638&ssl=1&resize=350%2C200 1x, https:\/\/i0.wp.com\/ismaelcolosi.com.br\/wp-content\/uploads\/2023\/12\/depositphotos-266314614-l.jpg?fit=1200%2C638&ssl=1&resize=525%2C300 1.5x, https:\/\/i0.wp.com\/ismaelcolosi.com.br\/wp-content\/uploads\/2023\/12\/depositphotos-266314614-l.jpg?fit=1200%2C638&ssl=1&resize=700%2C400 2x, https:\/\/i0.wp.com\/ismaelcolosi.com.br\/wp-content\/uploads\/2023\/12\/depositphotos-266314614-l.jpg?fit=1200%2C638&ssl=1&resize=1050%2C600 3x"},"classes":[]},{"id":9302,"url":"https:\/\/ismaelcolosi.com.br\/index.php\/2023\/12\/01\/estudo-descobre-alimento-que-reduz-risco-de-cancer-de-intestino\/","url_meta":{"origin":16889,"position":4},"title":"Estudo descobre alimento que reduz risco de c\u00e2ncer de intestino","author":"ismaelcolosi.com.br","date":"1 de Dezembro de 2023","format":false,"excerpt":"[ad_1] Existem alimentos naturais que seriam capazes proteger o intestino contra o desenvolvimento de c\u00e2ncer. A descoberta \u00e9 de um estudo da\u00a0Escola de Sa\u00fade P\u00fablica\u00a0do Imperial College London. De acordo com os pesquisadores, as pessoas poderiam reduzir em 7% as chances de ter a doen\u00e7a de consumissem mais folhas verdes,\u2026","rel":"","context":"In &quot;Variedades&quot;","block_context":{"text":"Variedades","link":"https:\/\/ismaelcolosi.com.br\/index.php\/category\/variedades\/"},"img":{"alt_text":"","src":"https:\/\/i0.wp.com\/ismaelcolosi.com.br\/wp-content\/uploads\/2023\/12\/istock-965541350.jpg?fit=1200%2C638&ssl=1&resize=350%2C200","width":350,"height":200,"srcset":"https:\/\/i0.wp.com\/ismaelcolosi.com.br\/wp-content\/uploads\/2023\/12\/istock-965541350.jpg?fit=1200%2C638&ssl=1&resize=350%2C200 1x, https:\/\/i0.wp.com\/ismaelcolosi.com.br\/wp-content\/uploads\/2023\/12\/istock-965541350.jpg?fit=1200%2C638&ssl=1&resize=525%2C300 1.5x, https:\/\/i0.wp.com\/ismaelcolosi.com.br\/wp-content\/uploads\/2023\/12\/istock-965541350.jpg?fit=1200%2C638&ssl=1&resize=700%2C400 2x, https:\/\/i0.wp.com\/ismaelcolosi.com.br\/wp-content\/uploads\/2023\/12\/istock-965541350.jpg?fit=1200%2C638&ssl=1&resize=1050%2C600 3x"},"classes":[]},{"id":19321,"url":"https:\/\/ismaelcolosi.com.br\/index.php\/2023\/12\/22\/os-habitos-que-aumentam-o-risco-de-um-dos-tipos-de-cancer-mais-agressivos\/","url_meta":{"origin":16889,"position":5},"title":"Os h\u00e1bitos que aumentam o risco de um dos tipos de c\u00e2ncer mais agressivos","author":"ismaelcolosi.com.br","date":"22 de Dezembro de 2023","format":false,"excerpt":"[ad_1] As causas por tr\u00e1s do c\u00e2ncer de p\u00e2ncreas ainda n\u00e3o foram totalmente compreendidas. Contudo, a idade \u00e9 identificada como o fator de risco mais proeminente, com a maioria dos diagn\u00f3sticos ocorrendo entre os 50 e 80 anos. Al\u00e9m disso, h\u00e1bitos de vida t\u00eam sido associados a esse tipo de\u2026","rel":"","context":"In &quot;Variedades&quot;","block_context":{"text":"Variedades","link":"https:\/\/ismaelcolosi.com.br\/index.php\/category\/variedades\/"},"img":{"alt_text":"","src":"https:\/\/i0.wp.com\/ismaelcolosi.com.br\/wp-content\/uploads\/2023\/12\/depositphotos-172187522-l.jpg?fit=1200%2C638&ssl=1&resize=350%2C200","width":350,"height":200,"srcset":"https:\/\/i0.wp.com\/ismaelcolosi.com.br\/wp-content\/uploads\/2023\/12\/depositphotos-172187522-l.jpg?fit=1200%2C638&ssl=1&resize=350%2C200 1x, https:\/\/i0.wp.com\/ismaelcolosi.com.br\/wp-content\/uploads\/2023\/12\/depositphotos-172187522-l.jpg?fit=1200%2C638&ssl=1&resize=525%2C300 1.5x, https:\/\/i0.wp.com\/ismaelcolosi.com.br\/wp-content\/uploads\/2023\/12\/depositphotos-172187522-l.jpg?fit=1200%2C638&ssl=1&resize=700%2C400 2x, https:\/\/i0.wp.com\/ismaelcolosi.com.br\/wp-content\/uploads\/2023\/12\/depositphotos-172187522-l.jpg?fit=1200%2C638&ssl=1&resize=1050%2C600 3x"},"classes":[]}],"jetpack_sharing_enabled":true,"jetpack_shortlink":"https:\/\/wp.me\/pfMlyK-4op","jetpack_featured_media_url":"https:\/\/i0.wp.com\/ismaelcolosi.com.br\/wp-content\/uploads\/2023\/12\/istock-826939388.jpg?fit=1200%2C638&ssl=1","_links":{"self":[{"href":"https:\/\/ismaelcolosi.com.br\/index.php\/wp-json\/wp\/v2\/posts\/16889","targetHints":{"allow":["GET"]}}],"collection":[{"href":"https:\/\/ismaelcolosi.com.br\/index.php\/wp-json\/wp\/v2\/posts"}],"about":[{"href":"https:\/\/ismaelcolosi.com.br\/index.php\/wp-json\/wp\/v2\/types\/post"}],"author":[{"embeddable":true,"href":"https:\/\/ismaelcolosi.com.br\/index.php\/wp-json\/wp\/v2\/users\/1"}],"replies":[{"embeddable":true,"href":"https:\/\/ismaelcolosi.com.br\/index.php\/wp-json\/wp\/v2\/comments?post=16889"}],"version-history":[{"count":0,"href":"https:\/\/ismaelcolosi.com.br\/index.php\/wp-json\/wp\/v2\/posts\/16889\/revisions"}],"wp:featuredmedia":[{"embeddable":true,"href":"https:\/\/ismaelcolosi.com.br\/index.php\/wp-json\/wp\/v2\/media\/16890"}],"wp:attachment":[{"href":"https:\/\/ismaelcolosi.com.br\/index.php\/wp-json\/wp\/v2\/media?parent=16889"}],"wp:term":[{"taxonomy":"category","embeddable":true,"href":"https:\/\/ismaelcolosi.com.br\/index.php\/wp-json\/wp\/v2\/categories?post=16889"},{"taxonomy":"post_tag","embeddable":true,"href":"https:\/\/ismaelcolosi.com.br\/index.php\/wp-json\/wp\/v2\/tags?post=16889"}],"curies":[{"name":"wp","href":"https:\/\/api.w.org\/{rel}","templated":true}]}}