{"id":16887,"date":"2023-12-16T19:39:47","date_gmt":"2023-12-16T22:39:47","guid":{"rendered":"https:\/\/ismaelcolosi.com.br\/index.php\/2023\/12\/16\/fiacao-solta-vai-dar-multa-em-rp\/"},"modified":"2023-12-16T19:39:47","modified_gmt":"2023-12-16T22:39:47","slug":"fiacao-solta-vai-dar-multa-em-rp","status":"publish","type":"post","link":"https:\/\/ismaelcolosi.com.br\/index.php\/2023\/12\/16\/fiacao-solta-vai-dar-multa-em-rp\/","title":{"rendered":"Fia\u00e7\u00e3o solta vai\u00a0dar multa em RP \u00a0"},"content":{"rendered":"<p> <br \/>\n<\/p>\n<div id=\"\">\n<p> <span class=\"entry-meta-item penci-posted-on\"><i class=\"fa fa-clock-o\"\/><time class=\"entry-date published\" datetime=\"2023-12-16T17:00:08-03:00\">16 de dezembro de 2023 | 17:00<\/time><time class=\"updated\" datetime=\"2023-12-16T12:52:31-03:00\">16 de dezembro de 2023 | 12:52<\/time><\/span><\/p>\n<p> <span class=\"penci-social-buttons penci-social-share-footer\"><a href=\"#\" class=\"penci-post-like penci_post-meta_item  single-like-button penci-social-item like\" data-post_id=\"367538\" title=\"Like\" data-like=\"Like\" data-unlike=\"Unlike\"><i class=\"fa fa-thumbs-o-up\"\/><span class=\"penci-share-number\">0<\/span><\/a><i class=\"fa fa-facebook\"\/><a class=\"penci-social-item twitter\" target=\"_blank\" rel=\"noopener\" title=\"\" href=\"https:\/\/twitter.com\/intent\/tweet?text=Fia\u00e7\u00e3o%20solta%20vai\u00a0dar%20multa%20em%20RP%20\u00a0%20-%20https:\/\/www.tribunaribeirao.com.br\/site\/fiacao-solta-vai-dar-multa-em-rp\/\"><i class=\"fa fa-twitter\"\/><\/a><i class=\"fa fa-whatsapp\"\/><\/span><\/div>\n<div>\n<p><span class=\"TextRun SCXW22769033 BCX0\" lang=\"PT-BR\" xml:lang=\"PT-BR\" data-contrast=\"auto\"><span class=\"NormalTextRun SCXW22769033 BCX0\">Em junho do ano passado, o prefeito Duarte Nogueira (PSDB) criou <\/span><span class=\"NormalTextRun SCXW22769033 BCX0\">u<\/span><span class=\"NormalTextRun SCXW22769033 BCX0\">ma <\/span><span class=\"NormalTextRun SCXW22769033 BCX0\">c<\/span><span class=\"NormalTextRun SCXW22769033 BCX0\">omiss\u00e3o para analisar a situa\u00e7\u00e3o de cabos instalados nos postes <\/span><span class=\"NormalTextRun SCXW22769033 BCX0\">de ilumina\u00e7\u00e3o p\u00fablica e <\/span><span class=\"NormalTextRun SCXW22769033 BCX0\">d<\/span><span class=\"NormalTextRun SCXW22769033 BCX0\">a<\/span><span class=\"NormalTextRun SCXW22769033 BCX0\"> rede el\u00e9trica d<\/span><span class=\"NormalTextRun SCXW22769033 BCX0\">e Ribeir\u00e3o Preto<\/span><span class=\"NormalTextRun SCXW22769033 BCX0\">. O objetivo <\/span><span class=\"NormalTextRun SCXW22769033 BCX0\">\u00e9 <\/span><span class=\"NormalTextRun SCXW22769033 BCX0\">eliminar os fios sem utiliza\u00e7\u00e3o e organizar os que est\u00e3o <\/span><span class=\"NormalTextRun SCXW22769033 BCX0\">em uso<\/span><span class=\"NormalTextRun SCXW22769033 BCX0\">, acabando assim com o emaranhado de fios existentes em grande parte da fia\u00e7\u00e3o a\u00e9rea cidade<\/span><span class=\"NormalTextRun SCXW22769033 BCX0\">.<\/span><\/span><span class=\"LineBreakBlob BlobObject DragDrop SCXW22769033 BCX0\"><span class=\"SCXW22769033 BCX0\">\u00a0<\/span><br class=\"SCXW22769033 BCX0\"\/><\/span><span class=\"LineBreakBlob BlobObject DragDrop SCXW22769033 BCX0\"><span class=\"SCXW22769033 BCX0\">\u00a0<\/span><br class=\"SCXW22769033 BCX0\"\/><\/span><span class=\"TextRun SCXW22769033 BCX0\" lang=\"PT-BR\" xml:lang=\"PT-BR\" data-contrast=\"auto\"><span class=\"NormalTextRun SCXW22769033 BCX0\">Segundo a <\/span><span class=\"NormalTextRun SCXW22769033 BCX0\">Secretaria <\/span><span class=\"NormalTextRun SCXW22769033 BCX0\">Municipal <\/span><span class=\"NormalTextRun SCXW22769033 BCX0\">da <\/span><span class=\"NormalTextRun SCXW22769033 BCX0\">Infraestrutura<\/span><span class=\"NormalTextRun SCXW22769033 BCX0\">, <\/span><span class=\"NormalTextRun SCXW22769033 BCX0\">desde que a <\/span><span class=\"NormalTextRun SCXW22769033 BCX0\">c<\/span><span class=\"NormalTextRun SCXW22769033 BCX0\">omiss\u00e3o foi criada foram feitas 7.215 <\/span><span class=\"NormalTextRun SCXW22769033 BCX0\">n<\/span><span class=\"NormalTextRun SCXW22769033 BCX0\">otifica\u00e7\u00f5es de <\/span><span class=\"NormalTextRun SCXW22769033 BCX0\">i<\/span><span class=\"NormalTextRun SCXW22769033 BCX0\">rregularidades, 2.095 acionamentos de emerg\u00eancias <\/span><span class=\"NormalTextRun SCXW22769033 BCX0\">\u2013<\/span> <span class=\"NormalTextRun SCXW22769033 BCX0\">postes regularizados <\/span><span class=\"NormalTextRun SCXW22769033 BCX0\">\u2013<\/span> <span class=\"NormalTextRun SCXW22769033 BCX0\">e removid<\/span><span class=\"NormalTextRun SCXW22769033 BCX0\">a<\/span><span class=\"NormalTextRun SCXW22769033 BCX0\">s 11<\/span><span class=\"NormalTextRun SCXW22769033 BCX0\">,<\/span><span class=\"NormalTextRun SCXW22769033 BCX0\">32 <\/span><span class=\"NormalTextRun SCXW22769033 BCX0\">t<\/span><span class=\"NormalTextRun SCXW22769033 BCX0\">oneladas de cabos.<\/span><span class=\"NormalTextRun SCXW22769033 BCX0\"> D<\/span><span class=\"NormalTextRun SCXW22769033 BCX0\">esde junho de 2022<\/span><span class=\"NormalTextRun SCXW22769033 BCX0\">, s\u00e3o <\/span><span class=\"NormalTextRun SCXW22769033 BCX0\">424 notifica\u00e7\u00f5es por m\u00eas 14 por dia<\/span><span class=\"NormalTextRun SCXW22769033 BCX0\">, aproximadamente uma a cada 103 minutos<\/span><span class=\"NormalTextRun SCXW22769033 BCX0\">.<\/span><\/span><span class=\"LineBreakBlob BlobObject DragDrop SCXW22769033 BCX0\"><span class=\"SCXW22769033 BCX0\">\u00a0<\/span><br class=\"SCXW22769033 BCX0\"\/><\/span><span class=\"LineBreakBlob BlobObject DragDrop SCXW22769033 BCX0\"><span class=\"SCXW22769033 BCX0\">\u00a0<\/span><br class=\"SCXW22769033 BCX0\"\/><\/span><span class=\"TextRun SCXW22769033 BCX0\" lang=\"PT-BR\" xml:lang=\"PT-BR\" data-contrast=\"auto\"><span class=\"NormalTextRun SCXW22769033 BCX0\">Projeto \u2013 <\/span><\/span><span class=\"TextRun SCXW22769033 BCX0\" lang=\"PT-BR\" xml:lang=\"PT-BR\" data-contrast=\"auto\"><span class=\"NormalTextRun SCXW22769033 BCX0\">Para tentar acabar com esse problema, um p<\/span><span class=\"NormalTextRun SCXW22769033 BCX0\">rojeto de lei<\/span> <span class=\"NormalTextRun SCXW22769033 BCX0\">foi<\/span><span class=\"NormalTextRun SCXW22769033 BCX0\"> aprovado <\/span><span class=\"NormalTextRun SCXW22769033 BCX0\">na <\/span><span class=\"NormalTextRun SCXW22769033 BCX0\">C\u00e2mara de Vereadores, <\/span><span class=\"NormalTextRun SCXW22769033 BCX0\">com 21 votos favor\u00e1veis, na sess\u00e3o de quinta-feira, 14 de dezembro. O objetivo \u00e9 <\/span><span class=\"NormalTextRun SCXW22769033 BCX0\">regularizar o uso d<\/span><span class=\"NormalTextRun SCXW22769033 BCX0\">e<\/span><span class=\"NormalTextRun SCXW22769033 BCX0\"> postes <\/span><span class=\"NormalTextRun SCXW22769033 BCX0\">n<\/span><span class=\"NormalTextRun SCXW22769033 BCX0\">a cidade e obrigar as empresas de internet e de <\/span><span class=\"NormalTextRun SCXW22769033 BCX0\">TV <\/span><span class=\"NormalTextRun SCXW22769033 BCX0\">a cabo<\/span><span class=\"NormalTextRun SCXW22769033 BCX0\"> a retirar <\/span><span class=\"NormalTextRun SCXW22769033 BCX0\">os fios inutilizados que muitas vezes ficam pendurados<\/span><span class=\"NormalTextRun SCXW22769033 BCX0\">,<\/span><span class=\"NormalTextRun SCXW22769033 BCX0\"> causando problemas e acidentes para pedestres e motoristas. <\/span><\/span><span class=\"LineBreakBlob BlobObject DragDrop SCXW22769033 BCX0\"><span class=\"SCXW22769033 BCX0\">\u00a0<\/span><br class=\"SCXW22769033 BCX0\"\/><\/span><span class=\"LineBreakBlob BlobObject DragDrop SCXW22769033 BCX0\"><span class=\"SCXW22769033 BCX0\">\u00a0<\/span><br class=\"SCXW22769033 BCX0\"\/><\/span><span class=\"TextRun SCXW22769033 BCX0\" lang=\"PT-BR\" xml:lang=\"PT-BR\" data-contrast=\"auto\"><span class=\"NormalTextRun SCXW22769033 BCX0\">O projeto \u00e9 de autoria de Andr\u00e9 <\/span><span class=\"NormalTextRun SpellingErrorV2Themed SCXW22769033 BCX0\">Rodini<\/span><span class=\"NormalTextRun SCXW22769033 BCX0\"> (Novo), Isaac Antunes (PL) e Sergio <\/span><span class=\"NormalTextRun SpellingErrorV2Themed SCXW22769033 BCX0\">Zerbinato<\/span><span class=\"NormalTextRun SCXW22769033 BCX0\"> (PSB)<\/span><span class=\"NormalTextRun SCXW22769033 BCX0\"> e ainda depende da san\u00e7\u00e3o do prefeito para ter validade<\/span><span class=\"NormalTextRun SCXW22769033 BCX0\">. Segundo a proposta, caber\u00e1 <\/span><span class=\"NormalTextRun SCXW22769033 BCX0\">\u00e0 CPFL <\/span><span class=\"NormalTextRun SCXW22769033 BCX0\">Paulista, permission\u00e1ria de servi\u00e7o p\u00fablico de distribui\u00e7\u00e3o de energia el\u00e9trica em Ribeir\u00e3o Preto e respons\u00e1vel pelos postes, disciplinar o correto uso do espa\u00e7o de forma ordenada em rela\u00e7\u00e3o ao posicionamento e alinhamento de todas as fia\u00e7\u00f5es e equipamentos instalados nos postes.<\/span><\/span><span class=\"LineBreakBlob BlobObject DragDrop SCXW22769033 BCX0\"><span class=\"SCXW22769033 BCX0\">\u00a0<\/span><br class=\"SCXW22769033 BCX0\"\/><\/span><span class=\"LineBreakBlob BlobObject DragDrop SCXW22769033 BCX0\"><span class=\"SCXW22769033 BCX0\">\u00a0<\/span><br class=\"SCXW22769033 BCX0\"\/><\/span><span class=\"TextRun SCXW22769033 BCX0\" lang=\"PT-BR\" xml:lang=\"PT-BR\" data-contrast=\"auto\"><span class=\"NormalTextRun SCXW22769033 BCX0\">A proposta determina que sejam respeitadas rigorosamente as normas t\u00e9cnicas estabelecidas pela Resolu\u00e7\u00e3o Normativa n\u00ba 797 de 17 de dezembro de 2017 da Ag\u00eancia Nacional de Energia El\u00e9trica (<\/span><span class=\"NormalTextRun SCXW22769033 BCX0\">Aneel<\/span><span class=\"NormalTextRun SCXW22769033 BCX0\">). <\/span><span class=\"NormalTextRun SCXW22769033 BCX0\">D<\/span><span class=\"NormalTextRun SCXW22769033 BCX0\">etermina<\/span><span class=\"NormalTextRun SCXW22769033 BCX0\">,<\/span><span class=\"NormalTextRun SCXW22769033 BCX0\"> entre outras coisas, os afastamentos m\u00ednimos de seguran\u00e7a em rela\u00e7\u00e3o ao solo, em rela\u00e7\u00e3o aos condutores energizados da rede de energia el\u00e9trica e em rela\u00e7\u00e3o <\/span><span class=\"NormalTextRun SCXW22769033 BCX0\">as<\/span><span class=\"NormalTextRun SCXW22769033 BCX0\"> instala\u00e7\u00f5es de ilumina\u00e7\u00e3o p\u00fablica. <\/span><\/span><span class=\"LineBreakBlob BlobObject DragDrop SCXW22769033 BCX0\"><span class=\"SCXW22769033 BCX0\">\u00a0<\/span><br class=\"SCXW22769033 BCX0\"\/><\/span><span class=\"LineBreakBlob BlobObject DragDrop SCXW22769033 BCX0\"><span class=\"SCXW22769033 BCX0\">\u00a0<\/span><br class=\"SCXW22769033 BCX0\"\/><\/span><span class=\"TextRun SCXW22769033 BCX0\" lang=\"PT-BR\" xml:lang=\"PT-BR\" data-contrast=\"auto\"><span class=\"NormalTextRun SCXW22769033 BCX0\">\u201c<\/span><span class=\"NormalTextRun SCXW22769033 BCX0\">\u00c9 obriga\u00e7\u00e3o da <\/span><span class=\"NormalTextRun SCXW22769033 BCX0\">c<\/span><span class=\"NormalTextRun SCXW22769033 BCX0\">oncession\u00e1ria ou permission\u00e1ria zelar para que o compartilhamento de postes mantenha regular obedi\u00eancia \u00e0s normas t\u00e9cnicas, para isso notificando as empresas compartilhantes para corre\u00e7\u00e3o de irregularidades, bem como denunciando junto ao \u00f3rg\u00e3o regulador e fiscalizador das compartilhantes, em caso de n\u00e3o tomadas <\/span><span class=\"NormalTextRun SCXW22769033 BCX0\">as<\/span><span class=\"NormalTextRun SCXW22769033 BCX0\"> devidas provid\u00eancias nos prazos estabelecidos\u201d, diz parte da justificativa.<\/span><\/span><span class=\"LineBreakBlob BlobObject DragDrop SCXW22769033 BCX0\"><span class=\"SCXW22769033 BCX0\">\u00a0<\/span><br class=\"SCXW22769033 BCX0\"\/><\/span><span class=\"LineBreakBlob BlobObject DragDrop SCXW22769033 BCX0\"><span class=\"SCXW22769033 BCX0\">\u00a0<\/span><br class=\"SCXW22769033 BCX0\"\/><\/span><span class=\"TextRun SCXW22769033 BCX0\" lang=\"PT-BR\" xml:lang=\"PT-BR\" data-contrast=\"auto\"><span class=\"NormalTextRun SCXW22769033 BCX0\">O projeto considera ocupa\u00e7\u00e3o indevida do espa\u00e7o a\u00e9reo p\u00fablico a n\u00e3o retirada de cabos inserv\u00edveis, a falta de identifica\u00e7\u00e3o por plaquetas na fia\u00e7\u00e3o de telecomunica\u00e7\u00f5es junto a cada poste e a exist\u00eancia de feixe de fios ca\u00eddos dos postes.<\/span><\/span><span class=\"LineBreakBlob BlobObject DragDrop SCXW22769033 BCX0\"><span class=\"SCXW22769033 BCX0\">\u00a0<\/span><br class=\"SCXW22769033 BCX0\"\/><\/span><span class=\"LineBreakBlob BlobObject DragDrop SCXW22769033 BCX0\"><span class=\"SCXW22769033 BCX0\">\u00a0<\/span><br class=\"SCXW22769033 BCX0\"\/><\/span><span class=\"TextRun SCXW22769033 BCX0\" lang=\"PT-BR\" xml:lang=\"PT-BR\" data-contrast=\"auto\"><span class=\"NormalTextRun SCXW22769033 BCX0\">Sempre que verificado descumprimento a prefeitura dever\u00e1 notificar a CPFL <\/span><span class=\"NormalTextRun SCXW22769033 BCX0\">Paulista <\/span><span class=\"NormalTextRun SCXW22769033 BCX0\">para que tome as provid\u00eancias para a regulariza\u00e7\u00e3o. Nos casos que envolva potencial risco de acidente, deve ser priorizada e regularizada dentro de 24 horas, a contar da notifica\u00e7\u00e3o.<\/span><\/span><span class=\"LineBreakBlob BlobObject DragDrop SCXW22769033 BCX0\"><span class=\"SCXW22769033 BCX0\">\u00a0<\/span><br class=\"SCXW22769033 BCX0\"\/><\/span><span class=\"LineBreakBlob BlobObject DragDrop SCXW22769033 BCX0\"><span class=\"SCXW22769033 BCX0\">\u00a0<\/span><br class=\"SCXW22769033 BCX0\"\/><\/span><span class=\"TextRun SCXW22769033 BCX0\" lang=\"PT-BR\" xml:lang=\"PT-BR\" data-contrast=\"auto\"><span class=\"NormalTextRun SCXW22769033 BCX0\">Em caso de descumprimento das obrigatoriedades previstas no projeto, haver\u00e1 apl<\/span><span class=\"NormalTextRun SCXW22769033 BCX0\">ica\u00e7\u00e3o de multa de 20 Unidades F<\/span><span class=\"NormalTextRun SCXW22769033 BCX0\">iscais do Estado de S\u00e3o Paulo (<\/span><span class=\"NormalTextRun SpellingErrorV2Themed SCXW22769033 BCX0\">Ufesp<\/span><span class=\"NormalTextRun SCXW22769033 BCX0\">) para a respons\u00e1vel pelo poste, ou seja, a CPFL<\/span><span class=\"NormalTextRun SCXW22769033 BCX0\"> Paulista<\/span><span class=\"NormalTextRun SCXW22769033 BCX0\">. Atualmente<\/span><span class=\"NormalTextRun SCXW22769033 BCX0\">,<\/span><span class=\"NormalTextRun SCXW22769033 BCX0\"> cada Unidade Fiscal vale R$ 34,26, o que daria uma penalidade de R$ <\/span><span class=\"NormalTextRun SCXW22769033 BCX0\">685,20<\/span><span class=\"NormalTextRun SCXW22769033 BCX0\">.<\/span><\/span><span class=\"LineBreakBlob BlobObject DragDrop SCXW22769033 BCX0\"><span class=\"SCXW22769033 BCX0\">\u00a0<\/span><br class=\"SCXW22769033 BCX0\"\/><\/span><span class=\"LineBreakBlob BlobObject DragDrop SCXW22769033 BCX0\"><span class=\"SCXW22769033 BCX0\">\u00a0<\/span><br class=\"SCXW22769033 BCX0\"\/><\/span><span class=\"TextRun SCXW22769033 BCX0\" lang=\"PT-BR\" xml:lang=\"PT-BR\" data-contrast=\"auto\"><span class=\"NormalTextRun SCXW22769033 BCX0\">Os autores do projeto argumentam que existe uma lacuna na legisla\u00e7\u00e3o vigente sobre as condi\u00e7\u00f5es de retirada de cabos que ofere\u00e7am riscos para a popula\u00e7\u00e3o. N\u00e3o s\u00e3o raros os acidentes que ocorrem com pedestres e motociclistas devido aos fios que se rompem ou se soltam dos postes. <\/span><\/span><span class=\"LineBreakBlob BlobObject DragDrop SCXW22769033 BCX0\"><span class=\"SCXW22769033 BCX0\">\u00a0<\/span><br class=\"SCXW22769033 BCX0\"\/><\/span><span class=\"LineBreakBlob BlobObject DragDrop SCXW22769033 BCX0\"><span class=\"SCXW22769033 BCX0\">\u00a0<\/span><br class=\"SCXW22769033 BCX0\"\/><\/span><span class=\"TextRun SCXW22769033 BCX0\" lang=\"PT-BR\" xml:lang=\"PT-BR\" data-contrast=\"auto\"><span class=\"NormalTextRun SCXW22769033 BCX0\">Comiss\u00e3o \u2013 <\/span><\/span><span class=\"TextRun SCXW22769033 BCX0\" lang=\"PT-BR\" xml:lang=\"PT-BR\" data-contrast=\"auto\"><span class=\"NormalTextRun SCXW22769033 BCX0\">Entre as atribui\u00e7\u00f5es <\/span><span class=\"NormalTextRun SCXW22769033 BCX0\">da comiss\u00e3o da prefeitura <\/span><span class=\"NormalTextRun SCXW22769033 BCX0\">est\u00e1 <\/span><span class=\"NormalTextRun SCXW22769033 BCX0\">a<\/span><span class=\"NormalTextRun SCXW22769033 BCX0\"> expans\u00e3o e a moderniza\u00e7\u00e3o de <\/span><span class=\"NormalTextRun SCXW22769033 BCX0\">infraestrutura<\/span><span class=\"NormalTextRun SCXW22769033 BCX0\"> em servi\u00e7os de telecomunica\u00e7\u00f5es promovendo a uniformiza\u00e7\u00e3o, simplifica\u00e7\u00e3o e celeridade de procedimentos e crit\u00e9rios para a outorga de licen\u00e7as pelos \u00f3rg\u00e3os competentes. Tem ainda, a miss\u00e3o de minimizar os impactos urban\u00edsticos, paisag\u00edsticos e ambientais destas fia\u00e7\u00f5es.<\/span><\/span><span class=\"LineBreakBlob BlobObject DragDrop SCXW22769033 BCX0\"><span class=\"SCXW22769033 BCX0\">\u00a0<\/span><br class=\"SCXW22769033 BCX0\"\/><\/span><span class=\"LineBreakBlob BlobObject DragDrop SCXW22769033 BCX0\"><span class=\"SCXW22769033 BCX0\">\u00a0<\/span><br class=\"SCXW22769033 BCX0\"\/><\/span><span class=\"TextRun SCXW22769033 BCX0\" lang=\"PT-BR\" xml:lang=\"PT-BR\" data-contrast=\"auto\"><span class=\"NormalTextRun SCXW22769033 BCX0\">Ribeir\u00e3o Preto tem bairros com fia\u00e7\u00e3o subterr\u00e2nea e <\/span><span class=\"NormalTextRun SCXW22769033 BCX0\">o mesmo acontece <\/span><span class=\"NormalTextRun SCXW22769033 BCX0\">nos corredores de \u00f4nibus que est\u00e3o sendo implantados<\/span> <span class=\"NormalTextRun SCXW22769033 BCX0\">para possibilitar o sistema de transporte inteligente por meio de cabeamentos, sobretudo, de fibras \u00f3pticas que v\u00e3o pilotar e gerenciar esses sensores e sem\u00e1foros para o tr\u00e2nsito ter mais fluidez. <\/span><\/span><span class=\"LineBreakBlob BlobObject DragDrop SCXW22769033 BCX0\"><span class=\"SCXW22769033 BCX0\">\u00a0<\/span><br class=\"SCXW22769033 BCX0\"\/><\/span><span class=\"LineBreakBlob BlobObject DragDrop SCXW22769033 BCX0\"><span class=\"SCXW22769033 BCX0\">\u00a0<\/span><br class=\"SCXW22769033 BCX0\"\/><\/span><\/p><div class='code-block code-block-8' style='margin: 8px auto; text-align: center; display: block; clear: both;'>\n<script>\n  atOptions = {\n    'key' : '66e2e2111ca34da796271819fc334058',\n    'format' : 'iframe',\n    'height' : 250,\n    'width' : 300,\n    'params' : {}\n  };\n<\/script>\n<script src=\"https:\/\/www.highperformanceformat.com\/66e2e2111ca34da796271819fc334058\/invoke.js\"><\/script>\n<\/div>\n\n<\/div>\n<p><script async src=\"\/\/platform.twitter.com\/widgets.js\" charset=\"utf-8\"><\/script><br \/>\n<br \/><br \/>\n<br \/><a href=\"https:\/\/www.tribunaribeirao.com.br\/site\/fiacao-solta-vai-dar-multa-em-rp\/\">Source link <\/a><\/p>\n<div class='code-block code-block-4' style='margin: 8px auto 8px 0; text-align: left; display: block; clear: both;'>\n\ud83d\udce2 Aviso Legal\n\nO site ismaelcolosi.com.br atua apenas como um canal de divulga\u00e7\u00e3o de oportunidades de emprego e n\u00e3o se responsabiliza pelo processo seletivo, contrata\u00e7\u00e3o ou qualquer outra etapa relacionada \u00e0s vagas publicadas. Todas as informa\u00e7\u00f5es s\u00e3o de responsabilidade dos anunciantes.\n\n\u26a0\ufe0f Aten\u00e7\u00e3o! Nunca pague por promessas de emprego nem compre cursos que garantam contrata\u00e7\u00e3o. Desconfie de qualquer cobran\u00e7a para participar de sele\u00e7\u00f5es.\n\n\n\n<\/div>\n<!-- CONTENT END 1 -->\n","protected":false},"excerpt":{"rendered":"<p>16 de dezembro de 2023 | 17:0016 de dezembro de 2023 | 12:52 0 Em junho do ano passado, o prefeito Duarte Nogueira (PSDB) criou&#8230;<\/p>\n","protected":false},"author":1,"featured_media":16888,"comment_status":"open","ping_status":"open","sticky":false,"template":"","format":"standard","meta":{"_uag_custom_page_level_css":"","advanced_seo_description":"","jetpack_seo_html_title":"","jetpack_seo_noindex":false,"jetpack_post_was_ever_published":false,"_jetpack_newsletter_access":"","_jetpack_dont_email_post_to_subs":false,"_jetpack_newsletter_tier_id":0,"_jetpack_memberships_contains_paywalled_content":false,"_jetpack_memberships_contains_paid_content":false,"footnotes":"","jetpack_publicize_message":"","jetpack_publicize_feature_enabled":true,"jetpack_social_post_already_shared":true,"jetpack_social_options":{"image_generator_settings":{"template":"highway","default_image_id":0,"font":"","enabled":false},"version":2}},"categories":[11],"tags":[2276,348,2277,2278],"class_list":["post-16887","post","type-post","status-publish","format-standard","has-post-thumbnail","hentry","category-noticias-de-ribeirao-preto-sp-e-regiao-ismael-colosi","tag-fiacao","tag-multa","tag-solta","tag-vaidar"],"jetpack_publicize_connections":[],"jetpack_featured_media_url":"https:\/\/i0.wp.com\/ismaelcolosi.com.br\/wp-content\/uploads\/2023\/12\/FiacaoRP-Alfredo-Risk-scaled.jpg?fit=967%2C645&ssl=1","uagb_featured_image_src":{"full":["https:\/\/i0.wp.com\/ismaelcolosi.com.br\/wp-content\/uploads\/2023\/12\/FiacaoRP-Alfredo-Risk-scaled.jpg?fit=967%2C645&ssl=1",967,645,false],"thumbnail":["https:\/\/i0.wp.com\/ismaelcolosi.com.br\/wp-content\/uploads\/2023\/12\/FiacaoRP-Alfredo-Risk-scaled.jpg?resize=150%2C150&ssl=1",150,150,true],"medium":["https:\/\/i0.wp.com\/ismaelcolosi.com.br\/wp-content\/uploads\/2023\/12\/FiacaoRP-Alfredo-Risk-scaled.jpg?fit=300%2C200&ssl=1",300,200,true],"medium_large":["https:\/\/i0.wp.com\/ismaelcolosi.com.br\/wp-content\/uploads\/2023\/12\/FiacaoRP-Alfredo-Risk-scaled.jpg?fit=768%2C512&ssl=1",768,512,true],"large":["https:\/\/i0.wp.com\/ismaelcolosi.com.br\/wp-content\/uploads\/2023\/12\/FiacaoRP-Alfredo-Risk-scaled.jpg?fit=967%2C645&ssl=1",967,645,true],"1536x1536":["https:\/\/i0.wp.com\/ismaelcolosi.com.br\/wp-content\/uploads\/2023\/12\/FiacaoRP-Alfredo-Risk-scaled.jpg?fit=967%2C645&ssl=1",967,645,true],"2048x2048":["https:\/\/i0.wp.com\/ismaelcolosi.com.br\/wp-content\/uploads\/2023\/12\/FiacaoRP-Alfredo-Risk-scaled.jpg?fit=967%2C645&ssl=1",967,645,true],"really-simple-thumb":["https:\/\/i0.wp.com\/ismaelcolosi.com.br\/wp-content\/uploads\/2023\/12\/FiacaoRP-Alfredo-Risk-scaled.jpg?resize=370%2C247&ssl=1",370,247,true]},"uagb_author_info":{"display_name":"ismaelcolosi.com.br","author_link":"https:\/\/ismaelcolosi.com.br\/index.php\/author\/vidareal-online\/"},"uagb_comment_info":0,"uagb_excerpt":"16 de dezembro de 2023 | 17:0016 de dezembro de 2023 | 12:52 0 Em junho do ano passado, o prefeito Duarte Nogueira (PSDB) criou...","jetpack-related-posts":[{"id":19715,"url":"https:\/\/ismaelcolosi.com.br\/index.php\/2023\/12\/23\/cpfl-troca-fiacao-para-evitar-curto-circuito\/","url_meta":{"origin":16887,"position":0},"title":"CPFL troca fia\u00e7\u00e3o para evitar curto circuito","author":"ismaelcolosi.com.br","date":"23 de December de 2023","format":false,"excerpt":"22 de dezembro de 2023 | 14:25 1A CPFL deu sequ\u00eancia a uma solicita\u00e7\u00e3o de um morador do bairro Lagoinha na manh\u00e3 desta sexta-feira e substituiu os cabos de energia antigos por cabos com isolamento de prote\u00e7\u00e3o a galhos e \u00e1rvores. A energia na rua Rua Vict\u00f3rio Biasolli, no bairro\u2026","rel":"","context":"In &quot;Not\u00edcias de Ribeir\u00e3o Preto-SP e Regi\u00e3o&quot;","block_context":{"text":"Not\u00edcias de Ribeir\u00e3o Preto-SP e Regi\u00e3o","link":"https:\/\/ismaelcolosi.com.br\/index.php\/category\/noticias-de-ribeirao-preto-sp-e-regiao-ismael-colosi\/"},"img":{"alt_text":"","src":"https:\/\/i0.wp.com\/ismaelcolosi.com.br\/wp-content\/uploads\/2023\/12\/e85dfe65-421e-43eb-9063-08675f874155-scaled.jpg?fit=1000%2C562&ssl=1&resize=350%2C200","width":350,"height":200,"srcset":"https:\/\/i0.wp.com\/ismaelcolosi.com.br\/wp-content\/uploads\/2023\/12\/e85dfe65-421e-43eb-9063-08675f874155-scaled.jpg?fit=1000%2C562&ssl=1&resize=350%2C200 1x, https:\/\/i0.wp.com\/ismaelcolosi.com.br\/wp-content\/uploads\/2023\/12\/e85dfe65-421e-43eb-9063-08675f874155-scaled.jpg?fit=1000%2C562&ssl=1&resize=525%2C300 1.5x, https:\/\/i0.wp.com\/ismaelcolosi.com.br\/wp-content\/uploads\/2023\/12\/e85dfe65-421e-43eb-9063-08675f874155-scaled.jpg?fit=1000%2C562&ssl=1&resize=700%2C400 2x"},"classes":[]},{"id":45455,"url":"https:\/\/ismaelcolosi.com.br\/index.php\/2024\/04\/04\/projeto-afrouxa-lei-dos-fios\/","url_meta":{"origin":16887,"position":1},"title":"Projeto afrouxa lei dos fios \u00a0","author":"ismaelcolosi.com.br","date":"4 de April de 2024","format":false,"excerpt":"4 de abril de 2024 | 13:004 de abril de 2024 | 11:01 0 Projeto de lei encaminhado \u00e0 C\u00e2mara de Vereadores pelo prefeito Duarte Nogueira (PSDB), na ter\u00e7a-feira, 2 de abril, pode dificultar a puni\u00e7\u00e3o de empresas de telefonia e de telecomunica\u00e7\u00f5es que deixarem fios sem utiliza\u00e7\u00e3o pendurados nos\u2026","rel":"","context":"In &quot;Not\u00edcias de Ribeir\u00e3o Preto-SP e Regi\u00e3o&quot;","block_context":{"text":"Not\u00edcias de Ribeir\u00e3o Preto-SP e Regi\u00e3o","link":"https:\/\/ismaelcolosi.com.br\/index.php\/category\/noticias-de-ribeirao-preto-sp-e-regiao-ismael-colosi\/"},"img":{"alt_text":"","src":"https:\/\/i0.wp.com\/ismaelcolosi.com.br\/wp-content\/uploads\/2024\/04\/FiacaoRP-Alfredo-Risk-ok-1.jpg?fit=750%2C500&ssl=1&resize=350%2C200","width":350,"height":200,"srcset":"https:\/\/i0.wp.com\/ismaelcolosi.com.br\/wp-content\/uploads\/2024\/04\/FiacaoRP-Alfredo-Risk-ok-1.jpg?fit=750%2C500&ssl=1&resize=350%2C200 1x, https:\/\/i0.wp.com\/ismaelcolosi.com.br\/wp-content\/uploads\/2024\/04\/FiacaoRP-Alfredo-Risk-ok-1.jpg?fit=750%2C500&ssl=1&resize=525%2C300 1.5x, https:\/\/i0.wp.com\/ismaelcolosi.com.br\/wp-content\/uploads\/2024\/04\/FiacaoRP-Alfredo-Risk-ok-1.jpg?fit=750%2C500&ssl=1&resize=700%2C400 2x"},"classes":[]},{"id":802,"url":"https:\/\/ismaelcolosi.com.br\/index.php\/2023\/11\/09\/fiacao-segura-arvore-no-sumarezinho\/","url_meta":{"origin":16887,"position":2},"title":"Fia\u00e7\u00e3o segura \u00e1rvore no Sumarezinho","author":"ismaelcolosi.com.br","date":"9 de November de 2023","format":false,"excerpt":"9 de novembro de 2023 | 10:26 0A reda\u00e7\u00e3o do jornal Tribuna recebeu nesta manh\u00e3 de quinta-feira (8) uma informa\u00e7\u00e3o de que os fios da rede el\u00e9trica est\u00e3o segurando uma \u00e1rvore para ela n\u00e3o cair.O fato acontece na pra\u00e7a entre a rua Paranapanema e Rond\u00f4nia, na Adalberto Pajuaba e n\u00e3o\u2026","rel":"","context":"In &quot;Not\u00edcias de Ribeir\u00e3o Preto-SP e Regi\u00e3o&quot;","block_context":{"text":"Not\u00edcias de Ribeir\u00e3o Preto-SP e Regi\u00e3o","link":"https:\/\/ismaelcolosi.com.br\/index.php\/category\/noticias-de-ribeirao-preto-sp-e-regiao-ismael-colosi\/"},"img":{"alt_text":"","src":"https:\/\/i0.wp.com\/ismaelcolosi.com.br\/wp-content\/uploads\/2023\/11\/arvore-scaled.jpg?fit=1000%2C461&ssl=1&resize=350%2C200","width":350,"height":200,"srcset":"https:\/\/i0.wp.com\/ismaelcolosi.com.br\/wp-content\/uploads\/2023\/11\/arvore-scaled.jpg?fit=1000%2C461&ssl=1&resize=350%2C200 1x, https:\/\/i0.wp.com\/ismaelcolosi.com.br\/wp-content\/uploads\/2023\/11\/arvore-scaled.jpg?fit=1000%2C461&ssl=1&resize=525%2C300 1.5x, https:\/\/i0.wp.com\/ismaelcolosi.com.br\/wp-content\/uploads\/2023\/11\/arvore-scaled.jpg?fit=1000%2C461&ssl=1&resize=700%2C400 2x"},"classes":[]},{"id":28365,"url":"https:\/\/ismaelcolosi.com.br\/index.php\/2024\/01\/15\/arvore-de-casarao-do-centro-cai-em-fiacao\/","url_meta":{"origin":16887,"position":3},"title":"\u00c1rvore de casar\u00e3o do Centro cai em fia\u00e7\u00e3o","author":"ismaelcolosi.com.br","date":"15 de January de 2024","format":false,"excerpt":"Local \u00e9 habitado por pessoas em situa\u00e7\u00e3o de rua que dizem ter acionado CPFL 15 de janeiro de 2024 | 16:52 0Por: Adalberto LuqueCom as constantes chuvas que atingiram Ribeir\u00e3o Preto nos \u00faltimos dias, a \u00e1rvore de um casar\u00e3o abandonado, na Rua Visconde de Inha\u00fama, 241, no Centro de Ribeir\u00e3o\u2026","rel":"","context":"In &quot;Not\u00edcias de Ribeir\u00e3o Preto-SP e Regi\u00e3o&quot;","block_context":{"text":"Not\u00edcias de Ribeir\u00e3o Preto-SP e Regi\u00e3o","link":"https:\/\/ismaelcolosi.com.br\/index.php\/category\/noticias-de-ribeirao-preto-sp-e-regiao-ismael-colosi\/"},"img":{"alt_text":"","src":"https:\/\/i0.wp.com\/ismaelcolosi.com.br\/wp-content\/uploads\/2024\/01\/00-15-jan-2024-arvore-caida-01-foto-max-gallao-mesquita-scaled.jpg?fit=944%2C645&ssl=1&resize=350%2C200","width":350,"height":200,"srcset":"https:\/\/i0.wp.com\/ismaelcolosi.com.br\/wp-content\/uploads\/2024\/01\/00-15-jan-2024-arvore-caida-01-foto-max-gallao-mesquita-scaled.jpg?fit=944%2C645&ssl=1&resize=350%2C200 1x, https:\/\/i0.wp.com\/ismaelcolosi.com.br\/wp-content\/uploads\/2024\/01\/00-15-jan-2024-arvore-caida-01-foto-max-gallao-mesquita-scaled.jpg?fit=944%2C645&ssl=1&resize=525%2C300 1.5x, https:\/\/i0.wp.com\/ismaelcolosi.com.br\/wp-content\/uploads\/2024\/01\/00-15-jan-2024-arvore-caida-01-foto-max-gallao-mesquita-scaled.jpg?fit=944%2C645&ssl=1&resize=700%2C400 2x"},"classes":[]},{"id":11118,"url":"https:\/\/ismaelcolosi.com.br\/index.php\/2023\/12\/05\/alagoas-multa-braskem-em-mais-de-r-72-milhoes-por-danos-ambientais\/","url_meta":{"origin":16887,"position":4},"title":"Alagoas multa Braskem em mais de R$ 72 milh\u00f5es por danos ambientais","author":"ismaelcolosi.com.br","date":"5 de December de 2023","format":false,"excerpt":"5 de dezembro de 2023 | 16:155 de dezembro de 2023 | 16:12 0O Instituto do Meio Ambiente do Estado de Alagoas (IMA-AL) autuou a Braskem em mais de R$ 72 milh\u00f5es por omiss\u00e3o de informa\u00e7\u00f5es, danos ambientais e pelo risco de colapso e desabamento da mina 18, na regi\u00e3o\u2026","rel":"","context":"In &quot;Not\u00edcias de Ribeir\u00e3o Preto-SP e Regi\u00e3o&quot;","block_context":{"text":"Not\u00edcias de Ribeir\u00e3o Preto-SP e Regi\u00e3o","link":"https:\/\/ismaelcolosi.com.br\/index.php\/category\/noticias-de-ribeirao-preto-sp-e-regiao-ismael-colosi\/"},"img":{"alt_text":"","src":"https:\/\/i0.wp.com\/ismaelcolosi.com.br\/wp-content\/uploads\/2023\/12\/braskem-1-scaled.jpg?fit=1000%2C598&ssl=1&resize=350%2C200","width":350,"height":200,"srcset":"https:\/\/i0.wp.com\/ismaelcolosi.com.br\/wp-content\/uploads\/2023\/12\/braskem-1-scaled.jpg?fit=1000%2C598&ssl=1&resize=350%2C200 1x, https:\/\/i0.wp.com\/ismaelcolosi.com.br\/wp-content\/uploads\/2023\/12\/braskem-1-scaled.jpg?fit=1000%2C598&ssl=1&resize=525%2C300 1.5x, https:\/\/i0.wp.com\/ismaelcolosi.com.br\/wp-content\/uploads\/2023\/12\/braskem-1-scaled.jpg?fit=1000%2C598&ssl=1&resize=700%2C400 2x"},"classes":[]},{"id":68112,"url":"https:\/\/ismaelcolosi.com.br\/index.php\/2024\/09\/27\/caminhao-arrebenta-fiacao-e-desliga-semaforos-em-ribeirao-preto\/","url_meta":{"origin":16887,"position":5},"title":"Caminh\u00e3o arrebenta fia\u00e7\u00e3o e desliga sem\u00e1foros em Ribeir\u00e3o Preto","author":"ismaelcolosi.com.br","date":"27 de September de 2024","format":false,"excerpt":"Sem\u00e1foros est\u00e3o fora de opera\u00e7\u00e3o nesta sexta-feira (27) em tr\u00eas cruzamentos da rua Rio Maroni, no Ipiranga, zona Norte de Ribeir\u00e3o Preto. A RP Mobi informou que o problema ocorre nos cruzamentos com as ruas Porto Seguro, General C\u00e2mara e Tapaj\u00f3s, ap\u00f3s um caminh\u00e3o arrebentar a fia\u00e7\u00e3o. Assista ao v\u00eddeo\u2026","rel":"","context":"In &quot;Not\u00edcias de Ribeir\u00e3o Preto-SP e Regi\u00e3o&quot;","block_context":{"text":"Not\u00edcias de Ribeir\u00e3o Preto-SP e Regi\u00e3o","link":"https:\/\/ismaelcolosi.com.br\/index.php\/category\/noticias-de-ribeirao-preto-sp-e-regiao-ismael-colosi\/"},"img":{"alt_text":"","src":"https:\/\/i0.wp.com\/ismaelcolosi.com.br\/wp-content\/uploads\/2024\/09\/WhatsApp-Image-2024-09-27-at-10.16.17-1_2024-09-27_13-17-15_jpeg_2024-09-27_13-17-15.webp.webp?fit=475%2C396&ssl=1&resize=350%2C200","width":350,"height":200},"classes":[]}],"jetpack_sharing_enabled":true,"jetpack_shortlink":"https:\/\/wp.me\/pfMlyK-4on","_links":{"self":[{"href":"https:\/\/ismaelcolosi.com.br\/index.php\/wp-json\/wp\/v2\/posts\/16887","targetHints":{"allow":["GET"]}}],"collection":[{"href":"https:\/\/ismaelcolosi.com.br\/index.php\/wp-json\/wp\/v2\/posts"}],"about":[{"href":"https:\/\/ismaelcolosi.com.br\/index.php\/wp-json\/wp\/v2\/types\/post"}],"author":[{"embeddable":true,"href":"https:\/\/ismaelcolosi.com.br\/index.php\/wp-json\/wp\/v2\/users\/1"}],"replies":[{"embeddable":true,"href":"https:\/\/ismaelcolosi.com.br\/index.php\/wp-json\/wp\/v2\/comments?post=16887"}],"version-history":[{"count":0,"href":"https:\/\/ismaelcolosi.com.br\/index.php\/wp-json\/wp\/v2\/posts\/16887\/revisions"}],"wp:featuredmedia":[{"embeddable":true,"href":"https:\/\/ismaelcolosi.com.br\/index.php\/wp-json\/wp\/v2\/media\/16888"}],"wp:attachment":[{"href":"https:\/\/ismaelcolosi.com.br\/index.php\/wp-json\/wp\/v2\/media?parent=16887"}],"wp:term":[{"taxonomy":"category","embeddable":true,"href":"https:\/\/ismaelcolosi.com.br\/index.php\/wp-json\/wp\/v2\/categories?post=16887"},{"taxonomy":"post_tag","embeddable":true,"href":"https:\/\/ismaelcolosi.com.br\/index.php\/wp-json\/wp\/v2\/tags?post=16887"}],"curies":[{"name":"wp","href":"https:\/\/api.w.org\/{rel}","templated":true}]}}