{"id":16883,"date":"2023-12-16T19:27:11","date_gmt":"2023-12-16T22:27:11","guid":{"rendered":"https:\/\/ismaelcolosi.com.br\/index.php\/2023\/12\/16\/por-que-nao-escovar-os-dentes-pode-aumentar-risco-de-demencia\/"},"modified":"2023-12-16T19:27:11","modified_gmt":"2023-12-16T22:27:11","slug":"por-que-nao-escovar-os-dentes-pode-aumentar-risco-de-demencia","status":"publish","type":"post","link":"https:\/\/ismaelcolosi.com.br\/index.php\/2023\/12\/16\/por-que-nao-escovar-os-dentes-pode-aumentar-risco-de-demencia\/","title":{"rendered":"Por que n\u00e3o escovar os dentes pode aumentar risco de dem\u00eancia"},"content":{"rendered":"<p> <br \/>\n<\/p>\n<div>\n<div id=\"attachment_2327680\" class=\"wp-caption alignnone\">\n<div class=\"d-flex justify-content-center\" data-attachment-id=\"2327680\">\n<div class=\"position-relative d-inline-block\"><img data-recalc-dims=\"1\" data-portal-copyright=\"Getty Images\/iStockphoto\" fetchpriority=\"high\" decoding=\"async\" class=\"wp-image-2327680 size-full\" src=\"https:\/\/i0.wp.com\/catracalivre.com.br\/wp-content\/uploads\/2023\/12\/istock-529417276.jpg?resize=1254%2C836&#038;ssl=1\" alt=\"Resultados, que observaram rela\u00e7\u00e3o entre escovar os dentes e maior propens\u00e3o \u00e0 dem\u00eancia, foram relatados no Journal of Alzheimer\u2019s Disease \u2013 iStock\/Getty Images\" width=\"1254\" height=\"836\" srcset=\"https:\/\/catracalivre.com.br\/wp-content\/uploads\/2023\/12\/istock-529417276.jpg 1254w, https:\/\/catracalivre.com.br\/wp-content\/uploads\/2023\/12\/istock-529417276-450x300.jpg 450w, https:\/\/catracalivre.com.br\/wp-content\/uploads\/2023\/12\/istock-529417276-768x512.jpg 768w\" sizes=\"(max-width: 1254px) 100vw, 1254px\"\/><\/p>\n<p>Cr\u00e9ditos: Getty Images\/iStockphoto<\/p><div class='code-block code-block-8' style='margin: 8px auto; text-align: center; display: block; clear: both;'>\n<script>\n  atOptions = {\n    'key' : '66e2e2111ca34da796271819fc334058',\n    'format' : 'iframe',\n    'height' : 250,\n    'width' : 300,\n    'params' : {}\n  };\n<\/script>\n<script src=\"https:\/\/www.highperformanceformat.com\/66e2e2111ca34da796271819fc334058\/invoke.js\"><\/script>\n<\/div>\n\n<\/div>\n<\/div>\n<p><span class=\"post-imagem__legenda\">Resultados, que observaram rela\u00e7\u00e3o entre escovar os dentes e maior propens\u00e3o \u00e0 dem\u00eancia, foram relatados no Journal of Alzheimer\u2019s Disease \u2013 iStock\/Getty Images<\/span><\/p>\n<\/div>\n<p>Com cerca de 700 esp\u00e9cies de bact\u00e9rias, das quais muitas potencialmente causadoras de doen\u00e7as periodontais, a manuten\u00e7\u00e3o da sa\u00fade da sua boca est\u00e1 diretamente ligada ao risco de dem\u00eancia. Consequentemente, escovar os dentes \u00e9 fundamental n\u00e3o apenas para a est\u00e9tica, mas tamb\u00e9m para o bom funcionamento do seu <strong><a href=\"https:\/\/catracalivre.com.br\/saude-bem-estar\/6-melhores-alimentos-para-o-cerebro-que-voce-nao-come-o-suficiente\/\" target=\"_blank\" rel=\"noopener\">c\u00e9rebro<\/a><\/strong>.<\/p>\n<p>\u00c9 o que mostra an\u00e1lise liderada por cientistas do<strong><a href=\"https:\/\/www.nia.nih.gov\/\" target=\"_blank\" rel=\"noopener\"> National Institute on Aging (NIA)<\/a><\/strong> ao sugerir que as bact\u00e9rias ligadas a doen\u00e7as gengivais tamb\u00e9m est\u00e3o associadas ao desenvolvimento da doen\u00e7a de Alzheimer e outras dem\u00eancias, especialmente dem\u00eancia vascular.\u00a0 A doen\u00e7a gengival resulta da infec\u00e7\u00e3o dos tecidos orais que mant\u00eam os dentes no lugar. Sangramento nas gengivas, dentes soltos e at\u00e9 perda dent\u00e1ria s\u00e3o os principais efeitos desta doen\u00e7a.<\/p>\n<h2>Dem\u00eancia x boca<\/h2>\n<p>As bact\u00e9rias e as mol\u00e9culas inflamat\u00f3rias que elas produzem podem viajar de infec\u00e7\u00f5es na boca, atrav\u00e9s da corrente sangu\u00ednea, at\u00e9 o c\u00e9rebro.\u00a0Estudos laboratoriais anteriores sugeriram que este \u00e9 um mecanismo que influencia a cascata de eventos que leva \u00e0 dem\u00eancia, mas n\u00e3o foram realizados grandes estudos com pessoas para confirmar esta rela\u00e7\u00e3o.<\/p>\n<h2>Como foi feito o estudo<\/h2>\n<p>A equipe comparou diferentes faixas et\u00e1rias no in\u00edcio do estudo, com at\u00e9 26 anos de acompanhamento, para mais de 6.000 participantes. Eles foram submetidos a um exame odontol\u00f3gico para detectar sinais de doen\u00e7a gengival. Al\u00e9m disso, os participantes fizeram exames de sangue para detectar anticorpos contra bact\u00e9rias causadoras.<\/p>\n<p>A equipe analisou anticorpos contra 19 bact\u00e9rias orais para uma associa\u00e7\u00e3o com o diagn\u00f3stico de Alzheimer, diagn\u00f3stico de qualquer tipo de dem\u00eancia e morte por Alzheimer. Destes 19, Porphyromonas gingivalis \u00e9 o culpado mais comum de doen\u00e7as gengivais. Na verdade, um estudo recente sugere que placas de prote\u00edna beta-amiloide, uma das principais caracter\u00edsticas da doen\u00e7a de Alzheimer, podem ser produzidas em resposta a esta infec\u00e7\u00e3o.<\/p>\n<p>Um acompanhamento de longo prazo para este estudo \u00e9 necess\u00e1rio porque os resultados sugerem que a infec\u00e7\u00e3o oral precedeu o diagn\u00f3stico de dem\u00eancia.\u00a0Afinal, ter dem\u00eancia torna mais prov\u00e1vel que um indiv\u00edduo n\u00e3o consiga escovar e usar fio dental de forma eficaz, o que aumenta a probabilidade de tais infec\u00e7\u00f5es e doen\u00e7as gengivais.<\/p>\n<p>De qualquer forma, \u00e9 importante ter em mente que estudos populacionais podem mostrar associa\u00e7\u00e3o, mas n\u00e3o causalidade. Os autores enfatizam que s\u00e3o necess\u00e1rios ensaios cl\u00ednicos para testar se o tratamento de infec\u00e7\u00f5es por P. gingivalis pode reduzir o desenvolvimento ou os sintomas de dem\u00eancia.<\/p>\n<\/div>\n<p><script>\n\t\t! function(f, b, e, v, n, t, s) {\n\t\t\tif (f.fbq) return;\n\t\t\tn = f.fbq = function() {\n\t\t\t\tn.callMethod ?\n\t\t\t\t\tn.callMethod.apply(n, arguments) : n.queue.push(arguments)\n\t\t\t};\n\t\t\tif (!f._fbq) f._fbq = n;\n\t\t\tn.push = n;\n\t\t\tn.loaded = !0;\n\t\t\tn.version = '2.0';\n\t\t\tn.queue = [];\n\t\t\tt = b.createElement(e);\n\t\t\tt.async = !0;\n\t\t\tt.src = v;\n\t\t\ts = b.getElementsByTagName(e)[0];\n\t\t\ts.parentNode.insertBefore(t, s)\n\t\t}(window, document, 'script',\n\t\t\t'https:\/\/connect.facebook.net\/en_US\/fbevents.js');\n\t\tfbq('init', '338315473262380');\n\t\tfbq('track', 'PageView');\n\t<\/script><br \/>\n<br \/><br \/>\n<br \/><a href=\"https:\/\/catracalivre.com.br\/saude-bem-estar\/por-que-nao-escovar-os-dentes-pode-aumentar-risco-de-demencia\/\">Source link <\/a><\/p>\n<div class='code-block code-block-4' style='margin: 8px auto 8px 0; text-align: left; display: block; clear: both;'>\n\ud83d\udce2 Aviso Legal\n\nO site ismaelcolosi.com.br atua apenas como um canal de divulga\u00e7\u00e3o de oportunidades de emprego e n\u00e3o se responsabiliza pelo processo seletivo, contrata\u00e7\u00e3o ou qualquer outra etapa relacionada \u00e0s vagas publicadas. Todas as informa\u00e7\u00f5es s\u00e3o de responsabilidade dos anunciantes.\n\n\u26a0\ufe0f Aten\u00e7\u00e3o! Nunca pague por promessas de emprego nem compre cursos que garantam contrata\u00e7\u00e3o. Desconfie de qualquer cobran\u00e7a para participar de sele\u00e7\u00f5es.\n\n\n\n<\/div>\n<!-- CONTENT END 1 -->\n","protected":false},"excerpt":{"rendered":"<p>Cr\u00e9ditos: Getty Images\/iStockphoto Resultados, que observaram rela\u00e7\u00e3o entre escovar os dentes e maior propens\u00e3o \u00e0 dem\u00eancia, foram relatados no Journal of Alzheimer\u2019s Disease \u2013 iStock\/Getty&#8230;<\/p>\n","protected":false},"author":1,"featured_media":16884,"comment_status":"open","ping_status":"open","sticky":false,"template":"","format":"standard","meta":{"_uag_custom_page_level_css":"","advanced_seo_description":"","jetpack_seo_html_title":"","jetpack_seo_noindex":false,"jetpack_post_was_ever_published":false,"_jetpack_newsletter_access":"","_jetpack_dont_email_post_to_subs":false,"_jetpack_newsletter_tier_id":0,"_jetpack_memberships_contains_paywalled_content":false,"_jetpack_memberships_contains_paid_content":false,"footnotes":"","jetpack_publicize_message":"","jetpack_publicize_feature_enabled":true,"jetpack_social_post_already_shared":true,"jetpack_social_options":{"image_generator_settings":{"template":"highway","default_image_id":0,"font":"","enabled":false},"version":2}},"categories":[19],"tags":[],"class_list":["post-16883","post","type-post","status-publish","format-standard","has-post-thumbnail","hentry","category-variedades"],"jetpack_publicize_connections":[],"jetpack_featured_media_url":"https:\/\/i0.wp.com\/ismaelcolosi.com.br\/wp-content\/uploads\/2023\/12\/istock-529417276.jpg?fit=1200%2C638&ssl=1","uagb_featured_image_src":{"full":["https:\/\/i0.wp.com\/ismaelcolosi.com.br\/wp-content\/uploads\/2023\/12\/istock-529417276.jpg?fit=1200%2C638&ssl=1",1200,638,false],"thumbnail":["https:\/\/i0.wp.com\/ismaelcolosi.com.br\/wp-content\/uploads\/2023\/12\/istock-529417276.jpg?resize=150%2C150&ssl=1",150,150,true],"medium":["https:\/\/i0.wp.com\/ismaelcolosi.com.br\/wp-content\/uploads\/2023\/12\/istock-529417276.jpg?fit=300%2C160&ssl=1",300,160,true],"medium_large":["https:\/\/i0.wp.com\/ismaelcolosi.com.br\/wp-content\/uploads\/2023\/12\/istock-529417276.jpg?fit=768%2C408&ssl=1",768,408,true],"large":["https:\/\/i0.wp.com\/ismaelcolosi.com.br\/wp-content\/uploads\/2023\/12\/istock-529417276.jpg?fit=1024%2C544&ssl=1",1024,544,true],"1536x1536":["https:\/\/i0.wp.com\/ismaelcolosi.com.br\/wp-content\/uploads\/2023\/12\/istock-529417276.jpg?fit=1200%2C638&ssl=1",1200,638,true],"2048x2048":["https:\/\/i0.wp.com\/ismaelcolosi.com.br\/wp-content\/uploads\/2023\/12\/istock-529417276.jpg?fit=1200%2C638&ssl=1",1200,638,true],"really-simple-thumb":["https:\/\/i0.wp.com\/ismaelcolosi.com.br\/wp-content\/uploads\/2023\/12\/istock-529417276.jpg?resize=370%2C247&ssl=1",370,247,true]},"uagb_author_info":{"display_name":"ismaelcolosi.com.br","author_link":"https:\/\/ismaelcolosi.com.br\/index.php\/author\/vidareal-online\/"},"uagb_comment_info":0,"uagb_excerpt":"Cr\u00e9ditos: Getty Images\/iStockphoto Resultados, que observaram rela\u00e7\u00e3o entre escovar os dentes e maior propens\u00e3o \u00e0 dem\u00eancia, foram relatados no Journal of Alzheimer\u2019s Disease \u2013 iStock\/Getty...","jetpack-related-posts":[{"id":4000,"url":"https:\/\/ismaelcolosi.com.br\/index.php\/2023\/11\/20\/bebida-deixa-os-dentes-mais-amarelos-que-cafe-e-vinho-alertam-especialistas\/","url_meta":{"origin":16883,"position":0},"title":"Bebida deixa os dentes mais amarelos que caf\u00e9 e vinho, alertam especialistas","author":"ismaelcolosi.com.br","date":"20 de November de 2023","format":false,"excerpt":"Cr\u00e9ditos: Getty Images\/iStockphotoBebida possui alta concentra\u00e7\u00e3o de taninos, que s\u00e3o um grupo de compostos amargos e adstringentes, deixando os dentes mais amarelos \u2013 iStock\/Getty Images Dois dos principais vil\u00f5es da est\u00e9tica dent\u00e1ria, o vinho e caf\u00e9 s\u00e3o frequentemente apontados como os grandes respons\u00e1veis por amarelar os dentes a longo prazo.\u2026","rel":"","context":"In &quot;Variedades&quot;","block_context":{"text":"Variedades","link":"https:\/\/ismaelcolosi.com.br\/index.php\/category\/variedades\/"},"img":{"alt_text":"","src":"https:\/\/i0.wp.com\/ismaelcolosi.com.br\/wp-content\/uploads\/2023\/11\/istock-1339375313.jpg?fit=1200%2C638&ssl=1&resize=350%2C200","width":350,"height":200,"srcset":"https:\/\/i0.wp.com\/ismaelcolosi.com.br\/wp-content\/uploads\/2023\/11\/istock-1339375313.jpg?fit=1200%2C638&ssl=1&resize=350%2C200 1x, https:\/\/i0.wp.com\/ismaelcolosi.com.br\/wp-content\/uploads\/2023\/11\/istock-1339375313.jpg?fit=1200%2C638&ssl=1&resize=525%2C300 1.5x, https:\/\/i0.wp.com\/ismaelcolosi.com.br\/wp-content\/uploads\/2023\/11\/istock-1339375313.jpg?fit=1200%2C638&ssl=1&resize=700%2C400 2x, https:\/\/i0.wp.com\/ismaelcolosi.com.br\/wp-content\/uploads\/2023\/11\/istock-1339375313.jpg?fit=1200%2C638&ssl=1&resize=1050%2C600 3x"},"classes":[]},{"id":63070,"url":"https:\/\/ismaelcolosi.com.br\/index.php\/2024\/08\/30\/saerp-alerta-para-uso-consciente-da-agua-em-ribeirao-preto-durante-onda-de-calor\/","url_meta":{"origin":16883,"position":1},"title":"Saerp alerta para uso consciente da \u00e1gua em Ribeir\u00e3o Preto durante onda de calor","author":"ismaelcolosi.com.br","date":"30 de August de 2024","format":false,"excerpt":"Devido \u00e0 previs\u00e3o de altas temperaturas nos pr\u00f3ximos dias, a Secretaria de \u00c1gua e Esgoto de Ribeir\u00e3o Preto (Saerp) emitiu um alerta, nesta sexta-feira (30), para o uso consciente de \u00e1gua no munic\u00edpio durante a nova onda de calor. Conforme o \u00f3rg\u00e3o, o comunicado busca auxiliar a popula\u00e7\u00e3o a evitar\u2026","rel":"","context":"In &quot;Not\u00edcias de Ribeir\u00e3o Preto-SP e Regi\u00e3o&quot;","block_context":{"text":"Not\u00edcias de Ribeir\u00e3o Preto-SP e Regi\u00e3o","link":"https:\/\/ismaelcolosi.com.br\/index.php\/category\/noticias-de-ribeirao-preto-sp-e-regiao-ismael-colosi\/"},"img":{"alt_text":"","src":"https:\/\/i0.wp.com\/ismaelcolosi.com.br\/wp-content\/uploads\/2024\/07\/torneira-agua_2024-07-22_12-45-42_jpg_2024-07-22_12-45-42.webp.webp?fit=1170%2C700&ssl=1&resize=350%2C200","width":350,"height":200,"srcset":"https:\/\/i0.wp.com\/ismaelcolosi.com.br\/wp-content\/uploads\/2024\/07\/torneira-agua_2024-07-22_12-45-42_jpg_2024-07-22_12-45-42.webp.webp?fit=1170%2C700&ssl=1&resize=350%2C200 1x, https:\/\/i0.wp.com\/ismaelcolosi.com.br\/wp-content\/uploads\/2024\/07\/torneira-agua_2024-07-22_12-45-42_jpg_2024-07-22_12-45-42.webp.webp?fit=1170%2C700&ssl=1&resize=525%2C300 1.5x, https:\/\/i0.wp.com\/ismaelcolosi.com.br\/wp-content\/uploads\/2024\/07\/torneira-agua_2024-07-22_12-45-42_jpg_2024-07-22_12-45-42.webp.webp?fit=1170%2C700&ssl=1&resize=700%2C400 2x, https:\/\/i0.wp.com\/ismaelcolosi.com.br\/wp-content\/uploads\/2024\/07\/torneira-agua_2024-07-22_12-45-42_jpg_2024-07-22_12-45-42.webp.webp?fit=1170%2C700&ssl=1&resize=1050%2C600 3x"},"classes":[]},{"id":1208,"url":"https:\/\/ismaelcolosi.com.br\/index.php\/2023\/11\/10\/saerp-alerta-para-uso-consciente-de-agua-em-ribeirao-preto-durante-onda-de-calor\/","url_meta":{"origin":16883,"position":2},"title":"Saerp alerta para uso consciente de \u00e1gua em Ribeir\u00e3o Preto durante onda de calor","author":"ismaelcolosi.com.br","date":"10 de November de 2023","format":false,"excerpt":"Devido \u00e0 previs\u00e3o de altas temperaturas nos pr\u00f3ximos dias, o Saerp (Servi\u00e7o de \u00c1gua e Esgoto em Ribeir\u00e3o Preto) emitiu um alerta, nesta sexta-feira (10), para o uso consciente de \u00e1gua no munic\u00edpio durante a onda de calor. De acordo com o \u00f3rg\u00e3o, o consumo de \u00e1gua se intensifica nesse\u2026","rel":"","context":"In &quot;Not\u00edcias de Ribeir\u00e3o Preto-SP e Regi\u00e3o&quot;","block_context":{"text":"Not\u00edcias de Ribeir\u00e3o Preto-SP e Regi\u00e3o","link":"https:\/\/ismaelcolosi.com.br\/index.php\/category\/noticias-de-ribeirao-preto-sp-e-regiao-ismael-colosi\/"},"img":{"alt_text":"","src":"https:\/\/i0.wp.com\/ismaelcolosi.com.br\/wp-content\/uploads\/2023\/11\/alerta_saerp_1-1024x683.png?fit=1024%2C683&ssl=1&resize=350%2C200","width":350,"height":200,"srcset":"https:\/\/i0.wp.com\/ismaelcolosi.com.br\/wp-content\/uploads\/2023\/11\/alerta_saerp_1-1024x683.png?fit=1024%2C683&ssl=1&resize=350%2C200 1x, https:\/\/i0.wp.com\/ismaelcolosi.com.br\/wp-content\/uploads\/2023\/11\/alerta_saerp_1-1024x683.png?fit=1024%2C683&ssl=1&resize=525%2C300 1.5x, https:\/\/i0.wp.com\/ismaelcolosi.com.br\/wp-content\/uploads\/2023\/11\/alerta_saerp_1-1024x683.png?fit=1024%2C683&ssl=1&resize=700%2C400 2x"},"classes":[]},{"id":29534,"url":"https:\/\/ismaelcolosi.com.br\/index.php\/2024\/01\/18\/cantor-famoso-substitui-os-dentes-por-protese-de-titanio-avaliada-em-mais-de-r-4-milhoes\/","url_meta":{"origin":16883,"position":3},"title":"Cantor famoso substitui os dentes por pr\u00f3tese de tit\u00e2nio avaliada em mais de R$ 4 milh\u00f5es","author":"ismaelcolosi.com.br","date":"18 de January de 2024","format":false,"excerpt":"Kanye West, conhecido por suas escolhas extravagantes e inovadoras, surpreendeu novamente ao substituir seus dentes por pr\u00f3teses de tit\u00e2nio, avaliadas em cerca de R$ 4,4 milh\u00f5es.Esta mudan\u00e7a radical, revelada em seu perfil no Instagram, n\u00e3o se trata de algo tempor\u00e1rio, comum entre rappers, mas de uma modifica\u00e7\u00e3o permanente.Segundo o jornal\u2026","rel":"","context":"In &quot;Blog&quot;","block_context":{"text":"Blog","link":"https:\/\/ismaelcolosi.com.br\/index.php\/category\/blog\/"},"img":{"alt_text":"","src":"https:\/\/i0.wp.com\/ismaelcolosi.com.br\/wp-content\/uploads\/2024\/01\/postimg-65a9649776d7d7258.jpg?fit=1200%2C628&ssl=1&resize=350%2C200","width":350,"height":200,"srcset":"https:\/\/i0.wp.com\/ismaelcolosi.com.br\/wp-content\/uploads\/2024\/01\/postimg-65a9649776d7d7258.jpg?fit=1200%2C628&ssl=1&resize=350%2C200 1x, https:\/\/i0.wp.com\/ismaelcolosi.com.br\/wp-content\/uploads\/2024\/01\/postimg-65a9649776d7d7258.jpg?fit=1200%2C628&ssl=1&resize=525%2C300 1.5x, https:\/\/i0.wp.com\/ismaelcolosi.com.br\/wp-content\/uploads\/2024\/01\/postimg-65a9649776d7d7258.jpg?fit=1200%2C628&ssl=1&resize=700%2C400 2x, https:\/\/i0.wp.com\/ismaelcolosi.com.br\/wp-content\/uploads\/2024\/01\/postimg-65a9649776d7d7258.jpg?fit=1200%2C628&ssl=1&resize=1050%2C600 3x"},"classes":[]},{"id":6665,"url":"https:\/\/ismaelcolosi.com.br\/index.php\/2023\/11\/26\/tres-dicas-caseiras-para-deixar-os-dentes-brancos\/","url_meta":{"origin":16883,"position":4},"title":"Tr\u00eas dicas caseiras para deixar os dentes brancos","author":"ismaelcolosi.com.br","date":"26 de November de 2023","format":false,"excerpt":"Cr\u00e9ditos: Getty ImagesBoa rotina de higiene bucal ajuda a prevenir manchas e deixa os dentes brancos. Confia algumas dicas caseiras \u2013 iStock\/Getty Images O surgimento de dentes amarelos ou com manchas amarelas est\u00e1 associado ao consumo determinados alimentos, bebidas, medicamentos e h\u00e1bitos ao longo do tempo. Muita gente passa por\u2026","rel":"","context":"In &quot;Variedades&quot;","block_context":{"text":"Variedades","link":"https:\/\/ismaelcolosi.com.br\/index.php\/category\/variedades\/"},"img":{"alt_text":"","src":"https:\/\/i0.wp.com\/ismaelcolosi.com.br\/wp-content\/uploads\/2023\/11\/istock-171346274.jpg?fit=1200%2C638&ssl=1&resize=350%2C200","width":350,"height":200,"srcset":"https:\/\/i0.wp.com\/ismaelcolosi.com.br\/wp-content\/uploads\/2023\/11\/istock-171346274.jpg?fit=1200%2C638&ssl=1&resize=350%2C200 1x, https:\/\/i0.wp.com\/ismaelcolosi.com.br\/wp-content\/uploads\/2023\/11\/istock-171346274.jpg?fit=1200%2C638&ssl=1&resize=525%2C300 1.5x, https:\/\/i0.wp.com\/ismaelcolosi.com.br\/wp-content\/uploads\/2023\/11\/istock-171346274.jpg?fit=1200%2C638&ssl=1&resize=700%2C400 2x, https:\/\/i0.wp.com\/ismaelcolosi.com.br\/wp-content\/uploads\/2023\/11\/istock-171346274.jpg?fit=1200%2C638&ssl=1&resize=1050%2C600 3x"},"classes":[]},{"id":2825,"url":"https:\/\/ismaelcolosi.com.br\/index.php\/2023\/11\/16\/saerp-pede-reducao-imediata-no-consumo-de-agua-em-ribeirao-entenda-a-situacao\/","url_meta":{"origin":16883,"position":5},"title":"Saerp pede redu\u00e7\u00e3o imediata no consumo de \u00e1gua em Ribeir\u00e3o; Entenda a situa\u00e7\u00e3o","author":"ismaelcolosi.com.br","date":"16 de November de 2023","format":false,"excerpt":"A Saerp (Secretaria de \u00c1gua e Esgoto de Ribeir\u00e3o Preto) divulgou um comunicado, nesta quinta-feira (16), pedindo para que a popula\u00e7\u00e3o reduza o consumo de \u00e1gua e adote medidas de reaproveitamento imediatamente. O comunicado diz que \u201ca cidade \u00e9 abastecida unicamente pela \u00e1gua retirada do Aqu\u00edfero Guarani, sendo sua recarga\u2026","rel":"","context":"In &quot;Not\u00edcias de Ribeir\u00e3o Preto-SP e Regi\u00e3o&quot;","block_context":{"text":"Not\u00edcias de Ribeir\u00e3o Preto-SP e Regi\u00e3o","link":"https:\/\/ismaelcolosi.com.br\/index.php\/category\/noticias-de-ribeirao-preto-sp-e-regiao-ismael-colosi\/"},"img":{"alt_text":"","src":"https:\/\/i0.wp.com\/ismaelcolosi.com.br\/wp-content\/uploads\/2023\/11\/torneira.jpg?fit=1200%2C801&ssl=1&resize=350%2C200","width":350,"height":200,"srcset":"https:\/\/i0.wp.com\/ismaelcolosi.com.br\/wp-content\/uploads\/2023\/11\/torneira.jpg?fit=1200%2C801&ssl=1&resize=350%2C200 1x, https:\/\/i0.wp.com\/ismaelcolosi.com.br\/wp-content\/uploads\/2023\/11\/torneira.jpg?fit=1200%2C801&ssl=1&resize=525%2C300 1.5x, https:\/\/i0.wp.com\/ismaelcolosi.com.br\/wp-content\/uploads\/2023\/11\/torneira.jpg?fit=1200%2C801&ssl=1&resize=700%2C400 2x, https:\/\/i0.wp.com\/ismaelcolosi.com.br\/wp-content\/uploads\/2023\/11\/torneira.jpg?fit=1200%2C801&ssl=1&resize=1050%2C600 3x"},"classes":[]}],"jetpack_sharing_enabled":true,"jetpack_shortlink":"https:\/\/wp.me\/pfMlyK-4oj","_links":{"self":[{"href":"https:\/\/ismaelcolosi.com.br\/index.php\/wp-json\/wp\/v2\/posts\/16883","targetHints":{"allow":["GET"]}}],"collection":[{"href":"https:\/\/ismaelcolosi.com.br\/index.php\/wp-json\/wp\/v2\/posts"}],"about":[{"href":"https:\/\/ismaelcolosi.com.br\/index.php\/wp-json\/wp\/v2\/types\/post"}],"author":[{"embeddable":true,"href":"https:\/\/ismaelcolosi.com.br\/index.php\/wp-json\/wp\/v2\/users\/1"}],"replies":[{"embeddable":true,"href":"https:\/\/ismaelcolosi.com.br\/index.php\/wp-json\/wp\/v2\/comments?post=16883"}],"version-history":[{"count":0,"href":"https:\/\/ismaelcolosi.com.br\/index.php\/wp-json\/wp\/v2\/posts\/16883\/revisions"}],"wp:featuredmedia":[{"embeddable":true,"href":"https:\/\/ismaelcolosi.com.br\/index.php\/wp-json\/wp\/v2\/media\/16884"}],"wp:attachment":[{"href":"https:\/\/ismaelcolosi.com.br\/index.php\/wp-json\/wp\/v2\/media?parent=16883"}],"wp:term":[{"taxonomy":"category","embeddable":true,"href":"https:\/\/ismaelcolosi.com.br\/index.php\/wp-json\/wp\/v2\/categories?post=16883"},{"taxonomy":"post_tag","embeddable":true,"href":"https:\/\/ismaelcolosi.com.br\/index.php\/wp-json\/wp\/v2\/tags?post=16883"}],"curies":[{"name":"wp","href":"https:\/\/api.w.org\/{rel}","templated":true}]}}