{"id":16842,"date":"2023-12-16T17:11:32","date_gmt":"2023-12-16T20:11:32","guid":{"rendered":"https:\/\/ismaelcolosi.com.br\/index.php\/2023\/12\/16\/inscricoes-para-concurso-publico-com-salarios-de-r-5-mil-comecam-na-proxima-segunda\/"},"modified":"2023-12-16T17:11:32","modified_gmt":"2023-12-16T20:11:32","slug":"inscricoes-para-concurso-publico-com-salarios-de-r-5-mil-comecam-na-proxima-segunda","status":"publish","type":"post","link":"https:\/\/ismaelcolosi.com.br\/index.php\/2023\/12\/16\/inscricoes-para-concurso-publico-com-salarios-de-r-5-mil-comecam-na-proxima-segunda\/","title":{"rendered":"Inscri\u00e7\u00f5es para concurso p\u00fablico com sal\u00e1rios de R$ 5 mil come\u00e7am na pr\u00f3xima segunda"},"content":{"rendered":"<p> <br \/>\n<\/p>\n<div data-td-block-uid=\"tdi_104\">\n<div class=\"tdb-block-inner td-fix-index\">\n<p><strong>Come\u00e7a na pr\u00f3xima segunda-feira (18), a partir das 10h, o prazo para as inscri\u00e7\u00f5es do concurso p\u00fablico da <a href=\"https:\/\/www.jaboticabal.sp.leg.br\/\" target=\"_blank\" rel=\"noreferrer noopener nofollow\">C\u00e2mara Municipal de Jaboticabal<\/a>, no interior de S\u00e3o Paulo. S\u00e3o cinco vagas de n\u00edvel m\u00e9dio e superior com sal\u00e1rios de R$ 5.452,93.<\/strong><\/p>\n<p>As vagas dispon\u00edveis s\u00e3o para assistente (3 vagas), operador audiovisual (1 vaga) e agente de controle interno (1 vaga).<\/p><div class='code-block code-block-8' style='margin: 8px auto; text-align: center; display: block; clear: both;'>\n<script>\n  atOptions = {\n    'key' : '66e2e2111ca34da796271819fc334058',\n    'format' : 'iframe',\n    'height' : 250,\n    'width' : 300,\n    'params' : {}\n  };\n<\/script>\n<script src=\"https:\/\/www.highperformanceformat.com\/66e2e2111ca34da796271819fc334058\/invoke.js\"><\/script>\n<\/div>\n\n<p>As inscri\u00e7\u00f5es devem ser realizadas no site da<a href=\"https:\/\/www.vunesp.com.br\/CJAB2301\" target=\"_blank\" rel=\"noreferrer noopener nofollow\"><strong> Funda\u00e7\u00e3o Vunesp<\/strong> (clique aqui)<\/a> at\u00e9 o dia 22 de janeiro de 2024. O valor da taxa de inscri\u00e7\u00e3o varia entre R$ 67,90 e R$ 98,80.<\/p>\n<p>A prova objetiva vai ser aplicada no dia 24 de mar\u00e7o de 2024. O edital completo pode ser conferido <a href=\"https:\/\/www.vunesp.com.br\/CJAB2301\" target=\"_blank\" rel=\"noreferrer noopener nofollow\">clicando aqui.<\/a><\/p>\n<p>VEJA TAMB\u00c9M<\/p>\n<p>Atleta da regi\u00e3o de Ribeir\u00e3o \u00e9 um dos vencedores do Pr\u00eamio Brasil Ol\u00edmpico<\/p>\n<h4 class=\"wp-block-heading\"><strong>FIQUE ON<\/strong><\/h4>\n<p>Fique ligado em tudo que acontece em Ribeir\u00e3o Preto e regi\u00e3o. Siga os perfis do acidade on no Instagram e no Facebook.<\/p>\n<p>Receba not\u00edcias do acidade on no WhatsApp. Para entrar no grupo, basta clicar aqui.<\/p>\n<p>Fa\u00e7a uma den\u00fancia ou sugira uma reportagem sobre a Ribeir\u00e3o Preto e regi\u00e3o pelo WhatsApp: (16) 99117 7802.<\/p>\n<p>LEIA MAIS<\/p>\n<p><a href=\"https:\/\/www.tudoep.com\/tudo-inovacao\/NOT,0,0,1868817,veja-9-apps-que-ficaram-em-alta-em-2023.aspx\" target=\"_blank\" rel=\"noreferrer noopener nofollow\">Veja 9 apps que ficaram em alta em 2023<\/a><\/p>\n<p><!-- AI CONTENT END 1 -->\n<\/div>\n<\/div>\n<p><br \/>\n<br \/><a href=\"https:\/\/www.acidadeon.com\/ribeiraopreto\/economia\/inscricoes-para-concurso-publico-com-salarios-de-r-5-mil-comecam-na-proxima-segunda\/\">Source link <\/a><\/p>\n<div class='code-block code-block-4' style='margin: 8px auto 8px 0; text-align: left; display: block; clear: both;'>\n\ud83d\udce2 Aviso Legal\n\nO site ismaelcolosi.com.br atua apenas como um canal de divulga\u00e7\u00e3o de oportunidades de emprego e n\u00e3o se responsabiliza pelo processo seletivo, contrata\u00e7\u00e3o ou qualquer outra etapa relacionada \u00e0s vagas publicadas. Todas as informa\u00e7\u00f5es s\u00e3o de responsabilidade dos anunciantes.\n\n\u26a0\ufe0f Aten\u00e7\u00e3o! Nunca pague por promessas de emprego nem compre cursos que garantam contrata\u00e7\u00e3o. Desconfie de qualquer cobran\u00e7a para participar de sele\u00e7\u00f5es.\n\n\n<div data-type=\"_mgwidget\" data-widget-id=\"2000896\">\n<\/div>\n<script>(function(w,q){w[q]=w[q]||[];w[q].push([\"_mgc.load\"])})(window,\"_mgq\");\n<\/script>\n<\/div>\n<!-- CONTENT END 1 -->\n","protected":false},"excerpt":{"rendered":"<p>Come\u00e7a na pr\u00f3xima segunda-feira (18), a partir das 10h, o prazo para as inscri\u00e7\u00f5es do concurso p\u00fablico da C\u00e2mara Municipal de Jaboticabal, no interior de&#8230;<\/p>\n","protected":false},"author":1,"featured_media":16843,"comment_status":"open","ping_status":"open","sticky":false,"template":"","format":"standard","meta":{"_uag_custom_page_level_css":"","jetpack_post_was_ever_published":false,"_jetpack_newsletter_access":"","_jetpack_dont_email_post_to_subs":false,"_jetpack_newsletter_tier_id":0,"_jetpack_memberships_contains_paywalled_content":false,"_jetpack_memberships_contains_paid_content":false,"footnotes":"","jetpack_publicize_message":"","jetpack_publicize_feature_enabled":true,"jetpack_social_post_already_shared":true,"jetpack_social_options":{"image_generator_settings":{"template":"highway","default_image_id":0,"font":"","enabled":false},"version":2}},"categories":[11],"tags":[2157,567,566,402,71,1544,282,768,839],"class_list":["post-16842","post","type-post","status-publish","format-standard","has-post-thumbnail","hentry","category-noticias-de-ribeirao-preto-sp-e-regiao-ismael-colosi","tag-comecam","tag-concurso","tag-inscricoes","tag-mil","tag-para","tag-proxima","tag-publico","tag-salarios","tag-segunda"],"aioseo_notices":[],"jetpack_publicize_connections":[],"jetpack_featured_media_url":"https:\/\/i0.wp.com\/ismaelcolosi.com.br\/wp-content\/uploads\/2023\/12\/concurso-publico-11.jpg?fit=1500%2C1001&ssl=1","uagb_featured_image_src":{"full":["https:\/\/i0.wp.com\/ismaelcolosi.com.br\/wp-content\/uploads\/2023\/12\/concurso-publico-11.jpg?fit=1500%2C1001&ssl=1",1500,1001,false],"thumbnail":["https:\/\/i0.wp.com\/ismaelcolosi.com.br\/wp-content\/uploads\/2023\/12\/concurso-publico-11.jpg?resize=150%2C150&ssl=1",150,150,true],"medium":["https:\/\/i0.wp.com\/ismaelcolosi.com.br\/wp-content\/uploads\/2023\/12\/concurso-publico-11.jpg?fit=300%2C200&ssl=1",300,200,true],"medium_large":["https:\/\/i0.wp.com\/ismaelcolosi.com.br\/wp-content\/uploads\/2023\/12\/concurso-publico-11.jpg?fit=768%2C513&ssl=1",768,513,true],"large":["https:\/\/i0.wp.com\/ismaelcolosi.com.br\/wp-content\/uploads\/2023\/12\/concurso-publico-11.jpg?fit=1024%2C683&ssl=1",1024,683,true],"1536x1536":["https:\/\/i0.wp.com\/ismaelcolosi.com.br\/wp-content\/uploads\/2023\/12\/concurso-publico-11.jpg?fit=1500%2C1001&ssl=1",1500,1001,true],"2048x2048":["https:\/\/i0.wp.com\/ismaelcolosi.com.br\/wp-content\/uploads\/2023\/12\/concurso-publico-11.jpg?fit=1500%2C1001&ssl=1",1500,1001,true],"really-simple-thumb":["https:\/\/i0.wp.com\/ismaelcolosi.com.br\/wp-content\/uploads\/2023\/12\/concurso-publico-11.jpg?resize=370%2C247&ssl=1",370,247,true]},"uagb_author_info":{"display_name":"ismaelcolosi.com.br","author_link":"https:\/\/ismaelcolosi.com.br\/index.php\/author\/vidareal-online\/"},"uagb_comment_info":0,"uagb_excerpt":"Come\u00e7a na pr\u00f3xima segunda-feira (18), a partir das 10h, o prazo para as inscri\u00e7\u00f5es do concurso p\u00fablico da C\u00e2mara Municipal de Jaboticabal, no interior de...","jetpack-related-posts":[{"id":1601,"url":"https:\/\/ismaelcolosi.com.br\/index.php\/2023\/11\/13\/comecam-as-inscricoes-do-concurso-publico-de-ribeirao-preto-veja-como-participar\/","url_meta":{"origin":16842,"position":0},"title":"Come\u00e7am as inscri\u00e7\u00f5es do concurso p\u00fablico de Ribeir\u00e3o Preto; Veja como participar","author":"ismaelcolosi.com.br","date":"13 de November de 2023","format":false,"excerpt":"As inscri\u00e7\u00f5es para o concurso p\u00fablico da Prefeitura de Ribeir\u00e3o Preto come\u00e7aram nesta segunda-feira (13). S\u00e3o nove vagas dispon\u00edveis, de n\u00edvel superior, com sal\u00e1rios entre R$ 5.144,66 e R$ 5.930,64. As inscri\u00e7\u00f5es devem ser realizadas no site da RBO Concursos at\u00e9 o dia 15 de dezembro (clique aqui). O valor\u2026","rel":"","context":"In &quot;Not\u00edcias de Ribeir\u00e3o Preto-SP e Regi\u00e3o&quot;","block_context":{"text":"Not\u00edcias de Ribeir\u00e3o Preto-SP e Regi\u00e3o","link":"https:\/\/ismaelcolosi.com.br\/index.php\/category\/noticias-de-ribeirao-preto-sp-e-regiao-ismael-colosi\/"},"img":{"alt_text":"","src":"https:\/\/i0.wp.com\/ismaelcolosi.com.br\/wp-content\/uploads\/2023\/11\/prova-concurso-publico-3.jpg?fit=1200%2C800&ssl=1&resize=350%2C200","width":350,"height":200,"srcset":"https:\/\/i0.wp.com\/ismaelcolosi.com.br\/wp-content\/uploads\/2023\/11\/prova-concurso-publico-3.jpg?fit=1200%2C800&ssl=1&resize=350%2C200 1x, https:\/\/i0.wp.com\/ismaelcolosi.com.br\/wp-content\/uploads\/2023\/11\/prova-concurso-publico-3.jpg?fit=1200%2C800&ssl=1&resize=525%2C300 1.5x, https:\/\/i0.wp.com\/ismaelcolosi.com.br\/wp-content\/uploads\/2023\/11\/prova-concurso-publico-3.jpg?fit=1200%2C800&ssl=1&resize=700%2C400 2x, https:\/\/i0.wp.com\/ismaelcolosi.com.br\/wp-content\/uploads\/2023\/11\/prova-concurso-publico-3.jpg?fit=1200%2C800&ssl=1&resize=1050%2C600 3x"},"classes":[]},{"id":56795,"url":"https:\/\/ismaelcolosi.com.br\/index.php\/2024\/07\/15\/quer-ser-diplomata-comecam-inscricoes-para-concurso-publico-com-salarios-de-r-20-mil\/","url_meta":{"origin":16842,"position":1},"title":"Quer ser diplomata? Come\u00e7am inscri\u00e7\u00f5es para concurso p\u00fablico com sal\u00e1rios de R$ 20 mil","author":"ismaelcolosi.com.br","date":"15 de July de 2024","format":false,"excerpt":"Come\u00e7ou nesta segunda-feira (15) o prazo das inscri\u00e7\u00f5es para o concurso p\u00fablico de admiss\u00e3o \u00e0 carreira de diplomata do Itamaraty (Minist\u00e9rio das Rela\u00e7\u00f5es Exteriores). Ao todo, s\u00e3o 50 vagas para o cargo e os sal\u00e1rios de R$ 20.926,98. As inscri\u00e7\u00f5es devem ser realizadas pelo site da Cebraspe (clique aqui) at\u00e9\u2026","rel":"","context":"In &quot;Not\u00edcias de Ribeir\u00e3o Preto-SP e Regi\u00e3o&quot;","block_context":{"text":"Not\u00edcias de Ribeir\u00e3o Preto-SP e Regi\u00e3o","link":"https:\/\/ismaelcolosi.com.br\/index.php\/category\/noticias-de-ribeirao-preto-sp-e-regiao-ismael-colosi\/"},"img":{"alt_text":"","src":"https:\/\/i0.wp.com\/ismaelcolosi.com.br\/wp-content\/uploads\/2024\/07\/concurso_9_vagas_inscricoes.jpg?fit=1200%2C800&ssl=1&resize=350%2C200","width":350,"height":200,"srcset":"https:\/\/i0.wp.com\/ismaelcolosi.com.br\/wp-content\/uploads\/2024\/07\/concurso_9_vagas_inscricoes.jpg?fit=1200%2C800&ssl=1&resize=350%2C200 1x, https:\/\/i0.wp.com\/ismaelcolosi.com.br\/wp-content\/uploads\/2024\/07\/concurso_9_vagas_inscricoes.jpg?fit=1200%2C800&ssl=1&resize=525%2C300 1.5x, https:\/\/i0.wp.com\/ismaelcolosi.com.br\/wp-content\/uploads\/2024\/07\/concurso_9_vagas_inscricoes.jpg?fit=1200%2C800&ssl=1&resize=700%2C400 2x, https:\/\/i0.wp.com\/ismaelcolosi.com.br\/wp-content\/uploads\/2024\/07\/concurso_9_vagas_inscricoes.jpg?fit=1200%2C800&ssl=1&resize=1050%2C600 3x"},"classes":[]},{"id":39632,"url":"https:\/\/ismaelcolosi.com.br\/index.php\/2024\/02\/27\/veja-cinco-concursos-publicos-com-vagas-abertas-em-ribeirao-preto-e-regiao\/","url_meta":{"origin":16842,"position":2},"title":"Veja cinco concursos p\u00fablicos com vagas abertas em Ribeir\u00e3o Preto e regi\u00e3o","author":"ismaelcolosi.com.br","date":"27 de February de 2024","format":false,"excerpt":"Os interessados em concorrer a uma vaga de concurso p\u00fablico contam com cinco processos seletivos dispon\u00edveis em Ribeir\u00e3o Preto e regi\u00e3o. Ao todo, s\u00e3o 87 vagas com sal\u00e1rios que podem chegar a R$ 10,2 mil. Confira os concursos p\u00fablicos: USP de Ribeir\u00e3o Preto A USP (Universidade de S\u00e3o Paulo) abriu\u2026","rel":"","context":"In &quot;Not\u00edcias de Ribeir\u00e3o Preto-SP e Regi\u00e3o&quot;","block_context":{"text":"Not\u00edcias de Ribeir\u00e3o Preto-SP e Regi\u00e3o","link":"https:\/\/ismaelcolosi.com.br\/index.php\/category\/noticias-de-ribeirao-preto-sp-e-regiao-ismael-colosi\/"},"img":{"alt_text":"","src":"https:\/\/i0.wp.com\/ismaelcolosi.com.br\/wp-content\/uploads\/2024\/02\/1709045486_concurso-publico-nacional-unificado-cesgranrio.jpg?fit=1200%2C798&ssl=1&resize=350%2C200","width":350,"height":200,"srcset":"https:\/\/i0.wp.com\/ismaelcolosi.com.br\/wp-content\/uploads\/2024\/02\/1709045486_concurso-publico-nacional-unificado-cesgranrio.jpg?fit=1200%2C798&ssl=1&resize=350%2C200 1x, https:\/\/i0.wp.com\/ismaelcolosi.com.br\/wp-content\/uploads\/2024\/02\/1709045486_concurso-publico-nacional-unificado-cesgranrio.jpg?fit=1200%2C798&ssl=1&resize=525%2C300 1.5x, https:\/\/i0.wp.com\/ismaelcolosi.com.br\/wp-content\/uploads\/2024\/02\/1709045486_concurso-publico-nacional-unificado-cesgranrio.jpg?fit=1200%2C798&ssl=1&resize=700%2C400 2x, https:\/\/i0.wp.com\/ismaelcolosi.com.br\/wp-content\/uploads\/2024\/02\/1709045486_concurso-publico-nacional-unificado-cesgranrio.jpg?fit=1200%2C798&ssl=1&resize=1050%2C600 3x"},"classes":[]},{"id":45155,"url":"https:\/\/ismaelcolosi.com.br\/index.php\/2024\/04\/02\/comecam-as-inscricoes-de-concurso-publico-com-salario-de-r-8-mil-em-ribeirao-veja-como-participar\/","url_meta":{"origin":16842,"position":3},"title":"Come\u00e7am as inscri\u00e7\u00f5es de concurso p\u00fablico com sal\u00e1rio de R$ 8 mil em Ribeir\u00e3o; Veja como participar","author":"ismaelcolosi.com.br","date":"2 de April de 2024","format":false,"excerpt":"As inscri\u00e7\u00f5es para o concurso p\u00fablico da Prefeitura de Ribeir\u00e3o Preto come\u00e7aram nesta ter\u00e7a-feira (2). S\u00e3o duas vagas para contrata\u00e7\u00e3o de coordenador pedag\u00f3gico, de n\u00edvel superior, e os sal\u00e1rios para fun\u00e7\u00e3o s\u00e3o de R$ 8.586,35. As inscri\u00e7\u00f5es devem ser realizadas no site da RBO Concursos at\u00e9 o dia 3 de\u2026","rel":"","context":"In &quot;Not\u00edcias de Ribeir\u00e3o Preto-SP e Regi\u00e3o&quot;","block_context":{"text":"Not\u00edcias de Ribeir\u00e3o Preto-SP e Regi\u00e3o","link":"https:\/\/ismaelcolosi.com.br\/index.php\/category\/noticias-de-ribeirao-preto-sp-e-regiao-ismael-colosi\/"},"img":{"alt_text":"","src":"https:\/\/i0.wp.com\/ismaelcolosi.com.br\/wp-content\/uploads\/2024\/04\/concurso_publico_1.jpeg?fit=1200%2C800&ssl=1&resize=350%2C200","width":350,"height":200,"srcset":"https:\/\/i0.wp.com\/ismaelcolosi.com.br\/wp-content\/uploads\/2024\/04\/concurso_publico_1.jpeg?fit=1200%2C800&ssl=1&resize=350%2C200 1x, https:\/\/i0.wp.com\/ismaelcolosi.com.br\/wp-content\/uploads\/2024\/04\/concurso_publico_1.jpeg?fit=1200%2C800&ssl=1&resize=525%2C300 1.5x, https:\/\/i0.wp.com\/ismaelcolosi.com.br\/wp-content\/uploads\/2024\/04\/concurso_publico_1.jpeg?fit=1200%2C800&ssl=1&resize=700%2C400 2x, https:\/\/i0.wp.com\/ismaelcolosi.com.br\/wp-content\/uploads\/2024\/04\/concurso_publico_1.jpeg?fit=1200%2C800&ssl=1&resize=1050%2C600 3x"},"classes":[]},{"id":45782,"url":"https:\/\/ismaelcolosi.com.br\/index.php\/2024\/04\/07\/veja-quatro-concursos-publicos-com-as-inscricoes-abertas-no-interior-de-sp\/","url_meta":{"origin":16842,"position":4},"title":"Veja quatro concursos p\u00fablicos com as inscri\u00e7\u00f5es abertas no interior de SP","author":"ismaelcolosi.com.br","date":"7 de April de 2024","format":false,"excerpt":"Para quem est\u00e1 em busca de uma oportunidade de emprego no servi\u00e7o p\u00fablico, o acidade on Ribeir\u00e3o separou quatro concursos p\u00fablicos com as inscri\u00e7\u00f5es abertas no interior de S\u00e3o Paulo. S\u00e3o mais de 400 vagas e sal\u00e1rios de at\u00e9 R$ 8 mil. Prefeitura de Ribeir\u00e3o Preto A Prefeitura de Ribeir\u00e3o\u2026","rel":"","context":"In &quot;Not\u00edcias de Ribeir\u00e3o Preto-SP e Regi\u00e3o&quot;","block_context":{"text":"Not\u00edcias de Ribeir\u00e3o Preto-SP e Regi\u00e3o","link":"https:\/\/ismaelcolosi.com.br\/index.php\/category\/noticias-de-ribeirao-preto-sp-e-regiao-ismael-colosi\/"},"img":{"alt_text":"","src":"https:\/\/i0.wp.com\/ismaelcolosi.com.br\/wp-content\/uploads\/2024\/04\/prova-concurso-publico-2.jpg?fit=1200%2C801&ssl=1&resize=350%2C200","width":350,"height":200,"srcset":"https:\/\/i0.wp.com\/ismaelcolosi.com.br\/wp-content\/uploads\/2024\/04\/prova-concurso-publico-2.jpg?fit=1200%2C801&ssl=1&resize=350%2C200 1x, https:\/\/i0.wp.com\/ismaelcolosi.com.br\/wp-content\/uploads\/2024\/04\/prova-concurso-publico-2.jpg?fit=1200%2C801&ssl=1&resize=525%2C300 1.5x, https:\/\/i0.wp.com\/ismaelcolosi.com.br\/wp-content\/uploads\/2024\/04\/prova-concurso-publico-2.jpg?fit=1200%2C801&ssl=1&resize=700%2C400 2x, https:\/\/i0.wp.com\/ismaelcolosi.com.br\/wp-content\/uploads\/2024\/04\/prova-concurso-publico-2.jpg?fit=1200%2C801&ssl=1&resize=1050%2C600 3x"},"classes":[]},{"id":47788,"url":"https:\/\/ismaelcolosi.com.br\/index.php\/2024\/04\/28\/veja-quando-comecam-as-inscricoes-para-concurso-com-salarios-de-r-10-mil-no-interior-de-sp\/","url_meta":{"origin":16842,"position":5},"title":"Veja quando come\u00e7am as inscri\u00e7\u00f5es para concurso com sal\u00e1rios de R$ 10 mil no interior de SP","author":"ismaelcolosi.com.br","date":"28 de April de 2024","format":false,"excerpt":"As inscri\u00e7\u00f5es para o concurso da Prefeitura de Monte Alto, no interior de S\u00e3o Paulo, come\u00e7am nesta segunda-feira (29). S\u00e3o dois editais com 103 vagas e sal\u00e1rios de at\u00e9 R$ 10 mil. Al\u00e9m do sal\u00e1rio, a Prefeitura oferecer\u00e1 o benef\u00edcio de aux\u00edlio alimenta\u00e7\u00e3o no valor de R$ 1.000,00 (a informa\u00e7\u00e3o\u2026","rel":"","context":"In &quot;Not\u00edcias de Ribeir\u00e3o Preto-SP e Regi\u00e3o&quot;","block_context":{"text":"Not\u00edcias de Ribeir\u00e3o Preto-SP e Regi\u00e3o","link":"https:\/\/ismaelcolosi.com.br\/index.php\/category\/noticias-de-ribeirao-preto-sp-e-regiao-ismael-colosi\/"},"img":{"alt_text":"","src":"https:\/\/i0.wp.com\/ismaelcolosi.com.br\/wp-content\/uploads\/2024\/04\/concurso-publico-15.jpg?fit=1200%2C800&ssl=1&resize=350%2C200","width":350,"height":200,"srcset":"https:\/\/i0.wp.com\/ismaelcolosi.com.br\/wp-content\/uploads\/2024\/04\/concurso-publico-15.jpg?fit=1200%2C800&ssl=1&resize=350%2C200 1x, https:\/\/i0.wp.com\/ismaelcolosi.com.br\/wp-content\/uploads\/2024\/04\/concurso-publico-15.jpg?fit=1200%2C800&ssl=1&resize=525%2C300 1.5x, https:\/\/i0.wp.com\/ismaelcolosi.com.br\/wp-content\/uploads\/2024\/04\/concurso-publico-15.jpg?fit=1200%2C800&ssl=1&resize=700%2C400 2x, https:\/\/i0.wp.com\/ismaelcolosi.com.br\/wp-content\/uploads\/2024\/04\/concurso-publico-15.jpg?fit=1200%2C800&ssl=1&resize=1050%2C600 3x"},"classes":[]}],"jetpack_sharing_enabled":true,"jetpack_shortlink":"https:\/\/wp.me\/pfMlyK-4nE","_links":{"self":[{"href":"https:\/\/ismaelcolosi.com.br\/index.php\/wp-json\/wp\/v2\/posts\/16842","targetHints":{"allow":["GET"]}}],"collection":[{"href":"https:\/\/ismaelcolosi.com.br\/index.php\/wp-json\/wp\/v2\/posts"}],"about":[{"href":"https:\/\/ismaelcolosi.com.br\/index.php\/wp-json\/wp\/v2\/types\/post"}],"author":[{"embeddable":true,"href":"https:\/\/ismaelcolosi.com.br\/index.php\/wp-json\/wp\/v2\/users\/1"}],"replies":[{"embeddable":true,"href":"https:\/\/ismaelcolosi.com.br\/index.php\/wp-json\/wp\/v2\/comments?post=16842"}],"version-history":[{"count":0,"href":"https:\/\/ismaelcolosi.com.br\/index.php\/wp-json\/wp\/v2\/posts\/16842\/revisions"}],"wp:featuredmedia":[{"embeddable":true,"href":"https:\/\/ismaelcolosi.com.br\/index.php\/wp-json\/wp\/v2\/media\/16843"}],"wp:attachment":[{"href":"https:\/\/ismaelcolosi.com.br\/index.php\/wp-json\/wp\/v2\/media?parent=16842"}],"wp:term":[{"taxonomy":"category","embeddable":true,"href":"https:\/\/ismaelcolosi.com.br\/index.php\/wp-json\/wp\/v2\/categories?post=16842"},{"taxonomy":"post_tag","embeddable":true,"href":"https:\/\/ismaelcolosi.com.br\/index.php\/wp-json\/wp\/v2\/tags?post=16842"}],"curies":[{"name":"wp","href":"https:\/\/api.w.org\/{rel}","templated":true}]}}