{"id":16802,"date":"2023-12-16T14:41:55","date_gmt":"2023-12-16T17:41:55","guid":{"rendered":"https:\/\/ismaelcolosi.com.br\/index.php\/2023\/12\/16\/homem-morre-apos-capotamento-em-rodovia-na-regiao-de-ribeirao-preto\/"},"modified":"2023-12-16T14:41:55","modified_gmt":"2023-12-16T17:41:55","slug":"homem-morre-apos-capotamento-em-rodovia-na-regiao-de-ribeirao-preto","status":"publish","type":"post","link":"https:\/\/ismaelcolosi.com.br\/index.php\/2023\/12\/16\/homem-morre-apos-capotamento-em-rodovia-na-regiao-de-ribeirao-preto\/","title":{"rendered":"Homem morre ap\u00f3s capotamento em rodovia na regi\u00e3o de Ribeir\u00e3o Preto"},"content":{"rendered":"<p> <br \/>\n<\/p>\n<p>Um homem de 37 anos morreu ap\u00f3s o carro que ele dirigia capotar na <strong>rodovia Altino Arantes<\/strong>, em Batatais, na regi\u00e3o de <strong>Ribeir\u00e3o Preto<\/strong>. O acidente aconteceu na noite da \u00faltima sexta-feira (15).<\/p>\n<p>De acordo com o <strong>Corpo de Bombeiros<\/strong>, o homem chegou a ser socorrido, mas n\u00e3o resistiu aos ferimentos.<\/p><div class='code-block code-block-8' style='margin: 8px auto; text-align: center; display: block; clear: both;'>\n<script>\n  atOptions = {\n    'key' : '66e2e2111ca34da796271819fc334058',\n    'format' : 'iframe',\n    'height' : 250,\n    'width' : 300,\n    'params' : {}\n  };\n<\/script>\n<script src=\"https:\/\/www.highperformanceformat.com\/66e2e2111ca34da796271819fc334058\/invoke.js\"><\/script>\n<\/div>\n\n<p>Segundo o<strong> DER (Departamento de Estradas de Rodagem) de S\u00e3o Paulo<\/strong>, o trecho chegou a ser interditado por conta do acidente, mas n\u00e3o houve congestionamento no local.<\/p>\n<p>As causas do acidente ser\u00e3o investigadas pela <strong>Pol\u00edcia Civil <\/strong>(com EPTV).<\/p>\n<p>VEJA TAMB\u00c9M<\/p>\n<p>Atleta da regi\u00e3o de Ribeir\u00e3o \u00e9 um dos vencedores do Pr\u00eamio Brasil Ol\u00edmpico<\/p>\n<h4 class=\"wp-block-heading\"><strong>FIQUE ON<\/strong><\/h4>\n<p>Fique ligado em tudo que acontece em Ribeir\u00e3o Preto e regi\u00e3o. Siga os perfis do<strong> acidade on <\/strong>no <a href=\"https:\/\/www.instagram.com\/acidadeonribeirao\" target=\"_blank\" rel=\"noreferrer noopener nofollow\">Instagram<\/a> e no <a href=\"https:\/\/www.facebook.com\/acidadeonribeirao\" target=\"_blank\" rel=\"noreferrer noopener nofollow\">Facebook.<\/a><\/p>\n<p>Receba not\u00edcias do <strong>acidade on<\/strong> no WhatsApp. <a href=\"https:\/\/chat.whatsapp.com\/Bnv2w66ZT4VDyZW3oiZ69n\" target=\"_blank\" rel=\"noreferrer noopener nofollow\">Para entrar no grupo, basta clicar aqui.<\/a><\/p>\n<p>Fa\u00e7a uma den\u00fancia ou sugira uma reportagem sobre a Ribeir\u00e3o Preto e regi\u00e3o pelo WhatsApp: (16) 99117 7802.<\/p>\n<p>LEIA MAIS<\/p>\n<p><a href=\"https:\/\/www.tudoep.com\/tudo-saude\/NOT,0,0,1868797,onda-de-calor-pacientes-com-doencas-cronicas-devem-evitar-choque-termico.aspx\" target=\"_blank\" rel=\"noreferrer noopener nofollow\">Onda de calor: pacientes com doen\u00e7as cr\u00f4nicas devem evitar choque t\u00e9rmico<\/a><\/p>\n<p>O post Homem morre ap\u00f3s capotamento em rodovia na regi\u00e3o de Ribeir\u00e3o Preto apareceu primeiro em ACidade ON Ribeir\u00e3o Preto.<\/p>\n<p><script async src=\"\/\/www.instagram.com\/embed.js\"><\/script><br \/>\n<br \/><br \/>\n<br \/><a href=\"https:\/\/www.acidadeon.com\/ribeiraopreto\/cotidiano\/homem-morre-apos-capotamento-em-rodovia-na-regiao-de-ribeirao-preto\/\">Source link <\/a><\/p>\n<div class='code-block code-block-4' style='margin: 8px auto 8px 0; text-align: left; display: block; clear: both;'>\n\ud83d\udce2 Aviso Legal\n\nO site ismaelcolosi.com.br atua apenas como um canal de divulga\u00e7\u00e3o de oportunidades de emprego e n\u00e3o se responsabiliza pelo processo seletivo, contrata\u00e7\u00e3o ou qualquer outra etapa relacionada \u00e0s vagas publicadas. Todas as informa\u00e7\u00f5es s\u00e3o de responsabilidade dos anunciantes.\n\n\u26a0\ufe0f Aten\u00e7\u00e3o! Nunca pague por promessas de emprego nem compre cursos que garantam contrata\u00e7\u00e3o. Desconfie de qualquer cobran\u00e7a para participar de sele\u00e7\u00f5es.\n\n\n\n<\/div>\n<!-- CONTENT END 1 -->\n","protected":false},"excerpt":{"rendered":"<p>Um homem de 37 anos morreu ap\u00f3s o carro que ele dirigia capotar na rodovia Altino Arantes, em Batatais, na regi\u00e3o de Ribeir\u00e3o Preto. O&#8230;<\/p>\n","protected":false},"author":1,"featured_media":16803,"comment_status":"open","ping_status":"open","sticky":false,"template":"","format":"standard","meta":{"_uag_custom_page_level_css":"","advanced_seo_description":"","jetpack_seo_html_title":"","jetpack_seo_noindex":false,"jetpack_post_was_ever_published":false,"_jetpack_newsletter_access":"","_jetpack_dont_email_post_to_subs":false,"_jetpack_newsletter_tier_id":0,"_jetpack_memberships_contains_paywalled_content":false,"_jetpack_memberships_contains_paid_content":false,"footnotes":"","jetpack_publicize_message":"","jetpack_publicize_feature_enabled":true,"jetpack_social_post_already_shared":true,"jetpack_social_options":{"image_generator_settings":{"template":"highway","default_image_id":0,"font":"","enabled":false},"version":2}},"categories":[11],"tags":[37,2266,59,271,27,277,26,80],"class_list":["post-16802","post","type-post","status-publish","format-standard","has-post-thumbnail","hentry","category-noticias-de-ribeirao-preto-sp-e-regiao-ismael-colosi","tag-apos","tag-capotamento","tag-homem","tag-morre","tag-preto","tag-regiao","tag-ribeirao","tag-rodovia"],"jetpack_publicize_connections":[],"jetpack_featured_media_url":"https:\/\/i0.wp.com\/ismaelcolosi.com.br\/wp-content\/uploads\/2023\/12\/1702748518_WhatsApp-Image-2023-10-01-at-15.55.52.jpeg?fit=1024%2C576&ssl=1","uagb_featured_image_src":{"full":["https:\/\/i0.wp.com\/ismaelcolosi.com.br\/wp-content\/uploads\/2023\/12\/1702748518_WhatsApp-Image-2023-10-01-at-15.55.52.jpeg?fit=1024%2C576&ssl=1",1024,576,false],"thumbnail":["https:\/\/i0.wp.com\/ismaelcolosi.com.br\/wp-content\/uploads\/2023\/12\/1702748518_WhatsApp-Image-2023-10-01-at-15.55.52.jpeg?resize=150%2C150&ssl=1",150,150,true],"medium":["https:\/\/i0.wp.com\/ismaelcolosi.com.br\/wp-content\/uploads\/2023\/12\/1702748518_WhatsApp-Image-2023-10-01-at-15.55.52.jpeg?fit=300%2C169&ssl=1",300,169,true],"medium_large":["https:\/\/i0.wp.com\/ismaelcolosi.com.br\/wp-content\/uploads\/2023\/12\/1702748518_WhatsApp-Image-2023-10-01-at-15.55.52.jpeg?fit=768%2C432&ssl=1",768,432,true],"large":["https:\/\/i0.wp.com\/ismaelcolosi.com.br\/wp-content\/uploads\/2023\/12\/1702748518_WhatsApp-Image-2023-10-01-at-15.55.52.jpeg?fit=1024%2C576&ssl=1",1024,576,true],"1536x1536":["https:\/\/i0.wp.com\/ismaelcolosi.com.br\/wp-content\/uploads\/2023\/12\/1702748518_WhatsApp-Image-2023-10-01-at-15.55.52.jpeg?fit=1024%2C576&ssl=1",1024,576,true],"2048x2048":["https:\/\/i0.wp.com\/ismaelcolosi.com.br\/wp-content\/uploads\/2023\/12\/1702748518_WhatsApp-Image-2023-10-01-at-15.55.52.jpeg?fit=1024%2C576&ssl=1",1024,576,true],"really-simple-thumb":["https:\/\/i0.wp.com\/ismaelcolosi.com.br\/wp-content\/uploads\/2023\/12\/1702748518_WhatsApp-Image-2023-10-01-at-15.55.52.jpeg?resize=370%2C247&ssl=1",370,247,true]},"uagb_author_info":{"display_name":"ismaelcolosi.com.br","author_link":"https:\/\/ismaelcolosi.com.br\/index.php\/author\/vidareal-online\/"},"uagb_comment_info":0,"uagb_excerpt":"Um homem de 37 anos morreu ap\u00f3s o carro que ele dirigia capotar na rodovia Altino Arantes, em Batatais, na regi\u00e3o de Ribeir\u00e3o Preto. O...","jetpack-related-posts":[{"id":37146,"url":"https:\/\/ismaelcolosi.com.br\/index.php\/2024\/02\/14\/homem-morre-em-acidente-na-rodovia-abrao-assed-em-ribeirao-preto\/","url_meta":{"origin":16802,"position":0},"title":"Homem morre em acidente na rodovia Abr\u00e3o Assed em Ribeir\u00e3o Preto","author":"ismaelcolosi.com.br","date":"14 de February de 2024","format":false,"excerpt":"Um homem morreu na tarde desta quarta-feira (14) ap\u00f3s se envolver em um acidente na rodovia Abr\u00e3o Assed, em Ribeir\u00e3o Preto. Segundo a Pol\u00edcia Rodovi\u00e1ria, a batida foi entre moto e caminh\u00e3o em frente a Penitenci\u00e1ria da cidade. As primeiras informa\u00e7\u00f5es \u00e9 de que a v\u00edtima, que estava na moto,\u2026","rel":"","context":"In &quot;Not\u00edcias de Ribeir\u00e3o Preto-SP e Regi\u00e3o&quot;","block_context":{"text":"Not\u00edcias de Ribeir\u00e3o Preto-SP e Regi\u00e3o","link":"https:\/\/ismaelcolosi.com.br\/index.php\/category\/noticias-de-ribeirao-preto-sp-e-regiao-ismael-colosi\/"},"img":{"alt_text":"","src":"https:\/\/i0.wp.com\/ismaelcolosi.com.br\/wp-content\/uploads\/2024\/02\/WhatsApp-Image-2024-02-14-at-15.19.55.jpeg?fit=1200%2C541&ssl=1&resize=350%2C200","width":350,"height":200,"srcset":"https:\/\/i0.wp.com\/ismaelcolosi.com.br\/wp-content\/uploads\/2024\/02\/WhatsApp-Image-2024-02-14-at-15.19.55.jpeg?fit=1200%2C541&ssl=1&resize=350%2C200 1x, https:\/\/i0.wp.com\/ismaelcolosi.com.br\/wp-content\/uploads\/2024\/02\/WhatsApp-Image-2024-02-14-at-15.19.55.jpeg?fit=1200%2C541&ssl=1&resize=525%2C300 1.5x, https:\/\/i0.wp.com\/ismaelcolosi.com.br\/wp-content\/uploads\/2024\/02\/WhatsApp-Image-2024-02-14-at-15.19.55.jpeg?fit=1200%2C541&ssl=1&resize=700%2C400 2x, https:\/\/i0.wp.com\/ismaelcolosi.com.br\/wp-content\/uploads\/2024\/02\/WhatsApp-Image-2024-02-14-at-15.19.55.jpeg?fit=1200%2C541&ssl=1&resize=1050%2C600 3x"},"classes":[]},{"id":51289,"url":"https:\/\/ismaelcolosi.com.br\/index.php\/2024\/05\/25\/policial-morre-apos-ser-atropelado-em-rodovia-na-regiao-de-ribeirao-preto\/","url_meta":{"origin":16802,"position":1},"title":"Policial morre ap\u00f3s ser atropelado em rodovia na regi\u00e3o de Ribeir\u00e3o Preto","author":"ismaelcolosi.com.br","date":"25 de May de 2024","format":false,"excerpt":"Mat\u00e9ria atualizada \u00e0s 19h15, de 25 de maio de 2024 Um policial rodovi\u00e1rio morreu ap\u00f3s ser atropelado no come\u00e7o da noite deste s\u00e1bado (25), na rodovia Anhanguera (SP-330), pr\u00f3ximo ao quil\u00f4metro 303, entre Ribeir\u00e3o Preto e Cravinhos. De acordo com as primeiras da EPTV, que est\u00e1 com uma equipe no\u2026","rel":"","context":"In &quot;Not\u00edcias de Ribeir\u00e3o Preto-SP e Regi\u00e3o&quot;","block_context":{"text":"Not\u00edcias de Ribeir\u00e3o Preto-SP e Regi\u00e3o","link":"https:\/\/ismaelcolosi.com.br\/index.php\/category\/noticias-de-ribeirao-preto-sp-e-regiao-ismael-colosi\/"},"img":{"alt_text":"","src":"https:\/\/i0.wp.com\/ismaelcolosi.com.br\/wp-content\/uploads\/2024\/05\/WhatsApp-Image-2024-05-25-at-19.24.08_2024-05-25_22-25-30_jpeg_2024-05-25_22-25-30.webp.webp?fit=1110%2C528&ssl=1&resize=350%2C200","width":350,"height":200,"srcset":"https:\/\/i0.wp.com\/ismaelcolosi.com.br\/wp-content\/uploads\/2024\/05\/WhatsApp-Image-2024-05-25-at-19.24.08_2024-05-25_22-25-30_jpeg_2024-05-25_22-25-30.webp.webp?fit=1110%2C528&ssl=1&resize=350%2C200 1x, https:\/\/i0.wp.com\/ismaelcolosi.com.br\/wp-content\/uploads\/2024\/05\/WhatsApp-Image-2024-05-25-at-19.24.08_2024-05-25_22-25-30_jpeg_2024-05-25_22-25-30.webp.webp?fit=1110%2C528&ssl=1&resize=525%2C300 1.5x, https:\/\/i0.wp.com\/ismaelcolosi.com.br\/wp-content\/uploads\/2024\/05\/WhatsApp-Image-2024-05-25-at-19.24.08_2024-05-25_22-25-30_jpeg_2024-05-25_22-25-30.webp.webp?fit=1110%2C528&ssl=1&resize=700%2C400 2x, https:\/\/i0.wp.com\/ismaelcolosi.com.br\/wp-content\/uploads\/2024\/05\/WhatsApp-Image-2024-05-25-at-19.24.08_2024-05-25_22-25-30_jpeg_2024-05-25_22-25-30.webp.webp?fit=1110%2C528&ssl=1&resize=1050%2C600 3x"},"classes":[]},{"id":42290,"url":"https:\/\/ismaelcolosi.com.br\/index.php\/2024\/03\/13\/motorista-fica-gravemente-ferido-apos-capotamento-em-rodovia-da-regiao-de-ribeirao\/","url_meta":{"origin":16802,"position":2},"title":"Motorista fica gravemente ferido ap\u00f3s capotamento em rodovia da regi\u00e3o de Ribeir\u00e3o","author":"ismaelcolosi.com.br","date":"13 de March de 2024","format":false,"excerpt":"Um homem ficou gravemente ferido ap\u00f3s capotar o ve\u00edculo que dirigia na tarde desta quarta-feira (13), na rodovia Ronan Rocha (SP 345), em Franca. Segundo informa\u00e7\u00f5es apuradas pela EPTV, o motorista seguia sentido ao Distrito Industrial da cidade quando perdeu o controle da dire\u00e7\u00e3o, invadiu o acostamento e capotou. O\u2026","rel":"","context":"In &quot;Not\u00edcias de Ribeir\u00e3o Preto-SP e Regi\u00e3o&quot;","block_context":{"text":"Not\u00edcias de Ribeir\u00e3o Preto-SP e Regi\u00e3o","link":"https:\/\/ismaelcolosi.com.br\/index.php\/category\/noticias-de-ribeirao-preto-sp-e-regiao-ismael-colosi\/"},"img":{"alt_text":"","src":"https:\/\/i0.wp.com\/ismaelcolosi.com.br\/wp-content\/uploads\/2024\/03\/Copia-de-Copia-de-TAMANHO-EXATO-PARA-FOTOS-NO-SISTEMA-NOVO-47.jpg?fit=1200%2C675&ssl=1&resize=350%2C200","width":350,"height":200,"srcset":"https:\/\/i0.wp.com\/ismaelcolosi.com.br\/wp-content\/uploads\/2024\/03\/Copia-de-Copia-de-TAMANHO-EXATO-PARA-FOTOS-NO-SISTEMA-NOVO-47.jpg?fit=1200%2C675&ssl=1&resize=350%2C200 1x, https:\/\/i0.wp.com\/ismaelcolosi.com.br\/wp-content\/uploads\/2024\/03\/Copia-de-Copia-de-TAMANHO-EXATO-PARA-FOTOS-NO-SISTEMA-NOVO-47.jpg?fit=1200%2C675&ssl=1&resize=525%2C300 1.5x, https:\/\/i0.wp.com\/ismaelcolosi.com.br\/wp-content\/uploads\/2024\/03\/Copia-de-Copia-de-TAMANHO-EXATO-PARA-FOTOS-NO-SISTEMA-NOVO-47.jpg?fit=1200%2C675&ssl=1&resize=700%2C400 2x, https:\/\/i0.wp.com\/ismaelcolosi.com.br\/wp-content\/uploads\/2024\/03\/Copia-de-Copia-de-TAMANHO-EXATO-PARA-FOTOS-NO-SISTEMA-NOVO-47.jpg?fit=1200%2C675&ssl=1&resize=1050%2C600 3x"},"classes":[]},{"id":50295,"url":"https:\/\/ismaelcolosi.com.br\/index.php\/2024\/05\/15\/motorista-morre-apos-colisao-entre-carro-e-caminhao-em-rodovia-na-regiao-de-ribeirao\/","url_meta":{"origin":16802,"position":3},"title":"Motorista morre ap\u00f3s colis\u00e3o entre carro e caminh\u00e3o em rodovia na regi\u00e3o de Ribeir\u00e3o","author":"ismaelcolosi.com.br","date":"15 de May de 2024","format":false,"excerpt":"Um homem morreu na tarde desta quarta-feira (15), ap\u00f3s se envolver em um acidente na rodovia M\u00e1rio Doneg\u00e1, entre Ribeir\u00e3o Preto e Dumont. De acordo com as informa\u00e7\u00f5es da Pol\u00edcia Militar Rodovi\u00e1ria, a batida foi entre carro e caminh\u00e3o, em um trecho de pista simples. A rodovia est\u00e1 parcialmente interditada,\u2026","rel":"","context":"In &quot;Not\u00edcias de Ribeir\u00e3o Preto-SP e Regi\u00e3o&quot;","block_context":{"text":"Not\u00edcias de Ribeir\u00e3o Preto-SP e Regi\u00e3o","link":"https:\/\/ismaelcolosi.com.br\/index.php\/category\/noticias-de-ribeirao-preto-sp-e-regiao-ismael-colosi\/"},"img":{"alt_text":"","src":"https:\/\/i0.wp.com\/ismaelcolosi.com.br\/wp-content\/uploads\/2024\/05\/Copia-de-Copia-de-TAMANHO-EXATO-PARA-FOTOS-NO-SISTEMA-NOVO-40_2024-05-15_18-48-25_png_2024-05-15_18-48-25.webp.webp?fit=1200%2C675&ssl=1&resize=350%2C200","width":350,"height":200,"srcset":"https:\/\/i0.wp.com\/ismaelcolosi.com.br\/wp-content\/uploads\/2024\/05\/Copia-de-Copia-de-TAMANHO-EXATO-PARA-FOTOS-NO-SISTEMA-NOVO-40_2024-05-15_18-48-25_png_2024-05-15_18-48-25.webp.webp?fit=1200%2C675&ssl=1&resize=350%2C200 1x, https:\/\/i0.wp.com\/ismaelcolosi.com.br\/wp-content\/uploads\/2024\/05\/Copia-de-Copia-de-TAMANHO-EXATO-PARA-FOTOS-NO-SISTEMA-NOVO-40_2024-05-15_18-48-25_png_2024-05-15_18-48-25.webp.webp?fit=1200%2C675&ssl=1&resize=525%2C300 1.5x, https:\/\/i0.wp.com\/ismaelcolosi.com.br\/wp-content\/uploads\/2024\/05\/Copia-de-Copia-de-TAMANHO-EXATO-PARA-FOTOS-NO-SISTEMA-NOVO-40_2024-05-15_18-48-25_png_2024-05-15_18-48-25.webp.webp?fit=1200%2C675&ssl=1&resize=700%2C400 2x, https:\/\/i0.wp.com\/ismaelcolosi.com.br\/wp-content\/uploads\/2024\/05\/Copia-de-Copia-de-TAMANHO-EXATO-PARA-FOTOS-NO-SISTEMA-NOVO-40_2024-05-15_18-48-25_png_2024-05-15_18-48-25.webp.webp?fit=1200%2C675&ssl=1&resize=1050%2C600 3x"},"classes":[]},{"id":14083,"url":"https:\/\/ismaelcolosi.com.br\/index.php\/2023\/12\/11\/motociclista-morre-apos-acidente-em-rodovia-na-regiao-de-ribeirao\/","url_meta":{"origin":16802,"position":4},"title":"Motociclista morre ap\u00f3s acidente em rodovia na regi\u00e3o de Ribeir\u00e3o","author":"ismaelcolosi.com.br","date":"11 de December de 2023","format":false,"excerpt":"Um homem morreu em um acidente envolvendo uma van e uma motocicleta, na rodovia Deputado Cunha Bueno (SP-253), em Luiz Ant\u00f4nio, cidade na regi\u00e3o de Ribeir\u00e3o Preto, no \u00faltimo s\u00e1bado (9). De acordo com as informa\u00e7\u00f5es do boletim de ocorr\u00eancia (BO), o condutor da motocicleta, de 34 anos, n\u00e3o resistiu\u2026","rel":"","context":"In &quot;Not\u00edcias de Ribeir\u00e3o Preto-SP e Regi\u00e3o&quot;","block_context":{"text":"Not\u00edcias de Ribeir\u00e3o Preto-SP e Regi\u00e3o","link":"https:\/\/ismaelcolosi.com.br\/index.php\/category\/noticias-de-ribeirao-preto-sp-e-regiao-ismael-colosi\/"},"img":{"alt_text":"","src":"https:\/\/i0.wp.com\/ismaelcolosi.com.br\/wp-content\/uploads\/2023\/12\/giroflex_policia_1024x576_23032020103807.jpg?fit=1024%2C576&ssl=1&resize=350%2C200","width":350,"height":200,"srcset":"https:\/\/i0.wp.com\/ismaelcolosi.com.br\/wp-content\/uploads\/2023\/12\/giroflex_policia_1024x576_23032020103807.jpg?fit=1024%2C576&ssl=1&resize=350%2C200 1x, https:\/\/i0.wp.com\/ismaelcolosi.com.br\/wp-content\/uploads\/2023\/12\/giroflex_policia_1024x576_23032020103807.jpg?fit=1024%2C576&ssl=1&resize=525%2C300 1.5x, https:\/\/i0.wp.com\/ismaelcolosi.com.br\/wp-content\/uploads\/2023\/12\/giroflex_policia_1024x576_23032020103807.jpg?fit=1024%2C576&ssl=1&resize=700%2C400 2x"},"classes":[]},{"id":40408,"url":"https:\/\/ismaelcolosi.com.br\/index.php\/2024\/03\/03\/homem-morre-em-acidente-em-vicinal-da-regiao-de-ribeirao-preto\/","url_meta":{"origin":16802,"position":5},"title":"Homem morre em acidente em vicinal da regi\u00e3o de Ribeir\u00e3o Preto","author":"ismaelcolosi.com.br","date":"3 de March de 2024","format":false,"excerpt":"Um homem morreu e outras duas pessoas ficaram feridas ap\u00f3s um acidente entre dois carros na vicinal Alc\u00eddio Balbo, que liga Sert\u00e3ozinho ao distrito de Cruz das Posses, na noite de s\u00e1bado (3). Segundo informa\u00e7\u00f5es apuradas pelo portal acidadeon Ribeir\u00e3o, os ve\u00edculos seguiam em sentidos opostos quando por motivos ainda\u2026","rel":"","context":"In &quot;Not\u00edcias de Ribeir\u00e3o Preto-SP e Regi\u00e3o&quot;","block_context":{"text":"Not\u00edcias de Ribeir\u00e3o Preto-SP e Regi\u00e3o","link":"https:\/\/ismaelcolosi.com.br\/index.php\/category\/noticias-de-ribeirao-preto-sp-e-regiao-ismael-colosi\/"},"img":{"alt_text":"","src":"https:\/\/i0.wp.com\/ismaelcolosi.com.br\/wp-content\/uploads\/2024\/03\/PMR-3.jpg?fit=1200%2C907&ssl=1&resize=350%2C200","width":350,"height":200,"srcset":"https:\/\/i0.wp.com\/ismaelcolosi.com.br\/wp-content\/uploads\/2024\/03\/PMR-3.jpg?fit=1200%2C907&ssl=1&resize=350%2C200 1x, https:\/\/i0.wp.com\/ismaelcolosi.com.br\/wp-content\/uploads\/2024\/03\/PMR-3.jpg?fit=1200%2C907&ssl=1&resize=525%2C300 1.5x, https:\/\/i0.wp.com\/ismaelcolosi.com.br\/wp-content\/uploads\/2024\/03\/PMR-3.jpg?fit=1200%2C907&ssl=1&resize=700%2C400 2x, https:\/\/i0.wp.com\/ismaelcolosi.com.br\/wp-content\/uploads\/2024\/03\/PMR-3.jpg?fit=1200%2C907&ssl=1&resize=1050%2C600 3x"},"classes":[]}],"jetpack_sharing_enabled":true,"jetpack_shortlink":"https:\/\/wp.me\/pfMlyK-4n0","_links":{"self":[{"href":"https:\/\/ismaelcolosi.com.br\/index.php\/wp-json\/wp\/v2\/posts\/16802","targetHints":{"allow":["GET"]}}],"collection":[{"href":"https:\/\/ismaelcolosi.com.br\/index.php\/wp-json\/wp\/v2\/posts"}],"about":[{"href":"https:\/\/ismaelcolosi.com.br\/index.php\/wp-json\/wp\/v2\/types\/post"}],"author":[{"embeddable":true,"href":"https:\/\/ismaelcolosi.com.br\/index.php\/wp-json\/wp\/v2\/users\/1"}],"replies":[{"embeddable":true,"href":"https:\/\/ismaelcolosi.com.br\/index.php\/wp-json\/wp\/v2\/comments?post=16802"}],"version-history":[{"count":0,"href":"https:\/\/ismaelcolosi.com.br\/index.php\/wp-json\/wp\/v2\/posts\/16802\/revisions"}],"wp:featuredmedia":[{"embeddable":true,"href":"https:\/\/ismaelcolosi.com.br\/index.php\/wp-json\/wp\/v2\/media\/16803"}],"wp:attachment":[{"href":"https:\/\/ismaelcolosi.com.br\/index.php\/wp-json\/wp\/v2\/media?parent=16802"}],"wp:term":[{"taxonomy":"category","embeddable":true,"href":"https:\/\/ismaelcolosi.com.br\/index.php\/wp-json\/wp\/v2\/categories?post=16802"},{"taxonomy":"post_tag","embeddable":true,"href":"https:\/\/ismaelcolosi.com.br\/index.php\/wp-json\/wp\/v2\/tags?post=16802"}],"curies":[{"name":"wp","href":"https:\/\/api.w.org\/{rel}","templated":true}]}}