{"id":16798,"date":"2023-12-16T14:19:02","date_gmt":"2023-12-16T17:19:02","guid":{"rendered":"https:\/\/ismaelcolosi.com.br\/index.php\/2023\/12\/16\/coletivo-recebe-dj-hum-em-rp-neste-sabado\/"},"modified":"2023-12-16T14:19:02","modified_gmt":"2023-12-16T17:19:02","slug":"coletivo-recebe-dj-hum-em-rp-neste-sabado","status":"publish","type":"post","link":"https:\/\/ismaelcolosi.com.br\/index.php\/2023\/12\/16\/coletivo-recebe-dj-hum-em-rp-neste-sabado\/","title":{"rendered":"Coletivo recebe DJ Hum em RP\u00a0neste s\u00e1bado"},"content":{"rendered":"<p> <br \/>\n<\/p>\n<div id=\"\">\n<p> <span class=\"entry-meta-item penci-posted-on\"><i class=\"fa fa-clock-o\"\/><time class=\"entry-date published\" datetime=\"2023-12-16T14:00:20-03:00\">16 de dezembro de 2023 | 14:00<\/time><time class=\"updated\" datetime=\"2023-12-16T12:27:15-03:00\">16 de dezembro de 2023 | 12:27<\/time><\/span><\/p>\n<p> <span class=\"penci-social-buttons penci-social-share-footer\"><a href=\"#\" class=\"penci-post-like penci_post-meta_item  single-like-button penci-social-item like\" data-post_id=\"367465\" title=\"Like\" data-like=\"Like\" data-unlike=\"Unlike\"><i class=\"fa fa-thumbs-o-up\"\/><span class=\"penci-share-number\">0<\/span><\/a><i class=\"fa fa-facebook\"\/><a class=\"penci-social-item twitter\" target=\"_blank\" rel=\"noopener\" title=\"\" href=\"https:\/\/twitter.com\/intent\/tweet?text=Coletivo%20recebe%20DJ%20Hum%20em%20RP\u00a0neste%20s\u00e1bado%20-%20https:\/\/www.tribunaribeirao.com.br\/site\/coletivo-recebe-dj-hum-em-rp-neste-sabado\/\"><i class=\"fa fa-twitter\"\/><\/a><i class=\"fa fa-whatsapp\"\/><\/span><\/div>\n<div>\n<p><span class=\"TextRun SCXW193943233 BCX0\" lang=\"PT-BR\" xml:lang=\"PT-BR\" data-contrast=\"auto\"><span class=\"NormalTextRun SCXW193943233 BCX0\">DJ Hum, um dos pioneiros do hip <\/span><span class=\"NormalTextRun SCXW193943233 BCX0\">hop<\/span><span class=\"NormalTextRun SCXW193943233 BCX0\"> nacional e ic\u00f4nico parceiro do <\/span><span class=\"NormalTextRun SCXW193943233 BCX0\">rapper<\/span> <span class=\"NormalTextRun SpellingErrorV2Themed SCXW193943233 BCX0\">Thaide<\/span><span class=\"NormalTextRun SCXW193943233 BCX0\">, dupla respons\u00e1vel pelo hit <\/span><span class=\"NormalTextRun SCXW193943233 BCX0\">\u201c<\/span><span class=\"NormalTextRun SCXW193943233 BCX0\">Sr.<\/span><span class=\"NormalTextRun SCXW193943233 BCX0\"> Tempo Bom<\/span><span class=\"NormalTextRun SCXW193943233 BCX0\">\u201d <\/span><span class=\"NormalTextRun SCXW193943233 BCX0\">e criador<\/span><span class=\"NormalTextRun SCXW193943233 BCX0\">,<\/span><span class=\"NormalTextRun SCXW193943233 BCX0\"> ao lado de Lino <\/span><span class=\"NormalTextRun SpellingErrorV2Themed SCXW193943233 BCX0\">Krizz<\/span><span class=\"NormalTextRun SCXW193943233 BCX0\"> e Cabal<\/span><span class=\"NormalTextRun SCXW193943233 BCX0\">,<\/span><span class=\"NormalTextRun SCXW193943233 BCX0\"> do grupo <\/span><span class=\"NormalTextRun SpellingErrorV2Themed SCXW193943233 BCX0\">Motir\u00f4<\/span><span class=\"NormalTextRun SCXW193943233 BCX0\">, do hit <\/span><span class=\"NormalTextRun SCXW193943233 BCX0\">\u201c<\/span><span class=\"NormalTextRun SCXW193943233 BCX0\">Senhorita<\/span><span class=\"NormalTextRun SCXW193943233 BCX0\">\u201d<\/span><span class=\"NormalTextRun SCXW193943233 BCX0\">, chega a Ribeir\u00e3o Preto a convite do coletivo Tutu DJs, que celebra 21 anos de atividades com festa no Armaz\u00e9m Baixada, <\/span><span class=\"NormalTextRun SCXW193943233 BCX0\">neste s\u00e1bado, <\/span><span class=\"NormalTextRun SCXW193943233 BCX0\">16 de dezembro, a partir das 22 horas. <\/span><\/span><span class=\"LineBreakBlob BlobObject DragDrop SCXW193943233 BCX0\"><span class=\"SCXW193943233 BCX0\">\u00a0<\/span><br class=\"SCXW193943233 BCX0\"\/><\/span><span class=\"LineBreakBlob BlobObject DragDrop SCXW193943233 BCX0\"><span class=\"SCXW193943233 BCX0\">\u00a0<\/span><br class=\"SCXW193943233 BCX0\"\/><\/span><span class=\"TextRun SCXW193943233 BCX0\" lang=\"PT-BR\" xml:lang=\"PT-BR\" data-contrast=\"auto\"><span class=\"NormalTextRun SCXW193943233 BCX0\">O evento comemora as mais de duas d\u00e9cadas de atua\u00e7\u00e3o do coletivo Tutu <\/span><span class=\"NormalTextRun SpellingErrorV2Themed SCXW193943233 BCX0\">Deejays<\/span><span class=\"NormalTextRun SCXW193943233 BCX0\"> em Ribeir\u00e3o Preto, produzindo festas marcadas pela diversidade musical que leva para as pistas de dan\u00e7a da cidade. A noite ainda contar\u00e1 com <\/span><span class=\"NormalTextRun SCXW193943233 BCX0\">discotecagens<\/span><span class=\"NormalTextRun SCXW193943233 BCX0\"> dos <\/span><span class=\"NormalTextRun SCXW193943233 BCX0\">DJ<\/span><span class=\"NormalTextRun SCXW193943233 BCX0\">s residentes do coletivo Tutu, <\/span><span class=\"NormalTextRun SpellingErrorV2Themed SCXW193943233 BCX0\">Shareid<\/span><span class=\"NormalTextRun SCXW193943233 BCX0\"> e <\/span><span class=\"NormalTextRun SpellingErrorV2Themed SCXW193943233 BCX0\">Kcond<\/span><span class=\"NormalTextRun SCXW193943233 BCX0\">, al\u00e9m de diversos convidados. <\/span><\/span><span class=\"LineBreakBlob BlobObject DragDrop SCXW193943233 BCX0\"><span class=\"SCXW193943233 BCX0\">\u00a0<\/span><br class=\"SCXW193943233 BCX0\"\/><\/span><span class=\"LineBreakBlob BlobObject DragDrop SCXW193943233 BCX0\"><span class=\"SCXW193943233 BCX0\">\u00a0<\/span><br class=\"SCXW193943233 BCX0\"\/><\/span><span class=\"TextRun SCXW193943233 BCX0\" lang=\"PT-BR\" xml:lang=\"PT-BR\" data-contrast=\"auto\"><span class=\"NormalTextRun SCXW193943233 BCX0\">DJ Hum \u00e9 um dos artistas mais importantes pela populariza\u00e7\u00e3o do hip <\/span><span class=\"NormalTextRun SCXW193943233 BCX0\">hop<\/span><span class=\"NormalTextRun SCXW193943233 BCX0\"> e da <\/span><span class=\"NormalTextRun SpellingErrorV2Themed SCXW193943233 BCX0\">black<\/span> <span class=\"NormalTextRun SpellingErrorV2Themed SCXW193943233 BCX0\">music<\/span><span class=\"NormalTextRun SCXW193943233 BCX0\"> no Brasil. Com o <\/span><span class=\"NormalTextRun SCXW193943233 BCX0\">rapper<\/span> <span class=\"NormalTextRun SpellingErrorV2Themed SCXW193943233 BCX0\">Thaide<\/span><span class=\"NormalTextRun SCXW193943233 BCX0\"> lan\u00e7ou nove discos em sua celebre parceria de 17 anos. Conquistou as r\u00e1dios e o imagin\u00e1rio do p\u00fablico com o hit <\/span><span class=\"NormalTextRun SCXW193943233 BCX0\">\u201c<\/span><span class=\"NormalTextRun SCXW193943233 BCX0\">Sr.<\/span><span class=\"NormalTextRun SCXW193943233 BCX0\"> Tempo Bom<\/span><span class=\"NormalTextRun SCXW193943233 BCX0\">\u201d<\/span><span class=\"NormalTextRun SCXW193943233 BCX0\">, lan\u00e7ado em 1996e tema da campanha de fim de ano de uma grande rede de lojas de roupas do pa\u00eds. Na m\u00fasica, a dupla celebra a hist\u00f3ria dos bailes <\/span><span class=\"NormalTextRun SpellingErrorV2Themed SCXW193943233 BCX0\">blacks<\/span><span class=\"NormalTextRun SCXW193943233 BCX0\"> com o soul, o <\/span><span class=\"NormalTextRun SCXW193943233 BCX0\">funk<\/span><span class=\"NormalTextRun SCXW193943233 BCX0\"> e o hip <\/span><span class=\"NormalTextRun SCXW193943233 BCX0\">hop<\/span><span class=\"NormalTextRun SCXW193943233 BCX0\">. <\/span><\/span><span class=\"LineBreakBlob BlobObject DragDrop SCXW193943233 BCX0\"><span class=\"SCXW193943233 BCX0\">\u00a0<\/span><br class=\"SCXW193943233 BCX0\"\/><\/span><span class=\"LineBreakBlob BlobObject DragDrop SCXW193943233 BCX0\"><span class=\"SCXW193943233 BCX0\">\u00a0<\/span><br class=\"SCXW193943233 BCX0\"\/><\/span><span class=\"TextRun SCXW193943233 BCX0\" lang=\"PT-BR\" xml:lang=\"PT-BR\" data-contrast=\"auto\"><span class=\"NormalTextRun SCXW193943233 BCX0\">Em 2003, DJ <\/span><span class=\"NormalTextRun SCXW193943233 BCX0\">Hum<\/span><span class=\"NormalTextRun SCXW193943233 BCX0\"> cri<\/span><span class=\"NormalTextRun SCXW193943233 BCX0\">ou,<\/span><span class=\"NormalTextRun SCXW193943233 BCX0\"> com Lino <\/span><span class=\"NormalTextRun SpellingErrorV2Themed SCXW193943233 BCX0\">Krizz<\/span><span class=\"NormalTextRun SCXW193943233 BCX0\"> e Cabal<\/span><span class=\"NormalTextRun SCXW193943233 BCX0\">,<\/span><span class=\"NormalTextRun SCXW193943233 BCX0\"> o coletivo <\/span><span class=\"NormalTextRun SpellingErrorV2Themed SCXW193943233 BCX0\">Motir\u00f4<\/span><span class=\"NormalTextRun SCXW193943233 BCX0\"> e emplac<\/span><span class=\"NormalTextRun SCXW193943233 BCX0\">ou<\/span><span class=\"NormalTextRun SCXW193943233 BCX0\"> mais dois hits, fazendo suas produ\u00e7\u00f5es tocarem em todas as r\u00e1dios pop do pa\u00eds. O grande <\/span><span class=\"NormalTextRun ContextualSpellingAndGrammarErrorV2Themed SCXW193943233 BCX0\">sucesso <\/span><span class=\"NormalTextRun ContextualSpellingAndGrammarErrorV2Themed SCXW193943233 BCX0\">\u201d<\/span><span class=\"NormalTextRun ContextualSpellingAndGrammarErrorV2Themed SCXW193943233 BCX0\">Senhorita<\/span><span class=\"NormalTextRun SCXW193943233 BCX0\">\u201d<\/span><span class=\"NormalTextRun SCXW193943233 BCX0\">, com participa\u00e7\u00e3o de Cabal, e <\/span><span class=\"NormalTextRun SCXW193943233 BCX0\">\u201c<\/span><span class=\"NormalTextRun SCXW193943233 BCX0\">Ela \u00e9 Sexy<\/span><span class=\"NormalTextRun SCXW193943233 BCX0\">\u201d<\/span><span class=\"NormalTextRun SCXW193943233 BCX0\">, com Tio <\/span><span class=\"NormalTextRun SpellingErrorV2Themed SCXW193943233 BCX0\">Fresh<\/span><span class=\"NormalTextRun SCXW193943233 BCX0\">, s\u00e3o os destaques do projeto, que lan\u00e7ou o disco <\/span><span class=\"NormalTextRun SCXW193943233 BCX0\">\u201c<\/span><span class=\"NormalTextRun SCXW193943233 BCX0\">Um Passo \u00e0 Frente<\/span><span class=\"NormalTextRun SCXW193943233 BCX0\">\u201d<\/span><span class=\"NormalTextRun SCXW193943233 BCX0\">, em 2006. <\/span><\/span><span class=\"LineBreakBlob BlobObject DragDrop SCXW193943233 BCX0\"><span class=\"SCXW193943233 BCX0\">\u00a0<\/span><br class=\"SCXW193943233 BCX0\"\/><\/span><span class=\"LineBreakBlob BlobObject DragDrop SCXW193943233 BCX0\"><span class=\"SCXW193943233 BCX0\">\u00a0<\/span><br class=\"SCXW193943233 BCX0\"\/><\/span><span class=\"TextRun SCXW193943233 BCX0\" lang=\"PT-BR\" xml:lang=\"PT-BR\" data-contrast=\"auto\"><span class=\"NormalTextRun SCXW193943233 BCX0\">DJ <\/span><span class=\"NormalTextRun SCXW193943233 BCX0\">Hum<\/span><span class=\"NormalTextRun SCXW193943233 BCX0\"> lan\u00e7ou seu trabalho mais recente em 2021, intitulado <\/span><span class=\"NormalTextRun SCXW193943233 BCX0\">\u201c<\/span><span class=\"NormalTextRun SCXW193943233 BCX0\">Alquimia<\/span><span class=\"NormalTextRun SCXW193943233 BCX0\">\u201d<\/span><span class=\"NormalTextRun SCXW193943233 BCX0\">, o <\/span><span class=\"NormalTextRun SCXW193943233 BCX0\">15\u00ba <\/span><span class=\"NormalTextRun SCXW193943233 BCX0\">\u00e1lbum de sua carreira. J\u00e1 produziu m\u00fasicas e <\/span><span class=\"NormalTextRun SCXW193943233 BCX0\">remixes<\/span><span class=\"NormalTextRun SCXW193943233 BCX0\"> para diversos artistas brasileiros de diferentes vertentes, da MPB ao hip <\/span><span class=\"NormalTextRun SCXW193943233 BCX0\">hop<\/span><span class=\"NormalTextRun SCXW193943233 BCX0\">, entre eles Rog\u00e9rio <\/span><span class=\"NormalTextRun SCXW193943233 BCX0\">Flausino<\/span><span class=\"NormalTextRun SCXW193943233 BCX0\">, <\/span><span class=\"NormalTextRun SpellingErrorV2Themed SCXW193943233 BCX0\">Fernada<\/span><span class=\"NormalTextRun SCXW193943233 BCX0\"> Abreu, Roberto Carlos, Tony Bizarro, Sandra de <\/span><span class=\"NormalTextRun SCXW193943233 BCX0\">Sa<\/span><span class=\"NormalTextRun SCXW193943233 BCX0\">, Jair <\/span><span class=\"NormalTextRun SpellingErrorV2Themed SCXW193943233 BCX0\">Rodigues<\/span><span class=\"NormalTextRun SCXW193943233 BCX0\">, Milton Nascimento, Paula Lima, Racionais, MV Bill, Marcelo D2, Chico C\u00e9sar, Dexter e 509E, Pavilh\u00e3o <\/span><span class=\"NormalTextRun SCXW193943233 BCX0\">9<\/span><span class=\"NormalTextRun SCXW193943233 BCX0\">, <\/span><span class=\"NormalTextRun SCXW193943233 BCX0\">Simoninha<\/span><span class=\"NormalTextRun SCXW193943233 BCX0\">, Seu Jorge, Negritude Junior, Jota <\/span><span class=\"NormalTextRun SCXW193943233 BCX0\">Quest<\/span><span class=\"NormalTextRun SCXW193943233 BCX0\">, B Neg\u00e3o, <\/span><span class=\"NormalTextRun SCXW193943233 BCX0\">Marky<\/span><span class=\"NormalTextRun SCXW193943233 BCX0\">, <\/span><span class=\"NormalTextRun SpellingErrorV2Themed SCXW193943233 BCX0\">Luis<\/span><span class=\"NormalTextRun SCXW193943233 BCX0\"> Vagner, entre outros.<\/span><\/span><span class=\"LineBreakBlob BlobObject DragDrop SCXW193943233 BCX0\"><span class=\"SCXW193943233 BCX0\">\u00a0<\/span><br class=\"SCXW193943233 BCX0\"\/><\/span><span class=\"LineBreakBlob BlobObject DragDrop SCXW193943233 BCX0\"><span class=\"SCXW193943233 BCX0\">\u00a0<\/span><br class=\"SCXW193943233 BCX0\"\/><\/span><span class=\"TextRun SCXW193943233 BCX0\" lang=\"PT-BR\" xml:lang=\"PT-BR\" data-contrast=\"auto\"><strong><span class=\"NormalTextRun SCXW193943233 BCX0\">Sobre o Tutu DJs<\/span><\/strong><span class=\"NormalTextRun SCXW193943233 BCX0\"> \u2013<\/span><\/span><span class=\"TextRun SCXW193943233 BCX0\" lang=\"PT-BR\" xml:lang=\"PT-BR\" data-contrast=\"auto\"> <span class=\"NormalTextRun SCXW193943233 BCX0\">O <\/span><span class=\"NormalTextRun SpellingErrorV2Themed SCXW193943233 BCX0\">coletivo Tutu<\/span><span class=\"NormalTextRun SCXW193943233 BCX0\"> DJs surgiu em dezembro de 2002, em Ribeir\u00e3o Preto, a partir da reuni\u00e3o de um grupo de DJs que buscava encontrar <\/span><span class=\"NormalTextRun SCXW193943233 BCX0\">espa\u00e7os alternativos na cidade para <\/span><span class=\"NormalTextRun SpellingErrorV2Themed SCXW193943233 BCX0\">discotecar<\/span><span class=\"NormalTextRun SCXW193943233 BCX0\"> e promover festas. Prezando pela pesquisa e diversidade musical, o coletivo itinerante se tornou refer\u00eancia na cena cultural local, atraindo um p\u00fablico interessado em novas experi\u00eancias musicais e culturais em casas de shows, eventos de rua e ocupa\u00e7\u00f5es provis\u00f3rias.<\/span><\/span><span class=\"LineBreakBlob BlobObject DragDrop SCXW193943233 BCX0\"><span class=\"SCXW193943233 BCX0\">\u00a0<\/span><br class=\"SCXW193943233 BCX0\"\/><\/span><span class=\"LineBreakBlob BlobObject DragDrop SCXW193943233 BCX0\"><span class=\"SCXW193943233 BCX0\">\u00a0<\/span><br class=\"SCXW193943233 BCX0\"\/><\/span><span class=\"TextRun SCXW193943233 BCX0\" lang=\"PT-BR\" xml:lang=\"PT-BR\" data-contrast=\"auto\"><span class=\"NormalTextRun SCXW193943233 BCX0\">Entre os estilos tocados pelos DJs do Tutu e pelos convidados que j\u00e1 se apresentaram junto do coletivo, est\u00e3o <\/span><span class=\"NormalTextRun SCXW193943233 BCX0\">as<\/span><span class=\"NormalTextRun SCXW193943233 BCX0\"> diferentes vertentes da m\u00fasica brasileira, hip <\/span><span class=\"NormalTextRun SCXW193943233 BCX0\">hop<\/span><span class=\"NormalTextRun SCXW193943233 BCX0\">, soul, <\/span><span class=\"NormalTextRun SCXW193943233 BCX0\">funk<\/span><span class=\"NormalTextRun SCXW193943233 BCX0\">, disco, <\/span><span class=\"NormalTextRun SCXW193943233 BCX0\">boogie<\/span><span class=\"NormalTextRun SCXW193943233 BCX0\">, 80\u2019s, 90\u2019s, pop, jazz e m\u00fasica latina, entre outros. O nome Tutu vem do disco de Miles Davis,<\/span> <span class=\"NormalTextRun SCXW193943233 BCX0\">uma grande influ\u00eancia para o coletivo, por ser um artista inquieto e inovador, pioneiro na fus\u00e3o do jazz com diferentes vertentes da m\u00fasica. <\/span><\/span><span class=\"LineBreakBlob BlobObject DragDrop SCXW193943233 BCX0\"><span class=\"SCXW193943233 BCX0\">\u00a0<\/span><br class=\"SCXW193943233 BCX0\"\/><\/span><span class=\"LineBreakBlob BlobObject DragDrop SCXW193943233 BCX0\"><span class=\"SCXW193943233 BCX0\">\u00a0<\/span><\/span><span class=\"LineBreakBlob BlobObject DragDrop SCXW193943233 BCX0\"><br class=\"SCXW193943233 BCX0\"\/><\/span><strong><span class=\"TextRun SCXW193943233 BCX0\" lang=\"PT-BR\" xml:lang=\"PT-BR\" data-contrast=\"auto\"><span class=\"NormalTextRun SCXW193943233 BCX0\">Servi\u00e7o<\/span><\/span><\/strong><span class=\"LineBreakBlob BlobObject DragDrop SCXW193943233 BCX0\"><strong><span class=\"SCXW193943233 BCX0\">\u00a0<\/span><\/strong><br class=\"SCXW193943233 BCX0\"\/><\/span><span class=\"TextRun SCXW193943233 BCX0\" lang=\"PT-BR\" xml:lang=\"PT-BR\" data-contrast=\"auto\"><span class=\"NormalTextRun SCXW193943233 BCX0\">Show:<\/span><\/span><span class=\"TextRun SCXW193943233 BCX0\" lang=\"PT-BR\" xml:lang=\"PT-BR\" data-contrast=\"auto\"><span class=\"NormalTextRun SCXW193943233 BCX0\"> 21 anos <\/span><\/span><span class=\"LineBreakBlob BlobObject DragDrop SCXW193943233 BCX0\"><span class=\"SCXW193943233 BCX0\">\u00a0<\/span><\/span><span class=\"TextRun SCXW193943233 BCX0\" lang=\"PT-BR\" xml:lang=\"PT-BR\" data-contrast=\"auto\"><span class=\"NormalTextRun SCXW193943233 BCX0\">de Tutu DJs<\/span><\/span><span class=\"LineBreakBlob BlobObject DragDrop SCXW193943233 BCX0\"><span class=\"SCXW193943233 BCX0\">\u00a0<\/span><br class=\"SCXW193943233 BCX0\"\/><\/span><span class=\"TextRun SCXW193943233 BCX0\" lang=\"PT-BR\" xml:lang=\"PT-BR\" data-contrast=\"auto\"><span class=\"NormalTextRun SCXW193943233 BCX0\">Com:<\/span><\/span><span class=\"TextRun SCXW193943233 BCX0\" lang=\"PT-BR\" xml:lang=\"PT-BR\" data-contrast=\"auto\"> <span class=\"NormalTextRun SCXW193943233 BCX0\">DJ <\/span><span class=\"NormalTextRun SCXW193943233 BCX0\">Hum <\/span><\/span><span class=\"LineBreakBlob BlobObject DragDrop SCXW193943233 BCX0\"><span class=\"SCXW193943233 BCX0\">\u00a0<\/span><\/span><span class=\"TextRun SCXW193943233 BCX0\" lang=\"PT-BR\" xml:lang=\"PT-BR\" data-contrast=\"auto\"><span class=\"NormalTextRun SCXW193943233 BCX0\">e <\/span><span class=\"NormalTextRun SCXW193943233 BCX0\">Tutu DJs <\/span><\/span><span class=\"LineBreakBlob BlobObject DragDrop SCXW193943233 BCX0\"><span class=\"SCXW193943233 BCX0\">\u00a0<\/span><br class=\"SCXW193943233 BCX0\"\/><\/span><span class=\"TextRun SCXW193943233 BCX0\" lang=\"PT-BR\" xml:lang=\"PT-BR\" data-contrast=\"auto\"><span class=\"NormalTextRun SCXW193943233 BCX0\">Onde:<\/span><\/span><span class=\"TextRun SCXW193943233 BCX0\" lang=\"PT-BR\" xml:lang=\"PT-BR\" data-contrast=\"auto\"> <span class=\"NormalTextRun SCXW193943233 BCX0\">Armaz\u00e9m <\/span><\/span><span class=\"LineBreakBlob BlobObject DragDrop SCXW193943233 BCX0\"><span class=\"SCXW193943233 BCX0\">\u00a0<\/span><\/span><span class=\"TextRun SCXW193943233 BCX0\" lang=\"PT-BR\" xml:lang=\"PT-BR\" data-contrast=\"auto\"><span class=\"NormalTextRun SCXW193943233 BCX0\">Baixada<\/span><\/span><span class=\"LineBreakBlob BlobObject DragDrop SCXW193943233 BCX0\"><span class=\"SCXW193943233 BCX0\">\u00a0<\/span><br class=\"SCXW193943233 BCX0\"\/><\/span><span class=\"TextRun SCXW193943233 BCX0\" lang=\"PT-BR\" xml:lang=\"PT-BR\" data-contrast=\"auto\"><span class=\"NormalTextRun SCXW193943233 BCX0\">Quando:<\/span> <\/span><span class=\"TextRun SCXW193943233 BCX0\" lang=\"PT-BR\" xml:lang=\"PT-BR\" data-contrast=\"auto\"><span class=\"NormalTextRun SCXW193943233 BCX0\">s\u00e1bado<\/span><span class=\"NormalTextRun SCXW193943233 BCX0\">, <\/span><\/span><span class=\"LineBreakBlob BlobObject DragDrop SCXW193943233 BCX0\"><span class=\"SCXW193943233 BCX0\">\u00a0<\/span><\/span><span class=\"TextRun SCXW193943233 BCX0\" lang=\"PT-BR\" xml:lang=\"PT-BR\" data-contrast=\"auto\"><span class=\"NormalTextRun SCXW193943233 BCX0\">16 de dezembro<\/span><\/span><span class=\"LineBreakBlob BlobObject DragDrop SCXW193943233 BCX0\"><span class=\"SCXW193943233 BCX0\">\u00a0<\/span><br class=\"SCXW193943233 BCX0\"\/><\/span><span class=\"TextRun SCXW193943233 BCX0\" lang=\"PT-BR\" xml:lang=\"PT-BR\" data-contrast=\"auto\"><span class=\"NormalTextRun SCXW193943233 BCX0\">Abertura da casa<\/span><span class=\"NormalTextRun SCXW193943233 BCX0\">:<\/span> <\/span><span class=\"TextRun SCXW193943233 BCX0\" lang=\"PT-BR\" xml:lang=\"PT-BR\" data-contrast=\"auto\"><span class=\"NormalTextRun SCXW193943233 BCX0\">\u00e0s 22 horas <\/span><\/span><span class=\"LineBreakBlob BlobObject DragDrop SCXW193943233 BCX0\"><span class=\"SCXW193943233 BCX0\">\u00a0<\/span><br class=\"SCXW193943233 BCX0\"\/><\/span><span class=\"TextRun SCXW193943233 BCX0\" lang=\"PT-BR\" xml:lang=\"PT-BR\" data-contrast=\"auto\"><span class=\"NormalTextRun SCXW193943233 BCX0\">Show:<\/span><\/span><span class=\"TextRun SCXW193943233 BCX0\" lang=\"PT-BR\" xml:lang=\"PT-BR\" data-contrast=\"auto\"><span class=\"NormalTextRun SCXW193943233 BCX0\"> \u00e0 meia-noite<\/span><\/span><span class=\"LineBreakBlob BlobObject DragDrop SCXW193943233 BCX0\"><span class=\"SCXW193943233 BCX0\">\u00a0<\/span><br class=\"SCXW193943233 BCX0\"\/><\/span><span class=\"TextRun SCXW193943233 BCX0\" lang=\"PT-BR\" xml:lang=\"PT-BR\" data-contrast=\"auto\"><span class=\"NormalTextRun SCXW193943233 BCX0\">Endere\u00e7o:<\/span><\/span><span class=\"TextRun SCXW193943233 BCX0\" lang=\"PT-BR\" xml:lang=\"PT-BR\" data-contrast=\"auto\"> <span class=\"NormalTextRun SCXW193943233 BCX0\">rua Duque <\/span><\/span><span class=\"LineBreakBlob BlobObject DragDrop SCXW193943233 BCX0\"><span class=\"SCXW193943233 BCX0\">\u00a0<\/span><\/span><span class=\"TextRun SCXW193943233 BCX0\" lang=\"PT-BR\" xml:lang=\"PT-BR\" data-contrast=\"auto\"><span class=\"NormalTextRun SCXW193943233 BCX0\">de Caxias<\/span><span class=\"NormalTextRun SCXW193943233 BCX0\"> n\u00ba <\/span><span class=\"NormalTextRun SCXW193943233 BCX0\">141<\/span><span class=\"NormalTextRun SCXW193943233 BCX0\">,<\/span><\/span> <span class=\"TextRun SCXW193943233 BCX0\" lang=\"PT-BR\" xml:lang=\"PT-BR\" data-contrast=\"auto\"><span class=\"NormalTextRun SCXW193943233 BCX0\">Centro<\/span><\/span><span class=\"LineBreakBlob BlobObject DragDrop SCXW193943233 BCX0\"><span class=\"SCXW193943233 BCX0\">\u00a0<\/span><br class=\"SCXW193943233 BCX0\"\/><\/span><span class=\"TextRun SCXW193943233 BCX0\" lang=\"PT-BR\" xml:lang=\"PT-BR\" data-contrast=\"auto\"><span class=\"NormalTextRun SCXW193943233 BCX0\">Ingressos:<\/span><\/span><span class=\"TextRun SCXW193943233 BCX0\" lang=\"PT-BR\" xml:lang=\"PT-BR\" data-contrast=\"auto\"><span class=\"NormalTextRun SCXW193943233 BCX0\"> www.sympla.com.br<\/span><\/span><span class=\"LineBreakBlob BlobObject DragDrop SCXW193943233 BCX0\"><span class=\"SCXW193943233 BCX0\">\u00a0<\/span><br class=\"SCXW193943233 BCX0\"\/><\/span><span class=\"TextRun SCXW193943233 BCX0\" lang=\"PT-BR\" xml:lang=\"PT-BR\" data-contrast=\"auto\"><span class=\"NormalTextRun SCXW193943233 BCX0\">Valor do<\/span><\/span> <span class=\"TextRun SCXW193943233 BCX0\" lang=\"PT-BR\" xml:lang=\"PT-BR\" data-contrast=\"auto\"><span class=\"NormalTextRun SCXW193943233 BCX0\">1\u00ba lote:<\/span><\/span><span class=\"TextRun SCXW193943233 BCX0\" lang=\"PT-BR\" xml:lang=\"PT-BR\" data-contrast=\"auto\"> <span class=\"NormalTextRun SCXW193943233 BCX0\">R$ 25<\/span><span class=\"NormalTextRun SCXW193943233 BCX0\"> *<\/span><\/span><span class=\"LineBreakBlob BlobObject DragDrop SCXW193943233 BCX0\"><span class=\"SCXW193943233 BCX0\">\u00a0<\/span><br class=\"SCXW193943233 BCX0\"\/><\/span><span class=\"TextRun SCXW193943233 BCX0\" lang=\"PT-BR\" xml:lang=\"PT-BR\" data-contrast=\"auto\"><span class=\"NormalTextRun SCXW193943233 BCX0\">* Sujeito \u00e0 altera\u00e7\u00e3o <\/span><\/span><span class=\"LineBreakBlob BlobObject DragDrop SCXW193943233 BCX0\"><span class=\"SCXW193943233 BCX0\">\u00a0<\/span><br class=\"SCXW193943233 BCX0\"\/><\/span><span class=\"TextRun SCXW193943233 BCX0\" lang=\"PT-BR\" xml:lang=\"PT-BR\" data-contrast=\"auto\"><span class=\"NormalTextRun SCXW193943233 BCX0\">Acesse<\/span><span class=\"NormalTextRun SCXW193943233 BCX0\">:<\/span><\/span> <a class=\"Hyperlink SCXW193943233 BCX0\" href=\"https:\/\/acesse.one\/I22eY\" target=\"_blank\" rel=\"noopener\"><span class=\"TextRun Underlined SCXW193943233 BCX0\" lang=\"PT-BR\" xml:lang=\"PT-BR\" data-contrast=\"none\"><span class=\"NormalTextRun SCXW193943233 BCX0\" data-ccp-charstyle=\"Hyperlink\">https:\/\/acesse.one\/I22eY<\/span><\/span><\/a><span class=\"LineBreakBlob BlobObject DragDrop SCXW193943233 BCX0\"><span class=\"SCXW193943233 BCX0\">\u00a0<\/span><br class=\"SCXW193943233 BCX0\"\/><\/span><span class=\"TextRun SCXW193943233 BCX0\" lang=\"PT-BR\" xml:lang=\"PT-BR\" data-contrast=\"auto\"><span class=\"NormalTextRun SCXW193943233 BCX0\">I<\/span><span class=\"NormalTextRun SCXW193943233 BCX0\">nforma\u00e7\u00f5es: <\/span><\/span><span class=\"LineBreakBlob BlobObject DragDrop SCXW193943233 BCX0\"><span class=\"SCXW193943233 BCX0\">\u00a0<\/span><br class=\"SCXW193943233 BCX0\"\/><\/span><span class=\"TextRun SCXW193943233 BCX0\" lang=\"PT-BR\" xml:lang=\"PT-BR\" data-contrast=\"auto\"><span class=\"NormalTextRun SCXW193943233 BCX0\">(16) 99161-8331<\/span><\/span><span class=\"EOP SCXW193943233 BCX0\" data-ccp-props=\"{&quot;201341983&quot;:0,&quot;335559739&quot;:200,&quot;335559740&quot;:276}\">\u00a0<\/span><\/p><div class='code-block code-block-8' style='margin: 8px auto; text-align: center; display: block; clear: both;'>\n<script>\n  atOptions = {\n    'key' : '66e2e2111ca34da796271819fc334058',\n    'format' : 'iframe',\n    'height' : 250,\n    'width' : 300,\n    'params' : {}\n  };\n<\/script>\n<script src=\"https:\/\/www.highperformanceformat.com\/66e2e2111ca34da796271819fc334058\/invoke.js\"><\/script>\n<\/div>\n\n<\/div>\n<p><script async src=\"\/\/platform.twitter.com\/widgets.js\" charset=\"utf-8\"><\/script><br \/>\n<br \/><br \/>\n<br \/><a href=\"https:\/\/www.tribunaribeirao.com.br\/site\/coletivo-recebe-dj-hum-em-rp-neste-sabado\/\">Source link <\/a><\/p>\n<div class='code-block code-block-4' style='margin: 8px auto 8px 0; text-align: left; display: block; clear: both;'>\n\ud83d\udce2 Aviso Legal\n\nO site ismaelcolosi.com.br atua apenas como um canal de divulga\u00e7\u00e3o de oportunidades de emprego e n\u00e3o se responsabiliza pelo processo seletivo, contrata\u00e7\u00e3o ou qualquer outra etapa relacionada \u00e0s vagas publicadas. Todas as informa\u00e7\u00f5es s\u00e3o de responsabilidade dos anunciantes.\n\n\u26a0\ufe0f Aten\u00e7\u00e3o! Nunca pague por promessas de emprego nem compre cursos que garantam contrata\u00e7\u00e3o. Desconfie de qualquer cobran\u00e7a para participar de sele\u00e7\u00f5es.\n\n\n\n<\/div>\n<!-- CONTENT END 1 -->\n","protected":false},"excerpt":{"rendered":"<p>16 de dezembro de 2023 | 14:0016 de dezembro de 2023 | 12:27 0 DJ Hum, um dos pioneiros do hip hop nacional e ic\u00f4nico&#8230;<\/p>\n","protected":false},"author":1,"featured_media":16799,"comment_status":"open","ping_status":"open","sticky":false,"template":"","format":"standard","meta":{"_uag_custom_page_level_css":"","advanced_seo_description":"","jetpack_seo_html_title":"","jetpack_seo_noindex":false,"jetpack_post_was_ever_published":false,"_jetpack_newsletter_access":"","_jetpack_dont_email_post_to_subs":false,"_jetpack_newsletter_tier_id":0,"_jetpack_memberships_contains_paywalled_content":false,"_jetpack_memberships_contains_paid_content":false,"footnotes":"","jetpack_publicize_message":"","jetpack_publicize_feature_enabled":true,"jetpack_social_post_already_shared":true,"jetpack_social_options":{"image_generator_settings":{"template":"highway","default_image_id":0,"font":"","enabled":false},"version":2}},"categories":[11],"tags":[1356,1357,407,2265,264],"class_list":["post-16798","post","type-post","status-publish","format-standard","has-post-thumbnail","hentry","category-noticias-de-ribeirao-preto-sp-e-regiao-ismael-colosi","tag-coletivo","tag-hum","tag-recebe","tag-rpneste","tag-sabado"],"jetpack_publicize_connections":[],"jetpack_featured_media_url":"https:\/\/i0.wp.com\/ismaelcolosi.com.br\/wp-content\/uploads\/2023\/12\/TutuDJ-Divugacao-01-scaled.jpg?fit=431%2C645&ssl=1","uagb_featured_image_src":{"full":["https:\/\/i0.wp.com\/ismaelcolosi.com.br\/wp-content\/uploads\/2023\/12\/TutuDJ-Divugacao-01-scaled.jpg?fit=431%2C645&ssl=1",431,645,false],"thumbnail":["https:\/\/i0.wp.com\/ismaelcolosi.com.br\/wp-content\/uploads\/2023\/12\/TutuDJ-Divugacao-01-scaled.jpg?resize=150%2C150&ssl=1",150,150,true],"medium":["https:\/\/i0.wp.com\/ismaelcolosi.com.br\/wp-content\/uploads\/2023\/12\/TutuDJ-Divugacao-01-scaled.jpg?fit=200%2C300&ssl=1",200,300,true],"medium_large":["https:\/\/i0.wp.com\/ismaelcolosi.com.br\/wp-content\/uploads\/2023\/12\/TutuDJ-Divugacao-01-scaled.jpg?fit=431%2C645&ssl=1",431,645,true],"large":["https:\/\/i0.wp.com\/ismaelcolosi.com.br\/wp-content\/uploads\/2023\/12\/TutuDJ-Divugacao-01-scaled.jpg?fit=431%2C645&ssl=1",431,645,true],"1536x1536":["https:\/\/i0.wp.com\/ismaelcolosi.com.br\/wp-content\/uploads\/2023\/12\/TutuDJ-Divugacao-01-scaled.jpg?fit=431%2C645&ssl=1",431,645,true],"2048x2048":["https:\/\/i0.wp.com\/ismaelcolosi.com.br\/wp-content\/uploads\/2023\/12\/TutuDJ-Divugacao-01-scaled.jpg?fit=431%2C645&ssl=1",431,645,true],"really-simple-thumb":["https:\/\/i0.wp.com\/ismaelcolosi.com.br\/wp-content\/uploads\/2023\/12\/TutuDJ-Divugacao-01-scaled.jpg?resize=370%2C247&ssl=1",370,247,true]},"uagb_author_info":{"display_name":"ismaelcolosi.com.br","author_link":"https:\/\/ismaelcolosi.com.br\/index.php\/author\/vidareal-online\/"},"uagb_comment_info":0,"uagb_excerpt":"16 de dezembro de 2023 | 14:0016 de dezembro de 2023 | 12:27 0 DJ Hum, um dos pioneiros do hip hop nacional e ic\u00f4nico...","jetpack-related-posts":[{"id":10010,"url":"https:\/\/ismaelcolosi.com.br\/index.php\/2023\/12\/03\/coletivo-recebe-dj-hum-em-rp\/","url_meta":{"origin":16798,"position":0},"title":"Coletivo recebe DJ Hum em RP\u00a0","author":"ismaelcolosi.com.br","date":"3 de December de 2023","format":false,"excerpt":"DJ Hum, um dos pioneiros do hip hop nacional e ic\u00f4nico parceiro do rapper Thaide, dupla respons\u00e1vel pelo hit \u201cSr. Tempo Bom\u201d e criador, ao lado de Lino Krizz e Cabal, do grupo Motir\u00f4, do hit \u201cSenhorita\u201d, chega a Ribeir\u00e3o Preto a convite do coletivo Tutu DJs, que celebra 21\u2026","rel":"","context":"In &quot;Not\u00edcias de Ribeir\u00e3o Preto-SP e Regi\u00e3o&quot;","block_context":{"text":"Not\u00edcias de Ribeir\u00e3o Preto-SP e Regi\u00e3o","link":"https:\/\/ismaelcolosi.com.br\/index.php\/category\/noticias-de-ribeirao-preto-sp-e-regiao-ismael-colosi\/"},"img":{"alt_text":"","src":"https:\/\/i0.wp.com\/ismaelcolosi.com.br\/wp-content\/uploads\/2023\/12\/hum.jpg?fit=432%2C645&ssl=1&resize=350%2C200","width":350,"height":200},"classes":[]},{"id":16463,"url":"https:\/\/ismaelcolosi.com.br\/index.php\/2023\/12\/15\/em-clima-de-natal-ribeirao-preto-tem-atracoes-para-todos-os-gostos-neste-final-de-semana-confira\/","url_meta":{"origin":16798,"position":1},"title":"Em clima de Natal, Ribeir\u00e3o Preto tem atra\u00e7\u00f5es para todos os gostos neste final de semana; Confira","author":"ismaelcolosi.com.br","date":"15 de December de 2023","format":false,"excerpt":"O fim de semana chegou e Ribeir\u00e3o Preto conta com diversas atra\u00e7\u00f5es para voc\u00ea aproveitar, a partir desta sexta-feira (15). A programa\u00e7\u00e3o de Natal toma conta da cidade, com apresenta\u00e7\u00e3o do Coral dos Meninos Cantores da Cia Minaz e visita do Papai Noel aos bairros. Contudo, op\u00e7\u00f5es como teatro, feira\u2026","rel":"","context":"In &quot;Not\u00edcias de Ribeir\u00e3o Preto-SP e Regi\u00e3o&quot;","block_context":{"text":"Not\u00edcias de Ribeir\u00e3o Preto-SP e Regi\u00e3o","link":"https:\/\/ismaelcolosi.com.br\/index.php\/category\/noticias-de-ribeirao-preto-sp-e-regiao-ismael-colosi\/"},"img":{"alt_text":"","src":"https:\/\/i0.wp.com\/ismaelcolosi.com.br\/wp-content\/uploads\/2023\/12\/Copia-de-Copia-de-TAMANHO-EXATO-PARA-FOTOS-NO-SISTEMA-NOVO-25.png?fit=1200%2C675&ssl=1&resize=350%2C200","width":350,"height":200,"srcset":"https:\/\/i0.wp.com\/ismaelcolosi.com.br\/wp-content\/uploads\/2023\/12\/Copia-de-Copia-de-TAMANHO-EXATO-PARA-FOTOS-NO-SISTEMA-NOVO-25.png?fit=1200%2C675&ssl=1&resize=350%2C200 1x, https:\/\/i0.wp.com\/ismaelcolosi.com.br\/wp-content\/uploads\/2023\/12\/Copia-de-Copia-de-TAMANHO-EXATO-PARA-FOTOS-NO-SISTEMA-NOVO-25.png?fit=1200%2C675&ssl=1&resize=525%2C300 1.5x, https:\/\/i0.wp.com\/ismaelcolosi.com.br\/wp-content\/uploads\/2023\/12\/Copia-de-Copia-de-TAMANHO-EXATO-PARA-FOTOS-NO-SISTEMA-NOVO-25.png?fit=1200%2C675&ssl=1&resize=700%2C400 2x, https:\/\/i0.wp.com\/ismaelcolosi.com.br\/wp-content\/uploads\/2023\/12\/Copia-de-Copia-de-TAMANHO-EXATO-PARA-FOTOS-NO-SISTEMA-NOVO-25.png?fit=1200%2C675&ssl=1&resize=1050%2C600 3x"},"classes":[]},{"id":12184,"url":"https:\/\/ismaelcolosi.com.br\/index.php\/2023\/12\/07\/vila-plural-recebe-warley-santana-neste-sabado\/","url_meta":{"origin":16798,"position":2},"title":"Vila Plural recebe Warley Santana neste s\u00e1bado","author":"ismaelcolosi.com.br","date":"7 de December de 2023","format":false,"excerpt":"Neste s\u00e1bado (09\/12) \u00e0s 18h, o Vila Plural, o primeiro hub de entretenimento criativo do pa\u00eds, recebe Warley Santana. No encontro, que ser\u00e1 gratuito, o artista compartilhar\u00e1 os bastidores de sua carreira e contar suas realiza\u00e7\u00f5es na interpreta\u00e7\u00e3o e ventriloquia. Conhecido por sua incr\u00edvel versatilidade, Warley Santana \u00e9 muito mais\u2026","rel":"","context":"In &quot;Variedades&quot;","block_context":{"text":"Variedades","link":"https:\/\/ismaelcolosi.com.br\/index.php\/category\/variedades\/"},"img":{"alt_text":"","src":"https:\/\/i0.wp.com\/ismaelcolosi.com.br\/wp-content\/uploads\/2023\/12\/warley-santana-01.jpg?fit=1200%2C638&ssl=1&resize=350%2C200","width":350,"height":200,"srcset":"https:\/\/i0.wp.com\/ismaelcolosi.com.br\/wp-content\/uploads\/2023\/12\/warley-santana-01.jpg?fit=1200%2C638&ssl=1&resize=350%2C200 1x, https:\/\/i0.wp.com\/ismaelcolosi.com.br\/wp-content\/uploads\/2023\/12\/warley-santana-01.jpg?fit=1200%2C638&ssl=1&resize=525%2C300 1.5x, https:\/\/i0.wp.com\/ismaelcolosi.com.br\/wp-content\/uploads\/2023\/12\/warley-santana-01.jpg?fit=1200%2C638&ssl=1&resize=700%2C400 2x, https:\/\/i0.wp.com\/ismaelcolosi.com.br\/wp-content\/uploads\/2023\/12\/warley-santana-01.jpg?fit=1200%2C638&ssl=1&resize=1050%2C600 3x"},"classes":[]},{"id":46978,"url":"https:\/\/ismaelcolosi.com.br\/index.php\/2024\/04\/16\/ribeirao-preto-recebe-programacao-gratuita-para-celebrar-o-dia-dos-povos-indigenas\/","url_meta":{"origin":16798,"position":3},"title":"Ribeir\u00e3o Preto recebe programa\u00e7\u00e3o gratuita para celebrar o Dia dos Povos Ind\u00edgenas","author":"ismaelcolosi.com.br","date":"16 de April de 2024","format":false,"excerpt":"Ribeir\u00e3o Preto recebe uma programa\u00e7\u00e3o gratuita para celebrar o Dia dos Povos Ind\u00edgenas, comemorado no dia 19 de abril. Para comemorar, o Cineclube Caium ir\u00e1 exibir o pr\u00e9-lan\u00e7amento do document\u00e1rio Xingu-Tokyo: Conex\u00e3o Ancestral e o Shopping Santa \u00darsula recebe uma exposi\u00e7\u00e3o de obras do artista xinguano, Mayawari Mehinaku. O evento\u2026","rel":"","context":"In &quot;Not\u00edcias de Ribeir\u00e3o Preto-SP e Regi\u00e3o&quot;","block_context":{"text":"Not\u00edcias de Ribeir\u00e3o Preto-SP e Regi\u00e3o","link":"https:\/\/ismaelcolosi.com.br\/index.php\/category\/noticias-de-ribeirao-preto-sp-e-regiao-ismael-colosi\/"},"img":{"alt_text":"","src":"https:\/\/i0.wp.com\/ismaelcolosi.com.br\/wp-content\/uploads\/2024\/04\/Copia-de-Copia-de-TAMANHO-EXATO-PARA-FOTOS-NO-SISTEMA-NOVO-7-3.webp.webp?fit=1200%2C675&ssl=1&resize=350%2C200","width":350,"height":200,"srcset":"https:\/\/i0.wp.com\/ismaelcolosi.com.br\/wp-content\/uploads\/2024\/04\/Copia-de-Copia-de-TAMANHO-EXATO-PARA-FOTOS-NO-SISTEMA-NOVO-7-3.webp.webp?fit=1200%2C675&ssl=1&resize=350%2C200 1x, https:\/\/i0.wp.com\/ismaelcolosi.com.br\/wp-content\/uploads\/2024\/04\/Copia-de-Copia-de-TAMANHO-EXATO-PARA-FOTOS-NO-SISTEMA-NOVO-7-3.webp.webp?fit=1200%2C675&ssl=1&resize=525%2C300 1.5x, https:\/\/i0.wp.com\/ismaelcolosi.com.br\/wp-content\/uploads\/2024\/04\/Copia-de-Copia-de-TAMANHO-EXATO-PARA-FOTOS-NO-SISTEMA-NOVO-7-3.webp.webp?fit=1200%2C675&ssl=1&resize=700%2C400 2x, https:\/\/i0.wp.com\/ismaelcolosi.com.br\/wp-content\/uploads\/2024\/04\/Copia-de-Copia-de-TAMANHO-EXATO-PARA-FOTOS-NO-SISTEMA-NOVO-7-3.webp.webp?fit=1200%2C675&ssl=1&resize=1050%2C600 3x"},"classes":[]},{"id":32876,"url":"https:\/\/ismaelcolosi.com.br\/index.php\/2024\/01\/26\/metade-de-rp-tem-plano-de-saude\/","url_meta":{"origin":16798,"position":4},"title":"Metade de RP tem\u00a0plano de sa\u00fade\u00a0","author":"ismaelcolosi.com.br","date":"26 de January de 2024","format":false,"excerpt":"26 de janeiro de 2024 | 18:0026 de janeiro de 2024 | 12:32 0Segundo a Ag\u00eancia Nacional de Sa\u00fade Suplementar (ANS), Ribeir\u00e3o Preto fechou o ano passado com 332.952 usu\u00e1rios de planos de assist\u00eancia m\u00e9dica-hospitalar, alta de 1,47% e 4.821 benefici\u00e1rios a mais que os 328.131 de dezembro de 2022.\u2026","rel":"","context":"In &quot;Not\u00edcias de Ribeir\u00e3o Preto-SP e Regi\u00e3o&quot;","block_context":{"text":"Not\u00edcias de Ribeir\u00e3o Preto-SP e Regi\u00e3o","link":"https:\/\/ismaelcolosi.com.br\/index.php\/category\/noticias-de-ribeirao-preto-sp-e-regiao-ismael-colosi\/"},"img":{"alt_text":"","src":"https:\/\/i0.wp.com\/ismaelcolosi.com.br\/wp-content\/uploads\/2024\/01\/PlanoANS-Marcello-Casal-Jr.-Ag.Br_-scaled.jpg?fit=1000%2C598&ssl=1&resize=350%2C200","width":350,"height":200,"srcset":"https:\/\/i0.wp.com\/ismaelcolosi.com.br\/wp-content\/uploads\/2024\/01\/PlanoANS-Marcello-Casal-Jr.-Ag.Br_-scaled.jpg?fit=1000%2C598&ssl=1&resize=350%2C200 1x, https:\/\/i0.wp.com\/ismaelcolosi.com.br\/wp-content\/uploads\/2024\/01\/PlanoANS-Marcello-Casal-Jr.-Ag.Br_-scaled.jpg?fit=1000%2C598&ssl=1&resize=525%2C300 1.5x, https:\/\/i0.wp.com\/ismaelcolosi.com.br\/wp-content\/uploads\/2024\/01\/PlanoANS-Marcello-Casal-Jr.-Ag.Br_-scaled.jpg?fit=1000%2C598&ssl=1&resize=700%2C400 2x"},"classes":[]},{"id":22289,"url":"https:\/\/ismaelcolosi.com.br\/index.php\/2023\/12\/29\/feriado-de-ano-novo-altera-funcionamento-dos-orgaos-municipais\/","url_meta":{"origin":16798,"position":5},"title":"Feriado de Ano Novo altera funcionamento dos \u00f3rg\u00e3os municipais\u00a0","author":"ismaelcolosi.com.br","date":"29 de December de 2023","format":false,"excerpt":"Com feriado prolongado de Ano Novo, do dia 30 de dezembro de 2023 at\u00e9 2 de janeiro de 2024, os \u00f3rg\u00e3os municipais ter\u00e3o altera\u00e7\u00f5es nos hor\u00e1rios de atendimento. \u00c9 o caso do Poupatempo, que ir\u00e1 funcionar normalmente at\u00e9 quinta-feira, 28 de dezembro, tendo seu atendimento suspenso nos dias 29 e\u2026","rel":"","context":"In &quot;Not\u00edcias de Ribeir\u00e3o Preto-SP e Regi\u00e3o&quot;","block_context":{"text":"Not\u00edcias de Ribeir\u00e3o Preto-SP e Regi\u00e3o","link":"https:\/\/ismaelcolosi.com.br\/index.php\/category\/noticias-de-ribeirao-preto-sp-e-regiao-ismael-colosi\/"},"img":{"alt_text":"","src":"https:\/\/i0.wp.com\/ismaelcolosi.com.br\/wp-content\/uploads\/2023\/12\/2-abre_e_fecha_-_foto_fernando_gonzaga_1-scaled.jpg?fit=860%2C645&ssl=1&resize=350%2C200","width":350,"height":200,"srcset":"https:\/\/i0.wp.com\/ismaelcolosi.com.br\/wp-content\/uploads\/2023\/12\/2-abre_e_fecha_-_foto_fernando_gonzaga_1-scaled.jpg?fit=860%2C645&ssl=1&resize=350%2C200 1x, https:\/\/i0.wp.com\/ismaelcolosi.com.br\/wp-content\/uploads\/2023\/12\/2-abre_e_fecha_-_foto_fernando_gonzaga_1-scaled.jpg?fit=860%2C645&ssl=1&resize=525%2C300 1.5x, https:\/\/i0.wp.com\/ismaelcolosi.com.br\/wp-content\/uploads\/2023\/12\/2-abre_e_fecha_-_foto_fernando_gonzaga_1-scaled.jpg?fit=860%2C645&ssl=1&resize=700%2C400 2x"},"classes":[]}],"jetpack_sharing_enabled":true,"jetpack_shortlink":"https:\/\/wp.me\/pfMlyK-4mW","_links":{"self":[{"href":"https:\/\/ismaelcolosi.com.br\/index.php\/wp-json\/wp\/v2\/posts\/16798","targetHints":{"allow":["GET"]}}],"collection":[{"href":"https:\/\/ismaelcolosi.com.br\/index.php\/wp-json\/wp\/v2\/posts"}],"about":[{"href":"https:\/\/ismaelcolosi.com.br\/index.php\/wp-json\/wp\/v2\/types\/post"}],"author":[{"embeddable":true,"href":"https:\/\/ismaelcolosi.com.br\/index.php\/wp-json\/wp\/v2\/users\/1"}],"replies":[{"embeddable":true,"href":"https:\/\/ismaelcolosi.com.br\/index.php\/wp-json\/wp\/v2\/comments?post=16798"}],"version-history":[{"count":0,"href":"https:\/\/ismaelcolosi.com.br\/index.php\/wp-json\/wp\/v2\/posts\/16798\/revisions"}],"wp:featuredmedia":[{"embeddable":true,"href":"https:\/\/ismaelcolosi.com.br\/index.php\/wp-json\/wp\/v2\/media\/16799"}],"wp:attachment":[{"href":"https:\/\/ismaelcolosi.com.br\/index.php\/wp-json\/wp\/v2\/media?parent=16798"}],"wp:term":[{"taxonomy":"category","embeddable":true,"href":"https:\/\/ismaelcolosi.com.br\/index.php\/wp-json\/wp\/v2\/categories?post=16798"},{"taxonomy":"post_tag","embeddable":true,"href":"https:\/\/ismaelcolosi.com.br\/index.php\/wp-json\/wp\/v2\/tags?post=16798"}],"curies":[{"name":"wp","href":"https:\/\/api.w.org\/{rel}","templated":true}]}}