{"id":16786,"date":"2023-12-16T13:46:18","date_gmt":"2023-12-16T16:46:18","guid":{"rendered":"https:\/\/ismaelcolosi.com.br\/index.php\/2023\/12\/16\/tres-atividades-fisicas-que-diminuem-as-chances-de-cancer\/"},"modified":"2023-12-16T13:46:18","modified_gmt":"2023-12-16T16:46:18","slug":"tres-atividades-fisicas-que-diminuem-as-chances-de-cancer","status":"publish","type":"post","link":"https:\/\/ismaelcolosi.com.br\/index.php\/2023\/12\/16\/tres-atividades-fisicas-que-diminuem-as-chances-de-cancer\/","title":{"rendered":"Tr\u00eas atividades f\u00edsicas que diminuem as chances de c\u00e2ncer"},"content":{"rendered":"<p> <br \/>\n<\/p>\n<div>\n<div id=\"attachment_2327660\" class=\"wp-caption alignnone\">\n<div class=\"d-flex justify-content-center\" data-attachment-id=\"2327660\">\n<div class=\"position-relative d-inline-block\"><img data-recalc-dims=\"1\" data-portal-copyright=\"Getty Images\/iStockphoto\" fetchpriority=\"high\" decoding=\"async\" class=\"wp-image-2327660 size-full\" src=\"https:\/\/i0.wp.com\/catracalivre.com.br\/wp-content\/uploads\/2023\/12\/istock-1209522780.jpg?resize=1254%2C836&#038;ssl=1\" alt=\"Pr\u00e1tica de atividades f\u00edsicas est\u00e1 associada a menor risco de c\u00e2ncer de cabe\u00e7a e pesco\u00e7o, est\u00f4mago, p\u00e2ncreas, f\u00edgado, intestino, reto, rim, pulm\u00e3o e es\u00f4fago \u2013 iStock\/Getty Images\" width=\"1254\" height=\"836\" srcset=\"https:\/\/catracalivre.com.br\/wp-content\/uploads\/2023\/12\/istock-1209522780.jpg 1254w, https:\/\/catracalivre.com.br\/wp-content\/uploads\/2023\/12\/istock-1209522780-450x300.jpg 450w, https:\/\/catracalivre.com.br\/wp-content\/uploads\/2023\/12\/istock-1209522780-768x512.jpg 768w\" sizes=\"(max-width: 1254px) 100vw, 1254px\"\/><\/p>\n<p>Cr\u00e9ditos: Getty Images\/iStockphoto<\/p><div class='code-block code-block-8' style='margin: 8px auto; text-align: center; display: block; clear: both;'>\n<script>\n  atOptions = {\n    'key' : '66e2e2111ca34da796271819fc334058',\n    'format' : 'iframe',\n    'height' : 250,\n    'width' : 300,\n    'params' : {}\n  };\n<\/script>\n<script src=\"https:\/\/www.highperformanceformat.com\/66e2e2111ca34da796271819fc334058\/invoke.js\"><\/script>\n<\/div>\n\n<\/div>\n<\/div>\n<p><span class=\"post-imagem__legenda\">Pr\u00e1tica de atividades f\u00edsicas est\u00e1 associada a menor risco de c\u00e2ncer de cabe\u00e7a e pesco\u00e7o, est\u00f4mago, p\u00e2ncreas, f\u00edgado, intestino, reto, rim, pulm\u00e3o e es\u00f4fago \u2013 iStock\/Getty Images<\/span><\/p>\n<\/div>\n<p>Uma boa forma de reduzir significativamente o risco de c\u00e2ncer \u00e9 praticando determinadas atividades f\u00edsicas, indica estudo publicado no <strong><a href=\"https:\/\/bjsm.bmj.com\/?utm_source=google&amp;utm_medium=search&amp;utm_campaign=usage&amp;utm_term=usage&amp;utm_source=google&amp;utm_medium=cpc&amp;utm_campaign=usage&amp;utm_content=dynamic&amp;utm_term=british%20journal%20of%20sports%20medicine&amp;gclid=CjwKCAiApuCrBhAuEiwA8VJ6JqNmp9M4_Y8X3OCALiBW7lxQ-7U9wliBUKoyOFw3G8ZY5ZUNPqRqeRoCwbsQAvD_BwE\" target=\"_blank\" rel=\"noopener\">British Journal of Sports Medicine<\/a><\/strong>. Evid\u00eancias obtidas no experimento mostram que homens jovens com boa resist\u00eancia <strong><a href=\"https:\/\/catracalivre.com.br\/saude-bem-estar\/esta-suplementacao-pode-prevenir-ataques-cardiacos-afirma-estudo\/\" target=\"_blank\" rel=\"noopener\">cardiorrespirat\u00f3ria<\/a><\/strong> t\u00eam menos probabilidade de desenvolver nove tipos de c\u00e2ncer \u00e0 medida que envelhecem.<\/p>\n<p>Ainda de acordo com a pesquisa, isto \u00e9 particularmente mais recorrente entre aqueles que correm, nadam e andam de bicicleta.<\/p>\n<p>Para efeito de compara\u00e7\u00e3o, o estudo focou na resist\u00eancia cardiorrespirat\u00f3ria, ou seja, a capacidade de realizar atividades aer\u00f3bicas prolongadas de resist\u00eancia.<\/p>\n<p>O que levou os pesquisadores a concluir que, homens com boa forma f\u00edsica, eram muito menos propensos a ter c\u00e2ncer de cabe\u00e7a e pesco\u00e7o, est\u00f4mago, p\u00e2ncreas, f\u00edgado, intestino, reto, rim, pulm\u00e3o e es\u00f4fago.<\/p>\n<h2>Como foi feito o estudo<\/h2>\n<p>Durante mais de 33 anos, eles acompanharam um grupo de mais de 1 milh\u00e3o de jovens suecos em pesquisas que analisaram a rela\u00e7\u00e3o entre diagn\u00f3sticos de c\u00e2ncer e n\u00edveis de condicionamento f\u00edsico medidos em testes militares. Estes consistiam em pedalar em bicicletas ergom\u00e9tricas com aumento progressivo da resist\u00eancia.<\/p>\n<p>Os participantes foram divididos em grupos com n\u00edveis baixo, m\u00e9dio e alto de resist\u00eancia cardiorrespirat\u00f3ria, mensurada de acordo com os resultados dos testes de ciclismo.<\/p>\n<p>Aqueles com altos n\u00edveis de condicionamento f\u00edsico tiveram um risco 19% menor de desenvolver c\u00e2ncer de cabe\u00e7a e pesco\u00e7o e um risco 20% menor de c\u00e2ncer renal, em compara\u00e7\u00e3o com aqueles com baixo condicionamento f\u00edsico.<\/p>\n<p>O risco de c\u00e2ncer de pulm\u00e3o foi 42% menor em indiv\u00edduos saud\u00e1veis, mas este resultado foi largamente influenciado pelo tabagismo.<\/p>\n<p>Resultados surpreendentes surgiram para c\u00e2nceres gastrointestinais, com um risco 40% menor para c\u00e2ncer de es\u00f4fago, f\u00edgado, dutos biliares, ves\u00edcula biliar e cerca de 20% menor para c\u00e2ncer de est\u00f4mago e c\u00f3lon.<\/p>\n<\/div>\n<p><script>\n\t\t! function(f, b, e, v, n, t, s) {\n\t\t\tif (f.fbq) return;\n\t\t\tn = f.fbq = function() {\n\t\t\t\tn.callMethod ?\n\t\t\t\t\tn.callMethod.apply(n, arguments) : n.queue.push(arguments)\n\t\t\t};\n\t\t\tif (!f._fbq) f._fbq = n;\n\t\t\tn.push = n;\n\t\t\tn.loaded = !0;\n\t\t\tn.version = '2.0';\n\t\t\tn.queue = [];\n\t\t\tt = b.createElement(e);\n\t\t\tt.async = !0;\n\t\t\tt.src = v;\n\t\t\ts = b.getElementsByTagName(e)[0];\n\t\t\ts.parentNode.insertBefore(t, s)\n\t\t}(window, document, 'script',\n\t\t\t'https:\/\/connect.facebook.net\/en_US\/fbevents.js');\n\t\tfbq('init', '338315473262380');\n\t\tfbq('track', 'PageView');\n\t<\/script><br \/>\n<br \/><br \/>\n<br \/><a href=\"https:\/\/catracalivre.com.br\/saude-bem-estar\/tres-atividades-fisicas-que-diminuem-as-chances-de-cancer\/\">Source link <\/a><\/p>\n<div class='code-block code-block-4' style='margin: 8px auto 8px 0; text-align: left; display: block; clear: both;'>\n\ud83d\udce2 Aviso Legal\n\nO site ismaelcolosi.com.br atua apenas como um canal de divulga\u00e7\u00e3o de oportunidades de emprego e n\u00e3o se responsabiliza pelo processo seletivo, contrata\u00e7\u00e3o ou qualquer outra etapa relacionada \u00e0s vagas publicadas. Todas as informa\u00e7\u00f5es s\u00e3o de responsabilidade dos anunciantes.\n\n\u26a0\ufe0f Aten\u00e7\u00e3o! Nunca pague por promessas de emprego nem compre cursos que garantam contrata\u00e7\u00e3o. Desconfie de qualquer cobran\u00e7a para participar de sele\u00e7\u00f5es.\n\n\n\n<\/div>\n<!-- CONTENT END 1 -->\n","protected":false},"excerpt":{"rendered":"<p>Cr\u00e9ditos: Getty Images\/iStockphoto Pr\u00e1tica de atividades f\u00edsicas est\u00e1 associada a menor risco de c\u00e2ncer de cabe\u00e7a e pesco\u00e7o, est\u00f4mago, p\u00e2ncreas, f\u00edgado, intestino, reto, rim, pulm\u00e3o&#8230;<\/p>\n","protected":false},"author":1,"featured_media":16787,"comment_status":"open","ping_status":"open","sticky":false,"template":"","format":"standard","meta":{"_uag_custom_page_level_css":"","advanced_seo_description":"","jetpack_seo_html_title":"","jetpack_seo_noindex":false,"jetpack_post_was_ever_published":false,"_jetpack_newsletter_access":"","_jetpack_dont_email_post_to_subs":false,"_jetpack_newsletter_tier_id":0,"_jetpack_memberships_contains_paywalled_content":false,"_jetpack_memberships_contains_paid_content":false,"footnotes":"","jetpack_publicize_message":"","jetpack_publicize_feature_enabled":true,"jetpack_social_post_already_shared":true,"jetpack_social_options":{"image_generator_settings":{"template":"highway","default_image_id":0,"font":"","enabled":false},"version":2}},"categories":[19],"tags":[],"class_list":["post-16786","post","type-post","status-publish","format-standard","has-post-thumbnail","hentry","category-variedades"],"jetpack_publicize_connections":[],"jetpack_featured_media_url":"https:\/\/i0.wp.com\/ismaelcolosi.com.br\/wp-content\/uploads\/2023\/12\/istock-1209522780.jpg?fit=1200%2C638&ssl=1","uagb_featured_image_src":{"full":["https:\/\/i0.wp.com\/ismaelcolosi.com.br\/wp-content\/uploads\/2023\/12\/istock-1209522780.jpg?fit=1200%2C638&ssl=1",1200,638,false],"thumbnail":["https:\/\/i0.wp.com\/ismaelcolosi.com.br\/wp-content\/uploads\/2023\/12\/istock-1209522780.jpg?resize=150%2C150&ssl=1",150,150,true],"medium":["https:\/\/i0.wp.com\/ismaelcolosi.com.br\/wp-content\/uploads\/2023\/12\/istock-1209522780.jpg?fit=300%2C160&ssl=1",300,160,true],"medium_large":["https:\/\/i0.wp.com\/ismaelcolosi.com.br\/wp-content\/uploads\/2023\/12\/istock-1209522780.jpg?fit=768%2C408&ssl=1",768,408,true],"large":["https:\/\/i0.wp.com\/ismaelcolosi.com.br\/wp-content\/uploads\/2023\/12\/istock-1209522780.jpg?fit=1024%2C544&ssl=1",1024,544,true],"1536x1536":["https:\/\/i0.wp.com\/ismaelcolosi.com.br\/wp-content\/uploads\/2023\/12\/istock-1209522780.jpg?fit=1200%2C638&ssl=1",1200,638,true],"2048x2048":["https:\/\/i0.wp.com\/ismaelcolosi.com.br\/wp-content\/uploads\/2023\/12\/istock-1209522780.jpg?fit=1200%2C638&ssl=1",1200,638,true],"really-simple-thumb":["https:\/\/i0.wp.com\/ismaelcolosi.com.br\/wp-content\/uploads\/2023\/12\/istock-1209522780.jpg?resize=370%2C247&ssl=1",370,247,true]},"uagb_author_info":{"display_name":"ismaelcolosi.com.br","author_link":"https:\/\/ismaelcolosi.com.br\/index.php\/author\/vidareal-online\/"},"uagb_comment_info":0,"uagb_excerpt":"Cr\u00e9ditos: Getty Images\/iStockphoto Pr\u00e1tica de atividades f\u00edsicas est\u00e1 associada a menor risco de c\u00e2ncer de cabe\u00e7a e pesco\u00e7o, est\u00f4mago, p\u00e2ncreas, f\u00edgado, intestino, reto, rim, pulm\u00e3o...","jetpack-related-posts":[{"id":61967,"url":"https:\/\/ismaelcolosi.com.br\/index.php\/2024\/08\/24\/prefeitura-de-ribeirao-preto-determina-suspensao-de-atividades-fisicas\/","url_meta":{"origin":16786,"position":0},"title":"Prefeitura de Ribeir\u00e3o Preto determina suspens\u00e3o de atividades f\u00edsicas","author":"ismaelcolosi.com.br","date":"24 de August de 2024","format":false,"excerpt":"A Prefeitura de Ribeir\u00e3o Preto suspendeu as atividades f\u00edsicas externas neste s\u00e1bado\u00a0(24) e domingo (25) na cidade, devido \u00e0s condi\u00e7\u00f5es desfavor\u00e1veis do clima, como a baixa umidade do ar. O munic\u00edpio amanheceu neste s\u00e1bado sob muita fuma\u00e7a de queimadas. \u201cN\u00e3o ser\u00e1 realizado jogo de futebol ou nenhuma outra atividade at\u00e9\u2026","rel":"","context":"In &quot;Not\u00edcias de Ribeir\u00e3o Preto-SP e Regi\u00e3o&quot;","block_context":{"text":"Not\u00edcias de Ribeir\u00e3o Preto-SP e Regi\u00e3o","link":"https:\/\/ismaelcolosi.com.br\/index.php\/category\/noticias-de-ribeirao-preto-sp-e-regiao-ismael-colosi\/"},"img":{"alt_text":"","src":"https:\/\/i0.wp.com\/ismaelcolosi.com.br\/wp-content\/uploads\/2024\/08\/WhatsApp-Image-2024-08-24-at-11.46.32_2024-08-24_14-47-26_jpeg_2024-08-24_14-47-26.webp.webp?fit=1200%2C675&ssl=1&resize=350%2C200","width":350,"height":200,"srcset":"https:\/\/i0.wp.com\/ismaelcolosi.com.br\/wp-content\/uploads\/2024\/08\/WhatsApp-Image-2024-08-24-at-11.46.32_2024-08-24_14-47-26_jpeg_2024-08-24_14-47-26.webp.webp?fit=1200%2C675&ssl=1&resize=350%2C200 1x, https:\/\/i0.wp.com\/ismaelcolosi.com.br\/wp-content\/uploads\/2024\/08\/WhatsApp-Image-2024-08-24-at-11.46.32_2024-08-24_14-47-26_jpeg_2024-08-24_14-47-26.webp.webp?fit=1200%2C675&ssl=1&resize=525%2C300 1.5x, https:\/\/i0.wp.com\/ismaelcolosi.com.br\/wp-content\/uploads\/2024\/08\/WhatsApp-Image-2024-08-24-at-11.46.32_2024-08-24_14-47-26_jpeg_2024-08-24_14-47-26.webp.webp?fit=1200%2C675&ssl=1&resize=700%2C400 2x, https:\/\/i0.wp.com\/ismaelcolosi.com.br\/wp-content\/uploads\/2024\/08\/WhatsApp-Image-2024-08-24-at-11.46.32_2024-08-24_14-47-26_jpeg_2024-08-24_14-47-26.webp.webp?fit=1200%2C675&ssl=1&resize=1050%2C600 3x"},"classes":[]},{"id":6191,"url":"https:\/\/ismaelcolosi.com.br\/index.php\/2023\/11\/25\/atividades-do-dia-a-dia-diminuem-risco-de-cancer-aponta-estudo\/","url_meta":{"origin":16786,"position":1},"title":"Atividades do dia a dia diminuem risco de c\u00e2ncer, aponta estudo","author":"ismaelcolosi.com.br","date":"25 de November de 2023","format":false,"excerpt":"Cr\u00e9ditos: Getty ImagesAtividades como varrer a casa, caminhar com sacolas de compras ou brincar com crian\u00e7as podem diminuir risco de c\u00e2ncer, aponta estudo \u2013 iStock\/Getty Images Subir escadas ou carregar sacolas de compras podem contribuir para a preven\u00e7\u00e3o do c\u00e2ncer, indica estudo divulgado recentemente na revista JAMA Oncology. Segundo a\u2026","rel":"","context":"In &quot;Variedades&quot;","block_context":{"text":"Variedades","link":"https:\/\/ismaelcolosi.com.br\/index.php\/category\/variedades\/"},"img":{"alt_text":"","src":"https:\/\/i0.wp.com\/ismaelcolosi.com.br\/wp-content\/uploads\/2023\/11\/istock-1480372898.jpg?fit=1200%2C638&ssl=1&resize=350%2C200","width":350,"height":200,"srcset":"https:\/\/i0.wp.com\/ismaelcolosi.com.br\/wp-content\/uploads\/2023\/11\/istock-1480372898.jpg?fit=1200%2C638&ssl=1&resize=350%2C200 1x, https:\/\/i0.wp.com\/ismaelcolosi.com.br\/wp-content\/uploads\/2023\/11\/istock-1480372898.jpg?fit=1200%2C638&ssl=1&resize=525%2C300 1.5x, https:\/\/i0.wp.com\/ismaelcolosi.com.br\/wp-content\/uploads\/2023\/11\/istock-1480372898.jpg?fit=1200%2C638&ssl=1&resize=700%2C400 2x, https:\/\/i0.wp.com\/ismaelcolosi.com.br\/wp-content\/uploads\/2023\/11\/istock-1480372898.jpg?fit=1200%2C638&ssl=1&resize=1050%2C600 3x"},"classes":[]},{"id":13555,"url":"https:\/\/ismaelcolosi.com.br\/index.php\/2023\/12\/10\/praticar-estas-atividades-fisicas-pode-aliviar-sintomas-da-depressao\/","url_meta":{"origin":16786,"position":2},"title":"Praticar estas atividades f\u00edsicas pode aliviar sintomas da depress\u00e3o","author":"ismaelcolosi.com.br","date":"10 de December de 2023","format":false,"excerpt":"Cr\u00e9ditos: torwai\/istockEntenda por que, segundo estudo, a pr\u00e1tica de atividades f\u00edsicas est\u00e1 ligada ao abrandamento dos sintomas de depress\u00e3o \u2013 iStock\/Getty Images A correria do dia a dia ou o trabalho que nos consome horas s\u00e3o apenas algumas das raz\u00f5es pelas quais podemos sucumbir a nossa vida ao sedentarismo. E\u2026","rel":"","context":"In &quot;Variedades&quot;","block_context":{"text":"Variedades","link":"https:\/\/ismaelcolosi.com.br\/index.php\/category\/variedades\/"},"img":{"alt_text":"","src":"https:\/\/i0.wp.com\/ismaelcolosi.com.br\/wp-content\/uploads\/2023\/12\/depressao-sintoma-ignorado.jpg?fit=1200%2C638&ssl=1&resize=350%2C200","width":350,"height":200,"srcset":"https:\/\/i0.wp.com\/ismaelcolosi.com.br\/wp-content\/uploads\/2023\/12\/depressao-sintoma-ignorado.jpg?fit=1200%2C638&ssl=1&resize=350%2C200 1x, https:\/\/i0.wp.com\/ismaelcolosi.com.br\/wp-content\/uploads\/2023\/12\/depressao-sintoma-ignorado.jpg?fit=1200%2C638&ssl=1&resize=525%2C300 1.5x, https:\/\/i0.wp.com\/ismaelcolosi.com.br\/wp-content\/uploads\/2023\/12\/depressao-sintoma-ignorado.jpg?fit=1200%2C638&ssl=1&resize=700%2C400 2x, https:\/\/i0.wp.com\/ismaelcolosi.com.br\/wp-content\/uploads\/2023\/12\/depressao-sintoma-ignorado.jpg?fit=1200%2C638&ssl=1&resize=1050%2C600 3x"},"classes":[]},{"id":22569,"url":"https:\/\/ismaelcolosi.com.br\/index.php\/2023\/12\/30\/especialistas-apontam-possivel-relacao-entre-obesidade-e-o-cancer\/","url_meta":{"origin":16786,"position":3},"title":"Especialistas apontam poss\u00edvel rela\u00e7\u00e3o entre obesidade e o c\u00e2ncer","author":"ismaelcolosi.com.br","date":"30 de December de 2023","format":false,"excerpt":"Cr\u00e9ditos: @Ljupco\/iStockObesidade e o c\u00e2ncer: atividades f\u00edsicas regulares e um plano alimentar equilibrado podem contribuir para o alcance e a manuten\u00e7\u00e3o de um peso saud\u00e1vel \u2013 iStock\/Getty Images Muito mais que uma quest\u00e3o est\u00e9tica, a obesidade se trata de uma doen\u00e7a cr\u00f4nica com consequ\u00eancias graves para a sa\u00fade. Dados do\u2026","rel":"","context":"In &quot;Variedades&quot;","block_context":{"text":"Variedades","link":"https:\/\/ismaelcolosi.com.br\/index.php\/category\/variedades\/"},"img":{"alt_text":"","src":"https:\/\/i0.wp.com\/ismaelcolosi.com.br\/wp-content\/uploads\/2023\/12\/Cancer-Obesidade.jpg?fit=1200%2C638&ssl=1&resize=350%2C200","width":350,"height":200,"srcset":"https:\/\/i0.wp.com\/ismaelcolosi.com.br\/wp-content\/uploads\/2023\/12\/Cancer-Obesidade.jpg?fit=1200%2C638&ssl=1&resize=350%2C200 1x, https:\/\/i0.wp.com\/ismaelcolosi.com.br\/wp-content\/uploads\/2023\/12\/Cancer-Obesidade.jpg?fit=1200%2C638&ssl=1&resize=525%2C300 1.5x, https:\/\/i0.wp.com\/ismaelcolosi.com.br\/wp-content\/uploads\/2023\/12\/Cancer-Obesidade.jpg?fit=1200%2C638&ssl=1&resize=700%2C400 2x, https:\/\/i0.wp.com\/ismaelcolosi.com.br\/wp-content\/uploads\/2023\/12\/Cancer-Obesidade.jpg?fit=1200%2C638&ssl=1&resize=1050%2C600 3x"},"classes":[]},{"id":19760,"url":"https:\/\/ismaelcolosi.com.br\/index.php\/2023\/12\/23\/as-5-profissoes-mais-ligadas-a-risco-de-demencia-segundo-estudo\/","url_meta":{"origin":16786,"position":4},"title":"As 5 profiss\u00f5es mais ligadas a risco de dem\u00eancia, segundo estudo","author":"ismaelcolosi.com.br","date":"23 de December de 2023","format":false,"excerpt":"Cr\u00e9ditos: Getty ImagesPara entender a eventual rela\u00e7\u00e3o entre profiss\u00f5es e risco de dem\u00eancia, os pesquisadores se pautaram em uma amostra de 7.005 indiv\u00edduos acima de 70 anos \u2013 iStock\/Getty Images A dem\u00eancia, doen\u00e7a caracterizada pela perda da fun\u00e7\u00e3o cognitiva, pode ter uma provocante rela\u00e7\u00e3o com o mundo laboral, aponta estudo\u2026","rel":"","context":"In &quot;Variedades&quot;","block_context":{"text":"Variedades","link":"https:\/\/ismaelcolosi.com.br\/index.php\/category\/variedades\/"},"img":{"alt_text":"","src":"https:\/\/i0.wp.com\/ismaelcolosi.com.br\/wp-content\/uploads\/2023\/12\/istock-1438133166.jpg?fit=1200%2C638&ssl=1&resize=350%2C200","width":350,"height":200,"srcset":"https:\/\/i0.wp.com\/ismaelcolosi.com.br\/wp-content\/uploads\/2023\/12\/istock-1438133166.jpg?fit=1200%2C638&ssl=1&resize=350%2C200 1x, https:\/\/i0.wp.com\/ismaelcolosi.com.br\/wp-content\/uploads\/2023\/12\/istock-1438133166.jpg?fit=1200%2C638&ssl=1&resize=525%2C300 1.5x, https:\/\/i0.wp.com\/ismaelcolosi.com.br\/wp-content\/uploads\/2023\/12\/istock-1438133166.jpg?fit=1200%2C638&ssl=1&resize=700%2C400 2x, https:\/\/i0.wp.com\/ismaelcolosi.com.br\/wp-content\/uploads\/2023\/12\/istock-1438133166.jpg?fit=1200%2C638&ssl=1&resize=1050%2C600 3x"},"classes":[]},{"id":61975,"url":"https:\/\/ismaelcolosi.com.br\/index.php\/2024\/08\/24\/veja-decreto-que-suspende-atividades-ao-ar-livre-em-ribeirao-preto\/","url_meta":{"origin":16786,"position":5},"title":"Veja decreto que suspende atividades ao ar livre em Ribeir\u00e3o\u00a0Preto","author":"ismaelcolosi.com.br","date":"24 de August de 2024","format":false,"excerpt":"A Prefeitura de Ribeir\u00e3o Preto realizou uma coletiva de imprensa na manh\u00e3 deste s\u00e1bado (24) onde suspendeu as atividades f\u00edsicas externas de hoje e domingo (25) na cidade, devido \u00e0s condi\u00e7\u00f5es do clima e qualidade do ar. Veja o decreto SAIBA MAIS Interior de SP tem 30 cidades em alerta\u2026","rel":"","context":"In &quot;Not\u00edcias de Ribeir\u00e3o Preto-SP e Regi\u00e3o&quot;","block_context":{"text":"Not\u00edcias de Ribeir\u00e3o Preto-SP e Regi\u00e3o","link":"https:\/\/ismaelcolosi.com.br\/index.php\/category\/noticias-de-ribeirao-preto-sp-e-regiao-ismael-colosi\/"},"img":{"alt_text":"","src":"https:\/\/i0.wp.com\/ismaelcolosi.com.br\/wp-content\/uploads\/2024\/08\/ribeirao-fumaca_2024-08-24_15-44-19_png_2024-08-24_15-44-19.webp.webp?fit=861%2C490&ssl=1&resize=350%2C200","width":350,"height":200,"srcset":"https:\/\/i0.wp.com\/ismaelcolosi.com.br\/wp-content\/uploads\/2024\/08\/ribeirao-fumaca_2024-08-24_15-44-19_png_2024-08-24_15-44-19.webp.webp?fit=861%2C490&ssl=1&resize=350%2C200 1x, https:\/\/i0.wp.com\/ismaelcolosi.com.br\/wp-content\/uploads\/2024\/08\/ribeirao-fumaca_2024-08-24_15-44-19_png_2024-08-24_15-44-19.webp.webp?fit=861%2C490&ssl=1&resize=525%2C300 1.5x, https:\/\/i0.wp.com\/ismaelcolosi.com.br\/wp-content\/uploads\/2024\/08\/ribeirao-fumaca_2024-08-24_15-44-19_png_2024-08-24_15-44-19.webp.webp?fit=861%2C490&ssl=1&resize=700%2C400 2x"},"classes":[]}],"jetpack_sharing_enabled":true,"jetpack_shortlink":"https:\/\/wp.me\/pfMlyK-4mK","_links":{"self":[{"href":"https:\/\/ismaelcolosi.com.br\/index.php\/wp-json\/wp\/v2\/posts\/16786","targetHints":{"allow":["GET"]}}],"collection":[{"href":"https:\/\/ismaelcolosi.com.br\/index.php\/wp-json\/wp\/v2\/posts"}],"about":[{"href":"https:\/\/ismaelcolosi.com.br\/index.php\/wp-json\/wp\/v2\/types\/post"}],"author":[{"embeddable":true,"href":"https:\/\/ismaelcolosi.com.br\/index.php\/wp-json\/wp\/v2\/users\/1"}],"replies":[{"embeddable":true,"href":"https:\/\/ismaelcolosi.com.br\/index.php\/wp-json\/wp\/v2\/comments?post=16786"}],"version-history":[{"count":0,"href":"https:\/\/ismaelcolosi.com.br\/index.php\/wp-json\/wp\/v2\/posts\/16786\/revisions"}],"wp:featuredmedia":[{"embeddable":true,"href":"https:\/\/ismaelcolosi.com.br\/index.php\/wp-json\/wp\/v2\/media\/16787"}],"wp:attachment":[{"href":"https:\/\/ismaelcolosi.com.br\/index.php\/wp-json\/wp\/v2\/media?parent=16786"}],"wp:term":[{"taxonomy":"category","embeddable":true,"href":"https:\/\/ismaelcolosi.com.br\/index.php\/wp-json\/wp\/v2\/categories?post=16786"},{"taxonomy":"post_tag","embeddable":true,"href":"https:\/\/ismaelcolosi.com.br\/index.php\/wp-json\/wp\/v2\/tags?post=16786"}],"curies":[{"name":"wp","href":"https:\/\/api.w.org\/{rel}","templated":true}]}}