{"id":16773,"date":"2023-12-16T12:55:45","date_gmt":"2023-12-16T15:55:45","guid":{"rendered":"https:\/\/ismaelcolosi.com.br\/index.php\/2023\/12\/16\/cpfl-corta-energia-de-servico-publico\/"},"modified":"2023-12-16T12:55:45","modified_gmt":"2023-12-16T15:55:45","slug":"cpfl-corta-energia-de-servico-publico","status":"publish","type":"post","link":"https:\/\/ismaelcolosi.com.br\/index.php\/2023\/12\/16\/cpfl-corta-energia-de-servico-publico\/","title":{"rendered":"CPFL corta energia de servi\u00e7o p\u00fablico\u00a0"},"content":{"rendered":"<p> <br \/>\n<\/p>\n<div id=\"post-367521\">\n<header class=\"entry-header penci-entry-header penci-title-center\">\n<p> <span class=\"entry-meta-item penci-posted-on\"><i class=\"fa fa-clock-o\"\/><time class=\"entry-date published\" datetime=\"2023-12-16T12:00:25-03:00\">16 de dezembro de 2023 | 12:00<\/time><time class=\"updated\" datetime=\"2023-12-16T11:28:22-03:00\">16 de dezembro de 2023 | 11:28<\/time><\/span><\/p>\n<p> <span class=\"penci-social-buttons penci-social-share-footer\"><a href=\"#\" class=\"penci-post-like penci_post-meta_item  single-like-button penci-social-item like\" data-post_id=\"367521\" title=\"Like\" data-like=\"Like\" data-unlike=\"Unlike\"><i class=\"fa fa-thumbs-o-up\"\/><span class=\"penci-share-number\">0<\/span><\/a><i class=\"fa fa-facebook\"\/><a class=\"penci-social-item twitter\" target=\"_blank\" rel=\"noopener\" title=\"\" href=\"https:\/\/twitter.com\/intent\/tweet?text=CPFL%20corta%20energia%20de%20servi\u00e7o%20p\u00fablico\u00a0%20-%20https:\/\/www.tribunaribeirao.com.br\/site\/cpfl-corta-energia-de-servico-publico\/\"><i class=\"fa fa-twitter\"\/><\/a><i class=\"fa fa-whatsapp\"\/><\/span><\/header>\n<div class=\"penci-entry-content entry-content\">\n<p><span class=\"TextRun SCXW203611784 BCX0\" lang=\"PT-BR\" xml:lang=\"PT-BR\" data-contrast=\"auto\"><span class=\"NormalTextRun SCXW203611784 BCX0\">Em nota enviada \u00e0 reda\u00e7\u00e3o <\/span><span class=\"NormalTextRun SCXW203611784 BCX0\">do Tribuna<\/span><span class=\"NormalTextRun SCXW203611784 BCX0\">, a<\/span><span class=\"NormalTextRun SCXW203611784 BCX0\"> CPFL Paulista esclarece que informou, no dia 24 de novembro aos representantes d<\/span><span class=\"NormalTextRun SCXW203611784 BCX0\">o Servi\u00e7o Aut\u00f4nomo de \u00c1gua e Esgoto de <\/span><span class=\"NormalTextRun SCXW203611784 BCX0\">Brodowski<\/span> <span class=\"NormalTextRun SCXW203611784 BCX0\">e \u00e0s autoridades competentes do munic\u00edpio<\/span> <span class=\"NormalTextRun SCXW203611784 BCX0\">sobre a situa\u00e7\u00e3o de inadimpl\u00eancia do <\/span><span class=\"NormalTextRun SpellingErrorV2Themed SCXW203611784 BCX0\">Saaeb<\/span> <span class=\"NormalTextRun SCXW203611784 BCX0\">junto <\/span><span class=\"NormalTextRun SCXW203611784 BCX0\">\u00e0<\/span> <span class=\"NormalTextRun SCXW203611784 BCX0\">d<\/span><span class=\"NormalTextRun SCXW203611784 BCX0\">istribuidora de energia, solicitando provid\u00eancias de pagamento da d\u00edvida, sob pena de suspens\u00e3o do servi\u00e7o.<\/span><\/span><span class=\"LineBreakBlob BlobObject DragDrop SCXW203611784 BCX0\"><span class=\"SCXW203611784 BCX0\">\u00a0<\/span><br class=\"SCXW203611784 BCX0\"\/><\/span><span class=\"LineBreakBlob BlobObject DragDrop SCXW203611784 BCX0\"><span class=\"SCXW203611784 BCX0\">\u00a0<\/span><br class=\"SCXW203611784 BCX0\"\/><\/span><span class=\"TextRun SCXW203611784 BCX0\" lang=\"PT-BR\" xml:lang=\"PT-BR\" data-contrast=\"auto\"><span class=\"NormalTextRun SCXW203611784 BCX0\">Foram <\/span><span class=\"NormalTextRun ContextualSpellingAndGrammarErrorV2Themed SCXW203611784 BCX0\">comunicados\u00a0 a<\/span> <span class=\"NormalTextRun SCXW203611784 BCX0\">p<\/span><span class=\"NormalTextRun SCXW203611784 BCX0\">refeitura<\/span><span class=\"NormalTextRun SCXW203611784 BCX0\"> de <\/span><span class=\"NormalTextRun SCXW203611784 BCX0\">Brodowski<\/span><span class=\"NormalTextRun SCXW203611784 BCX0\">, C\u00e2mara de Vereadores e Minist\u00e9rio P\u00fablico<\/span><span class=\"NormalTextRun SCXW203611784 BCX0\"> de S\u00e3o Paulo (MPSP). <\/span><span class=\"NormalTextRun SCXW203611784 BCX0\">A inadimpl\u00eancia j\u00e1 se prolonga por mais 40 meses, com um valor total que supera R$<\/span> <span class=\"NormalTextRun SCXW203611784 BCX0\">18,5 milh\u00f5es<\/span><span class=\"NormalTextRun SCXW203611784 BCX0\">,<\/span><span class=\"NormalTextRun SCXW203611784 BCX0\"> e nesse per\u00edodo n\u00e3o houve pagamento e nem tentativa de negocia\u00e7\u00e3o por parte do cliente<\/span><span class=\"NormalTextRun SCXW203611784 BCX0\">, diz a CPFL Paulista. <\/span><\/span><span class=\"LineBreakBlob BlobObject DragDrop SCXW203611784 BCX0\"><span class=\"SCXW203611784 BCX0\">\u00a0<\/span><br class=\"SCXW203611784 BCX0\"\/><\/span><span class=\"LineBreakBlob BlobObject DragDrop SCXW203611784 BCX0\"><span class=\"SCXW203611784 BCX0\">\u00a0<\/span><br class=\"SCXW203611784 BCX0\"\/><\/span><span class=\"TextRun SCXW203611784 BCX0\" lang=\"PT-BR\" xml:lang=\"PT-BR\" data-contrast=\"auto\"><span class=\"NormalTextRun SCXW203611784 BCX0\">\u201cC<\/span><span class=\"NormalTextRun SCXW203611784 BCX0\">omo \u00faltima a\u00e7\u00e3o poss\u00edvel para estancar o crescimento da d\u00edvida, a <\/span><span class=\"NormalTextRun SCXW203611784 BCX0\">c<\/span><span class=\"NormalTextRun SCXW203611784 BCX0\">ompanhia de energia esclarece que no dia 14<\/span><span class=\"NormalTextRun SCXW203611784 BCX0\"> de dezembro<\/span><span class=\"NormalTextRun SCXW203611784 BCX0\">, executou o corte de fornecimento de energia para liga\u00e7\u00f5es das bombas dos po\u00e7os d\u2019\u00e1gua, amparada na Resolu\u00e7\u00e3o 1.000 da A<\/span><span class=\"NormalTextRun SCXW203611784 BCX0\">g\u00eancia<\/span><span class=\"NormalTextRun SCXW203611784 BCX0\"> N<\/span><span class=\"NormalTextRun SCXW203611784 BCX0\">acional de Energia El\u00e9trica (<\/span><span class=\"NormalTextRun SCXW203611784 BCX0\">Aneel<\/span><span class=\"NormalTextRun SCXW203611784 BCX0\">) <\/span><span class=\"NormalTextRun SCXW203611784 BCX0\">e na <\/span><span class=\"NormalTextRun SCXW203611784 BCX0\">l<\/span><span class=\"NormalTextRun SCXW203611784 BCX0\">ei <\/span><span class=\"NormalTextRun SCXW203611784 BCX0\">n\u00famero <\/span><span class=\"NormalTextRun SCXW203611784 BCX0\">9.427\/<\/span><span class=\"NormalTextRun SCXW203611784 BCX0\">19<\/span><span class=\"NormalTextRun SCXW203611784 BCX0\">96<\/span><span class=\"NormalTextRun SCXW203611784 BCX0\">\u201d<\/span><span class=\"NormalTextRun SCXW203611784 BCX0\">.<\/span><\/span><span class=\"LineBreakBlob BlobObject DragDrop SCXW203611784 BCX0\"><span class=\"SCXW203611784 BCX0\">\u00a0<\/span><br class=\"SCXW203611784 BCX0\"\/><\/span><span class=\"LineBreakBlob BlobObject DragDrop SCXW203611784 BCX0\"><span class=\"SCXW203611784 BCX0\">\u00a0<\/span><br class=\"SCXW203611784 BCX0\"\/><\/span><span class=\"TextRun SCXW203611784 BCX0\" lang=\"PT-BR\" xml:lang=\"PT-BR\" data-contrast=\"auto\"><span class=\"NormalTextRun SCXW203611784 BCX0\">\u201c<\/span><span class=\"NormalTextRun SCXW203611784 BCX0\">Os comunicados buscam dar ci\u00eancia \u00e0s autoridades sobre a quest\u00e3o, para que adotem medidas visando proteger a popula\u00e7\u00e3o dos impactos da suspens\u00e3o, bem como informar sobre o prazo para uma manifesta\u00e7\u00e3o da empresa indicando interesse em iniciar uma negocia\u00e7\u00e3o<\/span><span class=\"NormalTextRun SCXW203611784 BCX0\">\u201d, ressalta<\/span><\/span><span class=\"LineBreakBlob BlobObject DragDrop SCXW203611784 BCX0\"><span class=\"SCXW203611784 BCX0\">\u00a0<\/span><br class=\"SCXW203611784 BCX0\"\/><\/span><span class=\"LineBreakBlob BlobObject DragDrop SCXW203611784 BCX0\"><span class=\"SCXW203611784 BCX0\">\u00a0<\/span><br class=\"SCXW203611784 BCX0\"\/><\/span><span class=\"TextRun SCXW203611784 BCX0\" lang=\"PT-BR\" xml:lang=\"PT-BR\" data-contrast=\"auto\"><span class=\"NormalTextRun SCXW203611784 BCX0\">O comunicado diz ainda que as notifica\u00e7\u00f5es tamb\u00e9m demonstram \u201c<\/span><span class=\"NormalTextRun SCXW203611784 BCX0\">o esfor\u00e7o da CPFL Paulista em ter tentado negociar os d\u00e9bitos atrav\u00e9s de visitas pessoais, telefonemas, propostas de parcelamento e notifica\u00e7\u00f5es, todas sem sucesso.<\/span><span class=\"NormalTextRun SCXW203611784 BCX0\">\u201d O <\/span><span class=\"NormalTextRun SCXW203611784 BCX0\">procurador da prefeitura de <\/span><span class=\"NormalTextRun SpellingErrorV2Themed SCXW203611784 BCX0\">Brodowsi<\/span><span class=\"NormalTextRun SCXW203611784 BCX0\">, <\/span><span class=\"NormalTextRun SpellingErrorV2Themed SCXW203611784 BCX0\">PedroMioto<\/span><span class=\"NormalTextRun SCXW203611784 BCX0\">, que a administra\u00e7\u00e3o j\u00e1 obteve liminar obrigando o restabelecimento em 48 horas sob risco de <\/span><span class=\"NormalTextRun SpellingErrorV2Themed SCXW203611784 BCX0\">multa<\/span><span class=\"NormalTextRun SCXW203611784 BCX0\">.<\/span><\/span><span class=\"LineBreakBlob BlobObject DragDrop SCXW203611784 BCX0\"><span class=\"SCXW203611784 BCX0\">\u00a0<\/span><br class=\"SCXW203611784 BCX0\"\/><\/span><span class=\"LineBreakBlob BlobObject DragDrop SCXW203611784 BCX0\"><span class=\"SCXW203611784 BCX0\">\u00a0<\/span><br class=\"SCXW203611784 BCX0\"\/><\/span><span class=\"TextRun SCXW203611784 BCX0\" lang=\"PT-BR\" xml:lang=\"PT-BR\" data-contrast=\"auto\"><span class=\"NormalTextRun SCXW203611784 BCX0\">Mioto<\/span><span class=\"NormalTextRun SCXW203611784 BCX0\"> disse para a reportagem da EPTV disse que a prefeitura j\u00e1 havia entrado com a\u00e7\u00e3o judicial contra a CPFL Paulista por considerar o parcelamento, com juros e multas, abusivo e oneroso. Segundo ele, as d\u00edvidas s\u00e3o do per\u00edodo entre 2018 e 2020. Em mar\u00e7o, a empresa teria oferecido desconto de R$ 1,5 milh\u00e3o, mas continuou a cobrar juros excessivos.<\/span><\/span><span class=\"LineBreakBlob BlobObject DragDrop SCXW203611784 BCX0\"><span class=\"SCXW203611784 BCX0\">\u00a0<\/span><br class=\"SCXW203611784 BCX0\"\/><\/span><span class=\"EOP SCXW203611784 BCX0\" data-ccp-props=\"{&quot;201341983&quot;:0,&quot;335559739&quot;:200,&quot;335559740&quot;:276}\">\u00a0<\/span><\/p><div class='code-block code-block-8' style='margin: 8px auto; text-align: center; display: block; clear: both;'>\n<script>\n  atOptions = {\n    'key' : '66e2e2111ca34da796271819fc334058',\n    'format' : 'iframe',\n    'height' : 250,\n    'width' : 300,\n    'params' : {}\n  };\n<\/script>\n<script src=\"https:\/\/www.highperformanceformat.com\/66e2e2111ca34da796271819fc334058\/invoke.js\"><\/script>\n<\/div>\n\n<\/div>\n<footer class=\"penci-entry-footer\"\/><\/div>\n<p><script async src=\"\/\/platform.twitter.com\/widgets.js\" charset=\"utf-8\"><\/script><br \/>\n<br \/><br \/>\n<br \/><a href=\"https:\/\/www.tribunaribeirao.com.br\/site\/cpfl-corta-energia-de-servico-publico\/\">Source link <\/a><\/p>\n<div class='code-block code-block-4' style='margin: 8px auto 8px 0; text-align: left; display: block; clear: both;'>\n\ud83d\udce2 Aviso Legal\n\nO site ismaelcolosi.com.br atua apenas como um canal de divulga\u00e7\u00e3o de oportunidades de emprego e n\u00e3o se responsabiliza pelo processo seletivo, contrata\u00e7\u00e3o ou qualquer outra etapa relacionada \u00e0s vagas publicadas. Todas as informa\u00e7\u00f5es s\u00e3o de responsabilidade dos anunciantes.\n\n\u26a0\ufe0f Aten\u00e7\u00e3o! Nunca pague por promessas de emprego nem compre cursos que garantam contrata\u00e7\u00e3o. Desconfie de qualquer cobran\u00e7a para participar de sele\u00e7\u00f5es.\n\n\n\n<\/div>\n<!-- CONTENT END 1 -->\n","protected":false},"excerpt":{"rendered":"<p>16 de dezembro de 2023 | 12:0016 de dezembro de 2023 | 11:28 0 Em nota enviada \u00e0 reda\u00e7\u00e3o do Tribuna, a CPFL Paulista esclarece&#8230;<\/p>\n","protected":false},"author":1,"featured_media":16774,"comment_status":"open","ping_status":"open","sticky":false,"template":"","format":"standard","meta":{"_uag_custom_page_level_css":"","advanced_seo_description":"","jetpack_seo_html_title":"","jetpack_seo_noindex":false,"jetpack_post_was_ever_published":false,"_jetpack_newsletter_access":"","_jetpack_dont_email_post_to_subs":false,"_jetpack_newsletter_tier_id":0,"_jetpack_memberships_contains_paywalled_content":false,"_jetpack_memberships_contains_paid_content":false,"footnotes":"","jetpack_publicize_message":"","jetpack_publicize_feature_enabled":true,"jetpack_social_post_already_shared":true,"jetpack_social_options":{"image_generator_settings":{"template":"highway","default_image_id":0,"font":"","enabled":false},"version":2}},"categories":[11],"tags":[2264,1631,723,282,1860],"class_list":["post-16773","post","type-post","status-publish","format-standard","has-post-thumbnail","hentry","category-noticias-de-ribeirao-preto-sp-e-regiao-ismael-colosi","tag-corta","tag-cpfl","tag-energia","tag-publico","tag-servico"],"jetpack_publicize_connections":[],"jetpack_featured_media_url":"https:\/\/i0.wp.com\/ismaelcolosi.com.br\/wp-content\/uploads\/2023\/12\/imagem-129.jpg?fit=800%2C500&ssl=1","uagb_featured_image_src":{"full":["https:\/\/i0.wp.com\/ismaelcolosi.com.br\/wp-content\/uploads\/2023\/12\/imagem-129.jpg?fit=800%2C500&ssl=1",800,500,false],"thumbnail":["https:\/\/i0.wp.com\/ismaelcolosi.com.br\/wp-content\/uploads\/2023\/12\/imagem-129.jpg?resize=150%2C150&ssl=1",150,150,true],"medium":["https:\/\/i0.wp.com\/ismaelcolosi.com.br\/wp-content\/uploads\/2023\/12\/imagem-129.jpg?fit=300%2C188&ssl=1",300,188,true],"medium_large":["https:\/\/i0.wp.com\/ismaelcolosi.com.br\/wp-content\/uploads\/2023\/12\/imagem-129.jpg?fit=768%2C480&ssl=1",768,480,true],"large":["https:\/\/i0.wp.com\/ismaelcolosi.com.br\/wp-content\/uploads\/2023\/12\/imagem-129.jpg?fit=800%2C500&ssl=1",800,500,true],"1536x1536":["https:\/\/i0.wp.com\/ismaelcolosi.com.br\/wp-content\/uploads\/2023\/12\/imagem-129.jpg?fit=800%2C500&ssl=1",800,500,true],"2048x2048":["https:\/\/i0.wp.com\/ismaelcolosi.com.br\/wp-content\/uploads\/2023\/12\/imagem-129.jpg?fit=800%2C500&ssl=1",800,500,true],"really-simple-thumb":["https:\/\/i0.wp.com\/ismaelcolosi.com.br\/wp-content\/uploads\/2023\/12\/imagem-129.jpg?resize=370%2C247&ssl=1",370,247,true]},"uagb_author_info":{"display_name":"ismaelcolosi.com.br","author_link":"https:\/\/ismaelcolosi.com.br\/index.php\/author\/vidareal-online\/"},"uagb_comment_info":2,"uagb_excerpt":"16 de dezembro de 2023 | 12:0016 de dezembro de 2023 | 11:28 0 Em nota enviada \u00e0 reda\u00e7\u00e3o do Tribuna, a CPFL Paulista esclarece...","jetpack-related-posts":[{"id":19715,"url":"https:\/\/ismaelcolosi.com.br\/index.php\/2023\/12\/23\/cpfl-troca-fiacao-para-evitar-curto-circuito\/","url_meta":{"origin":16773,"position":0},"title":"CPFL troca fia\u00e7\u00e3o para evitar curto circuito","author":"ismaelcolosi.com.br","date":"23 de December de 2023","format":false,"excerpt":"22 de dezembro de 2023 | 14:25 1A CPFL deu sequ\u00eancia a uma solicita\u00e7\u00e3o de um morador do bairro Lagoinha na manh\u00e3 desta sexta-feira e substituiu os cabos de energia antigos por cabos com isolamento de prote\u00e7\u00e3o a galhos e \u00e1rvores. A energia na rua Rua Vict\u00f3rio Biasolli, no bairro\u2026","rel":"","context":"In &quot;Not\u00edcias de Ribeir\u00e3o Preto-SP e Regi\u00e3o&quot;","block_context":{"text":"Not\u00edcias de Ribeir\u00e3o Preto-SP e Regi\u00e3o","link":"https:\/\/ismaelcolosi.com.br\/index.php\/category\/noticias-de-ribeirao-preto-sp-e-regiao-ismael-colosi\/"},"img":{"alt_text":"","src":"https:\/\/i0.wp.com\/ismaelcolosi.com.br\/wp-content\/uploads\/2023\/12\/e85dfe65-421e-43eb-9063-08675f874155-scaled.jpg?fit=1000%2C562&ssl=1&resize=350%2C200","width":350,"height":200,"srcset":"https:\/\/i0.wp.com\/ismaelcolosi.com.br\/wp-content\/uploads\/2023\/12\/e85dfe65-421e-43eb-9063-08675f874155-scaled.jpg?fit=1000%2C562&ssl=1&resize=350%2C200 1x, https:\/\/i0.wp.com\/ismaelcolosi.com.br\/wp-content\/uploads\/2023\/12\/e85dfe65-421e-43eb-9063-08675f874155-scaled.jpg?fit=1000%2C562&ssl=1&resize=525%2C300 1.5x, https:\/\/i0.wp.com\/ismaelcolosi.com.br\/wp-content\/uploads\/2023\/12\/e85dfe65-421e-43eb-9063-08675f874155-scaled.jpg?fit=1000%2C562&ssl=1&resize=700%2C400 2x"},"classes":[]},{"id":15689,"url":"https:\/\/ismaelcolosi.com.br\/index.php\/2023\/12\/14\/rede-de-mercado-da-regiao-e-flagrada-furtando-energia\/","url_meta":{"origin":16773,"position":1},"title":"Rede de mercado da regi\u00e3o \u00e9 flagrada furtando energia","author":"ismaelcolosi.com.br","date":"14 de December de 2023","format":false,"excerpt":"Tr\u00eas lojas da rede de supermercados foram autuadas por furto de energia el\u00e9trica, o popular gato 14 de dezembro de 2023 | 7:0614 de dezembro de 2023 | 7:04 1Por: Adalberto LuqueUma opera\u00e7\u00e3o da Pol\u00edcia Civil, em parceria com a CPFL Paulista (distribuidora de energia el\u00e9trica na regi\u00e3o) flagrou, nesta\u2026","rel":"","context":"In &quot;Not\u00edcias de Ribeir\u00e3o Preto-SP e Regi\u00e3o&quot;","block_context":{"text":"Not\u00edcias de Ribeir\u00e3o Preto-SP e Regi\u00e3o","link":"https:\/\/ismaelcolosi.com.br\/index.php\/category\/noticias-de-ribeirao-preto-sp-e-regiao-ismael-colosi\/"},"img":{"alt_text":"","src":"https:\/\/i0.wp.com\/ismaelcolosi.com.br\/wp-content\/uploads\/2023\/12\/00-14-dez-2023-gato-cajuru-foto-cpfl-divulgacao-scaled.jpg?fit=963%2C645&ssl=1&resize=350%2C200","width":350,"height":200,"srcset":"https:\/\/i0.wp.com\/ismaelcolosi.com.br\/wp-content\/uploads\/2023\/12\/00-14-dez-2023-gato-cajuru-foto-cpfl-divulgacao-scaled.jpg?fit=963%2C645&ssl=1&resize=350%2C200 1x, https:\/\/i0.wp.com\/ismaelcolosi.com.br\/wp-content\/uploads\/2023\/12\/00-14-dez-2023-gato-cajuru-foto-cpfl-divulgacao-scaled.jpg?fit=963%2C645&ssl=1&resize=525%2C300 1.5x, https:\/\/i0.wp.com\/ismaelcolosi.com.br\/wp-content\/uploads\/2023\/12\/00-14-dez-2023-gato-cajuru-foto-cpfl-divulgacao-scaled.jpg?fit=963%2C645&ssl=1&resize=700%2C400 2x"},"classes":[]},{"id":16887,"url":"https:\/\/ismaelcolosi.com.br\/index.php\/2023\/12\/16\/fiacao-solta-vai-dar-multa-em-rp\/","url_meta":{"origin":16773,"position":2},"title":"Fia\u00e7\u00e3o solta vai\u00a0dar multa em RP \u00a0","author":"ismaelcolosi.com.br","date":"16 de December de 2023","format":false,"excerpt":"16 de dezembro de 2023 | 17:0016 de dezembro de 2023 | 12:52 0Em junho do ano passado, o prefeito Duarte Nogueira (PSDB) criou uma comiss\u00e3o para analisar a situa\u00e7\u00e3o de cabos instalados nos postes de ilumina\u00e7\u00e3o p\u00fablica e da rede el\u00e9trica de Ribeir\u00e3o Preto. O objetivo \u00e9 eliminar os\u2026","rel":"","context":"In &quot;Not\u00edcias de Ribeir\u00e3o Preto-SP e Regi\u00e3o&quot;","block_context":{"text":"Not\u00edcias de Ribeir\u00e3o Preto-SP e Regi\u00e3o","link":"https:\/\/ismaelcolosi.com.br\/index.php\/category\/noticias-de-ribeirao-preto-sp-e-regiao-ismael-colosi\/"},"img":{"alt_text":"","src":"https:\/\/i0.wp.com\/ismaelcolosi.com.br\/wp-content\/uploads\/2023\/12\/FiacaoRP-Alfredo-Risk-scaled.jpg?fit=967%2C645&ssl=1&resize=350%2C200","width":350,"height":200,"srcset":"https:\/\/i0.wp.com\/ismaelcolosi.com.br\/wp-content\/uploads\/2023\/12\/FiacaoRP-Alfredo-Risk-scaled.jpg?fit=967%2C645&ssl=1&resize=350%2C200 1x, https:\/\/i0.wp.com\/ismaelcolosi.com.br\/wp-content\/uploads\/2023\/12\/FiacaoRP-Alfredo-Risk-scaled.jpg?fit=967%2C645&ssl=1&resize=525%2C300 1.5x, https:\/\/i0.wp.com\/ismaelcolosi.com.br\/wp-content\/uploads\/2023\/12\/FiacaoRP-Alfredo-Risk-scaled.jpg?fit=967%2C645&ssl=1&resize=700%2C400 2x"},"classes":[]},{"id":12773,"url":"https:\/\/ismaelcolosi.com.br\/index.php\/2023\/12\/08\/cpfl-abre-inscricoes-para-curso-gratuito-em-ribeirao-preto-veja-como-participar\/","url_meta":{"origin":16773,"position":3},"title":"CPFL abre inscri\u00e7\u00f5es para curso gratuito em Ribeir\u00e3o Preto; Veja como participar","author":"ismaelcolosi.com.br","date":"8 de December de 2023","format":false,"excerpt":"A CPFL (Companhia Paulista de For\u00e7a e Luz) est\u00e1 com inscri\u00e7\u00f5es abertas, para uma nova turma mista da Escola de Eletricistas de Rede de Distribui\u00e7\u00e3o El\u00e9trica, para moradores de Ribeir\u00e3o Preto e regi\u00e3o. A capacita\u00e7\u00e3o \u00e9 totalmente gratuita e faz parte de uma parceria com o Senai. Residentes de Bebedouro,\u2026","rel":"","context":"In &quot;Not\u00edcias de Ribeir\u00e3o Preto-SP e Regi\u00e3o&quot;","block_context":{"text":"Not\u00edcias de Ribeir\u00e3o Preto-SP e Regi\u00e3o","link":"https:\/\/ismaelcolosi.com.br\/index.php\/category\/noticias-de-ribeirao-preto-sp-e-regiao-ismael-colosi\/"},"img":{"alt_text":"","src":"https:\/\/i0.wp.com\/ismaelcolosi.com.br\/wp-content\/uploads\/2023\/12\/tecnico-eletricista.jpg?fit=1200%2C800&ssl=1&resize=350%2C200","width":350,"height":200,"srcset":"https:\/\/i0.wp.com\/ismaelcolosi.com.br\/wp-content\/uploads\/2023\/12\/tecnico-eletricista.jpg?fit=1200%2C800&ssl=1&resize=350%2C200 1x, https:\/\/i0.wp.com\/ismaelcolosi.com.br\/wp-content\/uploads\/2023\/12\/tecnico-eletricista.jpg?fit=1200%2C800&ssl=1&resize=525%2C300 1.5x, https:\/\/i0.wp.com\/ismaelcolosi.com.br\/wp-content\/uploads\/2023\/12\/tecnico-eletricista.jpg?fit=1200%2C800&ssl=1&resize=700%2C400 2x, https:\/\/i0.wp.com\/ismaelcolosi.com.br\/wp-content\/uploads\/2023\/12\/tecnico-eletricista.jpg?fit=1200%2C800&ssl=1&resize=1050%2C600 3x"},"classes":[]},{"id":39108,"url":"https:\/\/ismaelcolosi.com.br\/index.php\/2024\/02\/23\/video-moradores-reclamam-de-transtornos-e-prejuizo-apos-fogo-em-poste-na-zona-sul\/","url_meta":{"origin":16773,"position":4},"title":"V\u00cdDEO &#8211; Moradores reclamam de transtornos e preju\u00edzo ap\u00f3s fogo em poste na zona Sul","author":"ismaelcolosi.com.br","date":"23 de February de 2024","format":false,"excerpt":"Transformador el\u00e9trico em chamas teve fio solto, caindo sobre caminh\u00e3o que descarregava bebidas; ningu\u00e9m ficou ferido 23 de fevereiro de 2024 | 12:3123 de fevereiro de 2024 | 12:43 2Por: Adalberto LuqueUm inc\u00eandio ocorrido no transformador el\u00e9trico instalado no alto de um poste, na Rua Humait\u00e1, quase esquina com Avenida\u2026","rel":"","context":"In &quot;Not\u00edcias de Ribeir\u00e3o Preto-SP e Regi\u00e3o&quot;","block_context":{"text":"Not\u00edcias de Ribeir\u00e3o Preto-SP e Regi\u00e3o","link":"https:\/\/ismaelcolosi.com.br\/index.php\/category\/noticias-de-ribeirao-preto-sp-e-regiao-ismael-colosi\/"},"img":{"alt_text":"","src":"https:\/\/i0.wp.com\/ismaelcolosi.com.br\/wp-content\/uploads\/2024\/02\/00-23-fev-2024-incendio-poste-00-foto-adriana-sousa.jpg?fit=517%2C645&ssl=1&resize=350%2C200","width":350,"height":200},"classes":[]},{"id":11681,"url":"https:\/\/ismaelcolosi.com.br\/index.php\/2023\/12\/06\/alerta-homem-com-roupa-da-cpfl-da-golpe-em-idosos-em-ribeirao-preto\/","url_meta":{"origin":16773,"position":5},"title":"Alerta! Homem com roupa da CPFL d\u00e1 golpe em idosos de Ribeir\u00e3o Preto","author":"ismaelcolosi.com.br","date":"6 de December de 2023","format":false,"excerpt":"Um homem com roupa parecida de t\u00e9cnicos da CPFL est\u00e1 dando golpes em idosos de Ribeir\u00e3o Preto. Pelo menos, dois casos foram registrados na CPJ (Central de Pol\u00edcia Judici\u00e1ria) na \u00faltima ter\u00e7a-feira (5), com diferen\u00e7a de apenas uma hora. O primeiro caso aconteceu na rua Iguape, no Jardim Paulista, por\u2026","rel":"","context":"In &quot;Not\u00edcias de Ribeir\u00e3o Preto-SP e Regi\u00e3o&quot;","block_context":{"text":"Not\u00edcias de Ribeir\u00e3o Preto-SP e Regi\u00e3o","link":"https:\/\/ismaelcolosi.com.br\/index.php\/category\/noticias-de-ribeirao-preto-sp-e-regiao-ismael-colosi\/"},"img":{"alt_text":"","src":"https:\/\/i0.wp.com\/ismaelcolosi.com.br\/wp-content\/uploads\/2023\/12\/golpe-cpfl.jpg?fit=1200%2C671&ssl=1&resize=350%2C200","width":350,"height":200,"srcset":"https:\/\/i0.wp.com\/ismaelcolosi.com.br\/wp-content\/uploads\/2023\/12\/golpe-cpfl.jpg?fit=1200%2C671&ssl=1&resize=350%2C200 1x, https:\/\/i0.wp.com\/ismaelcolosi.com.br\/wp-content\/uploads\/2023\/12\/golpe-cpfl.jpg?fit=1200%2C671&ssl=1&resize=525%2C300 1.5x, https:\/\/i0.wp.com\/ismaelcolosi.com.br\/wp-content\/uploads\/2023\/12\/golpe-cpfl.jpg?fit=1200%2C671&ssl=1&resize=700%2C400 2x, https:\/\/i0.wp.com\/ismaelcolosi.com.br\/wp-content\/uploads\/2023\/12\/golpe-cpfl.jpg?fit=1200%2C671&ssl=1&resize=1050%2C600 3x"},"classes":[]}],"jetpack_sharing_enabled":true,"jetpack_shortlink":"https:\/\/wp.me\/pfMlyK-4mx","_links":{"self":[{"href":"https:\/\/ismaelcolosi.com.br\/index.php\/wp-json\/wp\/v2\/posts\/16773","targetHints":{"allow":["GET"]}}],"collection":[{"href":"https:\/\/ismaelcolosi.com.br\/index.php\/wp-json\/wp\/v2\/posts"}],"about":[{"href":"https:\/\/ismaelcolosi.com.br\/index.php\/wp-json\/wp\/v2\/types\/post"}],"author":[{"embeddable":true,"href":"https:\/\/ismaelcolosi.com.br\/index.php\/wp-json\/wp\/v2\/users\/1"}],"replies":[{"embeddable":true,"href":"https:\/\/ismaelcolosi.com.br\/index.php\/wp-json\/wp\/v2\/comments?post=16773"}],"version-history":[{"count":0,"href":"https:\/\/ismaelcolosi.com.br\/index.php\/wp-json\/wp\/v2\/posts\/16773\/revisions"}],"wp:featuredmedia":[{"embeddable":true,"href":"https:\/\/ismaelcolosi.com.br\/index.php\/wp-json\/wp\/v2\/media\/16774"}],"wp:attachment":[{"href":"https:\/\/ismaelcolosi.com.br\/index.php\/wp-json\/wp\/v2\/media?parent=16773"}],"wp:term":[{"taxonomy":"category","embeddable":true,"href":"https:\/\/ismaelcolosi.com.br\/index.php\/wp-json\/wp\/v2\/categories?post=16773"},{"taxonomy":"post_tag","embeddable":true,"href":"https:\/\/ismaelcolosi.com.br\/index.php\/wp-json\/wp\/v2\/tags?post=16773"}],"curies":[{"name":"wp","href":"https:\/\/api.w.org\/{rel}","templated":true}]}}