{"id":16709,"date":"2023-12-16T08:29:56","date_gmt":"2023-12-16T11:29:56","guid":{"rendered":"https:\/\/ismaelcolosi.com.br\/index.php\/2023\/12\/16\/brasil-2023-crescimento-economico-e-reducao-das-desigualdades\/"},"modified":"2023-12-16T08:29:56","modified_gmt":"2023-12-16T11:29:56","slug":"brasil-2023-crescimento-economico-e-reducao-das-desigualdades","status":"publish","type":"post","link":"https:\/\/ismaelcolosi.com.br\/index.php\/2023\/12\/16\/brasil-2023-crescimento-economico-e-reducao-das-desigualdades\/","title":{"rendered":"Brasil 2023: crescimento econ\u00f4mico e redu\u00e7\u00e3o das desigualdades\u00a0"},"content":{"rendered":"<p> <br \/>\n<\/p>\n<div id=\"\">\n<p> <span class=\"entry-meta-item penci-posted-on\"><i class=\"fa fa-clock-o\"\/><time class=\"entry-date published\" datetime=\"2023-12-16T08:20:36-03:00\">16 de dezembro de 2023 | 8:20<\/time><time class=\"updated\" datetime=\"2023-12-15T18:47:07-03:00\">15 de dezembro de 2023 | 18:47<\/time><\/span><\/p>\n<p> <span class=\"penci-social-buttons penci-social-share-footer\"><a href=\"#\" class=\"penci-post-like penci_post-meta_item  single-like-button penci-social-item like\" data-post_id=\"367495\" title=\"Like\" data-like=\"Like\" data-unlike=\"Unlike\"><i class=\"fa fa-thumbs-o-up\"\/><span class=\"penci-share-number\">0<\/span><\/a><i class=\"fa fa-facebook\"\/><a class=\"penci-social-item twitter\" target=\"_blank\" rel=\"noopener\" title=\"\" href=\"https:\/\/twitter.com\/intent\/tweet?text=Brasil%202023:%20crescimento%20econ\u00f4mico%20e%20redu\u00e7\u00e3o%20das%20desigualdades\u00a0%20-%20https:\/\/www.tribunaribeirao.com.br\/site\/brasil-2023-crescimento-economico-e-reducao-das-desigualdades\/\"><i class=\"fa fa-twitter\"\/><\/a><i class=\"fa fa-whatsapp\"\/><\/span><\/div>\n<div>\n<p><b><i><span data-contrast=\"none\">Alexandre Padilha<\/span><\/i><\/b><\/p><div class='code-block code-block-8' style='margin: 8px auto; text-align: center; display: block; clear: both;'>\n<script>\n  atOptions = {\n    'key' : '66e2e2111ca34da796271819fc334058',\n    'format' : 'iframe',\n    'height' : 250,\n    'width' : 300,\n    'params' : {}\n  };\n<\/script>\n<script src=\"https:\/\/www.highperformanceformat.com\/66e2e2111ca34da796271819fc334058\/invoke.js\"><\/script>\n<\/div>\n\n<p><span data-contrast=\"auto\">Estamos terminando o ano de 2023 superando as expectativas de muitos analistas que semearam o pessimismo nas metas de crescimento do pa\u00eds. Este ser\u00e1 o primeiro ano, depois de sete, em que tr\u00eas coisas est\u00e3o acontecendo no Brasil simultaneamente: crescimento econ\u00f4mico de 3%, infla\u00e7\u00e3o controlada e redu\u00e7\u00e3o do desemprego a um patamar abaixo de 8%.<\/span><\/p>\n<p><span data-contrast=\"auto\">Essas s\u00e3o conquistas fundamentais para propiciar o desenvolvimento econ\u00f4mico e social de qualquer pa\u00eds, mas que andavam em falta no Brasil dos \u00faltimos anos.<\/span><\/p>\n<p><span data-contrast=\"auto\">Tais conquistas s\u00e3o resultado do esfor\u00e7o do governo e do Congresso Nacional, para assegurar or\u00e7amento p\u00fablico com equil\u00edbrio econ\u00f4mico, com justi\u00e7a tribut\u00e1ria e com aumento da arrecada\u00e7\u00e3o. \u00c9 muito importante destacar que esse cen\u00e1rio se d\u00e1 pela retomada de uma pol\u00edtica econ\u00f4mica e social de credibilidade e pelo restabelecimento do di\u00e1logo entre as institui\u00e7\u00f5es e pela recupera\u00e7\u00e3o.<\/span><\/p>\n<p><span data-contrast=\"auto\">O pacto pela uni\u00e3o e reconstru\u00e7\u00e3o do pa\u00eds, consolidado entre governo e Congresso Nacional, estados e munic\u00edpios, possibilitou vit\u00f3rias importantes para a reaquecer a economia e o emprego. <\/span><\/p>\n<p><span data-contrast=\"auto\">Em menos de um ano, aprovamos o novo Marco Fiscal, estabelecemos medidas de combate \u00e0 sonega\u00e7\u00e3o, como o voto de qualidade do Conselho Administrativo de Recursos Fiscais (CARF), implantamos a taxa\u00e7\u00e3o das apostas eletr\u00f4nicas e dos fundos dos super-ricos e recriamos todos os programas sociais que asseguram o desenvolvimento do pa\u00eds.<\/span><\/p>\n<p><span data-contrast=\"auto\">Neste primeiro ano, o governo, em di\u00e1logo com Congresso, conseguiu coordenar a pauta legislativa e obteve sucesso na agenda que prop\u00f4s. Dos projetos de lei enviados ao Poder Legislativo, o governo Lula 3 tem uma taxa de sucesso para o primeiro ano melhor do que o de seus antecessores, abaixo apenas de Lula 1 e 2. Ao mesmo tempo, tivemos taxa de aprova\u00e7\u00e3o de 90% das medidas provis\u00f3rias apresentadas \u2013 as \u00fanicas altera\u00e7\u00f5es feitas foram de natureza administrativa quanto ao funcionamento do COAF e da Funasa, sem preju\u00edzo \u00e0s pol\u00edticas p\u00fablicas federais.<\/span><\/p>\n<p><span data-contrast=\"auto\">Boa parte desses debates foi feito em parceria com a sociedade civil, atrav\u00e9s do Conselho de Desenvolvimento Econ\u00f4mico Social Sustent\u00e1vel (CDESS), colegiado que re\u00fane diferentes setores da sociedade para assessorar a Presid\u00eancia da Rep\u00fablica na formula\u00e7\u00e3o de pol\u00edticas p\u00fablicas. Na segunda reuni\u00e3o plen\u00e1ria do CDESS, conselheiros e conselheiras apresentaram recomenda\u00e7\u00f5es ao presidente Lula, formuladas ap\u00f3s meses de debate sobre quest\u00f5es cruciais para o Brasil de hoje, como acesso ao cr\u00e9dito, transi\u00e7\u00e3o energ\u00e9tica e redu\u00e7\u00e3o das desigualdades.<\/span><\/p>\n<p><span data-contrast=\"auto\">Nesta reta final de 2023, estamos confiantes de que o Congresso dar\u00e1 mais essa resposta positiva \u00e0 sociedade, concluindo a vota\u00e7\u00e3o de mat\u00e9rias fundamentais, como a promulga\u00e7\u00e3o da Reforma Tribut\u00e1ria, a regulamenta\u00e7\u00e3o das apostas esportivas, al\u00e9m da aprova\u00e7\u00e3o da LDO, da Medida Provis\u00f3ria 1158 da subven\u00e7\u00e3o do Imposto sobre Circula\u00e7\u00e3o de Mercadorias e Presta\u00e7\u00e3o de Servi\u00e7os (ICMS), que vai arrecadar cerca de R$ 35 milh\u00f5es para o or\u00e7amento da Uni\u00e3o.<\/span><\/p>\n<p><span data-contrast=\"auto\">Nossas pautas priorit\u00e1rias possibilitaram o aumento do Produto Interno Bruto (PIB), que deve encerrar o ano em 3% de expans\u00e3o. O Desenrola retirou fam\u00edlias de d\u00edvidas, tivemos aumento do sal\u00e1rio m\u00ednimo acima da infla\u00e7\u00e3o, aprovamos a igualdade salarial das mulheres, retomamos o Bolsa Fam\u00edlia, do Minha Casa Minha Vida e recriamos o Novo PAC. Temos um projeto de pa\u00eds e, nele, a prioridade \u00e9 colocar o povo brasileiro no or\u00e7amento.<\/span><\/p>\n<p><b><i><span data-contrast=\"none\">* M\u00e9dico, professor universit\u00e1rio, Ministro das Rela\u00e7\u00f5es Institucionais da Presid\u00eancia da Rep\u00fablica e deputado federal licenciado (PT\/SP)<\/span><\/i><\/b><span data-ccp-props=\"{&quot;201341983&quot;:0,&quot;335559739&quot;:200,&quot;335559740&quot;:276}\">\u00a0<\/span><\/p>\n<p><span data-ccp-props=\"{&quot;201341983&quot;:0,&quot;335559739&quot;:200,&quot;335559740&quot;:276}\">\u00a0<\/span><\/p>\n<p><span data-ccp-props=\"{&quot;201341983&quot;:0,&quot;335559739&quot;:200,&quot;335559740&quot;:276}\">\u00a0<\/span><\/p>\n<p><span data-ccp-props=\"{&quot;201341983&quot;:0,&quot;335559739&quot;:200,&quot;335559740&quot;:276}\">\u00a0<\/span><\/p>\n<p><span data-ccp-props=\"{&quot;201341983&quot;:0,&quot;335559739&quot;:200,&quot;335559740&quot;:276}\">\u00a0<\/span><\/p>\n<p><span data-ccp-props=\"{&quot;201341983&quot;:0,&quot;335559739&quot;:200,&quot;335559740&quot;:276}\">\u00a0<\/span><\/p>\n<p><span data-ccp-props=\"{&quot;201341983&quot;:0,&quot;335559739&quot;:200,&quot;335559740&quot;:276}\">\u00a0<\/span><\/p>\n<p><span data-ccp-props=\"{&quot;201341983&quot;:0,&quot;335559739&quot;:200,&quot;335559740&quot;:276}\">\u00a0<\/span><\/p>\n<\/div>\n<p><script async src=\"\/\/platform.twitter.com\/widgets.js\" charset=\"utf-8\"><\/script><br \/>\n<br \/><br \/>\n<br \/><a href=\"https:\/\/www.tribunaribeirao.com.br\/site\/brasil-2023-crescimento-economico-e-reducao-das-desigualdades\/\">Source link <\/a><\/p>\n<div class='code-block code-block-4' style='margin: 8px auto 8px 0; text-align: left; display: block; clear: both;'>\n\ud83d\udce2 Aviso Legal\n\nO site ismaelcolosi.com.br atua apenas como um canal de divulga\u00e7\u00e3o de oportunidades de emprego e n\u00e3o se responsabiliza pelo processo seletivo, contrata\u00e7\u00e3o ou qualquer outra etapa relacionada \u00e0s vagas publicadas. Todas as informa\u00e7\u00f5es s\u00e3o de responsabilidade dos anunciantes.\n\n\u26a0\ufe0f Aten\u00e7\u00e3o! Nunca pague por promessas de emprego nem compre cursos que garantam contrata\u00e7\u00e3o. Desconfie de qualquer cobran\u00e7a para participar de sele\u00e7\u00f5es.\n\n\n\n<\/div>\n<!-- CONTENT END 1 -->\n","protected":false},"excerpt":{"rendered":"<p>16 de dezembro de 2023 | 8:2015 de dezembro de 2023 | 18:47 0 Alexandre Padilha Estamos terminando o ano de 2023 superando as expectativas&#8230;<\/p>\n","protected":false},"author":1,"featured_media":16710,"comment_status":"open","ping_status":"open","sticky":false,"template":"","format":"standard","meta":{"_uag_custom_page_level_css":"","advanced_seo_description":"","jetpack_seo_html_title":"","jetpack_seo_noindex":false,"jetpack_post_was_ever_published":false,"_jetpack_newsletter_access":"","_jetpack_dont_email_post_to_subs":false,"_jetpack_newsletter_tier_id":0,"_jetpack_memberships_contains_paywalled_content":false,"_jetpack_memberships_contains_paid_content":false,"footnotes":"","jetpack_publicize_message":"","jetpack_publicize_feature_enabled":true,"jetpack_social_post_already_shared":true,"jetpack_social_options":{"image_generator_settings":{"template":"highway","default_image_id":0,"font":"","enabled":false},"version":2}},"categories":[11],"tags":[137,101,429,2257,2256,29],"class_list":["post-16709","post","type-post","status-publish","format-standard","has-post-thumbnail","hentry","category-noticias-de-ribeirao-preto-sp-e-regiao-ismael-colosi","tag-brasil","tag-crescimento","tag-das","tag-desigualdades","tag-economico","tag-reducao"],"jetpack_publicize_connections":[],"jetpack_featured_media_url":"https:\/\/i0.wp.com\/ismaelcolosi.com.br\/wp-content\/uploads\/2023\/12\/padilha.jpg?fit=354%2C472&ssl=1","uagb_featured_image_src":{"full":["https:\/\/i0.wp.com\/ismaelcolosi.com.br\/wp-content\/uploads\/2023\/12\/padilha.jpg?fit=354%2C472&ssl=1",354,472,false],"thumbnail":["https:\/\/i0.wp.com\/ismaelcolosi.com.br\/wp-content\/uploads\/2023\/12\/padilha.jpg?resize=150%2C150&ssl=1",150,150,true],"medium":["https:\/\/i0.wp.com\/ismaelcolosi.com.br\/wp-content\/uploads\/2023\/12\/padilha.jpg?fit=225%2C300&ssl=1",225,300,true],"medium_large":["https:\/\/i0.wp.com\/ismaelcolosi.com.br\/wp-content\/uploads\/2023\/12\/padilha.jpg?fit=354%2C472&ssl=1",354,472,true],"large":["https:\/\/i0.wp.com\/ismaelcolosi.com.br\/wp-content\/uploads\/2023\/12\/padilha.jpg?fit=354%2C472&ssl=1",354,472,true],"1536x1536":["https:\/\/i0.wp.com\/ismaelcolosi.com.br\/wp-content\/uploads\/2023\/12\/padilha.jpg?fit=354%2C472&ssl=1",354,472,true],"2048x2048":["https:\/\/i0.wp.com\/ismaelcolosi.com.br\/wp-content\/uploads\/2023\/12\/padilha.jpg?fit=354%2C472&ssl=1",354,472,true],"really-simple-thumb":["https:\/\/i0.wp.com\/ismaelcolosi.com.br\/wp-content\/uploads\/2023\/12\/padilha.jpg?resize=354%2C247&ssl=1",354,247,true]},"uagb_author_info":{"display_name":"ismaelcolosi.com.br","author_link":"https:\/\/ismaelcolosi.com.br\/index.php\/author\/vidareal-online\/"},"uagb_comment_info":0,"uagb_excerpt":"16 de dezembro de 2023 | 8:2015 de dezembro de 2023 | 18:47 0 Alexandre Padilha Estamos terminando o ano de 2023 superando as expectativas...","jetpack-related-posts":[{"id":64185,"url":"https:\/\/ismaelcolosi.com.br\/index.php\/2024\/09\/06\/reducao-do-endividamento-familiar-no-brasil-uma-analise-do-segundo-mes-consecutivo-de-queda\/","url_meta":{"origin":16709,"position":0},"title":"Redu\u00e7\u00e3o do Endividamento Familiar no Brasil: Uma An\u00e1lise do Segundo M\u00eas Consecutivo de Queda","author":"ismaelcolosi.com.br","date":"6 de September de 2024","format":false,"excerpt":"A Pesquisa de Endividamento e Inadimpl\u00eancia do Consumidor (Peic), realizada mensalmente pela Confedera\u00e7\u00e3o Nacional do Com\u00e9rcio de Bens, Servi\u00e7os e Turismo (CNC), registrou uma queda no endividamento das fam\u00edlias brasileiras pelo segundo m\u00eas consecutivo. Em agosto de 2024, o percentual de fam\u00edlias com d\u00edvidas a vencer diminuiu para 78%, uma\u2026","rel":"","context":"In &quot;Not\u00edcias de Ribeir\u00e3o Preto-SP e Regi\u00e3o&quot;","block_context":{"text":"Not\u00edcias de Ribeir\u00e3o Preto-SP e Regi\u00e3o","link":"https:\/\/ismaelcolosi.com.br\/index.php\/category\/noticias-de-ribeirao-preto-sp-e-regiao-ismael-colosi\/"},"img":{"alt_text":"","src":"","width":0,"height":0},"classes":[]},{"id":9620,"url":"https:\/\/ismaelcolosi.com.br\/index.php\/2023\/12\/02\/cop28-lula-cobra-respeito-a-acordos-climaticos\/","url_meta":{"origin":16709,"position":1},"title":"COP28: Lula cobra respeito a acordos clim\u00e1ticos \u00a0","author":"ismaelcolosi.com.br","date":"2 de December de 2023","format":false,"excerpt":"2 de dezembro de 2023 | 13:002 de dezembro de 2023 | 11:56 0Em seu primeiro discurso na abertura da Confer\u00eancia das Na\u00e7\u00f5es Unidas sobre Mudan\u00e7as Clim\u00e1ticas (COP28), em Dubai, o presidente Luiz In\u00e1cio Lula da Silva disse nesta sexta-feira, 1\u00ba de dezembro, que o planeta est\u00e1 farto de acordos\u2026","rel":"","context":"In &quot;Not\u00edcias de Ribeir\u00e3o Preto-SP e Regi\u00e3o&quot;","block_context":{"text":"Not\u00edcias de Ribeir\u00e3o Preto-SP e Regi\u00e3o","link":"https:\/\/ismaelcolosi.com.br\/index.php\/category\/noticias-de-ribeirao-preto-sp-e-regiao-ismael-colosi\/"},"img":{"alt_text":"","src":"https:\/\/i0.wp.com\/ismaelcolosi.com.br\/wp-content\/uploads\/2023\/12\/Lula-scaled.jpg?fit=974%2C645&ssl=1&resize=350%2C200","width":350,"height":200,"srcset":"https:\/\/i0.wp.com\/ismaelcolosi.com.br\/wp-content\/uploads\/2023\/12\/Lula-scaled.jpg?fit=974%2C645&ssl=1&resize=350%2C200 1x, https:\/\/i0.wp.com\/ismaelcolosi.com.br\/wp-content\/uploads\/2023\/12\/Lula-scaled.jpg?fit=974%2C645&ssl=1&resize=525%2C300 1.5x, https:\/\/i0.wp.com\/ismaelcolosi.com.br\/wp-content\/uploads\/2023\/12\/Lula-scaled.jpg?fit=974%2C645&ssl=1&resize=700%2C400 2x"},"classes":[]},{"id":15404,"url":"https:\/\/ismaelcolosi.com.br\/index.php\/2023\/12\/13\/comissao-aprova-reducao-de-jornada\/","url_meta":{"origin":16709,"position":2},"title":"Comiss\u00e3o aprova redu\u00e7\u00e3o de jornada \u00a0","author":"ismaelcolosi.com.br","date":"13 de December de 2023","format":false,"excerpt":"13 de dezembro de 2023 | 17:0013 de dezembro de 2023 | 9:55 0A Comiss\u00e3o de Assuntos Sociais (CAS) do Senado aprovou, nesta ter\u00e7a-feira (12), por dez votos contra dois, projeto de lei que permite a redu\u00e7\u00e3o da jornada de trabalho sem diminuir o sal\u00e1rio do trabalhador. A proposta, por\u00e9m,\u2026","rel":"","context":"In &quot;Not\u00edcias de Ribeir\u00e3o Preto-SP e Regi\u00e3o&quot;","block_context":{"text":"Not\u00edcias de Ribeir\u00e3o Preto-SP e Regi\u00e3o","link":"https:\/\/ismaelcolosi.com.br\/index.php\/category\/noticias-de-ribeirao-preto-sp-e-regiao-ismael-colosi\/"},"img":{"alt_text":"","src":"https:\/\/i0.wp.com\/ismaelcolosi.com.br\/wp-content\/uploads\/2023\/12\/paulo-paim-scaled.jpg?fit=1000%2C604&ssl=1&resize=350%2C200","width":350,"height":200,"srcset":"https:\/\/i0.wp.com\/ismaelcolosi.com.br\/wp-content\/uploads\/2023\/12\/paulo-paim-scaled.jpg?fit=1000%2C604&ssl=1&resize=350%2C200 1x, https:\/\/i0.wp.com\/ismaelcolosi.com.br\/wp-content\/uploads\/2023\/12\/paulo-paim-scaled.jpg?fit=1000%2C604&ssl=1&resize=525%2C300 1.5x, https:\/\/i0.wp.com\/ismaelcolosi.com.br\/wp-content\/uploads\/2023\/12\/paulo-paim-scaled.jpg?fit=1000%2C604&ssl=1&resize=700%2C400 2x"},"classes":[]},{"id":73177,"url":"https:\/\/ismaelcolosi.com.br\/index.php\/2024\/10\/25\/banco-mundial-recomenda-imposto-sobre-produtos-nocivos-a-saude-no-brasil-para-reduzir-doencas-cronicas\/","url_meta":{"origin":16709,"position":3},"title":"Banco Mundial Recomenda Imposto sobre Produtos Nocivos \u00e0 Sa\u00fade no Brasil para Reduzir Doen\u00e7as Cr\u00f4nicas","author":"ismaelcolosi.com.br","date":"25 de October de 2024","format":false,"excerpt":"O Banco Mundial recomendou recentemente que o Brasil adote impostos sobre produtos considerados prejudiciais \u00e0 sa\u00fade, como alimentos ultraprocessados, bebidas a\u00e7ucaradas e tabaco, com o objetivo de desestimular o consumo desses itens e gerar recursos adicionais para o sistema de sa\u00fade. A medida, j\u00e1 implementada em diversos pa\u00edses, como o\u2026","rel":"","context":"In &quot;Not\u00edcias de Ribeir\u00e3o Preto-SP e Regi\u00e3o&quot;","block_context":{"text":"Not\u00edcias de Ribeir\u00e3o Preto-SP e Regi\u00e3o","link":"https:\/\/ismaelcolosi.com.br\/index.php\/category\/noticias-de-ribeirao-preto-sp-e-regiao-ismael-colosi\/"},"img":{"alt_text":"","src":"https:\/\/i0.wp.com\/ismaelcolosi.com.br\/wp-content\/uploads\/2024\/10\/smoking-1026559.webp.webp?fit=1170%2C700&ssl=1&resize=350%2C200","width":350,"height":200,"srcset":"https:\/\/i0.wp.com\/ismaelcolosi.com.br\/wp-content\/uploads\/2024\/10\/smoking-1026559.webp.webp?fit=1170%2C700&ssl=1&resize=350%2C200 1x, https:\/\/i0.wp.com\/ismaelcolosi.com.br\/wp-content\/uploads\/2024\/10\/smoking-1026559.webp.webp?fit=1170%2C700&ssl=1&resize=525%2C300 1.5x, https:\/\/i0.wp.com\/ismaelcolosi.com.br\/wp-content\/uploads\/2024\/10\/smoking-1026559.webp.webp?fit=1170%2C700&ssl=1&resize=700%2C400 2x, https:\/\/i0.wp.com\/ismaelcolosi.com.br\/wp-content\/uploads\/2024\/10\/smoking-1026559.webp.webp?fit=1170%2C700&ssl=1&resize=1050%2C600 3x"},"classes":[]},{"id":90092,"url":"https:\/\/ismaelcolosi.com.br\/index.php\/2026\/04\/29\/empresas-em-portugal-implementam-semana-de-quatro-dias-de-trabalho\/","url_meta":{"origin":16709,"position":4},"title":"Empresas em Portugal Implementam Semana de Quatro Dias de Trabalho","author":"ismaelcolosi.com.br","date":"29 de April de 2026","format":false,"excerpt":"Com o livro \u201cSexta-Feira \u00e9 o Novo S\u00e1bado\u201c, o professor de economia da Universidade de Londres, o portugu\u00eas Pedro Gomes, tem divulgado os casos de 41 empresas em Portugal que decidiram, por conta pr\u00f3pria, reduzir a escala para quatro dias de trabalho por tr\u00eas de descanso (4\u00d73). O especialista da\u2026","rel":"","context":"In &quot;Carreira e Sucesso&quot;","block_context":{"text":"Carreira e Sucesso","link":"https:\/\/ismaelcolosi.com.br\/index.php\/category\/carreira-e-sucesso-dicas-para-carreira\/"},"img":{"alt_text":"","src":"https:\/\/i0.wp.com\/ismaelcolosi.com.br\/wp-content\/uploads\/2026\/04\/portugal-semana-de-trabalho-1200x675.jpg?fit=1200%2C675&ssl=1&resize=350%2C200","width":350,"height":200,"srcset":"https:\/\/i0.wp.com\/ismaelcolosi.com.br\/wp-content\/uploads\/2026\/04\/portugal-semana-de-trabalho-1200x675.jpg?fit=1200%2C675&ssl=1&resize=350%2C200 1x, https:\/\/i0.wp.com\/ismaelcolosi.com.br\/wp-content\/uploads\/2026\/04\/portugal-semana-de-trabalho-1200x675.jpg?fit=1200%2C675&ssl=1&resize=525%2C300 1.5x, https:\/\/i0.wp.com\/ismaelcolosi.com.br\/wp-content\/uploads\/2026\/04\/portugal-semana-de-trabalho-1200x675.jpg?fit=1200%2C675&ssl=1&resize=700%2C400 2x, https:\/\/i0.wp.com\/ismaelcolosi.com.br\/wp-content\/uploads\/2026\/04\/portugal-semana-de-trabalho-1200x675.jpg?fit=1200%2C675&ssl=1&resize=1050%2C600 3x"},"classes":[]},{"id":72953,"url":"https:\/\/ismaelcolosi.com.br\/index.php\/2024\/10\/24\/capitais-do-agronegocio-no-centro-oeste-enfrentam-crescente-desafio-de-problemas-sociais\/","url_meta":{"origin":16709,"position":5},"title":"Capitais do Agroneg\u00f3cio no Centro-Oeste Enfrentam Crescente Desafio de Problemas Sociais","author":"ismaelcolosi.com.br","date":"24 de October de 2024","format":false,"excerpt":"O agroneg\u00f3cio, motor econ\u00f4mico do Centro-Oeste brasileiro, impulsiona o crescimento e a produ\u00e7\u00e3o de riquezas na regi\u00e3o. Contudo, o avan\u00e7o econ\u00f4mico dessas capitais, como Cuiab\u00e1, Campo Grande, Goi\u00e2nia e outras \u00e1reas ricas em produ\u00e7\u00e3o agr\u00edcola e pecu\u00e1ria, tem sido acompanhado por um aumento significativo de problemas sociais, gerando um contraste\u2026","rel":"","context":"In &quot;Not\u00edcias de Ribeir\u00e3o Preto-SP e Regi\u00e3o&quot;","block_context":{"text":"Not\u00edcias de Ribeir\u00e3o Preto-SP e Regi\u00e3o","link":"https:\/\/ismaelcolosi.com.br\/index.php\/category\/noticias-de-ribeirao-preto-sp-e-regiao-ismael-colosi\/"},"img":{"alt_text":"","src":"https:\/\/i0.wp.com\/ismaelcolosi.com.br\/wp-content\/uploads\/2024\/10\/agro-cg-foto-joao-garrigocmcg.webp.webp?fit=1170%2C700&ssl=1&resize=350%2C200","width":350,"height":200,"srcset":"https:\/\/i0.wp.com\/ismaelcolosi.com.br\/wp-content\/uploads\/2024\/10\/agro-cg-foto-joao-garrigocmcg.webp.webp?fit=1170%2C700&ssl=1&resize=350%2C200 1x, https:\/\/i0.wp.com\/ismaelcolosi.com.br\/wp-content\/uploads\/2024\/10\/agro-cg-foto-joao-garrigocmcg.webp.webp?fit=1170%2C700&ssl=1&resize=525%2C300 1.5x, https:\/\/i0.wp.com\/ismaelcolosi.com.br\/wp-content\/uploads\/2024\/10\/agro-cg-foto-joao-garrigocmcg.webp.webp?fit=1170%2C700&ssl=1&resize=700%2C400 2x, https:\/\/i0.wp.com\/ismaelcolosi.com.br\/wp-content\/uploads\/2024\/10\/agro-cg-foto-joao-garrigocmcg.webp.webp?fit=1170%2C700&ssl=1&resize=1050%2C600 3x"},"classes":[]}],"jetpack_sharing_enabled":true,"jetpack_shortlink":"https:\/\/wp.me\/pfMlyK-4lv","_links":{"self":[{"href":"https:\/\/ismaelcolosi.com.br\/index.php\/wp-json\/wp\/v2\/posts\/16709","targetHints":{"allow":["GET"]}}],"collection":[{"href":"https:\/\/ismaelcolosi.com.br\/index.php\/wp-json\/wp\/v2\/posts"}],"about":[{"href":"https:\/\/ismaelcolosi.com.br\/index.php\/wp-json\/wp\/v2\/types\/post"}],"author":[{"embeddable":true,"href":"https:\/\/ismaelcolosi.com.br\/index.php\/wp-json\/wp\/v2\/users\/1"}],"replies":[{"embeddable":true,"href":"https:\/\/ismaelcolosi.com.br\/index.php\/wp-json\/wp\/v2\/comments?post=16709"}],"version-history":[{"count":0,"href":"https:\/\/ismaelcolosi.com.br\/index.php\/wp-json\/wp\/v2\/posts\/16709\/revisions"}],"wp:featuredmedia":[{"embeddable":true,"href":"https:\/\/ismaelcolosi.com.br\/index.php\/wp-json\/wp\/v2\/media\/16710"}],"wp:attachment":[{"href":"https:\/\/ismaelcolosi.com.br\/index.php\/wp-json\/wp\/v2\/media?parent=16709"}],"wp:term":[{"taxonomy":"category","embeddable":true,"href":"https:\/\/ismaelcolosi.com.br\/index.php\/wp-json\/wp\/v2\/categories?post=16709"},{"taxonomy":"post_tag","embeddable":true,"href":"https:\/\/ismaelcolosi.com.br\/index.php\/wp-json\/wp\/v2\/tags?post=16709"}],"curies":[{"name":"wp","href":"https:\/\/api.w.org\/{rel}","templated":true}]}}