{"id":16503,"date":"2023-12-15T18:08:41","date_gmt":"2023-12-15T21:08:41","guid":{"rendered":"https:\/\/ismaelcolosi.com.br\/index.php\/2023\/12\/15\/conheca-os-beneficios-de-uma-das-frutas-caracteristicas-de-natal\/"},"modified":"2023-12-15T18:08:41","modified_gmt":"2023-12-15T21:08:41","slug":"conheca-os-beneficios-de-uma-das-frutas-caracteristicas-de-natal","status":"publish","type":"post","link":"https:\/\/ismaelcolosi.com.br\/index.php\/2023\/12\/15\/conheca-os-beneficios-de-uma-das-frutas-caracteristicas-de-natal\/","title":{"rendered":"conhe\u00e7a os benef\u00edcios de uma das frutas caracter\u00edsticas de Natal"},"content":{"rendered":"<p> [ad_1]<br \/>\n<\/p>\n<div itemprop=\"text\">\n<p>Final de ano e a tradicional ceia de natal se aproxima. Para encher a mesa de guloseimas, a lista das compras s\u00f3 tende a crescer. Alguns alimentos s\u00e3o quase que obrigat\u00f3rios marcarem presen\u00e7a.<\/p>\n<p>Um deles \u00e9 o damasco. Usado como enfeite, aperitivo ou protagonista em alguma receita, a fruta t\u00edpica usada nesta \u00e9poca do ano, al\u00e9m de saborosa, traz muitos benef\u00edcios.<\/p>\n<p>A frutinha apesar de pequena, \u00e9 gigante atuante na nossa sa\u00fade. Rica em pot\u00e1ssio, \u00e1cido el\u00e1gico, ferro, pectina e outros, ela tem a\u00e7\u00e3o antioxidante e \u00e9 uma forte fonte das vitaminas C e A.<\/p>\n<p>Al\u00e9m disso, tamb\u00e9m \u00e9 \u00f3tima para o cora\u00e7\u00e3o. Ela ajuda a equilibrar o colesterol. Muitos problemas cardiovasculares tem origem de um descontrole do colesterol.<\/p>\n<p>Para aqueles que acabam exagerando nas quantidades de guloseimas e acabam com aquele mal estar, o damasco ajuda no processo de digest\u00e3o por ser rico em fibras.<\/p>\n<p>O damasco tamb\u00e9m pode ter rela\u00e7\u00e3o no combate ao c\u00e2ncer.\u00a0 Por ser rico em vitamina B17, que em combina\u00e7\u00e3o com sua propriedade antioxidante, mata as c\u00e9lulas afetadas.<\/p>\n<p>Prepare o livro de receitas e abuse da imagina\u00e7\u00e3o para preparar a fruta em alguma receita de sua prefer\u00eancia. A fruta propriamente dita requer aten\u00e7\u00e3o tamb\u00e9m na quantidade, pois possui calorias.<\/p>\n<p>Geralmente, \u00e9 vendida desidratada. Mas tamb\u00e9m pode ser encontrada em forma de geleia, usada na torrada ou p\u00e3ezinhos. A fruta pode servir como boa condutora do sabor agridoce nas receitas. Aproveite!<\/p>\n<\/div>\n<p>[ad_2]<br \/>\n<br \/><a href=\"https:\/\/fnmais.com\/damasco-conheca-beneficios-frutas-caracteristicas-natal\/\" target=\"_blank\" rel=\"noopener\">Source link <\/a><\/p>\n<div class='code-block code-block-4' style='margin: 8px auto 8px 0; text-align: left; display: block; clear: both;'>\n\ud83d\udce2 Aviso Legal\n\nO site ismaelcolosi.com.br atua apenas como um canal de divulga\u00e7\u00e3o de oportunidades de emprego e n\u00e3o se responsabiliza pelo processo seletivo, contrata\u00e7\u00e3o ou qualquer outra etapa relacionada \u00e0s vagas publicadas. Todas as informa\u00e7\u00f5es s\u00e3o de responsabilidade dos anunciantes.\n\n\u26a0\ufe0f Aten\u00e7\u00e3o! Nunca pague por promessas de emprego nem compre cursos que garantam contrata\u00e7\u00e3o. Desconfie de qualquer cobran\u00e7a para participar de sele\u00e7\u00f5es.\n\n\n\n<\/div>\n<!-- CONTENT END 1 -->\n","protected":false},"excerpt":{"rendered":"<p>[ad_1] Final de ano e a tradicional ceia de natal se aproxima. Para encher a mesa de guloseimas, a lista das compras s\u00f3 tende a crescer. Alguns alimentos s\u00e3o quase que obrigat\u00f3rios marcarem presen\u00e7a. Um deles \u00e9 o damasco. Usado como enfeite, aperitivo ou protagonista em alguma receita, a fruta t\u00edpica usada nesta \u00e9poca do&hellip;&nbsp;<\/p>\n","protected":false},"author":1,"featured_media":16504,"comment_status":"open","ping_status":"open","sticky":false,"template":"","format":"standard","meta":{"_uag_custom_page_level_css":"","neve_meta_sidebar":"","neve_meta_container":"","neve_meta_enable_content_width":"","neve_meta_content_width":0,"neve_meta_title_alignment":"","neve_meta_author_avatar":"","neve_post_elements_order":"","neve_meta_disable_header":"","neve_meta_disable_footer":"","neve_meta_disable_title":"","_jetpack_newsletter_access":"","_jetpack_dont_email_post_to_subs":false,"_jetpack_newsletter_tier_id":0,"_jetpack_memberships_contains_paywalled_content":false,"_jetpack_memberships_contains_paid_content":false,"footnotes":""},"categories":[1],"tags":[],"class_list":["post-16503","post","type-post","status-publish","format-standard","has-post-thumbnail","hentry","category-blog"],"uagb_featured_image_src":{"full":["https:\/\/i0.wp.com\/ismaelcolosi.com.br\/wp-content\/uploads\/2023\/12\/postimg-657cb22dbb6d59411.jpg?fit=1200%2C628&ssl=1",1200,628,false],"thumbnail":["https:\/\/i0.wp.com\/ismaelcolosi.com.br\/wp-content\/uploads\/2023\/12\/postimg-657cb22dbb6d59411.jpg?resize=150%2C150&ssl=1",150,150,true],"medium":["https:\/\/i0.wp.com\/ismaelcolosi.com.br\/wp-content\/uploads\/2023\/12\/postimg-657cb22dbb6d59411.jpg?fit=300%2C157&ssl=1",300,157,true],"medium_large":["https:\/\/i0.wp.com\/ismaelcolosi.com.br\/wp-content\/uploads\/2023\/12\/postimg-657cb22dbb6d59411.jpg?fit=768%2C402&ssl=1",768,402,true],"large":["https:\/\/i0.wp.com\/ismaelcolosi.com.br\/wp-content\/uploads\/2023\/12\/postimg-657cb22dbb6d59411.jpg?fit=1024%2C536&ssl=1",1024,536,true],"1536x1536":["https:\/\/i0.wp.com\/ismaelcolosi.com.br\/wp-content\/uploads\/2023\/12\/postimg-657cb22dbb6d59411.jpg?fit=1200%2C628&ssl=1",1200,628,true],"2048x2048":["https:\/\/i0.wp.com\/ismaelcolosi.com.br\/wp-content\/uploads\/2023\/12\/postimg-657cb22dbb6d59411.jpg?fit=1200%2C628&ssl=1",1200,628,true],"neve-blog":["https:\/\/i0.wp.com\/ismaelcolosi.com.br\/wp-content\/uploads\/2023\/12\/postimg-657cb22dbb6d59411.jpg?resize=930%2C620&ssl=1",930,620,true]},"uagb_author_info":{"display_name":"ismaelcolosi.com.br","author_link":"https:\/\/ismaelcolosi.com.br\/author\/vidareal-online\/"},"uagb_comment_info":0,"uagb_excerpt":"[ad_1] Final de ano e a tradicional ceia de natal se aproxima. Para encher a mesa de guloseimas, a lista das compras s\u00f3 tende a crescer. Alguns alimentos s\u00e3o quase que obrigat\u00f3rios marcarem presen\u00e7a. Um deles \u00e9 o damasco. Usado como enfeite, aperitivo ou protagonista em alguma receita, a fruta t\u00edpica usada nesta \u00e9poca do&hellip;&nbsp;","jetpack-related-posts":[{"id":8671,"url":"https:\/\/ismaelcolosi.com.br\/index.php\/2023\/11\/30\/padaria-brasileira-prepara-menu-exclusivo-e-variado-para-as-ceias-de-natal-e-ano-novo\/","url_meta":{"origin":16503,"position":0},"title":"Padaria Brasileira prepara menu exclusivo e variado para as Ceias de Natal e Ano Novo","author":"ismaelcolosi.com.br","date":"30 de Novembro de 2023","format":false,"excerpt":"[ad_1] \u00c0 medida que as comemora\u00e7\u00f5es de fim de ano se aproximam, a corrida para planejar as ceias de Natal e Ano Novo ganha for\u00e7a. A Padaria Brasileira tem a solu\u00e7\u00e3o para quem busca praticidade, sabor, requinte e uma ampla variedade de op\u00e7\u00f5es de pratos. Seu card\u00e1pio completo abrange desde\u2026","rel":"","context":"In &quot;Variedades&quot;","block_context":{"text":"Variedades","link":"https:\/\/ismaelcolosi.com.br\/index.php\/category\/variedades\/"},"img":{"alt_text":"","src":"https:\/\/i0.wp.com\/ismaelcolosi.com.br\/wp-content\/uploads\/2023\/11\/dsc-5899-scaled.jpg?fit=1200%2C638&ssl=1&resize=350%2C200","width":350,"height":200,"srcset":"https:\/\/i0.wp.com\/ismaelcolosi.com.br\/wp-content\/uploads\/2023\/11\/dsc-5899-scaled.jpg?fit=1200%2C638&ssl=1&resize=350%2C200 1x, https:\/\/i0.wp.com\/ismaelcolosi.com.br\/wp-content\/uploads\/2023\/11\/dsc-5899-scaled.jpg?fit=1200%2C638&ssl=1&resize=525%2C300 1.5x, https:\/\/i0.wp.com\/ismaelcolosi.com.br\/wp-content\/uploads\/2023\/11\/dsc-5899-scaled.jpg?fit=1200%2C638&ssl=1&resize=700%2C400 2x, https:\/\/i0.wp.com\/ismaelcolosi.com.br\/wp-content\/uploads\/2023\/11\/dsc-5899-scaled.jpg?fit=1200%2C638&ssl=1&resize=1050%2C600 3x"},"classes":[]},{"id":20731,"url":"https:\/\/ismaelcolosi.com.br\/index.php\/2023\/12\/26\/entenda-motivo-de-claudia-raia-ter-chamado-atencao-com-mesa-de-natal\/","url_meta":{"origin":16503,"position":1},"title":"Entenda motivo de Cl\u00e1udia Raia ter chamado aten\u00e7\u00e3o com mesa de Natal","author":"ismaelcolosi.com.br","date":"26 de Dezembro de 2023","format":false,"excerpt":"[ad_1] Quando o assunto \u00e9 ceia de Natal, para muitas fam\u00edlias \u00e9 motivo de cometer certos exageros. A quantidade de comida chega ultrapassar a quantidade de pessoas.O farto card\u00e1pio d\u00e1 asas a imagina\u00e7\u00e3o de quem vai para a cozinha preparar as guloseimas t\u00edpicas da data que tamb\u00e9m s\u00e3o destaque no\u2026","rel":"","context":"In &quot;Blog&quot;","block_context":{"text":"Blog","link":"https:\/\/ismaelcolosi.com.br\/index.php\/category\/blog\/"},"img":{"alt_text":"","src":"https:\/\/i0.wp.com\/ismaelcolosi.com.br\/wp-content\/uploads\/2023\/12\/postimg-658ae30fa16cc9386.jpg?fit=1200%2C628&ssl=1&resize=350%2C200","width":350,"height":200,"srcset":"https:\/\/i0.wp.com\/ismaelcolosi.com.br\/wp-content\/uploads\/2023\/12\/postimg-658ae30fa16cc9386.jpg?fit=1200%2C628&ssl=1&resize=350%2C200 1x, https:\/\/i0.wp.com\/ismaelcolosi.com.br\/wp-content\/uploads\/2023\/12\/postimg-658ae30fa16cc9386.jpg?fit=1200%2C628&ssl=1&resize=525%2C300 1.5x, https:\/\/i0.wp.com\/ismaelcolosi.com.br\/wp-content\/uploads\/2023\/12\/postimg-658ae30fa16cc9386.jpg?fit=1200%2C628&ssl=1&resize=700%2C400 2x, https:\/\/i0.wp.com\/ismaelcolosi.com.br\/wp-content\/uploads\/2023\/12\/postimg-658ae30fa16cc9386.jpg?fit=1200%2C628&ssl=1&resize=1050%2C600 3x"},"classes":[]},{"id":13174,"url":"https:\/\/ismaelcolosi.com.br\/index.php\/2023\/12\/09\/dicas-indispensaveis-para-evitar-doencas-cardiacas-cancer-e-alzheimer\/","url_meta":{"origin":16503,"position":2},"title":"Dicas indispens\u00e1veis para evitar doen\u00e7as card\u00edacas, c\u00e2ncer e Alzheimer","author":"ismaelcolosi.com.br","date":"9 de Dezembro de 2023","format":false,"excerpt":"[ad_1] Cr\u00e9ditos: Getty ImagesAl\u00e9m da gen\u00e9tica, longevidade est\u00e1 relacionada aos h\u00e1bitos alimentares e estilo de vida. Confira algumas dicas para evitar doen\u00e7as\u00a0 \u2013 iStock\/Getty Imags Um estudo realizado pela Associa\u00e7\u00e3o Americana do Cora\u00e7\u00e3o (American Hear Association) avaliou a sa\u00fade de 500 g\u00eameos para entender como\u00a0dieta e estilo de vida sobrep\u00f5em\u2026","rel":"","context":"In &quot;Variedades&quot;","block_context":{"text":"Variedades","link":"https:\/\/ismaelcolosi.com.br\/index.php\/category\/variedades\/"},"img":{"alt_text":"","src":"https:\/\/i0.wp.com\/ismaelcolosi.com.br\/wp-content\/uploads\/2023\/12\/istock-1317687961.jpg?fit=1200%2C638&ssl=1&resize=350%2C200","width":350,"height":200,"srcset":"https:\/\/i0.wp.com\/ismaelcolosi.com.br\/wp-content\/uploads\/2023\/12\/istock-1317687961.jpg?fit=1200%2C638&ssl=1&resize=350%2C200 1x, https:\/\/i0.wp.com\/ismaelcolosi.com.br\/wp-content\/uploads\/2023\/12\/istock-1317687961.jpg?fit=1200%2C638&ssl=1&resize=525%2C300 1.5x, https:\/\/i0.wp.com\/ismaelcolosi.com.br\/wp-content\/uploads\/2023\/12\/istock-1317687961.jpg?fit=1200%2C638&ssl=1&resize=700%2C400 2x, https:\/\/i0.wp.com\/ismaelcolosi.com.br\/wp-content\/uploads\/2023\/12\/istock-1317687961.jpg?fit=1200%2C638&ssl=1&resize=1050%2C600 3x"},"classes":[]},{"id":18722,"url":"https:\/\/ismaelcolosi.com.br\/index.php\/2023\/12\/20\/10-paises-e-seus-doces-tipicos-de-natal\/","url_meta":{"origin":16503,"position":3},"title":"10 pa\u00edses e seus doces t\u00edpicos de Natal","author":"ismaelcolosi.com.br","date":"20 de Dezembro de 2023","format":false,"excerpt":"[ad_1] Cada viagem \u00e9 uma oportunidade de conhecer e vivenciar diferentes culturas e tradi\u00e7\u00f5es. E \u00e9 claro que uma das melhores partes \u00e9 conhecer e desfrutar da gastronomia de cada lugar, principalmente na \u00e9poca do Natal. Os pratos, al\u00e9m de considerarem ingredientes, clima, gostos, religi\u00f5es e h\u00e1bitos locais, tamb\u00e9m est\u00e3o\u2026","rel":"","context":"In &quot;Variedades&quot;","block_context":{"text":"Variedades","link":"https:\/\/ismaelcolosi.com.br\/index.php\/category\/variedades\/"},"img":{"alt_text":"","src":"https:\/\/i0.wp.com\/ismaelcolosi.com.br\/wp-content\/uploads\/2023\/12\/doces-de-natal-panetone.jpg?fit=1200%2C638&ssl=1&resize=350%2C200","width":350,"height":200,"srcset":"https:\/\/i0.wp.com\/ismaelcolosi.com.br\/wp-content\/uploads\/2023\/12\/doces-de-natal-panetone.jpg?fit=1200%2C638&ssl=1&resize=350%2C200 1x, https:\/\/i0.wp.com\/ismaelcolosi.com.br\/wp-content\/uploads\/2023\/12\/doces-de-natal-panetone.jpg?fit=1200%2C638&ssl=1&resize=525%2C300 1.5x, https:\/\/i0.wp.com\/ismaelcolosi.com.br\/wp-content\/uploads\/2023\/12\/doces-de-natal-panetone.jpg?fit=1200%2C638&ssl=1&resize=700%2C400 2x, https:\/\/i0.wp.com\/ismaelcolosi.com.br\/wp-content\/uploads\/2023\/12\/doces-de-natal-panetone.jpg?fit=1200%2C638&ssl=1&resize=1050%2C600 3x"},"classes":[]},{"id":26084,"url":"https:\/\/ismaelcolosi.com.br\/index.php\/2024\/01\/09\/irmaos-chineses-viram-bilionarios-vendendo-cha-por-us1\/","url_meta":{"origin":16503,"position":4},"title":"Irm\u00e3os chineses viram bilion\u00e1rios vendendo ch\u00e1 por US$1","author":"ismaelcolosi.com.br","date":"9 de Janeiro de 2024","format":false,"excerpt":"[ad_1] VCG NewscomOs irm\u00e3os bilion\u00e1rios \u00e0 frente da empresa t\u00eam patrim\u00f4nio l\u00edquido de cerca de US$ 1,2 bilh\u00e3o cada Quando tinha apenas 21 anos, Zhang Hongchao pediu dinheiro emprestado \u00e0 av\u00f3 para abrir uma pequena barraca que vendia guloseimas de gelo picado na cidade de Zhengzhou, no centro da China.\u2026","rel":"","context":"In &quot;Carreira e Sucesso&quot;","block_context":{"text":"Carreira e Sucesso","link":"https:\/\/ismaelcolosi.com.br\/index.php\/category\/carreira-e-sucesso-dicas-para-carreira\/"},"img":{"alt_text":"","src":"https:\/\/i0.wp.com\/ismaelcolosi.com.br\/wp-content\/uploads\/2024\/01\/mixue-bilionarios-chineses-1024x683.jpg?fit=1024%2C683&ssl=1&resize=350%2C200","width":350,"height":200,"srcset":"https:\/\/i0.wp.com\/ismaelcolosi.com.br\/wp-content\/uploads\/2024\/01\/mixue-bilionarios-chineses-1024x683.jpg?fit=1024%2C683&ssl=1&resize=350%2C200 1x, https:\/\/i0.wp.com\/ismaelcolosi.com.br\/wp-content\/uploads\/2024\/01\/mixue-bilionarios-chineses-1024x683.jpg?fit=1024%2C683&ssl=1&resize=525%2C300 1.5x, https:\/\/i0.wp.com\/ismaelcolosi.com.br\/wp-content\/uploads\/2024\/01\/mixue-bilionarios-chineses-1024x683.jpg?fit=1024%2C683&ssl=1&resize=700%2C400 2x"},"classes":[]},{"id":37230,"url":"https:\/\/ismaelcolosi.com.br\/index.php\/2024\/02\/14\/acidente-interdita-totalmente-rodovia-na-regiao-de-ribeirao-preto\/","url_meta":{"origin":16503,"position":5},"title":"Acidente interdita totalmente rodovia na regi\u00e3o de Ribeir\u00e3o Preto","author":"ismaelcolosi.com.br","date":"14 de Fevereiro de 2024","format":false,"excerpt":"[ad_1] Um acidente deixou a rodovia Anhanguera (SP-330), pr\u00f3ximo ao quil\u00f4metro 262, em S\u00e3o Sim\u00e3o, cidade na regi\u00e3o de Ribeir\u00e3o Preto, totalmente interditada. O bloqueio da pista acontece no sentido Sul. De acordo com as primeiras informa\u00e7\u00f5es da Arteris ViaPaulista, concession\u00e1ria que administra o trecho mencionado, est\u00e3o envolvidos uma van\u2026","rel":"","context":"In &quot;Not\u00edcias de Ribeir\u00e3o Preto-SP e Regi\u00e3o&quot;","block_context":{"text":"Not\u00edcias de Ribeir\u00e3o Preto-SP e Regi\u00e3o","link":"https:\/\/ismaelcolosi.com.br\/index.php\/category\/noticias-de-ribeirao-preto-sp-e-regiao-ismael-colosi\/"},"img":{"alt_text":"","src":"https:\/\/i0.wp.com\/ismaelcolosi.com.br\/wp-content\/uploads\/2024\/02\/sirene_giroflex_1024x576_11032021085239.jpg?fit=1024%2C576&ssl=1&resize=350%2C200","width":350,"height":200,"srcset":"https:\/\/i0.wp.com\/ismaelcolosi.com.br\/wp-content\/uploads\/2024\/02\/sirene_giroflex_1024x576_11032021085239.jpg?fit=1024%2C576&ssl=1&resize=350%2C200 1x, https:\/\/i0.wp.com\/ismaelcolosi.com.br\/wp-content\/uploads\/2024\/02\/sirene_giroflex_1024x576_11032021085239.jpg?fit=1024%2C576&ssl=1&resize=525%2C300 1.5x, https:\/\/i0.wp.com\/ismaelcolosi.com.br\/wp-content\/uploads\/2024\/02\/sirene_giroflex_1024x576_11032021085239.jpg?fit=1024%2C576&ssl=1&resize=700%2C400 2x"},"classes":[]}],"jetpack_sharing_enabled":true,"jetpack_shortlink":"https:\/\/wp.me\/pfMlyK-4ib","jetpack_featured_media_url":"https:\/\/i0.wp.com\/ismaelcolosi.com.br\/wp-content\/uploads\/2023\/12\/postimg-657cb22dbb6d59411.jpg?fit=1200%2C628&ssl=1","_links":{"self":[{"href":"https:\/\/ismaelcolosi.com.br\/index.php\/wp-json\/wp\/v2\/posts\/16503","targetHints":{"allow":["GET"]}}],"collection":[{"href":"https:\/\/ismaelcolosi.com.br\/index.php\/wp-json\/wp\/v2\/posts"}],"about":[{"href":"https:\/\/ismaelcolosi.com.br\/index.php\/wp-json\/wp\/v2\/types\/post"}],"author":[{"embeddable":true,"href":"https:\/\/ismaelcolosi.com.br\/index.php\/wp-json\/wp\/v2\/users\/1"}],"replies":[{"embeddable":true,"href":"https:\/\/ismaelcolosi.com.br\/index.php\/wp-json\/wp\/v2\/comments?post=16503"}],"version-history":[{"count":0,"href":"https:\/\/ismaelcolosi.com.br\/index.php\/wp-json\/wp\/v2\/posts\/16503\/revisions"}],"wp:featuredmedia":[{"embeddable":true,"href":"https:\/\/ismaelcolosi.com.br\/index.php\/wp-json\/wp\/v2\/media\/16504"}],"wp:attachment":[{"href":"https:\/\/ismaelcolosi.com.br\/index.php\/wp-json\/wp\/v2\/media?parent=16503"}],"wp:term":[{"taxonomy":"category","embeddable":true,"href":"https:\/\/ismaelcolosi.com.br\/index.php\/wp-json\/wp\/v2\/categories?post=16503"},{"taxonomy":"post_tag","embeddable":true,"href":"https:\/\/ismaelcolosi.com.br\/index.php\/wp-json\/wp\/v2\/tags?post=16503"}],"curies":[{"name":"wp","href":"https:\/\/api.w.org\/{rel}","templated":true}]}}