{"id":16501,"date":"2023-12-15T18:06:14","date_gmt":"2023-12-15T21:06:14","guid":{"rendered":"https:\/\/ismaelcolosi.com.br\/index.php\/2023\/12\/15\/conheca-a-historia-real-por-tras-do-filme-o-sequestro-do-voo-375\/"},"modified":"2023-12-15T18:06:14","modified_gmt":"2023-12-15T21:06:14","slug":"conheca-a-historia-real-por-tras-do-filme-o-sequestro-do-voo-375","status":"publish","type":"post","link":"https:\/\/ismaelcolosi.com.br\/index.php\/2023\/12\/15\/conheca-a-historia-real-por-tras-do-filme-o-sequestro-do-voo-375\/","title":{"rendered":"Conhe\u00e7a a hist\u00f3ria real por tr\u00e1s do filme \u2018O Sequestro do Voo 375\u2019"},"content":{"rendered":"<p> [ad_1]<br \/>\n<\/p>\n<div>\n<div id=\"attachment_2327670\" class=\"wp-caption alignnone\">\n<div class=\"d-flex justify-content-center\" data-attachment-id=\"2327670\">\n<div class=\"position-relative d-inline-block\"><img data-recalc-dims=\"1\" data-portal-copyright=\"Ju Chalita\/Divulga\u00e7\u00e3o\" fetchpriority=\"high\" decoding=\"async\" class=\"size-full wp-image-2327670\" src=\"https:\/\/i0.wp.com\/catracalivre.com.br\/wp-content\/uploads\/2023\/12\/fotos-catraca-2023-12-12t220012713.png?resize=1200%2C660&#038;ssl=1\" alt=\"Filme brasileiro \u201cO sequestro do voo 375\u201d estreou em 7 de dezembro nos cinemas\" width=\"1200\" height=\"660\" srcset=\"https:\/\/catracalivre.com.br\/wp-content\/uploads\/2023\/12\/fotos-catraca-2023-12-12t220012713.png 1200w, https:\/\/catracalivre.com.br\/wp-content\/uploads\/2023\/12\/fotos-catraca-2023-12-12t220012713-450x248.png 450w, https:\/\/catracalivre.com.br\/wp-content\/uploads\/2023\/12\/fotos-catraca-2023-12-12t220012713-768x422.png 768w\" sizes=\"(max-width: 1200px) 100vw, 1200px\"\/><\/p>\n<p>Cr\u00e9ditos: Ju Chalita\/Divulga\u00e7\u00e3o<\/p>\n<\/div>\n<\/div>\n<p><span class=\"post-imagem__legenda\">Filme brasileiro \u201cO sequestro do voo 375\u201d estreou em 7 de dezembro nos cinemas<\/span><\/p>\n<\/div>\n<p>O filme \u201cO sequestro do voo 375\u201d chegou aos <a href=\"https:\/\/catracalivre.com.br\/agenda\/desconto-cinesala-sp\/\" target=\"_blank\" rel=\"noopener\">cinemas<\/a> na quinta-feira, 7, e conta a hist\u00f3ria, 35 anos depois, do caso que \u00e9 conhecido como o <a href=\"https:\/\/catracalivre.com.br\/entretenimento\/voce-lembra-o-que-estava-fazendo-em-11-de-setembro-de-2001\/\" target=\"_blank\" rel=\"noopener\">11 de setembro<\/a> brasileiro.<\/p>\n<p>Com dire\u00e7\u00e3o de Marcus Baldini, o longa retrata a <a href=\"https:\/\/catracalivre.com.br\/entretenimento\/conheca-a-historia-real-por-tras-do-filme-terra-selvagem-da-netflix\/\" target=\"_blank\" rel=\"noopener\">hist\u00f3ria real<\/a> da tentativa de atentado ao Pal\u00e1cio do Planalto, especialmente ao <a href=\"https:\/\/catracalivre.com.br\/cidadania\/veja-quem-recebera-dinheiro-de-planos-sarney-e-collor-ainda-este-ano\/\" target=\"_blank\" rel=\"noopener\">Jos\u00e9 Sarney<\/a>, presidente do Brasil na \u00e9poca, que ocorreu em 1988.<\/p>\n<h2>De tratorista a sequestrador<\/h2>\n<p>Tudo come\u00e7ou em setembro, quando Raimundo Nonato Alves da Concei\u00e7\u00e3o, um maranhense de 28 anos, estava desempregado e j\u00e1 havia tentado diversas oportunidades de trabalho. Todas sem sucesso.<\/p>\n<p>Foi quando, no dia 29 de setembro de 1988, o tratorista decidiu sequestrar um avi\u00e3o da Via\u00e7\u00e3o A\u00e9rea S\u00e3o Paulo, o VASP 375.<\/p>\n<p>O objetivo era seguir em dire\u00e7\u00e3o ao Pal\u00e1cio do Planalto, sede do <a href=\"https:\/\/catracalivre.com.br\/cidadania\/lula-aprova-salario-minimo-ainda-maior-para-2024-saiba-quanto\/\" target=\"_blank\" rel=\"noopener\">Poder Executivo<\/a>, para um atentado contra Jos\u00e9 Sarney, pois Raimundo culpava o presidente pela realidade econ\u00f4mica naquela \u00e9poca, incluindo o desemprego e a situa\u00e7\u00e3o de sua fam\u00edlia.<\/p>\n<h2>O que foi o voo 375? Conhe\u00e7a o caso que inspirou o filme<\/h2>\n<p>O voo 375 sa\u00eda de Porto Velho, Rond\u00f4nia, e tinha como destino o <a href=\"https:\/\/www.instagram.com\/catracalivrerio\/\" target=\"_blank\" rel=\"noopener\">Rio de Janeiro<\/a>, com previs\u00e3o de quatro escalas: Cuiab\u00e1, Bras\u00edlia, Goi\u00e2nia e Belo Horizonte, embarcando com 98 passageiros e 6 tripulantes.<\/p>\n<p>Ap\u00f3s 20 minutos da decolagem, segundo os relatos de quem esteve no sequestro, um homem come\u00e7ou a bater na cabine onde estavam o piloto Fernando Murilo e o copiloto, Salvador Evangelista.<\/p>\n<p>O homem era Raimundo, impaciente com a situa\u00e7\u00e3o e disposto a fazer de tudo para colocar seu objetivo em pr\u00e1tica. Ele logo anunciou o sequestro e come\u00e7ou a atirar at\u00e9 que o comandante abrisse a porta da cabine. Na \u00e9poca, os aeroportos n\u00e3o tinham detector de metais, ent\u00e3o ele conseguiu embarcar com a arma calibre 32.<\/p>\n<div id=\"attachment_2327672\" class=\"wp-caption alignnone\">\n<div class=\"d-flex justify-content-center\" data-attachment-id=\"2327672\">\n<div class=\"position-relative d-inline-block\"><img data-recalc-dims=\"1\" loading=\"lazy\" data-portal-copyright=\"divulga\u00e7\u00e3o\" decoding=\"async\" class=\"size-full wp-image-2327672\" src=\"https:\/\/i0.wp.com\/catracalivre.com.br\/wp-content\/uploads\/2023\/12\/fotos-catraca-2023-12-12t215445770-e1702430164381.png?resize=1200%2C556&#038;ssl=1\" alt=\"O ator Jorge Paz interpreta Raimundo no filme\" width=\"1200\" height=\"556\" srcset=\"https:\/\/catracalivre.com.br\/wp-content\/uploads\/2023\/12\/fotos-catraca-2023-12-12t215445770-e1702430164381.png 1200w, https:\/\/catracalivre.com.br\/wp-content\/uploads\/2023\/12\/fotos-catraca-2023-12-12t215445770-e1702430164381-450x209.png 450w, https:\/\/catracalivre.com.br\/wp-content\/uploads\/2023\/12\/fotos-catraca-2023-12-12t215445770-e1702430164381-768x356.png 768w\" sizes=\"auto, (max-width: 1200px) 100vw, 1200px\"\/><\/p>\n<p>Cr\u00e9ditos: divulga\u00e7\u00e3o<\/p>\n<\/div>\n<\/div>\n<p><span class=\"post-imagem__legenda\">O ator Jorge Paz interpreta Raimundo no filme<\/span><\/p>\n<\/div>\n<p>Assim que conseguiu abrir, ele obrigou os pilotos a mudarem a rota para o Pal\u00e1cio do Planalto, a fim de colidir a aeronave contra a sede. No entanto, entre uma r\u00e1pida tentativa de contato com o controle de tr\u00e1fego a\u00e9reo, Nonato acabou assassinando o copiloto Evangelista.<\/p>\n<p>\u201cEle levou um tiro na cabe\u00e7a quando pegou o r\u00e1dio para responder a um chamado da torre de controle de Bras\u00edlia\u201d, relatou Murilo ao <a href=\"https:\/\/g1.globo.com\/11-de-setembro\/noticia\/2011\/09\/sequestrador-tentou-jogar-aviao-no-planalto-13-anos-antes-do-119.html\" target=\"_blank\" rel=\"noopener\">g1<\/a>, em 2011.<\/p>\n<h2>O grande her\u00f3i do crime que inspirou o longa<\/h2>\n<p>Tentando manter a calma ap\u00f3s a perda de seu amigo e colega de trabalho, o piloto conseguiu avisar o controle a\u00e9reo sobre a mudan\u00e7a de rota com o c\u00f3digo de sequestro.<\/p>\n<p>Enquanto isso, com uma arma apontada para sua cabe\u00e7a, disse que n\u00e3o tinha como voltar a Bras\u00edlia, pois estava sem visibilidade. Mas Nonato continuou insistindo no plano.<\/p>\n<p>Murilo tentou v\u00e1rias vezes negociar, sabendo que a aeronave estava ficando com pouco combust\u00edvel. Ele, ent\u00e3o, conseguiu executar uma manobra e causou a queda em parafuso da aeronave. Isso pr\u00f3ximo ao Aeroporto Internacional de Goi\u00e2nia.<\/p>\n<div id=\"attachment_2327676\" class=\"wp-caption alignnone\">\n<div class=\"d-flex justify-content-center\" data-attachment-id=\"2327676\">\n<div class=\"position-relative d-inline-block\"><img data-recalc-dims=\"1\" loading=\"lazy\" data-portal-copyright=\"divulga\u00e7\u00e3o\" decoding=\"async\" class=\"size-full wp-image-2327676\" src=\"https:\/\/i0.wp.com\/catracalivre.com.br\/wp-content\/uploads\/2023\/12\/fotos-catraca-2023-12-12t222142704.png?resize=1200%2C660&#038;ssl=1\" alt=\"O piloto Fernando Murilo \u00e9 vivido por Danilo Grangheia\" width=\"1200\" height=\"660\" srcset=\"https:\/\/catracalivre.com.br\/wp-content\/uploads\/2023\/12\/fotos-catraca-2023-12-12t222142704.png 1200w, https:\/\/catracalivre.com.br\/wp-content\/uploads\/2023\/12\/fotos-catraca-2023-12-12t222142704-450x248.png 450w, https:\/\/catracalivre.com.br\/wp-content\/uploads\/2023\/12\/fotos-catraca-2023-12-12t222142704-768x422.png 768w\" sizes=\"auto, (max-width: 1200px) 100vw, 1200px\"\/><\/p>\n<p>Cr\u00e9ditos: divulga\u00e7\u00e3o<\/p>\n<\/div>\n<\/div>\n<p><span class=\"post-imagem__legenda\">O piloto Fernando Murilo \u00e9 vivido por Danilo Grangheia<\/span><\/p>\n<\/div>\n<p>Logo depois do pouso, Nonato n\u00e3o desistiu e continuou amea\u00e7ando a tripula\u00e7\u00e3o para que o piloto abastecesse o avi\u00e3o e retornasse para Bras\u00edlia. Ap\u00f3s horas de negocia\u00e7\u00e3o com agentes das pol\u00edcias Civil e Federal, o sequestrador aceitou se render.<\/p>\n<p>Foi a\u00ed que o plano de Raimundo desmoronou, pois, segundo uma reportagem da BBC, apesar de ter usado o comandante como escudo, ele acabou sendo baleado na abordagem da pol\u00edcia.<\/p>\n<p>Raimundo morreu alguns dias depois no hospital. A causa da morte teria sido uma anemia falciforme.<\/p>\n<h2>Como surgiu a ideia de tornar o caso do voo 375 um filme?<\/h2>\n<p>A ideia veio do jornalista <a href=\"https:\/\/www.instagram.com\/constancio39\/\" target=\"_blank\" rel=\"noopener\">Const\u00e2ncio Viana<\/a>, que se empenhou em longas pesquisas sobre o caso com a proposta de um <a href=\"https:\/\/catracalivre.com.br\/entretenimento\/tragedia-em-escola-do-rio-vira-serie-documental-da-hbo-max\/\" target=\"_blank\" rel=\"noopener\">document\u00e1rio<\/a>. Por\u00e9m, ao procurar a produtora Joana Henning, ele foi convencido de que seu projeto poderia se tornar um filme.<\/p>\n<p>O filme \u201cO Sequestro do Voo 375\u201d \u00e9 focado nos desafios do piloto Fernando Murilo e nas manobras realizadas por ele para desestabilizar o sequestrador. Vale destacar que o longa \u00e9 uma obra de fic\u00e7\u00e3o baseada em fatos reais, ou seja, alguns fatos foram adicionados \u00e0 narrativa para dramatizar a trama.<\/p>\n<p>Assinado pela Est\u00fadio Escarlate, o longa de Marcus Baldini tem roteiro de Lusa Silvestre e Mikael de Albuquerque, com um elenco recheado de talentos, como Danilo Grangheia (Comandante Fernando Murilo), Jorge Paz (Raimundo Nonato), Cesar Mello (Salvador Evangelista), Roberta Gualda (Luzia), Juliana Alves (Cl\u00e1udia) e muito mais.<\/p>\n<p>O filme segue em cartaz nos cinemas de todo o Brasil. Abaixo, assista ao trailer oficial!<\/p>\n<p class=\"embed-responsive embed-responsive-16by9 mb-3 d-block\">\n<div class=\"nv-iframe-embed\"><iframe loading=\"lazy\" title=\"O SEQUESTRO DO VOO 375 | Trailer Oficial\" width=\"1200\" height=\"675\" src=\"https:\/\/www.youtube.com\/embed\/-WItUHprYsw?feature=oembed\" frameborder=\"0\" allow=\"accelerometer; autoplay; clipboard-write; encrypted-media; gyroscope; picture-in-picture; web-share\" referrerpolicy=\"strict-origin-when-cross-origin\" allowfullscreen><\/iframe><\/div>\n<\/p>\n<\/div>\n<p><script>\n\t\t! function(f, b, e, v, n, t, s) {\n\t\t\tif (f.fbq) return;\n\t\t\tn = f.fbq = function() {\n\t\t\t\tn.callMethod ?\n\t\t\t\t\tn.callMethod.apply(n, arguments) : n.queue.push(arguments)\n\t\t\t};\n\t\t\tif (!f._fbq) f._fbq = n;\n\t\t\tn.push = n;\n\t\t\tn.loaded = !0;\n\t\t\tn.version = '2.0';\n\t\t\tn.queue = [];\n\t\t\tt = b.createElement(e);\n\t\t\tt.async = !0;\n\t\t\tt.src = v;\n\t\t\ts = b.getElementsByTagName(e)[0];\n\t\t\ts.parentNode.insertBefore(t, s)\n\t\t}(window, document, 'script',\n\t\t\t'https:\/\/connect.facebook.net\/en_US\/fbevents.js');\n\t\tfbq('init', '338315473262380');\n\t\tfbq('track', 'PageView');\n\t<\/script><script async src=\"\/\/www.instagram.com\/embed.js\"><\/script><br \/>\n<br \/>[ad_2]<br \/>\n<br \/><a href=\"https:\/\/catracalivre.com.br\/entretenimento\/conheca-a-historia-real-por-tras-do-filme-o-sequestro-do-voo-375\/\" target=\"_blank\" rel=\"noopener\">Source link <\/a><\/p>\n<div class='code-block code-block-4' style='margin: 8px auto 8px 0; text-align: left; display: block; clear: both;'>\n\ud83d\udce2 Aviso Legal\n\nO site ismaelcolosi.com.br atua apenas como um canal de divulga\u00e7\u00e3o de oportunidades de emprego e n\u00e3o se responsabiliza pelo processo seletivo, contrata\u00e7\u00e3o ou qualquer outra etapa relacionada \u00e0s vagas publicadas. Todas as informa\u00e7\u00f5es s\u00e3o de responsabilidade dos anunciantes.\n\n\u26a0\ufe0f Aten\u00e7\u00e3o! Nunca pague por promessas de emprego nem compre cursos que garantam contrata\u00e7\u00e3o. Desconfie de qualquer cobran\u00e7a para participar de sele\u00e7\u00f5es.\n\n\n\n<\/div>\n<!-- CONTENT END 1 -->\n","protected":false},"excerpt":{"rendered":"<p>[ad_1] Cr\u00e9ditos: Ju Chalita\/Divulga\u00e7\u00e3o Filme brasileiro \u201cO sequestro do voo 375\u201d estreou em 7 de dezembro nos cinemas O filme \u201cO sequestro do voo 375\u201d chegou aos cinemas na quinta-feira, 7, e conta a hist\u00f3ria, 35 anos depois, do caso que \u00e9 conhecido como o 11 de setembro brasileiro. Com dire\u00e7\u00e3o de Marcus Baldini, o&hellip;&nbsp;<\/p>\n","protected":false},"author":1,"featured_media":16502,"comment_status":"open","ping_status":"open","sticky":false,"template":"","format":"standard","meta":{"_uag_custom_page_level_css":"","neve_meta_sidebar":"","neve_meta_container":"","neve_meta_enable_content_width":"","neve_meta_content_width":0,"neve_meta_title_alignment":"","neve_meta_author_avatar":"","neve_post_elements_order":"","neve_meta_disable_header":"","neve_meta_disable_footer":"","neve_meta_disable_title":"","_jetpack_newsletter_access":"","_jetpack_dont_email_post_to_subs":false,"_jetpack_newsletter_tier_id":0,"_jetpack_memberships_contains_paywalled_content":false,"_jetpack_memberships_contains_paid_content":false,"footnotes":""},"categories":[19],"tags":[],"class_list":["post-16501","post","type-post","status-publish","format-standard","has-post-thumbnail","hentry","category-variedades"],"uagb_featured_image_src":{"full":["https:\/\/i0.wp.com\/ismaelcolosi.com.br\/wp-content\/uploads\/2023\/12\/fotos-catraca-2023-12-12t220012713.png?fit=1200%2C638&ssl=1",1200,638,false],"thumbnail":["https:\/\/i0.wp.com\/ismaelcolosi.com.br\/wp-content\/uploads\/2023\/12\/fotos-catraca-2023-12-12t220012713.png?resize=150%2C150&ssl=1",150,150,true],"medium":["https:\/\/i0.wp.com\/ismaelcolosi.com.br\/wp-content\/uploads\/2023\/12\/fotos-catraca-2023-12-12t220012713.png?fit=300%2C160&ssl=1",300,160,true],"medium_large":["https:\/\/i0.wp.com\/ismaelcolosi.com.br\/wp-content\/uploads\/2023\/12\/fotos-catraca-2023-12-12t220012713.png?fit=768%2C408&ssl=1",768,408,true],"large":["https:\/\/i0.wp.com\/ismaelcolosi.com.br\/wp-content\/uploads\/2023\/12\/fotos-catraca-2023-12-12t220012713.png?fit=1024%2C544&ssl=1",1024,544,true],"1536x1536":["https:\/\/i0.wp.com\/ismaelcolosi.com.br\/wp-content\/uploads\/2023\/12\/fotos-catraca-2023-12-12t220012713.png?fit=1200%2C638&ssl=1",1200,638,true],"2048x2048":["https:\/\/i0.wp.com\/ismaelcolosi.com.br\/wp-content\/uploads\/2023\/12\/fotos-catraca-2023-12-12t220012713.png?fit=1200%2C638&ssl=1",1200,638,true],"neve-blog":["https:\/\/i0.wp.com\/ismaelcolosi.com.br\/wp-content\/uploads\/2023\/12\/fotos-catraca-2023-12-12t220012713.png?resize=930%2C620&ssl=1",930,620,true]},"uagb_author_info":{"display_name":"ismaelcolosi.com.br","author_link":"https:\/\/ismaelcolosi.com.br\/author\/vidareal-online\/"},"uagb_comment_info":0,"uagb_excerpt":"[ad_1] Cr\u00e9ditos: Ju Chalita\/Divulga\u00e7\u00e3o Filme brasileiro \u201cO sequestro do voo 375\u201d estreou em 7 de dezembro nos cinemas O filme \u201cO sequestro do voo 375\u201d chegou aos cinemas na quinta-feira, 7, e conta a hist\u00f3ria, 35 anos depois, do caso que \u00e9 conhecido como o 11 de setembro brasileiro. Com dire\u00e7\u00e3o de Marcus Baldini, o&hellip;&nbsp;","jetpack-related-posts":[{"id":39409,"url":"https:\/\/ismaelcolosi.com.br\/index.php\/2024\/02\/26\/foragido-de-sertaozinho-e-preso-ao-ser-deportado-dos-eua\/","url_meta":{"origin":16501,"position":0},"title":"Foragido de Sert\u00e3ozinho \u00e9 preso ao ser deportado dos EUA","author":"ismaelcolosi.com.br","date":"26 de Fevereiro de 2024","format":false,"excerpt":"[ad_1] Homem estava em voo ao lado de outros dois brasileiros procurados pela Justi\u00e7a brasileira 26 de fevereiro de 2024 | 9:08 0Por: Adalberto LuqueUm foragido da 1\u00aa Vara Criminal da Comarca de Sert\u00e3ozinho foi preso, nesta sexta-feira (23), logo que chegou ao Brasil. O homem estava em um voo\u2026","rel":"","context":"In &quot;Not\u00edcias de Ribeir\u00e3o Preto-SP e Regi\u00e3o&quot;","block_context":{"text":"Not\u00edcias de Ribeir\u00e3o Preto-SP e Regi\u00e3o","link":"https:\/\/ismaelcolosi.com.br\/index.php\/category\/noticias-de-ribeirao-preto-sp-e-regiao-ismael-colosi\/"},"img":{"alt_text":"","src":"https:\/\/i0.wp.com\/ismaelcolosi.com.br\/wp-content\/uploads\/2024\/02\/00-26-fev-2024-foragido-sertaozinho-foto-pf.jpg?fit=768%2C442&ssl=1&resize=350%2C200","width":350,"height":200,"srcset":"https:\/\/i0.wp.com\/ismaelcolosi.com.br\/wp-content\/uploads\/2024\/02\/00-26-fev-2024-foragido-sertaozinho-foto-pf.jpg?fit=768%2C442&ssl=1&resize=350%2C200 1x, https:\/\/i0.wp.com\/ismaelcolosi.com.br\/wp-content\/uploads\/2024\/02\/00-26-fev-2024-foragido-sertaozinho-foto-pf.jpg?fit=768%2C442&ssl=1&resize=525%2C300 1.5x, https:\/\/i0.wp.com\/ismaelcolosi.com.br\/wp-content\/uploads\/2024\/02\/00-26-fev-2024-foragido-sertaozinho-foto-pf.jpg?fit=768%2C442&ssl=1&resize=700%2C400 2x"},"classes":[]},{"id":54495,"url":"https:\/\/ismaelcolosi.com.br\/index.php\/2024\/06\/25\/ribeirao-preto-tem-pecas-de-teatro-gratuitas-de-nelson-rodrigues-saiba-mais\/","url_meta":{"origin":16501,"position":1},"title":"Ribeir\u00e3o Preto tem pe\u00e7as de teatro gratuitas de Nelson Rodrigues; Saiba mais","author":"ismaelcolosi.com.br","date":"25 de Junho de 2024","format":false,"excerpt":"[ad_1] A pe\u00e7a teatral \u201cVestido de Noiva\u201d, de Nelson Rodrigues, abre a temporada do segundo festival que leva o nome do dramaturgo em Ribeir\u00e3o Preto. O espet\u00e1culo ser\u00e1 nesta quarta-feira (26), \u00e0s 20h, no Teatro Municipal. Com mais de 20 atividades gratuitas, que incluem espet\u00e1culos, oficinas e palestras (veja abaixo),\u2026","rel":"","context":"In &quot;Not\u00edcias de Ribeir\u00e3o Preto-SP e Regi\u00e3o&quot;","block_context":{"text":"Not\u00edcias de Ribeir\u00e3o Preto-SP e Regi\u00e3o","link":"https:\/\/ismaelcolosi.com.br\/index.php\/category\/noticias-de-ribeirao-preto-sp-e-regiao-ismael-colosi\/"},"img":{"alt_text":"","src":"https:\/\/i0.wp.com\/ismaelcolosi.com.br\/wp-content\/uploads\/2024\/06\/Copia-de-Copia-de-TAMANHO-EXATO-PARA-FOTOS-NO-SISTEMA-NOVO-17_2024-06-25_20-05-03_jpg_2024-06-25_20-05-03.webp.webp?fit=1200%2C675&ssl=1&resize=350%2C200","width":350,"height":200,"srcset":"https:\/\/i0.wp.com\/ismaelcolosi.com.br\/wp-content\/uploads\/2024\/06\/Copia-de-Copia-de-TAMANHO-EXATO-PARA-FOTOS-NO-SISTEMA-NOVO-17_2024-06-25_20-05-03_jpg_2024-06-25_20-05-03.webp.webp?fit=1200%2C675&ssl=1&resize=350%2C200 1x, https:\/\/i0.wp.com\/ismaelcolosi.com.br\/wp-content\/uploads\/2024\/06\/Copia-de-Copia-de-TAMANHO-EXATO-PARA-FOTOS-NO-SISTEMA-NOVO-17_2024-06-25_20-05-03_jpg_2024-06-25_20-05-03.webp.webp?fit=1200%2C675&ssl=1&resize=525%2C300 1.5x, https:\/\/i0.wp.com\/ismaelcolosi.com.br\/wp-content\/uploads\/2024\/06\/Copia-de-Copia-de-TAMANHO-EXATO-PARA-FOTOS-NO-SISTEMA-NOVO-17_2024-06-25_20-05-03_jpg_2024-06-25_20-05-03.webp.webp?fit=1200%2C675&ssl=1&resize=700%2C400 2x, https:\/\/i0.wp.com\/ismaelcolosi.com.br\/wp-content\/uploads\/2024\/06\/Copia-de-Copia-de-TAMANHO-EXATO-PARA-FOTOS-NO-SISTEMA-NOVO-17_2024-06-25_20-05-03_jpg_2024-06-25_20-05-03.webp.webp?fit=1200%2C675&ssl=1&resize=1050%2C600 3x"},"classes":[]},{"id":17696,"url":"https:\/\/ismaelcolosi.com.br\/index.php\/2023\/12\/18\/justica-condena-acusados-do-sequestro-de-musico-em-sao-simao\/","url_meta":{"origin":16501,"position":2},"title":"Justi\u00e7a condena acusados do sequestro de m\u00fasico em S\u00e3o Sim\u00e3o","author":"ismaelcolosi.com.br","date":"18 de Dezembro de 2023","format":false,"excerpt":"[ad_1] Homem apontado como mandante do crime foi morto durante troca de tiros com policiais e outras quatro pessoas foram condenadas a penas entre 49 e 57 anos de reclus\u00e3o 18 de dezembro de 2023 | 16:35 2Por: Adalberto LuqueQuase 14 meses ap\u00f3s o sequestro de um m\u00fasico em S\u00e3o\u2026","rel":"","context":"In &quot;Not\u00edcias de Ribeir\u00e3o Preto-SP e Regi\u00e3o&quot;","block_context":{"text":"Not\u00edcias de Ribeir\u00e3o Preto-SP e Regi\u00e3o","link":"https:\/\/ismaelcolosi.com.br\/index.php\/category\/noticias-de-ribeirao-preto-sp-e-regiao-ismael-colosi\/"},"img":{"alt_text":"","src":"https:\/\/i0.wp.com\/ismaelcolosi.com.br\/wp-content\/uploads\/2023\/12\/00-18-dez-2023-sequestro-sao-simao-01-foto-sao-simao-016-noticias.jpg?fit=1000%2C562&ssl=1&resize=350%2C200","width":350,"height":200,"srcset":"https:\/\/i0.wp.com\/ismaelcolosi.com.br\/wp-content\/uploads\/2023\/12\/00-18-dez-2023-sequestro-sao-simao-01-foto-sao-simao-016-noticias.jpg?fit=1000%2C562&ssl=1&resize=350%2C200 1x, https:\/\/i0.wp.com\/ismaelcolosi.com.br\/wp-content\/uploads\/2023\/12\/00-18-dez-2023-sequestro-sao-simao-01-foto-sao-simao-016-noticias.jpg?fit=1000%2C562&ssl=1&resize=525%2C300 1.5x, https:\/\/i0.wp.com\/ismaelcolosi.com.br\/wp-content\/uploads\/2023\/12\/00-18-dez-2023-sequestro-sao-simao-01-foto-sao-simao-016-noticias.jpg?fit=1000%2C562&ssl=1&resize=700%2C400 2x"},"classes":[]},{"id":17501,"url":"https:\/\/ismaelcolosi.com.br\/index.php\/2023\/12\/18\/familia-ja-teria-pagado-resgate-de-alto-valor-mas-sequestradores-exigem-muito-mais\/","url_meta":{"origin":16501,"position":3},"title":"Fam\u00edlia j\u00e1 teria pagado resgate de alto valor, mas sequestradores exigem muito mais","author":"ismaelcolosi.com.br","date":"18 de Dezembro de 2023","format":false,"excerpt":"[ad_1] Neste domingo, dia 17 de dezembro, diversos canais de comunica\u00e7\u00e3o divulgaram sobre o sequestro do ex-jogador Marcelinho Carioca. E conforme relatos inicias, a fam\u00edlia j\u00e1 teria acionado a pol\u00edcia que confirmou o sequestro.Desde que o ex-atleta foi sequestrado, os criminosos est\u00e3o o mantendo em c\u00e1rcere privado. Al\u00e9m disso, o\u2026","rel":"","context":"In &quot;Blog&quot;","block_context":{"text":"Blog","link":"https:\/\/ismaelcolosi.com.br\/index.php\/category\/blog\/"},"img":{"alt_text":"","src":"https:\/\/i0.wp.com\/ismaelcolosi.com.br\/wp-content\/uploads\/2023\/12\/postimg-65807e5ea2f3a4088.jpg?fit=1200%2C628&ssl=1&resize=350%2C200","width":350,"height":200,"srcset":"https:\/\/i0.wp.com\/ismaelcolosi.com.br\/wp-content\/uploads\/2023\/12\/postimg-65807e5ea2f3a4088.jpg?fit=1200%2C628&ssl=1&resize=350%2C200 1x, https:\/\/i0.wp.com\/ismaelcolosi.com.br\/wp-content\/uploads\/2023\/12\/postimg-65807e5ea2f3a4088.jpg?fit=1200%2C628&ssl=1&resize=525%2C300 1.5x, https:\/\/i0.wp.com\/ismaelcolosi.com.br\/wp-content\/uploads\/2023\/12\/postimg-65807e5ea2f3a4088.jpg?fit=1200%2C628&ssl=1&resize=700%2C400 2x, https:\/\/i0.wp.com\/ismaelcolosi.com.br\/wp-content\/uploads\/2023\/12\/postimg-65807e5ea2f3a4088.jpg?fit=1200%2C628&ssl=1&resize=1050%2C600 3x"},"classes":[]},{"id":33513,"url":"https:\/\/ismaelcolosi.com.br\/index.php\/2024\/01\/29\/utm_sourcerssutm_mediumrssutm_campaignmotoqueiro-e-investigado-apos-buscar-joias-de-idosa-que-caiu-no-golpe-do-falso-sequestro\/","url_meta":{"origin":16501,"position":4},"title":"Motoqueiro \u00e9 investigado ap\u00f3s buscar joias de idosa que caiu no golpe do falso sequestro \u2013 X Tudo Ribeir\u00e3o","author":"ismaelcolosi.com.br","date":"29 de Janeiro de 2024","format":false,"excerpt":"[ad_1] A Pol\u00edcia Civil atrav\u00e9s do DEIC (Divis\u00e3o Especializada de Investiga\u00e7\u00f5es Criminais) est\u00e1 a procura de um motoqueiro suspeito de integrar uma quadrilha que aplicou o golpe do falso sequestro em uma idosa em um condom\u00ednio no \u00faltimo s\u00e1bado (27\/1), em Bonfim Paulista. Segundo informa\u00e7\u00f5es apuradas com a Pol\u00edcia Civil,\u2026","rel":"","context":"In &quot;Not\u00edcias de Ribeir\u00e3o Preto-SP e Regi\u00e3o&quot;","block_context":{"text":"Not\u00edcias de Ribeir\u00e3o Preto-SP e Regi\u00e3o","link":"https:\/\/ismaelcolosi.com.br\/index.php\/category\/noticias-de-ribeirao-preto-sp-e-regiao-ismael-colosi\/"},"img":{"alt_text":"","src":"https:\/\/i0.wp.com\/ismaelcolosi.com.br\/wp-content\/uploads\/2024\/01\/x-tudo-ribeirao.png?fit=554%2C554&ssl=1&resize=350%2C200","width":350,"height":200,"srcset":"https:\/\/i0.wp.com\/ismaelcolosi.com.br\/wp-content\/uploads\/2024\/01\/x-tudo-ribeirao.png?fit=554%2C554&ssl=1&resize=350%2C200 1x, https:\/\/i0.wp.com\/ismaelcolosi.com.br\/wp-content\/uploads\/2024\/01\/x-tudo-ribeirao.png?fit=554%2C554&ssl=1&resize=525%2C300 1.5x"},"classes":[]},{"id":17717,"url":"https:\/\/ismaelcolosi.com.br\/index.php\/2023\/12\/19\/grupo-sequestra-4-pessoas-e-cometem-crimes-barbaros-deixando-cidade-assombrada\/","url_meta":{"origin":16501,"position":5},"title":"Grupo sequestra 4 pessoas e cometem crimes b\u00e1rbaros deixando cidade assombrada","author":"ismaelcolosi.com.br","date":"19 de Dezembro de 2023","format":false,"excerpt":"[ad_1] No \u00faltimo s\u00e1bado (16), tr\u00eas indiv\u00edduos realizaram o sequestro e tortura de quatro pessoas no munic\u00edpio de Papanduva, localizado na regi\u00e3o do Planalto Norte de Santa Catarina.O homem de 34 anos, uma das v\u00edtimas, foi descoberto sem vida em um rio da localidade. Al\u00e9m dos atos de tortura, suspeita-se\u2026","rel":"","context":"In &quot;Blog&quot;","block_context":{"text":"Blog","link":"https:\/\/ismaelcolosi.com.br\/index.php\/category\/blog\/"},"img":{"alt_text":"","src":"https:\/\/i0.wp.com\/ismaelcolosi.com.br\/wp-content\/uploads\/2023\/12\/postimg-658104c38c31a9831.jpg?fit=1200%2C628&ssl=1&resize=350%2C200","width":350,"height":200,"srcset":"https:\/\/i0.wp.com\/ismaelcolosi.com.br\/wp-content\/uploads\/2023\/12\/postimg-658104c38c31a9831.jpg?fit=1200%2C628&ssl=1&resize=350%2C200 1x, https:\/\/i0.wp.com\/ismaelcolosi.com.br\/wp-content\/uploads\/2023\/12\/postimg-658104c38c31a9831.jpg?fit=1200%2C628&ssl=1&resize=525%2C300 1.5x, https:\/\/i0.wp.com\/ismaelcolosi.com.br\/wp-content\/uploads\/2023\/12\/postimg-658104c38c31a9831.jpg?fit=1200%2C628&ssl=1&resize=700%2C400 2x, https:\/\/i0.wp.com\/ismaelcolosi.com.br\/wp-content\/uploads\/2023\/12\/postimg-658104c38c31a9831.jpg?fit=1200%2C628&ssl=1&resize=1050%2C600 3x"},"classes":[]}],"jetpack_sharing_enabled":true,"jetpack_shortlink":"https:\/\/wp.me\/pfMlyK-4i9","jetpack_featured_media_url":"https:\/\/i0.wp.com\/ismaelcolosi.com.br\/wp-content\/uploads\/2023\/12\/fotos-catraca-2023-12-12t220012713.png?fit=1200%2C638&ssl=1","_links":{"self":[{"href":"https:\/\/ismaelcolosi.com.br\/index.php\/wp-json\/wp\/v2\/posts\/16501","targetHints":{"allow":["GET"]}}],"collection":[{"href":"https:\/\/ismaelcolosi.com.br\/index.php\/wp-json\/wp\/v2\/posts"}],"about":[{"href":"https:\/\/ismaelcolosi.com.br\/index.php\/wp-json\/wp\/v2\/types\/post"}],"author":[{"embeddable":true,"href":"https:\/\/ismaelcolosi.com.br\/index.php\/wp-json\/wp\/v2\/users\/1"}],"replies":[{"embeddable":true,"href":"https:\/\/ismaelcolosi.com.br\/index.php\/wp-json\/wp\/v2\/comments?post=16501"}],"version-history":[{"count":0,"href":"https:\/\/ismaelcolosi.com.br\/index.php\/wp-json\/wp\/v2\/posts\/16501\/revisions"}],"wp:featuredmedia":[{"embeddable":true,"href":"https:\/\/ismaelcolosi.com.br\/index.php\/wp-json\/wp\/v2\/media\/16502"}],"wp:attachment":[{"href":"https:\/\/ismaelcolosi.com.br\/index.php\/wp-json\/wp\/v2\/media?parent=16501"}],"wp:term":[{"taxonomy":"category","embeddable":true,"href":"https:\/\/ismaelcolosi.com.br\/index.php\/wp-json\/wp\/v2\/categories?post=16501"},{"taxonomy":"post_tag","embeddable":true,"href":"https:\/\/ismaelcolosi.com.br\/index.php\/wp-json\/wp\/v2\/tags?post=16501"}],"curies":[{"name":"wp","href":"https:\/\/api.w.org\/{rel}","templated":true}]}}