{"id":16469,"date":"2023-12-15T16:45:45","date_gmt":"2023-12-15T19:45:45","guid":{"rendered":"https:\/\/ismaelcolosi.com.br\/index.php\/2023\/12\/15\/inss-libera-valores-para-beneficiarios-confira-quem-pode-sacar\/"},"modified":"2023-12-15T16:45:45","modified_gmt":"2023-12-15T19:45:45","slug":"inss-libera-valores-para-beneficiarios-confira-quem-pode-sacar","status":"publish","type":"post","link":"https:\/\/ismaelcolosi.com.br\/index.php\/2023\/12\/15\/inss-libera-valores-para-beneficiarios-confira-quem-pode-sacar\/","title":{"rendered":"INSS libera valores para benefici\u00e1rios; confira quem pode sacar"},"content":{"rendered":"<p> [ad_1]<br \/>\n<\/p>\n<div>\n<div id=\"attachment_2292773\" class=\"wp-caption alignnone\">\n<div class=\"d-flex justify-content-center\" data-attachment-id=\"2292773\">\n<div class=\"position-relative d-inline-block\"><img data-recalc-dims=\"1\" data-portal-copyright=\"Ag\u00eancia Brasil\/Marcello Camargo\" fetchpriority=\"high\" decoding=\"async\" class=\"size-full wp-image-2292773\" src=\"https:\/\/i0.wp.com\/catracalivre.com.br\/wp-content\/uploads\/2023\/08\/a-melhor-noticia-para-quem-aguarda-pericia-no-inss-acaba-de-chegar.jpg?resize=1170%2C700&#038;ssl=1\" alt=\"INSS: Veja o que muda nas regras para aposentadoria em 2024\" width=\"1170\" height=\"700\" srcset=\"https:\/\/catracalivre.com.br\/wp-content\/uploads\/2023\/08\/a-melhor-noticia-para-quem-aguarda-pericia-no-inss-acaba-de-chegar.jpg 1170w, https:\/\/catracalivre.com.br\/wp-content\/uploads\/2023\/08\/a-melhor-noticia-para-quem-aguarda-pericia-no-inss-acaba-de-chegar-450x269.jpg 450w, https:\/\/catracalivre.com.br\/wp-content\/uploads\/2023\/08\/a-melhor-noticia-para-quem-aguarda-pericia-no-inss-acaba-de-chegar-768x459.jpg 768w\" sizes=\"(max-width: 1170px) 100vw, 1170px\"\/><\/p>\n<p>Cr\u00e9ditos: Ag\u00eancia Brasil\/Marcello Camargo<\/p>\n<\/div>\n<\/div>\n<p><span class=\"post-imagem__legenda\">INSS: Veja o que muda nas regras para aposentadoria em 2024<\/span><\/p>\n<\/div>\n<p>Recentemente, o Instituto Nacional do Seguro Social (INSS) anunciou um pagamento extra direcionado aos benefici\u00e1rios do Benef\u00edcio de Presta\u00e7\u00e3o Continuada (BPC) e aposentadorias e pens\u00f5es vinculadas ao \u00f3rg\u00e3o. Essa libera\u00e7\u00e3o de valores adicionais est\u00e1 relacionada a a\u00e7\u00f5es judiciais movidas contra o <a href=\"https:\/\/catracalivre.com.br\/cidadania\/inss-2024-datas\/\" target=\"_blank\" rel=\"noopener\">INSS<\/a>, e a expectativa \u00e9 de que esses montantes beneficiem significativamente os titulares desses benef\u00edcios.<\/p>\n<h2>Quem pode sacar esse valor extra?<\/h2>\n<p>O BPC \u00e9 um benef\u00edcio destinado a idosos com 65 anos ou mais e pessoas com defici\u00eancia (PCDs), cuja renda familiar per capita n\u00e3o ultrapasse um quarto do sal\u00e1rio m\u00ednimo. Esses benefici\u00e1rios poder\u00e3o ter acesso a um pagamento extra proveniente dessas a\u00e7\u00f5es judiciais.<\/p>\n<h2>Regras e processo de pagamento<\/h2>\n<p>O dep\u00f3sito desses valores adicionais ser\u00e1 realizado em contas banc\u00e1rias em nome dos segurados. O andamento do processo do Tribunal Regional Federal (TRF) determina a libera\u00e7\u00e3o do pagamento. Para verificar se est\u00e1 entre os contemplados, o segurado deve acessar o site do TRF de sua regi\u00e3o, inserir seu CPF e o n\u00famero do processo.<\/p>\n<p>Caso seja um dos benefici\u00e1rios, poder\u00e1 tamb\u00e9m verificar a data em que o pagamento ser\u00e1 efetuado, proporcionando maior clareza sobre o recebimento desses valores extras.<\/p>\n<h2>Distribui\u00e7\u00e3o dos valores por regi\u00e3o<\/h2>\n<p>Os recursos liberados pelo<a href=\"https:\/\/catracalivre.com.br\/cidadania\/inss-muda-as-regras-para-concessao-do-auxilio-doenca-confira\/\" target=\"_blank\" rel=\"noopener\"> INSS<\/a> foram distribu\u00eddos de acordo com as regi\u00f5es do pa\u00eds, com valores espec\u00edficos destinados a cada \u00e1rea abrangida por um Tribunal Regional Federal (TRF).<\/p>\n<ul>\n<li>TRF da 1\u00aa Regi\u00e3o: R$ 1.046.482.385,40 \u2013 Abrange DF, MG, GO, TO, MT, BA, PI, MA, PA, AM, AC, RR, RO e AP.<\/li>\n<li>TRF da 2\u00aa Regi\u00e3o: R$ 183.681.354,26 \u2013 Abrange RJ e ES.<\/li>\n<li>TRF da 3\u00aa Regi\u00e3o: R$ 320.027.721,89 \u2013 Abrange SP e MS.<\/li>\n<li>TRF da 4\u00aa Regi\u00e3o: R$ 482.353.690,61 \u2013 Abrange RS, PR e SC.<\/li>\n<li>TRF da 5\u00aa Regi\u00e3o: R$ 333.708.839,36 \u2013 Abrange PE, CE, AL, SE, RN e PB.<\/li>\n<\/ul>\n<p>Esses valores, provenientes das a\u00e7\u00f5es judiciais, visam beneficiar os cidad\u00e3os que recebem o BPC, aposentadorias e pens\u00f5es, proporcionando um al\u00edvio financeiro extra neste per\u00edodo.<\/p>\n<\/div>\n<p><script>\n\t\t! function(f, b, e, v, n, t, s) {\n\t\t\tif (f.fbq) return;\n\t\t\tn = f.fbq = function() {\n\t\t\t\tn.callMethod ?\n\t\t\t\t\tn.callMethod.apply(n, arguments) : n.queue.push(arguments)\n\t\t\t};\n\t\t\tif (!f._fbq) f._fbq = n;\n\t\t\tn.push = n;\n\t\t\tn.loaded = !0;\n\t\t\tn.version = '2.0';\n\t\t\tn.queue = [];\n\t\t\tt = b.createElement(e);\n\t\t\tt.async = !0;\n\t\t\tt.src = v;\n\t\t\ts = b.getElementsByTagName(e)[0];\n\t\t\ts.parentNode.insertBefore(t, s)\n\t\t}(window, document, 'script',\n\t\t\t'https:\/\/connect.facebook.net\/en_US\/fbevents.js');\n\t\tfbq('init', '338315473262380');\n\t\tfbq('track', 'PageView');\n\t<\/script><br \/>\n<br \/>[ad_2]<br \/>\n<br \/><a href=\"https:\/\/catracalivre.com.br\/cidadania\/inss-libera-valores-para-beneficiarios-confira-quem-pode-sacar\/\" target=\"_blank\" rel=\"noopener\">Source link <\/a><\/p>\n<div class='code-block code-block-4' style='margin: 8px auto 8px 0; text-align: left; display: block; clear: both;'>\n\ud83d\udce2 Aviso Legal\n\nO site ismaelcolosi.com.br atua apenas como um canal de divulga\u00e7\u00e3o de oportunidades de emprego e n\u00e3o se responsabiliza pelo processo seletivo, contrata\u00e7\u00e3o ou qualquer outra etapa relacionada \u00e0s vagas publicadas. Todas as informa\u00e7\u00f5es s\u00e3o de responsabilidade dos anunciantes.\n\n\u26a0\ufe0f Aten\u00e7\u00e3o! Nunca pague por promessas de emprego nem compre cursos que garantam contrata\u00e7\u00e3o. Desconfie de qualquer cobran\u00e7a para participar de sele\u00e7\u00f5es.\n\n\n\n<\/div>\n<!-- CONTENT END 1 -->\n","protected":false},"excerpt":{"rendered":"<p>[ad_1] Cr\u00e9ditos: Ag\u00eancia Brasil\/Marcello Camargo INSS: Veja o que muda nas regras para aposentadoria em 2024 Recentemente, o Instituto Nacional do Seguro Social (INSS) anunciou um pagamento extra direcionado aos benefici\u00e1rios do Benef\u00edcio de Presta\u00e7\u00e3o Continuada (BPC) e aposentadorias e pens\u00f5es vinculadas ao \u00f3rg\u00e3o. Essa libera\u00e7\u00e3o de valores adicionais est\u00e1 relacionada a a\u00e7\u00f5es judiciais movidas&hellip;&nbsp;<\/p>\n","protected":false},"author":1,"featured_media":16470,"comment_status":"open","ping_status":"open","sticky":false,"template":"","format":"standard","meta":{"_uag_custom_page_level_css":"","neve_meta_sidebar":"","neve_meta_container":"","neve_meta_enable_content_width":"","neve_meta_content_width":0,"neve_meta_title_alignment":"","neve_meta_author_avatar":"","neve_post_elements_order":"","neve_meta_disable_header":"","neve_meta_disable_footer":"","neve_meta_disable_title":"","_jetpack_newsletter_access":"","_jetpack_dont_email_post_to_subs":false,"_jetpack_newsletter_tier_id":0,"_jetpack_memberships_contains_paywalled_content":false,"_jetpack_memberships_contains_paid_content":false,"footnotes":""},"categories":[19],"tags":[],"class_list":["post-16469","post","type-post","status-publish","format-standard","has-post-thumbnail","hentry","category-variedades"],"uagb_featured_image_src":{"full":["https:\/\/i0.wp.com\/ismaelcolosi.com.br\/wp-content\/uploads\/2023\/12\/depositphotos-652081062-xl-scaled.jpg?fit=1200%2C638&ssl=1",1200,638,false],"thumbnail":["https:\/\/i0.wp.com\/ismaelcolosi.com.br\/wp-content\/uploads\/2023\/12\/depositphotos-652081062-xl-scaled.jpg?resize=150%2C150&ssl=1",150,150,true],"medium":["https:\/\/i0.wp.com\/ismaelcolosi.com.br\/wp-content\/uploads\/2023\/12\/depositphotos-652081062-xl-scaled.jpg?fit=300%2C160&ssl=1",300,160,true],"medium_large":["https:\/\/i0.wp.com\/ismaelcolosi.com.br\/wp-content\/uploads\/2023\/12\/depositphotos-652081062-xl-scaled.jpg?fit=768%2C408&ssl=1",768,408,true],"large":["https:\/\/i0.wp.com\/ismaelcolosi.com.br\/wp-content\/uploads\/2023\/12\/depositphotos-652081062-xl-scaled.jpg?fit=1024%2C544&ssl=1",1024,544,true],"1536x1536":["https:\/\/i0.wp.com\/ismaelcolosi.com.br\/wp-content\/uploads\/2023\/12\/depositphotos-652081062-xl-scaled.jpg?fit=1200%2C638&ssl=1",1200,638,true],"2048x2048":["https:\/\/i0.wp.com\/ismaelcolosi.com.br\/wp-content\/uploads\/2023\/12\/depositphotos-652081062-xl-scaled.jpg?fit=1200%2C638&ssl=1",1200,638,true],"neve-blog":["https:\/\/i0.wp.com\/ismaelcolosi.com.br\/wp-content\/uploads\/2023\/12\/depositphotos-652081062-xl-scaled.jpg?resize=930%2C620&ssl=1",930,620,true]},"uagb_author_info":{"display_name":"ismaelcolosi.com.br","author_link":"https:\/\/ismaelcolosi.com.br\/author\/vidareal-online\/"},"uagb_comment_info":0,"uagb_excerpt":"[ad_1] Cr\u00e9ditos: Ag\u00eancia Brasil\/Marcello Camargo INSS: Veja o que muda nas regras para aposentadoria em 2024 Recentemente, o Instituto Nacional do Seguro Social (INSS) anunciou um pagamento extra direcionado aos benefici\u00e1rios do Benef\u00edcio de Presta\u00e7\u00e3o Continuada (BPC) e aposentadorias e pens\u00f5es vinculadas ao \u00f3rg\u00e3o. Essa libera\u00e7\u00e3o de valores adicionais est\u00e1 relacionada a a\u00e7\u00f5es judiciais movidas&hellip;&nbsp;","jetpack-related-posts":[{"id":8906,"url":"https:\/\/ismaelcolosi.com.br\/index.php\/2023\/12\/01\/saiba-quando-aposentados-e-pensionistas-do-inss-vao-receber-em-dezembro\/","url_meta":{"origin":16469,"position":0},"title":"Saiba quando aposentados e pensionistas do INSS v\u00e3o receber em dezembro","author":"ismaelcolosi.com.br","date":"1 de Dezembro de 2023","format":false,"excerpt":"[ad_1] O Instituto Nacional do Seguro Social (INSS) disponibilizou o calend\u00e1rio referente ao pagamento de benef\u00edcios para dezembro e agora todos os aposentados e pensionistas podem saber a data de pagamento do seu benef\u00edcio. Cr\u00e9ditos: Ag\u00eancia Brasil\/Marcello Casal JrSaiba quando aposentados e pensionistas do INSS v\u00e3o receber em dezembro O\u2026","rel":"","context":"In &quot;Variedades&quot;","block_context":{"text":"Variedades","link":"https:\/\/ismaelcolosi.com.br\/index.php\/category\/variedades\/"},"img":{"alt_text":"","src":"https:\/\/i0.wp.com\/ismaelcolosi.com.br\/wp-content\/uploads\/2023\/12\/inss-mudanca-surpreendente-no-auxilio-doenca-acaba-de-sair.jpg?fit=1200%2C638&ssl=1&resize=350%2C200","width":350,"height":200,"srcset":"https:\/\/i0.wp.com\/ismaelcolosi.com.br\/wp-content\/uploads\/2023\/12\/inss-mudanca-surpreendente-no-auxilio-doenca-acaba-de-sair.jpg?fit=1200%2C638&ssl=1&resize=350%2C200 1x, https:\/\/i0.wp.com\/ismaelcolosi.com.br\/wp-content\/uploads\/2023\/12\/inss-mudanca-surpreendente-no-auxilio-doenca-acaba-de-sair.jpg?fit=1200%2C638&ssl=1&resize=525%2C300 1.5x, https:\/\/i0.wp.com\/ismaelcolosi.com.br\/wp-content\/uploads\/2023\/12\/inss-mudanca-surpreendente-no-auxilio-doenca-acaba-de-sair.jpg?fit=1200%2C638&ssl=1&resize=700%2C400 2x, https:\/\/i0.wp.com\/ismaelcolosi.com.br\/wp-content\/uploads\/2023\/12\/inss-mudanca-surpreendente-no-auxilio-doenca-acaba-de-sair.jpg?fit=1200%2C638&ssl=1&resize=1050%2C600 3x"},"classes":[]},{"id":22737,"url":"https:\/\/ismaelcolosi.com.br\/index.php\/2023\/12\/30\/os-casos-em-que-o-inss-aprova-aposentadoria-imediata-em-2024\/","url_meta":{"origin":16469,"position":1},"title":"Os casos em que o INSS aprova aposentadoria imediata em 2024","author":"ismaelcolosi.com.br","date":"30 de Dezembro de 2023","format":false,"excerpt":"[ad_1] Cr\u00e9ditos: Ag\u00eancia Brasil\/Marcello CamargoINSS: Veja o que muda nas regras para aposentadoria em 2024O Instituto Nacional do Seguro Social (INSS) trouxe importantes atualiza\u00e7\u00f5es para o pr\u00f3ximo ano, visando facilitar o processo de aposentadoria imediata em situa\u00e7\u00f5es espec\u00edficas de doen\u00e7as.Estas mudan\u00e7as representam um avan\u00e7o no amparo aos contribuintes que enfrentam\u2026","rel":"","context":"In &quot;Variedades&quot;","block_context":{"text":"Variedades","link":"https:\/\/ismaelcolosi.com.br\/index.php\/category\/variedades\/"},"img":{"alt_text":"","src":"https:\/\/i0.wp.com\/ismaelcolosi.com.br\/wp-content\/uploads\/2023\/12\/1703979460_fotos-catraca-2023-11-30t121633253.png?fit=1200%2C638&ssl=1&resize=350%2C200","width":350,"height":200,"srcset":"https:\/\/i0.wp.com\/ismaelcolosi.com.br\/wp-content\/uploads\/2023\/12\/1703979460_fotos-catraca-2023-11-30t121633253.png?fit=1200%2C638&ssl=1&resize=350%2C200 1x, https:\/\/i0.wp.com\/ismaelcolosi.com.br\/wp-content\/uploads\/2023\/12\/1703979460_fotos-catraca-2023-11-30t121633253.png?fit=1200%2C638&ssl=1&resize=525%2C300 1.5x, https:\/\/i0.wp.com\/ismaelcolosi.com.br\/wp-content\/uploads\/2023\/12\/1703979460_fotos-catraca-2023-11-30t121633253.png?fit=1200%2C638&ssl=1&resize=700%2C400 2x, https:\/\/i0.wp.com\/ismaelcolosi.com.br\/wp-content\/uploads\/2023\/12\/1703979460_fotos-catraca-2023-11-30t121633253.png?fit=1200%2C638&ssl=1&resize=1050%2C600 3x"},"classes":[]},{"id":9643,"url":"https:\/\/ismaelcolosi.com.br\/index.php\/2023\/12\/02\/inss-facilita-reativacao-do-bpc-entenda\/","url_meta":{"origin":16469,"position":2},"title":"INSS facilita reativa\u00e7\u00e3o do BPC; entenda","author":"ismaelcolosi.com.br","date":"2 de Dezembro de 2023","format":false,"excerpt":"[ad_1] Cr\u00e9ditos: Ag\u00eancia Brasil\/Marcello Casal JrINSS: Lula favorece brasileiros que precisam dar entrada em aux\u00edlioO Benef\u00edcio de Presta\u00e7\u00e3o Continuada (BPC), uma iniciativa do Governo Federal, representa uma importante fonte de amparo financeiro para idosos e pessoas com defici\u00eancia em situa\u00e7\u00e3o de vulnerabilidade social e econ\u00f4mica no Brasil. Esse benef\u00edcio, pago\u2026","rel":"","context":"In &quot;Variedades&quot;","block_context":{"text":"Variedades","link":"https:\/\/ismaelcolosi.com.br\/index.php\/category\/variedades\/"},"img":{"alt_text":"","src":"https:\/\/i0.wp.com\/ismaelcolosi.com.br\/wp-content\/uploads\/2023\/12\/depositphotos-366956486-xl-scaled.jpg?fit=1200%2C638&ssl=1&resize=350%2C200","width":350,"height":200,"srcset":"https:\/\/i0.wp.com\/ismaelcolosi.com.br\/wp-content\/uploads\/2023\/12\/depositphotos-366956486-xl-scaled.jpg?fit=1200%2C638&ssl=1&resize=350%2C200 1x, https:\/\/i0.wp.com\/ismaelcolosi.com.br\/wp-content\/uploads\/2023\/12\/depositphotos-366956486-xl-scaled.jpg?fit=1200%2C638&ssl=1&resize=525%2C300 1.5x, https:\/\/i0.wp.com\/ismaelcolosi.com.br\/wp-content\/uploads\/2023\/12\/depositphotos-366956486-xl-scaled.jpg?fit=1200%2C638&ssl=1&resize=700%2C400 2x, https:\/\/i0.wp.com\/ismaelcolosi.com.br\/wp-content\/uploads\/2023\/12\/depositphotos-366956486-xl-scaled.jpg?fit=1200%2C638&ssl=1&resize=1050%2C600 3x"},"classes":[]},{"id":8974,"url":"https:\/\/ismaelcolosi.com.br\/index.php\/2023\/12\/01\/o-inss-liga-para-segurados-entenda-o-que-esta-acontecendo\/","url_meta":{"origin":16469,"position":3},"title":"O INSS liga para segurados? Entenda o que est\u00e1 acontecendo","author":"ismaelcolosi.com.br","date":"1 de Dezembro de 2023","format":false,"excerpt":"[ad_1] O processo de convoca\u00e7\u00e3o de nove mil segurados que esperam h\u00e1 mais de 100 dias por uma per\u00edcia m\u00e9dica para obter o Benef\u00edcio de Presta\u00e7\u00e3o Continuada (BPC) destinado a pessoas com defici\u00eancia foi iniciado pelo Instituto Nacional do Seguro Social (INSS). Ele esta sendo feito via telefone. Cr\u00e9ditos: Ag\u00eancia\u2026","rel":"","context":"In &quot;Variedades&quot;","block_context":{"text":"Variedades","link":"https:\/\/ismaelcolosi.com.br\/index.php\/category\/variedades\/"},"img":{"alt_text":"","src":"https:\/\/i0.wp.com\/ismaelcolosi.com.br\/wp-content\/uploads\/2023\/12\/a-melhor-noticia-para-quem-aguarda-pericia-no-inss-acaba-de-chegar.jpg?fit=1200%2C638&ssl=1&resize=350%2C200","width":350,"height":200,"srcset":"https:\/\/i0.wp.com\/ismaelcolosi.com.br\/wp-content\/uploads\/2023\/12\/a-melhor-noticia-para-quem-aguarda-pericia-no-inss-acaba-de-chegar.jpg?fit=1200%2C638&ssl=1&resize=350%2C200 1x, https:\/\/i0.wp.com\/ismaelcolosi.com.br\/wp-content\/uploads\/2023\/12\/a-melhor-noticia-para-quem-aguarda-pericia-no-inss-acaba-de-chegar.jpg?fit=1200%2C638&ssl=1&resize=525%2C300 1.5x, https:\/\/i0.wp.com\/ismaelcolosi.com.br\/wp-content\/uploads\/2023\/12\/a-melhor-noticia-para-quem-aguarda-pericia-no-inss-acaba-de-chegar.jpg?fit=1200%2C638&ssl=1&resize=700%2C400 2x, https:\/\/i0.wp.com\/ismaelcolosi.com.br\/wp-content\/uploads\/2023\/12\/a-melhor-noticia-para-quem-aguarda-pericia-no-inss-acaba-de-chegar.jpg?fit=1200%2C638&ssl=1&resize=1050%2C600 3x"},"classes":[]},{"id":14522,"url":"https:\/\/ismaelcolosi.com.br\/index.php\/2023\/12\/12\/regras-para-se-aposentar-pelo-inss-ficarao-mais-rigidas-em-2024\/","url_meta":{"origin":16469,"position":4},"title":"Regras para se aposentar pelo INSS ficar\u00e3o mais r\u00edgidas em 2024","author":"ismaelcolosi.com.br","date":"12 de Dezembro de 2023","format":false,"excerpt":"[ad_1] A cada ano que passa, a perspectiva da aposentadoria se afasta ainda mais. Os trabalhadores que almejam se aposentar em 2024 devem estar atentos \u00e0s diretrizes estabelecidas pela reforma da Previd\u00eancia, as quais impactam, entre outros aspectos, o aumento da idade m\u00ednima e do per\u00edodo de contribui\u00e7\u00e3o. Cr\u00e9ditos: Ag\u00eancia\u2026","rel":"","context":"In &quot;Variedades&quot;","block_context":{"text":"Variedades","link":"https:\/\/ismaelcolosi.com.br\/index.php\/category\/variedades\/"},"img":{"alt_text":"","src":"https:\/\/i0.wp.com\/ismaelcolosi.com.br\/wp-content\/uploads\/2023\/12\/concurso-inss.jpg?fit=1200%2C638&ssl=1&resize=350%2C200","width":350,"height":200,"srcset":"https:\/\/i0.wp.com\/ismaelcolosi.com.br\/wp-content\/uploads\/2023\/12\/concurso-inss.jpg?fit=1200%2C638&ssl=1&resize=350%2C200 1x, https:\/\/i0.wp.com\/ismaelcolosi.com.br\/wp-content\/uploads\/2023\/12\/concurso-inss.jpg?fit=1200%2C638&ssl=1&resize=525%2C300 1.5x, https:\/\/i0.wp.com\/ismaelcolosi.com.br\/wp-content\/uploads\/2023\/12\/concurso-inss.jpg?fit=1200%2C638&ssl=1&resize=700%2C400 2x, https:\/\/i0.wp.com\/ismaelcolosi.com.br\/wp-content\/uploads\/2023\/12\/concurso-inss.jpg?fit=1200%2C638&ssl=1&resize=1050%2C600 3x"},"classes":[]},{"id":13510,"url":"https:\/\/ismaelcolosi.com.br\/index.php\/2023\/12\/10\/aposentadoria-especial-do-inss-tera-novas-regras\/","url_meta":{"origin":16469,"position":5},"title":"Aposentadoria especial do INSS ter\u00e1 novas regras","author":"ismaelcolosi.com.br","date":"10 de Dezembro de 2023","format":false,"excerpt":"[ad_1] Cr\u00e9ditos: Ag\u00eancia Brasil\/Marcello CamargoINSS d\u00e1 a melhor not\u00edcia para quem espera concess\u00e3o de benef\u00edcio A aposentadoria especial do INSS, uma das modalidades mais impactadas pela Reforma da Previd\u00eancia de 2019, enfrentar\u00e1 novas altera\u00e7\u00f5es a partir de 2024. Essas mudan\u00e7as afetar\u00e3o diversos aspectos, desde a per\u00edcia m\u00e9dica at\u00e9 as condi\u00e7\u00f5es\u2026","rel":"","context":"In &quot;Variedades&quot;","block_context":{"text":"Variedades","link":"https:\/\/ismaelcolosi.com.br\/index.php\/category\/variedades\/"},"img":{"alt_text":"","src":"https:\/\/i0.wp.com\/ismaelcolosi.com.br\/wp-content\/uploads\/2023\/12\/1702224475_depositphotos-652081292-xl-scaled.jpg?fit=1200%2C638&ssl=1&resize=350%2C200","width":350,"height":200,"srcset":"https:\/\/i0.wp.com\/ismaelcolosi.com.br\/wp-content\/uploads\/2023\/12\/1702224475_depositphotos-652081292-xl-scaled.jpg?fit=1200%2C638&ssl=1&resize=350%2C200 1x, https:\/\/i0.wp.com\/ismaelcolosi.com.br\/wp-content\/uploads\/2023\/12\/1702224475_depositphotos-652081292-xl-scaled.jpg?fit=1200%2C638&ssl=1&resize=525%2C300 1.5x, https:\/\/i0.wp.com\/ismaelcolosi.com.br\/wp-content\/uploads\/2023\/12\/1702224475_depositphotos-652081292-xl-scaled.jpg?fit=1200%2C638&ssl=1&resize=700%2C400 2x, https:\/\/i0.wp.com\/ismaelcolosi.com.br\/wp-content\/uploads\/2023\/12\/1702224475_depositphotos-652081292-xl-scaled.jpg?fit=1200%2C638&ssl=1&resize=1050%2C600 3x"},"classes":[]}],"jetpack_sharing_enabled":true,"jetpack_shortlink":"https:\/\/wp.me\/pfMlyK-4hD","jetpack_featured_media_url":"https:\/\/i0.wp.com\/ismaelcolosi.com.br\/wp-content\/uploads\/2023\/12\/depositphotos-652081062-xl-scaled.jpg?fit=1200%2C638&ssl=1","_links":{"self":[{"href":"https:\/\/ismaelcolosi.com.br\/index.php\/wp-json\/wp\/v2\/posts\/16469","targetHints":{"allow":["GET"]}}],"collection":[{"href":"https:\/\/ismaelcolosi.com.br\/index.php\/wp-json\/wp\/v2\/posts"}],"about":[{"href":"https:\/\/ismaelcolosi.com.br\/index.php\/wp-json\/wp\/v2\/types\/post"}],"author":[{"embeddable":true,"href":"https:\/\/ismaelcolosi.com.br\/index.php\/wp-json\/wp\/v2\/users\/1"}],"replies":[{"embeddable":true,"href":"https:\/\/ismaelcolosi.com.br\/index.php\/wp-json\/wp\/v2\/comments?post=16469"}],"version-history":[{"count":0,"href":"https:\/\/ismaelcolosi.com.br\/index.php\/wp-json\/wp\/v2\/posts\/16469\/revisions"}],"wp:featuredmedia":[{"embeddable":true,"href":"https:\/\/ismaelcolosi.com.br\/index.php\/wp-json\/wp\/v2\/media\/16470"}],"wp:attachment":[{"href":"https:\/\/ismaelcolosi.com.br\/index.php\/wp-json\/wp\/v2\/media?parent=16469"}],"wp:term":[{"taxonomy":"category","embeddable":true,"href":"https:\/\/ismaelcolosi.com.br\/index.php\/wp-json\/wp\/v2\/categories?post=16469"},{"taxonomy":"post_tag","embeddable":true,"href":"https:\/\/ismaelcolosi.com.br\/index.php\/wp-json\/wp\/v2\/tags?post=16469"}],"curies":[{"name":"wp","href":"https:\/\/api.w.org\/{rel}","templated":true}]}}