{"id":16382,"date":"2023-12-15T13:56:09","date_gmt":"2023-12-15T16:56:09","guid":{"rendered":"https:\/\/ismaelcolosi.com.br\/index.php\/2023\/12\/15\/utm_sourcerssutm_mediumrssutm_campaigncorpo-e-encontrado-enterrado-em-cova-rasa-em-serrana\/"},"modified":"2023-12-15T13:56:09","modified_gmt":"2023-12-15T16:56:09","slug":"utm_sourcerssutm_mediumrssutm_campaigncorpo-e-encontrado-enterrado-em-cova-rasa-em-serrana","status":"publish","type":"post","link":"https:\/\/ismaelcolosi.com.br\/index.php\/2023\/12\/15\/utm_sourcerssutm_mediumrssutm_campaigncorpo-e-encontrado-enterrado-em-cova-rasa-em-serrana\/","title":{"rendered":"Corpo \u00e9 encontrado enterrado em cova rasa em Serrana \u2013 X Tudo Ribeir\u00e3o"},"content":{"rendered":"<p> <br \/>\n<\/p>\n<div>\n<p>O corpo de um homem, aparentando cerca de 50 anos, foi localizado na tarde desta quinta-feira (14), no canavial de uma propriedade rural arrendada por uma usina para a planta\u00e7\u00e3o de cana. O cad\u00e1ver foi localizado na cidade de Serrana.<\/p>\n<p>Segundo informa\u00e7\u00f5es do boletim de ocorr\u00eancia, trabalhadores rurais andavam pelo canavial quando avistaram um ve\u00edculo VW Gol prata estacionado de forma suspeita. Imediatamente acionaram a seguran\u00e7a da usina que arrenda a \u00e1rea.<\/p><div class='code-block code-block-8' style='margin: 8px auto; text-align: center; display: block; clear: both;'>\n<script>\n  atOptions = {\n    'key' : '66e2e2111ca34da796271819fc334058',\n    'format' : 'iframe',\n    'height' : 250,\n    'width' : 300,\n    'params' : {}\n  };\n<\/script>\n<script src=\"https:\/\/www.highperformanceformat.com\/66e2e2111ca34da796271819fc334058\/invoke.js\"><\/script>\n<\/div>\n\n<p>Quando os seguran\u00e7as chegaram ao local, n\u00e3o encontraram mais o ve\u00edculo. Pouco adiante de onde estava o carro, localizaram uma cova rasa com o corpo de um homem, com os p\u00e9s ainda descobertos e com cal por cima.<\/p>\n<p>A Pol\u00edcia Militar e a Pol\u00edcia Civil foram chamadas. O local foi isolado para o trabalho de per\u00edcia. O corpo do homem n\u00e3o foi identificado e apresentava sinais de duas perfura\u00e7\u00f5es feitas por disparo de arma de fogo nas costas e abd\u00f4men da v\u00edtima.<\/p>\n<p>Segundo o boletim de ocorr\u00eancia, o homem pode ter sido assassinado em outro local e estariam desovando o corpo no canavial. A cal que cobria o corpo teria sido utilizada com o objetivo de acelerar o processo de decomposi\u00e7\u00e3o.<\/p>\n<p>Depois do trabalho de per\u00edcia, o cad\u00e1ver foi levado para o Instituto M\u00e9dico Legal (IML) de Ribeir\u00e3o Preto para identifica\u00e7\u00e3o e confirma\u00e7\u00e3o da causa da morte. O caso segue em investiga\u00e7\u00e3o. Ainda n\u00e3o h\u00e1 suspeitos.<\/p>\n<figure class=\"is-layout-flex wp-block-gallery-1 wp-block-gallery has-nested-images columns-1 is-cropped\">\n<figure class=\"wp-block-image size-large\"><\/figure>\n<figure class=\"wp-block-image size-large\"><img data-recalc-dims=\"1\" decoding=\"async\" loading=\"lazy\" width=\"651\" height=\"829\" data-id=\"27485\" src=\"https:\/\/i0.wp.com\/xtudoribeirao.com.br\/wp-content\/uploads\/2023\/12\/63df256e-4c4e-4d27-8127-3fc406065973.jpeg?resize=651%2C829&#038;ssl=1\" alt=\"\" class=\"wp-image-27485\" srcset=\"https:\/\/xtudoribeirao.com.br\/wp-content\/uploads\/2023\/12\/63df256e-4c4e-4d27-8127-3fc406065973.jpeg 651w, https:\/\/xtudoribeirao.com.br\/wp-content\/uploads\/2023\/12\/63df256e-4c4e-4d27-8127-3fc406065973-236x300.jpeg 236w\" sizes=\"auto, (max-width: 651px) 100vw, 651px\"\/><\/figure>\n<\/figure><\/div>\n<p><br \/>\n<br \/><a href=\"https:\/\/xtudoribeirao.com.br\/2023\/12\/15\/corpo-e-encontrado-enterrado-em-cova-rasa-em-serrana\/?utm_source=rss&#038;utm_medium=rss&#038;utm_campaign=corpo-e-encontrado-enterrado-em-cova-rasa-em-serrana\">Source link <\/a><\/p>\n<div class='code-block code-block-4' style='margin: 8px auto 8px 0; text-align: left; display: block; clear: both;'>\n\ud83d\udce2 Aviso Legal\n\nO site ismaelcolosi.com.br atua apenas como um canal de divulga\u00e7\u00e3o de oportunidades de emprego e n\u00e3o se responsabiliza pelo processo seletivo, contrata\u00e7\u00e3o ou qualquer outra etapa relacionada \u00e0s vagas publicadas. Todas as informa\u00e7\u00f5es s\u00e3o de responsabilidade dos anunciantes.\n\n\u26a0\ufe0f Aten\u00e7\u00e3o! Nunca pague por promessas de emprego nem compre cursos que garantam contrata\u00e7\u00e3o. Desconfie de qualquer cobran\u00e7a para participar de sele\u00e7\u00f5es.\n\n\n\n<\/div>\n<!-- CONTENT END 1 -->\n","protected":false},"excerpt":{"rendered":"<p>O corpo de um homem, aparentando cerca de 50 anos, foi localizado na tarde desta quinta-feira (14), no canavial de uma propriedade rural arrendada por&#8230;<\/p>\n","protected":false},"author":1,"featured_media":16383,"comment_status":"open","ping_status":"open","sticky":false,"template":"","format":"standard","meta":{"_uag_custom_page_level_css":"","advanced_seo_description":"","jetpack_seo_html_title":"","jetpack_seo_noindex":false,"jetpack_post_was_ever_published":false,"_jetpack_newsletter_access":"","_jetpack_dont_email_post_to_subs":false,"_jetpack_newsletter_tier_id":0,"_jetpack_memberships_contains_paywalled_content":false,"_jetpack_memberships_contains_paid_content":false,"footnotes":"","jetpack_publicize_message":"","jetpack_publicize_feature_enabled":true,"jetpack_social_post_already_shared":true,"jetpack_social_options":{"image_generator_settings":{"template":"highway","default_image_id":0,"font":"","enabled":false},"version":2}},"categories":[11],"tags":[944,2208,404,2189,2209,26,606,43],"class_list":["post-16382","post","type-post","status-publish","format-standard","has-post-thumbnail","hentry","category-noticias-de-ribeirao-preto-sp-e-regiao-ismael-colosi","tag-corpo","tag-cova","tag-encontrado","tag-enterrado","tag-rasa","tag-ribeirao","tag-serrana","tag-tudo"],"jetpack_publicize_connections":[],"jetpack_featured_media_url":"https:\/\/i0.wp.com\/ismaelcolosi.com.br\/wp-content\/uploads\/2023\/12\/e220e5b2-3178-422d-b39a-5305412a48a4.jpeg?fit=1600%2C1200&ssl=1","uagb_featured_image_src":{"full":["https:\/\/i0.wp.com\/ismaelcolosi.com.br\/wp-content\/uploads\/2023\/12\/e220e5b2-3178-422d-b39a-5305412a48a4.jpeg?fit=1600%2C1200&ssl=1",1600,1200,false],"thumbnail":["https:\/\/i0.wp.com\/ismaelcolosi.com.br\/wp-content\/uploads\/2023\/12\/e220e5b2-3178-422d-b39a-5305412a48a4.jpeg?resize=150%2C150&ssl=1",150,150,true],"medium":["https:\/\/i0.wp.com\/ismaelcolosi.com.br\/wp-content\/uploads\/2023\/12\/e220e5b2-3178-422d-b39a-5305412a48a4.jpeg?fit=300%2C225&ssl=1",300,225,true],"medium_large":["https:\/\/i0.wp.com\/ismaelcolosi.com.br\/wp-content\/uploads\/2023\/12\/e220e5b2-3178-422d-b39a-5305412a48a4.jpeg?fit=768%2C576&ssl=1",768,576,true],"large":["https:\/\/i0.wp.com\/ismaelcolosi.com.br\/wp-content\/uploads\/2023\/12\/e220e5b2-3178-422d-b39a-5305412a48a4.jpeg?fit=1024%2C768&ssl=1",1024,768,true],"1536x1536":["https:\/\/i0.wp.com\/ismaelcolosi.com.br\/wp-content\/uploads\/2023\/12\/e220e5b2-3178-422d-b39a-5305412a48a4.jpeg?fit=1536%2C1152&ssl=1",1536,1152,true],"2048x2048":["https:\/\/i0.wp.com\/ismaelcolosi.com.br\/wp-content\/uploads\/2023\/12\/e220e5b2-3178-422d-b39a-5305412a48a4.jpeg?fit=1600%2C1200&ssl=1",1600,1200,true],"really-simple-thumb":["https:\/\/i0.wp.com\/ismaelcolosi.com.br\/wp-content\/uploads\/2023\/12\/e220e5b2-3178-422d-b39a-5305412a48a4.jpeg?resize=370%2C247&ssl=1",370,247,true]},"uagb_author_info":{"display_name":"ismaelcolosi.com.br","author_link":"https:\/\/ismaelcolosi.com.br\/index.php\/author\/vidareal-online\/"},"uagb_comment_info":0,"uagb_excerpt":"O corpo de um homem, aparentando cerca de 50 anos, foi localizado na tarde desta quinta-feira (14), no canavial de uma propriedade rural arrendada por...","jetpack-related-posts":[{"id":32922,"url":"https:\/\/ismaelcolosi.com.br\/index.php\/2024\/01\/26\/policia-reconstitui-homicidio-de-engenheiro-de-batatais\/","url_meta":{"origin":16382,"position":0},"title":"Pol\u00edcia reconstitui homic\u00eddio de engenheiro de Batatais","author":"ismaelcolosi.com.br","date":"26 de January de 2024","format":false,"excerpt":"V\u00edtima teria sido morta ao tirar satisfa\u00e7\u00e3o com homem que teria vendido caminhonete furtada, resultando na pris\u00e3o do engenheiro por recepta\u00e7\u00e3o 26 de janeiro de 2024 | 16:08 3Por: Adalberto LuqueA Pol\u00edcia Civil realizou, nesta sexta-feira (26), a reconstitui\u00e7\u00e3o da morte do engenheiro C\u00e9sar Henrique Rinhel, de 50 anos. A\u2026","rel":"","context":"In &quot;Not\u00edcias de Ribeir\u00e3o Preto-SP e Regi\u00e3o&quot;","block_context":{"text":"Not\u00edcias de Ribeir\u00e3o Preto-SP e Regi\u00e3o","link":"https:\/\/ismaelcolosi.com.br\/index.php\/category\/noticias-de-ribeirao-preto-sp-e-regiao-ismael-colosi\/"},"img":{"alt_text":"","src":"https:\/\/i0.wp.com\/ismaelcolosi.com.br\/wp-content\/uploads\/2024\/01\/00-26-jan-2024-reconstituicao-engenheiro-00-foto-alfredo-risk-scaled.jpg?fit=967%2C645&ssl=1&resize=350%2C200","width":350,"height":200,"srcset":"https:\/\/i0.wp.com\/ismaelcolosi.com.br\/wp-content\/uploads\/2024\/01\/00-26-jan-2024-reconstituicao-engenheiro-00-foto-alfredo-risk-scaled.jpg?fit=967%2C645&ssl=1&resize=350%2C200 1x, https:\/\/i0.wp.com\/ismaelcolosi.com.br\/wp-content\/uploads\/2024\/01\/00-26-jan-2024-reconstituicao-engenheiro-00-foto-alfredo-risk-scaled.jpg?fit=967%2C645&ssl=1&resize=525%2C300 1.5x, https:\/\/i0.wp.com\/ismaelcolosi.com.br\/wp-content\/uploads\/2024\/01\/00-26-jan-2024-reconstituicao-engenheiro-00-foto-alfredo-risk-scaled.jpg?fit=967%2C645&ssl=1&resize=700%2C400 2x"},"classes":[]},{"id":16272,"url":"https:\/\/ismaelcolosi.com.br\/index.php\/2023\/12\/15\/corpo-e-encontrado-em-cova-rasa-na-regiao-de-ribeirao-preto\/","url_meta":{"origin":16382,"position":1},"title":"Corpo \u00e9 encontrado em cova rasa na regi\u00e3o de Ribeir\u00e3o Preto","author":"ismaelcolosi.com.br","date":"15 de December de 2023","format":false,"excerpt":"O corpo de um homem foi encontrado em uma fazenda na zona rural de Serrana, na regi\u00e3o de Ribeir\u00e3o Preto, na tarde da \u00faltima quinta-feira (14). A v\u00edtima foi encontrada ap\u00f3s trabalhadores de uma usina terem avistado um carro suspeito na propriedade. De acordo com o B.O. (boletim de ocorr\u00eancia),\u2026","rel":"","context":"In &quot;Not\u00edcias de Ribeir\u00e3o Preto-SP e Regi\u00e3o&quot;","block_context":{"text":"Not\u00edcias de Ribeir\u00e3o Preto-SP e Regi\u00e3o","link":"https:\/\/ismaelcolosi.com.br\/index.php\/category\/noticias-de-ribeirao-preto-sp-e-regiao-ismael-colosi\/"},"img":{"alt_text":"","src":"https:\/\/i0.wp.com\/ismaelcolosi.com.br\/wp-content\/uploads\/2023\/12\/1702645712_cpj_1024x576_04082020121137.jpg?fit=1024%2C575&ssl=1&resize=350%2C200","width":350,"height":200,"srcset":"https:\/\/i0.wp.com\/ismaelcolosi.com.br\/wp-content\/uploads\/2023\/12\/1702645712_cpj_1024x576_04082020121137.jpg?fit=1024%2C575&ssl=1&resize=350%2C200 1x, https:\/\/i0.wp.com\/ismaelcolosi.com.br\/wp-content\/uploads\/2023\/12\/1702645712_cpj_1024x576_04082020121137.jpg?fit=1024%2C575&ssl=1&resize=525%2C300 1.5x, https:\/\/i0.wp.com\/ismaelcolosi.com.br\/wp-content\/uploads\/2023\/12\/1702645712_cpj_1024x576_04082020121137.jpg?fit=1024%2C575&ssl=1&resize=700%2C400 2x"},"classes":[]},{"id":33089,"url":"https:\/\/ismaelcolosi.com.br\/index.php\/2024\/01\/27\/o-que-se-sabe-sobre-engenheiro-morto-e-enterrado-na-zona-rural-de-cidade-na-regiao-de-ribeirao\/","url_meta":{"origin":16382,"position":2},"title":"O que se sabe sobre engenheiro morto e enterrado na zona rural de cidade na regi\u00e3o de Ribeir\u00e3o","author":"ismaelcolosi.com.br","date":"27 de January de 2024","format":false,"excerpt":"A Pol\u00edcia Civil investiga a morte do engenheiro C\u00e9sar Henrique Rinhel, de 50 anos, assassinado em dezembro de 2023, em uma oficina da zona Norte de Ribeir\u00e3o Preto. O corpo da v\u00edtima foi localizado em uma fazenda na zona rural de Serrana, ap\u00f3s trabalhadores de uma usina terem avistado um\u2026","rel":"","context":"In &quot;Not\u00edcias de Ribeir\u00e3o Preto-SP e Regi\u00e3o&quot;","block_context":{"text":"Not\u00edcias de Ribeir\u00e3o Preto-SP e Regi\u00e3o","link":"https:\/\/ismaelcolosi.com.br\/index.php\/category\/noticias-de-ribeirao-preto-sp-e-regiao-ismael-colosi\/"},"img":{"alt_text":"","src":"https:\/\/i0.wp.com\/ismaelcolosi.com.br\/wp-content\/uploads\/2024\/01\/Copia-de-Copia-de-TAMANHO-EXATO-PARA-FOTOS-NO-SISTEMA-NOVO-4-1.jpg?fit=1200%2C675&ssl=1&resize=350%2C200","width":350,"height":200,"srcset":"https:\/\/i0.wp.com\/ismaelcolosi.com.br\/wp-content\/uploads\/2024\/01\/Copia-de-Copia-de-TAMANHO-EXATO-PARA-FOTOS-NO-SISTEMA-NOVO-4-1.jpg?fit=1200%2C675&ssl=1&resize=350%2C200 1x, https:\/\/i0.wp.com\/ismaelcolosi.com.br\/wp-content\/uploads\/2024\/01\/Copia-de-Copia-de-TAMANHO-EXATO-PARA-FOTOS-NO-SISTEMA-NOVO-4-1.jpg?fit=1200%2C675&ssl=1&resize=525%2C300 1.5x, https:\/\/i0.wp.com\/ismaelcolosi.com.br\/wp-content\/uploads\/2024\/01\/Copia-de-Copia-de-TAMANHO-EXATO-PARA-FOTOS-NO-SISTEMA-NOVO-4-1.jpg?fit=1200%2C675&ssl=1&resize=700%2C400 2x, https:\/\/i0.wp.com\/ismaelcolosi.com.br\/wp-content\/uploads\/2024\/01\/Copia-de-Copia-de-TAMANHO-EXATO-PARA-FOTOS-NO-SISTEMA-NOVO-4-1.jpg?fit=1200%2C675&ssl=1&resize=1050%2C600 3x"},"classes":[]},{"id":16870,"url":"https:\/\/ismaelcolosi.com.br\/index.php\/2023\/12\/16\/policia-civil-de-ribeirao-preto-prende-acusado-de-sequestro-e-latrocinio\/","url_meta":{"origin":16382,"position":3},"title":"Pol\u00edcia Civil de Ribeir\u00e3o Preto prende acusado de sequestro e latroc\u00ednio","author":"ismaelcolosi.com.br","date":"16 de December de 2023","format":false,"excerpt":"A Pol\u00edcia Civil prendeu neste s\u00e1bado (16) o acusado de ter sequestrado e matado outro homem em Ribeir\u00e3o Preto. O corpo da v\u00edtima, de 50 anos, foi encontrado em uma cova rasa aberta em uma fazenda de Serrana, na \u00faltima quinta-feira (14). A v\u00edtima vivia em Batatais e foi encontrada\u2026","rel":"","context":"In &quot;Not\u00edcias de Ribeir\u00e3o Preto-SP e Regi\u00e3o&quot;","block_context":{"text":"Not\u00edcias de Ribeir\u00e3o Preto-SP e Regi\u00e3o","link":"https:\/\/ismaelcolosi.com.br\/index.php\/category\/noticias-de-ribeirao-preto-sp-e-regiao-ismael-colosi\/"},"img":{"alt_text":"","src":"https:\/\/i0.wp.com\/ismaelcolosi.com.br\/wp-content\/uploads\/2023\/12\/carro-da-vitima.jpg?fit=899%2C721&ssl=1&resize=350%2C200","width":350,"height":200,"srcset":"https:\/\/i0.wp.com\/ismaelcolosi.com.br\/wp-content\/uploads\/2023\/12\/carro-da-vitima.jpg?fit=899%2C721&ssl=1&resize=350%2C200 1x, https:\/\/i0.wp.com\/ismaelcolosi.com.br\/wp-content\/uploads\/2023\/12\/carro-da-vitima.jpg?fit=899%2C721&ssl=1&resize=525%2C300 1.5x, https:\/\/i0.wp.com\/ismaelcolosi.com.br\/wp-content\/uploads\/2023\/12\/carro-da-vitima.jpg?fit=899%2C721&ssl=1&resize=700%2C400 2x"},"classes":[]},{"id":13210,"url":"https:\/\/ismaelcolosi.com.br\/index.php\/2023\/12\/09\/corpo-de-homem-e-encontrado-em-canavial-da-regiao-de-ribeirao-preto\/","url_meta":{"origin":16382,"position":4},"title":"Corpo de homem \u00e9 encontrado em canavial da regi\u00e3o de Ribeir\u00e3o Preto","author":"ismaelcolosi.com.br","date":"9 de December de 2023","format":false,"excerpt":"O corpo de um homem foi encontrado em um canavial, na Rodovia Candido Portinari, em Batatais, a 40 quil\u00f4metros de Ribeir\u00e3o Preto. Funcion\u00e1rios de uma usina passavam pelo canavial, na tarde da sexta-feira (8), quando perceberam o corpo. A v\u00edtima tem marcas no corpo que sugerem que a causa da\u2026","rel":"","context":"In &quot;Not\u00edcias de Ribeir\u00e3o Preto-SP e Regi\u00e3o&quot;","block_context":{"text":"Not\u00edcias de Ribeir\u00e3o Preto-SP e Regi\u00e3o","link":"https:\/\/ismaelcolosi.com.br\/index.php\/category\/noticias-de-ribeirao-preto-sp-e-regiao-ismael-colosi\/"},"img":{"alt_text":"","src":"https:\/\/i0.wp.com\/ismaelcolosi.com.br\/wp-content\/uploads\/2023\/12\/WhatsApp-Image-2023-12-09-at-13.55.44.jpeg?fit=1024%2C576&ssl=1&resize=350%2C200","width":350,"height":200,"srcset":"https:\/\/i0.wp.com\/ismaelcolosi.com.br\/wp-content\/uploads\/2023\/12\/WhatsApp-Image-2023-12-09-at-13.55.44.jpeg?fit=1024%2C576&ssl=1&resize=350%2C200 1x, https:\/\/i0.wp.com\/ismaelcolosi.com.br\/wp-content\/uploads\/2023\/12\/WhatsApp-Image-2023-12-09-at-13.55.44.jpeg?fit=1024%2C576&ssl=1&resize=525%2C300 1.5x, https:\/\/i0.wp.com\/ismaelcolosi.com.br\/wp-content\/uploads\/2023\/12\/WhatsApp-Image-2023-12-09-at-13.55.44.jpeg?fit=1024%2C576&ssl=1&resize=700%2C400 2x"},"classes":[]},{"id":67204,"url":"https:\/\/ismaelcolosi.com.br\/index.php\/2024\/09\/21\/homem-e-suspeito-de-colocar-fogo-em-canavial-para-fugir-da-policia-na-regiao-de-ribeirao\/","url_meta":{"origin":16382,"position":5},"title":"Homem \u00e9 suspeito de colocar fogo em canavial para fugir da pol\u00edcia na regi\u00e3o de Ribeir\u00e3o","author":"ismaelcolosi.com.br","date":"21 de September de 2024","format":false,"excerpt":"Um homem \u00e9 suspeito de colocar fogo em um canavial \u00e0s margens da rodovia Anhanguera (SP-330) enquanto tentava fugir da pol\u00edcia na noite desta sexta-feira (20), em S\u00e3o Sim\u00e3o, cidade na regi\u00e3o de Ribeir\u00e3o Preto \u2013 veja v\u00eddeo abaixo. Conforme a Pol\u00edcia Militar (PM), dois homens foram abordados em um\u2026","rel":"","context":"In &quot;Not\u00edcias de Ribeir\u00e3o Preto-SP e Regi\u00e3o&quot;","block_context":{"text":"Not\u00edcias de Ribeir\u00e3o Preto-SP e Regi\u00e3o","link":"https:\/\/ismaelcolosi.com.br\/index.php\/category\/noticias-de-ribeirao-preto-sp-e-regiao-ismael-colosi\/"},"img":{"alt_text":"","src":"https:\/\/i0.wp.com\/ismaelcolosi.com.br\/wp-content\/uploads\/2024\/09\/Copia-de-Copia-de-Copia-de-TAMANHO-EXATO-PARA-FOTOS-NO-SISTEMA-NOVO-66_2024-09-21_17-32-46_png_2024-09-21_17-32-46.webp.webp?fit=1200%2C675&ssl=1&resize=350%2C200","width":350,"height":200,"srcset":"https:\/\/i0.wp.com\/ismaelcolosi.com.br\/wp-content\/uploads\/2024\/09\/Copia-de-Copia-de-Copia-de-TAMANHO-EXATO-PARA-FOTOS-NO-SISTEMA-NOVO-66_2024-09-21_17-32-46_png_2024-09-21_17-32-46.webp.webp?fit=1200%2C675&ssl=1&resize=350%2C200 1x, https:\/\/i0.wp.com\/ismaelcolosi.com.br\/wp-content\/uploads\/2024\/09\/Copia-de-Copia-de-Copia-de-TAMANHO-EXATO-PARA-FOTOS-NO-SISTEMA-NOVO-66_2024-09-21_17-32-46_png_2024-09-21_17-32-46.webp.webp?fit=1200%2C675&ssl=1&resize=525%2C300 1.5x, https:\/\/i0.wp.com\/ismaelcolosi.com.br\/wp-content\/uploads\/2024\/09\/Copia-de-Copia-de-Copia-de-TAMANHO-EXATO-PARA-FOTOS-NO-SISTEMA-NOVO-66_2024-09-21_17-32-46_png_2024-09-21_17-32-46.webp.webp?fit=1200%2C675&ssl=1&resize=700%2C400 2x, https:\/\/i0.wp.com\/ismaelcolosi.com.br\/wp-content\/uploads\/2024\/09\/Copia-de-Copia-de-Copia-de-TAMANHO-EXATO-PARA-FOTOS-NO-SISTEMA-NOVO-66_2024-09-21_17-32-46_png_2024-09-21_17-32-46.webp.webp?fit=1200%2C675&ssl=1&resize=1050%2C600 3x"},"classes":[]}],"jetpack_sharing_enabled":true,"jetpack_shortlink":"https:\/\/wp.me\/pfMlyK-4ge","_links":{"self":[{"href":"https:\/\/ismaelcolosi.com.br\/index.php\/wp-json\/wp\/v2\/posts\/16382","targetHints":{"allow":["GET"]}}],"collection":[{"href":"https:\/\/ismaelcolosi.com.br\/index.php\/wp-json\/wp\/v2\/posts"}],"about":[{"href":"https:\/\/ismaelcolosi.com.br\/index.php\/wp-json\/wp\/v2\/types\/post"}],"author":[{"embeddable":true,"href":"https:\/\/ismaelcolosi.com.br\/index.php\/wp-json\/wp\/v2\/users\/1"}],"replies":[{"embeddable":true,"href":"https:\/\/ismaelcolosi.com.br\/index.php\/wp-json\/wp\/v2\/comments?post=16382"}],"version-history":[{"count":0,"href":"https:\/\/ismaelcolosi.com.br\/index.php\/wp-json\/wp\/v2\/posts\/16382\/revisions"}],"wp:featuredmedia":[{"embeddable":true,"href":"https:\/\/ismaelcolosi.com.br\/index.php\/wp-json\/wp\/v2\/media\/16383"}],"wp:attachment":[{"href":"https:\/\/ismaelcolosi.com.br\/index.php\/wp-json\/wp\/v2\/media?parent=16382"}],"wp:term":[{"taxonomy":"category","embeddable":true,"href":"https:\/\/ismaelcolosi.com.br\/index.php\/wp-json\/wp\/v2\/categories?post=16382"},{"taxonomy":"post_tag","embeddable":true,"href":"https:\/\/ismaelcolosi.com.br\/index.php\/wp-json\/wp\/v2\/tags?post=16382"}],"curies":[{"name":"wp","href":"https:\/\/api.w.org\/{rel}","templated":true}]}}