{"id":16378,"date":"2023-12-15T13:49:40","date_gmt":"2023-12-15T16:49:40","guid":{"rendered":"https:\/\/ismaelcolosi.com.br\/index.php\/2023\/12\/15\/com-novo-visual-lexa-ganha-ajudinha-e-beijos-do-namorado-em-ensaio-de-carnaval\/"},"modified":"2023-12-15T13:49:40","modified_gmt":"2023-12-15T16:49:40","slug":"com-novo-visual-lexa-ganha-ajudinha-e-beijos-do-namorado-em-ensaio-de-carnaval","status":"publish","type":"post","link":"https:\/\/ismaelcolosi.com.br\/index.php\/2023\/12\/15\/com-novo-visual-lexa-ganha-ajudinha-e-beijos-do-namorado-em-ensaio-de-carnaval\/","title":{"rendered":"Com novo visual, Lexa ganha ajudinha e beijos do namorado em ensaio de Carnaval"},"content":{"rendered":"<p> [ad_1]<br \/>\n<\/p>\n<div itemprop=\"text\">\n<p>O ano novo ainda n\u00e3o iniciou, mas outro assunto tamb\u00e9m anda na boca e no p\u00e9 do povo. O carnaval 2024 j\u00e1 est\u00e1 sendo aquecido pelas escolas de samba e suas estrelas que comp\u00f5e.<\/p>\n<p>A cantora Lexa \u00e9 Rainha de Bateria da Unidos da Tijuca e na noite da quinta feira, 14 de dezembro, ela e o namorado, Ricardo Vianna, marcaram presen\u00e7a no ensaio da escola.<\/p>\n<p>Ricardo n\u00e3o s\u00f3 acompanha a amada de pertinho como tamb\u00e9m est\u00e1 ali \u00e0 postos para qualquer coisa que a cantora precise. Ele apareceu ajudando Lexa a amarrar a sand\u00e1lia durante o evento.<\/p>\n<p>A cantora est\u00e1 de visual novo, escureceu os fios. Em entrevista a revista Quem, ela falou que sua mudan\u00e7a de visual representa tamb\u00e9m uma nova fase e tamb\u00e9m foi feita para o carnaval.<\/p>\n<p>Ela contou que leva o namorado para a quada da Unidos da Tijuca e foi a primeira vez do ator em um ensaio feito na rua. Os dois foram clicados trocando beijos durante o evento.<\/p>\n<p>Ainda em entrevista, Lexa deu detalhes sobre sua fantasia que ser\u00e1 usada no grande dia. Segundo ela, o p\u00fablico pode esperar por algo que ela descreveu como \u201cfant\u00e1stica\u201d.<\/p>\n<p>O casal est\u00e1 junto desde o in\u00edcio de novembro, quando foi publicado no perfil da cantora momentos com o namorado em viagem. Os dois estavam em Noronha quando ela disse ter achado Ricardo e \u201cpegou para ela\u201d. Mesmo em meio algumas cr\u00edticas, os dois seguem postando registros do amor entre eles.<\/p>\n<\/div>\n<p>[ad_2]<br \/>\n<br \/><a href=\"https:\/\/fnmais.com\/com-novo-visual-lexa-ganha-ajudinha-beijos-namorado-em-ensaio-carnaval\/\" target=\"_blank\" rel=\"noopener\">Source link <\/a><\/p>\n<div class='code-block code-block-4' style='margin: 8px auto 8px 0; text-align: left; display: block; clear: both;'>\n\ud83d\udce2 Aviso Legal\n\nO site ismaelcolosi.com.br atua apenas como um canal de divulga\u00e7\u00e3o de oportunidades de emprego e n\u00e3o se responsabiliza pelo processo seletivo, contrata\u00e7\u00e3o ou qualquer outra etapa relacionada \u00e0s vagas publicadas. Todas as informa\u00e7\u00f5es s\u00e3o de responsabilidade dos anunciantes.\n\n\u26a0\ufe0f Aten\u00e7\u00e3o! Nunca pague por promessas de emprego nem compre cursos que garantam contrata\u00e7\u00e3o. Desconfie de qualquer cobran\u00e7a para participar de sele\u00e7\u00f5es.\n\n\n\n<\/div>\n<!-- CONTENT END 1 -->\n","protected":false},"excerpt":{"rendered":"<p>[ad_1] O ano novo ainda n\u00e3o iniciou, mas outro assunto tamb\u00e9m anda na boca e no p\u00e9 do povo. O carnaval 2024 j\u00e1 est\u00e1 sendo aquecido pelas escolas de samba e suas estrelas que comp\u00f5e. A cantora Lexa \u00e9 Rainha de Bateria da Unidos da Tijuca e na noite da quinta feira, 14 de dezembro,&hellip;&nbsp;<\/p>\n","protected":false},"author":1,"featured_media":16379,"comment_status":"open","ping_status":"open","sticky":false,"template":"","format":"standard","meta":{"_uag_custom_page_level_css":"","neve_meta_sidebar":"","neve_meta_container":"","neve_meta_enable_content_width":"","neve_meta_content_width":0,"neve_meta_title_alignment":"","neve_meta_author_avatar":"","neve_post_elements_order":"","neve_meta_disable_header":"","neve_meta_disable_footer":"","neve_meta_disable_title":"","_jetpack_newsletter_access":"","_jetpack_dont_email_post_to_subs":false,"_jetpack_newsletter_tier_id":0,"_jetpack_memberships_contains_paywalled_content":false,"_jetpack_memberships_contains_paid_content":false,"footnotes":""},"categories":[1],"tags":[],"class_list":["post-16378","post","type-post","status-publish","format-standard","has-post-thumbnail","hentry","category-blog"],"uagb_featured_image_src":{"full":["https:\/\/i0.wp.com\/ismaelcolosi.com.br\/wp-content\/uploads\/2023\/12\/postimg-657c696fa9abc9052.jpg?fit=1200%2C628&ssl=1",1200,628,false],"thumbnail":["https:\/\/i0.wp.com\/ismaelcolosi.com.br\/wp-content\/uploads\/2023\/12\/postimg-657c696fa9abc9052.jpg?resize=150%2C150&ssl=1",150,150,true],"medium":["https:\/\/i0.wp.com\/ismaelcolosi.com.br\/wp-content\/uploads\/2023\/12\/postimg-657c696fa9abc9052.jpg?fit=300%2C157&ssl=1",300,157,true],"medium_large":["https:\/\/i0.wp.com\/ismaelcolosi.com.br\/wp-content\/uploads\/2023\/12\/postimg-657c696fa9abc9052.jpg?fit=768%2C402&ssl=1",768,402,true],"large":["https:\/\/i0.wp.com\/ismaelcolosi.com.br\/wp-content\/uploads\/2023\/12\/postimg-657c696fa9abc9052.jpg?fit=1024%2C536&ssl=1",1024,536,true],"1536x1536":["https:\/\/i0.wp.com\/ismaelcolosi.com.br\/wp-content\/uploads\/2023\/12\/postimg-657c696fa9abc9052.jpg?fit=1200%2C628&ssl=1",1200,628,true],"2048x2048":["https:\/\/i0.wp.com\/ismaelcolosi.com.br\/wp-content\/uploads\/2023\/12\/postimg-657c696fa9abc9052.jpg?fit=1200%2C628&ssl=1",1200,628,true],"neve-blog":["https:\/\/i0.wp.com\/ismaelcolosi.com.br\/wp-content\/uploads\/2023\/12\/postimg-657c696fa9abc9052.jpg?resize=930%2C620&ssl=1",930,620,true]},"uagb_author_info":{"display_name":"ismaelcolosi.com.br","author_link":"https:\/\/ismaelcolosi.com.br\/author\/vidareal-online\/"},"uagb_comment_info":0,"uagb_excerpt":"[ad_1] O ano novo ainda n\u00e3o iniciou, mas outro assunto tamb\u00e9m anda na boca e no p\u00e9 do povo. O carnaval 2024 j\u00e1 est\u00e1 sendo aquecido pelas escolas de samba e suas estrelas que comp\u00f5e. A cantora Lexa \u00e9 Rainha de Bateria da Unidos da Tijuca e na noite da quinta feira, 14 de dezembro,&hellip;&nbsp;","jetpack-related-posts":[{"id":19511,"url":"https:\/\/ismaelcolosi.com.br\/index.php\/2023\/12\/22\/mc-guime-quebra-silencio-e-fala-sobre-suposto-romance-que-esta-vivendo\/","url_meta":{"origin":16378,"position":0},"title":"MC Guim\u00ea quebra sil\u00eancio e fala sobre suposto romance que est\u00e1 vivendo","author":"ismaelcolosi.com.br","date":"22 de Dezembro de 2023","format":false,"excerpt":"[ad_1] Cheiro de romance no ar. Alguns internautas come\u00e7aram a notar a circula\u00e7\u00e3o de not\u00edcias sobre uma suposta nova dona para o cora\u00e7\u00e3o de MC Guim\u00ea.Os boatos come\u00e7aram a apontar que o MC estaria vivendo um romance com a criadora de conte\u00fado digital no TikTok Laura Suede. Parece que todo\u2026","rel":"","context":"In &quot;Blog&quot;","block_context":{"text":"Blog","link":"https:\/\/ismaelcolosi.com.br\/index.php\/category\/blog\/"},"img":{"alt_text":"","src":"https:\/\/i0.wp.com\/ismaelcolosi.com.br\/wp-content\/uploads\/2023\/12\/postimg-6585cd9dbbab05794.jpg?fit=1200%2C628&ssl=1&resize=350%2C200","width":350,"height":200,"srcset":"https:\/\/i0.wp.com\/ismaelcolosi.com.br\/wp-content\/uploads\/2023\/12\/postimg-6585cd9dbbab05794.jpg?fit=1200%2C628&ssl=1&resize=350%2C200 1x, https:\/\/i0.wp.com\/ismaelcolosi.com.br\/wp-content\/uploads\/2023\/12\/postimg-6585cd9dbbab05794.jpg?fit=1200%2C628&ssl=1&resize=525%2C300 1.5x, https:\/\/i0.wp.com\/ismaelcolosi.com.br\/wp-content\/uploads\/2023\/12\/postimg-6585cd9dbbab05794.jpg?fit=1200%2C628&ssl=1&resize=700%2C400 2x, https:\/\/i0.wp.com\/ismaelcolosi.com.br\/wp-content\/uploads\/2023\/12\/postimg-6585cd9dbbab05794.jpg?fit=1200%2C628&ssl=1&resize=1050%2C600 3x"},"classes":[]},{"id":29780,"url":"https:\/\/ismaelcolosi.com.br\/index.php\/2024\/01\/19\/chega-triste-noticia-sobre-o-cantor-belo-apos-ele-dar-entrada-em-hospital\/","url_meta":{"origin":16378,"position":1},"title":"Chega triste not\u00edcia sobre o cantor Belo ap\u00f3s ele dar entrada em hospital","author":"ismaelcolosi.com.br","date":"19 de Janeiro de 2024","format":false,"excerpt":"[ad_1] Os f\u00e3s do cantor Belo, um dos mais queridos nomes do meio art\u00edstico brasileiro, receberam uma triste not\u00edcia a seu respeito nesta semana. \u00c9 que o famoso, que te 49 anos de idade, foi diagnosticado com um problema de sa\u00fade, que o impediu que continuar sua agenda de shows.De\u2026","rel":"","context":"In &quot;Blog&quot;","block_context":{"text":"Blog","link":"https:\/\/ismaelcolosi.com.br\/index.php\/category\/blog\/"},"img":{"alt_text":"","src":"https:\/\/i0.wp.com\/ismaelcolosi.com.br\/wp-content\/uploads\/2024\/01\/postimg-65aa85be1c2cf5558.jpg?fit=1200%2C628&ssl=1&resize=350%2C200","width":350,"height":200,"srcset":"https:\/\/i0.wp.com\/ismaelcolosi.com.br\/wp-content\/uploads\/2024\/01\/postimg-65aa85be1c2cf5558.jpg?fit=1200%2C628&ssl=1&resize=350%2C200 1x, https:\/\/i0.wp.com\/ismaelcolosi.com.br\/wp-content\/uploads\/2024\/01\/postimg-65aa85be1c2cf5558.jpg?fit=1200%2C628&ssl=1&resize=525%2C300 1.5x, https:\/\/i0.wp.com\/ismaelcolosi.com.br\/wp-content\/uploads\/2024\/01\/postimg-65aa85be1c2cf5558.jpg?fit=1200%2C628&ssl=1&resize=700%2C400 2x, https:\/\/i0.wp.com\/ismaelcolosi.com.br\/wp-content\/uploads\/2024\/01\/postimg-65aa85be1c2cf5558.jpg?fit=1200%2C628&ssl=1&resize=1050%2C600 3x"},"classes":[]},{"id":33424,"url":"https:\/\/ismaelcolosi.com.br\/index.php\/2024\/01\/29\/aviao-de-cantor-sertanejo-e-pai-do-filho-de-marilia-mendonca-cai-em-vala-e-o-pior-acontece-ele-ver-mais\/","url_meta":{"origin":16378,"position":2},"title":"Avi\u00e3o de cantor sertanejo e pai do filho de MAR\u00cdLIA MENDON\u00c7A ca\u00ed em VALA e o PIOR ACONTECE: &#8220;Ele&#8230;Ver mais","author":"ismaelcolosi.com.br","date":"29 de Janeiro de 2024","format":false,"excerpt":"[ad_1] O avi\u00e3o do cantor sertanejo Murilo Huff sofreu problemas e caiu em uma vala nesta segunda (29) e o acidente deixou muitas pessoas preocupadas com o estado de sa\u00fade do cantor. O caso aconteceu no Aeroporto Santa Genoveva, localizado em Goi\u00e2nia e atrav\u00e9s do Instagram a equipe de Murillo\u2026","rel":"","context":"In &quot;Variedades&quot;","block_context":{"text":"Variedades","link":"https:\/\/ismaelcolosi.com.br\/index.php\/category\/variedades\/"},"img":{"alt_text":"","src":"https:\/\/i0.wp.com\/ismaelcolosi.com.br\/wp-content\/uploads\/2024\/01\/Apresentacao-sem-titulo-1.png?fit=960%2C540&ssl=1&resize=350%2C200","width":350,"height":200,"srcset":"https:\/\/i0.wp.com\/ismaelcolosi.com.br\/wp-content\/uploads\/2024\/01\/Apresentacao-sem-titulo-1.png?fit=960%2C540&ssl=1&resize=350%2C200 1x, https:\/\/i0.wp.com\/ismaelcolosi.com.br\/wp-content\/uploads\/2024\/01\/Apresentacao-sem-titulo-1.png?fit=960%2C540&ssl=1&resize=525%2C300 1.5x, https:\/\/i0.wp.com\/ismaelcolosi.com.br\/wp-content\/uploads\/2024\/01\/Apresentacao-sem-titulo-1.png?fit=960%2C540&ssl=1&resize=700%2C400 2x"},"classes":[]},{"id":33432,"url":"https:\/\/ismaelcolosi.com.br\/index.php\/2024\/01\/29\/aviao-de-murilo-huff-cai-em-vala-e-noticia-e-confirmada-ele-ver-mais\/","url_meta":{"origin":16378,"position":3},"title":"Avi\u00e3o de Murilo Huff cai em vala e not\u00edcia \u00e9 CONFIRMADA: &#8220;Ele\u2026 Ver mais","author":"ismaelcolosi.com.br","date":"29 de Janeiro de 2024","format":false,"excerpt":"[ad_1] O avi\u00e3o do cantor sertanejo Murilo Huff sofreu problemas e caiu em uma vala nesta segunda (29) e o acidente deixou muitas pessoas preocupadas com o estado de sa\u00fade do cantor. O caso aconteceu no Aeroporto Santa Genoveva, localizado em Goi\u00e2nia e atrav\u00e9s do Instagram a equipe de Murillo\u2026","rel":"","context":"In &quot;Variedades&quot;","block_context":{"text":"Variedades","link":"https:\/\/ismaelcolosi.com.br\/index.php\/category\/variedades\/"},"img":{"alt_text":"","src":"https:\/\/i0.wp.com\/ismaelcolosi.com.br\/wp-content\/uploads\/2024\/01\/1706553813_Apresentacao-sem-titulo-1.png?fit=960%2C540&ssl=1&resize=350%2C200","width":350,"height":200,"srcset":"https:\/\/i0.wp.com\/ismaelcolosi.com.br\/wp-content\/uploads\/2024\/01\/1706553813_Apresentacao-sem-titulo-1.png?fit=960%2C540&ssl=1&resize=350%2C200 1x, https:\/\/i0.wp.com\/ismaelcolosi.com.br\/wp-content\/uploads\/2024\/01\/1706553813_Apresentacao-sem-titulo-1.png?fit=960%2C540&ssl=1&resize=525%2C300 1.5x, https:\/\/i0.wp.com\/ismaelcolosi.com.br\/wp-content\/uploads\/2024\/01\/1706553813_Apresentacao-sem-titulo-1.png?fit=960%2C540&ssl=1&resize=700%2C400 2x"},"classes":[]},{"id":31109,"url":"https:\/\/ismaelcolosi.com.br\/index.php\/2024\/01\/21\/top-10-musicas-de-funk-mais-tocadas-em-2024-mundo-top-10\/","url_meta":{"origin":16378,"position":4},"title":"Top 10 m\u00fasicas de Funk mais tocadas em 2024 \u2022 Mundo Top 10","author":"ismaelcolosi.com.br","date":"21 de Janeiro de 2024","format":false,"excerpt":"[ad_1] Confira quais s\u00e3o as m\u00fasicas de funk mais tocadas. Ou\u00e7a a playlist das melhores m\u00fasicas de funk mais tocadas nas r\u00e1dios do Brasil. S\u00e3o os maiores sucessos do g\u00eanero funk carioca e paulista que os ouvintes mais pedem para tocar, assim como para executar no Youtube. Portanto, aproveite para\u2026","rel":"","context":"In &quot;Blog&quot;","block_context":{"text":"Blog","link":"https:\/\/ismaelcolosi.com.br\/index.php\/category\/blog\/"},"img":{"alt_text":"","src":"https:\/\/i0.wp.com\/ismaelcolosi.com.br\/wp-content\/uploads\/2024\/01\/Musicas-de-funk-mais-tocadas.jpg?fit=1200%2C848&ssl=1&resize=350%2C200","width":350,"height":200,"srcset":"https:\/\/i0.wp.com\/ismaelcolosi.com.br\/wp-content\/uploads\/2024\/01\/Musicas-de-funk-mais-tocadas.jpg?fit=1200%2C848&ssl=1&resize=350%2C200 1x, https:\/\/i0.wp.com\/ismaelcolosi.com.br\/wp-content\/uploads\/2024\/01\/Musicas-de-funk-mais-tocadas.jpg?fit=1200%2C848&ssl=1&resize=525%2C300 1.5x, https:\/\/i0.wp.com\/ismaelcolosi.com.br\/wp-content\/uploads\/2024\/01\/Musicas-de-funk-mais-tocadas.jpg?fit=1200%2C848&ssl=1&resize=700%2C400 2x, https:\/\/i0.wp.com\/ismaelcolosi.com.br\/wp-content\/uploads\/2024\/01\/Musicas-de-funk-mais-tocadas.jpg?fit=1200%2C848&ssl=1&resize=1050%2C600 3x"},"classes":[]},{"id":69099,"url":"https:\/\/ismaelcolosi.com.br\/index.php\/2024\/10\/03\/anitta-confirma-pre-carnaval-em-ribeirao-preto\/","url_meta":{"origin":16378,"position":5},"title":"Anitta confirma pr\u00e9-carnaval em Ribeir\u00e3o Preto","author":"ismaelcolosi.com.br","date":"3 de Outubro de 2024","format":false,"excerpt":"[ad_1] Anitta\u00a0anunciou, nesta quinta-feira (3), as datas do projeto\u00a0Ensaios da Anitta\u00a0para 2025. Em Ribeir\u00e3o Preto, o evento acontecer\u00e1 no dia 26 de janeiro de 2025. O local ainda n\u00e3o foi divulgado, mas as vendas dos ingressos come\u00e7am no dia 9 de outubro. Para o pr\u00f3ximo ano, a cantora elegeu o\u2026","rel":"","context":"In &quot;Not\u00edcias de Ribeir\u00e3o Preto-SP e Regi\u00e3o&quot;","block_context":{"text":"Not\u00edcias de Ribeir\u00e3o Preto-SP e Regi\u00e3o","link":"https:\/\/ismaelcolosi.com.br\/index.php\/category\/noticias-de-ribeirao-preto-sp-e-regiao-ismael-colosi\/"},"img":{"alt_text":"","src":"https:\/\/i0.wp.com\/ismaelcolosi.com.br\/wp-content\/uploads\/2024\/10\/Copia-de-Copia-de-Copia-de-TAMANHO-EXATO-PARA-FOTOS-NO-SISTEMA-NOVO-57_2024-10-03_15-56-49_png_2024-10-03_15-56-49.webp.webp?fit=1200%2C675&ssl=1&resize=350%2C200","width":350,"height":200,"srcset":"https:\/\/i0.wp.com\/ismaelcolosi.com.br\/wp-content\/uploads\/2024\/10\/Copia-de-Copia-de-Copia-de-TAMANHO-EXATO-PARA-FOTOS-NO-SISTEMA-NOVO-57_2024-10-03_15-56-49_png_2024-10-03_15-56-49.webp.webp?fit=1200%2C675&ssl=1&resize=350%2C200 1x, https:\/\/i0.wp.com\/ismaelcolosi.com.br\/wp-content\/uploads\/2024\/10\/Copia-de-Copia-de-Copia-de-TAMANHO-EXATO-PARA-FOTOS-NO-SISTEMA-NOVO-57_2024-10-03_15-56-49_png_2024-10-03_15-56-49.webp.webp?fit=1200%2C675&ssl=1&resize=525%2C300 1.5x, https:\/\/i0.wp.com\/ismaelcolosi.com.br\/wp-content\/uploads\/2024\/10\/Copia-de-Copia-de-Copia-de-TAMANHO-EXATO-PARA-FOTOS-NO-SISTEMA-NOVO-57_2024-10-03_15-56-49_png_2024-10-03_15-56-49.webp.webp?fit=1200%2C675&ssl=1&resize=700%2C400 2x, https:\/\/i0.wp.com\/ismaelcolosi.com.br\/wp-content\/uploads\/2024\/10\/Copia-de-Copia-de-Copia-de-TAMANHO-EXATO-PARA-FOTOS-NO-SISTEMA-NOVO-57_2024-10-03_15-56-49_png_2024-10-03_15-56-49.webp.webp?fit=1200%2C675&ssl=1&resize=1050%2C600 3x"},"classes":[]}],"jetpack_sharing_enabled":true,"jetpack_shortlink":"https:\/\/wp.me\/pfMlyK-4ga","jetpack_featured_media_url":"https:\/\/i0.wp.com\/ismaelcolosi.com.br\/wp-content\/uploads\/2023\/12\/postimg-657c696fa9abc9052.jpg?fit=1200%2C628&ssl=1","_links":{"self":[{"href":"https:\/\/ismaelcolosi.com.br\/index.php\/wp-json\/wp\/v2\/posts\/16378","targetHints":{"allow":["GET"]}}],"collection":[{"href":"https:\/\/ismaelcolosi.com.br\/index.php\/wp-json\/wp\/v2\/posts"}],"about":[{"href":"https:\/\/ismaelcolosi.com.br\/index.php\/wp-json\/wp\/v2\/types\/post"}],"author":[{"embeddable":true,"href":"https:\/\/ismaelcolosi.com.br\/index.php\/wp-json\/wp\/v2\/users\/1"}],"replies":[{"embeddable":true,"href":"https:\/\/ismaelcolosi.com.br\/index.php\/wp-json\/wp\/v2\/comments?post=16378"}],"version-history":[{"count":0,"href":"https:\/\/ismaelcolosi.com.br\/index.php\/wp-json\/wp\/v2\/posts\/16378\/revisions"}],"wp:featuredmedia":[{"embeddable":true,"href":"https:\/\/ismaelcolosi.com.br\/index.php\/wp-json\/wp\/v2\/media\/16379"}],"wp:attachment":[{"href":"https:\/\/ismaelcolosi.com.br\/index.php\/wp-json\/wp\/v2\/media?parent=16378"}],"wp:term":[{"taxonomy":"category","embeddable":true,"href":"https:\/\/ismaelcolosi.com.br\/index.php\/wp-json\/wp\/v2\/categories?post=16378"},{"taxonomy":"post_tag","embeddable":true,"href":"https:\/\/ismaelcolosi.com.br\/index.php\/wp-json\/wp\/v2\/tags?post=16378"}],"curies":[{"name":"wp","href":"https:\/\/api.w.org\/{rel}","templated":true}]}}