{"id":16378,"date":"2023-12-15T13:49:40","date_gmt":"2023-12-15T16:49:40","guid":{"rendered":"https:\/\/ismaelcolosi.com.br\/index.php\/2023\/12\/15\/com-novo-visual-lexa-ganha-ajudinha-e-beijos-do-namorado-em-ensaio-de-carnaval\/"},"modified":"2023-12-15T13:49:40","modified_gmt":"2023-12-15T16:49:40","slug":"com-novo-visual-lexa-ganha-ajudinha-e-beijos-do-namorado-em-ensaio-de-carnaval","status":"publish","type":"post","link":"https:\/\/ismaelcolosi.com.br\/index.php\/2023\/12\/15\/com-novo-visual-lexa-ganha-ajudinha-e-beijos-do-namorado-em-ensaio-de-carnaval\/","title":{"rendered":"Com novo visual, Lexa ganha ajudinha e beijos do namorado em ensaio de Carnaval"},"content":{"rendered":"<p> <br \/>\n<\/p>\n<div itemprop=\"text\">\n<p>O ano novo ainda n\u00e3o iniciou, mas outro assunto tamb\u00e9m anda na boca e no p\u00e9 do povo. O carnaval 2024 j\u00e1 est\u00e1 sendo aquecido pelas escolas de samba e suas estrelas que comp\u00f5e.<\/p>\n<p>A cantora Lexa \u00e9 Rainha de Bateria da Unidos da Tijuca e na noite da quinta feira, 14 de dezembro, ela e o namorado, Ricardo Vianna, marcaram presen\u00e7a no ensaio da escola.<\/p>\n<p>Ricardo n\u00e3o s\u00f3 acompanha a amada de pertinho como tamb\u00e9m est\u00e1 ali \u00e0 postos para qualquer coisa que a cantora precise. Ele apareceu ajudando Lexa a amarrar a sand\u00e1lia durante o evento.<\/p>\n<p>A cantora est\u00e1 de visual novo, escureceu os fios. Em entrevista a revista Quem, ela falou que sua mudan\u00e7a de visual representa tamb\u00e9m uma nova fase e tamb\u00e9m foi feita para o carnaval.<\/p>\n<p>Ela contou que leva o namorado para a quada da Unidos da Tijuca e foi a primeira vez do ator em um ensaio feito na rua. Os dois foram clicados trocando beijos durante o evento.<\/p>\n<p>Ainda em entrevista, Lexa deu detalhes sobre sua fantasia que ser\u00e1 usada no grande dia. Segundo ela, o p\u00fablico pode esperar por algo que ela descreveu como \u201cfant\u00e1stica\u201d.<\/p>\n<p>O casal est\u00e1 junto desde o in\u00edcio de novembro, quando foi publicado no perfil da cantora momentos com o namorado em viagem. Os dois estavam em Noronha quando ela disse ter achado Ricardo e \u201cpegou para ela\u201d. Mesmo em meio algumas cr\u00edticas, os dois seguem postando registros do amor entre eles.<\/p>\n<\/div>\n<p><br \/>\n<br \/><a href=\"https:\/\/fnmais.com\/com-novo-visual-lexa-ganha-ajudinha-beijos-namorado-em-ensaio-carnaval\/\">Source link <\/a><\/p>\n<div class='code-block code-block-4' style='margin: 8px auto 8px 0; text-align: left; display: block; clear: both;'>\n\ud83d\udce2 Aviso Legal\n\nO site ismaelcolosi.com.br atua apenas como um canal de divulga\u00e7\u00e3o de oportunidades de emprego e n\u00e3o se responsabiliza pelo processo seletivo, contrata\u00e7\u00e3o ou qualquer outra etapa relacionada \u00e0s vagas publicadas. Todas as informa\u00e7\u00f5es s\u00e3o de responsabilidade dos anunciantes.\n\n\u26a0\ufe0f Aten\u00e7\u00e3o! Nunca pague por promessas de emprego nem compre cursos que garantam contrata\u00e7\u00e3o. Desconfie de qualquer cobran\u00e7a para participar de sele\u00e7\u00f5es.\n\n\n\n<\/div>\n<!-- CONTENT END 1 -->\n","protected":false},"excerpt":{"rendered":"<p>O ano novo ainda n\u00e3o iniciou, mas outro assunto tamb\u00e9m anda na boca e no p\u00e9 do povo. O carnaval 2024 j\u00e1 est\u00e1 sendo aquecido&#8230;<\/p>\n","protected":false},"author":1,"featured_media":16379,"comment_status":"open","ping_status":"open","sticky":false,"template":"","format":"standard","meta":{"_uag_custom_page_level_css":"","advanced_seo_description":"","jetpack_seo_html_title":"","jetpack_seo_noindex":false,"jetpack_post_was_ever_published":false,"_jetpack_newsletter_access":"","_jetpack_dont_email_post_to_subs":false,"_jetpack_newsletter_tier_id":0,"_jetpack_memberships_contains_paywalled_content":false,"_jetpack_memberships_contains_paid_content":false,"footnotes":"","jetpack_publicize_message":"","jetpack_publicize_feature_enabled":true,"jetpack_social_post_already_shared":true,"jetpack_social_options":{"image_generator_settings":{"template":"highway","default_image_id":0,"font":"","enabled":false},"version":2}},"categories":[1],"tags":[],"class_list":["post-16378","post","type-post","status-publish","format-standard","has-post-thumbnail","hentry","category-blog"],"jetpack_publicize_connections":[],"jetpack_featured_media_url":"https:\/\/i0.wp.com\/ismaelcolosi.com.br\/wp-content\/uploads\/2023\/12\/postimg-657c696fa9abc9052.jpg?fit=1200%2C628&ssl=1","uagb_featured_image_src":{"full":["https:\/\/i0.wp.com\/ismaelcolosi.com.br\/wp-content\/uploads\/2023\/12\/postimg-657c696fa9abc9052.jpg?fit=1200%2C628&ssl=1",1200,628,false],"thumbnail":["https:\/\/i0.wp.com\/ismaelcolosi.com.br\/wp-content\/uploads\/2023\/12\/postimg-657c696fa9abc9052.jpg?resize=150%2C150&ssl=1",150,150,true],"medium":["https:\/\/i0.wp.com\/ismaelcolosi.com.br\/wp-content\/uploads\/2023\/12\/postimg-657c696fa9abc9052.jpg?fit=300%2C157&ssl=1",300,157,true],"medium_large":["https:\/\/i0.wp.com\/ismaelcolosi.com.br\/wp-content\/uploads\/2023\/12\/postimg-657c696fa9abc9052.jpg?fit=768%2C402&ssl=1",768,402,true],"large":["https:\/\/i0.wp.com\/ismaelcolosi.com.br\/wp-content\/uploads\/2023\/12\/postimg-657c696fa9abc9052.jpg?fit=1024%2C536&ssl=1",1024,536,true],"1536x1536":["https:\/\/i0.wp.com\/ismaelcolosi.com.br\/wp-content\/uploads\/2023\/12\/postimg-657c696fa9abc9052.jpg?fit=1200%2C628&ssl=1",1200,628,true],"2048x2048":["https:\/\/i0.wp.com\/ismaelcolosi.com.br\/wp-content\/uploads\/2023\/12\/postimg-657c696fa9abc9052.jpg?fit=1200%2C628&ssl=1",1200,628,true],"really-simple-thumb":["https:\/\/i0.wp.com\/ismaelcolosi.com.br\/wp-content\/uploads\/2023\/12\/postimg-657c696fa9abc9052.jpg?resize=370%2C247&ssl=1",370,247,true]},"uagb_author_info":{"display_name":"ismaelcolosi.com.br","author_link":"https:\/\/ismaelcolosi.com.br\/index.php\/author\/vidareal-online\/"},"uagb_comment_info":0,"uagb_excerpt":"O ano novo ainda n\u00e3o iniciou, mas outro assunto tamb\u00e9m anda na boca e no p\u00e9 do povo. O carnaval 2024 j\u00e1 est\u00e1 sendo aquecido...","jetpack-related-posts":[{"id":19511,"url":"https:\/\/ismaelcolosi.com.br\/index.php\/2023\/12\/22\/mc-guime-quebra-silencio-e-fala-sobre-suposto-romance-que-esta-vivendo\/","url_meta":{"origin":16378,"position":0},"title":"MC Guim\u00ea quebra sil\u00eancio e fala sobre suposto romance que est\u00e1 vivendo","author":"ismaelcolosi.com.br","date":"22 de December de 2023","format":false,"excerpt":"Cheiro de romance no ar. Alguns internautas come\u00e7aram a notar a circula\u00e7\u00e3o de not\u00edcias sobre uma suposta nova dona para o cora\u00e7\u00e3o de MC Guim\u00ea.Os boatos come\u00e7aram a apontar que o MC estaria vivendo um romance com a criadora de conte\u00fado digital no TikTok Laura Suede. Parece que todo burburinho\u2026","rel":"","context":"In &quot;Blog&quot;","block_context":{"text":"Blog","link":"https:\/\/ismaelcolosi.com.br\/index.php\/category\/blog\/"},"img":{"alt_text":"","src":"https:\/\/i0.wp.com\/ismaelcolosi.com.br\/wp-content\/uploads\/2023\/12\/postimg-6585cd9dbbab05794.jpg?fit=1200%2C628&ssl=1&resize=350%2C200","width":350,"height":200,"srcset":"https:\/\/i0.wp.com\/ismaelcolosi.com.br\/wp-content\/uploads\/2023\/12\/postimg-6585cd9dbbab05794.jpg?fit=1200%2C628&ssl=1&resize=350%2C200 1x, https:\/\/i0.wp.com\/ismaelcolosi.com.br\/wp-content\/uploads\/2023\/12\/postimg-6585cd9dbbab05794.jpg?fit=1200%2C628&ssl=1&resize=525%2C300 1.5x, https:\/\/i0.wp.com\/ismaelcolosi.com.br\/wp-content\/uploads\/2023\/12\/postimg-6585cd9dbbab05794.jpg?fit=1200%2C628&ssl=1&resize=700%2C400 2x, https:\/\/i0.wp.com\/ismaelcolosi.com.br\/wp-content\/uploads\/2023\/12\/postimg-6585cd9dbbab05794.jpg?fit=1200%2C628&ssl=1&resize=1050%2C600 3x"},"classes":[]},{"id":18513,"url":"https:\/\/ismaelcolosi.com.br\/index.php\/2023\/12\/20\/esse-povo-e-uma-piada\/","url_meta":{"origin":16378,"position":1},"title":"&#8221;Esse povo \u00e9 uma piada&#8221;","author":"ismaelcolosi.com.br","date":"20 de December de 2023","format":false,"excerpt":"Longe dos holofotes, Renato Santiago \u00e9 o nome dado ao amor da cantora Jojo Todnho. O casal est\u00e1 junto desde fevereiro deste ano e segundo ela, j\u00e1 se conheciam a bastante tempo.Jojo j\u00e1 deu declara\u00e7\u00f5es que Renato era apenas um amigo antigo, que tempos ap\u00f3s sua separa\u00e7\u00e3o conturbada com o\u2026","rel":"","context":"In &quot;Blog&quot;","block_context":{"text":"Blog","link":"https:\/\/ismaelcolosi.com.br\/index.php\/category\/blog\/"},"img":{"alt_text":"","src":"https:\/\/i0.wp.com\/ismaelcolosi.com.br\/wp-content\/uploads\/2023\/12\/postimg-6583278a4c8499262.jpg?fit=1200%2C628&ssl=1&resize=350%2C200","width":350,"height":200,"srcset":"https:\/\/i0.wp.com\/ismaelcolosi.com.br\/wp-content\/uploads\/2023\/12\/postimg-6583278a4c8499262.jpg?fit=1200%2C628&ssl=1&resize=350%2C200 1x, https:\/\/i0.wp.com\/ismaelcolosi.com.br\/wp-content\/uploads\/2023\/12\/postimg-6583278a4c8499262.jpg?fit=1200%2C628&ssl=1&resize=525%2C300 1.5x, https:\/\/i0.wp.com\/ismaelcolosi.com.br\/wp-content\/uploads\/2023\/12\/postimg-6583278a4c8499262.jpg?fit=1200%2C628&ssl=1&resize=700%2C400 2x, https:\/\/i0.wp.com\/ismaelcolosi.com.br\/wp-content\/uploads\/2023\/12\/postimg-6583278a4c8499262.jpg?fit=1200%2C628&ssl=1&resize=1050%2C600 3x"},"classes":[]},{"id":17493,"url":"https:\/\/ismaelcolosi.com.br\/index.php\/2023\/12\/18\/web-reage-a-suposta-mao-boba-do-namorado-de-juliette-em-amiga-da-cantora-sem-nocao\/","url_meta":{"origin":16378,"position":2},"title":"Web reage a suposta &#8221;m\u00e3o boba&#8221; do namorado de Juliette em amiga da cantora: &#8216;Sem no\u00e7\u00e3o&#8217;","author":"ismaelcolosi.com.br","date":"18 de December de 2023","format":false,"excerpt":"Quando o tema \u00e9: viagem dos famosos podemos esperar uma enxurrada de fotos apaixonadas com legendas mais apaixonantes ainda nos perfis.Uma situa\u00e7\u00e3o de fotos de casal chamou a aten\u00e7\u00e3o da web e repercutiu. Acontece que n\u00e3o foi um casal em espec\u00edfico. Foi uma brincadeira envolvendo um casal.Recentemente a cantora Juliette\u2026","rel":"","context":"In &quot;Blog&quot;","block_context":{"text":"Blog","link":"https:\/\/ismaelcolosi.com.br\/index.php\/category\/blog\/"},"img":{"alt_text":"","src":"https:\/\/i0.wp.com\/ismaelcolosi.com.br\/wp-content\/uploads\/2023\/12\/postimg-65806ece2e1cc2755.jpg?fit=1200%2C628&ssl=1&resize=350%2C200","width":350,"height":200,"srcset":"https:\/\/i0.wp.com\/ismaelcolosi.com.br\/wp-content\/uploads\/2023\/12\/postimg-65806ece2e1cc2755.jpg?fit=1200%2C628&ssl=1&resize=350%2C200 1x, https:\/\/i0.wp.com\/ismaelcolosi.com.br\/wp-content\/uploads\/2023\/12\/postimg-65806ece2e1cc2755.jpg?fit=1200%2C628&ssl=1&resize=525%2C300 1.5x, https:\/\/i0.wp.com\/ismaelcolosi.com.br\/wp-content\/uploads\/2023\/12\/postimg-65806ece2e1cc2755.jpg?fit=1200%2C628&ssl=1&resize=700%2C400 2x, https:\/\/i0.wp.com\/ismaelcolosi.com.br\/wp-content\/uploads\/2023\/12\/postimg-65806ece2e1cc2755.jpg?fit=1200%2C628&ssl=1&resize=1050%2C600 3x"},"classes":[]},{"id":4604,"url":"https:\/\/ismaelcolosi.com.br\/index.php\/2023\/11\/21\/irma-de-neymar-rafaella-santos-nao-agrada-publico-na-web-em-ensaio-de-carnaval\/","url_meta":{"origin":16378,"position":3},"title":"Irm\u00e3 de Neymar, Rafaella Santos, n\u00e3o agrada p\u00fablico na web em ensaio de carnaval","author":"ismaelcolosi.com.br","date":"21 de November de 2023","format":false,"excerpt":"\u2018 Fevereiro tem carnaval \u2018 como diz a m\u00fasica. O ano nem virou ainda, mas o carnaval j\u00e1 est\u00e1 na ponta do p\u00e9 de muita gente, ou quase todo mundo, desde o \u00faltimo espet\u00e1culo ainda esse ano.A irm\u00e3 de Neymar Jr, Rafaella Santos foi convidada a participar do ensaio de\u2026","rel":"","context":"In &quot;Blog&quot;","block_context":{"text":"Blog","link":"https:\/\/ismaelcolosi.com.br\/index.php\/category\/blog\/"},"img":{"alt_text":"","src":"https:\/\/i0.wp.com\/ismaelcolosi.com.br\/wp-content\/uploads\/2023\/11\/postimg-655d4d8d12fa97160.jpg?fit=1200%2C713&ssl=1&resize=350%2C200","width":350,"height":200,"srcset":"https:\/\/i0.wp.com\/ismaelcolosi.com.br\/wp-content\/uploads\/2023\/11\/postimg-655d4d8d12fa97160.jpg?fit=1200%2C713&ssl=1&resize=350%2C200 1x, https:\/\/i0.wp.com\/ismaelcolosi.com.br\/wp-content\/uploads\/2023\/11\/postimg-655d4d8d12fa97160.jpg?fit=1200%2C713&ssl=1&resize=525%2C300 1.5x, https:\/\/i0.wp.com\/ismaelcolosi.com.br\/wp-content\/uploads\/2023\/11\/postimg-655d4d8d12fa97160.jpg?fit=1200%2C713&ssl=1&resize=700%2C400 2x, https:\/\/i0.wp.com\/ismaelcolosi.com.br\/wp-content\/uploads\/2023\/11\/postimg-655d4d8d12fa97160.jpg?fit=1200%2C713&ssl=1&resize=1050%2C600 3x"},"classes":[]},{"id":26230,"url":"https:\/\/ismaelcolosi.com.br\/index.php\/2024\/01\/09\/mae-de-melody-se-irrita-com-sugestao-de-anitta-para-filha-iniciar-romance-com-filho-de-ivete-sangalo\/","url_meta":{"origin":16378,"position":4},"title":"M\u00e3e de Melody se irrita com sugest\u00e3o de Anitta para filha iniciar romance com filho de Ivete Sangalo","author":"ismaelcolosi.com.br","date":"9 de January de 2024","format":false,"excerpt":"Uma das mais estouradas nas plataformas digitais de m\u00fasica e m\u00eddia, o nome da cantora Anitta vira repercuss\u00e3o por diversos motivos. Dentre eles, algumas declara\u00e7\u00f5es dadas pela cantora.Dona de uma personalidade sincerona, Anitta desta vez desagradou uma de suas f\u00e3s. Esta seria Day Lima, a m\u00e3e da cantora Melody. Isso\u2026","rel":"","context":"In &quot;Blog&quot;","block_context":{"text":"Blog","link":"https:\/\/ismaelcolosi.com.br\/index.php\/category\/blog\/"},"img":{"alt_text":"","src":"https:\/\/i0.wp.com\/ismaelcolosi.com.br\/wp-content\/uploads\/2024\/01\/postimg-659d88495a6412250.jpg?fit=1200%2C628&ssl=1&resize=350%2C200","width":350,"height":200,"srcset":"https:\/\/i0.wp.com\/ismaelcolosi.com.br\/wp-content\/uploads\/2024\/01\/postimg-659d88495a6412250.jpg?fit=1200%2C628&ssl=1&resize=350%2C200 1x, https:\/\/i0.wp.com\/ismaelcolosi.com.br\/wp-content\/uploads\/2024\/01\/postimg-659d88495a6412250.jpg?fit=1200%2C628&ssl=1&resize=525%2C300 1.5x, https:\/\/i0.wp.com\/ismaelcolosi.com.br\/wp-content\/uploads\/2024\/01\/postimg-659d88495a6412250.jpg?fit=1200%2C628&ssl=1&resize=700%2C400 2x, https:\/\/i0.wp.com\/ismaelcolosi.com.br\/wp-content\/uploads\/2024\/01\/postimg-659d88495a6412250.jpg?fit=1200%2C628&ssl=1&resize=1050%2C600 3x"},"classes":[]},{"id":29072,"url":"https:\/\/ismaelcolosi.com.br\/index.php\/2024\/01\/17\/preta-gil-tem-volta-a-musica-marcada-por-novo-trabalho-esperei-muito-por-isso\/","url_meta":{"origin":16378,"position":5},"title":"Preta Gil tem volta \u00e0 m\u00fasica marcada por novo trabalho: &#8216;Esperei muito por isso&#8217;","author":"ismaelcolosi.com.br","date":"17 de January de 2024","format":false,"excerpt":"Ap\u00f3s passar por per\u00edodo dif\u00edcil na luta contra um c\u00e2ncer, a cantora Preta Gil j\u00e1 anunciou o fim do tratamento e retorno aos palcos. Radiante, ela usou suas redes sociais para falar sobre o fim do tratamento em dezembro de 2023.Agora, j\u00e1 em 2024, a cantora segue cheia de planos\u2026","rel":"","context":"In &quot;Blog&quot;","block_context":{"text":"Blog","link":"https:\/\/ismaelcolosi.com.br\/index.php\/category\/blog\/"},"img":{"alt_text":"","src":"https:\/\/i0.wp.com\/ismaelcolosi.com.br\/wp-content\/uploads\/2024\/01\/postimg-65a7e764b82a16486.jpg?fit=1200%2C628&ssl=1&resize=350%2C200","width":350,"height":200,"srcset":"https:\/\/i0.wp.com\/ismaelcolosi.com.br\/wp-content\/uploads\/2024\/01\/postimg-65a7e764b82a16486.jpg?fit=1200%2C628&ssl=1&resize=350%2C200 1x, https:\/\/i0.wp.com\/ismaelcolosi.com.br\/wp-content\/uploads\/2024\/01\/postimg-65a7e764b82a16486.jpg?fit=1200%2C628&ssl=1&resize=525%2C300 1.5x, https:\/\/i0.wp.com\/ismaelcolosi.com.br\/wp-content\/uploads\/2024\/01\/postimg-65a7e764b82a16486.jpg?fit=1200%2C628&ssl=1&resize=700%2C400 2x, https:\/\/i0.wp.com\/ismaelcolosi.com.br\/wp-content\/uploads\/2024\/01\/postimg-65a7e764b82a16486.jpg?fit=1200%2C628&ssl=1&resize=1050%2C600 3x"},"classes":[]}],"jetpack_sharing_enabled":true,"jetpack_shortlink":"https:\/\/wp.me\/pfMlyK-4ga","_links":{"self":[{"href":"https:\/\/ismaelcolosi.com.br\/index.php\/wp-json\/wp\/v2\/posts\/16378","targetHints":{"allow":["GET"]}}],"collection":[{"href":"https:\/\/ismaelcolosi.com.br\/index.php\/wp-json\/wp\/v2\/posts"}],"about":[{"href":"https:\/\/ismaelcolosi.com.br\/index.php\/wp-json\/wp\/v2\/types\/post"}],"author":[{"embeddable":true,"href":"https:\/\/ismaelcolosi.com.br\/index.php\/wp-json\/wp\/v2\/users\/1"}],"replies":[{"embeddable":true,"href":"https:\/\/ismaelcolosi.com.br\/index.php\/wp-json\/wp\/v2\/comments?post=16378"}],"version-history":[{"count":0,"href":"https:\/\/ismaelcolosi.com.br\/index.php\/wp-json\/wp\/v2\/posts\/16378\/revisions"}],"wp:featuredmedia":[{"embeddable":true,"href":"https:\/\/ismaelcolosi.com.br\/index.php\/wp-json\/wp\/v2\/media\/16379"}],"wp:attachment":[{"href":"https:\/\/ismaelcolosi.com.br\/index.php\/wp-json\/wp\/v2\/media?parent=16378"}],"wp:term":[{"taxonomy":"category","embeddable":true,"href":"https:\/\/ismaelcolosi.com.br\/index.php\/wp-json\/wp\/v2\/categories?post=16378"},{"taxonomy":"post_tag","embeddable":true,"href":"https:\/\/ismaelcolosi.com.br\/index.php\/wp-json\/wp\/v2\/tags?post=16378"}],"curies":[{"name":"wp","href":"https:\/\/api.w.org\/{rel}","templated":true}]}}