{"id":16356,"date":"2023-12-15T13:19:59","date_gmt":"2023-12-15T16:19:59","guid":{"rendered":"https:\/\/ismaelcolosi.com.br\/index.php\/2023\/12\/15\/voce-e-linda-e-um-tesao\/"},"modified":"2023-12-15T13:19:59","modified_gmt":"2023-12-15T16:19:59","slug":"voce-e-linda-e-um-tesao","status":"publish","type":"post","link":"https:\/\/ismaelcolosi.com.br\/index.php\/2023\/12\/15\/voce-e-linda-e-um-tesao\/","title":{"rendered":"&#8216;Voc\u00ea \u00e9 linda e um tes\u00e3o&#8217;"},"content":{"rendered":"<p> [ad_1]<br \/>\n<\/p>\n<div itemprop=\"text\">\n<p>Ap\u00f3s uma dura batalha vencida contra o c\u00e2ncer de intestino, a cantora Preta Gil compareceu ao WME (Women\u2019s Music Eventos) Awards que aconteceu na noite da quinta feira, 14 de dezembro sem S\u00e3o Paulo.<\/p>\n<p>Acompanhada da mulher, Malu Ver\u00e7osa, Daniela Mercury deu selinho em Preta diante de todos e durante sua homenagem a amiga, rasgou elogios a Preta e se beijaram.<\/p>\n<p><em>\u201cVoc\u00ea \u00e9 inspira\u00e7\u00e3o, voc\u00ea nos emancipa, voc\u00ea quebra todos os arm\u00e1rios desde que voc\u00ea \u00e9 pequena, voc\u00ea consegue fazer as coisas de uma maneira incr\u00edvel com espontaneidade e com uma humanidade que nos salva.Voc\u00ea \u00e9 linda e um tes\u00e3o\u201d<\/em><\/p>\n<blockquote class=\"instagram-media\" style=\"background: #FFF; border: 0; border-radius: 3px; box-shadow: 0 0 1px 0 rgba(0,0,0,0.5),0 1px 10px 0 rgba(0,0,0,0.15); margin: 1px; max-width: 540px; min-width: 326px; padding: 0; width: calc(100% - 2px);\" data-instgrm-captioned=\"\" data-instgrm-permalink=\"https:\/\/www.instagram.com\/p\/C035siDAN2P\/?utm_source=ig_embed&amp;utm_campaign=loading\" data-instgrm-version=\"14\">\n<p>\u00a0<\/p>\n<p>Ver essa foto no Instagram<\/p>\n<p>\u00a0<\/p>\n<p style=\"color: #c9c8cd; font-family: Arial,sans-serif; font-size: 14px; line-height: 17px; margin-bottom: 0; margin-top: 8px; overflow: hidden; padding: 8px 0 7px; text-align: center; text-overflow: ellipsis; white-space: nowrap;\"><a style=\"color: #c9c8cd; font-family: Arial,sans-serif; font-size: 14px; font-style: normal; font-weight: normal; line-height: 17px; text-decoration: none;\" href=\"https:\/\/www.instagram.com\/p\/C035siDAN2P\/?utm_source=ig_embed&amp;utm_campaign=loading\" target=\"_blank\" rel=\"noopener\">Uma publica\u00e7\u00e3o compartilhada por Daniela Mercury Suporte (@danielamercurysuporte)<\/a><\/p>\n<\/blockquote>\n<p>Daniela ressaltou a import\u00e2ncia que Preta teve para dar visibilidade a outro aspecto do c\u00e2ncer e o tratamento, pois a todo momento, a filha de Gilberto Gil usou seu espa\u00e7o de fala para conscientizar e mostrar a realidade dos pacientes oncol\u00f3gicos.<\/p>\n<p>Preta anunciou recentemente uma nova etapa. Ela fez a retirada da bolsa de ileostomia. Ela passou por uma cirurgia de reconstru\u00e7\u00e3o do trato intestinal, que foi muito bem sucedida.<\/p>\n<p>No relato emocionante para a boa not\u00edcia, ela contou que ficar\u00e1 ainda por cinco anos em uma rotina de acompanhamento m\u00e9dico, que \u00e9 o procedimento padr\u00e3o para ex pacientes oncol\u00f3gicos.<\/p>\n<p>Preta j\u00e1 deixou garantido sua participa\u00e7\u00e3o no carnaval 2024. Ela retornar\u00e1 com a comemora\u00e7\u00e3o de 15 anos do bloco com seu nome que arrasta multid\u00f5es em todo carnaval carioca, este ano ainda mais especial.<\/p>\n<\/div>\n<p><script async src=\"\/\/www.instagram.com\/embed.js\"><\/script><br \/>\n<br \/>[ad_2]<br \/>\n<br \/><a href=\"https:\/\/fnmais.com\/daniela-mercury-preta-gil-dao-selinho-em-palco-durante-premiacao-voce-linda-tesao\/\" target=\"_blank\" rel=\"noopener\">Source link <\/a><\/p>\n<div class='code-block code-block-4' style='margin: 8px auto 8px 0; text-align: left; display: block; clear: both;'>\n\ud83d\udce2 Aviso Legal\n\nO site ismaelcolosi.com.br atua apenas como um canal de divulga\u00e7\u00e3o de oportunidades de emprego e n\u00e3o se responsabiliza pelo processo seletivo, contrata\u00e7\u00e3o ou qualquer outra etapa relacionada \u00e0s vagas publicadas. Todas as informa\u00e7\u00f5es s\u00e3o de responsabilidade dos anunciantes.\n\n\u26a0\ufe0f Aten\u00e7\u00e3o! Nunca pague por promessas de emprego nem compre cursos que garantam contrata\u00e7\u00e3o. Desconfie de qualquer cobran\u00e7a para participar de sele\u00e7\u00f5es.\n\n\n\n<\/div>\n<!-- CONTENT END 1 -->\n","protected":false},"excerpt":{"rendered":"<p>[ad_1] Ap\u00f3s uma dura batalha vencida contra o c\u00e2ncer de intestino, a cantora Preta Gil compareceu ao WME (Women\u2019s Music Eventos) Awards que aconteceu na noite da quinta feira, 14 de dezembro sem S\u00e3o Paulo. Acompanhada da mulher, Malu Ver\u00e7osa, Daniela Mercury deu selinho em Preta diante de todos e durante sua homenagem a amiga,&hellip;&nbsp;<\/p>\n","protected":false},"author":1,"featured_media":16357,"comment_status":"open","ping_status":"open","sticky":false,"template":"","format":"standard","meta":{"_uag_custom_page_level_css":"","neve_meta_sidebar":"","neve_meta_container":"","neve_meta_enable_content_width":"","neve_meta_content_width":0,"neve_meta_title_alignment":"","neve_meta_author_avatar":"","neve_post_elements_order":"","neve_meta_disable_header":"","neve_meta_disable_footer":"","neve_meta_disable_title":"","_jetpack_newsletter_access":"","_jetpack_dont_email_post_to_subs":false,"_jetpack_newsletter_tier_id":0,"_jetpack_memberships_contains_paywalled_content":false,"_jetpack_memberships_contains_paid_content":false,"footnotes":""},"categories":[1],"tags":[],"class_list":["post-16356","post","type-post","status-publish","format-standard","has-post-thumbnail","hentry","category-blog"],"uagb_featured_image_src":{"full":["https:\/\/i0.wp.com\/ismaelcolosi.com.br\/wp-content\/uploads\/2023\/12\/postimg-657c6e953c6015309.jpg?fit=1200%2C628&ssl=1",1200,628,false],"thumbnail":["https:\/\/i0.wp.com\/ismaelcolosi.com.br\/wp-content\/uploads\/2023\/12\/postimg-657c6e953c6015309.jpg?resize=150%2C150&ssl=1",150,150,true],"medium":["https:\/\/i0.wp.com\/ismaelcolosi.com.br\/wp-content\/uploads\/2023\/12\/postimg-657c6e953c6015309.jpg?fit=300%2C157&ssl=1",300,157,true],"medium_large":["https:\/\/i0.wp.com\/ismaelcolosi.com.br\/wp-content\/uploads\/2023\/12\/postimg-657c6e953c6015309.jpg?fit=768%2C402&ssl=1",768,402,true],"large":["https:\/\/i0.wp.com\/ismaelcolosi.com.br\/wp-content\/uploads\/2023\/12\/postimg-657c6e953c6015309.jpg?fit=1024%2C536&ssl=1",1024,536,true],"1536x1536":["https:\/\/i0.wp.com\/ismaelcolosi.com.br\/wp-content\/uploads\/2023\/12\/postimg-657c6e953c6015309.jpg?fit=1200%2C628&ssl=1",1200,628,true],"2048x2048":["https:\/\/i0.wp.com\/ismaelcolosi.com.br\/wp-content\/uploads\/2023\/12\/postimg-657c6e953c6015309.jpg?fit=1200%2C628&ssl=1",1200,628,true],"neve-blog":["https:\/\/i0.wp.com\/ismaelcolosi.com.br\/wp-content\/uploads\/2023\/12\/postimg-657c6e953c6015309.jpg?resize=930%2C620&ssl=1",930,620,true]},"uagb_author_info":{"display_name":"ismaelcolosi.com.br","author_link":"https:\/\/ismaelcolosi.com.br\/author\/vidareal-online\/"},"uagb_comment_info":0,"uagb_excerpt":"[ad_1] Ap\u00f3s uma dura batalha vencida contra o c\u00e2ncer de intestino, a cantora Preta Gil compareceu ao WME (Women\u2019s Music Eventos) Awards que aconteceu na noite da quinta feira, 14 de dezembro sem S\u00e3o Paulo. Acompanhada da mulher, Malu Ver\u00e7osa, Daniela Mercury deu selinho em Preta diante de todos e durante sua homenagem a amiga,&hellip;&nbsp;","jetpack-related-posts":[{"id":46892,"url":"https:\/\/ismaelcolosi.com.br\/index.php\/2024\/04\/15\/tudo-o-que-voce-precisa-saber-sobre-o-show-do-bruce-dickinson-em-ribeirao\/","url_meta":{"origin":16356,"position":0},"title":"Tudo o que voc\u00ea precisa saber sobre o show do Bruce Dickinson em Ribeir\u00e3o","author":"ismaelcolosi.com.br","date":"15 de Abril de 2024","format":false,"excerpt":"[ad_1] O cantor Bruce Dickinson, do Iron Maiden, se apresenta com o show solo no dia 2 de maio em Ribeir\u00e3o Preto. A apresenta\u00e7\u00e3o est\u00e1 marcada para \u00e0s 21h. Um dos maiores vocalistas do heavy metal de todos os tempos, Bruce Dickinson anunciou o lan\u00e7amento de seu novo \u00e1lbum solo\u2026","rel":"","context":"In &quot;Not\u00edcias de Ribeir\u00e3o Preto-SP e Regi\u00e3o&quot;","block_context":{"text":"Not\u00edcias de Ribeir\u00e3o Preto-SP e Regi\u00e3o","link":"https:\/\/ismaelcolosi.com.br\/index.php\/category\/noticias-de-ribeirao-preto-sp-e-regiao-ismael-colosi\/"},"img":{"alt_text":"","src":"https:\/\/i0.wp.com\/ismaelcolosi.com.br\/wp-content\/uploads\/2024\/04\/BRUCE-DICKINSON.jpg?fit=900%2C621&ssl=1&resize=350%2C200","width":350,"height":200,"srcset":"https:\/\/i0.wp.com\/ismaelcolosi.com.br\/wp-content\/uploads\/2024\/04\/BRUCE-DICKINSON.jpg?fit=900%2C621&ssl=1&resize=350%2C200 1x, https:\/\/i0.wp.com\/ismaelcolosi.com.br\/wp-content\/uploads\/2024\/04\/BRUCE-DICKINSON.jpg?fit=900%2C621&ssl=1&resize=525%2C300 1.5x, https:\/\/i0.wp.com\/ismaelcolosi.com.br\/wp-content\/uploads\/2024\/04\/BRUCE-DICKINSON.jpg?fit=900%2C621&ssl=1&resize=700%2C400 2x"},"classes":[]},{"id":40068,"url":"https:\/\/ismaelcolosi.com.br\/index.php\/2024\/02\/29\/restart-anuncia-data-de-show-da-turne-de-despedida-em-ribeirao-preto-confira\/","url_meta":{"origin":16356,"position":1},"title":"Restart anuncia data de show da turn\u00ea de despedida em Ribeir\u00e3o Preto; Confira","author":"ismaelcolosi.com.br","date":"29 de Fevereiro de 2024","format":false,"excerpt":"[ad_1] A banda Restart anunciou, nesta quinta-feira (29), que se apresentar\u00e1 em Ribeir\u00e3o Preto no dia 20 de julho, no Quinta Linda Centro de Eventos, localizado na rodovia Anhanguera. A venda dos ingressos, segundo a organiza\u00e7\u00e3o, come\u00e7a no dia 5 de mar\u00e7o, \u00e0s 12h, atrav\u00e9s da plataforma Articket. Contudo, os\u2026","rel":"","context":"In &quot;Not\u00edcias de Ribeir\u00e3o Preto-SP e Regi\u00e3o&quot;","block_context":{"text":"Not\u00edcias de Ribeir\u00e3o Preto-SP e Regi\u00e3o","link":"https:\/\/ismaelcolosi.com.br\/index.php\/category\/noticias-de-ribeirao-preto-sp-e-regiao-ismael-colosi\/"},"img":{"alt_text":"","src":"https:\/\/i0.wp.com\/ismaelcolosi.com.br\/wp-content\/uploads\/2024\/02\/BANDA-RESTART-Rodrigo-Takeshi.jpg?fit=1200%2C746&ssl=1&resize=350%2C200","width":350,"height":200,"srcset":"https:\/\/i0.wp.com\/ismaelcolosi.com.br\/wp-content\/uploads\/2024\/02\/BANDA-RESTART-Rodrigo-Takeshi.jpg?fit=1200%2C746&ssl=1&resize=350%2C200 1x, https:\/\/i0.wp.com\/ismaelcolosi.com.br\/wp-content\/uploads\/2024\/02\/BANDA-RESTART-Rodrigo-Takeshi.jpg?fit=1200%2C746&ssl=1&resize=525%2C300 1.5x, https:\/\/i0.wp.com\/ismaelcolosi.com.br\/wp-content\/uploads\/2024\/02\/BANDA-RESTART-Rodrigo-Takeshi.jpg?fit=1200%2C746&ssl=1&resize=700%2C400 2x, https:\/\/i0.wp.com\/ismaelcolosi.com.br\/wp-content\/uploads\/2024\/02\/BANDA-RESTART-Rodrigo-Takeshi.jpg?fit=1200%2C746&ssl=1&resize=1050%2C600 3x"},"classes":[]},{"id":54454,"url":"https:\/\/ismaelcolosi.com.br\/index.php\/2024\/06\/25\/show-da-joss-stone-e-confirmado-em-ribeirao-preto-veja-quando\/","url_meta":{"origin":16356,"position":2},"title":"Show da Joss Stone \u00e9 confirmado em Ribeir\u00e3o Preto; Veja quando","author":"ismaelcolosi.com.br","date":"25 de Junho de 2024","format":false,"excerpt":"[ad_1] A cantora brit\u00e2nica Joss Stone vai se apresentar em Ribeir\u00e3o Preto no dia 21 de setembro, com o show da turn\u00ea Ellipsis Tour. A apresenta\u00e7\u00e3o ser\u00e1 realizada no Alcans Hall, antigo Quinta Linda. A venda dos ingressos come\u00e7a nesta quarta-feira (26), a partir das 10h, pelo site da Ticket\u2026","rel":"","context":"In &quot;Not\u00edcias de Ribeir\u00e3o Preto-SP e Regi\u00e3o&quot;","block_context":{"text":"Not\u00edcias de Ribeir\u00e3o Preto-SP e Regi\u00e3o","link":"https:\/\/ismaelcolosi.com.br\/index.php\/category\/noticias-de-ribeirao-preto-sp-e-regiao-ismael-colosi\/"},"img":{"alt_text":"","src":"https:\/\/i0.wp.com\/ismaelcolosi.com.br\/wp-content\/uploads\/2024\/06\/Copia-de-Copia-de-TAMANHO-EXATO-PARA-FOTOS-NO-SISTEMA-NOVO-91_2024-06-22_00-08-25_png_2024-06-22_00-08-25.webp.webp?fit=1200%2C675&ssl=1&resize=350%2C200","width":350,"height":200,"srcset":"https:\/\/i0.wp.com\/ismaelcolosi.com.br\/wp-content\/uploads\/2024\/06\/Copia-de-Copia-de-TAMANHO-EXATO-PARA-FOTOS-NO-SISTEMA-NOVO-91_2024-06-22_00-08-25_png_2024-06-22_00-08-25.webp.webp?fit=1200%2C675&ssl=1&resize=350%2C200 1x, https:\/\/i0.wp.com\/ismaelcolosi.com.br\/wp-content\/uploads\/2024\/06\/Copia-de-Copia-de-TAMANHO-EXATO-PARA-FOTOS-NO-SISTEMA-NOVO-91_2024-06-22_00-08-25_png_2024-06-22_00-08-25.webp.webp?fit=1200%2C675&ssl=1&resize=525%2C300 1.5x, https:\/\/i0.wp.com\/ismaelcolosi.com.br\/wp-content\/uploads\/2024\/06\/Copia-de-Copia-de-TAMANHO-EXATO-PARA-FOTOS-NO-SISTEMA-NOVO-91_2024-06-22_00-08-25_png_2024-06-22_00-08-25.webp.webp?fit=1200%2C675&ssl=1&resize=700%2C400 2x, https:\/\/i0.wp.com\/ismaelcolosi.com.br\/wp-content\/uploads\/2024\/06\/Copia-de-Copia-de-TAMANHO-EXATO-PARA-FOTOS-NO-SISTEMA-NOVO-91_2024-06-22_00-08-25_png_2024-06-22_00-08-25.webp.webp?fit=1200%2C675&ssl=1&resize=1050%2C600 3x"},"classes":[]},{"id":28078,"url":"https:\/\/ismaelcolosi.com.br\/index.php\/2024\/01\/14\/veja-quais-sao-os-shows-confirmados-para-2024-em-ribeirao-preto\/","url_meta":{"origin":16356,"position":3},"title":"Veja quais s\u00e3o os shows nacionais e internacionais confirmados para 2024 em Ribeir\u00e3o Preto","author":"ismaelcolosi.com.br","date":"14 de Janeiro de 2024","format":false,"excerpt":"[ad_1] O ano de 2024 come\u00e7ou a pouco tempo mas Ribeir\u00e3o Preto j\u00e1 possui diversos shows nacionais e internacionais confirmados para o primeiro semestre do ano. H\u00e1 op\u00e7\u00f5es para todos os estilos musicais, como rock, sertanejo, pop e tecnobrega. O portal acidade on preparou uma lista com as atra\u00e7\u00f5es confirmadas\u2026","rel":"","context":"In &quot;Not\u00edcias de Ribeir\u00e3o Preto-SP e Regi\u00e3o&quot;","block_context":{"text":"Not\u00edcias de Ribeir\u00e3o Preto-SP e Regi\u00e3o","link":"https:\/\/ismaelcolosi.com.br\/index.php\/category\/noticias-de-ribeirao-preto-sp-e-regiao-ismael-colosi\/"},"img":{"alt_text":"","src":"https:\/\/i0.wp.com\/ismaelcolosi.com.br\/wp-content\/uploads\/2024\/01\/Copia-de-Copia-de-TAMANHO-EXATO-PARA-FOTOS-NO-SISTEMA-NOVO-10.png?fit=1200%2C675&ssl=1&resize=350%2C200","width":350,"height":200,"srcset":"https:\/\/i0.wp.com\/ismaelcolosi.com.br\/wp-content\/uploads\/2024\/01\/Copia-de-Copia-de-TAMANHO-EXATO-PARA-FOTOS-NO-SISTEMA-NOVO-10.png?fit=1200%2C675&ssl=1&resize=350%2C200 1x, https:\/\/i0.wp.com\/ismaelcolosi.com.br\/wp-content\/uploads\/2024\/01\/Copia-de-Copia-de-TAMANHO-EXATO-PARA-FOTOS-NO-SISTEMA-NOVO-10.png?fit=1200%2C675&ssl=1&resize=525%2C300 1.5x, https:\/\/i0.wp.com\/ismaelcolosi.com.br\/wp-content\/uploads\/2024\/01\/Copia-de-Copia-de-TAMANHO-EXATO-PARA-FOTOS-NO-SISTEMA-NOVO-10.png?fit=1200%2C675&ssl=1&resize=700%2C400 2x, https:\/\/i0.wp.com\/ismaelcolosi.com.br\/wp-content\/uploads\/2024\/01\/Copia-de-Copia-de-TAMANHO-EXATO-PARA-FOTOS-NO-SISTEMA-NOVO-10.png?fit=1200%2C675&ssl=1&resize=1050%2C600 3x"},"classes":[]},{"id":56677,"url":"https:\/\/ismaelcolosi.com.br\/index.php\/2024\/07\/14\/saiba-tudo-sobre-o-show-da-banda-restart-em-ribeirao-preto\/","url_meta":{"origin":16356,"position":4},"title":"Saiba tudo sobre o show da banda Restart em Ribeir\u00e3o Preto","author":"ismaelcolosi.com.br","date":"14 de Julho de 2024","format":false,"excerpt":"[ad_1] A banda Restart far\u00e1 um show com sua turn\u00ea de despedida \u201cPra Voc\u00ea Lembrar Tour\u201d no pr\u00f3ximo s\u00e1bado (20), no Alcans Hall \u2013 antigo Quinta Linda Centro de Eventos, localizado na rodovia Anhanguera (SP-330). A casa de shows abre a partir das 20h. O grupo formado por Pe Lanza,\u2026","rel":"","context":"In &quot;Not\u00edcias de Ribeir\u00e3o Preto-SP e Regi\u00e3o&quot;","block_context":{"text":"Not\u00edcias de Ribeir\u00e3o Preto-SP e Regi\u00e3o","link":"https:\/\/ismaelcolosi.com.br\/index.php\/category\/noticias-de-ribeirao-preto-sp-e-regiao-ismael-colosi\/"},"img":{"alt_text":"","src":"https:\/\/i0.wp.com\/ismaelcolosi.com.br\/wp-content\/uploads\/2024\/07\/Copia-de-Copia-de-TAMANHO-EXATO-PARA-FOTOS-NO-SISTEMA-NOVO-19_2024-07-13_17-10-32_jpg_2024-07-13_17-10-32.webp.webp?fit=1200%2C675&ssl=1&resize=350%2C200","width":350,"height":200,"srcset":"https:\/\/i0.wp.com\/ismaelcolosi.com.br\/wp-content\/uploads\/2024\/07\/Copia-de-Copia-de-TAMANHO-EXATO-PARA-FOTOS-NO-SISTEMA-NOVO-19_2024-07-13_17-10-32_jpg_2024-07-13_17-10-32.webp.webp?fit=1200%2C675&ssl=1&resize=350%2C200 1x, https:\/\/i0.wp.com\/ismaelcolosi.com.br\/wp-content\/uploads\/2024\/07\/Copia-de-Copia-de-TAMANHO-EXATO-PARA-FOTOS-NO-SISTEMA-NOVO-19_2024-07-13_17-10-32_jpg_2024-07-13_17-10-32.webp.webp?fit=1200%2C675&ssl=1&resize=525%2C300 1.5x, https:\/\/i0.wp.com\/ismaelcolosi.com.br\/wp-content\/uploads\/2024\/07\/Copia-de-Copia-de-TAMANHO-EXATO-PARA-FOTOS-NO-SISTEMA-NOVO-19_2024-07-13_17-10-32_jpg_2024-07-13_17-10-32.webp.webp?fit=1200%2C675&ssl=1&resize=700%2C400 2x, https:\/\/i0.wp.com\/ismaelcolosi.com.br\/wp-content\/uploads\/2024\/07\/Copia-de-Copia-de-TAMANHO-EXATO-PARA-FOTOS-NO-SISTEMA-NOVO-19_2024-07-13_17-10-32_jpg_2024-07-13_17-10-32.webp.webp?fit=1200%2C675&ssl=1&resize=1050%2C600 3x"},"classes":[]},{"id":48025,"url":"https:\/\/ismaelcolosi.com.br\/index.php\/2024\/04\/30\/morre-a-jornalista-e-apresentadora-erica-amendola-em-ribeirao-preto\/","url_meta":{"origin":16356,"position":5},"title":"Morre a jornalista e apresentadora \u00c9rica Am\u00eandola\u00a0em Ribeir\u00e3o Preto","author":"ismaelcolosi.com.br","date":"30 de Abril de 2024","format":false,"excerpt":"[ad_1] A jornalista e apresentadora \u00c9rica Am\u00eandola morreu nesta ter\u00e7a-feira (30), aos 63 anos, em Ribeir\u00e3o Preto. Ela estava em tratamento contra um c\u00e2ncer h\u00e1 um ano. \u00c9rica atuou na EPTV Ribeir\u00e3o nas d\u00e9cadas de 1980 e 1990 como rep\u00f3rter, editora e apresentadora, e tamb\u00e9m passou pelas principais reda\u00e7\u00f5es na\u2026","rel":"","context":"In &quot;Not\u00edcias de Ribeir\u00e3o Preto-SP e Regi\u00e3o&quot;","block_context":{"text":"Not\u00edcias de Ribeir\u00e3o Preto-SP e Regi\u00e3o","link":"https:\/\/ismaelcolosi.com.br\/index.php\/category\/noticias-de-ribeirao-preto-sp-e-regiao-ismael-colosi\/"},"img":{"alt_text":"","src":"https:\/\/i0.wp.com\/ismaelcolosi.com.br\/wp-content\/uploads\/2024\/04\/WhatsApp-Image-2024-04-30-at-10.49.35_2024-04-30_14-11-37_jpeg.webp.webp?fit=1200%2C675&ssl=1&resize=350%2C200","width":350,"height":200,"srcset":"https:\/\/i0.wp.com\/ismaelcolosi.com.br\/wp-content\/uploads\/2024\/04\/WhatsApp-Image-2024-04-30-at-10.49.35_2024-04-30_14-11-37_jpeg.webp.webp?fit=1200%2C675&ssl=1&resize=350%2C200 1x, https:\/\/i0.wp.com\/ismaelcolosi.com.br\/wp-content\/uploads\/2024\/04\/WhatsApp-Image-2024-04-30-at-10.49.35_2024-04-30_14-11-37_jpeg.webp.webp?fit=1200%2C675&ssl=1&resize=525%2C300 1.5x, https:\/\/i0.wp.com\/ismaelcolosi.com.br\/wp-content\/uploads\/2024\/04\/WhatsApp-Image-2024-04-30-at-10.49.35_2024-04-30_14-11-37_jpeg.webp.webp?fit=1200%2C675&ssl=1&resize=700%2C400 2x, https:\/\/i0.wp.com\/ismaelcolosi.com.br\/wp-content\/uploads\/2024\/04\/WhatsApp-Image-2024-04-30-at-10.49.35_2024-04-30_14-11-37_jpeg.webp.webp?fit=1200%2C675&ssl=1&resize=1050%2C600 3x"},"classes":[]}],"jetpack_sharing_enabled":true,"jetpack_shortlink":"https:\/\/wp.me\/pfMlyK-4fO","jetpack_featured_media_url":"https:\/\/i0.wp.com\/ismaelcolosi.com.br\/wp-content\/uploads\/2023\/12\/postimg-657c6e953c6015309.jpg?fit=1200%2C628&ssl=1","_links":{"self":[{"href":"https:\/\/ismaelcolosi.com.br\/index.php\/wp-json\/wp\/v2\/posts\/16356","targetHints":{"allow":["GET"]}}],"collection":[{"href":"https:\/\/ismaelcolosi.com.br\/index.php\/wp-json\/wp\/v2\/posts"}],"about":[{"href":"https:\/\/ismaelcolosi.com.br\/index.php\/wp-json\/wp\/v2\/types\/post"}],"author":[{"embeddable":true,"href":"https:\/\/ismaelcolosi.com.br\/index.php\/wp-json\/wp\/v2\/users\/1"}],"replies":[{"embeddable":true,"href":"https:\/\/ismaelcolosi.com.br\/index.php\/wp-json\/wp\/v2\/comments?post=16356"}],"version-history":[{"count":0,"href":"https:\/\/ismaelcolosi.com.br\/index.php\/wp-json\/wp\/v2\/posts\/16356\/revisions"}],"wp:featuredmedia":[{"embeddable":true,"href":"https:\/\/ismaelcolosi.com.br\/index.php\/wp-json\/wp\/v2\/media\/16357"}],"wp:attachment":[{"href":"https:\/\/ismaelcolosi.com.br\/index.php\/wp-json\/wp\/v2\/media?parent=16356"}],"wp:term":[{"taxonomy":"category","embeddable":true,"href":"https:\/\/ismaelcolosi.com.br\/index.php\/wp-json\/wp\/v2\/categories?post=16356"},{"taxonomy":"post_tag","embeddable":true,"href":"https:\/\/ismaelcolosi.com.br\/index.php\/wp-json\/wp\/v2\/tags?post=16356"}],"curies":[{"name":"wp","href":"https:\/\/api.w.org\/{rel}","templated":true}]}}