{"id":16356,"date":"2023-12-15T13:19:59","date_gmt":"2023-12-15T16:19:59","guid":{"rendered":"https:\/\/ismaelcolosi.com.br\/index.php\/2023\/12\/15\/voce-e-linda-e-um-tesao\/"},"modified":"2023-12-15T13:19:59","modified_gmt":"2023-12-15T16:19:59","slug":"voce-e-linda-e-um-tesao","status":"publish","type":"post","link":"https:\/\/ismaelcolosi.com.br\/index.php\/2023\/12\/15\/voce-e-linda-e-um-tesao\/","title":{"rendered":"&#8216;Voc\u00ea \u00e9 linda e um tes\u00e3o&#8217;"},"content":{"rendered":"<p> <br \/>\n<\/p>\n<div itemprop=\"text\">\n<p>Ap\u00f3s uma dura batalha vencida contra o c\u00e2ncer de intestino, a cantora Preta Gil compareceu ao WME (Women\u2019s Music Eventos) Awards que aconteceu na noite da quinta feira, 14 de dezembro sem S\u00e3o Paulo.<\/p>\n<p>Acompanhada da mulher, Malu Ver\u00e7osa, Daniela Mercury deu selinho em Preta diante de todos e durante sua homenagem a amiga, rasgou elogios a Preta e se beijaram.<\/p>\n<p><em>\u201cVoc\u00ea \u00e9 inspira\u00e7\u00e3o, voc\u00ea nos emancipa, voc\u00ea quebra todos os arm\u00e1rios desde que voc\u00ea \u00e9 pequena, voc\u00ea consegue fazer as coisas de uma maneira incr\u00edvel com espontaneidade e com uma humanidade que nos salva.Voc\u00ea \u00e9 linda e um tes\u00e3o\u201d<\/em><\/p>\n<blockquote class=\"instagram-media\" style=\"background: #FFF; border: 0; border-radius: 3px; box-shadow: 0 0 1px 0 rgba(0,0,0,0.5),0 1px 10px 0 rgba(0,0,0,0.15); margin: 1px; max-width: 540px; min-width: 326px; padding: 0; width: calc(100% - 2px);\" data-instgrm-captioned=\"\" data-instgrm-permalink=\"https:\/\/www.instagram.com\/p\/C035siDAN2P\/?utm_source=ig_embed&amp;utm_campaign=loading\" data-instgrm-version=\"14\">\n<p>\u00a0<\/p>\n<p>Ver essa foto no Instagram<\/p>\n<p>\u00a0<\/p>\n<p style=\"color: #c9c8cd; font-family: Arial,sans-serif; font-size: 14px; line-height: 17px; margin-bottom: 0; margin-top: 8px; overflow: hidden; padding: 8px 0 7px; text-align: center; text-overflow: ellipsis; white-space: nowrap;\"><a style=\"color: #c9c8cd; font-family: Arial,sans-serif; font-size: 14px; font-style: normal; font-weight: normal; line-height: 17px; text-decoration: none;\" href=\"https:\/\/www.instagram.com\/p\/C035siDAN2P\/?utm_source=ig_embed&amp;utm_campaign=loading\" target=\"_blank\" rel=\"noopener\">Uma publica\u00e7\u00e3o compartilhada por Daniela Mercury Suporte (@danielamercurysuporte)<\/a><\/p>\n<\/blockquote>\n<p>Daniela ressaltou a import\u00e2ncia que Preta teve para dar visibilidade a outro aspecto do c\u00e2ncer e o tratamento, pois a todo momento, a filha de Gilberto Gil usou seu espa\u00e7o de fala para conscientizar e mostrar a realidade dos pacientes oncol\u00f3gicos.<\/p>\n<p>Preta anunciou recentemente uma nova etapa. Ela fez a retirada da bolsa de ileostomia. Ela passou por uma cirurgia de reconstru\u00e7\u00e3o do trato intestinal, que foi muito bem sucedida.<\/p>\n<p>No relato emocionante para a boa not\u00edcia, ela contou que ficar\u00e1 ainda por cinco anos em uma rotina de acompanhamento m\u00e9dico, que \u00e9 o procedimento padr\u00e3o para ex pacientes oncol\u00f3gicos.<\/p>\n<p>Preta j\u00e1 deixou garantido sua participa\u00e7\u00e3o no carnaval 2024. Ela retornar\u00e1 com a comemora\u00e7\u00e3o de 15 anos do bloco com seu nome que arrasta multid\u00f5es em todo carnaval carioca, este ano ainda mais especial.<\/p>\n<\/div>\n<p><script async src=\"\/\/www.instagram.com\/embed.js\"><\/script><br \/>\n<br \/><br \/>\n<br \/><a href=\"https:\/\/fnmais.com\/daniela-mercury-preta-gil-dao-selinho-em-palco-durante-premiacao-voce-linda-tesao\/\">Source link <\/a><\/p>\n<div class='code-block code-block-4' style='margin: 8px auto 8px 0; text-align: left; display: block; clear: both;'>\n\ud83d\udce2 Aviso Legal\n\nO site ismaelcolosi.com.br atua apenas como um canal de divulga\u00e7\u00e3o de oportunidades de emprego e n\u00e3o se responsabiliza pelo processo seletivo, contrata\u00e7\u00e3o ou qualquer outra etapa relacionada \u00e0s vagas publicadas. Todas as informa\u00e7\u00f5es s\u00e3o de responsabilidade dos anunciantes.\n\n\u26a0\ufe0f Aten\u00e7\u00e3o! Nunca pague por promessas de emprego nem compre cursos que garantam contrata\u00e7\u00e3o. Desconfie de qualquer cobran\u00e7a para participar de sele\u00e7\u00f5es.\n\n\n\n<\/div>\n<!-- CONTENT END 1 -->\n","protected":false},"excerpt":{"rendered":"<p>Ap\u00f3s uma dura batalha vencida contra o c\u00e2ncer de intestino, a cantora Preta Gil compareceu ao WME (Women\u2019s Music Eventos) Awards que aconteceu na noite&#8230;<\/p>\n","protected":false},"author":1,"featured_media":16357,"comment_status":"open","ping_status":"open","sticky":false,"template":"","format":"standard","meta":{"_uag_custom_page_level_css":"","advanced_seo_description":"","jetpack_seo_html_title":"","jetpack_seo_noindex":false,"jetpack_post_was_ever_published":false,"_jetpack_newsletter_access":"","_jetpack_dont_email_post_to_subs":false,"_jetpack_newsletter_tier_id":0,"_jetpack_memberships_contains_paywalled_content":false,"_jetpack_memberships_contains_paid_content":false,"footnotes":"","jetpack_publicize_message":"","jetpack_publicize_feature_enabled":true,"jetpack_social_post_already_shared":true,"jetpack_social_options":{"image_generator_settings":{"template":"highway","default_image_id":0,"font":"","enabled":false},"version":2}},"categories":[1],"tags":[],"class_list":["post-16356","post","type-post","status-publish","format-standard","has-post-thumbnail","hentry","category-blog"],"jetpack_publicize_connections":[],"jetpack_featured_media_url":"https:\/\/i0.wp.com\/ismaelcolosi.com.br\/wp-content\/uploads\/2023\/12\/postimg-657c6e953c6015309.jpg?fit=1200%2C628&ssl=1","uagb_featured_image_src":{"full":["https:\/\/i0.wp.com\/ismaelcolosi.com.br\/wp-content\/uploads\/2023\/12\/postimg-657c6e953c6015309.jpg?fit=1200%2C628&ssl=1",1200,628,false],"thumbnail":["https:\/\/i0.wp.com\/ismaelcolosi.com.br\/wp-content\/uploads\/2023\/12\/postimg-657c6e953c6015309.jpg?resize=150%2C150&ssl=1",150,150,true],"medium":["https:\/\/i0.wp.com\/ismaelcolosi.com.br\/wp-content\/uploads\/2023\/12\/postimg-657c6e953c6015309.jpg?fit=300%2C157&ssl=1",300,157,true],"medium_large":["https:\/\/i0.wp.com\/ismaelcolosi.com.br\/wp-content\/uploads\/2023\/12\/postimg-657c6e953c6015309.jpg?fit=768%2C402&ssl=1",768,402,true],"large":["https:\/\/i0.wp.com\/ismaelcolosi.com.br\/wp-content\/uploads\/2023\/12\/postimg-657c6e953c6015309.jpg?fit=1024%2C536&ssl=1",1024,536,true],"1536x1536":["https:\/\/i0.wp.com\/ismaelcolosi.com.br\/wp-content\/uploads\/2023\/12\/postimg-657c6e953c6015309.jpg?fit=1200%2C628&ssl=1",1200,628,true],"2048x2048":["https:\/\/i0.wp.com\/ismaelcolosi.com.br\/wp-content\/uploads\/2023\/12\/postimg-657c6e953c6015309.jpg?fit=1200%2C628&ssl=1",1200,628,true],"really-simple-thumb":["https:\/\/i0.wp.com\/ismaelcolosi.com.br\/wp-content\/uploads\/2023\/12\/postimg-657c6e953c6015309.jpg?resize=370%2C247&ssl=1",370,247,true]},"uagb_author_info":{"display_name":"ismaelcolosi.com.br","author_link":"https:\/\/ismaelcolosi.com.br\/index.php\/author\/vidareal-online\/"},"uagb_comment_info":0,"uagb_excerpt":"Ap\u00f3s uma dura batalha vencida contra o c\u00e2ncer de intestino, a cantora Preta Gil compareceu ao WME (Women\u2019s Music Eventos) Awards que aconteceu na noite...","jetpack-related-posts":[{"id":47795,"url":"https:\/\/ismaelcolosi.com.br\/index.php\/2024\/04\/28\/feira-preta-2024-disponibilizara-calculadora-de-co2-para-visitantes-e-gestao-completa-de-residuos\/","url_meta":{"origin":16356,"position":0},"title":"Feira Preta 2024 disponibilizar\u00e1 calculadora de CO2 para visitantes e gest\u00e3o completa de res\u00edduos","author":"ismaelcolosi.com.br","date":"28 de April de 2024","format":false,"excerpt":"Feira Preta 2024 disponibilizar\u00e1 calculadora de CO2 para visitantes e gest\u00e3o completa de res\u00edduosEm parceria com a startup Eccaplan, evento incorpora gest\u00e3o ESG para promover um festival sustent\u00e1vel S\u00e3o Paulo receber\u00e1, entre os dias 3 e 5 de maio, no Parque do Ibirapuera, a 22\u00aa\u00a0edi\u00e7\u00e3o do Festival Feira Preta, com\u2026","rel":"","context":"In &quot;Not\u00edcias de Ribeir\u00e3o Preto-SP e Regi\u00e3o&quot;","block_context":{"text":"Not\u00edcias de Ribeir\u00e3o Preto-SP e Regi\u00e3o","link":"https:\/\/ismaelcolosi.com.br\/index.php\/category\/noticias-de-ribeirao-preto-sp-e-regiao-ismael-colosi\/"},"img":{"alt_text":"","src":"","width":0,"height":0},"classes":[]},{"id":44984,"url":"https:\/\/ismaelcolosi.com.br\/index.php\/2024\/04\/01\/karol-conka-e-marina-sena-sao-as-convidadas-do-tvz-com-preta-gil-desta-semana-no-multishow\/","url_meta":{"origin":16356,"position":1},"title":"Karol Conk\u00e1 e Marina Sena s\u00e3o as convidadas do &#8220;TVZ com Preta Gil&#8221; desta semana no Multishow","author":"ismaelcolosi.com.br","date":"1 de April de 2024","format":false,"excerpt":"Karol Conk\u00e1 e Marina Sena s\u00e3o as convidadas do \u201cTVZ com Preta Gil\u201d desta semana no MultishowO\u00a0TVZ Com Preta Gil\u00a0ter\u00e1 uma semana repleta de m\u00fasica boa e conversas descontra\u00eddas no\u00a0Multishow.\u00a0Hoje (1\u00ba), a partir das 18h,\u00a0Preta Gil\u00a0recebe\u00a0Karol Conk\u00e1\u00a0para\u00a0cantar seus hits, bater um papo divertido e\u00a0elevar a temperatura com os videoclipes mais\u2026","rel":"","context":"In &quot;Not\u00edcias de Ribeir\u00e3o Preto-SP e Regi\u00e3o&quot;","block_context":{"text":"Not\u00edcias de Ribeir\u00e3o Preto-SP e Regi\u00e3o","link":"https:\/\/ismaelcolosi.com.br\/index.php\/category\/noticias-de-ribeirao-preto-sp-e-regiao-ismael-colosi\/"},"img":{"alt_text":"","src":"https:\/\/i0.wp.com\/ismaelcolosi.com.br\/wp-content\/uploads\/2024\/04\/preta-gil.webp.webp?fit=1200%2C900&ssl=1&resize=350%2C200","width":350,"height":200,"srcset":"https:\/\/i0.wp.com\/ismaelcolosi.com.br\/wp-content\/uploads\/2024\/04\/preta-gil.webp.webp?fit=1200%2C900&ssl=1&resize=350%2C200 1x, https:\/\/i0.wp.com\/ismaelcolosi.com.br\/wp-content\/uploads\/2024\/04\/preta-gil.webp.webp?fit=1200%2C900&ssl=1&resize=525%2C300 1.5x, https:\/\/i0.wp.com\/ismaelcolosi.com.br\/wp-content\/uploads\/2024\/04\/preta-gil.webp.webp?fit=1200%2C900&ssl=1&resize=700%2C400 2x, https:\/\/i0.wp.com\/ismaelcolosi.com.br\/wp-content\/uploads\/2024\/04\/preta-gil.webp.webp?fit=1200%2C900&ssl=1&resize=1050%2C600 3x"},"classes":[]},{"id":46735,"url":"https:\/\/ismaelcolosi.com.br\/index.php\/2024\/04\/13\/ludmilla-divulga-carta-aberta-aos-fas-e-convoca-o-publico-para-assistir-ao-seu-show-no-coachella\/","url_meta":{"origin":16356,"position":2},"title":"Ludmilla divulga carta aberta aos f\u00e3s e convoca o p\u00fablico para assistir ao seu show no Coachella","author":"ismaelcolosi.com.br","date":"13 de April de 2024","format":false,"excerpt":"Ludmilla divulga carta aberta aos f\u00e3s e convoca o p\u00fablico para assistir ao seu show no CoachellaA maior artista preta da Am\u00e9rica Latina promete um grande espet\u00e1culo neste domingo (14), com transmiss\u00e3o pelo canal oficial do festival, \u00e0s 23h40 Um dia antes de subir ao palco do festival Coachella,\u00a0Ludmilla\u00a0abriu o\u2026","rel":"","context":"In &quot;Not\u00edcias de Ribeir\u00e3o Preto-SP e Regi\u00e3o&quot;","block_context":{"text":"Not\u00edcias de Ribeir\u00e3o Preto-SP e Regi\u00e3o","link":"https:\/\/ismaelcolosi.com.br\/index.php\/category\/noticias-de-ribeirao-preto-sp-e-regiao-ismael-colosi\/"},"img":{"alt_text":"","src":"https:\/\/i0.wp.com\/ismaelcolosi.com.br\/wp-content\/uploads\/2024\/04\/Ludmilla-dente.jpg?fit=1200%2C800&ssl=1&resize=350%2C200","width":350,"height":200,"srcset":"https:\/\/i0.wp.com\/ismaelcolosi.com.br\/wp-content\/uploads\/2024\/04\/Ludmilla-dente.jpg?fit=1200%2C800&ssl=1&resize=350%2C200 1x, https:\/\/i0.wp.com\/ismaelcolosi.com.br\/wp-content\/uploads\/2024\/04\/Ludmilla-dente.jpg?fit=1200%2C800&ssl=1&resize=525%2C300 1.5x, https:\/\/i0.wp.com\/ismaelcolosi.com.br\/wp-content\/uploads\/2024\/04\/Ludmilla-dente.jpg?fit=1200%2C800&ssl=1&resize=700%2C400 2x, https:\/\/i0.wp.com\/ismaelcolosi.com.br\/wp-content\/uploads\/2024\/04\/Ludmilla-dente.jpg?fit=1200%2C800&ssl=1&resize=1050%2C600 3x"},"classes":[]},{"id":46577,"url":"https:\/\/ismaelcolosi.com.br\/index.php\/2024\/04\/12\/festival-feira-preta-marcelo-d2-apresentara-seu-show-iboru-em-homenagem-a-arlindo-cruz-com-arlindinho-leci-brandao-e-maria-rita\/","url_meta":{"origin":16356,"position":3},"title":"Festival Feira Preta: Marcelo D2 apresentar\u00e1 seu show IBORU em homenagem a Arlindo Cruz com Arlindinho, Leci Brand\u00e3o e Maria Rita","author":"ismaelcolosi.com.br","date":"12 de April de 2024","format":false,"excerpt":"Festival Feira Preta: Marcelo D2 apresentar\u00e1 seu show IBORU em homenagem a Arlindo Cruz com Arlindinho, Leci Brand\u00e3o e Maria RitaCom tr\u00eas dias de programa\u00e7\u00e3o os ingressos j\u00e1 v\u00e3o para o terceiro lote O Festival Feira Preta, maior evento de cultura e afroempreendedorismo da Am\u00e9rica Latina, anunciou o line up\u2026","rel":"","context":"In &quot;Not\u00edcias de Ribeir\u00e3o Preto-SP e Regi\u00e3o&quot;","block_context":{"text":"Not\u00edcias de Ribeir\u00e3o Preto-SP e Regi\u00e3o","link":"https:\/\/ismaelcolosi.com.br\/index.php\/category\/noticias-de-ribeirao-preto-sp-e-regiao-ismael-colosi\/"},"img":{"alt_text":"","src":"https:\/\/i0.wp.com\/ismaelcolosi.com.br\/wp-content\/uploads\/2024\/04\/MARCELO-d2.jpg?fit=1200%2C676&ssl=1&resize=350%2C200","width":350,"height":200,"srcset":"https:\/\/i0.wp.com\/ismaelcolosi.com.br\/wp-content\/uploads\/2024\/04\/MARCELO-d2.jpg?fit=1200%2C676&ssl=1&resize=350%2C200 1x, https:\/\/i0.wp.com\/ismaelcolosi.com.br\/wp-content\/uploads\/2024\/04\/MARCELO-d2.jpg?fit=1200%2C676&ssl=1&resize=525%2C300 1.5x, https:\/\/i0.wp.com\/ismaelcolosi.com.br\/wp-content\/uploads\/2024\/04\/MARCELO-d2.jpg?fit=1200%2C676&ssl=1&resize=700%2C400 2x, https:\/\/i0.wp.com\/ismaelcolosi.com.br\/wp-content\/uploads\/2024\/04\/MARCELO-d2.jpg?fit=1200%2C676&ssl=1&resize=1050%2C600 3x"},"classes":[]},{"id":74263,"url":"https:\/\/ismaelcolosi.com.br\/index.php\/2024\/10\/30\/3a-parada-preta-exalta-luta-contra-o-racismo-violencia-de-raca-e-lgbtfobia\/","url_meta":{"origin":16356,"position":4},"title":"3\u00aa Parada Preta exalta luta contra o racismo, viol\u00eancia de ra\u00e7a e LGBTfobia","author":"ismaelcolosi.com.br","date":"30 de October de 2024","format":false,"excerpt":"A ONG Arco-\u00cdris de Ribeir\u00e3o Preto, presidida por F\u00e1bio de Jesus, realiza no pr\u00f3ximo domingo, dia 3, a partir das 15 horas, a 3\u00aa Parada Preta 2024. O evento, que acontece no cruzamento das Avenidas Luzitana com a Monteiro Lobato, no Parque Ribeir\u00e3o, ir\u00e1 reunir dezenas de artistas consagrados da\u2026","rel":"","context":"In &quot;Not\u00edcias de Ribeir\u00e3o Preto-SP e Regi\u00e3o&quot;","block_context":{"text":"Not\u00edcias de Ribeir\u00e3o Preto-SP e Regi\u00e3o","link":"https:\/\/ismaelcolosi.com.br\/index.php\/category\/noticias-de-ribeirao-preto-sp-e-regiao-ismael-colosi\/"},"img":{"alt_text":"","src":"https:\/\/i0.wp.com\/ismaelcolosi.com.br\/wp-content\/uploads\/2024\/10\/ef451f5a-8575-4b4b-a8cf-6b35fa27bab8.jpeg?fit=500%2C500&ssl=1&resize=350%2C200","width":350,"height":200},"classes":[]},{"id":69453,"url":"https:\/\/ismaelcolosi.com.br\/index.php\/2024\/10\/05\/botafogo-perde-para-ponte-preta-e-entra-no-z-4-da-serie-b-do-brasileiro\/","url_meta":{"origin":16356,"position":5},"title":"Botafogo perde para Ponte Preta e entra no Z-4 da S\u00e9rie B do Brasileiro","author":"ismaelcolosi.com.br","date":"5 de October de 2024","format":false,"excerpt":"O Grupo EP usa cookies e outras tecnologias semelhantes para melhorar a sua experi\u00eancia, analisar o tr\u00e1fego do site e personalizar o conte\u00fado. Conhe\u00e7a a nossa pol\u00edtica de privacidade e, ao continuar navegando, voc\u00ea concorda com estas condi\u00e7\u00f5es. Source link","rel":"","context":"In &quot;Not\u00edcias de Ribeir\u00e3o Preto-SP e Regi\u00e3o&quot;","block_context":{"text":"Not\u00edcias de Ribeir\u00e3o Preto-SP e Regi\u00e3o","link":"https:\/\/ismaelcolosi.com.br\/index.php\/category\/noticias-de-ribeirao-preto-sp-e-regiao-ismael-colosi\/"},"img":{"alt_text":"","src":"https:\/\/i0.wp.com\/ismaelcolosi.com.br\/wp-content\/uploads\/2024\/10\/WhatsApp-Image-2024-10-05-at-18.47.59_2024-10-05_21-51-59_jpeg_2024-10-05_21-52-00.webp.webp?fit=1200%2C800&ssl=1&resize=350%2C200","width":350,"height":200,"srcset":"https:\/\/i0.wp.com\/ismaelcolosi.com.br\/wp-content\/uploads\/2024\/10\/WhatsApp-Image-2024-10-05-at-18.47.59_2024-10-05_21-51-59_jpeg_2024-10-05_21-52-00.webp.webp?fit=1200%2C800&ssl=1&resize=350%2C200 1x, https:\/\/i0.wp.com\/ismaelcolosi.com.br\/wp-content\/uploads\/2024\/10\/WhatsApp-Image-2024-10-05-at-18.47.59_2024-10-05_21-51-59_jpeg_2024-10-05_21-52-00.webp.webp?fit=1200%2C800&ssl=1&resize=525%2C300 1.5x, https:\/\/i0.wp.com\/ismaelcolosi.com.br\/wp-content\/uploads\/2024\/10\/WhatsApp-Image-2024-10-05-at-18.47.59_2024-10-05_21-51-59_jpeg_2024-10-05_21-52-00.webp.webp?fit=1200%2C800&ssl=1&resize=700%2C400 2x, https:\/\/i0.wp.com\/ismaelcolosi.com.br\/wp-content\/uploads\/2024\/10\/WhatsApp-Image-2024-10-05-at-18.47.59_2024-10-05_21-51-59_jpeg_2024-10-05_21-52-00.webp.webp?fit=1200%2C800&ssl=1&resize=1050%2C600 3x"},"classes":[]}],"jetpack_sharing_enabled":true,"jetpack_shortlink":"https:\/\/wp.me\/pfMlyK-4fO","_links":{"self":[{"href":"https:\/\/ismaelcolosi.com.br\/index.php\/wp-json\/wp\/v2\/posts\/16356","targetHints":{"allow":["GET"]}}],"collection":[{"href":"https:\/\/ismaelcolosi.com.br\/index.php\/wp-json\/wp\/v2\/posts"}],"about":[{"href":"https:\/\/ismaelcolosi.com.br\/index.php\/wp-json\/wp\/v2\/types\/post"}],"author":[{"embeddable":true,"href":"https:\/\/ismaelcolosi.com.br\/index.php\/wp-json\/wp\/v2\/users\/1"}],"replies":[{"embeddable":true,"href":"https:\/\/ismaelcolosi.com.br\/index.php\/wp-json\/wp\/v2\/comments?post=16356"}],"version-history":[{"count":0,"href":"https:\/\/ismaelcolosi.com.br\/index.php\/wp-json\/wp\/v2\/posts\/16356\/revisions"}],"wp:featuredmedia":[{"embeddable":true,"href":"https:\/\/ismaelcolosi.com.br\/index.php\/wp-json\/wp\/v2\/media\/16357"}],"wp:attachment":[{"href":"https:\/\/ismaelcolosi.com.br\/index.php\/wp-json\/wp\/v2\/media?parent=16356"}],"wp:term":[{"taxonomy":"category","embeddable":true,"href":"https:\/\/ismaelcolosi.com.br\/index.php\/wp-json\/wp\/v2\/categories?post=16356"},{"taxonomy":"post_tag","embeddable":true,"href":"https:\/\/ismaelcolosi.com.br\/index.php\/wp-json\/wp\/v2\/tags?post=16356"}],"curies":[{"name":"wp","href":"https:\/\/api.w.org\/{rel}","templated":true}]}}