{"id":16311,"date":"2023-12-15T11:31:45","date_gmt":"2023-12-15T14:31:45","guid":{"rendered":"https:\/\/ismaelcolosi.com.br\/index.php\/2023\/12\/15\/acidente-entre-ambulancia-e-carro-de-familia-deixa-vitimas-no-pr-medica-correu-para-ajudar-ao-escutar-barulho\/"},"modified":"2023-12-15T11:31:45","modified_gmt":"2023-12-15T14:31:45","slug":"acidente-entre-ambulancia-e-carro-de-familia-deixa-vitimas-no-pr-medica-correu-para-ajudar-ao-escutar-barulho","status":"publish","type":"post","link":"https:\/\/ismaelcolosi.com.br\/index.php\/2023\/12\/15\/acidente-entre-ambulancia-e-carro-de-familia-deixa-vitimas-no-pr-medica-correu-para-ajudar-ao-escutar-barulho\/","title":{"rendered":"Acidente entre ambul\u00e2ncia e carro de fam\u00edlia deixa v\u00edtimas no PR; m\u00e9dica correu para ajudar ao escutar barulho"},"content":{"rendered":"<p> <br \/>\n<\/p>\n<div itemprop=\"text\">\n<p>Um acidente envolvendo uma ambul\u00e2ncia do SAMU (Servi\u00e7o de Atendimento M\u00f3vel de Urg\u00eancia) e um carro de passeio deixou v\u00edtimas feridas na noite desta quinta-feira, dia 14 de dezembro. O caso aconteceu na localidade de Bairro Verde, em Curitiba, no Paran\u00e1.<\/p>\n<p>Uma m\u00e3e, sua filha e sua neta, que estavam dentro de um ve\u00edculo menor, apresentaram diversos ferimentos, assim como o motorista da ambul\u00e2ncia e uma enfermeira que estavam dentro do ve\u00edculo.<\/p>\n<p>Diante do acontecimento, uma m\u00e9dica, que mora a pr\u00f3ximo a localidade, escutou o barulho da colis\u00e3o, e com isso, foi at\u00e9 o local para prestar os primeiros atendimentos. Ela concedeu entrevista para canais de comunica\u00e7\u00e3o e contou mais sobre suas atitudes.<\/p>\n<p><em>\u201cEu estava terminando de arrumar as coisas para ir deitar, quando escutei um barulho muito alto. Olhei pela janela do quarto e corri ajudar\u201d<\/em>, declarou a profissional de sa\u00fade, Simone Trevisan, ao falar sobre o assunto.<\/p>\n<p>Agora, segundo informa\u00e7\u00f5es do tenente Rehder, filiado a Pol\u00edcia Militar do Paran\u00e1, as causas que levaram a todo o acidente ser\u00e3o investigadas. Segundo ele, de acordo com averigua\u00e7\u00f5es preliminares, a ambul\u00e2ncia teria furado. Contudo, isso ainda n\u00e3o \u00e9 uma certeza e \u00e9 necess\u00e1rio mais investiga\u00e7\u00f5es para entender o acontecimento.<\/p>\n<p>Devido a gravidade do acidente, a ambul\u00e2ncia apresentou estragos na sua parte dianteira, enquanto o ve\u00edculo sofreu a maior parte dos danos em sua parte lateral. Por enquanto, n\u00e3o chegou a ser divulgado o nome das v\u00edtimas ou qual \u00e9 a gravidade de seus ferimentos.<\/p>\n<\/div>\n<p><br \/>\n<br \/><a href=\"https:\/\/fnmais.com\/acidente-entre-ambulancia-carro-familia-deixa-vitimas-no-pr-medica-correu-para-ajudar-ao-escutar-barulho\/\">Source link <\/a><\/p>\n<div class='code-block code-block-4' style='margin: 8px auto 8px 0; text-align: left; display: block; clear: both;'>\n\ud83d\udce2 Aviso Legal\n\nO site ismaelcolosi.com.br atua apenas como um canal de divulga\u00e7\u00e3o de oportunidades de emprego e n\u00e3o se responsabiliza pelo processo seletivo, contrata\u00e7\u00e3o ou qualquer outra etapa relacionada \u00e0s vagas publicadas. Todas as informa\u00e7\u00f5es s\u00e3o de responsabilidade dos anunciantes.\n\n\u26a0\ufe0f Aten\u00e7\u00e3o! Nunca pague por promessas de emprego nem compre cursos que garantam contrata\u00e7\u00e3o. Desconfie de qualquer cobran\u00e7a para participar de sele\u00e7\u00f5es.\n\n\n\n<\/div>\n<!-- CONTENT END 1 -->\n","protected":false},"excerpt":{"rendered":"<p>Um acidente envolvendo uma ambul\u00e2ncia do SAMU (Servi\u00e7o de Atendimento M\u00f3vel de Urg\u00eancia) e um carro de passeio deixou v\u00edtimas feridas na noite desta quinta-feira,&#8230;<\/p>\n","protected":false},"author":1,"featured_media":16312,"comment_status":"open","ping_status":"open","sticky":false,"template":"","format":"standard","meta":{"_uag_custom_page_level_css":"","advanced_seo_description":"","jetpack_seo_html_title":"","jetpack_seo_noindex":false,"jetpack_post_was_ever_published":false,"_jetpack_newsletter_access":"","_jetpack_dont_email_post_to_subs":false,"_jetpack_newsletter_tier_id":0,"_jetpack_memberships_contains_paywalled_content":false,"_jetpack_memberships_contains_paid_content":false,"footnotes":"","jetpack_publicize_message":"","jetpack_publicize_feature_enabled":true,"jetpack_social_post_already_shared":true,"jetpack_social_options":{"image_generator_settings":{"template":"highway","default_image_id":0,"font":"","enabled":false},"version":2}},"categories":[1],"tags":[],"class_list":["post-16311","post","type-post","status-publish","format-standard","has-post-thumbnail","hentry","category-blog"],"jetpack_publicize_connections":[],"jetpack_featured_media_url":"https:\/\/i0.wp.com\/ismaelcolosi.com.br\/wp-content\/uploads\/2023\/12\/postimg-657c61c523d177811.jpg?fit=1200%2C628&ssl=1","uagb_featured_image_src":{"full":["https:\/\/i0.wp.com\/ismaelcolosi.com.br\/wp-content\/uploads\/2023\/12\/postimg-657c61c523d177811.jpg?fit=1200%2C628&ssl=1",1200,628,false],"thumbnail":["https:\/\/i0.wp.com\/ismaelcolosi.com.br\/wp-content\/uploads\/2023\/12\/postimg-657c61c523d177811.jpg?resize=150%2C150&ssl=1",150,150,true],"medium":["https:\/\/i0.wp.com\/ismaelcolosi.com.br\/wp-content\/uploads\/2023\/12\/postimg-657c61c523d177811.jpg?fit=300%2C157&ssl=1",300,157,true],"medium_large":["https:\/\/i0.wp.com\/ismaelcolosi.com.br\/wp-content\/uploads\/2023\/12\/postimg-657c61c523d177811.jpg?fit=768%2C402&ssl=1",768,402,true],"large":["https:\/\/i0.wp.com\/ismaelcolosi.com.br\/wp-content\/uploads\/2023\/12\/postimg-657c61c523d177811.jpg?fit=1024%2C536&ssl=1",1024,536,true],"1536x1536":["https:\/\/i0.wp.com\/ismaelcolosi.com.br\/wp-content\/uploads\/2023\/12\/postimg-657c61c523d177811.jpg?fit=1200%2C628&ssl=1",1200,628,true],"2048x2048":["https:\/\/i0.wp.com\/ismaelcolosi.com.br\/wp-content\/uploads\/2023\/12\/postimg-657c61c523d177811.jpg?fit=1200%2C628&ssl=1",1200,628,true],"really-simple-thumb":["https:\/\/i0.wp.com\/ismaelcolosi.com.br\/wp-content\/uploads\/2023\/12\/postimg-657c61c523d177811.jpg?resize=370%2C247&ssl=1",370,247,true]},"uagb_author_info":{"display_name":"ismaelcolosi.com.br","author_link":"https:\/\/ismaelcolosi.com.br\/index.php\/author\/vidareal-online\/"},"uagb_comment_info":0,"uagb_excerpt":"Um acidente envolvendo uma ambul\u00e2ncia do SAMU (Servi\u00e7o de Atendimento M\u00f3vel de Urg\u00eancia) e um carro de passeio deixou v\u00edtimas feridas na noite desta quinta-feira,...","jetpack-related-posts":[{"id":31468,"url":"https:\/\/ismaelcolosi.com.br\/index.php\/2024\/01\/22\/carro-capota-bate-em-carreta-na-br-153-e-deixa-cinco-vitimas-da-mesma-familia\/","url_meta":{"origin":16311,"position":0},"title":"Carro capota, bate em carreta na BR-153 e deixa cinco v\u00edtimas da mesma fam\u00edlia","author":"ismaelcolosi.com.br","date":"22 de January de 2024","format":false,"excerpt":"Uma trag\u00e9dia ocorreu na BR-153, rodovia que fica pr\u00f3xima a cidade de Arapor\u00e3, e infelizmente, os membros afetados s\u00e3o todos de uma mesma fam\u00edlia. Se trataram de quatro pessoas feridas e uma v\u00edtima fatal.O acidente aconteceu ap\u00f3s o ve\u00edculo em que todos estavam ter capotado e colidido contra uma carreta.\u2026","rel":"","context":"In &quot;Blog&quot;","block_context":{"text":"Blog","link":"https:\/\/ismaelcolosi.com.br\/index.php\/category\/blog\/"},"img":{"alt_text":"","src":"https:\/\/i0.wp.com\/ismaelcolosi.com.br\/wp-content\/uploads\/2024\/01\/postimg-65ae7177b77404880.jpg?fit=1200%2C628&ssl=1&resize=350%2C200","width":350,"height":200,"srcset":"https:\/\/i0.wp.com\/ismaelcolosi.com.br\/wp-content\/uploads\/2024\/01\/postimg-65ae7177b77404880.jpg?fit=1200%2C628&ssl=1&resize=350%2C200 1x, https:\/\/i0.wp.com\/ismaelcolosi.com.br\/wp-content\/uploads\/2024\/01\/postimg-65ae7177b77404880.jpg?fit=1200%2C628&ssl=1&resize=525%2C300 1.5x, https:\/\/i0.wp.com\/ismaelcolosi.com.br\/wp-content\/uploads\/2024\/01\/postimg-65ae7177b77404880.jpg?fit=1200%2C628&ssl=1&resize=700%2C400 2x, https:\/\/i0.wp.com\/ismaelcolosi.com.br\/wp-content\/uploads\/2024\/01\/postimg-65ae7177b77404880.jpg?fit=1200%2C628&ssl=1&resize=1050%2C600 3x"},"classes":[]},{"id":19459,"url":"https:\/\/ismaelcolosi.com.br\/index.php\/2023\/12\/22\/equipe-medica-gravida-e-marido-sofrem-acidente-e-ambulancia-fica-destruida-eles-nao-resistiram-na-br-040-video\/","url_meta":{"origin":16311,"position":1},"title":"Equipe m\u00e9dica, gr\u00e1vida e marido sofrem acidente e ambul\u00e2ncia fica destru\u00edda; eles n\u00e3o resistiram na BR-040; v\u00eddeo","author":"ismaelcolosi.com.br","date":"22 de December de 2023","format":false,"excerpt":"Nesta \u00faltima quinta-feira, dia 21 de dezembro, na BR-040, pr\u00f3ximo a Santos Dumont, em Minas Gerais, cinco v\u00edtimas naturais de Juiz de Fora perderam suas vidas.O incidente ocorreu ap\u00f3s uma ambul\u00e2ncia e uma carreta colidirem. A situa\u00e7\u00e3o gerou a morte de uma m\u00e9dica, uma enfermeira, o motorista, uma gr\u00e1vida de\u2026","rel":"","context":"In &quot;Blog&quot;","block_context":{"text":"Blog","link":"https:\/\/ismaelcolosi.com.br\/index.php\/category\/blog\/"},"img":{"alt_text":"","src":"https:\/\/i0.wp.com\/ismaelcolosi.com.br\/wp-content\/uploads\/2023\/12\/postimg-6585b3ccbad3f1854.jpg?fit=1200%2C628&ssl=1&resize=350%2C200","width":350,"height":200,"srcset":"https:\/\/i0.wp.com\/ismaelcolosi.com.br\/wp-content\/uploads\/2023\/12\/postimg-6585b3ccbad3f1854.jpg?fit=1200%2C628&ssl=1&resize=350%2C200 1x, https:\/\/i0.wp.com\/ismaelcolosi.com.br\/wp-content\/uploads\/2023\/12\/postimg-6585b3ccbad3f1854.jpg?fit=1200%2C628&ssl=1&resize=525%2C300 1.5x, https:\/\/i0.wp.com\/ismaelcolosi.com.br\/wp-content\/uploads\/2023\/12\/postimg-6585b3ccbad3f1854.jpg?fit=1200%2C628&ssl=1&resize=700%2C400 2x, https:\/\/i0.wp.com\/ismaelcolosi.com.br\/wp-content\/uploads\/2023\/12\/postimg-6585b3ccbad3f1854.jpg?fit=1200%2C628&ssl=1&resize=1050%2C600 3x"},"classes":[]},{"id":19469,"url":"https:\/\/ismaelcolosi.com.br\/index.php\/2023\/12\/22\/paciente-gravida-medica-enfermeira-e-motorista-vitimas-fatais-do-acidente-com-ambulancia-sao-identificadas\/","url_meta":{"origin":16311,"position":2},"title":"Paciente gr\u00e1vida, m\u00e9dica, enfermeira e motorista: V\u00edtimas fatais do acidente com ambul\u00e2ncia s\u00e3o identificadas","author":"ismaelcolosi.com.br","date":"22 de December de 2023","format":false,"excerpt":"A rodovia BR-040, foi cen\u00e1rio de um tr\u00e1gico acidente que deixou v\u00e1rias v\u00edtimas fatais. A colis\u00e3o entre em uma ambul\u00e2ncia e uma carreta ceifou a vida de cinco pessoas.A trag\u00e9dia aconteceu pr\u00f3ximo a cidade de Santos Dumont, que fica localizada na regi\u00e3o da Zona da Mata mineira, s\u00e3o residentes da\u2026","rel":"","context":"In &quot;Blog&quot;","block_context":{"text":"Blog","link":"https:\/\/ismaelcolosi.com.br\/index.php\/category\/blog\/"},"img":{"alt_text":"","src":"https:\/\/i0.wp.com\/ismaelcolosi.com.br\/wp-content\/uploads\/2023\/12\/postimg-6585b3975b9ed3806.jpg?fit=1200%2C628&ssl=1&resize=350%2C200","width":350,"height":200,"srcset":"https:\/\/i0.wp.com\/ismaelcolosi.com.br\/wp-content\/uploads\/2023\/12\/postimg-6585b3975b9ed3806.jpg?fit=1200%2C628&ssl=1&resize=350%2C200 1x, https:\/\/i0.wp.com\/ismaelcolosi.com.br\/wp-content\/uploads\/2023\/12\/postimg-6585b3975b9ed3806.jpg?fit=1200%2C628&ssl=1&resize=525%2C300 1.5x, https:\/\/i0.wp.com\/ismaelcolosi.com.br\/wp-content\/uploads\/2023\/12\/postimg-6585b3975b9ed3806.jpg?fit=1200%2C628&ssl=1&resize=700%2C400 2x, https:\/\/i0.wp.com\/ismaelcolosi.com.br\/wp-content\/uploads\/2023\/12\/postimg-6585b3975b9ed3806.jpg?fit=1200%2C628&ssl=1&resize=1050%2C600 3x"},"classes":[]},{"id":19590,"url":"https:\/\/ismaelcolosi.com.br\/index.php\/2023\/12\/22\/quem-sao-as-vitimas-fatais-do-acidente-com-ambulancia\/","url_meta":{"origin":16311,"position":3},"title":"quem s\u00e3o as v\u00edtimas fatais do acidente com ambul\u00e2ncia","author":"ismaelcolosi.com.br","date":"22 de December de 2023","format":false,"excerpt":"Um acidente grave deixou v\u00e1rias v\u00edtimas fatais na tarde da \u00faltima quinta-feira (21\/12). O tr\u00e1gico epis\u00f3dio ocorreu na BR-040, pr\u00f3ximo a Santos Dumont, na Zona da Mata mineira, em uma curva do km 736 da rodovia.O acidente envolveu uma carreta e uma ambul\u00e2ncia. No total, 5 pessoas faleceram na colis\u00e3o.\u2026","rel":"","context":"In &quot;Blog&quot;","block_context":{"text":"Blog","link":"https:\/\/ismaelcolosi.com.br\/index.php\/category\/blog\/"},"img":{"alt_text":"","src":"https:\/\/i0.wp.com\/ismaelcolosi.com.br\/wp-content\/uploads\/2023\/12\/postimg-6585f368a27225526.jpg?fit=1200%2C628&ssl=1&resize=350%2C200","width":350,"height":200,"srcset":"https:\/\/i0.wp.com\/ismaelcolosi.com.br\/wp-content\/uploads\/2023\/12\/postimg-6585f368a27225526.jpg?fit=1200%2C628&ssl=1&resize=350%2C200 1x, https:\/\/i0.wp.com\/ismaelcolosi.com.br\/wp-content\/uploads\/2023\/12\/postimg-6585f368a27225526.jpg?fit=1200%2C628&ssl=1&resize=525%2C300 1.5x, https:\/\/i0.wp.com\/ismaelcolosi.com.br\/wp-content\/uploads\/2023\/12\/postimg-6585f368a27225526.jpg?fit=1200%2C628&ssl=1&resize=700%2C400 2x, https:\/\/i0.wp.com\/ismaelcolosi.com.br\/wp-content\/uploads\/2023\/12\/postimg-6585f368a27225526.jpg?fit=1200%2C628&ssl=1&resize=1050%2C600 3x"},"classes":[]},{"id":9751,"url":"https:\/\/ismaelcolosi.com.br\/index.php\/2023\/12\/02\/pr-218-acidente-envolveu-ambulancia-diversos-carros-e-carreta-no-norte-do-parana\/","url_meta":{"origin":16311,"position":4},"title":"PR-218: Acidente envolveu ambul\u00e2ncia, diversos carros e carreta no norte do Paran\u00e1","author":"ismaelcolosi.com.br","date":"2 de December de 2023","format":false,"excerpt":"Um acidente envolvendo uma ambul\u00e2ncia, um caminh\u00e3o e tr\u00eas carros ocorreu na rodovia PR-218, entre os munic\u00edpios de Arapongas e Sab\u00e1udia, ambos localizados no norte do Paran\u00e1. A colis\u00e3o ocorreu por volta das 20h de sexta-feira (1), no quil\u00f4metro 239 da rodovia.O condutor da ambul\u00e2ncia, um homem de 65 anos,\u2026","rel":"","context":"In &quot;Blog&quot;","block_context":{"text":"Blog","link":"https:\/\/ismaelcolosi.com.br\/index.php\/category\/blog\/"},"img":{"alt_text":"","src":"https:\/\/i0.wp.com\/ismaelcolosi.com.br\/wp-content\/uploads\/2023\/12\/postimg-656ba7f68ef2b9791.jpg?fit=1200%2C628&ssl=1&resize=350%2C200","width":350,"height":200,"srcset":"https:\/\/i0.wp.com\/ismaelcolosi.com.br\/wp-content\/uploads\/2023\/12\/postimg-656ba7f68ef2b9791.jpg?fit=1200%2C628&ssl=1&resize=350%2C200 1x, https:\/\/i0.wp.com\/ismaelcolosi.com.br\/wp-content\/uploads\/2023\/12\/postimg-656ba7f68ef2b9791.jpg?fit=1200%2C628&ssl=1&resize=525%2C300 1.5x, https:\/\/i0.wp.com\/ismaelcolosi.com.br\/wp-content\/uploads\/2023\/12\/postimg-656ba7f68ef2b9791.jpg?fit=1200%2C628&ssl=1&resize=700%2C400 2x, https:\/\/i0.wp.com\/ismaelcolosi.com.br\/wp-content\/uploads\/2023\/12\/postimg-656ba7f68ef2b9791.jpg?fit=1200%2C628&ssl=1&resize=1050%2C600 3x"},"classes":[]},{"id":6691,"url":"https:\/\/ismaelcolosi.com.br\/index.php\/2023\/11\/26\/quem-eram-as-enfermeiras-que-perderam-suas-vidas-em-tragico-acidente-na-sc-466-estavam-salvando-vidas\/","url_meta":{"origin":16311,"position":5},"title":"Quem eram as enfermeiras que perderam suas vidas em tr\u00e1gico acidente na SC-466: &#8216;Estavam salvando vidas&#8217;","author":"ismaelcolosi.com.br","date":"26 de November de 2023","format":false,"excerpt":"Na manh\u00e3 deste s\u00e1bado, dia 25 de novembro, chegou a ser divulgado maiores informa\u00e7\u00f5es sobre as duas v\u00edtimas que perderam suas vidas em um tr\u00e1gico acidente na SC-446, na regi\u00e3o de Treviso, em Santa Catarina.As v\u00edtimas foram identificadas pelos nomes de Lucilene de C\u00e1ssia Rodrigues Vieira, de 47 anos de\u2026","rel":"","context":"In &quot;Blog&quot;","block_context":{"text":"Blog","link":"https:\/\/ismaelcolosi.com.br\/index.php\/category\/blog\/"},"img":{"alt_text":"","src":"https:\/\/i0.wp.com\/ismaelcolosi.com.br\/wp-content\/uploads\/2023\/11\/postimg-6563801b6c5f31551.jpg?fit=1200%2C628&ssl=1&resize=350%2C200","width":350,"height":200,"srcset":"https:\/\/i0.wp.com\/ismaelcolosi.com.br\/wp-content\/uploads\/2023\/11\/postimg-6563801b6c5f31551.jpg?fit=1200%2C628&ssl=1&resize=350%2C200 1x, https:\/\/i0.wp.com\/ismaelcolosi.com.br\/wp-content\/uploads\/2023\/11\/postimg-6563801b6c5f31551.jpg?fit=1200%2C628&ssl=1&resize=525%2C300 1.5x, https:\/\/i0.wp.com\/ismaelcolosi.com.br\/wp-content\/uploads\/2023\/11\/postimg-6563801b6c5f31551.jpg?fit=1200%2C628&ssl=1&resize=700%2C400 2x, https:\/\/i0.wp.com\/ismaelcolosi.com.br\/wp-content\/uploads\/2023\/11\/postimg-6563801b6c5f31551.jpg?fit=1200%2C628&ssl=1&resize=1050%2C600 3x"},"classes":[]}],"jetpack_sharing_enabled":true,"jetpack_shortlink":"https:\/\/wp.me\/pfMlyK-4f5","_links":{"self":[{"href":"https:\/\/ismaelcolosi.com.br\/index.php\/wp-json\/wp\/v2\/posts\/16311","targetHints":{"allow":["GET"]}}],"collection":[{"href":"https:\/\/ismaelcolosi.com.br\/index.php\/wp-json\/wp\/v2\/posts"}],"about":[{"href":"https:\/\/ismaelcolosi.com.br\/index.php\/wp-json\/wp\/v2\/types\/post"}],"author":[{"embeddable":true,"href":"https:\/\/ismaelcolosi.com.br\/index.php\/wp-json\/wp\/v2\/users\/1"}],"replies":[{"embeddable":true,"href":"https:\/\/ismaelcolosi.com.br\/index.php\/wp-json\/wp\/v2\/comments?post=16311"}],"version-history":[{"count":0,"href":"https:\/\/ismaelcolosi.com.br\/index.php\/wp-json\/wp\/v2\/posts\/16311\/revisions"}],"wp:featuredmedia":[{"embeddable":true,"href":"https:\/\/ismaelcolosi.com.br\/index.php\/wp-json\/wp\/v2\/media\/16312"}],"wp:attachment":[{"href":"https:\/\/ismaelcolosi.com.br\/index.php\/wp-json\/wp\/v2\/media?parent=16311"}],"wp:term":[{"taxonomy":"category","embeddable":true,"href":"https:\/\/ismaelcolosi.com.br\/index.php\/wp-json\/wp\/v2\/categories?post=16311"},{"taxonomy":"post_tag","embeddable":true,"href":"https:\/\/ismaelcolosi.com.br\/index.php\/wp-json\/wp\/v2\/tags?post=16311"}],"curies":[{"name":"wp","href":"https:\/\/api.w.org\/{rel}","templated":true}]}}