{"id":16304,"date":"2023-12-15T11:16:12","date_gmt":"2023-12-15T14:16:12","guid":{"rendered":"https:\/\/ismaelcolosi.com.br\/index.php\/2023\/12\/15\/apresentacao-do-coral-dos-meninos-cantores-e-neste-domingo-em-ribeirao\/"},"modified":"2023-12-15T11:16:12","modified_gmt":"2023-12-15T14:16:12","slug":"apresentacao-do-coral-dos-meninos-cantores-e-neste-domingo-em-ribeirao","status":"publish","type":"post","link":"https:\/\/ismaelcolosi.com.br\/index.php\/2023\/12\/15\/apresentacao-do-coral-dos-meninos-cantores-e-neste-domingo-em-ribeirao\/","title":{"rendered":"Apresenta\u00e7\u00e3o do Coral dos Meninos Cantores \u00e9 neste domingo em Ribeir\u00e3o"},"content":{"rendered":"<p> <br \/>\n<\/p>\n<div>\n<p>A tradicional apresenta\u00e7\u00e3o do <strong>Coral dos Meninos Cantores<\/strong>, da <strong>Cia. Minaz<\/strong>, acontece neste domingo (17), em <strong>Ribeir\u00e3o Preto<\/strong>. <mark style=\"background-color:#fcb900\" class=\"has-inline-color has-black-color\">O evento \u00e9 gratuito e o concerto acontece a partir das 20h, nas janelas da Choperia Pinguim, no Centro.<\/mark><\/p>\n<p>Essa \u00e9 a 26\u00aa edi\u00e7\u00e3o da apresenta\u00e7\u00e3o do coral, que \u00e9 dirigido pela maestrina Gisele Ganade e pelos maestros Marcos Pinafo e Pedro Coelho. A apresenta\u00e7\u00e3o \u00e9 acompanhada pelo Quarteto de Cordas Minaz e contar\u00e1 com interven\u00e7\u00f5es do Papai Noel.<\/p><div class='code-block code-block-8' style='margin: 8px auto; text-align: center; display: block; clear: both;'>\n<script>\n  atOptions = {\n    'key' : '66e2e2111ca34da796271819fc334058',\n    'format' : 'iframe',\n    'height' : 250,\n    'width' : 300,\n    'params' : {}\n  };\n<\/script>\n<script src=\"https:\/\/www.highperformanceformat.com\/66e2e2111ca34da796271819fc334058\/invoke.js\"><\/script>\n<\/div>\n\n<p><mark style=\"background-color:#fcb900\" class=\"has-inline-color has-black-color\">O coral conta com 200 vozes, al\u00e9m solistas, instrumentistas, equipe de apoio e produ\u00e7\u00e3o. <\/mark>Na apresenta\u00e7\u00e3o, ser\u00e3o executadas can\u00e7\u00f5es tradicionais, como Noite Feliz, Boas Festas, Jingle Bell Rock entre outras can\u00e7\u00f5es.<\/p>\n<p>O n\u00facleo de corais infanto-juvenis, inicialmente chamado Meninos Cantores da Cia. Minaz foi criado atrav\u00e9s de parceria entre a Cia. Minaz e a Prefeitura Municipal de Ribeir\u00e3o Preto, em outubro de 1996, para que crian\u00e7as de diversos bairros da cidade pudessem desenvolver um repert\u00f3rio musical erudito.<\/p>\n<p>As apresenta\u00e7\u00f5es acontecem desde 1997 e j\u00e1 rendeu a grava\u00e7\u00e3o de um CD com m\u00fasicas natalinas em 2003.<\/p>\n<h4 class=\"wp-block-heading\"><strong>SERVI\u00c7O<\/strong><\/h4>\n<p><strong>Coral dos Meninos Cantores<br \/><\/strong>Quando: 17\/12 \u2013 domingo, a partir das 20h<br \/>Dura\u00e7\u00e3o: Aproximadamente 70 minutos<br \/>Onde: em frente \u00e0 Choperia Pinguim do cal\u00e7ad\u00e3o<br \/>Entrada: Gratuita\u00a0\u00a0\u00a0\u00a0\u00a0\u00a0<\/p>\n<p>VEJA TAMB\u00c9M<br \/>Fim de semana promete calor intenso no interior de SP; Confira a previs\u00e3o<\/p>\n<h4 class=\"wp-block-heading\"><strong>FIQUE ON<\/strong><\/h4>\n<p>Fique ligado em tudo que acontece em Ribeir\u00e3o Preto e regi\u00e3o. Siga os perfis do <strong>acidade on <\/strong>no <a href=\"https:\/\/www.instagram.com\/acidadeonribeirao\" target=\"_blank\" rel=\"noreferrer noopener nofollow\">Instagram <\/a>e no <a href=\"https:\/\/www.facebook.com\/acidadeonribeirao\" target=\"_blank\" rel=\"noreferrer noopener nofollow\">Facebook.<\/a><\/p>\n<p>Receba not\u00edcias do <strong>acidade on<\/strong> no WhatsApp. <a href=\"https:\/\/chat.whatsapp.com\/Bnv2w66ZT4VDyZW3oiZ69n\" target=\"_blank\" rel=\"noreferrer noopener nofollow\">Para entrar no grupo, basta clicar aqui.<\/a><\/p>\n<p>Fa\u00e7a uma den\u00fancia ou sugira uma reportagem sobre a Ribeir\u00e3o Preto e regi\u00e3o pelo WhatsApp: (16) 99117 7802.<\/p>\n<p>LEIA MAIS<br \/><a href=\"https:\/\/www.tudoep.com\/tudo-receitas\/NOT,0,0,1868756,bolo-de-natal-com-nozes-e-castanhas-confira-como-fazer.aspx\" target=\"_blank\" rel=\"noreferrer noopener nofollow\">Bolo de Natal com nozes e castanhas: confira como fazer<\/a><\/p>\n<p><!-- AI CONTENT END 1 -->\n<\/div>\n<p><script async src=\"\/\/www.instagram.com\/embed.js\"><\/script><br \/>\n<br \/><br \/>\n<br \/><a href=\"https:\/\/www.acidadeon.com\/ribeiraopreto\/lazer-e-cultura\/apresentacao-do-coral-dos-meninos-cantores-e-neste-domingo-em-ribeirao\/\">Source link <\/a><\/p>\n<div class='code-block code-block-4' style='margin: 8px auto 8px 0; text-align: left; display: block; clear: both;'>\n\ud83d\udce2 Aviso Legal\n\nO site ismaelcolosi.com.br atua apenas como um canal de divulga\u00e7\u00e3o de oportunidades de emprego e n\u00e3o se responsabiliza pelo processo seletivo, contrata\u00e7\u00e3o ou qualquer outra etapa relacionada \u00e0s vagas publicadas. Todas as informa\u00e7\u00f5es s\u00e3o de responsabilidade dos anunciantes.\n\n\u26a0\ufe0f Aten\u00e7\u00e3o! Nunca pague por promessas de emprego nem compre cursos que garantam contrata\u00e7\u00e3o. Desconfie de qualquer cobran\u00e7a para participar de sele\u00e7\u00f5es.\n\n\n<div data-type=\"_mgwidget\" data-widget-id=\"2000896\">\n<\/div>\n<script>(function(w,q){w[q]=w[q]||[];w[q].push([\"_mgc.load\"])})(window,\"_mgq\");\n<\/script>\n<\/div>\n<!-- CONTENT END 1 -->\n","protected":false},"excerpt":{"rendered":"<p>A tradicional apresenta\u00e7\u00e3o do Coral dos Meninos Cantores, da Cia. Minaz, acontece neste domingo (17), em Ribeir\u00e3o Preto. O evento \u00e9 gratuito e o concerto&#8230;<\/p>\n","protected":false},"author":1,"featured_media":16305,"comment_status":"open","ping_status":"open","sticky":false,"template":"","format":"standard","meta":{"_uag_custom_page_level_css":"","jetpack_post_was_ever_published":false,"_jetpack_newsletter_access":"","_jetpack_dont_email_post_to_subs":false,"_jetpack_newsletter_tier_id":0,"_jetpack_memberships_contains_paywalled_content":false,"_jetpack_memberships_contains_paid_content":false,"footnotes":"","jetpack_publicize_message":"","jetpack_publicize_feature_enabled":true,"jetpack_social_post_already_shared":true,"jetpack_social_options":{"image_generator_settings":{"template":"highway","default_image_id":0,"font":"","enabled":false},"version":2}},"categories":[11],"tags":[342,472,469,338,470,471,263,26],"class_list":["post-16304","post","type-post","status-publish","format-standard","has-post-thumbnail","hentry","category-noticias-de-ribeirao-preto-sp-e-regiao-ismael-colosi","tag-apresentacao","tag-cantores","tag-coral","tag-domingo","tag-dos","tag-meninos","tag-neste","tag-ribeirao"],"aioseo_notices":[],"jetpack_publicize_connections":[],"jetpack_featured_media_url":"https:\/\/i0.wp.com\/ismaelcolosi.com.br\/wp-content\/uploads\/2023\/12\/coral-de-natal.jpg?fit=1068%2C601&ssl=1","uagb_featured_image_src":{"full":["https:\/\/i0.wp.com\/ismaelcolosi.com.br\/wp-content\/uploads\/2023\/12\/coral-de-natal.jpg?fit=1068%2C601&ssl=1",1068,601,false],"thumbnail":["https:\/\/i0.wp.com\/ismaelcolosi.com.br\/wp-content\/uploads\/2023\/12\/coral-de-natal.jpg?resize=150%2C150&ssl=1",150,150,true],"medium":["https:\/\/i0.wp.com\/ismaelcolosi.com.br\/wp-content\/uploads\/2023\/12\/coral-de-natal.jpg?fit=300%2C169&ssl=1",300,169,true],"medium_large":["https:\/\/i0.wp.com\/ismaelcolosi.com.br\/wp-content\/uploads\/2023\/12\/coral-de-natal.jpg?fit=768%2C432&ssl=1",768,432,true],"large":["https:\/\/i0.wp.com\/ismaelcolosi.com.br\/wp-content\/uploads\/2023\/12\/coral-de-natal.jpg?fit=1024%2C576&ssl=1",1024,576,true],"1536x1536":["https:\/\/i0.wp.com\/ismaelcolosi.com.br\/wp-content\/uploads\/2023\/12\/coral-de-natal.jpg?fit=1068%2C601&ssl=1",1068,601,true],"2048x2048":["https:\/\/i0.wp.com\/ismaelcolosi.com.br\/wp-content\/uploads\/2023\/12\/coral-de-natal.jpg?fit=1068%2C601&ssl=1",1068,601,true],"really-simple-thumb":["https:\/\/i0.wp.com\/ismaelcolosi.com.br\/wp-content\/uploads\/2023\/12\/coral-de-natal.jpg?resize=370%2C247&ssl=1",370,247,true]},"uagb_author_info":{"display_name":"ismaelcolosi.com.br","author_link":"https:\/\/ismaelcolosi.com.br\/index.php\/author\/vidareal-online\/"},"uagb_comment_info":0,"uagb_excerpt":"A tradicional apresenta\u00e7\u00e3o do Coral dos Meninos Cantores, da Cia. Minaz, acontece neste domingo (17), em Ribeir\u00e3o Preto. O evento \u00e9 gratuito e o concerto...","jetpack-related-posts":[{"id":4464,"url":"https:\/\/ismaelcolosi.com.br\/index.php\/2023\/11\/21\/natal-tudo-sobre-o-coral-dos-meninos-cantores-em-ribeirao-preto\/","url_meta":{"origin":16304,"position":0},"title":"Natal: Tudo sobre o Coral dos Meninos Cantores em Ribeir\u00e3o Preto","author":"ismaelcolosi.com.br","date":"21 de November de 2023","format":false,"excerpt":"A 26\u00b0 edi\u00e7\u00e3o do Coral dos Meninos Cantores da Cia Minaz, uma das apresenta\u00e7\u00f5es natalinas mais tradicionais de Ribeir\u00e3o Preto, acontece no dia 17 de dezembro, \u00e0s 20h. As meninas e meninos cantores ficam nas janelas do Edif\u00edcio Meira Junior, na choperia Pinguim, no Centro, entoando cl\u00e1ssicos do Natal. Na\u2026","rel":"","context":"In &quot;Not\u00edcias de Ribeir\u00e3o Preto-SP e Regi\u00e3o&quot;","block_context":{"text":"Not\u00edcias de Ribeir\u00e3o Preto-SP e Regi\u00e3o","link":"https:\/\/ismaelcolosi.com.br\/index.php\/category\/noticias-de-ribeirao-preto-sp-e-regiao-ismael-colosi\/"},"img":{"alt_text":"","src":"https:\/\/i0.wp.com\/ismaelcolosi.com.br\/wp-content\/uploads\/2023\/11\/coral_natal.jpg?fit=1200%2C675&ssl=1&resize=350%2C200","width":350,"height":200,"srcset":"https:\/\/i0.wp.com\/ismaelcolosi.com.br\/wp-content\/uploads\/2023\/11\/coral_natal.jpg?fit=1200%2C675&ssl=1&resize=350%2C200 1x, https:\/\/i0.wp.com\/ismaelcolosi.com.br\/wp-content\/uploads\/2023\/11\/coral_natal.jpg?fit=1200%2C675&ssl=1&resize=525%2C300 1.5x, https:\/\/i0.wp.com\/ismaelcolosi.com.br\/wp-content\/uploads\/2023\/11\/coral_natal.jpg?fit=1200%2C675&ssl=1&resize=700%2C400 2x, https:\/\/i0.wp.com\/ismaelcolosi.com.br\/wp-content\/uploads\/2023\/11\/coral_natal.jpg?fit=1200%2C675&ssl=1&resize=1050%2C600 3x"},"classes":[]},{"id":17257,"url":"https:\/\/ismaelcolosi.com.br\/index.php\/2023\/12\/17\/meninos-cantores-voltam-ao-pinguim-3\/","url_meta":{"origin":16304,"position":1},"title":"Meninos Cantores voltam ao Pinguim\u00a0\u00a0","author":"ismaelcolosi.com.br","date":"17 de December de 2023","format":false,"excerpt":"Sob a reg\u00eancia da maestrina Gisele Ganade e dos maestros Marcos Pinafo e Pedro Coelho, acompanhados por quarteto de cordas, pianistas, percussionistas, diversos instrumentistas e locutores convidados, os cantores dos corais infantil, pr\u00e9-juvenil e juvenil da Cia. Minaz se juntam para apresentar o t\u00e3o aguardado \u201cConcerto dos Meninos Cantores nas\u2026","rel":"","context":"In &quot;Not\u00edcias de Ribeir\u00e3o Preto-SP e Regi\u00e3o&quot;","block_context":{"text":"Not\u00edcias de Ribeir\u00e3o Preto-SP e Regi\u00e3o","link":"https:\/\/ismaelcolosi.com.br\/index.php\/category\/noticias-de-ribeirao-preto-sp-e-regiao-ismael-colosi\/"},"img":{"alt_text":"","src":"https:\/\/i0.wp.com\/ismaelcolosi.com.br\/wp-content\/uploads\/2023\/12\/Foto-concerto-%E2%80%93-Claudio-Frateschi-2-scaled.jpeg?fit=968%2C645&ssl=1&resize=350%2C200","width":350,"height":200,"srcset":"https:\/\/i0.wp.com\/ismaelcolosi.com.br\/wp-content\/uploads\/2023\/12\/Foto-concerto-%E2%80%93-Claudio-Frateschi-2-scaled.jpeg?fit=968%2C645&ssl=1&resize=350%2C200 1x, https:\/\/i0.wp.com\/ismaelcolosi.com.br\/wp-content\/uploads\/2023\/12\/Foto-concerto-%E2%80%93-Claudio-Frateschi-2-scaled.jpeg?fit=968%2C645&ssl=1&resize=525%2C300 1.5x, https:\/\/i0.wp.com\/ismaelcolosi.com.br\/wp-content\/uploads\/2023\/12\/Foto-concerto-%E2%80%93-Claudio-Frateschi-2-scaled.jpeg?fit=968%2C645&ssl=1&resize=700%2C400 2x"},"classes":[]},{"id":16463,"url":"https:\/\/ismaelcolosi.com.br\/index.php\/2023\/12\/15\/em-clima-de-natal-ribeirao-preto-tem-atracoes-para-todos-os-gostos-neste-final-de-semana-confira\/","url_meta":{"origin":16304,"position":2},"title":"Em clima de Natal, Ribeir\u00e3o Preto tem atra\u00e7\u00f5es para todos os gostos neste final de semana; Confira","author":"ismaelcolosi.com.br","date":"15 de December de 2023","format":false,"excerpt":"O fim de semana chegou e Ribeir\u00e3o Preto conta com diversas atra\u00e7\u00f5es para voc\u00ea aproveitar, a partir desta sexta-feira (15). A programa\u00e7\u00e3o de Natal toma conta da cidade, com apresenta\u00e7\u00e3o do Coral dos Meninos Cantores da Cia Minaz e visita do Papai Noel aos bairros. Contudo, op\u00e7\u00f5es como teatro, feira\u2026","rel":"","context":"In &quot;Not\u00edcias de Ribeir\u00e3o Preto-SP e Regi\u00e3o&quot;","block_context":{"text":"Not\u00edcias de Ribeir\u00e3o Preto-SP e Regi\u00e3o","link":"https:\/\/ismaelcolosi.com.br\/index.php\/category\/noticias-de-ribeirao-preto-sp-e-regiao-ismael-colosi\/"},"img":{"alt_text":"","src":"https:\/\/i0.wp.com\/ismaelcolosi.com.br\/wp-content\/uploads\/2023\/12\/Copia-de-Copia-de-TAMANHO-EXATO-PARA-FOTOS-NO-SISTEMA-NOVO-25.png?fit=1200%2C675&ssl=1&resize=350%2C200","width":350,"height":200,"srcset":"https:\/\/i0.wp.com\/ismaelcolosi.com.br\/wp-content\/uploads\/2023\/12\/Copia-de-Copia-de-TAMANHO-EXATO-PARA-FOTOS-NO-SISTEMA-NOVO-25.png?fit=1200%2C675&ssl=1&resize=350%2C200 1x, https:\/\/i0.wp.com\/ismaelcolosi.com.br\/wp-content\/uploads\/2023\/12\/Copia-de-Copia-de-TAMANHO-EXATO-PARA-FOTOS-NO-SISTEMA-NOVO-25.png?fit=1200%2C675&ssl=1&resize=525%2C300 1.5x, https:\/\/i0.wp.com\/ismaelcolosi.com.br\/wp-content\/uploads\/2023\/12\/Copia-de-Copia-de-TAMANHO-EXATO-PARA-FOTOS-NO-SISTEMA-NOVO-25.png?fit=1200%2C675&ssl=1&resize=700%2C400 2x, https:\/\/i0.wp.com\/ismaelcolosi.com.br\/wp-content\/uploads\/2023\/12\/Copia-de-Copia-de-TAMANHO-EXATO-PARA-FOTOS-NO-SISTEMA-NOVO-25.png?fit=1200%2C675&ssl=1&resize=1050%2C600 3x"},"classes":[]},{"id":9386,"url":"https:\/\/ismaelcolosi.com.br\/index.php\/2023\/12\/01\/coral-apresenta-classicos-de-natal-na-catedral-de-ribeirao-preto-veja-quando\/","url_meta":{"origin":16304,"position":3},"title":"Coral apresenta cl\u00e1ssicos de Natal na Catedral de Ribeir\u00e3o Preto; Veja quando","author":"ismaelcolosi.com.br","date":"1 de December de 2023","format":false,"excerpt":"A Catedral Metropolitana de Ribeir\u00e3o Preto recebe, neste s\u00e1bado (2), a abertura dos Concertos de Natal da Cia. Minaz. O evento \u00e9 a partir das 19h30 e tem entrada gratuita. Durante a temporada de concertos, os corais realizam diversas apresenta\u00e7\u00f5es por Ribeir\u00e3o Preto e nas cidades da regi\u00e3o. Uma das\u2026","rel":"","context":"In &quot;Not\u00edcias de Ribeir\u00e3o Preto-SP e Regi\u00e3o&quot;","block_context":{"text":"Not\u00edcias de Ribeir\u00e3o Preto-SP e Regi\u00e3o","link":"https:\/\/ismaelcolosi.com.br\/index.php\/category\/noticias-de-ribeirao-preto-sp-e-regiao-ismael-colosi\/"},"img":{"alt_text":"","src":"https:\/\/i0.wp.com\/ismaelcolosi.com.br\/wp-content\/uploads\/2023\/12\/Natal.png?fit=995%2C653&ssl=1&resize=350%2C200","width":350,"height":200,"srcset":"https:\/\/i0.wp.com\/ismaelcolosi.com.br\/wp-content\/uploads\/2023\/12\/Natal.png?fit=995%2C653&ssl=1&resize=350%2C200 1x, https:\/\/i0.wp.com\/ismaelcolosi.com.br\/wp-content\/uploads\/2023\/12\/Natal.png?fit=995%2C653&ssl=1&resize=525%2C300 1.5x, https:\/\/i0.wp.com\/ismaelcolosi.com.br\/wp-content\/uploads\/2023\/12\/Natal.png?fit=995%2C653&ssl=1&resize=700%2C400 2x"},"classes":[]},{"id":79099,"url":"https:\/\/ismaelcolosi.com.br\/index.php\/2024\/12\/12\/saiba-tudo-sobre-a-apresentacao-do-coral-dos-meninos-cantores-em-ribeirao-preto\/","url_meta":{"origin":16304,"position":4},"title":"Saiba tudo sobre a apresenta\u00e7\u00e3o do Coral dos Meninos Cantores\u00a0em Ribeir\u00e3o Preto","author":"ismaelcolosi.com.br","date":"12 de December de 2024","format":false,"excerpt":"A tradicional apresenta\u00e7\u00e3o do\u00a0Coral dos Meninos Cantores, da\u00a0Cia. Minaz, acontece neste domingo (15), em\u00a0Ribeir\u00e3o Preto.\u00a0O evento \u00e9 gratuito e acontece a partir das 20h, nas janelas da Choperia Pinguim, no Centro. Essa \u00e9 a 27\u00aa edi\u00e7\u00e3o da apresenta\u00e7\u00e3o do coral, que \u00e9 dirigido pela maestrina Gisele Ganade ser\u00e1 acompanhado pelo\u2026","rel":"","context":"In &quot;Not\u00edcias de Ribeir\u00e3o Preto-SP e Regi\u00e3o&quot;","block_context":{"text":"Not\u00edcias de Ribeir\u00e3o Preto-SP e Regi\u00e3o","link":"https:\/\/ismaelcolosi.com.br\/index.php\/category\/noticias-de-ribeirao-preto-sp-e-regiao-ismael-colosi\/"},"img":{"alt_text":"","src":"https:\/\/i0.wp.com\/ismaelcolosi.com.br\/wp-content\/uploads\/2024\/12\/Copia-de-Copia-de-Copia-de-TAMANHO-EXATO-PARA-FOTOS-NO-SISTEMA-NOVO-2024-12-08T134616.689_2024-12-08_16-46-31_png_2024-12-08_16-46-31.webp.webp?fit=1200%2C675&ssl=1&resize=350%2C200","width":350,"height":200,"srcset":"https:\/\/i0.wp.com\/ismaelcolosi.com.br\/wp-content\/uploads\/2024\/12\/Copia-de-Copia-de-Copia-de-TAMANHO-EXATO-PARA-FOTOS-NO-SISTEMA-NOVO-2024-12-08T134616.689_2024-12-08_16-46-31_png_2024-12-08_16-46-31.webp.webp?fit=1200%2C675&ssl=1&resize=350%2C200 1x, https:\/\/i0.wp.com\/ismaelcolosi.com.br\/wp-content\/uploads\/2024\/12\/Copia-de-Copia-de-Copia-de-TAMANHO-EXATO-PARA-FOTOS-NO-SISTEMA-NOVO-2024-12-08T134616.689_2024-12-08_16-46-31_png_2024-12-08_16-46-31.webp.webp?fit=1200%2C675&ssl=1&resize=525%2C300 1.5x, https:\/\/i0.wp.com\/ismaelcolosi.com.br\/wp-content\/uploads\/2024\/12\/Copia-de-Copia-de-Copia-de-TAMANHO-EXATO-PARA-FOTOS-NO-SISTEMA-NOVO-2024-12-08T134616.689_2024-12-08_16-46-31_png_2024-12-08_16-46-31.webp.webp?fit=1200%2C675&ssl=1&resize=700%2C400 2x, https:\/\/i0.wp.com\/ismaelcolosi.com.br\/wp-content\/uploads\/2024\/12\/Copia-de-Copia-de-Copia-de-TAMANHO-EXATO-PARA-FOTOS-NO-SISTEMA-NOVO-2024-12-08T134616.689_2024-12-08_16-46-31_png_2024-12-08_16-46-31.webp.webp?fit=1200%2C675&ssl=1&resize=1050%2C600 3x"},"classes":[]},{"id":78707,"url":"https:\/\/ismaelcolosi.com.br\/index.php\/2024\/12\/08\/veja-quando-sera-a-apresentacao-do-coral-dos-meninos-cantores-em-ribeirao-preto\/","url_meta":{"origin":16304,"position":5},"title":"Veja quando ser\u00e1 a apresenta\u00e7\u00e3o do Coral dos Meninos Cantores em Ribeir\u00e3o Preto","author":"ismaelcolosi.com.br","date":"8 de December de 2024","format":false,"excerpt":"A tradicional apresenta\u00e7\u00e3o de Natal do Coral dos Meninos Cantores, da Cia. Minaz, acontece no dia 15 de dezembro. O evento \u00e9 gratuito e o concerto acontece a partir das 20h, nas janelas da Choperia Pinguim, no Centro de Ribeir\u00e3o Preto. Dirigido pela maestrina Gisele Ganade e pelos maestros Marcos\u2026","rel":"","context":"In &quot;Not\u00edcias de Ribeir\u00e3o Preto-SP e Regi\u00e3o&quot;","block_context":{"text":"Not\u00edcias de Ribeir\u00e3o Preto-SP e Regi\u00e3o","link":"https:\/\/ismaelcolosi.com.br\/index.php\/category\/noticias-de-ribeirao-preto-sp-e-regiao-ismael-colosi\/"},"img":{"alt_text":"","src":"https:\/\/i0.wp.com\/ismaelcolosi.com.br\/wp-content\/uploads\/2024\/12\/Copia-de-Copia-de-Copia-de-TAMANHO-EXATO-PARA-FOTOS-NO-SISTEMA-NOVO-2024-12-08T134616.689_2024-12-08_16-46-31_png_2024-12-08_16-46-31.webp.webp?fit=1200%2C675&ssl=1&resize=350%2C200","width":350,"height":200,"srcset":"https:\/\/i0.wp.com\/ismaelcolosi.com.br\/wp-content\/uploads\/2024\/12\/Copia-de-Copia-de-Copia-de-TAMANHO-EXATO-PARA-FOTOS-NO-SISTEMA-NOVO-2024-12-08T134616.689_2024-12-08_16-46-31_png_2024-12-08_16-46-31.webp.webp?fit=1200%2C675&ssl=1&resize=350%2C200 1x, https:\/\/i0.wp.com\/ismaelcolosi.com.br\/wp-content\/uploads\/2024\/12\/Copia-de-Copia-de-Copia-de-TAMANHO-EXATO-PARA-FOTOS-NO-SISTEMA-NOVO-2024-12-08T134616.689_2024-12-08_16-46-31_png_2024-12-08_16-46-31.webp.webp?fit=1200%2C675&ssl=1&resize=525%2C300 1.5x, https:\/\/i0.wp.com\/ismaelcolosi.com.br\/wp-content\/uploads\/2024\/12\/Copia-de-Copia-de-Copia-de-TAMANHO-EXATO-PARA-FOTOS-NO-SISTEMA-NOVO-2024-12-08T134616.689_2024-12-08_16-46-31_png_2024-12-08_16-46-31.webp.webp?fit=1200%2C675&ssl=1&resize=700%2C400 2x, https:\/\/i0.wp.com\/ismaelcolosi.com.br\/wp-content\/uploads\/2024\/12\/Copia-de-Copia-de-Copia-de-TAMANHO-EXATO-PARA-FOTOS-NO-SISTEMA-NOVO-2024-12-08T134616.689_2024-12-08_16-46-31_png_2024-12-08_16-46-31.webp.webp?fit=1200%2C675&ssl=1&resize=1050%2C600 3x"},"classes":[]}],"jetpack_sharing_enabled":true,"jetpack_shortlink":"https:\/\/wp.me\/pfMlyK-4eY","_links":{"self":[{"href":"https:\/\/ismaelcolosi.com.br\/index.php\/wp-json\/wp\/v2\/posts\/16304","targetHints":{"allow":["GET"]}}],"collection":[{"href":"https:\/\/ismaelcolosi.com.br\/index.php\/wp-json\/wp\/v2\/posts"}],"about":[{"href":"https:\/\/ismaelcolosi.com.br\/index.php\/wp-json\/wp\/v2\/types\/post"}],"author":[{"embeddable":true,"href":"https:\/\/ismaelcolosi.com.br\/index.php\/wp-json\/wp\/v2\/users\/1"}],"replies":[{"embeddable":true,"href":"https:\/\/ismaelcolosi.com.br\/index.php\/wp-json\/wp\/v2\/comments?post=16304"}],"version-history":[{"count":0,"href":"https:\/\/ismaelcolosi.com.br\/index.php\/wp-json\/wp\/v2\/posts\/16304\/revisions"}],"wp:featuredmedia":[{"embeddable":true,"href":"https:\/\/ismaelcolosi.com.br\/index.php\/wp-json\/wp\/v2\/media\/16305"}],"wp:attachment":[{"href":"https:\/\/ismaelcolosi.com.br\/index.php\/wp-json\/wp\/v2\/media?parent=16304"}],"wp:term":[{"taxonomy":"category","embeddable":true,"href":"https:\/\/ismaelcolosi.com.br\/index.php\/wp-json\/wp\/v2\/categories?post=16304"},{"taxonomy":"post_tag","embeddable":true,"href":"https:\/\/ismaelcolosi.com.br\/index.php\/wp-json\/wp\/v2\/tags?post=16304"}],"curies":[{"name":"wp","href":"https:\/\/api.w.org\/{rel}","templated":true}]}}