{"id":16140,"date":"2023-12-15T01:12:14","date_gmt":"2023-12-15T04:12:14","guid":{"rendered":"https:\/\/ismaelcolosi.com.br\/index.php\/2023\/12\/15\/aos-prantos-missionaria-expoe-como-foram-os-ultimos-minutos-de-vida-do-cantor-pedro-henrique-que-faleceu-em-cima-do-palco-videos-viralizam\/"},"modified":"2023-12-15T01:12:14","modified_gmt":"2023-12-15T04:12:14","slug":"aos-prantos-missionaria-expoe-como-foram-os-ultimos-minutos-de-vida-do-cantor-pedro-henrique-que-faleceu-em-cima-do-palco-videos-viralizam","status":"publish","type":"post","link":"https:\/\/ismaelcolosi.com.br\/index.php\/2023\/12\/15\/aos-prantos-missionaria-expoe-como-foram-os-ultimos-minutos-de-vida-do-cantor-pedro-henrique-que-faleceu-em-cima-do-palco-videos-viralizam\/","title":{"rendered":"Aos prantos, mission\u00e1ria exp\u00f5e como foram os \u00faltimos minutos de vida do cantor Pedro Henrique que faleceu em cima do palco \u2013 V\u00eddeos viralizam"},"content":{"rendered":"<p> <br \/>\n<\/p>\n<div itemprop=\"text\">\n<p>O tr\u00e1gico incidente que resultou na morte do cantor gospel Pedro Henrique aconteceu diante de uma plateia numerosa em um culto evang\u00e9lico, na cidade de Feira de Santana, localizada no interior do estado da Bahia na noite da \u00faltima quarta-feira (13).<\/p>\n<p>Entre as pessoas que testemunharam o ocorrido estava a mission\u00e1ria Carol Leite, que, claramente emocionada, recorreu \u00e0 sua conta no Instagram para compartilhar os \u00faltimos momentos de vida do artista. Chorando, ela descreveu que estava ministrando no p\u00falpito momentos antes da apresenta\u00e7\u00e3o de Pedro Henrique.<\/p><div class='code-block code-block-8' style='margin: 8px auto; text-align: center; display: block; clear: both;'>\n<script>\n  atOptions = {\n    'key' : '66e2e2111ca34da796271819fc334058',\n    'format' : 'iframe',\n    'height' : 250,\n    'width' : 300,\n    'params' : {}\n  };\n<\/script>\n<script src=\"https:\/\/www.highperformanceformat.com\/66e2e2111ca34da796271819fc334058\/invoke.js\"><\/script>\n<\/div>\n\n<p>Carol Leite afirmou que o cantor gospel que tinha milhares de f\u00e3s em todo o Brasil passou por v\u00e1rias pessoas antes de subir no palco que uma jovem que estava ao lado dela pediu para tirar uma foto com Pedro Henrique, neste momento ele teria afirmado que primeiro iria adorar a Jesus e depois de sua apresenta\u00e7\u00e3o iria tirar fotos com todos.<\/p>\n<p><iframe loading=\"lazy\" title=\"Pedro Henrique: V\u00eddeo mostra momento em que cantor gospel passa mal no palco\" width=\"500\" height=\"281\" src=\"https:\/\/www.youtube.com\/embed\/T0pGudGyURs?feature=oembed\" frameborder=\"0\" allow=\"accelerometer; autoplay; clipboard-write; encrypted-media; gyroscope; picture-in-picture; web-share\" referrerpolicy=\"strict-origin-when-cross-origin\" allowfullscreen><\/iframe><\/p>\n<p>Logo depois, Carol compartilhou que Pedro Henrique deixou uma mensagem para os fi\u00e9is ao abordar a \u00faltima can\u00e7\u00e3o do show, \u201cVai Ser T\u00e3o Lindo\u201d, de Misaias Oliveira:<\/p>\n<p><strong>\u201cTeve um momento que ele falou para a banda que ia encerrar, que era a \u00faltima m\u00fasica. E foi a \u00faltima m\u00fasica que ele cantou, gente. Enquanto ele estava adorando, ele come\u00e7ou a dizer que ia ser o melhor ano da nossa vida, que por mais que fosse o \u00faltimo m\u00eas do ano, a gente ia viver um milagre\u201d.<\/strong><\/p>\n<p><iframe loading=\"lazy\" title=\"Em l\u00e1grimas, mission\u00e1ria lamenta morte de cantor gospel em show: &#039;Adorou como se fosse o \u00faltimo dia&#039;\" width=\"500\" height=\"281\" src=\"https:\/\/www.youtube.com\/embed\/sJnj6OKdIBI?feature=oembed\" frameborder=\"0\" allow=\"accelerometer; autoplay; clipboard-write; encrypted-media; gyroscope; picture-in-picture; web-share\" referrerpolicy=\"strict-origin-when-cross-origin\" allowfullscreen><\/iframe><span data-mce-type=\"bookmark\" style=\"display: inline-block; width: 0px; overflow: hidden; line-height: 0;\" class=\"mce_SELRES_start\">\ufeff<\/span><\/iframe><\/p>\n<p>Carol ainda contou que ningu\u00e9m que estava presente imaginou que algo assim poderia acontecer e que a cena n\u00e3o sai de sua cabe\u00e7a, a mission\u00e1ria revelou que o cantor dedicou sua vida at\u00e9 o \u00faltimo segundo a adorar Jesus.<\/p>\n<\/div>\n<p><br \/>\n<br \/><a href=\"https:\/\/fnmais.com\/aos-prantos-missionaria-expoe-como-foram-ultimos-minutos-vida-cantor-pedro-henrique-que-faleceu-em-cima-palco-videos-viralizam\/\">Source link <\/a><\/p>\n<div class='code-block code-block-4' style='margin: 8px auto 8px 0; text-align: left; display: block; clear: both;'>\n\ud83d\udce2 Aviso Legal\n\nO site ismaelcolosi.com.br atua apenas como um canal de divulga\u00e7\u00e3o de oportunidades de emprego e n\u00e3o se responsabiliza pelo processo seletivo, contrata\u00e7\u00e3o ou qualquer outra etapa relacionada \u00e0s vagas publicadas. Todas as informa\u00e7\u00f5es s\u00e3o de responsabilidade dos anunciantes.\n\n\u26a0\ufe0f Aten\u00e7\u00e3o! Nunca pague por promessas de emprego nem compre cursos que garantam contrata\u00e7\u00e3o. Desconfie de qualquer cobran\u00e7a para participar de sele\u00e7\u00f5es.\n\n\n<div data-type=\"_mgwidget\" data-widget-id=\"2000896\">\n<\/div>\n<script>(function(w,q){w[q]=w[q]||[];w[q].push([\"_mgc.load\"])})(window,\"_mgq\");\n<\/script>\n<\/div>\n<!-- CONTENT END 1 -->\n","protected":false},"excerpt":{"rendered":"<p>O tr\u00e1gico incidente que resultou na morte do cantor gospel Pedro Henrique aconteceu diante de uma plateia numerosa em um culto evang\u00e9lico, na cidade de&#8230;<\/p>\n","protected":false},"author":1,"featured_media":16141,"comment_status":"open","ping_status":"open","sticky":false,"template":"","format":"standard","meta":{"_uag_custom_page_level_css":"","jetpack_post_was_ever_published":false,"_jetpack_newsletter_access":"","_jetpack_dont_email_post_to_subs":false,"_jetpack_newsletter_tier_id":0,"_jetpack_memberships_contains_paywalled_content":false,"_jetpack_memberships_contains_paid_content":false,"footnotes":"","jetpack_publicize_message":"","jetpack_publicize_feature_enabled":true,"jetpack_social_post_already_shared":true,"jetpack_social_options":{"image_generator_settings":{"template":"highway","default_image_id":0,"font":"","enabled":false},"version":2}},"categories":[1],"tags":[],"class_list":["post-16140","post","type-post","status-publish","format-standard","has-post-thumbnail","hentry","category-blog"],"aioseo_notices":[],"jetpack_publicize_connections":[],"jetpack_featured_media_url":"https:\/\/i0.wp.com\/ismaelcolosi.com.br\/wp-content\/uploads\/2023\/12\/postimg-657bce98228a39722.jpg?fit=1200%2C628&ssl=1","uagb_featured_image_src":{"full":["https:\/\/i0.wp.com\/ismaelcolosi.com.br\/wp-content\/uploads\/2023\/12\/postimg-657bce98228a39722.jpg?fit=1200%2C628&ssl=1",1200,628,false],"thumbnail":["https:\/\/i0.wp.com\/ismaelcolosi.com.br\/wp-content\/uploads\/2023\/12\/postimg-657bce98228a39722.jpg?resize=150%2C150&ssl=1",150,150,true],"medium":["https:\/\/i0.wp.com\/ismaelcolosi.com.br\/wp-content\/uploads\/2023\/12\/postimg-657bce98228a39722.jpg?fit=300%2C157&ssl=1",300,157,true],"medium_large":["https:\/\/i0.wp.com\/ismaelcolosi.com.br\/wp-content\/uploads\/2023\/12\/postimg-657bce98228a39722.jpg?fit=768%2C402&ssl=1",768,402,true],"large":["https:\/\/i0.wp.com\/ismaelcolosi.com.br\/wp-content\/uploads\/2023\/12\/postimg-657bce98228a39722.jpg?fit=1024%2C536&ssl=1",1024,536,true],"1536x1536":["https:\/\/i0.wp.com\/ismaelcolosi.com.br\/wp-content\/uploads\/2023\/12\/postimg-657bce98228a39722.jpg?fit=1200%2C628&ssl=1",1200,628,true],"2048x2048":["https:\/\/i0.wp.com\/ismaelcolosi.com.br\/wp-content\/uploads\/2023\/12\/postimg-657bce98228a39722.jpg?fit=1200%2C628&ssl=1",1200,628,true],"really-simple-thumb":["https:\/\/i0.wp.com\/ismaelcolosi.com.br\/wp-content\/uploads\/2023\/12\/postimg-657bce98228a39722.jpg?resize=370%2C247&ssl=1",370,247,true]},"uagb_author_info":{"display_name":"ismaelcolosi.com.br","author_link":"https:\/\/ismaelcolosi.com.br\/index.php\/author\/vidareal-online\/"},"uagb_comment_info":0,"uagb_excerpt":"O tr\u00e1gico incidente que resultou na morte do cantor gospel Pedro Henrique aconteceu diante de uma plateia numerosa em um culto evang\u00e9lico, na cidade de...","jetpack-related-posts":[{"id":16777,"url":"https:\/\/ismaelcolosi.com.br\/index.php\/2023\/12\/16\/velorio-do-cantor-gospel-pedro-henrique-que-faleceu-durante-show-e-marcado-por-grande-comocao-fotos-e-videos\/","url_meta":{"origin":16140,"position":0},"title":"Vel\u00f3rio do cantor gospel Pedro Henrique que faleceu durante show \u00e9 marcado por grande como\u00e7\u00e3o; fotos e v\u00eddeos","author":"ismaelcolosi.com.br","date":"16 de December de 2023","format":false,"excerpt":"Um famoso cantor gospel perdeu sua vida enquanto estava se apresentando durante um show, na regi\u00e3o de Feira de Santana, na Bahia. Ele n\u00e3o resistiu enquanto estava no palco e um v\u00eddeo do momento chegou a viralizar nas redes sociais.Agora, com sua morte anunciada, muitos est\u00e3o lamentando sua partida, e\u2026","rel":"","context":"In &quot;Blog&quot;","block_context":{"text":"Blog","link":"https:\/\/ismaelcolosi.com.br\/index.php\/category\/blog\/"},"img":{"alt_text":"","src":"https:\/\/i0.wp.com\/ismaelcolosi.com.br\/wp-content\/uploads\/2023\/12\/postimg-657dc1fd2c9a99084.jpg?fit=1200%2C628&ssl=1&resize=350%2C200","width":350,"height":200,"srcset":"https:\/\/i0.wp.com\/ismaelcolosi.com.br\/wp-content\/uploads\/2023\/12\/postimg-657dc1fd2c9a99084.jpg?fit=1200%2C628&ssl=1&resize=350%2C200 1x, https:\/\/i0.wp.com\/ismaelcolosi.com.br\/wp-content\/uploads\/2023\/12\/postimg-657dc1fd2c9a99084.jpg?fit=1200%2C628&ssl=1&resize=525%2C300 1.5x, https:\/\/i0.wp.com\/ismaelcolosi.com.br\/wp-content\/uploads\/2023\/12\/postimg-657dc1fd2c9a99084.jpg?fit=1200%2C628&ssl=1&resize=700%2C400 2x, https:\/\/i0.wp.com\/ismaelcolosi.com.br\/wp-content\/uploads\/2023\/12\/postimg-657dc1fd2c9a99084.jpg?fit=1200%2C628&ssl=1&resize=1050%2C600 3x"},"classes":[]},{"id":16477,"url":"https:\/\/ismaelcolosi.com.br\/index.php\/2023\/12\/15\/dias-antes-de-morrer-pedro-henrique-deixou-recado-preocupante-em-video-assista\/","url_meta":{"origin":16140,"position":1},"title":"Dias antes de morrer Pedro Henrique deixou recado preocupante em v\u00eddeo; assista","author":"ismaelcolosi.com.br","date":"15 de December de 2023","format":false,"excerpt":"Dias antes de sua partida inesperada, o cantor gospel Pedro Henrique, de 30 anos, compartilhou um v\u00eddeo nas redes sociais que agora ressoa com uma nova e tr\u00e1gica relev\u00e2ncia.Pedro Henrique, conhecido por sua voz poderosa e mensagens de f\u00e9, estava enfrentando uma agenda intensa, com 12 shows programados para dezembro\u2026","rel":"","context":"In &quot;Blog&quot;","block_context":{"text":"Blog","link":"https:\/\/ismaelcolosi.com.br\/index.php\/category\/blog\/"},"img":{"alt_text":"","src":"https:\/\/i0.wp.com\/ismaelcolosi.com.br\/wp-content\/uploads\/2023\/12\/postimg-657cb0a19b98d3679.jpg?fit=1200%2C628&ssl=1&resize=350%2C200","width":350,"height":200,"srcset":"https:\/\/i0.wp.com\/ismaelcolosi.com.br\/wp-content\/uploads\/2023\/12\/postimg-657cb0a19b98d3679.jpg?fit=1200%2C628&ssl=1&resize=350%2C200 1x, https:\/\/i0.wp.com\/ismaelcolosi.com.br\/wp-content\/uploads\/2023\/12\/postimg-657cb0a19b98d3679.jpg?fit=1200%2C628&ssl=1&resize=525%2C300 1.5x, https:\/\/i0.wp.com\/ismaelcolosi.com.br\/wp-content\/uploads\/2023\/12\/postimg-657cb0a19b98d3679.jpg?fit=1200%2C628&ssl=1&resize=700%2C400 2x, https:\/\/i0.wp.com\/ismaelcolosi.com.br\/wp-content\/uploads\/2023\/12\/postimg-657cb0a19b98d3679.jpg?fit=1200%2C628&ssl=1&resize=1050%2C600 3x"},"classes":[]},{"id":16076,"url":"https:\/\/ismaelcolosi.com.br\/index.php\/2023\/12\/14\/ultimo-video-do-cantor-pedro-henrique-gravado-pouco-antes-dele-falecer-e-exposto-ele-apareceu-sorridente\/","url_meta":{"origin":16140,"position":2},"title":"\u00daltimo v\u00eddeo do cantor Pedro Henrique, gravado pouco antes dele falecer, \u00e9 exposto; ele apareceu sorridente","author":"ismaelcolosi.com.br","date":"14 de December de 2023","format":false,"excerpt":"A not\u00edcia do falecimento do cantor gospel Pedro Henrique, aos 30 anos, na \u00faltima quinta-feira, dia 14 de dezembro, chocou seus f\u00e3s e seguidores. Seu \u00faltimo registro nas redes sociais foi um v\u00eddeo descontra\u00eddo ao lado de amigos, pouco antes do tr\u00e1gico evento.Pedro, que havia viajado com sua banda para\u2026","rel":"","context":"In &quot;Blog&quot;","block_context":{"text":"Blog","link":"https:\/\/ismaelcolosi.com.br\/index.php\/category\/blog\/"},"img":{"alt_text":"","src":"https:\/\/i0.wp.com\/ismaelcolosi.com.br\/wp-content\/uploads\/2023\/12\/postimg-657ba519749c68986.jpg?fit=1200%2C628&ssl=1&resize=350%2C200","width":350,"height":200,"srcset":"https:\/\/i0.wp.com\/ismaelcolosi.com.br\/wp-content\/uploads\/2023\/12\/postimg-657ba519749c68986.jpg?fit=1200%2C628&ssl=1&resize=350%2C200 1x, https:\/\/i0.wp.com\/ismaelcolosi.com.br\/wp-content\/uploads\/2023\/12\/postimg-657ba519749c68986.jpg?fit=1200%2C628&ssl=1&resize=525%2C300 1.5x, https:\/\/i0.wp.com\/ismaelcolosi.com.br\/wp-content\/uploads\/2023\/12\/postimg-657ba519749c68986.jpg?fit=1200%2C628&ssl=1&resize=700%2C400 2x, https:\/\/i0.wp.com\/ismaelcolosi.com.br\/wp-content\/uploads\/2023\/12\/postimg-657ba519749c68986.jpg?fit=1200%2C628&ssl=1&resize=1050%2C600 3x"},"classes":[]},{"id":2873,"url":"https:\/\/ismaelcolosi.com.br\/index.php\/2023\/11\/16\/cantor-guilherme-de-sa-se-apresenta-no-theatro-pedro-ii-em-ribeirao-preto\/","url_meta":{"origin":16140,"position":3},"title":"Cantor Guilherme de S\u00e1 se apresenta no Theatro Pedro II em Ribeir\u00e3o Preto","author":"ismaelcolosi.com.br","date":"16 de November de 2023","format":false,"excerpt":"O cantor Guilherme de S\u00e1 se apresenta em Ribeir\u00e3o Preto, nesta sexta-feira (17), no Theatro Pedro II, a partir das 20h, com o show \u2018Minimalista Tour\u2019. Os ingressos ainda est\u00e3o dispon\u00edveis. Cantor, compositor, escritor, produtor musical e arranjador brasileiro, Guilherme foi vocalista da banda Rosa de Saron de 2001 a\u2026","rel":"","context":"In &quot;Not\u00edcias de Ribeir\u00e3o Preto-SP e Regi\u00e3o&quot;","block_context":{"text":"Not\u00edcias de Ribeir\u00e3o Preto-SP e Regi\u00e3o","link":"https:\/\/ismaelcolosi.com.br\/index.php\/category\/noticias-de-ribeirao-preto-sp-e-regiao-ismael-colosi\/"},"img":{"alt_text":"","src":"https:\/\/i0.wp.com\/ismaelcolosi.com.br\/wp-content\/uploads\/2023\/11\/WhatsApp-Image-2023-09-01-at-15.04.23-1-1.jpeg?fit=1200%2C675&ssl=1&resize=350%2C200","width":350,"height":200,"srcset":"https:\/\/i0.wp.com\/ismaelcolosi.com.br\/wp-content\/uploads\/2023\/11\/WhatsApp-Image-2023-09-01-at-15.04.23-1-1.jpeg?fit=1200%2C675&ssl=1&resize=350%2C200 1x, https:\/\/i0.wp.com\/ismaelcolosi.com.br\/wp-content\/uploads\/2023\/11\/WhatsApp-Image-2023-09-01-at-15.04.23-1-1.jpeg?fit=1200%2C675&ssl=1&resize=525%2C300 1.5x, https:\/\/i0.wp.com\/ismaelcolosi.com.br\/wp-content\/uploads\/2023\/11\/WhatsApp-Image-2023-09-01-at-15.04.23-1-1.jpeg?fit=1200%2C675&ssl=1&resize=700%2C400 2x, https:\/\/i0.wp.com\/ismaelcolosi.com.br\/wp-content\/uploads\/2023\/11\/WhatsApp-Image-2023-09-01-at-15.04.23-1-1.jpeg?fit=1200%2C675&ssl=1&resize=1050%2C600 3x"},"classes":[]},{"id":28742,"url":"https:\/\/ismaelcolosi.com.br\/index.php\/2024\/01\/16\/video-flagrou-os-ultimos-momentos-de-vida-da-jovem-que-foi-encontrada-em-obito-ao-lado-do-corpo-de-cantor-sertanejo\/","url_meta":{"origin":16140,"position":4},"title":"V\u00eddeo flagrou os \u00faltimos momentos de vida da jovem que foi encontrada em \u00f3bito ao lado do corpo de cantor sertanejo","author":"ismaelcolosi.com.br","date":"16 de January de 2024","format":false,"excerpt":"Num achado sombrio que causou impacto na comunidade da cidade de Itapema, situada no Litoral Norte do estado de Santa Catarina, a Pol\u00edcia Militar localizou dois corpos em um apartamento.As v\u00edtimas foram identificadas como o cantor sertanejo e empres\u00e1rio S\u00e9rgio de Souza Correia, 59 anos, e de sua esposa Eduarda\u2026","rel":"","context":"In &quot;Blog&quot;","block_context":{"text":"Blog","link":"https:\/\/ismaelcolosi.com.br\/index.php\/category\/blog\/"},"img":{"alt_text":"","src":"https:\/\/i0.wp.com\/ismaelcolosi.com.br\/wp-content\/uploads\/2024\/01\/postimg-65a6a65b7ee5a3301.jpg?fit=1200%2C628&ssl=1&resize=350%2C200","width":350,"height":200,"srcset":"https:\/\/i0.wp.com\/ismaelcolosi.com.br\/wp-content\/uploads\/2024\/01\/postimg-65a6a65b7ee5a3301.jpg?fit=1200%2C628&ssl=1&resize=350%2C200 1x, https:\/\/i0.wp.com\/ismaelcolosi.com.br\/wp-content\/uploads\/2024\/01\/postimg-65a6a65b7ee5a3301.jpg?fit=1200%2C628&ssl=1&resize=525%2C300 1.5x, https:\/\/i0.wp.com\/ismaelcolosi.com.br\/wp-content\/uploads\/2024\/01\/postimg-65a6a65b7ee5a3301.jpg?fit=1200%2C628&ssl=1&resize=700%2C400 2x, https:\/\/i0.wp.com\/ismaelcolosi.com.br\/wp-content\/uploads\/2024\/01\/postimg-65a6a65b7ee5a3301.jpg?fit=1200%2C628&ssl=1&resize=1050%2C600 3x"},"classes":[]},{"id":60594,"url":"https:\/\/ismaelcolosi.com.br\/index.php\/2024\/08\/16\/entenda-por-que-luan-pereira-interrompeu-o-show-na-festa-do-peao-de-barretos\/","url_meta":{"origin":16140,"position":5},"title":"Entenda por que Luan Pereira interrompeu o show na Festa do Pe\u00e3o de Barretos","author":"ismaelcolosi.com.br","date":"16 de August de 2024","format":false,"excerpt":"Por Beatriz Nogueira, da Ag\u00eancia Estado O cantor sertanejo Luan Pereira foi internado na noite desta quinta-feira (15) ap\u00f3s passar mal durante sua apresenta\u00e7\u00e3o no palco principal da Festa do Pe\u00e3o de Barretos, no interior de S\u00e3o Paulo. O artista precisou encerrar o show antes do previsto, alegando tonturas e\u2026","rel":"","context":"In &quot;Not\u00edcias de Ribeir\u00e3o Preto-SP e Regi\u00e3o&quot;","block_context":{"text":"Not\u00edcias de Ribeir\u00e3o Preto-SP e Regi\u00e3o","link":"https:\/\/ismaelcolosi.com.br\/index.php\/category\/noticias-de-ribeirao-preto-sp-e-regiao-ismael-colosi\/"},"img":{"alt_text":"","src":"https:\/\/i0.wp.com\/ismaelcolosi.com.br\/wp-content\/uploads\/2024\/08\/Copia-de-Copia-de-Copia-de-TAMANHO-EXATO-PARA-FOTOS-NO-SISTEMA-NOVO-10_2024-08-16_20-16-00_png_2024-08-16_20-16-00.webp.webp?fit=1200%2C675&ssl=1&resize=350%2C200","width":350,"height":200,"srcset":"https:\/\/i0.wp.com\/ismaelcolosi.com.br\/wp-content\/uploads\/2024\/08\/Copia-de-Copia-de-Copia-de-TAMANHO-EXATO-PARA-FOTOS-NO-SISTEMA-NOVO-10_2024-08-16_20-16-00_png_2024-08-16_20-16-00.webp.webp?fit=1200%2C675&ssl=1&resize=350%2C200 1x, https:\/\/i0.wp.com\/ismaelcolosi.com.br\/wp-content\/uploads\/2024\/08\/Copia-de-Copia-de-Copia-de-TAMANHO-EXATO-PARA-FOTOS-NO-SISTEMA-NOVO-10_2024-08-16_20-16-00_png_2024-08-16_20-16-00.webp.webp?fit=1200%2C675&ssl=1&resize=525%2C300 1.5x, https:\/\/i0.wp.com\/ismaelcolosi.com.br\/wp-content\/uploads\/2024\/08\/Copia-de-Copia-de-Copia-de-TAMANHO-EXATO-PARA-FOTOS-NO-SISTEMA-NOVO-10_2024-08-16_20-16-00_png_2024-08-16_20-16-00.webp.webp?fit=1200%2C675&ssl=1&resize=700%2C400 2x, https:\/\/i0.wp.com\/ismaelcolosi.com.br\/wp-content\/uploads\/2024\/08\/Copia-de-Copia-de-Copia-de-TAMANHO-EXATO-PARA-FOTOS-NO-SISTEMA-NOVO-10_2024-08-16_20-16-00_png_2024-08-16_20-16-00.webp.webp?fit=1200%2C675&ssl=1&resize=1050%2C600 3x"},"classes":[]}],"jetpack_sharing_enabled":true,"jetpack_shortlink":"https:\/\/wp.me\/pfMlyK-4ck","_links":{"self":[{"href":"https:\/\/ismaelcolosi.com.br\/index.php\/wp-json\/wp\/v2\/posts\/16140","targetHints":{"allow":["GET"]}}],"collection":[{"href":"https:\/\/ismaelcolosi.com.br\/index.php\/wp-json\/wp\/v2\/posts"}],"about":[{"href":"https:\/\/ismaelcolosi.com.br\/index.php\/wp-json\/wp\/v2\/types\/post"}],"author":[{"embeddable":true,"href":"https:\/\/ismaelcolosi.com.br\/index.php\/wp-json\/wp\/v2\/users\/1"}],"replies":[{"embeddable":true,"href":"https:\/\/ismaelcolosi.com.br\/index.php\/wp-json\/wp\/v2\/comments?post=16140"}],"version-history":[{"count":0,"href":"https:\/\/ismaelcolosi.com.br\/index.php\/wp-json\/wp\/v2\/posts\/16140\/revisions"}],"wp:featuredmedia":[{"embeddable":true,"href":"https:\/\/ismaelcolosi.com.br\/index.php\/wp-json\/wp\/v2\/media\/16141"}],"wp:attachment":[{"href":"https:\/\/ismaelcolosi.com.br\/index.php\/wp-json\/wp\/v2\/media?parent=16140"}],"wp:term":[{"taxonomy":"category","embeddable":true,"href":"https:\/\/ismaelcolosi.com.br\/index.php\/wp-json\/wp\/v2\/categories?post=16140"},{"taxonomy":"post_tag","embeddable":true,"href":"https:\/\/ismaelcolosi.com.br\/index.php\/wp-json\/wp\/v2\/tags?post=16140"}],"curies":[{"name":"wp","href":"https:\/\/api.w.org\/{rel}","templated":true}]}}