{"id":16064,"date":"2023-12-14T21:11:43","date_gmt":"2023-12-15T00:11:43","guid":{"rendered":"https:\/\/ismaelcolosi.com.br\/index.php\/2023\/12\/14\/upa-do-ribeirao-verde-cinco-empresas-disputam-obra-de-r-16-milhoes\/"},"modified":"2023-12-14T21:11:43","modified_gmt":"2023-12-15T00:11:43","slug":"upa-do-ribeirao-verde-cinco-empresas-disputam-obra-de-r-16-milhoes","status":"publish","type":"post","link":"https:\/\/ismaelcolosi.com.br\/index.php\/2023\/12\/14\/upa-do-ribeirao-verde-cinco-empresas-disputam-obra-de-r-16-milhoes\/","title":{"rendered":"UPA do Ribeir\u00e3o Verde: cinco empresas disputam obra de R$ 16 milh\u00f5es"},"content":{"rendered":"<p> <br \/>\n<\/p>\n<div>\n<p>A <strong>Prefeitura de Ribeir\u00e3o Preto<\/strong> publicou no <strong>Di\u00e1rio Oficial do Munic\u00edpio<\/strong>, desta quinta-feira (14), o processo licitat\u00f3rio para a constru\u00e7\u00e3o da <strong>UPA (Unidade de Pronto Atendimento) do Ribeir\u00e3o Verde<\/strong>, na zona Leste.<\/p>\n<p>De acordo com a Administra\u00e7\u00e3o Municipal, dez empresas se inscreveram para participar da licita\u00e7\u00e3o, contudo, <strong>apenas cinco foram habilitadas a seguir na concorr\u00eancia<\/strong>, sendo elas:<\/p><div class='code-block code-block-8' style='margin: 8px auto; text-align: center; display: block; clear: both;'>\n<script>\n  atOptions = {\n    'key' : '66e2e2111ca34da796271819fc334058',\n    'format' : 'iframe',\n    'height' : 250,\n    'width' : 300,\n    'params' : {}\n  };\n<\/script>\n<script src=\"https:\/\/www.highperformanceformat.com\/66e2e2111ca34da796271819fc334058\/invoke.js\"><\/script>\n<\/div>\n\n<p>O valor estimado da obra \u00e9 de <strong>R$ 16.471.198,12<\/strong> e a abertura dos envelopes com as propostas de pre\u00e7os, ser\u00e1 realizada no dia <strong>22 de dezembro<\/strong>, a partir das 14h30.<\/p>\n<p>A licita\u00e7\u00e3o para constru\u00e7\u00e3o da UPA, que chegou a ser aberta no \u00faltimo m\u00eas de abril, foi suspensa e foi devolvida para\u00a0<mark style=\"background-color:#fcb900\" class=\"has-inline-color\">Secretaria Municipal da Sa\u00fade que realizou os estudos de readequa\u00e7\u00e3o or\u00e7ament\u00e1ria do projeto.<\/mark><\/p>\n<p>Ap\u00f3s esta etapa, o projeto foi encaminhado para Secretaria de Administra\u00e7\u00e3o, que reabriu a licita\u00e7\u00e3o para constru\u00e7\u00e3o da unidade.<\/p>\n<h4 class=\"wp-block-heading\"><strong>Or\u00e7amento de R$ 1 mil para constru\u00e7\u00e3o de UPA<\/strong><\/h4>\n<p>Em <strong>outubro <\/strong>deste ano, a <strong>Prefeitura de Ribeir\u00e3o Preto<\/strong> encaminhou para <strong>C\u00e2mara Municipal<\/strong> o projeto da LOA (Lei Or\u00e7ament\u00e1ria Anual) de 2024 e a proposta chamou a aten\u00e7\u00e3o, pois o or\u00e7amento discriminava apenas <strong>R$ 1 mil para constru\u00e7\u00e3o da UPA<\/strong>.<\/p>\n<p>Na \u00e9poca, a prefeitura informou que o valor de R$ 1 mil era <strong>referente aos recursos pr\u00f3prios e serviria apenas para abrir a dota\u00e7\u00e3o or\u00e7ament\u00e1ria, em caso de imprevistos<\/strong>. <\/p>\n<p>Ainda de acordo com o \u00f3rg\u00e3o, a previs\u00e3o or\u00e7ament\u00e1ria estava dentro da a\u00e7\u00e3o \u2018obras p\u00fablicas do munic\u00edpio\u2019, cujo total era de <strong>R$ 15.614.217,96<\/strong>.<\/p>\n<h4 class=\"wp-block-heading\"><strong>Promessa de campanha<\/strong><\/h4>\n<p>A<strong> UPA do Ribeir\u00e3o Verde<\/strong> foi uma das principais promessas de campanha do<strong> prefeito Duarte Nogueira (PSDB)<\/strong> nas elei\u00e7\u00f5es de 2020. Durante a campanha, o prefeito informou que a expectativa era que o projeto fosse conclu\u00eddo j\u00e1 em 2021.<\/p>\n<p>A UPA deve ser constru\u00edda em uma \u00e1rea com<strong> 5,3 mil metros quadrados<\/strong> na avenida Ant\u00f4nia Mugnatto Marincek, na esquina com a rua Manoel Games, pr\u00f3ximo da Par\u00f3quia Santa Rita das Palmeiras.<\/p>\n<p>Segundo o munic\u00edpio, a unidade ter\u00e1 <strong>1,9 mil metros quadrados de \u00e1rea constru\u00edda<\/strong>, e contar\u00e1 com <strong>consult\u00f3rios<\/strong>, <strong>ambulat\u00f3rios<\/strong>, <strong>\u00e1rea de ambul\u00e2ncia<\/strong> e <strong>estacionamento<\/strong>. A regi\u00e3o do Ribeir\u00e3o Verde conta com 20 mil moradores.<\/p>\n<p>VEJA TAMB\u00c9M<\/p>\n<p>Ribeir\u00e3o quer doar terrenos para constru\u00e7\u00e3o de 441 unidades habitacionais; Veja os locais<\/p>\n<h4 class=\"wp-block-heading\"><strong><mark style=\"background-color:#fcb900\" class=\"has-inline-color\">FIQUE ON<\/mark><\/strong><\/h4>\n<p>Fique ligado em tudo que acontece em Ribeir\u00e3o Preto e regi\u00e3o. Siga os perfis do\u00a0<strong>acidade on<\/strong>\u00a0no\u00a0<a href=\"https:\/\/www.instagram.com\/acidadeonribeirao\" target=\"_blank\" rel=\"noreferrer noopener\">Instagram<\/a>\u00a0e no\u00a0<a href=\"https:\/\/www.facebook.com\/acidadeonribeirao\" target=\"_blank\" rel=\"noreferrer noopener\">Facebook<\/a>.<\/p>\n<p>Receba not\u00edcias do\u00a0<strong>acidade on\u00a0<\/strong>no WhatsApp.\u00a0<a href=\"https:\/\/chat.whatsapp.com\/Bnv2w66ZT4VDyZW3oiZ69n\" target=\"_blank\" rel=\"noreferrer noopener\">Para entrar no grupo, basta clicar aqui.<\/a><\/p>\n<p>Fa\u00e7a uma den\u00fancia ou sugira uma reportagem sobre a Ribeir\u00e3o Preto e regi\u00e3o pelo WhatsApp: (16) 99117 7802.<\/p>\n<p>LEIA MAIS<\/p>\n<p><a href=\"https:\/\/www.tudoep.com\/tudo-valor\/tudo-valor\/noticias\/NOT,0,0,1868791,como-jogar-na-mega-da-virada-on-line.aspx\" target=\"_blank\" rel=\"noreferrer noopener\">Como jogar na Mega da Virada on-line?<\/a><\/p>\n<p><!-- AI CONTENT END 1 -->\n<\/div>\n<p><script async src=\"\/\/www.instagram.com\/embed.js\"><\/script><br \/>\n<br \/><br \/>\n<br \/><a href=\"https:\/\/www.acidadeon.com\/ribeiraopreto\/politica\/upa-do-ribeirao-verde-cinco-empresas-disputam-obra-de-r-16-milhoes\/\">Source link <\/a><\/p>\n<div class='code-block code-block-4' style='margin: 8px auto 8px 0; text-align: left; display: block; clear: both;'>\n\ud83d\udce2 Aviso Legal\n\nO site ismaelcolosi.com.br atua apenas como um canal de divulga\u00e7\u00e3o de oportunidades de emprego e n\u00e3o se responsabiliza pelo processo seletivo, contrata\u00e7\u00e3o ou qualquer outra etapa relacionada \u00e0s vagas publicadas. Todas as informa\u00e7\u00f5es s\u00e3o de responsabilidade dos anunciantes.\n\n\u26a0\ufe0f Aten\u00e7\u00e3o! Nunca pague por promessas de emprego nem compre cursos que garantam contrata\u00e7\u00e3o. Desconfie de qualquer cobran\u00e7a para participar de sele\u00e7\u00f5es.\n\n\n\n<\/div>\n<!-- CONTENT END 1 -->\n","protected":false},"excerpt":{"rendered":"<p>A Prefeitura de Ribeir\u00e3o Preto publicou no Di\u00e1rio Oficial do Munic\u00edpio, desta quinta-feira (14), o processo licitat\u00f3rio para a constru\u00e7\u00e3o da UPA (Unidade de Pronto&#8230;<\/p>\n","protected":false},"author":1,"featured_media":16065,"comment_status":"open","ping_status":"open","sticky":false,"template":"","format":"standard","meta":{"_uag_custom_page_level_css":"","advanced_seo_description":"","jetpack_seo_html_title":"","jetpack_seo_noindex":false,"jetpack_post_was_ever_published":false,"_jetpack_newsletter_access":"","_jetpack_dont_email_post_to_subs":false,"_jetpack_newsletter_tier_id":0,"_jetpack_memberships_contains_paywalled_content":false,"_jetpack_memberships_contains_paid_content":false,"footnotes":"","jetpack_publicize_message":"","jetpack_publicize_feature_enabled":true,"jetpack_social_post_already_shared":true,"jetpack_social_options":{"image_generator_settings":{"template":"highway","default_image_id":0,"font":"","enabled":false},"version":2}},"categories":[11],"tags":[481,2188,1717,262,169,26,258,2018],"class_list":["post-16064","post","type-post","status-publish","format-standard","has-post-thumbnail","hentry","category-noticias-de-ribeirao-preto-sp-e-regiao-ismael-colosi","tag-cinco","tag-disputam","tag-empresas","tag-milhoes","tag-obra","tag-ribeirao","tag-upa","tag-verde"],"jetpack_publicize_connections":[],"jetpack_featured_media_url":"https:\/\/i0.wp.com\/ismaelcolosi.com.br\/wp-content\/uploads\/2023\/12\/projeto-UPA-Ribeirao-verde.jpeg?fit=1527%2C1080&ssl=1","uagb_featured_image_src":{"full":["https:\/\/i0.wp.com\/ismaelcolosi.com.br\/wp-content\/uploads\/2023\/12\/projeto-UPA-Ribeirao-verde.jpeg?fit=1527%2C1080&ssl=1",1527,1080,false],"thumbnail":["https:\/\/i0.wp.com\/ismaelcolosi.com.br\/wp-content\/uploads\/2023\/12\/projeto-UPA-Ribeirao-verde.jpeg?resize=150%2C150&ssl=1",150,150,true],"medium":["https:\/\/i0.wp.com\/ismaelcolosi.com.br\/wp-content\/uploads\/2023\/12\/projeto-UPA-Ribeirao-verde.jpeg?fit=300%2C212&ssl=1",300,212,true],"medium_large":["https:\/\/i0.wp.com\/ismaelcolosi.com.br\/wp-content\/uploads\/2023\/12\/projeto-UPA-Ribeirao-verde.jpeg?fit=768%2C543&ssl=1",768,543,true],"large":["https:\/\/i0.wp.com\/ismaelcolosi.com.br\/wp-content\/uploads\/2023\/12\/projeto-UPA-Ribeirao-verde.jpeg?fit=1024%2C724&ssl=1",1024,724,true],"1536x1536":["https:\/\/i0.wp.com\/ismaelcolosi.com.br\/wp-content\/uploads\/2023\/12\/projeto-UPA-Ribeirao-verde.jpeg?fit=1527%2C1080&ssl=1",1527,1080,true],"2048x2048":["https:\/\/i0.wp.com\/ismaelcolosi.com.br\/wp-content\/uploads\/2023\/12\/projeto-UPA-Ribeirao-verde.jpeg?fit=1527%2C1080&ssl=1",1527,1080,true],"really-simple-thumb":["https:\/\/i0.wp.com\/ismaelcolosi.com.br\/wp-content\/uploads\/2023\/12\/projeto-UPA-Ribeirao-verde.jpeg?resize=370%2C247&ssl=1",370,247,true]},"uagb_author_info":{"display_name":"ismaelcolosi.com.br","author_link":"https:\/\/ismaelcolosi.com.br\/index.php\/author\/vidareal-online\/"},"uagb_comment_info":0,"uagb_excerpt":"A Prefeitura de Ribeir\u00e3o Preto publicou no Di\u00e1rio Oficial do Munic\u00edpio, desta quinta-feira (14), o processo licitat\u00f3rio para a constru\u00e7\u00e3o da UPA (Unidade de Pronto...","jetpack-related-posts":[{"id":36568,"url":"https:\/\/ismaelcolosi.com.br\/index.php\/2024\/02\/10\/empresa-de-sp-construira-upa-do-ribeirao-verde\/","url_meta":{"origin":16064,"position":0},"title":"Empresa de SP construir\u00e1 UPA do Ribeir\u00e3o Verde","author":"ismaelcolosi.com.br","date":"10 de February de 2024","format":false,"excerpt":"A prefeitura de Ribeir\u00e3o Preto definiu a empresa respons\u00e1vel pela constru\u00e7\u00e3o da Unidade de Pronto Atendimento do Complexo Ribeir\u00e3o Verde, na Zona Leste de Ribeir\u00e3o Preto, a primeira UPA municipal. A homologa\u00e7\u00e3o ocorreu na quinta-feira, 8 de fevereiro, ap\u00f3s a fase de recursos. O edital de julgamento de licita\u00e7\u00e3o havia\u2026","rel":"","context":"In &quot;Not\u00edcias de Ribeir\u00e3o Preto-SP e Regi\u00e3o&quot;","block_context":{"text":"Not\u00edcias de Ribeir\u00e3o Preto-SP e Regi\u00e3o","link":"https:\/\/ismaelcolosi.com.br\/index.php\/category\/noticias-de-ribeirao-preto-sp-e-regiao-ismael-colosi\/"},"img":{"alt_text":"","src":"https:\/\/i0.wp.com\/ismaelcolosi.com.br\/wp-content\/uploads\/2024\/02\/SaudeUPA-Divulgacao-1-scaled.jpg?fit=1000%2C553&ssl=1&resize=350%2C200","width":350,"height":200,"srcset":"https:\/\/i0.wp.com\/ismaelcolosi.com.br\/wp-content\/uploads\/2024\/02\/SaudeUPA-Divulgacao-1-scaled.jpg?fit=1000%2C553&ssl=1&resize=350%2C200 1x, https:\/\/i0.wp.com\/ismaelcolosi.com.br\/wp-content\/uploads\/2024\/02\/SaudeUPA-Divulgacao-1-scaled.jpg?fit=1000%2C553&ssl=1&resize=525%2C300 1.5x, https:\/\/i0.wp.com\/ismaelcolosi.com.br\/wp-content\/uploads\/2024\/02\/SaudeUPA-Divulgacao-1-scaled.jpg?fit=1000%2C553&ssl=1&resize=700%2C400 2x"},"classes":[]},{"id":35395,"url":"https:\/\/ismaelcolosi.com.br\/index.php\/2024\/02\/06\/upa-da-zona-leste-custara-r-147-mi\/","url_meta":{"origin":16064,"position":1},"title":"UPA da Zona Leste custar\u00e1 R$ 14,7 mi\u00a0","author":"ismaelcolosi.com.br","date":"6 de February de 2024","format":false,"excerpt":"6 de fevereiro de 2024 | 8:305 de fevereiro de 2024 | 20:02 0A prefeitura de Ribeir\u00e3o Preto definiu a empresa respons\u00e1vel pela constru\u00e7\u00e3o da Unidade de Pronto Atendimento do Complexo Ribeir\u00e3o Verde, na Zona Leste de Ribeir\u00e3o Preto, a primeira UPA municipal. De acordo com o edital de julgamento\u2026","rel":"","context":"In &quot;Not\u00edcias de Ribeir\u00e3o Preto-SP e Regi\u00e3o&quot;","block_context":{"text":"Not\u00edcias de Ribeir\u00e3o Preto-SP e Regi\u00e3o","link":"https:\/\/ismaelcolosi.com.br\/index.php\/category\/noticias-de-ribeirao-preto-sp-e-regiao-ismael-colosi\/"},"img":{"alt_text":"","src":"https:\/\/i0.wp.com\/ismaelcolosi.com.br\/wp-content\/uploads\/2024\/02\/SaudeUPA-Divulgacao-scaled.jpg?fit=1000%2C553&ssl=1&resize=350%2C200","width":350,"height":200,"srcset":"https:\/\/i0.wp.com\/ismaelcolosi.com.br\/wp-content\/uploads\/2024\/02\/SaudeUPA-Divulgacao-scaled.jpg?fit=1000%2C553&ssl=1&resize=350%2C200 1x, https:\/\/i0.wp.com\/ismaelcolosi.com.br\/wp-content\/uploads\/2024\/02\/SaudeUPA-Divulgacao-scaled.jpg?fit=1000%2C553&ssl=1&resize=525%2C300 1.5x, https:\/\/i0.wp.com\/ismaelcolosi.com.br\/wp-content\/uploads\/2024\/02\/SaudeUPA-Divulgacao-scaled.jpg?fit=1000%2C553&ssl=1&resize=700%2C400 2x"},"classes":[]},{"id":34242,"url":"https:\/\/ismaelcolosi.com.br\/index.php\/2024\/02\/01\/veja-quanto-vai-custar-a-upa-do-ribeirao-verde-construtora-ja-foi-definida\/","url_meta":{"origin":16064,"position":2},"title":"Veja quanto vai custar a UPA do Ribeir\u00e3o Verde; Construtora j\u00e1 foi definida","author":"ismaelcolosi.com.br","date":"1 de February de 2024","format":false,"excerpt":"A UPA (Unidade de Pronto Atendimento) do Ribeir\u00e3o Verde, na zona Leste de Ribeir\u00e3o Preto, vai custar R$ 14.765.131,91, conforme o julgamento da licita\u00e7\u00e3o, publicado no Di\u00e1rio Oficial do Munic\u00edpio, na \u00faltima quarta-feira (31). A empresa vencedora do projeto \u00e9 a Laforma Com\u00e9rcio e Servi\u00e7os Ltda, de S\u00e3o Paulo. A\u2026","rel":"","context":"In &quot;Not\u00edcias de Ribeir\u00e3o Preto-SP e Regi\u00e3o&quot;","block_context":{"text":"Not\u00edcias de Ribeir\u00e3o Preto-SP e Regi\u00e3o","link":"https:\/\/ismaelcolosi.com.br\/index.php\/category\/noticias-de-ribeirao-preto-sp-e-regiao-ismael-colosi\/"},"img":{"alt_text":"","src":"https:\/\/i0.wp.com\/ismaelcolosi.com.br\/wp-content\/uploads\/2024\/02\/upa-ribeirao-verde.jpg?fit=1200%2C737&ssl=1&resize=350%2C200","width":350,"height":200,"srcset":"https:\/\/i0.wp.com\/ismaelcolosi.com.br\/wp-content\/uploads\/2024\/02\/upa-ribeirao-verde.jpg?fit=1200%2C737&ssl=1&resize=350%2C200 1x, https:\/\/i0.wp.com\/ismaelcolosi.com.br\/wp-content\/uploads\/2024\/02\/upa-ribeirao-verde.jpg?fit=1200%2C737&ssl=1&resize=525%2C300 1.5x, https:\/\/i0.wp.com\/ismaelcolosi.com.br\/wp-content\/uploads\/2024\/02\/upa-ribeirao-verde.jpg?fit=1200%2C737&ssl=1&resize=700%2C400 2x, https:\/\/i0.wp.com\/ismaelcolosi.com.br\/wp-content\/uploads\/2024\/02\/upa-ribeirao-verde.jpg?fit=1200%2C737&ssl=1&resize=1050%2C600 3x"},"classes":[]},{"id":43768,"url":"https:\/\/ismaelcolosi.com.br\/index.php\/2024\/03\/23\/upa-municipal-vai-sair-do-papel\/","url_meta":{"origin":16064,"position":3},"title":"\u2018UPA municipal\u2019 vai sair do papel \u00a0","author":"ismaelcolosi.com.br","date":"23 de March de 2024","format":false,"excerpt":"23 de mar\u00e7o de 2024 | 9:0022 de mar\u00e7o de 2024 | 19:58 0 A prefeitura de Ribeir\u00e3o Preto definiu a empresa respons\u00e1vel pela constru\u00e7\u00e3o da Unidade de Pronto Atendimento do Complexo Ribeir\u00e3o Verde, na Zona Leste de Ribeir\u00e3o Preto, a primeira UPA municipal. A homologa\u00e7\u00e3o ocorreu em 8 de\u2026","rel":"","context":"In &quot;Not\u00edcias de Ribeir\u00e3o Preto-SP e Regi\u00e3o&quot;","block_context":{"text":"Not\u00edcias de Ribeir\u00e3o Preto-SP e Regi\u00e3o","link":"https:\/\/ismaelcolosi.com.br\/index.php\/category\/noticias-de-ribeirao-preto-sp-e-regiao-ismael-colosi\/"},"img":{"alt_text":"","src":"https:\/\/i0.wp.com\/ismaelcolosi.com.br\/wp-content\/uploads\/2024\/03\/SaudeUPA-Detalhe-Divulgacao-scaled.jpg?fit=1000%2C553&ssl=1&resize=350%2C200","width":350,"height":200,"srcset":"https:\/\/i0.wp.com\/ismaelcolosi.com.br\/wp-content\/uploads\/2024\/03\/SaudeUPA-Detalhe-Divulgacao-scaled.jpg?fit=1000%2C553&ssl=1&resize=350%2C200 1x, https:\/\/i0.wp.com\/ismaelcolosi.com.br\/wp-content\/uploads\/2024\/03\/SaudeUPA-Detalhe-Divulgacao-scaled.jpg?fit=1000%2C553&ssl=1&resize=525%2C300 1.5x, https:\/\/i0.wp.com\/ismaelcolosi.com.br\/wp-content\/uploads\/2024\/03\/SaudeUPA-Detalhe-Divulgacao-scaled.jpg?fit=1000%2C553&ssl=1&resize=700%2C400 2x"},"classes":[]},{"id":36227,"url":"https:\/\/ismaelcolosi.com.br\/index.php\/2024\/02\/08\/prefeitura-investira-r-147-milhoes-na-construcao-da-upa-ribeirao-verde\/","url_meta":{"origin":16064,"position":4},"title":"Prefeitura investir\u00e1 R$ 14,7 milh\u00f5es na constru\u00e7\u00e3o da UPA Ribeir\u00e3o Verde","author":"ismaelcolosi.com.br","date":"8 de February de 2024","format":false,"excerpt":"8 de fevereiro de 2024 | 16:42 0A UPA Ribeir\u00e3o Verde, primeira unidade municipal de pronto atendimento, ser\u00e1 constru\u00edda pela empresa Laforma Com\u00e9rcio e Servi\u00e7o Ltda., pelo valor global de R$ 14.765.131,91, uma economia de 10,35% em rela\u00e7\u00e3o ao previsto inicialmente, R$ 16.471.198,12. O processo licitat\u00f3rio, aberto em dezembro, foi\u2026","rel":"","context":"In &quot;Not\u00edcias de Ribeir\u00e3o Preto-SP e Regi\u00e3o&quot;","block_context":{"text":"Not\u00edcias de Ribeir\u00e3o Preto-SP e Regi\u00e3o","link":"https:\/\/ismaelcolosi.com.br\/index.php\/category\/noticias-de-ribeirao-preto-sp-e-regiao-ismael-colosi\/"},"img":{"alt_text":"","src":"https:\/\/i0.wp.com\/ismaelcolosi.com.br\/wp-content\/uploads\/2024\/02\/upa_ribeirao_verde_6-scaled.jpeg?fit=912%2C645&ssl=1&resize=350%2C200","width":350,"height":200,"srcset":"https:\/\/i0.wp.com\/ismaelcolosi.com.br\/wp-content\/uploads\/2024\/02\/upa_ribeirao_verde_6-scaled.jpeg?fit=912%2C645&ssl=1&resize=350%2C200 1x, https:\/\/i0.wp.com\/ismaelcolosi.com.br\/wp-content\/uploads\/2024\/02\/upa_ribeirao_verde_6-scaled.jpeg?fit=912%2C645&ssl=1&resize=525%2C300 1.5x, https:\/\/i0.wp.com\/ismaelcolosi.com.br\/wp-content\/uploads\/2024\/02\/upa_ribeirao_verde_6-scaled.jpeg?fit=912%2C645&ssl=1&resize=700%2C400 2x"},"classes":[]},{"id":44063,"url":"https:\/\/ismaelcolosi.com.br\/index.php\/2024\/03\/25\/378403-2\/","url_meta":{"origin":16064,"position":5},"title":"Vai come\u00e7ar a constru\u00e7\u00e3o da UPA do Ribeir\u00e3o Verde","author":"ismaelcolosi.com.br","date":"25 de March de 2024","format":false,"excerpt":"Na manh\u00e3 desta segunda-feira, 25 de mar\u00e7o, a prefeitura deu o pontap\u00e9 inicial das obras da UPA \u2013 Unidade de Pronto Atendimento do bairro Ribeir\u00e3o Verde, a primeira UPA municipal que vai beneficiar mais de 70 mil habitantes da regi\u00e3o leste da cidade. A ordem e servi\u00e7o foi assinada pelo\u2026","rel":"","context":"In &quot;Not\u00edcias de Ribeir\u00e3o Preto-SP e Regi\u00e3o&quot;","block_context":{"text":"Not\u00edcias de Ribeir\u00e3o Preto-SP e Regi\u00e3o","link":"https:\/\/ismaelcolosi.com.br\/index.php\/category\/noticias-de-ribeirao-preto-sp-e-regiao-ismael-colosi\/"},"img":{"alt_text":"","src":"https:\/\/i0.wp.com\/ismaelcolosi.com.br\/wp-content\/uploads\/2024\/03\/upa_ribeirao_verde_1.jpeg?fit=1200%2C849&ssl=1&resize=350%2C200","width":350,"height":200,"srcset":"https:\/\/i0.wp.com\/ismaelcolosi.com.br\/wp-content\/uploads\/2024\/03\/upa_ribeirao_verde_1.jpeg?fit=1200%2C849&ssl=1&resize=350%2C200 1x, https:\/\/i0.wp.com\/ismaelcolosi.com.br\/wp-content\/uploads\/2024\/03\/upa_ribeirao_verde_1.jpeg?fit=1200%2C849&ssl=1&resize=525%2C300 1.5x, https:\/\/i0.wp.com\/ismaelcolosi.com.br\/wp-content\/uploads\/2024\/03\/upa_ribeirao_verde_1.jpeg?fit=1200%2C849&ssl=1&resize=700%2C400 2x, https:\/\/i0.wp.com\/ismaelcolosi.com.br\/wp-content\/uploads\/2024\/03\/upa_ribeirao_verde_1.jpeg?fit=1200%2C849&ssl=1&resize=1050%2C600 3x"},"classes":[]}],"jetpack_sharing_enabled":true,"jetpack_shortlink":"https:\/\/wp.me\/pfMlyK-4b6","_links":{"self":[{"href":"https:\/\/ismaelcolosi.com.br\/index.php\/wp-json\/wp\/v2\/posts\/16064","targetHints":{"allow":["GET"]}}],"collection":[{"href":"https:\/\/ismaelcolosi.com.br\/index.php\/wp-json\/wp\/v2\/posts"}],"about":[{"href":"https:\/\/ismaelcolosi.com.br\/index.php\/wp-json\/wp\/v2\/types\/post"}],"author":[{"embeddable":true,"href":"https:\/\/ismaelcolosi.com.br\/index.php\/wp-json\/wp\/v2\/users\/1"}],"replies":[{"embeddable":true,"href":"https:\/\/ismaelcolosi.com.br\/index.php\/wp-json\/wp\/v2\/comments?post=16064"}],"version-history":[{"count":0,"href":"https:\/\/ismaelcolosi.com.br\/index.php\/wp-json\/wp\/v2\/posts\/16064\/revisions"}],"wp:featuredmedia":[{"embeddable":true,"href":"https:\/\/ismaelcolosi.com.br\/index.php\/wp-json\/wp\/v2\/media\/16065"}],"wp:attachment":[{"href":"https:\/\/ismaelcolosi.com.br\/index.php\/wp-json\/wp\/v2\/media?parent=16064"}],"wp:term":[{"taxonomy":"category","embeddable":true,"href":"https:\/\/ismaelcolosi.com.br\/index.php\/wp-json\/wp\/v2\/categories?post=16064"},{"taxonomy":"post_tag","embeddable":true,"href":"https:\/\/ismaelcolosi.com.br\/index.php\/wp-json\/wp\/v2\/tags?post=16064"}],"curies":[{"name":"wp","href":"https:\/\/api.w.org\/{rel}","templated":true}]}}