{"id":16044,"date":"2023-12-14T20:23:34","date_gmt":"2023-12-14T23:23:34","guid":{"rendered":"https:\/\/ismaelcolosi.com.br\/index.php\/2023\/12\/14\/padrao-ao-dormir-pode-aumentar-risco-de-demencia-segundo-estudo\/"},"modified":"2023-12-14T20:23:34","modified_gmt":"2023-12-14T23:23:34","slug":"padrao-ao-dormir-pode-aumentar-risco-de-demencia-segundo-estudo","status":"publish","type":"post","link":"https:\/\/ismaelcolosi.com.br\/index.php\/2023\/12\/14\/padrao-ao-dormir-pode-aumentar-risco-de-demencia-segundo-estudo\/","title":{"rendered":"Padr\u00e3o ao dormir pode aumentar risco de dem\u00eancia, segundo estudo"},"content":{"rendered":"<p> <br \/>\n<\/p>\n<div>\n<div id=\"attachment_2328266\" class=\"wp-caption alignnone\">\n<div class=\"d-flex justify-content-center\" data-attachment-id=\"2328266\">\n<div class=\"position-relative d-inline-block\"><img data-recalc-dims=\"1\" data-portal-copyright=\"Depositphotos\/AllaSerebrina\" fetchpriority=\"high\" decoding=\"async\" class=\"size-full wp-image-2328266\" src=\"https:\/\/i0.wp.com\/catracalivre.com.br\/wp-content\/uploads\/2023\/12\/depositphotos-160977854-xl-scaled.jpg?resize=2560%2C1707&#038;ssl=1\" alt=\"Dormir nos mesmos hor\u00e1rios pode reduzir risco de dem\u00eancia\" width=\"2560\" height=\"1707\" srcset=\"https:\/\/catracalivre.com.br\/wp-content\/uploads\/2023\/12\/depositphotos-160977854-xl-scaled.jpg 2560w, https:\/\/catracalivre.com.br\/wp-content\/uploads\/2023\/12\/depositphotos-160977854-xl-450x300.jpg 450w, https:\/\/catracalivre.com.br\/wp-content\/uploads\/2023\/12\/depositphotos-160977854-xl-768x512.jpg 768w\" sizes=\"(max-width: 2560px) 100vw, 2560px\"\/><\/p>\n<p>Cr\u00e9ditos: Depositphotos\/AllaSerebrina<\/p>\n<\/div>\n<\/div>\n<p><span class=\"post-imagem__legenda\">Dormir nos mesmos hor\u00e1rios pode reduzir risco de dem\u00eancia<\/span><\/p>\n<\/div>\n<p>Dados recentes em estudos sobre o sono colocam uma luz cr\u00edtica sobre a import\u00e2ncia da regularidade do sono para a <a href=\"https:\/\/catracalivre.com.br\/saude-bem-estar\/sinais-de-demencia-que-alertam-para-a-hora-de-procurar-um-medico\/\" target=\"_blank\" rel=\"noopener\">sa\u00fade do c\u00e9rebro<\/a>. Segundo uma pesquisa que envolveu mais de 88.000 brit\u00e2nicos, pessoas com <a href=\"https:\/\/catracalivre.com.br\/saude-bem-estar\/sono-quantas-horas-sao-indicadas-para-cada-fase-da-vida\/\" target=\"_blank\" rel=\"noopener\">padr\u00f5es de sono<\/a> irregulares \u2013 hor\u00e1rios de dormir diferentes de um dia para o outro \u2013 apresentaram um risco aumentado de desenvolver dem\u00eancia.<\/p>\n<p>O estudo revelou que ir para a cama no mesmo hor\u00e1rio todas as noites \u00e9 ben\u00e9fico para a sa\u00fade cerebral. Aqueles cujos hor\u00e1rios de dormir variavam drasticamente mostraram ter um risco de dem\u00eancia 53% maior do que aqueles que mantinham hor\u00e1rios estritos.<\/p>\n<h2>Qual a rela\u00e7\u00e3o entre a regularidade do sono e a dem\u00eancia?<\/h2>\n<p>O autor do estudo, Professor Matthew Paul Pase, da Universidade Monash, na Austr\u00e1lia, explicou os resultados do estudo.<\/p>\n<p>\u201cNossas descobertas sugerem que a regularidade do sono de uma pessoa \u00e9 um <a href=\"https:\/\/catracalivre.com.br\/saude-bem-estar\/9-sinais-precoces-de-demencia-para-notar-em-familiares\/\" target=\"_blank\" rel=\"noopener\">fator importante<\/a> no risco de dem\u00eancia. (\u2026) As recomenda\u00e7\u00f5es de sa\u00fade do sono geralmente se concentram em ter a quantidade certa de sono, que \u00e9 de sete a nove horas por noite, mas h\u00e1 menos \u00eanfase na manuten\u00e7\u00e3o de hor\u00e1rios regulares de sono\u201d, afirmou.<\/p>\n<p>O estudo, publicado na revista <a href=\"https:\/\/www.neurology.org\/\" target=\"_blank\" rel=\"noopener\">Neurology<\/a>, monitorou o sono de pessoas de meia-idade com rastreadores de pulso por uma m\u00e9dia de sete anos.<\/p>\n<h2>Como o estudo foi conduzido?<\/h2>\n<p>Os volunt\u00e1rios receberam uma pontua\u00e7\u00e3o de zero a 100 com base em qu\u00e3o bem suas horas de sono e vig\u00edlia correspondiam a cada dia.<\/p>\n<p>Aqueles no grupo com a pontua\u00e7\u00e3o mais baixa, que tiveram m\u00e9dia de 41, apresentaram a maior varia\u00e7\u00e3o em seus hor\u00e1rios de sono. Registros m\u00e9dicos mostraram que eles eram significativamente mais propensos a desenvolver dem\u00eancia, mesmo do que aqueles que tiveram uma pontua\u00e7\u00e3o m\u00e9dia, que era de cerca de 71.<\/p>\n<p>\u201cAs pessoas com sono irregular podem apenas precisar melhorar a regularidade de seu sono para n\u00edveis m\u00e9dios para prevenir a dem\u00eancia\u201d, acrescentou o professor.<\/p>\n<p>Pesquisas t\u00eam mostrado que um bom sono \u00e9 vital para limpar prote\u00ednas t\u00f3xicas que causam dem\u00eancia que se acumulam no c\u00e9rebro.<\/p>\n<div id=\"attachment_2328268\" class=\"wp-caption alignnone\">\n<div class=\"d-flex justify-content-center\" data-attachment-id=\"2328268\">\n<div class=\"position-relative d-inline-block\"><img data-recalc-dims=\"1\" loading=\"lazy\" data-portal-copyright=\"Depositphotos\/AndrewLozovyi\" decoding=\"async\" class=\"size-full wp-image-2328268\" src=\"https:\/\/i0.wp.com\/catracalivre.com.br\/wp-content\/uploads\/2023\/12\/depositphotos-317584688-xl-scaled.jpg?resize=2560%2C1709&#038;ssl=1\" alt=\"Saiba os fatores de risco da dem\u00eancia\" width=\"2560\" height=\"1709\" srcset=\"https:\/\/catracalivre.com.br\/wp-content\/uploads\/2023\/12\/depositphotos-317584688-xl-scaled.jpg 2560w, https:\/\/catracalivre.com.br\/wp-content\/uploads\/2023\/12\/depositphotos-317584688-xl-450x300.jpg 450w, https:\/\/catracalivre.com.br\/wp-content\/uploads\/2023\/12\/depositphotos-317584688-xl-768x513.jpg 768w\" sizes=\"auto, (max-width: 2560px) 100vw, 2560px\"\/><\/p>\n<p>Cr\u00e9ditos: Depositphotos\/AndrewLozovyi<\/p>\n<\/div>\n<\/div>\n<p><span class=\"post-imagem__legenda\">Saiba os fatores de risco da dem\u00eancia<\/span><\/p>\n<\/div>\n<h2>Quais os fatores de risco para dem\u00eancia?<\/h2>\n<p>Os fatores de risco para dem\u00eancia s\u00e3o diversos e podem variar dependendo do tipo espec\u00edfico de dem\u00eancia. No entanto, alguns fatores comuns incluem:<\/p>\n<ul>\n<li>idade avan\u00e7ada;<\/li>\n<li>hist\u00f3rico familiar;<\/li>\n<li>certos genes, como o gene da apolipoprote\u00edna E (APOE \u03b54);<\/li>\n<li>traumas cranianos graves, especialmente les\u00f5es que causam perda de consci\u00eancia;<\/li>\n<li>doen\u00e7as cr\u00f4nicas, como o diabetes;<\/li>\n<li>h\u00e1bitos pouco saud\u00e1veis de vida, como dieta pobre, falta de atividade f\u00edsica, tabagismo e consumo excessivo de \u00e1lcool.<\/li>\n<\/ul>\n<\/div>\n<p><script>\n\t\t! function(f, b, e, v, n, t, s) {\n\t\t\tif (f.fbq) return;\n\t\t\tn = f.fbq = function() {\n\t\t\t\tn.callMethod ?\n\t\t\t\t\tn.callMethod.apply(n, arguments) : n.queue.push(arguments)\n\t\t\t};\n\t\t\tif (!f._fbq) f._fbq = n;\n\t\t\tn.push = n;\n\t\t\tn.loaded = !0;\n\t\t\tn.version = '2.0';\n\t\t\tn.queue = [];\n\t\t\tt = b.createElement(e);\n\t\t\tt.async = !0;\n\t\t\tt.src = v;\n\t\t\ts = b.getElementsByTagName(e)[0];\n\t\t\ts.parentNode.insertBefore(t, s)\n\t\t}(window, document, 'script',\n\t\t\t'https:\/\/connect.facebook.net\/en_US\/fbevents.js');\n\t\tfbq('init', '338315473262380');\n\t\tfbq('track', 'PageView');\n\t<\/script><br \/>\n<br \/><br \/>\n<br \/><a href=\"https:\/\/catracalivre.com.br\/saude-bem-estar\/padrao-ao-dormir-pode-aumentar-risco-de-demencia-segundo-estudo\/\">Source link <\/a><\/p>\n<div class='code-block code-block-4' style='margin: 8px auto 8px 0; text-align: left; display: block; clear: both;'>\n\ud83d\udce2 Aviso Legal\n\nO site ismaelcolosi.com.br atua apenas como um canal de divulga\u00e7\u00e3o de oportunidades de emprego e n\u00e3o se responsabiliza pelo processo seletivo, contrata\u00e7\u00e3o ou qualquer outra etapa relacionada \u00e0s vagas publicadas. Todas as informa\u00e7\u00f5es s\u00e3o de responsabilidade dos anunciantes.\n\n\u26a0\ufe0f Aten\u00e7\u00e3o! Nunca pague por promessas de emprego nem compre cursos que garantam contrata\u00e7\u00e3o. Desconfie de qualquer cobran\u00e7a para participar de sele\u00e7\u00f5es.\n\n\n\n<\/div>\n<!-- CONTENT END 1 -->\n","protected":false},"excerpt":{"rendered":"<p>Cr\u00e9ditos: Depositphotos\/AllaSerebrina Dormir nos mesmos hor\u00e1rios pode reduzir risco de dem\u00eancia Dados recentes em estudos sobre o sono colocam uma luz cr\u00edtica sobre a import\u00e2ncia&#8230;<\/p>\n","protected":false},"author":1,"featured_media":16045,"comment_status":"open","ping_status":"open","sticky":false,"template":"","format":"standard","meta":{"_uag_custom_page_level_css":"","advanced_seo_description":"","jetpack_seo_html_title":"","jetpack_seo_noindex":false,"jetpack_post_was_ever_published":false,"_jetpack_newsletter_access":"","_jetpack_dont_email_post_to_subs":false,"_jetpack_newsletter_tier_id":0,"_jetpack_memberships_contains_paywalled_content":false,"_jetpack_memberships_contains_paid_content":false,"footnotes":"","jetpack_publicize_message":"","jetpack_publicize_feature_enabled":true,"jetpack_social_post_already_shared":true,"jetpack_social_options":{"image_generator_settings":{"template":"highway","default_image_id":0,"font":"","enabled":false},"version":2}},"categories":[19],"tags":[],"class_list":["post-16044","post","type-post","status-publish","format-standard","has-post-thumbnail","hentry","category-variedades"],"jetpack_publicize_connections":[],"jetpack_featured_media_url":"https:\/\/i0.wp.com\/ismaelcolosi.com.br\/wp-content\/uploads\/2023\/12\/depositphotos-160977854-xl-scaled.jpg?fit=1200%2C638&ssl=1","uagb_featured_image_src":{"full":["https:\/\/i0.wp.com\/ismaelcolosi.com.br\/wp-content\/uploads\/2023\/12\/depositphotos-160977854-xl-scaled.jpg?fit=1200%2C638&ssl=1",1200,638,false],"thumbnail":["https:\/\/i0.wp.com\/ismaelcolosi.com.br\/wp-content\/uploads\/2023\/12\/depositphotos-160977854-xl-scaled.jpg?resize=150%2C150&ssl=1",150,150,true],"medium":["https:\/\/i0.wp.com\/ismaelcolosi.com.br\/wp-content\/uploads\/2023\/12\/depositphotos-160977854-xl-scaled.jpg?fit=300%2C160&ssl=1",300,160,true],"medium_large":["https:\/\/i0.wp.com\/ismaelcolosi.com.br\/wp-content\/uploads\/2023\/12\/depositphotos-160977854-xl-scaled.jpg?fit=768%2C408&ssl=1",768,408,true],"large":["https:\/\/i0.wp.com\/ismaelcolosi.com.br\/wp-content\/uploads\/2023\/12\/depositphotos-160977854-xl-scaled.jpg?fit=1024%2C544&ssl=1",1024,544,true],"1536x1536":["https:\/\/i0.wp.com\/ismaelcolosi.com.br\/wp-content\/uploads\/2023\/12\/depositphotos-160977854-xl-scaled.jpg?fit=1200%2C638&ssl=1",1200,638,true],"2048x2048":["https:\/\/i0.wp.com\/ismaelcolosi.com.br\/wp-content\/uploads\/2023\/12\/depositphotos-160977854-xl-scaled.jpg?fit=1200%2C638&ssl=1",1200,638,true],"really-simple-thumb":["https:\/\/i0.wp.com\/ismaelcolosi.com.br\/wp-content\/uploads\/2023\/12\/depositphotos-160977854-xl-scaled.jpg?resize=370%2C247&ssl=1",370,247,true]},"uagb_author_info":{"display_name":"ismaelcolosi.com.br","author_link":"https:\/\/ismaelcolosi.com.br\/index.php\/author\/vidareal-online\/"},"uagb_comment_info":0,"uagb_excerpt":"Cr\u00e9ditos: Depositphotos\/AllaSerebrina Dormir nos mesmos hor\u00e1rios pode reduzir risco de dem\u00eancia Dados recentes em estudos sobre o sono colocam uma luz cr\u00edtica sobre a import\u00e2ncia...","jetpack-related-posts":[{"id":19337,"url":"https:\/\/ismaelcolosi.com.br\/index.php\/2023\/12\/22\/descoberto-padrao-de-sono-que-pode-indicar-risco-de-demencia\/","url_meta":{"origin":16044,"position":0},"title":"Descoberto padr\u00e3o de sono que pode indicar risco de dem\u00eancia","author":"ismaelcolosi.com.br","date":"22 de December de 2023","format":false,"excerpt":"Um artigo divulgado no American Journal of Preventive Medicine destaca a relev\u00e2ncia do sono na sa\u00fade mental e sugere que pode oferecer insights sobre o risco de dem\u00eancia no futuro. A dem\u00eancia engloba um conjunto de sintomas ligados a uma deteriora\u00e7\u00e3o cognitiva gradual. O foco primordial da pesquisa era identificar\u2026","rel":"","context":"In &quot;Variedades&quot;","block_context":{"text":"Variedades","link":"https:\/\/ismaelcolosi.com.br\/index.php\/category\/variedades\/"},"img":{"alt_text":"","src":"https:\/\/i0.wp.com\/ismaelcolosi.com.br\/wp-content\/uploads\/2023\/12\/insonia-menopausa-2.jpg?fit=1200%2C638&ssl=1&resize=350%2C200","width":350,"height":200,"srcset":"https:\/\/i0.wp.com\/ismaelcolosi.com.br\/wp-content\/uploads\/2023\/12\/insonia-menopausa-2.jpg?fit=1200%2C638&ssl=1&resize=350%2C200 1x, https:\/\/i0.wp.com\/ismaelcolosi.com.br\/wp-content\/uploads\/2023\/12\/insonia-menopausa-2.jpg?fit=1200%2C638&ssl=1&resize=525%2C300 1.5x, https:\/\/i0.wp.com\/ismaelcolosi.com.br\/wp-content\/uploads\/2023\/12\/insonia-menopausa-2.jpg?fit=1200%2C638&ssl=1&resize=700%2C400 2x, https:\/\/i0.wp.com\/ismaelcolosi.com.br\/wp-content\/uploads\/2023\/12\/insonia-menopausa-2.jpg?fit=1200%2C638&ssl=1&resize=1050%2C600 3x"},"classes":[]},{"id":6235,"url":"https:\/\/ismaelcolosi.com.br\/index.php\/2023\/11\/25\/consumo-de-azeite-reduz-risco-de-demencia-diz-estudo\/","url_meta":{"origin":16044,"position":1},"title":"Consumo de azeite reduz risco de dem\u00eancia, diz estudo","author":"ismaelcolosi.com.br","date":"25 de November de 2023","format":false,"excerpt":"Cr\u00e9ditos: Getty Images\/iStockphotoEstudo refor\u00e7a a evid\u00eancia de que o uso de azeite pode contribuir para uma dieta mais saud\u00e1vel e reduz risco de dem\u00eancia \u2013 iStock\/Getty Images O consumo regular de azeite de oliva pode diminuir significativamente as chances de desenvolver dem\u00eancia e Alzheimer, assegura estudo divulgado pela Sociedade Americana\u2026","rel":"","context":"In &quot;Variedades&quot;","block_context":{"text":"Variedades","link":"https:\/\/ismaelcolosi.com.br\/index.php\/category\/variedades\/"},"img":{"alt_text":"","src":"https:\/\/i0.wp.com\/ismaelcolosi.com.br\/wp-content\/uploads\/2023\/11\/istock-464433694.jpg?fit=1200%2C638&ssl=1&resize=350%2C200","width":350,"height":200,"srcset":"https:\/\/i0.wp.com\/ismaelcolosi.com.br\/wp-content\/uploads\/2023\/11\/istock-464433694.jpg?fit=1200%2C638&ssl=1&resize=350%2C200 1x, https:\/\/i0.wp.com\/ismaelcolosi.com.br\/wp-content\/uploads\/2023\/11\/istock-464433694.jpg?fit=1200%2C638&ssl=1&resize=525%2C300 1.5x, https:\/\/i0.wp.com\/ismaelcolosi.com.br\/wp-content\/uploads\/2023\/11\/istock-464433694.jpg?fit=1200%2C638&ssl=1&resize=700%2C400 2x, https:\/\/i0.wp.com\/ismaelcolosi.com.br\/wp-content\/uploads\/2023\/11\/istock-464433694.jpg?fit=1200%2C638&ssl=1&resize=1050%2C600 3x"},"classes":[]},{"id":15948,"url":"https:\/\/ismaelcolosi.com.br\/index.php\/2023\/12\/14\/novo-estudo-aponta-fruta-comum-que-reduz-risco-de-demencia\/","url_meta":{"origin":16044,"position":2},"title":"Novo estudo aponta fruta comum que reduz risco de dem\u00eancia","author":"ismaelcolosi.com.br","date":"14 de December de 2023","format":false,"excerpt":"Cr\u00e9ditos: Depositphotos\/HayDmitriyRisco de dem\u00eancia reduzido Uma pesquisa recente concluiu que o consumo di\u00e1rio de morangos pode ajudar a diminuir o risco de dem\u00eancia em pessoas na meia-idade. Realizado por cientistas da Universidade de Cincinnati, nos Estados Unidos, o estudo foi divulgado na revista cient\u00edfica Nutrients. O novo estudo estende os\u2026","rel":"","context":"In &quot;Variedades&quot;","block_context":{"text":"Variedades","link":"https:\/\/ismaelcolosi.com.br\/index.php\/category\/variedades\/"},"img":{"alt_text":"","src":"https:\/\/i0.wp.com\/ismaelcolosi.com.br\/wp-content\/uploads\/2023\/12\/depositphotos-635002582-xl-scaled-e1702578085246.jpg?fit=1200%2C638&ssl=1&resize=350%2C200","width":350,"height":200,"srcset":"https:\/\/i0.wp.com\/ismaelcolosi.com.br\/wp-content\/uploads\/2023\/12\/depositphotos-635002582-xl-scaled-e1702578085246.jpg?fit=1200%2C638&ssl=1&resize=350%2C200 1x, https:\/\/i0.wp.com\/ismaelcolosi.com.br\/wp-content\/uploads\/2023\/12\/depositphotos-635002582-xl-scaled-e1702578085246.jpg?fit=1200%2C638&ssl=1&resize=525%2C300 1.5x, https:\/\/i0.wp.com\/ismaelcolosi.com.br\/wp-content\/uploads\/2023\/12\/depositphotos-635002582-xl-scaled-e1702578085246.jpg?fit=1200%2C638&ssl=1&resize=700%2C400 2x, https:\/\/i0.wp.com\/ismaelcolosi.com.br\/wp-content\/uploads\/2023\/12\/depositphotos-635002582-xl-scaled-e1702578085246.jpg?fit=1200%2C638&ssl=1&resize=1050%2C600 3x"},"classes":[]},{"id":17519,"url":"https:\/\/ismaelcolosi.com.br\/index.php\/2023\/12\/18\/ter-esse-tipo-de-doenca-antes-dos-45-anos-aumenta-risco-de-demencia\/","url_meta":{"origin":16044,"position":3},"title":"Ter esse tipo de doen\u00e7a antes dos 45 anos aumenta risco de dem\u00eancia","author":"ismaelcolosi.com.br","date":"18 de December de 2023","format":false,"excerpt":"Um estudo publicado no Journal of the American Heart Association revela que desenvolver doen\u00e7as card\u00edacas antes dos 45 anos de idade aumenta muito mais risco de dem\u00eancia mais tarde. Pesquisadores que analisaram dados de mais de 430 mil brit\u00e2nicos descobriram que os participantes que tinham doen\u00e7a coronariana antes dessa idade\u2026","rel":"","context":"In &quot;Variedades&quot;","block_context":{"text":"Variedades","link":"https:\/\/ismaelcolosi.com.br\/index.php\/category\/variedades\/"},"img":{"alt_text":"","src":"https:\/\/i0.wp.com\/ismaelcolosi.com.br\/wp-content\/uploads\/2023\/12\/depositphotos-44401723-l.jpg?fit=1200%2C638&ssl=1&resize=350%2C200","width":350,"height":200,"srcset":"https:\/\/i0.wp.com\/ismaelcolosi.com.br\/wp-content\/uploads\/2023\/12\/depositphotos-44401723-l.jpg?fit=1200%2C638&ssl=1&resize=350%2C200 1x, https:\/\/i0.wp.com\/ismaelcolosi.com.br\/wp-content\/uploads\/2023\/12\/depositphotos-44401723-l.jpg?fit=1200%2C638&ssl=1&resize=525%2C300 1.5x, https:\/\/i0.wp.com\/ismaelcolosi.com.br\/wp-content\/uploads\/2023\/12\/depositphotos-44401723-l.jpg?fit=1200%2C638&ssl=1&resize=700%2C400 2x, https:\/\/i0.wp.com\/ismaelcolosi.com.br\/wp-content\/uploads\/2023\/12\/depositphotos-44401723-l.jpg?fit=1200%2C638&ssl=1&resize=1050%2C600 3x"},"classes":[]},{"id":17561,"url":"https:\/\/ismaelcolosi.com.br\/index.php\/2023\/12\/18\/situacoes-no-trabalho-que-aumentam-risco-de-demencia\/","url_meta":{"origin":16044,"position":4},"title":"Situa\u00e7\u00f5es no trabalho que aumentam risco de dem\u00eancia","author":"ismaelcolosi.com.br","date":"18 de December de 2023","format":false,"excerpt":"Um especialista em dem\u00eancia revelou como determinadas situa\u00e7\u00f5es de trabalho podem ajudar a aumentar ou reduzir o risco de desenvolver a doen\u00e7a mais tarde na vida. Kevin Jameson, presidente e CEO da Dementia Society of America, alertou que, embora a gen\u00e9tica seja importante, fatores de estilo de vida s\u00e3o respons\u00e1veis\u2026","rel":"","context":"In &quot;Variedades&quot;","block_context":{"text":"Variedades","link":"https:\/\/ismaelcolosi.com.br\/index.php\/category\/variedades\/"},"img":{"alt_text":"","src":"https:\/\/i0.wp.com\/ismaelcolosi.com.br\/wp-content\/uploads\/2023\/12\/depositphotos-236014908-l.jpg?fit=1200%2C638&ssl=1&resize=350%2C200","width":350,"height":200,"srcset":"https:\/\/i0.wp.com\/ismaelcolosi.com.br\/wp-content\/uploads\/2023\/12\/depositphotos-236014908-l.jpg?fit=1200%2C638&ssl=1&resize=350%2C200 1x, https:\/\/i0.wp.com\/ismaelcolosi.com.br\/wp-content\/uploads\/2023\/12\/depositphotos-236014908-l.jpg?fit=1200%2C638&ssl=1&resize=525%2C300 1.5x, https:\/\/i0.wp.com\/ismaelcolosi.com.br\/wp-content\/uploads\/2023\/12\/depositphotos-236014908-l.jpg?fit=1200%2C638&ssl=1&resize=700%2C400 2x, https:\/\/i0.wp.com\/ismaelcolosi.com.br\/wp-content\/uploads\/2023\/12\/depositphotos-236014908-l.jpg?fit=1200%2C638&ssl=1&resize=1050%2C600 3x"},"classes":[]},{"id":20716,"url":"https:\/\/ismaelcolosi.com.br\/index.php\/2023\/12\/26\/10-sinais-que-indicam-que-voce-esta-em-risco-de-desenvolver-demencia\/","url_meta":{"origin":16044,"position":5},"title":"10 sinais que indicam que voc\u00ea est\u00e1 em risco de desenvolver dem\u00eancia","author":"ismaelcolosi.com.br","date":"26 de December de 2023","format":false,"excerpt":"A dem\u00eancia n\u00e3o \u00e9 uma doen\u00e7a espec\u00edfica, mas sim uma s\u00edndrome (grupo de sintomas relacionados) associada a um decl\u00ednio cont\u00ednuo nas capacidades cognitivas, afetando a mem\u00f3ria, e tamb\u00e9m a fala e outros comportamentos. Existem muitos fatores de risco que podem aumentar a probabilidade de uma pessoa desenvolver o problema. Veja\u2026","rel":"","context":"In &quot;Variedades&quot;","block_context":{"text":"Variedades","link":"https:\/\/ismaelcolosi.com.br\/index.php\/category\/variedades\/"},"img":{"alt_text":"","src":"https:\/\/i0.wp.com\/ismaelcolosi.com.br\/wp-content\/uploads\/2023\/12\/istock-1126406160.jpg?fit=1200%2C638&ssl=1&resize=350%2C200","width":350,"height":200,"srcset":"https:\/\/i0.wp.com\/ismaelcolosi.com.br\/wp-content\/uploads\/2023\/12\/istock-1126406160.jpg?fit=1200%2C638&ssl=1&resize=350%2C200 1x, https:\/\/i0.wp.com\/ismaelcolosi.com.br\/wp-content\/uploads\/2023\/12\/istock-1126406160.jpg?fit=1200%2C638&ssl=1&resize=525%2C300 1.5x, https:\/\/i0.wp.com\/ismaelcolosi.com.br\/wp-content\/uploads\/2023\/12\/istock-1126406160.jpg?fit=1200%2C638&ssl=1&resize=700%2C400 2x, https:\/\/i0.wp.com\/ismaelcolosi.com.br\/wp-content\/uploads\/2023\/12\/istock-1126406160.jpg?fit=1200%2C638&ssl=1&resize=1050%2C600 3x"},"classes":[]}],"jetpack_sharing_enabled":true,"jetpack_shortlink":"https:\/\/wp.me\/pfMlyK-4aM","_links":{"self":[{"href":"https:\/\/ismaelcolosi.com.br\/index.php\/wp-json\/wp\/v2\/posts\/16044","targetHints":{"allow":["GET"]}}],"collection":[{"href":"https:\/\/ismaelcolosi.com.br\/index.php\/wp-json\/wp\/v2\/posts"}],"about":[{"href":"https:\/\/ismaelcolosi.com.br\/index.php\/wp-json\/wp\/v2\/types\/post"}],"author":[{"embeddable":true,"href":"https:\/\/ismaelcolosi.com.br\/index.php\/wp-json\/wp\/v2\/users\/1"}],"replies":[{"embeddable":true,"href":"https:\/\/ismaelcolosi.com.br\/index.php\/wp-json\/wp\/v2\/comments?post=16044"}],"version-history":[{"count":0,"href":"https:\/\/ismaelcolosi.com.br\/index.php\/wp-json\/wp\/v2\/posts\/16044\/revisions"}],"wp:featuredmedia":[{"embeddable":true,"href":"https:\/\/ismaelcolosi.com.br\/index.php\/wp-json\/wp\/v2\/media\/16045"}],"wp:attachment":[{"href":"https:\/\/ismaelcolosi.com.br\/index.php\/wp-json\/wp\/v2\/media?parent=16044"}],"wp:term":[{"taxonomy":"category","embeddable":true,"href":"https:\/\/ismaelcolosi.com.br\/index.php\/wp-json\/wp\/v2\/categories?post=16044"},{"taxonomy":"post_tag","embeddable":true,"href":"https:\/\/ismaelcolosi.com.br\/index.php\/wp-json\/wp\/v2\/tags?post=16044"}],"curies":[{"name":"wp","href":"https:\/\/api.w.org\/{rel}","templated":true}]}}