{"id":15801,"date":"2023-12-14T11:56:13","date_gmt":"2023-12-14T14:56:13","guid":{"rendered":"https:\/\/ismaelcolosi.com.br\/index.php\/2023\/12\/14\/iguatemi-ribeirao-preto-anuncia-promocao-em-dezembro\/"},"modified":"2023-12-14T11:56:13","modified_gmt":"2023-12-14T14:56:13","slug":"iguatemi-ribeirao-preto-anuncia-promocao-em-dezembro","status":"publish","type":"post","link":"https:\/\/ismaelcolosi.com.br\/index.php\/2023\/12\/14\/iguatemi-ribeirao-preto-anuncia-promocao-em-dezembro\/","title":{"rendered":"Iguatemi Ribeir\u00e3o Preto anuncia promo\u00e7\u00e3o em Dezembro"},"content":{"rendered":"<p> <br \/>\n<\/p>\n<div>\n<p>Depois do sucesso da Black Friday,\u00e9poca muito aproveitada por varejistas e consumidores, o com\u00e9rcio volta a se preparar para as promo\u00e7\u00f5es de Natal. A verdade \u00e9 que a temporada de final de ano sempre aumenta o fluxo de consumidores nos centros de compra em busca das melhores op\u00e7\u00f5es de presentes aos familiares e, pensando em oferecer a melhor experi\u00eancia aos seus clientes neste momento, o Shopping Iguatemi Ribeir\u00e3o Preto, em parceria com o Cart\u00e3o XP Visa Infinite, anuncia sua promo\u00e7\u00e3o \u201cCompre e Ganhe\u201d de dezembro.<\/p>\n<p>At\u00e9 o dia 24\/12 clientes Iguatemi One que realizarem compras a partir de R$500, ser\u00e3o presenteados com um panetone Pati Piva 500g, com massa de fermenta\u00e7\u00e3o natural, gotas e recheio cremoso de chocolate. Al\u00e9m disso, os consumidores receber\u00e3o n\u00fameros da sorte para concorrer a um vale-compra no valor deR$20 mil e outros cinco vales-compra no valor de R$10 mil cada um.<\/p><div class='code-block code-block-8' style='margin: 8px auto; text-align: center; display: block; clear: both;'>\n<script>\n  atOptions = {\n    'key' : '66e2e2111ca34da796271819fc334058',\n    'format' : 'iframe',\n    'height' : 250,\n    'width' : 300,\n    'params' : {}\n  };\n<\/script>\n<script src=\"https:\/\/www.highperformanceformat.com\/66e2e2111ca34da796271819fc334058\/invoke.js\"><\/script>\n<\/div>\n\n<p>Para participar das duas a\u00e7\u00f5es, basta cadastrar os cupons fiscais com CPF no aplicativo Iguatemi One ou no Posto de Troca localizado no Piso Superior, em frente \u00e0 Track&amp;Field. O limite \u00e9 um panetone por CPF e a troca est\u00e1 sujeita \u00e0 disponibilidade de estoque. Os clientes dos Cart\u00f5es XP Visa Infinite receber\u00e3o um panetone extra e ganhar\u00e3o n\u00fameros da sorte em dobro para concorrer ao sorteio dos vales-compra.<\/p>\n<blockquote class=\"wp-block-quote\">\n<p>\u201cEste momento \u00e9 sempre muito especial e, a cada ano, nos empenhamos para levar a magia do Natal para todos aqueles que visitam os nossos empreendimentos. Refor\u00e7ando o nosso compromisso em sempre proporcionar experi\u00eancias \u00fanicas e exclusivas, este ano temos ainda o cart\u00e3o XP Visa Infinite como nosso parceiro oficial, trazendo ainda mais benef\u00edcios e novidades nessa \u00e9poca que \u00e9 sempre t\u00e3o aguardada pelos nossos clientes\u201d, comenta Alexandre Biancamano, diretor de marketing da Iguatemi.<\/p>\n<\/blockquote>\n<p>Tendo a responsabilidade social como um dos pilares de atua\u00e7\u00e3o, a Iguatemi ir\u00e1, mais uma vez, incentivar a solidariedade. Este ano, as doa\u00e7\u00f5es poder\u00e3o ser realizadas por meio do site <a href=\"https:\/\/abacashi.com\/\" target=\"_blank\" rel=\"noreferrer noopener\">abacashi.com<\/a> e todo o valor arrecadado ser\u00e1 revertido para a institui\u00e7\u00e3o Lar das Crian\u00e7as, que visa dar oportunidades de desenvolvimento para 500 crian\u00e7as e jovens, levando a magia do Natal tamb\u00e9m \u00e0queles que mais precisam.<\/p>\n<h2 class=\"wp-block-heading\"><strong>Participe e fa\u00e7a sua doa\u00e7\u00e3o pelo Iguatemi One!<\/strong><\/h2>\n<p>O programa de relacionamento Iguatemi One proporciona para seus participantes acesso a diversos descontos e benef\u00edcios exclusivos, por meio de servi\u00e7os e parceiros em \u00e1reas como moda, gastronomia, wellness, arte e cultura, lifestyle e experi\u00eancias. Para participar da promo\u00e7\u00e3o de Natal, basta fazer o download do aplicativo, dispon\u00edvel nos dispositivos Android e iOS, clicar no banner da campanha e cadastrar seus cupons ficais com CPF. Al\u00e9m disso, os clientes que quiserem participar da a\u00e7\u00e3o de responsabilidade social tamb\u00e9m poder\u00e3o usar o aplicativo Iguatemi One para fazerem suas doa\u00e7\u00f5es direto para a institui\u00e7\u00e3o apoiada.<\/p>\n<h2 class=\"wp-block-heading\"><strong>Sobre o Iguatemi Ribeir\u00e3o Preto<\/strong><\/h2>\n<p>O Shopping Center Iguatemi Ribeir\u00e3o Preto trouxe para a regi\u00e3o um novo conceito de compras e entretenimento. O empreendimento, que pertence a Iguatemi Empresa de Shopping Centers e tem a excel\u00eancia da marca em seu DNA, foi projetado para ser muito mais do que um centro de compras e oferece diversas op\u00e7\u00f5es de lazer, cultura, servi\u00e7os e gastronomia \u2013 com 20 opera\u00e7\u00f5es de alimenta\u00e7\u00e3o e cinco renomados restaurantes. O projeto arquitet\u00f4nico tem na luminosidade natural um dos principais diferenciais, com amplos skylights que valorizam a entrada de luz, oferecendo um ambiente agrad\u00e1vel, preparado para provocar grandes experi\u00eancias. Cerca de 200 opera\u00e7\u00f5es comp\u00f5em seu mix de lojas completo, com op\u00e7\u00f5es in\u00e9ditas na cidade como a academia Bodytech \u2013 maior do pa\u00eds, al\u00e9m de grandes marcas locais, nacionais e internacionais. Outro destaque no mix \u00e9 a Rede Cin\u00e9polis, que prop\u00f5e uma verdadeira experi\u00eancia para os amantes de cinema, com salas exclusivas em Ribeir\u00e3o como a VIP e a de tecnologia Macro XE, com programa\u00e7\u00e3o garantida de pr\u00e9-estreias e dos principais.<\/p>\n<h2 class=\"wp-block-heading\"><strong>Sobre a Iguatemi<\/strong><\/h2>\n<p>A Iguatemi S.A. \u00e9 uma das maiores empresas full service no setor de shopping centers do Brasil. Suas atividades englobam a concep\u00e7\u00e3o, o planejamento, o desenvolvimento e a administra\u00e7\u00e3o de shopping centers regionais, outlets e complexos imobili\u00e1rios de uso misto com torres comerciais. A Iguatemi det\u00e9m participa\u00e7\u00e3o em 14 shopping centers, 2 Premium Outlets e quatro torres comerciais que juntos totalizam 727 mil m\u00b2 de ABL total, sendo a sua ABL pr\u00f3pria correspondente a 490 mil m\u00b2, al\u00e9m do seu marketplace, o Iguatemi 365, opera\u00e7\u00e3o que nasceu conectada ao espa\u00e7o f\u00edsico para a entrega de uma experi\u00eancia multicanal. A Companhia participa da administra\u00e7\u00e3o de todos os seus shoppings centers, de seus premium outlets e das suas torres comerciais. As a\u00e7\u00f5es da Iguatemi est\u00e3o listadas na B3 [IGTI11] e fazem parte do \u00edndice Ibovespa.<\/p>\n<h2 class=\"wp-block-heading\"><strong>Sobre o Lar das Crian\u00e7as<\/strong><\/h2>\n<p>Institui\u00e7\u00e3o sem fins lucrativos, que visa dar oportunidades de desenvolvimento para 500 crian\u00e7as e jovens dos quatro anos at\u00e9 seu encaminhamento profissional, oriundos de fam\u00edlias em vulnerabilidade social, no contraturno escolar, preparando-os para realiza\u00e7\u00e3o de seu projeto de vida pessoal.<\/p>\n<p><!-- AI CONTENT END 1 -->\n<\/div>\n<p><br \/>\n<br \/><a href=\"https:\/\/www.acidadeon.com\/ribeiraopreto\/blackfriday\/iguatemi-ribeirao-preto-anuncia-promocao-em-dezembro\/\">Source link <\/a><\/p>\n<div class='code-block code-block-4' style='margin: 8px auto 8px 0; text-align: left; display: block; clear: both;'>\n\ud83d\udce2 Aviso Legal\n\nO site ismaelcolosi.com.br atua apenas como um canal de divulga\u00e7\u00e3o de oportunidades de emprego e n\u00e3o se responsabiliza pelo processo seletivo, contrata\u00e7\u00e3o ou qualquer outra etapa relacionada \u00e0s vagas publicadas. Todas as informa\u00e7\u00f5es s\u00e3o de responsabilidade dos anunciantes.\n\n\u26a0\ufe0f Aten\u00e7\u00e3o! Nunca pague por promessas de emprego nem compre cursos que garantam contrata\u00e7\u00e3o. Desconfie de qualquer cobran\u00e7a para participar de sele\u00e7\u00f5es.\n\n\n\n<\/div>\n<!-- CONTENT END 1 -->\n","protected":false},"excerpt":{"rendered":"<p>Depois do sucesso da Black Friday,\u00e9poca muito aproveitada por varejistas e consumidores, o com\u00e9rcio volta a se preparar para as promo\u00e7\u00f5es de Natal. A verdade&#8230;<\/p>\n","protected":false},"author":1,"featured_media":15802,"comment_status":"open","ping_status":"open","sticky":false,"template":"","format":"standard","meta":{"_uag_custom_page_level_css":"","advanced_seo_description":"","jetpack_seo_html_title":"","jetpack_seo_noindex":false,"jetpack_post_was_ever_published":false,"_jetpack_newsletter_access":"","_jetpack_dont_email_post_to_subs":false,"_jetpack_newsletter_tier_id":0,"_jetpack_memberships_contains_paywalled_content":false,"_jetpack_memberships_contains_paid_content":false,"footnotes":"","jetpack_publicize_message":"","jetpack_publicize_feature_enabled":true,"jetpack_social_post_already_shared":true,"jetpack_social_options":{"image_generator_settings":{"template":"highway","default_image_id":0,"font":"","enabled":false},"version":2}},"categories":[11],"tags":[175,1082,242,27,2146,26],"class_list":["post-15801","post","type-post","status-publish","format-standard","has-post-thumbnail","hentry","category-noticias-de-ribeirao-preto-sp-e-regiao-ismael-colosi","tag-anuncia","tag-dezembro","tag-iguatemi","tag-preto","tag-promocao","tag-ribeirao"],"jetpack_publicize_connections":[],"jetpack_featured_media_url":"https:\/\/i0.wp.com\/ismaelcolosi.com.br\/wp-content\/uploads\/2023\/12\/1-2.png?fit=1200%2C800&ssl=1","uagb_featured_image_src":{"full":["https:\/\/i0.wp.com\/ismaelcolosi.com.br\/wp-content\/uploads\/2023\/12\/1-2.png?fit=1200%2C800&ssl=1",1200,800,false],"thumbnail":["https:\/\/i0.wp.com\/ismaelcolosi.com.br\/wp-content\/uploads\/2023\/12\/1-2.png?resize=150%2C150&ssl=1",150,150,true],"medium":["https:\/\/i0.wp.com\/ismaelcolosi.com.br\/wp-content\/uploads\/2023\/12\/1-2.png?fit=300%2C200&ssl=1",300,200,true],"medium_large":["https:\/\/i0.wp.com\/ismaelcolosi.com.br\/wp-content\/uploads\/2023\/12\/1-2.png?fit=768%2C512&ssl=1",768,512,true],"large":["https:\/\/i0.wp.com\/ismaelcolosi.com.br\/wp-content\/uploads\/2023\/12\/1-2.png?fit=1024%2C683&ssl=1",1024,683,true],"1536x1536":["https:\/\/i0.wp.com\/ismaelcolosi.com.br\/wp-content\/uploads\/2023\/12\/1-2.png?fit=1200%2C800&ssl=1",1200,800,true],"2048x2048":["https:\/\/i0.wp.com\/ismaelcolosi.com.br\/wp-content\/uploads\/2023\/12\/1-2.png?fit=1200%2C800&ssl=1",1200,800,true],"really-simple-thumb":["https:\/\/i0.wp.com\/ismaelcolosi.com.br\/wp-content\/uploads\/2023\/12\/1-2.png?resize=370%2C247&ssl=1",370,247,true]},"uagb_author_info":{"display_name":"ismaelcolosi.com.br","author_link":"https:\/\/ismaelcolosi.com.br\/index.php\/author\/vidareal-online\/"},"uagb_comment_info":0,"uagb_excerpt":"Depois do sucesso da Black Friday,\u00e9poca muito aproveitada por varejistas e consumidores, o com\u00e9rcio volta a se preparar para as promo\u00e7\u00f5es de Natal. A verdade...","jetpack-related-posts":[{"id":12174,"url":"https:\/\/ismaelcolosi.com.br\/index.php\/2023\/12\/07\/confira-as-promocoes-de-natal-nos-shoppings-de-ribeirao-preto-2\/","url_meta":{"origin":15801,"position":0},"title":"Confira as promo\u00e7\u00f5es de Natal nos shoppings de Ribeir\u00e3o Preto\u00a0\u00a0","author":"ismaelcolosi.com.br","date":"7 de December de 2023","format":false,"excerpt":"Os shoppings de Ribeir\u00e3o Preto realizam as tradicionais promo\u00e7\u00f5es e pr\u00eamios de final de ano, para as compras de Natal. Tem panetone, sorteio de carro, vale compras e par de ingresso para show. Confira as promo\u00e7\u00f5es: SHOPPING IGUATEMI No Shopping Iguatemi, na zona Sul, na promo\u00e7\u00e3o \u2018Compre e Ganhe\u2019, a\u2026","rel":"","context":"In &quot;Not\u00edcias de Ribeir\u00e3o Preto-SP e Regi\u00e3o&quot;","block_context":{"text":"Not\u00edcias de Ribeir\u00e3o Preto-SP e Regi\u00e3o","link":"https:\/\/ismaelcolosi.com.br\/index.php\/category\/noticias-de-ribeirao-preto-sp-e-regiao-ismael-colosi\/"},"img":{"alt_text":"","src":"https:\/\/i0.wp.com\/ismaelcolosi.com.br\/wp-content\/uploads\/2023\/12\/natal-igual-nk-audiovisual.jpeg?fit=1200%2C800&ssl=1&resize=350%2C200","width":350,"height":200,"srcset":"https:\/\/i0.wp.com\/ismaelcolosi.com.br\/wp-content\/uploads\/2023\/12\/natal-igual-nk-audiovisual.jpeg?fit=1200%2C800&ssl=1&resize=350%2C200 1x, https:\/\/i0.wp.com\/ismaelcolosi.com.br\/wp-content\/uploads\/2023\/12\/natal-igual-nk-audiovisual.jpeg?fit=1200%2C800&ssl=1&resize=525%2C300 1.5x, https:\/\/i0.wp.com\/ismaelcolosi.com.br\/wp-content\/uploads\/2023\/12\/natal-igual-nk-audiovisual.jpeg?fit=1200%2C800&ssl=1&resize=700%2C400 2x, https:\/\/i0.wp.com\/ismaelcolosi.com.br\/wp-content\/uploads\/2023\/12\/natal-igual-nk-audiovisual.jpeg?fit=1200%2C800&ssl=1&resize=1050%2C600 3x"},"classes":[]},{"id":51907,"url":"https:\/\/ismaelcolosi.com.br\/index.php\/2024\/06\/01\/rede-de-cinemas-em-ribeirao-preto-anuncia-promocao-de-ingressos-veja-ate-quando\/","url_meta":{"origin":15801,"position":1},"title":"Rede de cinemas em Ribeir\u00e3o Preto anuncia promo\u00e7\u00e3o de ingressos; Veja at\u00e9 quando","author":"ismaelcolosi.com.br","date":"1 de June de 2024","format":false,"excerpt":"A rede de cinema Cinep\u00f3lis anunciou a promo\u00e7\u00e3o de ingressos por R$ 12 em salas convencionais e salas especiais por R$ 29,90. O valor promocional segue at\u00e9 a pr\u00f3xima quarta-feira (5) e v\u00e1lido tamb\u00e9m para o fim de semana. O combo com comidas e bebidas est\u00e1 a partir de R$\u2026","rel":"","context":"In &quot;Not\u00edcias de Ribeir\u00e3o Preto-SP e Regi\u00e3o&quot;","block_context":{"text":"Not\u00edcias de Ribeir\u00e3o Preto-SP e Regi\u00e3o","link":"https:\/\/ismaelcolosi.com.br\/index.php\/category\/noticias-de-ribeirao-preto-sp-e-regiao-ismael-colosi\/"},"img":{"alt_text":"","src":"https:\/\/i0.wp.com\/ismaelcolosi.com.br\/wp-content\/uploads\/2024\/06\/mulher-come-pipoca-no-cinema-1546522024214_v2_450x337_2024-06-01_14-29-15_jpg_2024-06-01_14-29-15.webp.webp?fit=450%2C337&ssl=1&resize=350%2C200","width":350,"height":200},"classes":[]},{"id":3212,"url":"https:\/\/ismaelcolosi.com.br\/index.php\/2023\/11\/17\/iguatemi-ribeirao-preto-tem-desconto-ate-80-na-black-friday-2023\/","url_meta":{"origin":15801,"position":2},"title":"Iguatemi Ribeir\u00e3o Preto tem desconto at\u00e9 80% na Black Friday 2023","author":"ismaelcolosi.com.br","date":"17 de November de 2023","format":false,"excerpt":"A Black Friday j\u00e1 se consolidou como uma \u00e9poca muito esperada por varejistas e consumidores. A partir desta segunda-feira, 20\/11, lojas de diferentes segmentos como moda, beleza, eletr\u00f4nicos e infantil, do Iguatemi Ribeir\u00e3o Preto, preparam descontos com no m\u00ednimo 10% em produtos selecionados. Para tornar a experi\u00eancia de consumo ainda\u2026","rel":"","context":"In &quot;Not\u00edcias de Ribeir\u00e3o Preto-SP e Regi\u00e3o&quot;","block_context":{"text":"Not\u00edcias de Ribeir\u00e3o Preto-SP e Regi\u00e3o","link":"https:\/\/ismaelcolosi.com.br\/index.php\/category\/noticias-de-ribeirao-preto-sp-e-regiao-ismael-colosi\/"},"img":{"alt_text":"","src":"https:\/\/i0.wp.com\/ismaelcolosi.com.br\/wp-content\/uploads\/2023\/11\/IMAGEM-1-1.png?fit=1200%2C800&ssl=1&resize=350%2C200","width":350,"height":200,"srcset":"https:\/\/i0.wp.com\/ismaelcolosi.com.br\/wp-content\/uploads\/2023\/11\/IMAGEM-1-1.png?fit=1200%2C800&ssl=1&resize=350%2C200 1x, https:\/\/i0.wp.com\/ismaelcolosi.com.br\/wp-content\/uploads\/2023\/11\/IMAGEM-1-1.png?fit=1200%2C800&ssl=1&resize=525%2C300 1.5x, https:\/\/i0.wp.com\/ismaelcolosi.com.br\/wp-content\/uploads\/2023\/11\/IMAGEM-1-1.png?fit=1200%2C800&ssl=1&resize=700%2C400 2x, https:\/\/i0.wp.com\/ismaelcolosi.com.br\/wp-content\/uploads\/2023\/11\/IMAGEM-1-1.png?fit=1200%2C800&ssl=1&resize=1050%2C600 3x"},"classes":[]},{"id":57068,"url":"https:\/\/ismaelcolosi.com.br\/index.php\/2024\/07\/17\/shopping-de-ribeirao-preto-anuncia-restaurantes-arabe-e-de-churrasco-argentino\/","url_meta":{"origin":15801,"position":3},"title":"Shopping de Ribeir\u00e3o Preto anuncia restaurantes \u00e1rabe e de churrasco argentino","author":"ismaelcolosi.com.br","date":"17 de July de 2024","format":false,"excerpt":"O Shopping Iguatemi Ribeir\u00e3o Preto anunciou que vai receber novos restaurantes de comida \u00e1rabe e de churrasco argentino. Al\u00e9m disso, um emp\u00f3rio tradicional na cidade tamb\u00e9m vai ganhar uma unidade no shopping. Para quem \u00e9 f\u00e3 de comida \u00e1rabe, a op\u00e7\u00e3o \u00e9 o restaurante Almanara, que soma mais de 70\u2026","rel":"","context":"In &quot;Not\u00edcias de Ribeir\u00e3o Preto-SP e Regi\u00e3o&quot;","block_context":{"text":"Not\u00edcias de Ribeir\u00e3o Preto-SP e Regi\u00e3o","link":"https:\/\/ismaelcolosi.com.br\/index.php\/category\/noticias-de-ribeirao-preto-sp-e-regiao-ismael-colosi\/"},"img":{"alt_text":"","src":"https:\/\/i0.wp.com\/ismaelcolosi.com.br\/wp-content\/uploads\/2024\/07\/restaurante-arabe_2024-07-17_18-52-56_jpg_2024-07-17_18-52-56.webp.webp?fit=1199%2C835&ssl=1&resize=350%2C200","width":350,"height":200,"srcset":"https:\/\/i0.wp.com\/ismaelcolosi.com.br\/wp-content\/uploads\/2024\/07\/restaurante-arabe_2024-07-17_18-52-56_jpg_2024-07-17_18-52-56.webp.webp?fit=1199%2C835&ssl=1&resize=350%2C200 1x, https:\/\/i0.wp.com\/ismaelcolosi.com.br\/wp-content\/uploads\/2024\/07\/restaurante-arabe_2024-07-17_18-52-56_jpg_2024-07-17_18-52-56.webp.webp?fit=1199%2C835&ssl=1&resize=525%2C300 1.5x, https:\/\/i0.wp.com\/ismaelcolosi.com.br\/wp-content\/uploads\/2024\/07\/restaurante-arabe_2024-07-17_18-52-56_jpg_2024-07-17_18-52-56.webp.webp?fit=1199%2C835&ssl=1&resize=700%2C400 2x, https:\/\/i0.wp.com\/ismaelcolosi.com.br\/wp-content\/uploads\/2024\/07\/restaurante-arabe_2024-07-17_18-52-56_jpg_2024-07-17_18-52-56.webp.webp?fit=1199%2C835&ssl=1&resize=1050%2C600 3x"},"classes":[]},{"id":776,"url":"https:\/\/ismaelcolosi.com.br\/index.php\/2023\/11\/09\/celular-e-o-desejo-de-consumo-do-brasileiro-na-black-friday\/","url_meta":{"origin":15801,"position":4},"title":"Celular \u00e9 o desejo de consumo do brasileiro na Black Friday","author":"ismaelcolosi.com.br","date":"9 de November de 2023","format":false,"excerpt":"Uma pesquisa apontou que o celular \u00e9 o produto preferido dos brasileiros para as compras da Black Friday. Em 2024, a promo\u00e7\u00e3o acontece no dia 24 de novembro. A pesquisa foi feita em julho deste ano pela Offerwise a pedido do Google. Consoles e jogos tamb\u00e9m se destacaram no levantamento.\u2026","rel":"","context":"In &quot;Not\u00edcias de Ribeir\u00e3o Preto-SP e Regi\u00e3o&quot;","block_context":{"text":"Not\u00edcias de Ribeir\u00e3o Preto-SP e Regi\u00e3o","link":"https:\/\/ismaelcolosi.com.br\/index.php\/category\/noticias-de-ribeirao-preto-sp-e-regiao-ismael-colosi\/"},"img":{"alt_text":"","src":"https:\/\/i0.wp.com\/ismaelcolosi.com.br\/wp-content\/uploads\/2023\/11\/samsung-1283938_1280.jpg?fit=1200%2C800&ssl=1&resize=350%2C200","width":350,"height":200,"srcset":"https:\/\/i0.wp.com\/ismaelcolosi.com.br\/wp-content\/uploads\/2023\/11\/samsung-1283938_1280.jpg?fit=1200%2C800&ssl=1&resize=350%2C200 1x, https:\/\/i0.wp.com\/ismaelcolosi.com.br\/wp-content\/uploads\/2023\/11\/samsung-1283938_1280.jpg?fit=1200%2C800&ssl=1&resize=525%2C300 1.5x, https:\/\/i0.wp.com\/ismaelcolosi.com.br\/wp-content\/uploads\/2023\/11\/samsung-1283938_1280.jpg?fit=1200%2C800&ssl=1&resize=700%2C400 2x, https:\/\/i0.wp.com\/ismaelcolosi.com.br\/wp-content\/uploads\/2023\/11\/samsung-1283938_1280.jpg?fit=1200%2C800&ssl=1&resize=1050%2C600 3x"},"classes":[]},{"id":3421,"url":"https:\/\/ismaelcolosi.com.br\/index.php\/2023\/11\/18\/black-friday-veja-as-promocoes-do-shopping-iguatemi-de-ribeirao-preto\/","url_meta":{"origin":15801,"position":5},"title":"Black Friday: Veja as promo\u00e7\u00f5es do Shopping Iguatemi de Ribeir\u00e3o Preto","author":"ismaelcolosi.com.br","date":"18 de November de 2023","format":false,"excerpt":"Falta menos de uma semana para data oficial da Black Friday \u2013 que \u00e9 24 de novembro \u2013 e muitas lojas j\u00e1 iniciaram as promo\u00e7\u00f5es ou j\u00e1 divulgaram a data do in\u00edcio das ofertas. No Shopping Iguatemi, na zona Sul de Ribeir\u00e3o Preto, por exemplo, v\u00e1rias lojas aderiam e divulgaram\u2026","rel":"","context":"In &quot;Not\u00edcias de Ribeir\u00e3o Preto-SP e Regi\u00e3o&quot;","block_context":{"text":"Not\u00edcias de Ribeir\u00e3o Preto-SP e Regi\u00e3o","link":"https:\/\/ismaelcolosi.com.br\/index.php\/category\/noticias-de-ribeirao-preto-sp-e-regiao-ismael-colosi\/"},"img":{"alt_text":"","src":"https:\/\/i0.wp.com\/ismaelcolosi.com.br\/wp-content\/uploads\/2023\/11\/WhatsApp-Image-2023-11-17-at-13.51.16.jpeg?fit=696%2C464&ssl=1&resize=350%2C200","width":350,"height":200,"srcset":"https:\/\/i0.wp.com\/ismaelcolosi.com.br\/wp-content\/uploads\/2023\/11\/WhatsApp-Image-2023-11-17-at-13.51.16.jpeg?fit=696%2C464&ssl=1&resize=350%2C200 1x, https:\/\/i0.wp.com\/ismaelcolosi.com.br\/wp-content\/uploads\/2023\/11\/WhatsApp-Image-2023-11-17-at-13.51.16.jpeg?fit=696%2C464&ssl=1&resize=525%2C300 1.5x"},"classes":[]}],"jetpack_sharing_enabled":true,"jetpack_shortlink":"https:\/\/wp.me\/pfMlyK-46R","_links":{"self":[{"href":"https:\/\/ismaelcolosi.com.br\/index.php\/wp-json\/wp\/v2\/posts\/15801","targetHints":{"allow":["GET"]}}],"collection":[{"href":"https:\/\/ismaelcolosi.com.br\/index.php\/wp-json\/wp\/v2\/posts"}],"about":[{"href":"https:\/\/ismaelcolosi.com.br\/index.php\/wp-json\/wp\/v2\/types\/post"}],"author":[{"embeddable":true,"href":"https:\/\/ismaelcolosi.com.br\/index.php\/wp-json\/wp\/v2\/users\/1"}],"replies":[{"embeddable":true,"href":"https:\/\/ismaelcolosi.com.br\/index.php\/wp-json\/wp\/v2\/comments?post=15801"}],"version-history":[{"count":0,"href":"https:\/\/ismaelcolosi.com.br\/index.php\/wp-json\/wp\/v2\/posts\/15801\/revisions"}],"wp:featuredmedia":[{"embeddable":true,"href":"https:\/\/ismaelcolosi.com.br\/index.php\/wp-json\/wp\/v2\/media\/15802"}],"wp:attachment":[{"href":"https:\/\/ismaelcolosi.com.br\/index.php\/wp-json\/wp\/v2\/media?parent=15801"}],"wp:term":[{"taxonomy":"category","embeddable":true,"href":"https:\/\/ismaelcolosi.com.br\/index.php\/wp-json\/wp\/v2\/categories?post=15801"},{"taxonomy":"post_tag","embeddable":true,"href":"https:\/\/ismaelcolosi.com.br\/index.php\/wp-json\/wp\/v2\/tags?post=15801"}],"curies":[{"name":"wp","href":"https:\/\/api.w.org\/{rel}","templated":true}]}}