{"id":15767,"date":"2023-12-14T10:40:36","date_gmt":"2023-12-14T13:40:36","guid":{"rendered":"https:\/\/ismaelcolosi.com.br\/index.php\/2023\/12\/14\/concurso-publico-da-aleto-oferece-salarios-de-ate-r-322-mil\/"},"modified":"2023-12-14T10:40:36","modified_gmt":"2023-12-14T13:40:36","slug":"concurso-publico-da-aleto-oferece-salarios-de-ate-r-322-mil","status":"publish","type":"post","link":"https:\/\/ismaelcolosi.com.br\/index.php\/2023\/12\/14\/concurso-publico-da-aleto-oferece-salarios-de-ate-r-322-mil\/","title":{"rendered":"Concurso p\u00fablico da ALETO oferece sal\u00e1rios de at\u00e9 R$ 32,2 mil"},"content":{"rendered":"<p> [ad_1]<br \/>\n<\/p>\n<div>\n<div id=\"attachment_2327287\" class=\"wp-caption alignnone\">\n<div class=\"d-flex justify-content-center\" data-attachment-id=\"2327287\">\n<div class=\"position-relative d-inline-block\"><img data-recalc-dims=\"1\" data-portal-copyright=\"IStock\" fetchpriority=\"high\" decoding=\"async\" class=\"size-medium wp-image-2327287\" src=\"https:\/\/i0.wp.com\/catracalivre.com.br\/wp-content\/uploads\/2023\/12\/istock-187131634-450x300.jpg?resize=450%2C300&#038;ssl=1\" alt=\"Concurso P\u00fablico da ALETO\" width=\"450\" height=\"300\" srcset=\"https:\/\/catracalivre.com.br\/wp-content\/uploads\/2023\/12\/istock-187131634-450x300.jpg 450w, https:\/\/catracalivre.com.br\/wp-content\/uploads\/2023\/12\/istock-187131634-910x607.jpg 910w, https:\/\/catracalivre.com.br\/wp-content\/uploads\/2023\/12\/istock-187131634-768x512.jpg 768w, https:\/\/catracalivre.com.br\/wp-content\/uploads\/2023\/12\/istock-187131634.jpg 1254w\" sizes=\"(max-width: 450px) 100vw, 450px\"\/><\/p>\n<p>Cr\u00e9ditos: IStock<\/p>\n<\/div>\n<\/div>\n<p><span class=\"post-imagem__legenda\">Concurso P\u00fablico da ALETO<\/span><\/p>\n<\/div>\n<p>A Assembleia Legislativa do Estado do\u00a0Tocantins (ALETO) anuncia dois editais para <a href=\"https:\/\/catracalivre.com.br\/educacao\/concurso-publico-da-camara-de-cachoeirinha-oferece-salario-de-ate-r-6-mil\/\" target=\"_blank\" rel=\"noopener\">concurso<\/a> p\u00fablico, com abertura de\u00a0107 vagas\u00a0imediatas. As oportunidades s\u00e3o destinadas a profissionais com grau de escolaridade m\u00e9dio, m\u00e9dio\/t\u00e9cnico e superior. Al\u00e9m das vagas destinadas \u00e0 ampla concorr\u00eancia, o processo de sele\u00e7\u00e3o reserva vagas para pessoas portadoras de defici\u00eancia e candidatos afrodescendentes.<\/p>\n<h2>Edital n\u00ba 01\/2023<\/h2>\n<p>A remunera\u00e7\u00e3o oferecida aos profissionais contratados em <a href=\"https:\/\/catracalivre.com.br\/educacao\/cetem-do-rio-de-janeiro-oferece-remuneracoes-de-ate-r-126-mil-em-concurso-publico\/\" target=\"_blank\" rel=\"noopener\">concurso<\/a> p\u00fablico varia de\u00a0R$ 3.847,65 a R$ 5.684,72, e as oportunidades neste edital est\u00e3o distribu\u00eddas entre os seguintes cargos e \u00e1reas de atua\u00e7\u00e3o:<\/p>\n<p>Policial Legislativo II \u2013 Pol\u00edcia e Seguran\u00e7a II:\u00a0oportunidade de n\u00edvel m\u00e9dio;<\/p>\n<p>Analista Legislativo \u2013 Auditoria e Controle Interno: oportunidade de n\u00edvel superior;<\/p>\n<p>Analista Legislativo \u2013 Ci\u00eancias Cont\u00e1beis:\u00a0oportunidade de n\u00edvel superior;<\/p>\n<p>Analista Legislativo \u2013 Ci\u00eancias Econ\u00f4micas: oportunidade de n\u00edvel superior;<\/p>\n<p>Analista Legislativo \u2013 Cerimonial: oportunidade de n\u00edvel superior;<\/p>\n<p>Analista Legislativo \u2013 Direito: oportunidade de n\u00edvel superior;<\/p>\n<p>Analista Legislativo \u2013 Enfermagem: oportunidade de n\u00edvel superior;<\/p>\n<p>Analista Legislativo \u2013 An\u00e1lise de Sistema: oportunidade de n\u00edvel superior;<\/p>\n<p>Analista Legislativo \u2013 An\u00e1lise de Suporte em Inform\u00e1tica: oportunidade de n\u00edvel superior;<\/p>\n<p>Analista Legislativo \u2013 Suporte\u00a0T\u00e9cnico em Inform\u00e1tica: oportunidade de n\u00edvel superior;<\/p>\n<p>Analista Legislativo \u2013 Desenvolvimento de Sistema: oportunidade de n\u00edvel superior;<\/p>\n<p>Analista Legislativo \u2013 Web Designer: oportunidade de n\u00edvel superior;<\/p>\n<p>Analista Legislativo \u2013 Jornalismo:\u00a0oportunidade de n\u00edvel superior;<\/p>\n<p>Analista Legislativo \u2013 Medicina:\u00a0oportunidade de n\u00edvel superior;<\/p>\n<p>Analista Legislativo \u2013 Pedagogia:\u00a0oportunidade de n\u00edvel superior;<\/p>\n<p>Analista Legislativo \u2013 Psicologia:\u00a0oportunidade de n\u00edvel superior;<\/p>\n<p>Analista Legislativo \u2013 Publicidade:\u00a0oportunidade de n\u00edvel superior;<\/p>\n<p>Analista Legislativo \u2013 Rela\u00e7\u00f5es P\u00fablicas:\u00a0oportunidade de n\u00edvel superior;<\/p>\n<p>Analista Legislativo \u2013 Revis\u00e3o:\u00a0oportunidade de n\u00edvel superior;<\/p>\n<p>Analista Legislativo \u2013 Engenharia:\u00a0oportunidade de n\u00edvel superior;<\/p>\n<p>Analista Legislativo \u2013 Arquitetura:\u00a0oportunidade de n\u00edvel superior;<\/p>\n<p>Analista Legislativo \u2013 T\u00e9cnico Jur\u00eddico:\u00a0oportunidade de n\u00edvel superior;<\/p>\n<p>Analista Legislativo \u2013 Administra\u00e7\u00e3o:\u00a0oportunidade de n\u00edvel superior;<\/p>\n<p>T\u00e9cnico Legislativo \u2013 Assist\u00eancia Administrativa:\u00a0oportunidade de n\u00edvel m\u00e9dio;<\/p>\n<p>T\u00e9cnico Legislativo \u2013 Audioeditora\u00e7\u00e3o:\u00a0n\u00edvel m\u00e9dio;<\/p>\n<p>T\u00e9cnico Legislativo \u2013 Cinegrafia:\u00a0n\u00edvel m\u00e9dio\/t\u00e9cnico;<\/p>\n<p>T\u00e9cnico Legislativo \u2013 Fotografia:\u00a0n\u00edvel m\u00e9dio\/t\u00e9cnico;<\/p>\n<p>T\u00e9cnico Legislativo \u2013 T\u00e9cnico em \u00c1udio:\u00a0n\u00edvel m\u00e9dio\/t\u00e9cnico;<\/p>\n<p>T\u00e9cnico Legislativo \u2013\u00a0T\u00e9cnico em Enfermagem:\u00a0n\u00edvel m\u00e9dio\/t\u00e9cnico;<\/p>\n<p>T\u00e9cnico Legislativo \u2013 T\u00e9cnico em Seguran\u00e7a do Trabalho:\u00a0n\u00edvel m\u00e9dio\/t\u00e9cnico;<\/p>\n<p>T\u00e9cnico Legislativo \u2013 Tradutor e Int\u00e9rprete de Libras:\u00a0n\u00edvel m\u00e9dio e habilita\u00e7\u00e3o t\u00e9cnica espec\u00edfica;<\/p>\n<p>T\u00e9cnico Legislativo \u2013 T\u00e9cnico em Design Gr\u00e1fico:\u00a0ensino m\u00e9dio com forma\u00e7\u00e3o em Design Gr\u00e1fico.<\/p>\n<p>Edital n\u00ba 02\/2023<br \/>As oportunidades s\u00e3o destinadas ao cargo de\u00a0Procurador Jur\u00eddico, com direito a remunera\u00e7\u00e3o inicial de\u00a0R$ 32.228,69<br \/>Para concorrer \u00e0s vagas, \u00e9 preciso atender alguns requisitos, como:<\/p>\n<p>Curso superior em Direito;<\/p>\n<p>Inscri\u00e7\u00e3o regular na Ordem dos Advogados do Brasil;<\/p>\n<p>Comprova\u00e7\u00e3o de pr\u00e1tica forense de no m\u00ednimo tr\u00eas anos;<\/p>\n<p>Aprova\u00e7\u00e3o em concurso de provas e t\u00edtulos.<\/p>\n<p>As inscri\u00e7\u00f5es devem ser realizadas atrav\u00e9s do site oficial at\u00e9 as 16h do dia 18 de janeiro de 2024. A taxa de inscri\u00e7\u00e3o varia de\u00a0R$ 80,00 a R$ 215,00, conforme a vaga em disputa.<\/p>\n<p>Para d\u00favidas e mais informa\u00e7\u00f5es entre em contato por meio de um dos seguintes canais de atendimento: Telefone: 0800-283-4628; Endere\u00e7o de e-mail: concursoaleto@fgv.br.<\/p>\n<div class=\"partner d-flex rounded shadow-sm p-2 mb-3 align-items-center\" id=\"partner\" data-print=\"ignore\">\n<div class=\"image mr-2\">\n<img data-recalc-dims=\"1\" src=\"https:\/\/i0.wp.com\/robohash.org\/b730afd4cf5c5d237c7f93163ed023b6.png?resize=110%2C110&#038;ssl=1\" width=\"110\" height=\"110\" title=\"Thatyana Costa\" loading=\"lazy\" decoding=\"async\" class=\"rounded-circle\"\/>\n<\/div>\n<\/div>\n<\/div>\n<p><script>\n\t\t! function(f, b, e, v, n, t, s) {\n\t\t\tif (f.fbq) return;\n\t\t\tn = f.fbq = function() {\n\t\t\t\tn.callMethod ?\n\t\t\t\t\tn.callMethod.apply(n, arguments) : n.queue.push(arguments)\n\t\t\t};\n\t\t\tif (!f._fbq) f._fbq = n;\n\t\t\tn.push = n;\n\t\t\tn.loaded = !0;\n\t\t\tn.version = '2.0';\n\t\t\tn.queue = [];\n\t\t\tt = b.createElement(e);\n\t\t\tt.async = !0;\n\t\t\tt.src = v;\n\t\t\ts = b.getElementsByTagName(e)[0];\n\t\t\ts.parentNode.insertBefore(t, s)\n\t\t}(window, document, 'script',\n\t\t\t'https:\/\/connect.facebook.net\/en_US\/fbevents.js');\n\t\tfbq('init', '338315473262380');\n\t\tfbq('track', 'PageView');\n\t<\/script><br \/>\n<br \/>[ad_2]<br \/>\n<br \/><a href=\"https:\/\/catracalivre.com.br\/educacao\/concurso-publico-da-aleto-oferece-salarios-de-ate-r-322-mil\/\" target=\"_blank\" rel=\"noopener\">Source link <\/a><\/p>\n<div class='code-block code-block-4' style='margin: 8px auto 8px 0; text-align: left; display: block; clear: both;'>\n\ud83d\udce2 Aviso Legal\n\nO site ismaelcolosi.com.br atua apenas como um canal de divulga\u00e7\u00e3o de oportunidades de emprego e n\u00e3o se responsabiliza pelo processo seletivo, contrata\u00e7\u00e3o ou qualquer outra etapa relacionada \u00e0s vagas publicadas. Todas as informa\u00e7\u00f5es s\u00e3o de responsabilidade dos anunciantes.\n\n\u26a0\ufe0f Aten\u00e7\u00e3o! Nunca pague por promessas de emprego nem compre cursos que garantam contrata\u00e7\u00e3o. Desconfie de qualquer cobran\u00e7a para participar de sele\u00e7\u00f5es.\n\n\n\n<\/div>\n<!-- CONTENT END 1 -->\n","protected":false},"excerpt":{"rendered":"<p>[ad_1] Cr\u00e9ditos: IStock Concurso P\u00fablico da ALETO A Assembleia Legislativa do Estado do\u00a0Tocantins (ALETO) anuncia dois editais para concurso p\u00fablico, com abertura de\u00a0107 vagas\u00a0imediatas. As oportunidades s\u00e3o destinadas a profissionais com grau de escolaridade m\u00e9dio, m\u00e9dio\/t\u00e9cnico e superior. Al\u00e9m das vagas destinadas \u00e0 ampla concorr\u00eancia, o processo de sele\u00e7\u00e3o reserva vagas para pessoas portadoras de&hellip;&nbsp;<\/p>\n","protected":false},"author":1,"featured_media":15768,"comment_status":"open","ping_status":"open","sticky":false,"template":"","format":"standard","meta":{"_uag_custom_page_level_css":"","neve_meta_sidebar":"","neve_meta_container":"","neve_meta_enable_content_width":"","neve_meta_content_width":0,"neve_meta_title_alignment":"","neve_meta_author_avatar":"","neve_post_elements_order":"","neve_meta_disable_header":"","neve_meta_disable_footer":"","neve_meta_disable_title":"","_jetpack_newsletter_access":"","_jetpack_dont_email_post_to_subs":false,"_jetpack_newsletter_tier_id":0,"_jetpack_memberships_contains_paywalled_content":false,"_jetpack_memberships_contains_paid_content":false,"footnotes":""},"categories":[19],"tags":[],"class_list":["post-15767","post","type-post","status-publish","format-standard","has-post-thumbnail","hentry","category-variedades"],"uagb_featured_image_src":{"full":["https:\/\/i0.wp.com\/ismaelcolosi.com.br\/wp-content\/uploads\/2023\/12\/istock-187131634.jpg?fit=1200%2C638&ssl=1",1200,638,false],"thumbnail":["https:\/\/i0.wp.com\/ismaelcolosi.com.br\/wp-content\/uploads\/2023\/12\/istock-187131634.jpg?resize=150%2C150&ssl=1",150,150,true],"medium":["https:\/\/i0.wp.com\/ismaelcolosi.com.br\/wp-content\/uploads\/2023\/12\/istock-187131634.jpg?fit=300%2C160&ssl=1",300,160,true],"medium_large":["https:\/\/i0.wp.com\/ismaelcolosi.com.br\/wp-content\/uploads\/2023\/12\/istock-187131634.jpg?fit=768%2C408&ssl=1",768,408,true],"large":["https:\/\/i0.wp.com\/ismaelcolosi.com.br\/wp-content\/uploads\/2023\/12\/istock-187131634.jpg?fit=1024%2C544&ssl=1",1024,544,true],"1536x1536":["https:\/\/i0.wp.com\/ismaelcolosi.com.br\/wp-content\/uploads\/2023\/12\/istock-187131634.jpg?fit=1200%2C638&ssl=1",1200,638,true],"2048x2048":["https:\/\/i0.wp.com\/ismaelcolosi.com.br\/wp-content\/uploads\/2023\/12\/istock-187131634.jpg?fit=1200%2C638&ssl=1",1200,638,true],"neve-blog":["https:\/\/i0.wp.com\/ismaelcolosi.com.br\/wp-content\/uploads\/2023\/12\/istock-187131634.jpg?resize=930%2C620&ssl=1",930,620,true]},"uagb_author_info":{"display_name":"ismaelcolosi.com.br","author_link":"https:\/\/ismaelcolosi.com.br\/author\/vidareal-online\/"},"uagb_comment_info":0,"uagb_excerpt":"[ad_1] Cr\u00e9ditos: IStock Concurso P\u00fablico da ALETO A Assembleia Legislativa do Estado do\u00a0Tocantins (ALETO) anuncia dois editais para concurso p\u00fablico, com abertura de\u00a0107 vagas\u00a0imediatas. As oportunidades s\u00e3o destinadas a profissionais com grau de escolaridade m\u00e9dio, m\u00e9dio\/t\u00e9cnico e superior. Al\u00e9m das vagas destinadas \u00e0 ampla concorr\u00eancia, o processo de sele\u00e7\u00e3o reserva vagas para pessoas portadoras de&hellip;&nbsp;","jetpack-related-posts":[{"id":6655,"url":"https:\/\/ismaelcolosi.com.br\/index.php\/2023\/11\/26\/50-vagas-de-emprego-para-trabalhar-de-casa-na-area-de-marketing-vagas-home-office-clique-em-candidatar-6\/","url_meta":{"origin":15767,"position":0},"title":"50 vagas de emprego para trabalhar de casa na \u00e1rea de Marketing. Vagas Home Office, clique em candidatar","author":"ismaelcolosi.com.br","date":"26 de Novembro de 2023","format":false,"excerpt":"SDR Inbound Indispon\u00edvel S\u00e3o Paulo - SP Marketing Publicado h\u00e1 2 dias Candidatar Profissional de Tr\u00e1fego Pago e Email Marketing Peopleplan Palho\u00e7a - SC Marketing Publicado h\u00e1 1 semana Candidatar Analista De Marketing Jr Indispon\u00edvel S\u00e3o Paulo - SP Marketing Publicado h\u00e1 1 semana Candidatar Design | Analista de Marketing\u2026","rel":"","context":"In &quot;Vagas de Emprego Remoto - Home Office&quot;","block_context":{"text":"Vagas de Emprego Remoto - Home Office","link":"https:\/\/ismaelcolosi.com.br\/index.php\/category\/empregos-classificados-vagas-trabalho\/vagas-de-empregos-em-ribeirao-preto-regiao-brasil\/vagas-de-emprego-para-trabalhar-de-casa-home-office-remoto\/"},"img":{"alt_text":"","src":"https:\/\/i0.wp.com\/ismaelcolosi.com.br\/wp-content\/uploads\/2023\/11\/1701016025_13-Ideias-de-Marketing-para-saloes.png?fit=1200%2C670&ssl=1&resize=350%2C200","width":350,"height":200,"srcset":"https:\/\/i0.wp.com\/ismaelcolosi.com.br\/wp-content\/uploads\/2023\/11\/1701016025_13-Ideias-de-Marketing-para-saloes.png?fit=1200%2C670&ssl=1&resize=350%2C200 1x, https:\/\/i0.wp.com\/ismaelcolosi.com.br\/wp-content\/uploads\/2023\/11\/1701016025_13-Ideias-de-Marketing-para-saloes.png?fit=1200%2C670&ssl=1&resize=525%2C300 1.5x, https:\/\/i0.wp.com\/ismaelcolosi.com.br\/wp-content\/uploads\/2023\/11\/1701016025_13-Ideias-de-Marketing-para-saloes.png?fit=1200%2C670&ssl=1&resize=700%2C400 2x, https:\/\/i0.wp.com\/ismaelcolosi.com.br\/wp-content\/uploads\/2023\/11\/1701016025_13-Ideias-de-Marketing-para-saloes.png?fit=1200%2C670&ssl=1&resize=1050%2C600 3x"},"classes":[]},{"id":6675,"url":"https:\/\/ismaelcolosi.com.br\/index.php\/2023\/11\/26\/50-vagas-de-emprego-para-trabalhar-de-casa-na-area-administrativo-vagas-home-office-clique-em-candidatar-6\/","url_meta":{"origin":15767,"position":1},"title":"50 vagas de emprego para trabalhar de casa na \u00e1rea Administrativo. Vagas Home Office, clique em candidatar","author":"ismaelcolosi.com.br","date":"26 de Novembro de 2023","format":false,"excerpt":"SDR Inbound Indispon\u00edvel S\u00e3o Paulo - SP Marketing Publicado h\u00e1 2 dias Candidatar Profissional de Tr\u00e1fego Pago e Email Marketing Peopleplan Palho\u00e7a - SC Marketing Publicado h\u00e1 1 semana Candidatar Analista De Marketing Jr Indispon\u00edvel S\u00e3o Paulo - SP Marketing Publicado h\u00e1 1 semana Candidatar Design | Analista de Marketing\u2026","rel":"","context":"In &quot;Vagas de Emprego Remoto - Home Office&quot;","block_context":{"text":"Vagas de Emprego Remoto - Home Office","link":"https:\/\/ismaelcolosi.com.br\/index.php\/category\/empregos-classificados-vagas-trabalho\/vagas-de-empregos-em-ribeirao-preto-regiao-brasil\/vagas-de-emprego-para-trabalhar-de-casa-home-office-remoto\/"},"img":{"alt_text":"","src":"https:\/\/i0.wp.com\/ismaelcolosi.com.br\/wp-content\/uploads\/2023\/11\/auxiliar-administrativo.webp.webp?fit=800%2C452&ssl=1&resize=350%2C200","width":350,"height":200,"srcset":"https:\/\/i0.wp.com\/ismaelcolosi.com.br\/wp-content\/uploads\/2023\/11\/auxiliar-administrativo.webp.webp?fit=800%2C452&ssl=1&resize=350%2C200 1x, https:\/\/i0.wp.com\/ismaelcolosi.com.br\/wp-content\/uploads\/2023\/11\/auxiliar-administrativo.webp.webp?fit=800%2C452&ssl=1&resize=525%2C300 1.5x, https:\/\/i0.wp.com\/ismaelcolosi.com.br\/wp-content\/uploads\/2023\/11\/auxiliar-administrativo.webp.webp?fit=800%2C452&ssl=1&resize=700%2C400 2x"},"classes":[]},{"id":3919,"url":"https:\/\/ismaelcolosi.com.br\/index.php\/2023\/11\/20\/50-vagas-de-emprego-para-trabalhar-de-casa-na-area-de-marketing-vagas-home-office-clique-em-candidatar-4\/","url_meta":{"origin":15767,"position":2},"title":"50 vagas de emprego para trabalhar de casa na \u00e1rea de Marketing. Vagas Home Office, clique em candidatar","author":"ismaelcolosi.com.br","date":"20 de Novembro de 2023","format":false,"excerpt":"Profissional de Tr\u00e1fego Pago e Email Marketing Peopleplan Palho\u00e7a - SC Marketing Publicado h\u00e1 2 dias Candidatar Analista De Marketing Jr Indispon\u00edvel S\u00e3o Paulo - SP Marketing Publicado h\u00e1 2 dias Candidatar Design | Analista de Marketing J\u00fanior 3CON Brasil Marketing Publicado h\u00e1 2 dias Candidatar Est\u00e1gio em Marketing em\u2026","rel":"","context":"In &quot;Vagas de Emprego Remoto - Home Office&quot;","block_context":{"text":"Vagas de Emprego Remoto - Home Office","link":"https:\/\/ismaelcolosi.com.br\/index.php\/category\/empregos-classificados-vagas-trabalho\/vagas-de-empregos-em-ribeirao-preto-regiao-brasil\/vagas-de-emprego-para-trabalhar-de-casa-home-office-remoto\/"},"img":{"alt_text":"","src":"https:\/\/i0.wp.com\/ismaelcolosi.com.br\/wp-content\/uploads\/2023\/11\/1700496702_13-Ideias-de-Marketing-para-saloes.png?fit=1200%2C670&ssl=1&resize=350%2C200","width":350,"height":200,"srcset":"https:\/\/i0.wp.com\/ismaelcolosi.com.br\/wp-content\/uploads\/2023\/11\/1700496702_13-Ideias-de-Marketing-para-saloes.png?fit=1200%2C670&ssl=1&resize=350%2C200 1x, https:\/\/i0.wp.com\/ismaelcolosi.com.br\/wp-content\/uploads\/2023\/11\/1700496702_13-Ideias-de-Marketing-para-saloes.png?fit=1200%2C670&ssl=1&resize=525%2C300 1.5x, https:\/\/i0.wp.com\/ismaelcolosi.com.br\/wp-content\/uploads\/2023\/11\/1700496702_13-Ideias-de-Marketing-para-saloes.png?fit=1200%2C670&ssl=1&resize=700%2C400 2x, https:\/\/i0.wp.com\/ismaelcolosi.com.br\/wp-content\/uploads\/2023\/11\/1700496702_13-Ideias-de-Marketing-para-saloes.png?fit=1200%2C670&ssl=1&resize=1050%2C600 3x"},"classes":[]},{"id":3962,"url":"https:\/\/ismaelcolosi.com.br\/index.php\/2023\/11\/20\/50-vagas-de-emprego-para-trabalhar-de-casa-na-area-administrativo-vagas-home-office-clique-em-candidatar-4\/","url_meta":{"origin":15767,"position":3},"title":"50 vagas de emprego para trabalhar de casa na \u00e1rea Administrativo. Vagas Home Office, clique em candidatar","author":"ismaelcolosi.com.br","date":"20 de Novembro de 2023","format":false,"excerpt":"Profissional de Tr\u00e1fego Pago e Email Marketing Peopleplan Palho\u00e7a - SC Marketing Publicado h\u00e1 2 dias Candidatar Analista De Marketing Jr Indispon\u00edvel S\u00e3o Paulo - SP Marketing Publicado h\u00e1 2 dias Candidatar Design | Analista de Marketing J\u00fanior 3CON Brasil Marketing Publicado h\u00e1 2 dias Candidatar Est\u00e1gio em Marketing em\u2026","rel":"","context":"In &quot;Vagas de Emprego Remoto - Home Office&quot;","block_context":{"text":"Vagas de Emprego Remoto - Home Office","link":"https:\/\/ismaelcolosi.com.br\/index.php\/category\/empregos-classificados-vagas-trabalho\/vagas-de-empregos-em-ribeirao-preto-regiao-brasil\/vagas-de-emprego-para-trabalhar-de-casa-home-office-remoto\/"},"img":{"alt_text":"","src":"https:\/\/i0.wp.com\/ismaelcolosi.com.br\/wp-content\/uploads\/2023\/11\/1700501792_aux-adm-24-05.png?fit=580%2C320&ssl=1&resize=350%2C200","width":350,"height":200,"srcset":"https:\/\/i0.wp.com\/ismaelcolosi.com.br\/wp-content\/uploads\/2023\/11\/1700501792_aux-adm-24-05.png?fit=580%2C320&ssl=1&resize=350%2C200 1x, https:\/\/i0.wp.com\/ismaelcolosi.com.br\/wp-content\/uploads\/2023\/11\/1700501792_aux-adm-24-05.png?fit=580%2C320&ssl=1&resize=525%2C300 1.5x"},"classes":[]},{"id":5334,"url":"https:\/\/ismaelcolosi.com.br\/index.php\/2023\/11\/23\/50-vagas-de-emprego-para-trabalhar-de-casa-na-area-de-marketing-vagas-home-office-clique-em-candidatar-5\/","url_meta":{"origin":15767,"position":4},"title":"50 vagas de emprego para trabalhar de casa na \u00e1rea de Marketing. Vagas Home Office, clique em candidatar","author":"ismaelcolosi.com.br","date":"23 de Novembro de 2023","format":false,"excerpt":"Profissional de Tr\u00e1fego Pago e Email Marketing Peopleplan Palho\u00e7a - SC Marketing Publicado h\u00e1 5 dias Candidatar Analista De Marketing Jr Indispon\u00edvel S\u00e3o Paulo - SP Marketing Publicado h\u00e1 5 dias Candidatar Design | Analista de Marketing J\u00fanior 3CON Brasil Marketing Publicado h\u00e1 5 dias Candidatar Est\u00e1gio em Marketing em\u2026","rel":"","context":"In &quot;Vagas de Emprego Remoto - Home Office&quot;","block_context":{"text":"Vagas de Emprego Remoto - Home Office","link":"https:\/\/ismaelcolosi.com.br\/index.php\/category\/empregos-classificados-vagas-trabalho\/vagas-de-empregos-em-ribeirao-preto-regiao-brasil\/vagas-de-emprego-para-trabalhar-de-casa-home-office-remoto\/"},"img":{"alt_text":"","src":"https:\/\/i0.wp.com\/ismaelcolosi.com.br\/wp-content\/uploads\/2023\/11\/1700756033_descubra_o_que_e_mar_a9TzR.jpg?fit=1200%2C630&ssl=1&resize=350%2C200","width":350,"height":200,"srcset":"https:\/\/i0.wp.com\/ismaelcolosi.com.br\/wp-content\/uploads\/2023\/11\/1700756033_descubra_o_que_e_mar_a9TzR.jpg?fit=1200%2C630&ssl=1&resize=350%2C200 1x, https:\/\/i0.wp.com\/ismaelcolosi.com.br\/wp-content\/uploads\/2023\/11\/1700756033_descubra_o_que_e_mar_a9TzR.jpg?fit=1200%2C630&ssl=1&resize=525%2C300 1.5x, https:\/\/i0.wp.com\/ismaelcolosi.com.br\/wp-content\/uploads\/2023\/11\/1700756033_descubra_o_que_e_mar_a9TzR.jpg?fit=1200%2C630&ssl=1&resize=700%2C400 2x, https:\/\/i0.wp.com\/ismaelcolosi.com.br\/wp-content\/uploads\/2023\/11\/1700756033_descubra_o_que_e_mar_a9TzR.jpg?fit=1200%2C630&ssl=1&resize=1050%2C600 3x"},"classes":[]},{"id":5356,"url":"https:\/\/ismaelcolosi.com.br\/index.php\/2023\/11\/23\/50-vagas-de-emprego-para-trabalhar-de-casa-na-area-de-programacao-e-desenvolvimento-vagas-home-office-clique-em-candidatar-5\/","url_meta":{"origin":15767,"position":5},"title":"50 vagas de emprego para trabalhar de casa na \u00e1rea de Programa\u00e7\u00e3o e Desenvolvimento. Vagas Home Office, clique em candidatar","author":"ismaelcolosi.com.br","date":"23 de Novembro de 2023","format":false,"excerpt":"Desenvolvedor(a) de Software S\u00eanior TECNOSPEED Remoto Programa\u00e7\u00e3o Publicado h\u00e1 3 semanas Candidatar Experienced Customer Success Specialist Hostinger Remoto Programa\u00e7\u00e3o Publicado h\u00e1 2 meses Candidatar Corretor De Im\u00f3veis \u2013 Home Office Nethomes Santa Catarina Programa\u00e7\u00e3o Publicado h\u00e1 14 horas Candidatar Senior Consultant \u2013 Desenvolvedor FullStack Java \u2013 Home Office Provider IT\u2026","rel":"","context":"In &quot;Vagas de Emprego Remoto - Home Office&quot;","block_context":{"text":"Vagas de Emprego Remoto - Home Office","link":"https:\/\/ismaelcolosi.com.br\/index.php\/category\/empregos-classificados-vagas-trabalho\/vagas-de-empregos-em-ribeirao-preto-regiao-brasil\/vagas-de-emprego-para-trabalhar-de-casa-home-office-remoto\/"},"img":{"alt_text":"TECNOSPEED","src":"https:\/\/i0.wp.com\/vagasremotas.com.br\/wp-content\/uploads\/job-manager-uploads\/company_logo\/2023\/11\/1-Principal-Color-2-150x150.png?resize=350%2C200&ssl=1","width":350,"height":200},"classes":[]}],"jetpack_sharing_enabled":true,"jetpack_shortlink":"https:\/\/wp.me\/pfMlyK-46j","jetpack_featured_media_url":"https:\/\/i0.wp.com\/ismaelcolosi.com.br\/wp-content\/uploads\/2023\/12\/istock-187131634.jpg?fit=1200%2C638&ssl=1","_links":{"self":[{"href":"https:\/\/ismaelcolosi.com.br\/index.php\/wp-json\/wp\/v2\/posts\/15767","targetHints":{"allow":["GET"]}}],"collection":[{"href":"https:\/\/ismaelcolosi.com.br\/index.php\/wp-json\/wp\/v2\/posts"}],"about":[{"href":"https:\/\/ismaelcolosi.com.br\/index.php\/wp-json\/wp\/v2\/types\/post"}],"author":[{"embeddable":true,"href":"https:\/\/ismaelcolosi.com.br\/index.php\/wp-json\/wp\/v2\/users\/1"}],"replies":[{"embeddable":true,"href":"https:\/\/ismaelcolosi.com.br\/index.php\/wp-json\/wp\/v2\/comments?post=15767"}],"version-history":[{"count":0,"href":"https:\/\/ismaelcolosi.com.br\/index.php\/wp-json\/wp\/v2\/posts\/15767\/revisions"}],"wp:featuredmedia":[{"embeddable":true,"href":"https:\/\/ismaelcolosi.com.br\/index.php\/wp-json\/wp\/v2\/media\/15768"}],"wp:attachment":[{"href":"https:\/\/ismaelcolosi.com.br\/index.php\/wp-json\/wp\/v2\/media?parent=15767"}],"wp:term":[{"taxonomy":"category","embeddable":true,"href":"https:\/\/ismaelcolosi.com.br\/index.php\/wp-json\/wp\/v2\/categories?post=15767"},{"taxonomy":"post_tag","embeddable":true,"href":"https:\/\/ismaelcolosi.com.br\/index.php\/wp-json\/wp\/v2\/tags?post=15767"}],"curies":[{"name":"wp","href":"https:\/\/api.w.org\/{rel}","templated":true}]}}