{"id":15743,"date":"2023-12-14T09:39:36","date_gmt":"2023-12-14T12:39:36","guid":{"rendered":"https:\/\/ismaelcolosi.com.br\/index.php\/2023\/12\/14\/novo-resort-da-cacau-show-tera-quartos-tematicos-veja-foto-exclusiva\/"},"modified":"2023-12-14T09:39:36","modified_gmt":"2023-12-14T12:39:36","slug":"novo-resort-da-cacau-show-tera-quartos-tematicos-veja-foto-exclusiva","status":"publish","type":"post","link":"https:\/\/ismaelcolosi.com.br\/index.php\/2023\/12\/14\/novo-resort-da-cacau-show-tera-quartos-tematicos-veja-foto-exclusiva\/","title":{"rendered":"Novo resort da Cacau Show ter\u00e1 quartos tem\u00e1ticos; veja foto exclusiva"},"content":{"rendered":"<p> [ad_1]<br \/>\n<\/p>\n<div>\n<p>A Cacau Show revelou fotos de seu novo resort no interior de S\u00e3o Paulo. Ainda sem nome, o empreendimento em \u00c1guas de Lind\u00f3ia, na regi\u00e3o tur\u00edstica do <a href=\"https:\/\/catracalivre.com.br\/viagem-livre\/23-cidades-no-interior-de-sp-para-contemplar-a-natureza\/\" target=\"_blank\" rel=\"noopener\">Circuito das \u00c1guas Paulista<\/a>, tem inaugura\u00e7\u00e3o prevista para meados de 2024.<\/p>\n<p>O segundo empreendimento da marca voltado a hotelaria fica em uma \u00e1rea privilegiada, com 200 mil metros quadrados de terreno, e promete ser um destino \u00fanico para os amantes de chocolate e para quem busca uma experi\u00eancia diferenciada em hospedagem.<\/p>\n<div id=\"attachment_2327982\" class=\"wp-caption aligncenter\">\n<div class=\"d-flex justify-content-center\" data-attachment-id=\"2327982\">\n<div class=\"position-relative d-inline-block\"><img src=\"https:\/\/catracalivre.com.br\/viagem-livre\/novo-resort-da-cacau-show-tera-quartos-tematicos-veja-foto-exclusiva\/Divulga\u00e7\u00e3o\/Cacau Show\" fetchpriority=\"high\" decoding=\"async\" class=\"size-large wp-image-2327982\" alt=\"Novo hotel da Cacau Show, localizado em \u00c1guas de Lind\u00f3ia, visto de cima\" width=\"910\" height=\"512\" srcset=\"https:\/\/catracalivre.com.br\/wp-content\/uploads\/2023\/12\/whatsapp-image-2023-12-13-at-175231-1-910x512.jpeg 910w, https:\/\/catracalivre.com.br\/wp-content\/uploads\/2023\/12\/whatsapp-image-2023-12-13-at-175231-1-450x253.jpeg 450w, https:\/\/catracalivre.com.br\/wp-content\/uploads\/2023\/12\/whatsapp-image-2023-12-13-at-175231-1-768x432.jpeg 768w\" sizes=\"(max-width: 910px) 100vw, 910px\"\/><\/p>\n<p>Cr\u00e9ditos: Divulga\u00e7\u00e3o\/Cacau Show<\/p>\n<\/div>\n<\/div>\n<p><span class=\"post-imagem__legenda\">Novo hotel da Cacau Show, localizado em \u00c1guas de Lind\u00f3ia, visto de cima<\/span><\/p>\n<\/div>\n<p>O novo resort da Cacau Show vai ocupar as instala\u00e7\u00f5es do antigo Hotel Vacance, que est\u00e1 passando por uma ampla reforma desde agosto.<\/p>\n<p>\u201cQueremos cada vez mais criar e compartilhar momentos especiais dos nossos consumidores, honrar toda a potencialidade do Cacau e transformar o ordin\u00e1rio em extraordin\u00e1rio. E esse novo resort trar\u00e1 tudo isso\u201d, afirma Alexandre Costa, CEO e fundador da Cacau Show.<\/p>\n<h2>Quartos tem\u00e1ticos do novo resort da Cacau Show<\/h2>\n<p>O novo resort da Cacau Show ter\u00e1 270 quartos, incluindo seis su\u00edtes presidenciais e 35 quartos tem\u00e1ticos inspirados nas deliciosas linhas de produtos da marca: Bella\u2019s, Chocomonstros e laCreme.<\/p>\n<div id=\"attachment_2327980\" class=\"wp-caption aligncenter\">\n<div class=\"d-flex justify-content-center\" data-attachment-id=\"2327980\">\n<div class=\"position-relative d-inline-block\"><img loading=\"lazy\" src=\"https:\/\/catracalivre.com.br\/viagem-livre\/novo-resort-da-cacau-show-tera-quartos-tematicos-veja-foto-exclusiva\/Divulga\u00e7\u00e3o\/Cacau Show\" decoding=\"async\" class=\"size-large wp-image-2327980\" alt=\"Quarto tem\u00e1tico da linha de chocolate Chocomonstros da Cacau Show\" width=\"910\" height=\"683\" srcset=\"https:\/\/catracalivre.com.br\/wp-content\/uploads\/2023\/12\/whatsapp-image-2023-12-13-at-175231-910x683.jpeg 910w, https:\/\/catracalivre.com.br\/wp-content\/uploads\/2023\/12\/whatsapp-image-2023-12-13-at-175231-450x338.jpeg 450w, https:\/\/catracalivre.com.br\/wp-content\/uploads\/2023\/12\/whatsapp-image-2023-12-13-at-175231-768x576.jpeg 768w\" sizes=\"auto, (max-width: 910px) 100vw, 910px\"\/><\/p>\n<p>Cr\u00e9ditos: Divulga\u00e7\u00e3o\/Cacau Show<\/p>\n<\/div>\n<\/div>\n<p><span class=\"post-imagem__legenda\">Quarto tem\u00e1tico da linha de chocolate Chocomonstros da Cacau Show<\/span><\/p>\n<\/div>\n<p>Cada quarto oferecer\u00e1 uma imers\u00e3o completa no universo encantador do chocolate, proporcionando aos h\u00f3spedes uma estadia memor\u00e1vel.<\/p>\n<p>Al\u00e9m dos quartos tem\u00e1ticos, o resort ter\u00e1 tr\u00eas espa\u00e7os amplos dedicados a eventos<\/p>\n<p>O montante investido na aquisi\u00e7\u00e3o e reformas gira em torno de R$ 100 milh\u00f5es.<\/p>\n<p>O hotel ser\u00e1 voltado ao p\u00fablico familiar, oferecendo uma variedade de atividades para todas as idades.<\/p>\n<div id=\"attachment_2327983\" class=\"wp-caption aligncenter\">\n<div class=\"d-flex justify-content-center\" data-attachment-id=\"2327983\">\n<div class=\"position-relative d-inline-block\"><img loading=\"lazy\" src=\"https:\/\/catracalivre.com.br\/viagem-livre\/novo-resort-da-cacau-show-tera-quartos-tematicos-veja-foto-exclusiva\/Divulga\u00e7\u00e3o\/Cacau Show\" decoding=\"async\" class=\"size-large wp-image-2327983\" alt=\"Al\u00ea Costa, fundador e CEO da Cacau Show, na obra do novo hotel\" width=\"910\" height=\"607\" srcset=\"https:\/\/catracalivre.com.br\/wp-content\/uploads\/2023\/12\/whatsapp-image-2023-12-13-at-175230-910x607.jpeg 910w, https:\/\/catracalivre.com.br\/wp-content\/uploads\/2023\/12\/whatsapp-image-2023-12-13-at-175230-450x300.jpeg 450w, https:\/\/catracalivre.com.br\/wp-content\/uploads\/2023\/12\/whatsapp-image-2023-12-13-at-175230-768x512.jpeg 768w\" sizes=\"auto, (max-width: 910px) 100vw, 910px\"\/><\/p>\n<p>Cr\u00e9ditos: Divulga\u00e7\u00e3o\/Cacau Show<\/p>\n<\/div>\n<\/div>\n<p><span class=\"post-imagem__legenda\">Al\u00ea Costa, fundador e CEO da Cacau Show, na obra do novo hotel<\/span><\/p>\n<\/div>\n<p>Entre as experi\u00eancias exclusivas est\u00e3o um spa, academia, sal\u00e3o de jogos, piscina coberta aquecida, piscina descoberta, sauna, pub, rooftop, parque indoor, quadras esportivas, al\u00e9m de uma deslumbrante cascata de chocolate que servir\u00e1 como espa\u00e7o instagram\u00e1vel.<\/p>\n<h3>Hotel em Campos do Jord\u00e3o<\/h3>\n<p>Este ser\u00e1 o segundo hotel tem\u00e1tico Cacau Show. O primeiro \u00e9 o \u00a0O Bendito Cacao Resort &amp; Spa, que fica em Campos do Jord\u00e3o, na Serra da Mantiqueira, que abriu as <a href=\"https:\/\/catracalivre.com.br\/viagem-livre\/cacau-show-vai-abrir-hotel-tematico-em-campos-do-jordao\/\" target=\"_blank\" rel=\"noopener\">portas em dezembro de 2021<\/a>.<\/p>\n<div id=\"attachment_2254016\" class=\"wp-caption aligncenter\">\n<div class=\"d-flex justify-content-center\" data-attachment-id=\"2254016\">\n<div class=\"position-relative d-inline-block\"><img src=\"https:\/\/catracalivre.com.br\/viagem-livre\/novo-resort-da-cacau-show-tera-quartos-tematicos-veja-foto-exclusiva\/Divulga\u00e7\u00e3o\" loading=\"lazy\" decoding=\"async\" class=\"wp-image-2254016 size-full\" alt=\"O Bendito Cacao Resort &amp; Spa, hotel tem\u00e1tico da Cacau Show em Campos do Jord\u00e3o (SP)\" width=\"840\" height=\"460\" srcset=\"https:\/\/catracalivre.com.br\/wp-content\/uploads\/2023\/02\/bendito-cacao-resort-spa.jpg 840w, https:\/\/catracalivre.com.br\/wp-content\/uploads\/2023\/02\/bendito-cacao-resort-spa-450x246.jpg 450w, https:\/\/catracalivre.com.br\/wp-content\/uploads\/2023\/02\/bendito-cacao-resort-spa-768x421.jpg 768w\" sizes=\"auto, (max-width: 840px) 100vw, 840px\"\/><\/p>\n<p>Cr\u00e9ditos: Divulga\u00e7\u00e3o<\/p>\n<\/div>\n<\/div>\n<p><span class=\"post-imagem__legenda\">O Bendito Cacao Resort &amp; Spa, hotel tem\u00e1tico da Cacau Show em Campos do Jord\u00e3o (SP)<\/span><\/p>\n<\/div>\n<p>O hotel oferece experi\u00eancias imersivas para fam\u00edlias, como um spa com tratamentos \u00e0 base de cacau, tirolesa e oficinas de brigadeiro para as crian\u00e7as.<\/p>\n<p>O empreendimento \u00e9 administrado pelo TXAI Resorts, que opera um hotel de luxo em Itacar\u00e9, no sul da Bahia.<\/p>\n<h3>Parque Chocomonstros<\/h3>\n<p>A Cacau Show tamb\u00e9m inaugurou no \u00faltimo o come\u00e7o de outubro o Chocomonstros, <a href=\"https:\/\/catracalivre.com.br\/viagem-livre\/cacau-show-inaugura-parque-de-diversoes-tematico-em-sp\/\" target=\"_blank\" rel=\"noopener\">parque de divers\u00f5es itinerante<\/a>.<\/p>\n<p>Em parceria com o Yupie! Park, o centro de divers\u00f5es tempor\u00e1rio fica em Barueri, na Regi\u00e3o Metropolitana da capital paulista.<\/p>\n<div id=\"attachment_2302573\" class=\"wp-caption aligncenter\">\n<div class=\"d-flex justify-content-center\" data-attachment-id=\"2302573\">\n<div class=\"position-relative d-inline-block\"><img src=\"https:\/\/catracalivre.com.br\/viagem-livre\/novo-resort-da-cacau-show-tera-quartos-tematicos-veja-foto-exclusiva\/Divulga\u00e7\u00e3o\/Cacau Show\" loading=\"lazy\" decoding=\"async\" class=\"size-large wp-image-2302573\" alt=\"O parque tem\u00e1tico conta com atra\u00e7\u00f5es para crian\u00e7as e adultos, como carrossel, roda-gigante e montanha-russa\" width=\"910\" height=\"606\" srcset=\"https:\/\/catracalivre.com.br\/wp-content\/uploads\/2023\/10\/chocomonstros-910x606.jpg 910w, https:\/\/catracalivre.com.br\/wp-content\/uploads\/2023\/10\/chocomonstros-450x300.jpg 450w, https:\/\/catracalivre.com.br\/wp-content\/uploads\/2023\/10\/chocomonstros-768x512.jpg 768w\" sizes=\"auto, (max-width: 910px) 100vw, 910px\"\/><\/p>\n<p>Cr\u00e9ditos: Divulga\u00e7\u00e3o\/Cacau Show<\/p>\n<\/div>\n<\/div>\n<p><span class=\"post-imagem__legenda\">O parque tem\u00e1tico conta com atra\u00e7\u00f5es para crian\u00e7as e adultos, como carrossel, roda-gigante e montanha-russa<\/span><\/p>\n<\/div>\n<p>O parque conta com roda-gigante, carrinho de bate-bate, montanha-russa e muitos brinquedos, al\u00e9m de encontro com os personagens ao vivo e claro, muuuuito chocolate!<\/p>\n<\/div>\n<p><script>\n\t\t! function(f, b, e, v, n, t, s) {\n\t\t\tif (f.fbq) return;\n\t\t\tn = f.fbq = function() {\n\t\t\t\tn.callMethod ?\n\t\t\t\t\tn.callMethod.apply(n, arguments) : n.queue.push(arguments)\n\t\t\t};\n\t\t\tif (!f._fbq) f._fbq = n;\n\t\t\tn.push = n;\n\t\t\tn.loaded = !0;\n\t\t\tn.version = '2.0';\n\t\t\tn.queue = [];\n\t\t\tt = b.createElement(e);\n\t\t\tt.async = !0;\n\t\t\tt.src = v;\n\t\t\ts = b.getElementsByTagName(e)[0];\n\t\t\ts.parentNode.insertBefore(t, s)\n\t\t}(window, document, 'script',\n\t\t\t'https:\/\/connect.facebook.net\/en_US\/fbevents.js');\n\t\tfbq('init', '338315473262380');\n\t\tfbq('track', 'PageView');\n\t<\/script><br \/>\n<br \/>[ad_2]<br \/>\n<br \/><a href=\"https:\/\/catracalivre.com.br\/viagem-livre\/novo-resort-da-cacau-show-tera-quartos-tematicos-veja-foto-exclusiva\/\" target=\"_blank\" rel=\"noopener\">Source link <\/a><\/p>\n<div class='code-block code-block-4' style='margin: 8px auto 8px 0; text-align: left; display: block; clear: both;'>\n\ud83d\udce2 Aviso Legal\n\nO site ismaelcolosi.com.br atua apenas como um canal de divulga\u00e7\u00e3o de oportunidades de emprego e n\u00e3o se responsabiliza pelo processo seletivo, contrata\u00e7\u00e3o ou qualquer outra etapa relacionada \u00e0s vagas publicadas. Todas as informa\u00e7\u00f5es s\u00e3o de responsabilidade dos anunciantes.\n\n\u26a0\ufe0f Aten\u00e7\u00e3o! Nunca pague por promessas de emprego nem compre cursos que garantam contrata\u00e7\u00e3o. Desconfie de qualquer cobran\u00e7a para participar de sele\u00e7\u00f5es.\n\n\n\n<\/div>\n<!-- CONTENT END 1 -->\n","protected":false},"excerpt":{"rendered":"<p>[ad_1] A Cacau Show revelou fotos de seu novo resort no interior de S\u00e3o Paulo. Ainda sem nome, o empreendimento em \u00c1guas de Lind\u00f3ia, na regi\u00e3o tur\u00edstica do Circuito das \u00c1guas Paulista, tem inaugura\u00e7\u00e3o prevista para meados de 2024. O segundo empreendimento da marca voltado a hotelaria fica em uma \u00e1rea privilegiada, com 200 mil&hellip;&nbsp;<\/p>\n","protected":false},"author":1,"featured_media":15744,"comment_status":"open","ping_status":"open","sticky":false,"template":"","format":"standard","meta":{"_uag_custom_page_level_css":"","neve_meta_sidebar":"","neve_meta_container":"","neve_meta_enable_content_width":"","neve_meta_content_width":0,"neve_meta_title_alignment":"","neve_meta_author_avatar":"","neve_post_elements_order":"","neve_meta_disable_header":"","neve_meta_disable_footer":"","neve_meta_disable_title":"","_jetpack_newsletter_access":"","_jetpack_dont_email_post_to_subs":false,"_jetpack_newsletter_tier_id":0,"_jetpack_memberships_contains_paywalled_content":false,"_jetpack_memberships_contains_paid_content":false,"footnotes":""},"categories":[19],"tags":[],"class_list":["post-15743","post","type-post","status-publish","format-standard","has-post-thumbnail","hentry","category-variedades"],"uagb_featured_image_src":{"full":["https:\/\/i0.wp.com\/ismaelcolosi.com.br\/wp-content\/uploads\/2023\/12\/whatsapp-image-2023-12-13-at-175231-1.jpeg?fit=1200%2C638&ssl=1",1200,638,false],"thumbnail":["https:\/\/i0.wp.com\/ismaelcolosi.com.br\/wp-content\/uploads\/2023\/12\/whatsapp-image-2023-12-13-at-175231-1.jpeg?resize=150%2C150&ssl=1",150,150,true],"medium":["https:\/\/i0.wp.com\/ismaelcolosi.com.br\/wp-content\/uploads\/2023\/12\/whatsapp-image-2023-12-13-at-175231-1.jpeg?fit=300%2C160&ssl=1",300,160,true],"medium_large":["https:\/\/i0.wp.com\/ismaelcolosi.com.br\/wp-content\/uploads\/2023\/12\/whatsapp-image-2023-12-13-at-175231-1.jpeg?fit=768%2C408&ssl=1",768,408,true],"large":["https:\/\/i0.wp.com\/ismaelcolosi.com.br\/wp-content\/uploads\/2023\/12\/whatsapp-image-2023-12-13-at-175231-1.jpeg?fit=1024%2C544&ssl=1",1024,544,true],"1536x1536":["https:\/\/i0.wp.com\/ismaelcolosi.com.br\/wp-content\/uploads\/2023\/12\/whatsapp-image-2023-12-13-at-175231-1.jpeg?fit=1200%2C638&ssl=1",1200,638,true],"2048x2048":["https:\/\/i0.wp.com\/ismaelcolosi.com.br\/wp-content\/uploads\/2023\/12\/whatsapp-image-2023-12-13-at-175231-1.jpeg?fit=1200%2C638&ssl=1",1200,638,true],"neve-blog":["https:\/\/i0.wp.com\/ismaelcolosi.com.br\/wp-content\/uploads\/2023\/12\/whatsapp-image-2023-12-13-at-175231-1.jpeg?resize=930%2C620&ssl=1",930,620,true]},"uagb_author_info":{"display_name":"ismaelcolosi.com.br","author_link":"https:\/\/ismaelcolosi.com.br\/author\/vidareal-online\/"},"uagb_comment_info":0,"uagb_excerpt":"[ad_1] A Cacau Show revelou fotos de seu novo resort no interior de S\u00e3o Paulo. Ainda sem nome, o empreendimento em \u00c1guas de Lind\u00f3ia, na regi\u00e3o tur\u00edstica do Circuito das \u00c1guas Paulista, tem inaugura\u00e7\u00e3o prevista para meados de 2024. O segundo empreendimento da marca voltado a hotelaria fica em uma \u00e1rea privilegiada, com 200 mil&hellip;&nbsp;","jetpack-related-posts":[{"id":18188,"url":"https:\/\/ismaelcolosi.com.br\/index.php\/2023\/12\/19\/tudo-o-que-sabemos-sobre-o-novo-resort-da-cacau-show-no-interior-de-sp\/","url_meta":{"origin":15743,"position":0},"title":"Tudo o que sabemos sobre o novo resort da Cacau Show, no interior de SP","author":"ismaelcolosi.com.br","date":"19 de Dezembro de 2023","format":false,"excerpt":"[ad_1] Cr\u00e9ditos: Divulga\u00e7\u00e3oNovo resort da Cacau Show \u00e9 no terreno que pertencia ao famoso Hotel Vacance Imagine um lugar onde tudo \u00e9 chocolate, desde os quartos at\u00e9 uma cascata\u2026 Mais do que uma fantasia de fiel consumidor, isso ser\u00e1 realidade em 2024 no interior de S\u00e3o Paulo, mais precisamente na\u2026","rel":"","context":"In &quot;Variedades&quot;","block_context":{"text":"Variedades","link":"https:\/\/ismaelcolosi.com.br\/index.php\/category\/variedades\/"},"img":{"alt_text":"","src":"https:\/\/i0.wp.com\/ismaelcolosi.com.br\/wp-content\/uploads\/2023\/12\/hotel-vacance-resortaguas-de-lindoia.png?fit=1200%2C638&ssl=1&resize=350%2C200","width":350,"height":200,"srcset":"https:\/\/i0.wp.com\/ismaelcolosi.com.br\/wp-content\/uploads\/2023\/12\/hotel-vacance-resortaguas-de-lindoia.png?fit=1200%2C638&ssl=1&resize=350%2C200 1x, https:\/\/i0.wp.com\/ismaelcolosi.com.br\/wp-content\/uploads\/2023\/12\/hotel-vacance-resortaguas-de-lindoia.png?fit=1200%2C638&ssl=1&resize=525%2C300 1.5x, https:\/\/i0.wp.com\/ismaelcolosi.com.br\/wp-content\/uploads\/2023\/12\/hotel-vacance-resortaguas-de-lindoia.png?fit=1200%2C638&ssl=1&resize=700%2C400 2x, https:\/\/i0.wp.com\/ismaelcolosi.com.br\/wp-content\/uploads\/2023\/12\/hotel-vacance-resortaguas-de-lindoia.png?fit=1200%2C638&ssl=1&resize=1050%2C600 3x"},"classes":[]},{"id":15471,"url":"https:\/\/ismaelcolosi.com.br\/index.php\/2023\/12\/13\/parque-tematico-no-maranhao-vai-ganhar-resort-com-160-quartos\/","url_meta":{"origin":15743,"position":1},"title":"Parque tem\u00e1tico no Maranh\u00e3o vai ganhar resort com 160 quartos","author":"ismaelcolosi.com.br","date":"13 de Dezembro de 2023","format":false,"excerpt":"[ad_1] O maior parque aqu\u00e1tico do Maranh\u00e3o, o Valpara\u00edso Adventure Park, em Pa\u00e7o do Lumiar, munic\u00edpio vizinho a capital S\u00e3o Lu\u00eds, vai ganhar um complexo hoteleiro com 160 quartos. O an\u00fancio foi feito na \u00faltima sexta-feira, 8, por Carlos Madeira, idealizar do complexo de lazer maranhense que em 2024 completa\u2026","rel":"","context":"In &quot;Variedades&quot;","block_context":{"text":"Variedades","link":"https:\/\/ismaelcolosi.com.br\/index.php\/category\/variedades\/"},"img":{"alt_text":"","src":"https:\/\/i0.wp.com\/ismaelcolosi.com.br\/wp-content\/uploads\/2023\/12\/20231208-123133-scaled.jpg?fit=1200%2C638&ssl=1&resize=350%2C200","width":350,"height":200,"srcset":"https:\/\/i0.wp.com\/ismaelcolosi.com.br\/wp-content\/uploads\/2023\/12\/20231208-123133-scaled.jpg?fit=1200%2C638&ssl=1&resize=350%2C200 1x, https:\/\/i0.wp.com\/ismaelcolosi.com.br\/wp-content\/uploads\/2023\/12\/20231208-123133-scaled.jpg?fit=1200%2C638&ssl=1&resize=525%2C300 1.5x, https:\/\/i0.wp.com\/ismaelcolosi.com.br\/wp-content\/uploads\/2023\/12\/20231208-123133-scaled.jpg?fit=1200%2C638&ssl=1&resize=700%2C400 2x, https:\/\/i0.wp.com\/ismaelcolosi.com.br\/wp-content\/uploads\/2023\/12\/20231208-123133-scaled.jpg?fit=1200%2C638&ssl=1&resize=1050%2C600 3x"},"classes":[]},{"id":42300,"url":"https:\/\/ismaelcolosi.com.br\/index.php\/2024\/03\/13\/veja-10-famosos-que-nasceram-em-ribeirao-preto-e-regiao\/","url_meta":{"origin":15743,"position":2},"title":"Veja 10 famosos que nasceram em Ribeir\u00e3o Preto e regi\u00e3o","author":"ismaelcolosi.com.br","date":"13 de Mar\u00e7o de 2024","format":false,"excerpt":"[ad_1] A regi\u00e3o de Ribeir\u00e3o Preto \u00e9 ber\u00e7o de diversos famosos que alcan\u00e7aram sucesso dentro e fora do Pa\u00eds. Entre eles, est\u00e3o as atrizes Monica Iozzi e Camila Queiroz e a apresentadora Ana Maria Braga. Confira os outros famosos nascidos em Ribeir\u00e3o Preto e regi\u00e3o: D\u00e9bora Duboc A atriz nasceu\u2026","rel":"","context":"In &quot;Not\u00edcias de Ribeir\u00e3o Preto-SP e Regi\u00e3o&quot;","block_context":{"text":"Not\u00edcias de Ribeir\u00e3o Preto-SP e Regi\u00e3o","link":"https:\/\/ismaelcolosi.com.br\/index.php\/category\/noticias-de-ribeirao-preto-sp-e-regiao-ismael-colosi\/"},"img":{"alt_text":"","src":"https:\/\/i0.wp.com\/ismaelcolosi.com.br\/wp-content\/uploads\/2024\/03\/famosos-ribeirao-preto.jpeg?fit=1200%2C675&ssl=1&resize=350%2C200","width":350,"height":200,"srcset":"https:\/\/i0.wp.com\/ismaelcolosi.com.br\/wp-content\/uploads\/2024\/03\/famosos-ribeirao-preto.jpeg?fit=1200%2C675&ssl=1&resize=350%2C200 1x, https:\/\/i0.wp.com\/ismaelcolosi.com.br\/wp-content\/uploads\/2024\/03\/famosos-ribeirao-preto.jpeg?fit=1200%2C675&ssl=1&resize=525%2C300 1.5x, https:\/\/i0.wp.com\/ismaelcolosi.com.br\/wp-content\/uploads\/2024\/03\/famosos-ribeirao-preto.jpeg?fit=1200%2C675&ssl=1&resize=700%2C400 2x, https:\/\/i0.wp.com\/ismaelcolosi.com.br\/wp-content\/uploads\/2024\/03\/famosos-ribeirao-preto.jpeg?fit=1200%2C675&ssl=1&resize=1050%2C600 3x"},"classes":[]},{"id":11257,"url":"https:\/\/ismaelcolosi.com.br\/index.php\/2023\/12\/05\/5-lugares-em-sao-paulo-para-quem-e-viciado-em-chocolate\/","url_meta":{"origin":15743,"position":3},"title":"5 lugares em S\u00e3o Paulo para quem \u00e9 viciado em chocolate","author":"ismaelcolosi.com.br","date":"5 de Dezembro de 2023","format":false,"excerpt":"[ad_1] Cr\u00e9ditos: Reprodu\u00e7\u00e3o\/Instagram\/@megacacaushowLugares que os amantes de chocolate precisam conhecer em S\u00e3o Paulo Chamando todos os choc\u00f3latras! O estado de S\u00e3o Paulo conta com diversos passeios em que o chocolate \u00e9 o protagonista, como f\u00e1bricas, outlets, lojas exclusivas e muito mais. Pois \u00e9\u2026 N\u00e3o tem rol\u00ea mais delicioso que esse!\u2026","rel":"","context":"In &quot;Variedades&quot;","block_context":{"text":"Variedades","link":"https:\/\/ismaelcolosi.com.br\/index.php\/category\/variedades\/"},"img":{"alt_text":"","src":"https:\/\/i0.wp.com\/ismaelcolosi.com.br\/wp-content\/uploads\/2023\/12\/fotos-catraca-2023-12-05t144034109.png?fit=1200%2C638&ssl=1&resize=350%2C200","width":350,"height":200,"srcset":"https:\/\/i0.wp.com\/ismaelcolosi.com.br\/wp-content\/uploads\/2023\/12\/fotos-catraca-2023-12-05t144034109.png?fit=1200%2C638&ssl=1&resize=350%2C200 1x, https:\/\/i0.wp.com\/ismaelcolosi.com.br\/wp-content\/uploads\/2023\/12\/fotos-catraca-2023-12-05t144034109.png?fit=1200%2C638&ssl=1&resize=525%2C300 1.5x, https:\/\/i0.wp.com\/ismaelcolosi.com.br\/wp-content\/uploads\/2023\/12\/fotos-catraca-2023-12-05t144034109.png?fit=1200%2C638&ssl=1&resize=700%2C400 2x, https:\/\/i0.wp.com\/ismaelcolosi.com.br\/wp-content\/uploads\/2023\/12\/fotos-catraca-2023-12-05t144034109.png?fit=1200%2C638&ssl=1&resize=1050%2C600 3x"},"classes":[]},{"id":83315,"url":"https:\/\/ismaelcolosi.com.br\/index.php\/2025\/02\/24\/vagas-de-empregos-na-cacau-show-para-trabalhar-de-casa-em-ribeirao-preto-sp-34\/","url_meta":{"origin":15743,"position":4},"title":"Vagas de empregos na Cacau Show para trabalhar de casa em Ribeir\u00e3o Preto-SP","author":"ismaelcolosi.com.br","date":"24 de Fevereiro de 2025","format":false,"excerpt":"Ser Cacau \u00e9 Show! \ud83e\udd0ePensar em chocolate \u00e9 pensar em felicidade com sabor, n\u00e3o \u00e9 mesmo? Aqui na Cacau Show,\u00a0somos apaixonados por chocolate e por todas as experi\u00eancias e mem\u00f3rias que ele proporciona.\u00a0\u00a0Por isso, n\u00f3s cuidamos com aten\u00e7\u00e3o de cada detalhe para oferecer aos nossos clientes os melhores produtos,\u00a0atendimento personalizado,\u2026","rel":"","context":"In &quot;Vagas de Emprego em Ribeir\u00e3o Preto-SP&quot;","block_context":{"text":"Vagas de Emprego em Ribeir\u00e3o Preto-SP","link":"https:\/\/ismaelcolosi.com.br\/index.php\/category\/empregos-classificados-vagas-trabalho\/vagas-de-empregos-em-ribeirao-preto-regiao-brasil\/"},"img":{"alt_text":"","src":"","width":0,"height":0},"classes":[]},{"id":83856,"url":"https:\/\/ismaelcolosi.com.br\/index.php\/2025\/03\/18\/vagas-de-empregos-na-cacau-show-para-trabalhar-de-casa-em-ribeirao-preto-sp-35\/","url_meta":{"origin":15743,"position":5},"title":"Vagas de empregos na Cacau Show para trabalhar de casa em Ribeir\u00e3o Preto-SP","author":"ismaelcolosi.com.br","date":"18 de Mar\u00e7o de 2025","format":false,"excerpt":"Ser Cacau \u00e9 Show! \ud83e\udd0ePensar em chocolate \u00e9 pensar em felicidade com sabor, n\u00e3o \u00e9 mesmo? Aqui na Cacau Show,\u00a0somos apaixonados por chocolate e por todas as experi\u00eancias e mem\u00f3rias que ele proporciona.\u00a0\u00a0Por isso, n\u00f3s cuidamos com aten\u00e7\u00e3o de cada detalhe para oferecer aos nossos clientes os melhores produtos,\u00a0atendimento personalizado,\u2026","rel":"","context":"In &quot;Vagas de Emprego em Ribeir\u00e3o Preto-SP&quot;","block_context":{"text":"Vagas de Emprego em Ribeir\u00e3o Preto-SP","link":"https:\/\/ismaelcolosi.com.br\/index.php\/category\/empregos-classificados-vagas-trabalho\/vagas-de-empregos-em-ribeirao-preto-regiao-brasil\/"},"img":{"alt_text":"","src":"","width":0,"height":0},"classes":[]}],"jetpack_sharing_enabled":true,"jetpack_shortlink":"https:\/\/wp.me\/pfMlyK-45V","jetpack_featured_media_url":"https:\/\/i0.wp.com\/ismaelcolosi.com.br\/wp-content\/uploads\/2023\/12\/whatsapp-image-2023-12-13-at-175231-1.jpeg?fit=1200%2C638&ssl=1","_links":{"self":[{"href":"https:\/\/ismaelcolosi.com.br\/index.php\/wp-json\/wp\/v2\/posts\/15743","targetHints":{"allow":["GET"]}}],"collection":[{"href":"https:\/\/ismaelcolosi.com.br\/index.php\/wp-json\/wp\/v2\/posts"}],"about":[{"href":"https:\/\/ismaelcolosi.com.br\/index.php\/wp-json\/wp\/v2\/types\/post"}],"author":[{"embeddable":true,"href":"https:\/\/ismaelcolosi.com.br\/index.php\/wp-json\/wp\/v2\/users\/1"}],"replies":[{"embeddable":true,"href":"https:\/\/ismaelcolosi.com.br\/index.php\/wp-json\/wp\/v2\/comments?post=15743"}],"version-history":[{"count":0,"href":"https:\/\/ismaelcolosi.com.br\/index.php\/wp-json\/wp\/v2\/posts\/15743\/revisions"}],"wp:featuredmedia":[{"embeddable":true,"href":"https:\/\/ismaelcolosi.com.br\/index.php\/wp-json\/wp\/v2\/media\/15744"}],"wp:attachment":[{"href":"https:\/\/ismaelcolosi.com.br\/index.php\/wp-json\/wp\/v2\/media?parent=15743"}],"wp:term":[{"taxonomy":"category","embeddable":true,"href":"https:\/\/ismaelcolosi.com.br\/index.php\/wp-json\/wp\/v2\/categories?post=15743"},{"taxonomy":"post_tag","embeddable":true,"href":"https:\/\/ismaelcolosi.com.br\/index.php\/wp-json\/wp\/v2\/tags?post=15743"}],"curies":[{"name":"wp","href":"https:\/\/api.w.org\/{rel}","templated":true}]}}