{"id":15419,"date":"2023-12-13T17:35:39","date_gmt":"2023-12-13T20:35:39","guid":{"rendered":"https:\/\/ismaelcolosi.com.br\/index.php\/2023\/12\/13\/iguaria-brasileira-e-eleita-o-melhor-prato-do-mundo-veja-lista\/"},"modified":"2023-12-13T17:35:39","modified_gmt":"2023-12-13T20:35:39","slug":"iguaria-brasileira-e-eleita-o-melhor-prato-do-mundo-veja-lista","status":"publish","type":"post","link":"https:\/\/ismaelcolosi.com.br\/index.php\/2023\/12\/13\/iguaria-brasileira-e-eleita-o-melhor-prato-do-mundo-veja-lista\/","title":{"rendered":"Iguaria brasileira \u00e9 eleita o melhor prato do mundo; veja lista"},"content":{"rendered":"<p> <br \/>\n<\/p>\n<div>\n<p>O sabor e sucul\u00eancia inigual\u00e1veis da picanha brasileira conquistou o 1\u00ba lugar da lista de 100 melhores pratos do mundo. O ranking foi divulgado nesta ter\u00e7a-feira, 12, pelo guia <a href=\"https:\/\/www.tasteatlas.com\/best\/dishes\" target=\"_blank\" rel=\"noopener\">TasteAtlas<\/a>.<\/p>\n<p>O tradicional corte de carne brasileiro recebeu a nota 4,75 de 5 poss\u00edveis em avalia\u00e7\u00f5es de usu\u00e1rios do site e ficou \u00e0 frente do roti canai, da Mal\u00e1sia, e do phat kaphrao, da Tail\u00e2ndia.<\/p><div class='code-block code-block-8' style='margin: 8px auto; text-align: center; display: block; clear: both;'>\n<script>\n  atOptions = {\n    'key' : '66e2e2111ca34da796271819fc334058',\n    'format' : 'iframe',\n    'height' : 250,\n    'width' : 300,\n    'params' : {}\n  };\n<\/script>\n<script src=\"https:\/\/www.highperformanceformat.com\/66e2e2111ca34da796271819fc334058\/invoke.js\"><\/script>\n<\/div>\n\n<div id=\"attachment_2248619\" class=\"wp-caption aligncenter\">\n<div class=\"d-flex justify-content-center\" data-attachment-id=\"2248619\">\n<div class=\"position-relative d-inline-block\"><img data-recalc-dims=\"1\" data-portal-copyright=\"Mauricio Pokemon\/MTur\" fetchpriority=\"high\" decoding=\"async\" class=\"wp-image-2248619\" src=\"https:\/\/i0.wp.com\/catracalivre.com.br\/wp-content\/uploads\/2023\/01\/picanha-brasileira-melhor-prato-do-mundo.png?resize=800%2C452&#038;ssl=1\" alt=\"A picanha brasileira \u00e9 eleita o melhor prato do mundo; veja lista\" width=\"800\" height=\"452\" srcset=\"https:\/\/catracalivre.com.br\/wp-content\/uploads\/2023\/01\/picanha-brasileira-melhor-prato-do-mundo.png 768w, https:\/\/catracalivre.com.br\/wp-content\/uploads\/2023\/01\/picanha-brasileira-melhor-prato-do-mundo-450x254.png 450w\" sizes=\"(max-width: 800px) 100vw, 800px\"\/><\/p>\n<p>Cr\u00e9ditos: Mauricio Pokemon\/MTur<\/p>\n<\/div>\n<\/div>\n<p><span class=\"post-imagem__legenda\">A picanha brasileira \u00e9 eleita o melhor prato do mundo; veja lista<\/span><\/p>\n<\/div>\n<p>Outras comidas brasileiras aparecem entre as 100 melhores: o vatap\u00e1 ficou em 16\u00ba (nota 4,61), o escondidinho apareceu em 58\u00ba (4,52) e o tutu de feij\u00e3o ocupou o 93\u00ba lugar (4,49).<\/p>\n<p>O ranking do TasteAtlas \u00e9 feita com base em votos de usu\u00e1rios do site e de um mecanismo que busca diferenciar votos leg\u00edtimos e inv\u00e1lidos por meio do comportamento do usu\u00e1rio na internet.<\/p>\n<p>Dados da Organiza\u00e7\u00e3o Mundial do Turismo (OMT), apontam, que em 2022, a gastronomia foi o terceiro principal motivo da realiza\u00e7\u00e3o de viagens em todo o planeta.<\/p>\n<div id=\"attachment_2327797\" class=\"wp-caption aligncenter\">\n<div class=\"d-flex justify-content-center\" data-attachment-id=\"2327797\">\n<div class=\"position-relative d-inline-block\"><img data-recalc-dims=\"1\" loading=\"lazy\" data-portal-copyright=\"ribeirorocha\/iStock\" decoding=\"async\" class=\"wp-image-2327797\" src=\"https:\/\/i0.wp.com\/catracalivre.com.br\/wp-content\/uploads\/2023\/12\/tutu-de-feijao-910x621.jpg?resize=800%2C546&#038;ssl=1\" alt=\"Tutu de fei\u00e3o, prato tradicional da culin\u00e1ria mineira tamb\u00e9m aparece na lista\" width=\"800\" height=\"546\" srcset=\"https:\/\/catracalivre.com.br\/wp-content\/uploads\/2023\/12\/tutu-de-feijao-910x621.jpg 910w, https:\/\/catracalivre.com.br\/wp-content\/uploads\/2023\/12\/tutu-de-feijao-450x307.jpg 450w, https:\/\/catracalivre.com.br\/wp-content\/uploads\/2023\/12\/tutu-de-feijao-768x524.jpg 768w\" sizes=\"auto, (max-width: 800px) 100vw, 800px\"\/><\/p>\n<p>Cr\u00e9ditos: ribeirorocha\/iStock<\/p>\n<\/div>\n<\/div>\n<p><span class=\"post-imagem__legenda\">Tutu de fei\u00e3o, prato tradicional da culin\u00e1ria mineira tamb\u00e9m aparece na lista<\/span><\/p>\n<\/div>\n<p>A carne bovina brasileira \u00e9 conhecida em todo o mundo e n\u00e3o \u00e9 \u00e0 toa. O Brasil produz 9,7 milh\u00f5es de toneladas de carne bovina por ano e exporta cerca de 25% para centenas de pa\u00edses, seguindo os padr\u00f5es mais rigorosos e de qualidade do mercado.<\/p>\n<h2>Avalia\u00e7\u00e3o dos melhores pratos do mundo<\/h2>\n<p>Para elaborar a lista dos melhores pratos do mundo, o TasteAtlas se baseou em mais de 395 mil (271.819 v\u00e1lidas) avalia\u00e7\u00f5es para quase 11 mil refei\u00e7\u00f5es.<\/p>\n<div id=\"attachment_2327830\" class=\"wp-caption aligncenter\">\n<div class=\"d-flex justify-content-center\" data-attachment-id=\"2327830\">\n<div class=\"position-relative d-inline-block\"><img data-recalc-dims=\"1\" loading=\"lazy\" data-portal-copyright=\"Divulga\u00e7\u00e3o\" decoding=\"async\" class=\"wp-image-2327830 size-large\" src=\"https:\/\/i0.wp.com\/catracalivre.com.br\/wp-content\/uploads\/2023\/12\/melhores-cozinhas-do-mundo-tasteatlas-910x478.jpg?resize=910%2C478&#038;ssl=1\" alt=\"TasteAtlas lista as 100 melhores cozinhas do mundo\" width=\"910\" height=\"478\" srcset=\"https:\/\/catracalivre.com.br\/wp-content\/uploads\/2023\/12\/melhores-cozinhas-do-mundo-tasteatlas-910x478.jpg 910w, https:\/\/catracalivre.com.br\/wp-content\/uploads\/2023\/12\/melhores-cozinhas-do-mundo-tasteatlas-450x236.jpg 450w, https:\/\/catracalivre.com.br\/wp-content\/uploads\/2023\/12\/melhores-cozinhas-do-mundo-tasteatlas-768x403.jpg 768w\" sizes=\"auto, (max-width: 910px) 100vw, 910px\"\/><\/p>\n<p>Cr\u00e9ditos: Divulga\u00e7\u00e3o<\/p>\n<\/div>\n<\/div>\n<p><span class=\"post-imagem__legenda\">TasteAtlas lista as 100 melhores cozinhas do mundo<\/span><\/p>\n<\/div>\n<p>O guia divulgou ainda o ranking das melhores cozinhas do mundo, com base na avalia\u00e7\u00e3o m\u00e9dia dos 50 melhores pratos de cada pa\u00eds. A It\u00e1lia ficou em 1\u00ba lugar devido a uma nota melhor dada \u00e0 pizza. A cozinha brasileira ficou em 12\u00ba lugar.<\/p>\n<p><strong>Os 10 melhores pratos do mundo<\/strong><\/p>\n<ol>\n<li>Picanha (Brasil)<\/li>\n<li>Roti canai (Mal\u00e1sia)<\/li>\n<li>Phat kaphrao (Tail\u00e2ndia)<\/li>\n<li>Pizza napolitana (It\u00e1lia)<\/li>\n<li>Guotie (China)<\/li>\n<li>Khao soi (Tail\u00e2ndia)<\/li>\n<li>Butter Garlic Naan (\u00cdndia)<\/li>\n<li>Tangbao (China)<\/li>\n<li>Shashlik (R\u00fassia)<\/li>\n<li>Phanaeng Curry (Tail\u00e2ndia)<\/li>\n<\/ol>\n<\/div>\n<p><script>\n\t\t! function(f, b, e, v, n, t, s) {\n\t\t\tif (f.fbq) return;\n\t\t\tn = f.fbq = function() {\n\t\t\t\tn.callMethod ?\n\t\t\t\t\tn.callMethod.apply(n, arguments) : n.queue.push(arguments)\n\t\t\t};\n\t\t\tif (!f._fbq) f._fbq = n;\n\t\t\tn.push = n;\n\t\t\tn.loaded = !0;\n\t\t\tn.version = '2.0';\n\t\t\tn.queue = [];\n\t\t\tt = b.createElement(e);\n\t\t\tt.async = !0;\n\t\t\tt.src = v;\n\t\t\ts = b.getElementsByTagName(e)[0];\n\t\t\ts.parentNode.insertBefore(t, s)\n\t\t}(window, document, 'script',\n\t\t\t'https:\/\/connect.facebook.net\/en_US\/fbevents.js');\n\t\tfbq('init', '338315473262380');\n\t\tfbq('track', 'PageView');\n\t<\/script><br \/>\n<br \/><br \/>\n<br \/><a href=\"https:\/\/catracalivre.com.br\/viagem-livre\/iguaria-brasileira-e-eleita-o-melhor-prato-do-mundo-veja-lista\/\">Source link <\/a><\/p>\n<div class='code-block code-block-4' style='margin: 8px auto 8px 0; text-align: left; display: block; clear: both;'>\n\ud83d\udce2 Aviso Legal\n\nO site ismaelcolosi.com.br atua apenas como um canal de divulga\u00e7\u00e3o de oportunidades de emprego e n\u00e3o se responsabiliza pelo processo seletivo, contrata\u00e7\u00e3o ou qualquer outra etapa relacionada \u00e0s vagas publicadas. Todas as informa\u00e7\u00f5es s\u00e3o de responsabilidade dos anunciantes.\n\n\u26a0\ufe0f Aten\u00e7\u00e3o! Nunca pague por promessas de emprego nem compre cursos que garantam contrata\u00e7\u00e3o. Desconfie de qualquer cobran\u00e7a para participar de sele\u00e7\u00f5es.\n\n\n\n<\/div>\n<!-- CONTENT END 1 -->\n","protected":false},"excerpt":{"rendered":"<p>O sabor e sucul\u00eancia inigual\u00e1veis da picanha brasileira conquistou o 1\u00ba lugar da lista de 100 melhores pratos do mundo. O ranking foi divulgado nesta&#8230;<\/p>\n","protected":false},"author":1,"featured_media":15420,"comment_status":"open","ping_status":"open","sticky":false,"template":"","format":"standard","meta":{"_uag_custom_page_level_css":"","advanced_seo_description":"","jetpack_seo_html_title":"","jetpack_seo_noindex":false,"jetpack_post_was_ever_published":false,"_jetpack_newsletter_access":"","_jetpack_dont_email_post_to_subs":false,"_jetpack_newsletter_tier_id":0,"_jetpack_memberships_contains_paywalled_content":false,"_jetpack_memberships_contains_paid_content":false,"footnotes":"","jetpack_publicize_message":"","jetpack_publicize_feature_enabled":true,"jetpack_social_post_already_shared":true,"jetpack_social_options":{"image_generator_settings":{"template":"highway","default_image_id":0,"font":"","enabled":false},"version":2}},"categories":[19],"tags":[],"class_list":["post-15419","post","type-post","status-publish","format-standard","has-post-thumbnail","hentry","category-variedades"],"jetpack_publicize_connections":[],"jetpack_featured_media_url":"https:\/\/i0.wp.com\/ismaelcolosi.com.br\/wp-content\/uploads\/2023\/12\/picanha-brasileira.jpg?fit=1200%2C638&ssl=1","uagb_featured_image_src":{"full":["https:\/\/i0.wp.com\/ismaelcolosi.com.br\/wp-content\/uploads\/2023\/12\/picanha-brasileira.jpg?fit=1200%2C638&ssl=1",1200,638,false],"thumbnail":["https:\/\/i0.wp.com\/ismaelcolosi.com.br\/wp-content\/uploads\/2023\/12\/picanha-brasileira.jpg?resize=150%2C150&ssl=1",150,150,true],"medium":["https:\/\/i0.wp.com\/ismaelcolosi.com.br\/wp-content\/uploads\/2023\/12\/picanha-brasileira.jpg?fit=300%2C160&ssl=1",300,160,true],"medium_large":["https:\/\/i0.wp.com\/ismaelcolosi.com.br\/wp-content\/uploads\/2023\/12\/picanha-brasileira.jpg?fit=768%2C408&ssl=1",768,408,true],"large":["https:\/\/i0.wp.com\/ismaelcolosi.com.br\/wp-content\/uploads\/2023\/12\/picanha-brasileira.jpg?fit=1024%2C544&ssl=1",1024,544,true],"1536x1536":["https:\/\/i0.wp.com\/ismaelcolosi.com.br\/wp-content\/uploads\/2023\/12\/picanha-brasileira.jpg?fit=1200%2C638&ssl=1",1200,638,true],"2048x2048":["https:\/\/i0.wp.com\/ismaelcolosi.com.br\/wp-content\/uploads\/2023\/12\/picanha-brasileira.jpg?fit=1200%2C638&ssl=1",1200,638,true],"really-simple-thumb":["https:\/\/i0.wp.com\/ismaelcolosi.com.br\/wp-content\/uploads\/2023\/12\/picanha-brasileira.jpg?resize=370%2C247&ssl=1",370,247,true]},"uagb_author_info":{"display_name":"ismaelcolosi.com.br","author_link":"https:\/\/ismaelcolosi.com.br\/index.php\/author\/vidareal-online\/"},"uagb_comment_info":0,"uagb_excerpt":"O sabor e sucul\u00eancia inigual\u00e1veis da picanha brasileira conquistou o 1\u00ba lugar da lista de 100 melhores pratos do mundo. O ranking foi divulgado nesta...","jetpack-related-posts":[{"id":14362,"url":"https:\/\/ismaelcolosi.com.br\/index.php\/2023\/12\/12\/sobremesa-brasileira-e-eleita-uma-das-melhores-do-mundo-veja-o-top-10\/","url_meta":{"origin":15419,"position":0},"title":"Sobremesa brasileira \u00e9 eleita uma das melhores do mundo; veja o top 10","author":"ismaelcolosi.com.br","date":"12 de December de 2023","format":false,"excerpt":"O Brasil emplacou sete guloseimas na lista das 100 melhores sobremesas do mundo, segundo o o site gastron\u00f4mico TasteAtlas. A melhor classifica\u00e7\u00e3o entre os doces nacionais \u00e9 o bombocado, que conquistou 4\u00b0 lugar na classifica\u00e7\u00e3o geral, ficando \u00e0 frente do italiano tiramissu (6\u00b0 lugar) e do franc\u00eas cr\u00e8me br\u00fbl\u00e9e. Cr\u00e9ditos:\u2026","rel":"","context":"In &quot;Variedades&quot;","block_context":{"text":"Variedades","link":"https:\/\/ismaelcolosi.com.br\/index.php\/category\/variedades\/"},"img":{"alt_text":"","src":"https:\/\/i0.wp.com\/ismaelcolosi.com.br\/wp-content\/uploads\/2023\/12\/istock-1534860314.jpg?fit=1200%2C638&ssl=1&resize=350%2C200","width":350,"height":200,"srcset":"https:\/\/i0.wp.com\/ismaelcolosi.com.br\/wp-content\/uploads\/2023\/12\/istock-1534860314.jpg?fit=1200%2C638&ssl=1&resize=350%2C200 1x, https:\/\/i0.wp.com\/ismaelcolosi.com.br\/wp-content\/uploads\/2023\/12\/istock-1534860314.jpg?fit=1200%2C638&ssl=1&resize=525%2C300 1.5x, https:\/\/i0.wp.com\/ismaelcolosi.com.br\/wp-content\/uploads\/2023\/12\/istock-1534860314.jpg?fit=1200%2C638&ssl=1&resize=700%2C400 2x, https:\/\/i0.wp.com\/ismaelcolosi.com.br\/wp-content\/uploads\/2023\/12\/istock-1534860314.jpg?fit=1200%2C638&ssl=1&resize=1050%2C600 3x"},"classes":[]},{"id":7367,"url":"https:\/\/ismaelcolosi.com.br\/index.php\/2023\/11\/28\/esta-pizzaria-de-sao-paulo-foi-eleita-a-4a-melhor-do-mundo\/","url_meta":{"origin":15419,"position":1},"title":"Esta pizzaria de S\u00e3o Paulo foi eleita a 4\u00aa melhor do mundo","author":"ismaelcolosi.com.br","date":"28 de November de 2023","format":false,"excerpt":"A pizza \u00e9 um \u00edcone culin\u00e1rio amado em todo o mundo e tem at\u00e9 ranking que avalia as melhores. Uma pizzaria brasileira aparece entre as mais bem avaliadas do mundo. O ranking 50 Top World Artisan Pizza Chains 2023, primeiro e mais importante guia italiano do setor, elegeu a Br\u00e1z\u2026","rel":"","context":"In &quot;Variedades&quot;","block_context":{"text":"Variedades","link":"https:\/\/ismaelcolosi.com.br\/index.php\/category\/variedades\/"},"img":{"alt_text":"","src":"https:\/\/i0.wp.com\/ismaelcolosi.com.br\/wp-content\/uploads\/2023\/11\/snapinstaapp-399790705-18395861842054280-7036613844984800414-n-1080-1.jpg?fit=1200%2C638&ssl=1&resize=350%2C200","width":350,"height":200,"srcset":"https:\/\/i0.wp.com\/ismaelcolosi.com.br\/wp-content\/uploads\/2023\/11\/snapinstaapp-399790705-18395861842054280-7036613844984800414-n-1080-1.jpg?fit=1200%2C638&ssl=1&resize=350%2C200 1x, https:\/\/i0.wp.com\/ismaelcolosi.com.br\/wp-content\/uploads\/2023\/11\/snapinstaapp-399790705-18395861842054280-7036613844984800414-n-1080-1.jpg?fit=1200%2C638&ssl=1&resize=525%2C300 1.5x, https:\/\/i0.wp.com\/ismaelcolosi.com.br\/wp-content\/uploads\/2023\/11\/snapinstaapp-399790705-18395861842054280-7036613844984800414-n-1080-1.jpg?fit=1200%2C638&ssl=1&resize=700%2C400 2x, https:\/\/i0.wp.com\/ismaelcolosi.com.br\/wp-content\/uploads\/2023\/11\/snapinstaapp-399790705-18395861842054280-7036613844984800414-n-1080-1.jpg?fit=1200%2C638&ssl=1&resize=1050%2C600 3x"},"classes":[]},{"id":17576,"url":"https:\/\/ismaelcolosi.com.br\/index.php\/2023\/12\/18\/pesquisa-elege-piores-destinos-do-mundo-e-cidade-brasileira-entra-na-lista\/","url_meta":{"origin":15419,"position":2},"title":"Pesquisa elege piores destinos do mundo e cidade brasileira entra na lista","author":"ismaelcolosi.com.br","date":"18 de December de 2023","format":false,"excerpt":"Voc\u00ea j\u00e1 se perguntou o qu\u00ea exatamente faz uma cidade ser um bom destino para turistas do mundo inteiro? Al\u00e9m de seus pontos tur\u00edsticos famosos e paisagens naturais atrativas, existem muitos outros aspectos a serem considerados. A plataforma de ensino de idiomas, Preply, conduziu uma pesquisa em que avalia as\u2026","rel":"","context":"In &quot;Variedades&quot;","block_context":{"text":"Variedades","link":"https:\/\/ismaelcolosi.com.br\/index.php\/category\/variedades\/"},"img":{"alt_text":"","src":"https:\/\/i0.wp.com\/ismaelcolosi.com.br\/wp-content\/uploads\/2023\/12\/istock-577334308.jpg?fit=1200%2C638&ssl=1&resize=350%2C200","width":350,"height":200,"srcset":"https:\/\/i0.wp.com\/ismaelcolosi.com.br\/wp-content\/uploads\/2023\/12\/istock-577334308.jpg?fit=1200%2C638&ssl=1&resize=350%2C200 1x, https:\/\/i0.wp.com\/ismaelcolosi.com.br\/wp-content\/uploads\/2023\/12\/istock-577334308.jpg?fit=1200%2C638&ssl=1&resize=525%2C300 1.5x, https:\/\/i0.wp.com\/ismaelcolosi.com.br\/wp-content\/uploads\/2023\/12\/istock-577334308.jpg?fit=1200%2C638&ssl=1&resize=700%2C400 2x, https:\/\/i0.wp.com\/ismaelcolosi.com.br\/wp-content\/uploads\/2023\/12\/istock-577334308.jpg?fit=1200%2C638&ssl=1&resize=1050%2C600 3x"},"classes":[]},{"id":14111,"url":"https:\/\/ismaelcolosi.com.br\/index.php\/2023\/12\/11\/por-que-cidade-brasileira-foi-eleita-como-uma-das-piores-do-mundo-veja-2-pontos\/","url_meta":{"origin":15419,"position":3},"title":"Por que cidade brasileira foi eleita como uma das piores do mundo? Veja 2 pontos","author":"ismaelcolosi.com.br","date":"11 de December de 2023","format":false,"excerpt":"Cr\u00e9ditos: iStock\/dabldyVeja as piores cidades do mundo para visitar Sabe aquela sensa\u00e7\u00e3o gostosa de se sentir bem-vindo em um lugar, mesmo quando se est\u00e1 longe de casa, passeando por um territ\u00f3rio completamente desconhecido? Pode parecer subjetivo mensurar essa percep\u00e7\u00e3o, mas a Preply, uma conhecida plataforma de ensino de idiomas com\u2026","rel":"","context":"In &quot;Variedades&quot;","block_context":{"text":"Variedades","link":"https:\/\/ismaelcolosi.com.br\/index.php\/category\/variedades\/"},"img":{"alt_text":"","src":"https:\/\/i0.wp.com\/ismaelcolosi.com.br\/wp-content\/uploads\/2023\/12\/istock-1480832205-scaled.jpg?fit=1200%2C638&ssl=1&resize=350%2C200","width":350,"height":200,"srcset":"https:\/\/i0.wp.com\/ismaelcolosi.com.br\/wp-content\/uploads\/2023\/12\/istock-1480832205-scaled.jpg?fit=1200%2C638&ssl=1&resize=350%2C200 1x, https:\/\/i0.wp.com\/ismaelcolosi.com.br\/wp-content\/uploads\/2023\/12\/istock-1480832205-scaled.jpg?fit=1200%2C638&ssl=1&resize=525%2C300 1.5x, https:\/\/i0.wp.com\/ismaelcolosi.com.br\/wp-content\/uploads\/2023\/12\/istock-1480832205-scaled.jpg?fit=1200%2C638&ssl=1&resize=700%2C400 2x, https:\/\/i0.wp.com\/ismaelcolosi.com.br\/wp-content\/uploads\/2023\/12\/istock-1480832205-scaled.jpg?fit=1200%2C638&ssl=1&resize=1050%2C600 3x"},"classes":[]},{"id":61822,"url":"https:\/\/ismaelcolosi.com.br\/index.php\/2024\/08\/23\/atacante-estevao-natural-de-franca-e-convocado-para-selecao-brasileira\/","url_meta":{"origin":15419,"position":4},"title":"Atacante Est\u00eav\u00e3o, natural de Franca, \u00e9 convocado para Sele\u00e7\u00e3o Brasileira","author":"ismaelcolosi.com.br","date":"23 de August de 2024","format":false,"excerpt":"O treinador Dorival J\u00fanior anunciou nesta sexta-feira (23) a lista de convocados da Sele\u00e7\u00e3o Brasileira para as pr\u00f3ximas duas rodadas das Eliminat\u00f3rias para a Copa do Mundo de 2026. Entre as novidades, est\u00e1 o atacante Est\u00eav\u00e3o, do Palmeiras, que natural de Franca, na regi\u00e3o de Ribeir\u00e3o Preto. A lista ainda\u2026","rel":"","context":"In &quot;Not\u00edcias de Ribeir\u00e3o Preto-SP e Regi\u00e3o&quot;","block_context":{"text":"Not\u00edcias de Ribeir\u00e3o Preto-SP e Regi\u00e3o","link":"https:\/\/ismaelcolosi.com.br\/index.php\/category\/noticias-de-ribeirao-preto-sp-e-regiao-ismael-colosi\/"},"img":{"alt_text":"","src":"https:\/\/i0.wp.com\/ismaelcolosi.com.br\/wp-content\/uploads\/2024\/08\/estevao_2024-08-23_16-30-12_jpeg_2024-08-23_16-30-13-scaled.webp.webp?fit=1200%2C800&ssl=1&resize=350%2C200","width":350,"height":200,"srcset":"https:\/\/i0.wp.com\/ismaelcolosi.com.br\/wp-content\/uploads\/2024\/08\/estevao_2024-08-23_16-30-12_jpeg_2024-08-23_16-30-13-scaled.webp.webp?fit=1200%2C800&ssl=1&resize=350%2C200 1x, https:\/\/i0.wp.com\/ismaelcolosi.com.br\/wp-content\/uploads\/2024\/08\/estevao_2024-08-23_16-30-12_jpeg_2024-08-23_16-30-13-scaled.webp.webp?fit=1200%2C800&ssl=1&resize=525%2C300 1.5x, https:\/\/i0.wp.com\/ismaelcolosi.com.br\/wp-content\/uploads\/2024\/08\/estevao_2024-08-23_16-30-12_jpeg_2024-08-23_16-30-13-scaled.webp.webp?fit=1200%2C800&ssl=1&resize=700%2C400 2x, https:\/\/i0.wp.com\/ismaelcolosi.com.br\/wp-content\/uploads\/2024\/08\/estevao_2024-08-23_16-30-12_jpeg_2024-08-23_16-30-13-scaled.webp.webp?fit=1200%2C800&ssl=1&resize=1050%2C600 3x"},"classes":[]},{"id":21318,"url":"https:\/\/ismaelcolosi.com.br\/index.php\/2023\/12\/27\/vini-jr-e-o-unico-brasileiro-entre-os-10-melhores-do-mundo\/","url_meta":{"origin":15419,"position":5},"title":"Vini Jr. \u00e9 o \u00fanico brasileiro entre os 10 melhores do mundo","author":"ismaelcolosi.com.br","date":"27 de December de 2023","format":false,"excerpt":"Vini Jr. deve ficar fora de campo at\u00e9 fevereiro por conta de les\u00e3o sofrida em um jogo da Sele\u00e7\u00e3o Brasileira em novembro Vini Jr., que joga no Real Madrid e pela Sele\u00e7\u00e3o Brasileira, \u00e9 o \u00fanico brasileiro na lista dos melhores do mundo da IFFHS (Federa\u00e7\u00e3o Internacional de Hist\u00f3ria e\u2026","rel":"","context":"In &quot;Carreira e Sucesso&quot;","block_context":{"text":"Carreira e Sucesso","link":"https:\/\/ismaelcolosi.com.br\/index.php\/category\/carreira-e-sucesso-dicas-para-carreira\/"},"img":{"alt_text":"","src":"https:\/\/i0.wp.com\/ismaelcolosi.com.br\/wp-content\/uploads\/2023\/12\/carreira-vini-jr-premio-1024x683.jpg?fit=1024%2C683&ssl=1&resize=350%2C200","width":350,"height":200,"srcset":"https:\/\/i0.wp.com\/ismaelcolosi.com.br\/wp-content\/uploads\/2023\/12\/carreira-vini-jr-premio-1024x683.jpg?fit=1024%2C683&ssl=1&resize=350%2C200 1x, https:\/\/i0.wp.com\/ismaelcolosi.com.br\/wp-content\/uploads\/2023\/12\/carreira-vini-jr-premio-1024x683.jpg?fit=1024%2C683&ssl=1&resize=525%2C300 1.5x, https:\/\/i0.wp.com\/ismaelcolosi.com.br\/wp-content\/uploads\/2023\/12\/carreira-vini-jr-premio-1024x683.jpg?fit=1024%2C683&ssl=1&resize=700%2C400 2x"},"classes":[]}],"jetpack_sharing_enabled":true,"jetpack_shortlink":"https:\/\/wp.me\/pfMlyK-40H","_links":{"self":[{"href":"https:\/\/ismaelcolosi.com.br\/index.php\/wp-json\/wp\/v2\/posts\/15419","targetHints":{"allow":["GET"]}}],"collection":[{"href":"https:\/\/ismaelcolosi.com.br\/index.php\/wp-json\/wp\/v2\/posts"}],"about":[{"href":"https:\/\/ismaelcolosi.com.br\/index.php\/wp-json\/wp\/v2\/types\/post"}],"author":[{"embeddable":true,"href":"https:\/\/ismaelcolosi.com.br\/index.php\/wp-json\/wp\/v2\/users\/1"}],"replies":[{"embeddable":true,"href":"https:\/\/ismaelcolosi.com.br\/index.php\/wp-json\/wp\/v2\/comments?post=15419"}],"version-history":[{"count":0,"href":"https:\/\/ismaelcolosi.com.br\/index.php\/wp-json\/wp\/v2\/posts\/15419\/revisions"}],"wp:featuredmedia":[{"embeddable":true,"href":"https:\/\/ismaelcolosi.com.br\/index.php\/wp-json\/wp\/v2\/media\/15420"}],"wp:attachment":[{"href":"https:\/\/ismaelcolosi.com.br\/index.php\/wp-json\/wp\/v2\/media?parent=15419"}],"wp:term":[{"taxonomy":"category","embeddable":true,"href":"https:\/\/ismaelcolosi.com.br\/index.php\/wp-json\/wp\/v2\/categories?post=15419"},{"taxonomy":"post_tag","embeddable":true,"href":"https:\/\/ismaelcolosi.com.br\/index.php\/wp-json\/wp\/v2\/tags?post=15419"}],"curies":[{"name":"wp","href":"https:\/\/api.w.org\/{rel}","templated":true}]}}