{"id":15395,"date":"2023-12-13T16:28:32","date_gmt":"2023-12-13T19:28:32","guid":{"rendered":"https:\/\/ismaelcolosi.com.br\/index.php\/2023\/12\/13\/ouvidoria-da-saude-de-braganca-tem-novo-canal-de-atendimento\/"},"modified":"2023-12-13T16:28:32","modified_gmt":"2023-12-13T19:28:32","slug":"ouvidoria-da-saude-de-braganca-tem-novo-canal-de-atendimento","status":"publish","type":"post","link":"https:\/\/ismaelcolosi.com.br\/index.php\/2023\/12\/13\/ouvidoria-da-saude-de-braganca-tem-novo-canal-de-atendimento\/","title":{"rendered":"Ouvidoria da Sa\u00fade de Bragan\u00e7a tem novo canal de atendimento"},"content":{"rendered":"<p> [ad_1]<br \/>\n<\/p>\n<div id=\"post-103639\">\n<div class=\"post_thumb\">\n<figure>\n<img data-recalc-dims=\"1\" width=\"1000\" height=\"667\" alt=\"Ouvidoria da Sa\u00fade de Bragan\u00e7a tem novo canal de atendimento\" decoding=\"async\" fetchpriority=\"high\" src=\"https:\/\/i0.wp.com\/jornalempauta.com.br\/wp-content\/uploads\/2023\/12\/mulher-mao-segurando-telefone-tela-vazia-tela-copie-o-espaco-hand-holding-smartphone-isolado-no-fundo-branco-scaled-e1702414529763.jpg?resize=1000%2C667&#038;ssl=1\" class=\"attachment-full size-full wp-post-image lazyload\" bad-src=\"data:image\/gif;base64,R0lGODlhAQABAAAAACH5BAEKAAEALAAAAAABAAEAAAICTAEAOw==\"\/><noscript><img width=\"1000\" height=\"667\" src=\"data:image\/svg+xml,%3Csvg%20xmlns=\" http:=\"\" data-src=\"https:\/\/jornalempauta.com.br\/wp-content\/uploads\/2023\/12\/mulher-mao-segurando-telefone-tela-vazia-tela-copie-o-espaco-hand-holding-smartphone-isolado-no-fundo-branco-scaled-e1702414529763.jpg\" class=\"attachment-full size-full wp-post-image lazy\" alt=\"Ouvidoria da Sa\u00fade de Bragan\u00e7a tem novo canal de atendimento\" decoding=\"async\" fetchpriority=\"high\"\/><\/noscript><figcaption\/><\/figure>\n<\/div>\n<div class=\"the_content\">\n<p class=\"v1MsoNormal\">A Ouvidoria da Sa\u00fade de Bragan\u00e7a Paulista conta com novo canal de atendimento via WhatsApp. Segundo a Secretaria de Sa\u00fade a ideia \u00e9\u00a0atender com agilidade \u00e0s demandas, elogios e reclama\u00e7\u00f5es relacionados ao Sistema \u00danico de Sa\u00fade,<\/p>\n<p class=\"v1MsoNormal\">O WhatsApp da Ouvidoria (11) 99362-3943 n\u00e3o recebe liga\u00e7\u00f5es, apenas mensagens.<\/p>\n<p class=\"v1MsoNormal\">Al\u00e9m do WhatsApp, o atendimento ao usu\u00e1rio pode ocorrer por meio do n\u00famero de telefone (11) 4034-6700, pelo e-mail <a href=\"http:\/\/jornalempauta.com.br\/cdn-cgi\/l\/email-protection#fd8e9c8899989f8f9c9a9c939e9c92888b988b929e98bd9a909c9491d39e9290\" rel=\"noreferrer noopener\" target=\"_blank\"><span class=\"__cf_email__\" data-cfemail=\"d3a0b2a6b7b6b1a1b2b4b2bdb0b2bca6a5b6a5bcb0b693b4beb2babffdb0bcbe\">[email\u00a0protected]<\/span><\/a>. Interessados tamb\u00e9m podem procurar a Ouvidoria presencialmente, na sede da Secretaria de Sa\u00fade, localizado no endere\u00e7o Pra\u00e7a Hafiz Abi Chedid, 125 (fundos), de segunda a sexta-feira, das 8h \u00e0s 17h.<\/p>\n<p class=\"v1MsoNormal\">O cidad\u00e3o pode sugerir, solicitar, elogiar, denunciar os servi\u00e7os e atendimentos oferecidos pelas equipes da sa\u00fade p\u00fablica. No 2\u00ba quadrimestre de 2023, a Ouvidoria do SUS identificou 349 demandas, em que 99% tiveram resolutividade, segundo a Secretaria de Sa\u00fade.<\/p>\n<p><img decoding=\"async\" class=\"emoji ls-is-cached lazyloaded smush-image-2 smush-image-4 smush-detected-img smush-image-1\" role=\"img\" draggable=\"false\" alt=\"\ud83d\udcf2\" src=\"https:\/\/s.w.org\/images\/core\/emoji\/14.0.0\/svg\/1f4f2.svg\"\/><strong>\u00a0Receba not\u00edcias no seu celular pelo<a href=\"https:\/\/chat.whatsapp.com\/B6YRnEm9yMR45JZqpdZqv4\" target=\"_blank\" rel=\"noopener\">\u00a0WhatsApp do Jornal Em Pauta\u00a0<\/a>ou\u00a0<a href=\"https:\/\/t.me\/bragancaempauta\">Telegram<\/a><\/strong><br \/><strong><img decoding=\"async\" class=\"emoji ls-is-cached lazyloaded smush-image-3 smush-image-5 smush-detected-img smush-image-2\" role=\"img\" draggable=\"false\" alt=\"\ud83d\udcf2\" src=\"https:\/\/s.w.org\/images\/core\/emoji\/14.0.0\/svg\/1f4f2.svg\"\/>\u00a0Siga o Bragan\u00e7a Em Pauta no<a class=\"broken_link\" href=\"https:\/\/www.instagram.com\/bragancaempauta\/\" target=\"_blank\" rel=\"noopener\">\u00a0Instagram<\/a>\u00a0e no<a href=\"https:\/\/twitter.com\/home\" target=\"_blank\" rel=\"noopener\">\u00a0Twitter<\/a><\/strong><\/p>\n<\/div>\n<\/div>\n<p><script async src=\"\/\/platform.twitter.com\/widgets.js\" charset=\"utf-8\"><\/script><script async src=\"\/\/www.instagram.com\/embed.js\"><\/script><br \/>\n<br \/>[ad_2]<br \/>\n<br \/><a href=\"https:\/\/jornalempauta.com.br\/ouvidoria-da-saude-de-braganca-tem-novo-canal-de-atendimento\/?utm_source=rss&#038;utm_medium=rss&#038;utm_campaign=ouvidoria-da-saude-de-braganca-tem-novo-canal-de-atendimento\" target=\"_blank\" rel=\"noopener\">Source link <\/a><\/p>\n<div class='code-block code-block-4' style='margin: 8px auto 8px 0; text-align: left; display: block; clear: both;'>\n\ud83d\udce2 Aviso Legal\n\nO site ismaelcolosi.com.br atua apenas como um canal de divulga\u00e7\u00e3o de oportunidades de emprego e n\u00e3o se responsabiliza pelo processo seletivo, contrata\u00e7\u00e3o ou qualquer outra etapa relacionada \u00e0s vagas publicadas. Todas as informa\u00e7\u00f5es s\u00e3o de responsabilidade dos anunciantes.\n\n\u26a0\ufe0f Aten\u00e7\u00e3o! Nunca pague por promessas de emprego nem compre cursos que garantam contrata\u00e7\u00e3o. Desconfie de qualquer cobran\u00e7a para participar de sele\u00e7\u00f5es.\n\n\n\n<\/div>\n<!-- CONTENT END 1 -->\n","protected":false},"excerpt":{"rendered":"<p>[ad_1] A Ouvidoria da Sa\u00fade de Bragan\u00e7a Paulista conta com novo canal de atendimento via WhatsApp. Segundo a Secretaria de Sa\u00fade a ideia \u00e9\u00a0atender com agilidade \u00e0s demandas, elogios e reclama\u00e7\u00f5es relacionados ao Sistema \u00danico de Sa\u00fade, O WhatsApp da Ouvidoria (11) 99362-3943 n\u00e3o recebe liga\u00e7\u00f5es, apenas mensagens. Al\u00e9m do WhatsApp, o atendimento ao usu\u00e1rio&hellip;&nbsp;<\/p>\n","protected":false},"author":1,"featured_media":15396,"comment_status":"open","ping_status":"open","sticky":false,"template":"","format":"standard","meta":{"_uag_custom_page_level_css":"","neve_meta_sidebar":"","neve_meta_container":"","neve_meta_enable_content_width":"","neve_meta_content_width":0,"neve_meta_title_alignment":"","neve_meta_author_avatar":"","neve_post_elements_order":"","neve_meta_disable_header":"","neve_meta_disable_footer":"","neve_meta_disable_title":"","_jetpack_newsletter_access":"","_jetpack_dont_email_post_to_subs":false,"_jetpack_newsletter_tier_id":0,"_jetpack_memberships_contains_paywalled_content":false,"_jetpack_memberships_contains_paid_content":false,"footnotes":""},"categories":[1],"tags":[],"class_list":["post-15395","post","type-post","status-publish","format-standard","has-post-thumbnail","hentry","category-blog"],"uagb_featured_image_src":{"full":["https:\/\/i0.wp.com\/ismaelcolosi.com.br\/wp-content\/uploads\/2023\/12\/mulher-mao-segurando-telefone-tela-vazia-tela-copie-o-espaco-hand-holding-smartphone-isolado-no-fundo-branco-scaled-e1702414529763.jpg?fit=1000%2C667&ssl=1",1000,667,false],"thumbnail":["https:\/\/i0.wp.com\/ismaelcolosi.com.br\/wp-content\/uploads\/2023\/12\/mulher-mao-segurando-telefone-tela-vazia-tela-copie-o-espaco-hand-holding-smartphone-isolado-no-fundo-branco-scaled-e1702414529763.jpg?resize=150%2C150&ssl=1",150,150,true],"medium":["https:\/\/i0.wp.com\/ismaelcolosi.com.br\/wp-content\/uploads\/2023\/12\/mulher-mao-segurando-telefone-tela-vazia-tela-copie-o-espaco-hand-holding-smartphone-isolado-no-fundo-branco-scaled-e1702414529763.jpg?fit=300%2C200&ssl=1",300,200,true],"medium_large":["https:\/\/i0.wp.com\/ismaelcolosi.com.br\/wp-content\/uploads\/2023\/12\/mulher-mao-segurando-telefone-tela-vazia-tela-copie-o-espaco-hand-holding-smartphone-isolado-no-fundo-branco-scaled-e1702414529763.jpg?fit=768%2C512&ssl=1",768,512,true],"large":["https:\/\/i0.wp.com\/ismaelcolosi.com.br\/wp-content\/uploads\/2023\/12\/mulher-mao-segurando-telefone-tela-vazia-tela-copie-o-espaco-hand-holding-smartphone-isolado-no-fundo-branco-scaled-e1702414529763.jpg?fit=1000%2C667&ssl=1",1000,667,true],"1536x1536":["https:\/\/i0.wp.com\/ismaelcolosi.com.br\/wp-content\/uploads\/2023\/12\/mulher-mao-segurando-telefone-tela-vazia-tela-copie-o-espaco-hand-holding-smartphone-isolado-no-fundo-branco-scaled-e1702414529763.jpg?fit=1000%2C667&ssl=1",1000,667,true],"2048x2048":["https:\/\/i0.wp.com\/ismaelcolosi.com.br\/wp-content\/uploads\/2023\/12\/mulher-mao-segurando-telefone-tela-vazia-tela-copie-o-espaco-hand-holding-smartphone-isolado-no-fundo-branco-scaled-e1702414529763.jpg?fit=1000%2C667&ssl=1",1000,667,true],"neve-blog":["https:\/\/i0.wp.com\/ismaelcolosi.com.br\/wp-content\/uploads\/2023\/12\/mulher-mao-segurando-telefone-tela-vazia-tela-copie-o-espaco-hand-holding-smartphone-isolado-no-fundo-branco-scaled-e1702414529763.jpg?resize=930%2C620&ssl=1",930,620,true]},"uagb_author_info":{"display_name":"ismaelcolosi.com.br","author_link":"https:\/\/ismaelcolosi.com.br\/author\/vidareal-online\/"},"uagb_comment_info":0,"uagb_excerpt":"[ad_1] A Ouvidoria da Sa\u00fade de Bragan\u00e7a Paulista conta com novo canal de atendimento via WhatsApp. Segundo a Secretaria de Sa\u00fade a ideia \u00e9\u00a0atender com agilidade \u00e0s demandas, elogios e reclama\u00e7\u00f5es relacionados ao Sistema \u00danico de Sa\u00fade, O WhatsApp da Ouvidoria (11) 99362-3943 n\u00e3o recebe liga\u00e7\u00f5es, apenas mensagens. Al\u00e9m do WhatsApp, o atendimento ao usu\u00e1rio&hellip;&nbsp;","jetpack-related-posts":[{"id":90351,"url":"https:\/\/ismaelcolosi.com.br\/index.php\/2026\/06\/06\/vaga-de-atendimento-home-office-remoto-clt-r-1-62100-exige-apenas-ensino-medio\/","url_meta":{"origin":15395,"position":0},"title":"Vaga de Atendimento &#8211; Home Office &#8211; Remoto &#8211; CLT &#8211; R$ 1.621,00 &#8211; Exige apenas Ensino M\u00e9dio","author":"ismaelcolosi.com.br","date":"6 de Junho de 2026","format":false,"excerpt":"Representante de Atendimento ao Cliente - Home Office - CLT - R$ 1.621,00 Resumo da vaga Oportunidade para atuar no Contact Center (Central de Atendimento) prestando suporte especializado para demandas do Grupo Claro. A fun\u00e7\u00e3o engloba atividades de ouvidoria, suporte t\u00e9cnico, suporte financeiro e tratativas junto \u00e0 Anatel. O trabalho\u2026","rel":"","context":"In &quot;Blog&quot;","block_context":{"text":"Blog","link":"https:\/\/ismaelcolosi.com.br\/index.php\/category\/blog\/"},"img":{"alt_text":"","src":"https:\/\/i0.wp.com\/ismaelcolosi.com.br\/wp-content\/uploads\/2026\/05\/vagas-home-office-nivel-brasil-quero-home-ribeirao-preto-ismael-colosi-mutirao-TRABALHO.webp?fit=860%2C484&ssl=1&resize=350%2C200","width":350,"height":200,"srcset":"https:\/\/i0.wp.com\/ismaelcolosi.com.br\/wp-content\/uploads\/2026\/05\/vagas-home-office-nivel-brasil-quero-home-ribeirao-preto-ismael-colosi-mutirao-TRABALHO.webp?fit=860%2C484&ssl=1&resize=350%2C200 1x, https:\/\/i0.wp.com\/ismaelcolosi.com.br\/wp-content\/uploads\/2026\/05\/vagas-home-office-nivel-brasil-quero-home-ribeirao-preto-ismael-colosi-mutirao-TRABALHO.webp?fit=860%2C484&ssl=1&resize=525%2C300 1.5x, https:\/\/i0.wp.com\/ismaelcolosi.com.br\/wp-content\/uploads\/2026\/05\/vagas-home-office-nivel-brasil-quero-home-ribeirao-preto-ismael-colosi-mutirao-TRABALHO.webp?fit=860%2C484&ssl=1&resize=700%2C400 2x"},"classes":[]},{"id":62097,"url":"https:\/\/ismaelcolosi.com.br\/index.php\/2024\/08\/25\/veja-como-denunciar-incendios-criminosos-em-ribeirao-preto\/","url_meta":{"origin":15395,"position":1},"title":"Veja como denunciar inc\u00eandios criminosos em Ribeir\u00e3o Preto","author":"ismaelcolosi.com.br","date":"25 de Agosto de 2024","format":false,"excerpt":"[ad_1] A C\u00e2mara Municipal de Ribeir\u00e3o Preto abre, a partir desta segunda-feira (26), um canal de comunica\u00e7\u00e3o para que a popula\u00e7\u00e3o denuncie os causadores dos inc\u00eandios criminosos que t\u00eam afetado a regi\u00e3o. A popula\u00e7\u00e3o tamb\u00e9m pode acionar a Pol\u00edcia Militar pelo 190 ou pelo aplicativo 190 SP. As den\u00fancias pelo\u2026","rel":"","context":"In &quot;Not\u00edcias de Ribeir\u00e3o Preto-SP e Regi\u00e3o&quot;","block_context":{"text":"Not\u00edcias de Ribeir\u00e3o Preto-SP e Regi\u00e3o","link":"https:\/\/ismaelcolosi.com.br\/index.php\/category\/noticias-de-ribeirao-preto-sp-e-regiao-ismael-colosi\/"},"img":{"alt_text":"","src":"https:\/\/i0.wp.com\/ismaelcolosi.com.br\/wp-content\/uploads\/2024\/08\/interdicao-antonio-machado-santana_2024-08-23_21-32-23_jpg_2024-08-23_21-32-23.webp.webp?fit=1200%2C921&ssl=1&resize=350%2C200","width":350,"height":200,"srcset":"https:\/\/i0.wp.com\/ismaelcolosi.com.br\/wp-content\/uploads\/2024\/08\/interdicao-antonio-machado-santana_2024-08-23_21-32-23_jpg_2024-08-23_21-32-23.webp.webp?fit=1200%2C921&ssl=1&resize=350%2C200 1x, https:\/\/i0.wp.com\/ismaelcolosi.com.br\/wp-content\/uploads\/2024\/08\/interdicao-antonio-machado-santana_2024-08-23_21-32-23_jpg_2024-08-23_21-32-23.webp.webp?fit=1200%2C921&ssl=1&resize=525%2C300 1.5x, https:\/\/i0.wp.com\/ismaelcolosi.com.br\/wp-content\/uploads\/2024\/08\/interdicao-antonio-machado-santana_2024-08-23_21-32-23_jpg_2024-08-23_21-32-23.webp.webp?fit=1200%2C921&ssl=1&resize=700%2C400 2x, https:\/\/i0.wp.com\/ismaelcolosi.com.br\/wp-content\/uploads\/2024\/08\/interdicao-antonio-machado-santana_2024-08-23_21-32-23_jpg_2024-08-23_21-32-23.webp.webp?fit=1200%2C921&ssl=1&resize=1050%2C600 3x"},"classes":[]},{"id":65352,"url":"https:\/\/ismaelcolosi.com.br\/index.php\/2024\/09\/11\/confira-as-novas-vagas-de-emprego-para-trabalhar-de-casa-trabalho-home-office-com-salarios-de-1-500-ate-3-mil-clique-e-confira-agora-68\/","url_meta":{"origin":15395,"position":2},"title":"Confira as novas vagas de emprego para trabalhar de casa. Trabalho home office, com sal\u00e1rios de 1.500 at\u00e9 3 mil, clique e confira agora","author":"ismaelcolosi.com.br","date":"11 de Setembro de 2024","format":false,"excerpt":"Home Office Sem experi\u00eancia! Unimed abre vaga Home office para Assistente de Ouvidoria com sal\u00e1rio de R$ 2.949,34 e Alimenta\u00e7\u00e3o de R$ 800,00 Home Office Portal de Compras P\u00fablicas abriu vagas HOME OFFICE para Atendentes Online Home Office Nomus anuncia vaga HOME OFFICE com sal\u00e1rio de R$ 2.378,00 mil para\u2026","rel":"","context":"In &quot;Vagas de Emprego Remoto - Home Office&quot;","block_context":{"text":"Vagas de Emprego Remoto - Home Office","link":"https:\/\/ismaelcolosi.com.br\/index.php\/category\/empregos-classificados-vagas-trabalho\/vagas-de-empregos-em-ribeirao-preto-regiao-brasil\/vagas-de-emprego-para-trabalhar-de-casa-home-office-remoto\/"},"img":{"alt_text":"Ganhe at\u00e9 R$ 2500,00 por m\u00eas! ySense Brasil abre novas vagas para Pesquisadores Online com pagamentos em D\u00f3lares ou Euros; Veja como funciona","src":"https:\/\/i0.wp.com\/www.capitalvagas.com.br\/wp-content\/uploads\/2024\/08\/Ysense-761x492.webp?resize=350%2C200&ssl=1","width":350,"height":200,"srcset":"https:\/\/i0.wp.com\/www.capitalvagas.com.br\/wp-content\/uploads\/2024\/08\/Ysense-761x492.webp?resize=350%2C200&ssl=1 1x, https:\/\/i0.wp.com\/www.capitalvagas.com.br\/wp-content\/uploads\/2024\/08\/Ysense-761x492.webp?resize=525%2C300&ssl=1 1.5x, https:\/\/i0.wp.com\/www.capitalvagas.com.br\/wp-content\/uploads\/2024\/08\/Ysense-761x492.webp?resize=700%2C400&ssl=1 2x"},"classes":[]},{"id":65609,"url":"https:\/\/ismaelcolosi.com.br\/index.php\/2024\/09\/12\/confira-as-novas-vagas-de-emprego-para-trabalhar-de-casa-trabalho-home-office-com-salarios-de-1-500-ate-3-mil-clique-e-confira-agora-69\/","url_meta":{"origin":15395,"position":3},"title":"Confira as novas vagas de emprego para trabalhar de casa. Trabalho home office, com sal\u00e1rios de 1.500 at\u00e9 3 mil, clique e confira agora","author":"ismaelcolosi.com.br","date":"12 de Setembro de 2024","format":false,"excerpt":"Home Office Sem experi\u00eancia! Unimed abre vaga Home office para Assistente de Ouvidoria com sal\u00e1rio de R$ 2.949,34 e Alimenta\u00e7\u00e3o de R$ 800,00 Home Office Portal de Compras P\u00fablicas abriu vagas HOME OFFICE para Atendentes Online Home Office Nomus anuncia vaga HOME OFFICE com sal\u00e1rio de R$ 2.378,00 mil para\u2026","rel":"","context":"In &quot;Vagas de Emprego Remoto - Home Office&quot;","block_context":{"text":"Vagas de Emprego Remoto - Home Office","link":"https:\/\/ismaelcolosi.com.br\/index.php\/category\/empregos-classificados-vagas-trabalho\/vagas-de-empregos-em-ribeirao-preto-regiao-brasil\/vagas-de-emprego-para-trabalhar-de-casa-home-office-remoto\/"},"img":{"alt_text":"Ganhe at\u00e9 R$ 2500,00 por m\u00eas! ySense Brasil abre novas vagas para Pesquisadores Online com pagamentos em D\u00f3lares ou Euros; Veja como funciona","src":"https:\/\/i0.wp.com\/www.capitalvagas.com.br\/wp-content\/uploads\/2024\/08\/Ysense-761x492.webp?resize=350%2C200&ssl=1","width":350,"height":200,"srcset":"https:\/\/i0.wp.com\/www.capitalvagas.com.br\/wp-content\/uploads\/2024\/08\/Ysense-761x492.webp?resize=350%2C200&ssl=1 1x, https:\/\/i0.wp.com\/www.capitalvagas.com.br\/wp-content\/uploads\/2024\/08\/Ysense-761x492.webp?resize=525%2C300&ssl=1 1.5x, https:\/\/i0.wp.com\/www.capitalvagas.com.br\/wp-content\/uploads\/2024\/08\/Ysense-761x492.webp?resize=700%2C400&ssl=1 2x"},"classes":[]},{"id":66062,"url":"https:\/\/ismaelcolosi.com.br\/index.php\/2024\/09\/15\/confira-as-novas-vagas-de-emprego-para-trabalhar-de-casa-trabalho-home-office-com-salarios-de-1-500-ate-3-mil-clique-e-confira-agora-72\/","url_meta":{"origin":15395,"position":4},"title":"Confira as novas vagas de emprego para trabalhar de casa. Trabalho home office, com sal\u00e1rios de 1.500 at\u00e9 3 mil, clique e confira agora","author":"ismaelcolosi.com.br","date":"15 de Setembro de 2024","format":false,"excerpt":"Home Office Trabalhe de Casa! O Botic\u00e1rio abriu vaga Home Office para Assistente Financeiro Home Office Projedata Inform\u00e1tica abriu vaga Home Office oferecendo Kit boas-vindas para Assistente de Atendimento Home Office Unimed acaba de abrir vagas HOME OFFICE com sal\u00e1rio de R$ 2.949,34 e Alimenta\u00e7\u00e3o de R$ 800,00 para Assistente\u2026","rel":"","context":"In &quot;Vagas de Emprego Remoto - Home Office&quot;","block_context":{"text":"Vagas de Emprego Remoto - Home Office","link":"https:\/\/ismaelcolosi.com.br\/index.php\/category\/empregos-classificados-vagas-trabalho\/vagas-de-empregos-em-ribeirao-preto-regiao-brasil\/vagas-de-emprego-para-trabalhar-de-casa-home-office-remoto\/"},"img":{"alt_text":"Ganhe at\u00e9 R$ 2500,00 por m\u00eas! ySense Brasil abre novas vagas para Pesquisadores Online com pagamentos em D\u00f3lares ou Euros; Veja como funciona","src":"https:\/\/i0.wp.com\/www.capitalvagas.com.br\/wp-content\/uploads\/2024\/08\/Ysense-761x492.webp?resize=350%2C200&ssl=1","width":350,"height":200,"srcset":"https:\/\/i0.wp.com\/www.capitalvagas.com.br\/wp-content\/uploads\/2024\/08\/Ysense-761x492.webp?resize=350%2C200&ssl=1 1x, https:\/\/i0.wp.com\/www.capitalvagas.com.br\/wp-content\/uploads\/2024\/08\/Ysense-761x492.webp?resize=525%2C300&ssl=1 1.5x, https:\/\/i0.wp.com\/www.capitalvagas.com.br\/wp-content\/uploads\/2024\/08\/Ysense-761x492.webp?resize=700%2C400&ssl=1 2x"},"classes":[]},{"id":15393,"url":"https:\/\/ismaelcolosi.com.br\/index.php\/2023\/12\/13\/sabado-tem-concerto-de-natal-da-lyra-braganca\/","url_meta":{"origin":15395,"position":5},"title":"S\u00e1bado tem Concerto de Natal da Lyra Bragan\u00e7a","author":"ismaelcolosi.com.br","date":"13 de Dezembro de 2023","format":false,"excerpt":"[ad_1] Neste s\u00e1bado (16), \u00e0s 20h, acontece em Bragan\u00e7a Paulista o Concerto de Natal da Orquestra de Metais Lyra Bragan\u00e7a. Os ingressos em prol da ABCC continuam \u00e0 venda e custam R$ 30,00.\u00a0A apresenta\u00e7\u00e3o contar\u00e1 com um convidado especial: o trompetista Yturvides Jos\u00e9 V\u00edlchez Cardozo, natural da Venezuela e radicado\u2026","rel":"","context":"In &quot;Blog&quot;","block_context":{"text":"Blog","link":"https:\/\/ismaelcolosi.com.br\/index.php\/category\/blog\/"},"img":{"alt_text":"","src":"https:\/\/i0.wp.com\/ismaelcolosi.com.br\/wp-content\/uploads\/2023\/12\/lyra-site-.jpg?fit=1000%2C523&ssl=1&resize=350%2C200","width":350,"height":200,"srcset":"https:\/\/i0.wp.com\/ismaelcolosi.com.br\/wp-content\/uploads\/2023\/12\/lyra-site-.jpg?fit=1000%2C523&ssl=1&resize=350%2C200 1x, https:\/\/i0.wp.com\/ismaelcolosi.com.br\/wp-content\/uploads\/2023\/12\/lyra-site-.jpg?fit=1000%2C523&ssl=1&resize=525%2C300 1.5x, https:\/\/i0.wp.com\/ismaelcolosi.com.br\/wp-content\/uploads\/2023\/12\/lyra-site-.jpg?fit=1000%2C523&ssl=1&resize=700%2C400 2x"},"classes":[]}],"jetpack_sharing_enabled":true,"jetpack_shortlink":"https:\/\/wp.me\/pfMlyK-40j","jetpack_featured_media_url":"https:\/\/i0.wp.com\/ismaelcolosi.com.br\/wp-content\/uploads\/2023\/12\/mulher-mao-segurando-telefone-tela-vazia-tela-copie-o-espaco-hand-holding-smartphone-isolado-no-fundo-branco-scaled-e1702414529763.jpg?fit=1000%2C667&ssl=1","_links":{"self":[{"href":"https:\/\/ismaelcolosi.com.br\/index.php\/wp-json\/wp\/v2\/posts\/15395","targetHints":{"allow":["GET"]}}],"collection":[{"href":"https:\/\/ismaelcolosi.com.br\/index.php\/wp-json\/wp\/v2\/posts"}],"about":[{"href":"https:\/\/ismaelcolosi.com.br\/index.php\/wp-json\/wp\/v2\/types\/post"}],"author":[{"embeddable":true,"href":"https:\/\/ismaelcolosi.com.br\/index.php\/wp-json\/wp\/v2\/users\/1"}],"replies":[{"embeddable":true,"href":"https:\/\/ismaelcolosi.com.br\/index.php\/wp-json\/wp\/v2\/comments?post=15395"}],"version-history":[{"count":0,"href":"https:\/\/ismaelcolosi.com.br\/index.php\/wp-json\/wp\/v2\/posts\/15395\/revisions"}],"wp:featuredmedia":[{"embeddable":true,"href":"https:\/\/ismaelcolosi.com.br\/index.php\/wp-json\/wp\/v2\/media\/15396"}],"wp:attachment":[{"href":"https:\/\/ismaelcolosi.com.br\/index.php\/wp-json\/wp\/v2\/media?parent=15395"}],"wp:term":[{"taxonomy":"category","embeddable":true,"href":"https:\/\/ismaelcolosi.com.br\/index.php\/wp-json\/wp\/v2\/categories?post=15395"},{"taxonomy":"post_tag","embeddable":true,"href":"https:\/\/ismaelcolosi.com.br\/index.php\/wp-json\/wp\/v2\/tags?post=15395"}],"curies":[{"name":"wp","href":"https:\/\/api.w.org\/{rel}","templated":true}]}}