{"id":15367,"date":"2023-12-13T15:45:19","date_gmt":"2023-12-13T18:45:19","guid":{"rendered":"https:\/\/ismaelcolosi.com.br\/index.php\/2023\/12\/13\/saiba-o-valor-do-imposto-aprovado-no-senado\/"},"modified":"2023-12-13T15:45:19","modified_gmt":"2023-12-13T18:45:19","slug":"saiba-o-valor-do-imposto-aprovado-no-senado","status":"publish","type":"post","link":"https:\/\/ismaelcolosi.com.br\/index.php\/2023\/12\/13\/saiba-o-valor-do-imposto-aprovado-no-senado\/","title":{"rendered":"saiba o valor do imposto aprovado no Senado"},"content":{"rendered":"<p> <br \/>\n<\/p>\n<div>\n<p>Em vota\u00e7\u00e3o simb\u00f3lica, o Plen\u00e1rio do <a href=\"https:\/\/www12.senado.leg.br\/hpsenado\" target=\"_blank\" rel=\"noopener\">Senado<\/a> aprovou nesta ter\u00e7a-feira, 12, o texto-base da regulamenta\u00e7\u00e3o das <a href=\"https:\/\/catracalivre.com.br\/cupom\/cupom-de-desconto-aposta-online\">apostas esportivas online<\/a>. Por sofrer altera\u00e7\u00f5es, o projeto ter\u00e1 de voltar \u00e0 <a href=\"https:\/\/catracalivre.com.br\/cidadania\/ativistas-realizam-beijo-gay-no-plenario-da-camara-dos-deputados\/\">C\u00e2mara<\/a>.<\/p>\n<p>Pelo texto, as apostas em resultados de eventos <a href=\"https:\/\/catracalivre.com.br\/tag\/esporte\/\">esportivos<\/a> reais, como partidas de <a href=\"https:\/\/catracalivre.com.br\/tag\/futebol\/\">futebol<\/a> e de v\u00f4lei, passar\u00e3o a pagar imposto.<\/p>\n<div id=\"attachment_2327733\" class=\"wp-caption aligncenter\">\n<div class=\"d-flex justify-content-center\" data-attachment-id=\"2327733\">\n<div class=\"position-relative d-inline-block\"><img data-recalc-dims=\"1\" data-portal-copyright=\"Istock\/andresr\" fetchpriority=\"high\" decoding=\"async\" class=\"size-large wp-image-2327733\" src=\"https:\/\/i0.wp.com\/catracalivre.com.br\/wp-content\/uploads\/2023\/12\/istock-1395058272-910x573.jpg?resize=910%2C573&#038;ssl=1\" alt=\"Apostas esportivas online: saiba o valor do imposto aprovado no Senado\" width=\"910\" height=\"573\" srcset=\"https:\/\/catracalivre.com.br\/wp-content\/uploads\/2023\/12\/istock-1395058272-910x573.jpg 910w, https:\/\/catracalivre.com.br\/wp-content\/uploads\/2023\/12\/istock-1395058272-450x283.jpg 450w, https:\/\/catracalivre.com.br\/wp-content\/uploads\/2023\/12\/istock-1395058272-768x484.jpg 768w\" sizes=\"(max-width: 910px) 100vw, 910px\"\/><\/p>\n<p>Cr\u00e9ditos: Istock\/andresr<\/p>\n<\/div>\n<\/div>\n<p><span class=\"post-imagem__legenda\">Apostas esportivas online: saiba o valor do imposto aprovado no Senado<\/span><\/p>\n<\/div>\n<p>Aprovado na comiss\u00e3o, o texto prev\u00ea a tributa\u00e7\u00e3o de 12% sobre o faturamento das empresas que exploram esse tipo de aposta. Na proposta original, o governo pretendia cobrar 18%, mas a al\u00edquota foi reduzida pelo relator, senador \u00c2ngelo Coronel (PSD-BA), na Comiss\u00e3o de Assuntos Econ\u00f4micos do Senado.<\/p>\n<p>As empresas tamb\u00e9m ter\u00e3o de pagar uma outorga de at\u00e9 R$ 30 milh\u00f5es para funcionarem legalmente por cinco anos, com uma mesma empresa podendo pagar o valor para operar at\u00e9 tr\u00eas marcas comerciais. O texto original estipulava a renova\u00e7\u00e3o a cada tr\u00eas anos.<\/p>\n<p>Os apostadores ser\u00e3o tributados em 15% sobre os ganhos que ficarem acima da isen\u00e7\u00e3o do Imposto de Renda, atualmente em R$ 2.112. Inicialmente, o governo pretendia cobrar 30%.<\/p>\n<p>O projeto tamb\u00e9m faz parte do pacote do governo para zerar o d\u00e9ficit prim\u00e1rio em 2024. Ao longo do ano, a estimativa de arrecada\u00e7\u00e3o variou. No in\u00edcio do ano, o governo previa arrecadar R$ 3,2 bilh\u00f5es neste ano e R$ 6 bilh\u00f5es em 2024.<\/p>\n<p>Com o atraso na vota\u00e7\u00e3o em 2023, a previs\u00e3o para 2023 foi zerada e caiu para R$ 700 milh\u00f5es em 2024. Com as mudan\u00e7as no Senado, a estimativa poder\u00e1 ser ainda mais reduzida.<\/p>\n<p>Ap\u00f3s aprovar o texto-base, o Plen\u00e1rio aprovou um destaque, do senador Carlos Portinho (PL-RJ) para refor\u00e7ar a proibi\u00e7\u00e3o da regulamenta\u00e7\u00e3o de eventos online, n\u00e3o atrelados a partidas esportivas. A medida mant\u00e9m a ilegalidade dos cassinos online e desidrata ainda mais o projeto do governo.<\/p>\n<p>Durante a tramita\u00e7\u00e3o na Comiss\u00e3o de Assuntos Econ\u00f4micos, os senadores inclu\u00edram exig\u00eancias para as empresas de apostas esportivas operarem no pa\u00eds. Elas dever\u00e3o ter pelo menos uma pessoa brasileira como s\u00f3cia, que detenha no m\u00ednimo 20% do capital social.<\/p>\n<p>Al\u00e9m disso, o s\u00f3cio ou acionista n\u00e3o poder\u00e1 ter participa\u00e7\u00e3o, direta ou indireta, em sociedades an\u00f4nimas de futebol, nem ser dirigente de equipe desportiva no Brasil. Eles tamb\u00e9m n\u00e3o poder\u00e3o atuar em Institui\u00e7\u00f5es financeiras e de pagamento que processem apostas em quota fixa.<\/p>\n<p><em>Com informa\u00e7\u00f5es da Ag\u00eancia Brasil.<\/em><\/p>\n<\/div>\n<p><script>\n\t\t! function(f, b, e, v, n, t, s) {\n\t\t\tif (f.fbq) return;\n\t\t\tn = f.fbq = function() {\n\t\t\t\tn.callMethod ?\n\t\t\t\t\tn.callMethod.apply(n, arguments) : n.queue.push(arguments)\n\t\t\t};\n\t\t\tif (!f._fbq) f._fbq = n;\n\t\t\tn.push = n;\n\t\t\tn.loaded = !0;\n\t\t\tn.version = '2.0';\n\t\t\tn.queue = [];\n\t\t\tt = b.createElement(e);\n\t\t\tt.async = !0;\n\t\t\tt.src = v;\n\t\t\ts = b.getElementsByTagName(e)[0];\n\t\t\ts.parentNode.insertBefore(t, s)\n\t\t}(window, document, 'script',\n\t\t\t'https:\/\/connect.facebook.net\/en_US\/fbevents.js');\n\t\tfbq('init', '338315473262380');\n\t\tfbq('track', 'PageView');\n\t<\/script><br \/>\n<br \/><br \/>\n<br \/><a href=\"https:\/\/catracalivre.com.br\/cidadania\/apostas-esportivas-online-saiba-o-valor-do-imposto-aprovado-no-senado\/\">Source link <\/a><\/p>\n<div class='code-block code-block-4' style='margin: 8px auto 8px 0; text-align: left; display: block; clear: both;'>\n\ud83d\udce2 Aviso Legal\n\nO site ismaelcolosi.com.br atua apenas como um canal de divulga\u00e7\u00e3o de oportunidades de emprego e n\u00e3o se responsabiliza pelo processo seletivo, contrata\u00e7\u00e3o ou qualquer outra etapa relacionada \u00e0s vagas publicadas. Todas as informa\u00e7\u00f5es s\u00e3o de responsabilidade dos anunciantes.\n\n\u26a0\ufe0f Aten\u00e7\u00e3o! Nunca pague por promessas de emprego nem compre cursos que garantam contrata\u00e7\u00e3o. Desconfie de qualquer cobran\u00e7a para participar de sele\u00e7\u00f5es.\n\n\n\n<\/div>\n<!-- CONTENT END 1 -->\n","protected":false},"excerpt":{"rendered":"<p>Em vota\u00e7\u00e3o simb\u00f3lica, o Plen\u00e1rio do Senado aprovou nesta ter\u00e7a-feira, 12, o texto-base da regulamenta\u00e7\u00e3o das apostas esportivas online. Por sofrer altera\u00e7\u00f5es, o projeto ter\u00e1&#8230;<\/p>\n","protected":false},"author":1,"featured_media":15368,"comment_status":"open","ping_status":"open","sticky":false,"template":"","format":"standard","meta":{"_uag_custom_page_level_css":"","advanced_seo_description":"","jetpack_seo_html_title":"","jetpack_seo_noindex":false,"jetpack_post_was_ever_published":false,"_jetpack_newsletter_access":"","_jetpack_dont_email_post_to_subs":false,"_jetpack_newsletter_tier_id":0,"_jetpack_memberships_contains_paywalled_content":false,"_jetpack_memberships_contains_paid_content":false,"footnotes":"","jetpack_publicize_message":"","jetpack_publicize_feature_enabled":true,"jetpack_social_post_already_shared":true,"jetpack_social_options":{"image_generator_settings":{"template":"highway","default_image_id":0,"font":"","enabled":false},"version":2}},"categories":[19],"tags":[],"class_list":["post-15367","post","type-post","status-publish","format-standard","has-post-thumbnail","hentry","category-variedades"],"jetpack_publicize_connections":[],"jetpack_featured_media_url":"https:\/\/i0.wp.com\/ismaelcolosi.com.br\/wp-content\/uploads\/2023\/12\/istock-1395058272.jpg?fit=1200%2C638&ssl=1","uagb_featured_image_src":{"full":["https:\/\/i0.wp.com\/ismaelcolosi.com.br\/wp-content\/uploads\/2023\/12\/istock-1395058272.jpg?fit=1200%2C638&ssl=1",1200,638,false],"thumbnail":["https:\/\/i0.wp.com\/ismaelcolosi.com.br\/wp-content\/uploads\/2023\/12\/istock-1395058272.jpg?resize=150%2C150&ssl=1",150,150,true],"medium":["https:\/\/i0.wp.com\/ismaelcolosi.com.br\/wp-content\/uploads\/2023\/12\/istock-1395058272.jpg?fit=300%2C160&ssl=1",300,160,true],"medium_large":["https:\/\/i0.wp.com\/ismaelcolosi.com.br\/wp-content\/uploads\/2023\/12\/istock-1395058272.jpg?fit=768%2C408&ssl=1",768,408,true],"large":["https:\/\/i0.wp.com\/ismaelcolosi.com.br\/wp-content\/uploads\/2023\/12\/istock-1395058272.jpg?fit=1024%2C544&ssl=1",1024,544,true],"1536x1536":["https:\/\/i0.wp.com\/ismaelcolosi.com.br\/wp-content\/uploads\/2023\/12\/istock-1395058272.jpg?fit=1200%2C638&ssl=1",1200,638,true],"2048x2048":["https:\/\/i0.wp.com\/ismaelcolosi.com.br\/wp-content\/uploads\/2023\/12\/istock-1395058272.jpg?fit=1200%2C638&ssl=1",1200,638,true],"really-simple-thumb":["https:\/\/i0.wp.com\/ismaelcolosi.com.br\/wp-content\/uploads\/2023\/12\/istock-1395058272.jpg?resize=370%2C247&ssl=1",370,247,true]},"uagb_author_info":{"display_name":"ismaelcolosi.com.br","author_link":"https:\/\/ismaelcolosi.com.br\/index.php\/author\/vidareal-online\/"},"uagb_comment_info":0,"uagb_excerpt":"Em vota\u00e7\u00e3o simb\u00f3lica, o Plen\u00e1rio do Senado aprovou nesta ter\u00e7a-feira, 12, o texto-base da regulamenta\u00e7\u00e3o das apostas esportivas online. Por sofrer altera\u00e7\u00f5es, o projeto ter\u00e1...","jetpack-related-posts":[{"id":15667,"url":"https:\/\/ismaelcolosi.com.br\/index.php\/2023\/12\/14\/apostas-esportivas-online-serao-taxadas-decide-senado\/","url_meta":{"origin":15367,"position":0},"title":"Apostas esportivas online ser\u00e3o taxadas, decide Senado","author":"ismaelcolosi.com.br","date":"14 de December de 2023","format":false,"excerpt":"Em vota\u00e7\u00e3o simb\u00f3lica, o Plen\u00e1rio do Senado aprovou nesta ter\u00e7a-feira, 12, o texto-base da regulamenta\u00e7\u00e3o das apostas esportivas online. Por sofrer altera\u00e7\u00f5es, o projeto ter\u00e1 de voltar \u00e0 C\u00e2mara. Pelo texto, as apostas em resultados de eventos esportivos reais, como partidas de futebol e de v\u00f4lei, passar\u00e3o a pagar imposto.\u2026","rel":"","context":"In &quot;Variedades&quot;","block_context":{"text":"Variedades","link":"https:\/\/ismaelcolosi.com.br\/index.php\/category\/variedades\/"},"img":{"alt_text":"","src":"https:\/\/i0.wp.com\/ismaelcolosi.com.br\/wp-content\/uploads\/2023\/12\/istock-1361405649.jpg?fit=1200%2C638&ssl=1&resize=350%2C200","width":350,"height":200,"srcset":"https:\/\/i0.wp.com\/ismaelcolosi.com.br\/wp-content\/uploads\/2023\/12\/istock-1361405649.jpg?fit=1200%2C638&ssl=1&resize=350%2C200 1x, https:\/\/i0.wp.com\/ismaelcolosi.com.br\/wp-content\/uploads\/2023\/12\/istock-1361405649.jpg?fit=1200%2C638&ssl=1&resize=525%2C300 1.5x, https:\/\/i0.wp.com\/ismaelcolosi.com.br\/wp-content\/uploads\/2023\/12\/istock-1361405649.jpg?fit=1200%2C638&ssl=1&resize=700%2C400 2x, https:\/\/i0.wp.com\/ismaelcolosi.com.br\/wp-content\/uploads\/2023\/12\/istock-1361405649.jpg?fit=1200%2C638&ssl=1&resize=1050%2C600 3x"},"classes":[]},{"id":774,"url":"https:\/\/ismaelcolosi.com.br\/index.php\/2023\/11\/09\/senado-aprova-texto-da-reforma-tributaria\/","url_meta":{"origin":15367,"position":1},"title":"Senado aprova texto da reforma tribut\u00e1ria","author":"ismaelcolosi.com.br","date":"9 de November de 2023","format":false,"excerpt":"O Senado aprovou nesta quarta-feira, 8 de novembro, em dois turnos, o texto-base da reforma tribut\u00e1ria por 53 votos a 24. A aprova\u00e7\u00e3o se deu por uma margem apertada, j\u00e1 que eram necess\u00e1rios 49 votos para que o texto tivesse a chancela dos senadores. Como passou por modifica\u00e7\u00f5es no Senado\u2026","rel":"","context":"In &quot;Not\u00edcias de Ribeir\u00e3o Preto-SP e Regi\u00e3o&quot;","block_context":{"text":"Not\u00edcias de Ribeir\u00e3o Preto-SP e Regi\u00e3o","link":"https:\/\/ismaelcolosi.com.br\/index.php\/category\/noticias-de-ribeirao-preto-sp-e-regiao-ismael-colosi\/"},"img":{"alt_text":"","src":"https:\/\/i0.wp.com\/ismaelcolosi.com.br\/wp-content\/uploads\/2023\/11\/reformatributaria-1-scaled.jpg?fit=1000%2C598&ssl=1&resize=350%2C200","width":350,"height":200,"srcset":"https:\/\/i0.wp.com\/ismaelcolosi.com.br\/wp-content\/uploads\/2023\/11\/reformatributaria-1-scaled.jpg?fit=1000%2C598&ssl=1&resize=350%2C200 1x, https:\/\/i0.wp.com\/ismaelcolosi.com.br\/wp-content\/uploads\/2023\/11\/reformatributaria-1-scaled.jpg?fit=1000%2C598&ssl=1&resize=525%2C300 1.5x, https:\/\/i0.wp.com\/ismaelcolosi.com.br\/wp-content\/uploads\/2023\/11\/reformatributaria-1-scaled.jpg?fit=1000%2C598&ssl=1&resize=700%2C400 2x"},"classes":[]},{"id":16921,"url":"https:\/\/ismaelcolosi.com.br\/index.php\/2023\/12\/16\/aprovada-reforma-tributaria-historica\/","url_meta":{"origin":15367,"position":2},"title":"Aprovada reforma tribut\u00e1ria hist\u00f3rica\u00a0 &#8211; Jornal Tribuna Ribeir\u00e3o","author":"ismaelcolosi.com.br","date":"16 de December de 2023","format":false,"excerpt":"Ap\u00f3s 30 anos de tentativas frustradas, a C\u00e2mara dos Deputados aprovou, em vota\u00e7\u00e3o hist\u00f3rica nesta sexta-feira, 15 de dezembro, o texto final da Proposta de Emenda \u00e0 Constitui\u00e7\u00e3o (PEC) da Reforma Tribut\u00e1ria. \u00c9 a primeira grande mudan\u00e7a no sistema de tributos desde o fim da ditadura militar no pa\u00eds. \u00a0\u00a0A\u2026","rel":"","context":"In &quot;Not\u00edcias de Ribeir\u00e3o Preto-SP e Regi\u00e3o&quot;","block_context":{"text":"Not\u00edcias de Ribeir\u00e3o Preto-SP e Regi\u00e3o","link":"https:\/\/ismaelcolosi.com.br\/index.php\/category\/noticias-de-ribeirao-preto-sp-e-regiao-ismael-colosi\/"},"img":{"alt_text":"","src":"https:\/\/i0.wp.com\/ismaelcolosi.com.br\/wp-content\/uploads\/2023\/12\/Tributo-Lula-Marques-Ag.Br_-scaled.jpg?fit=1000%2C590&ssl=1&resize=350%2C200","width":350,"height":200,"srcset":"https:\/\/i0.wp.com\/ismaelcolosi.com.br\/wp-content\/uploads\/2023\/12\/Tributo-Lula-Marques-Ag.Br_-scaled.jpg?fit=1000%2C590&ssl=1&resize=350%2C200 1x, https:\/\/i0.wp.com\/ismaelcolosi.com.br\/wp-content\/uploads\/2023\/12\/Tributo-Lula-Marques-Ag.Br_-scaled.jpg?fit=1000%2C590&ssl=1&resize=525%2C300 1.5x, https:\/\/i0.wp.com\/ismaelcolosi.com.br\/wp-content\/uploads\/2023\/12\/Tributo-Lula-Marques-Ag.Br_-scaled.jpg?fit=1000%2C590&ssl=1&resize=700%2C400 2x"},"classes":[]},{"id":17642,"url":"https:\/\/ismaelcolosi.com.br\/index.php\/2023\/12\/18\/o-que-muda-com-reforma-tributaria\/","url_meta":{"origin":15367,"position":3},"title":"o que muda com reforma tribut\u00e1ria","author":"ismaelcolosi.com.br","date":"18 de December de 2023","format":false,"excerpt":"Aprovada na sexta-feira, 15, ap\u00f3s 30 anos de discuss\u00e3o, a reforma tribut\u00e1ria simplificar\u00e1 a tributa\u00e7\u00e3o sobre o consumo e provocar\u00e1 mudan\u00e7a na vida dos brasileiros na hora de comprar produtos e servi\u00e7os. Cr\u00e9ditos: istock\/joa_souzaCesta b\u00e1sica, combust\u00edvel, servi\u00e7os: o que muda com reforma tribut\u00e1ria Cesta b\u00e1sica, rem\u00e9dios, combust\u00edveis, servi\u00e7os de internet\u2026","rel":"","context":"In &quot;Variedades&quot;","block_context":{"text":"Variedades","link":"https:\/\/ismaelcolosi.com.br\/index.php\/category\/variedades\/"},"img":{"alt_text":"","src":"https:\/\/i0.wp.com\/ismaelcolosi.com.br\/wp-content\/uploads\/2023\/12\/istock-1344796730.jpg?fit=1200%2C638&ssl=1&resize=350%2C200","width":350,"height":200,"srcset":"https:\/\/i0.wp.com\/ismaelcolosi.com.br\/wp-content\/uploads\/2023\/12\/istock-1344796730.jpg?fit=1200%2C638&ssl=1&resize=350%2C200 1x, https:\/\/i0.wp.com\/ismaelcolosi.com.br\/wp-content\/uploads\/2023\/12\/istock-1344796730.jpg?fit=1200%2C638&ssl=1&resize=525%2C300 1.5x, https:\/\/i0.wp.com\/ismaelcolosi.com.br\/wp-content\/uploads\/2023\/12\/istock-1344796730.jpg?fit=1200%2C638&ssl=1&resize=700%2C400 2x, https:\/\/i0.wp.com\/ismaelcolosi.com.br\/wp-content\/uploads\/2023\/12\/istock-1344796730.jpg?fit=1200%2C638&ssl=1&resize=1050%2C600 3x"},"classes":[]},{"id":17802,"url":"https:\/\/ismaelcolosi.com.br\/index.php\/2023\/12\/19\/veja-o-que-fica-mais-barato-e-o-que-fica-mais-caro\/","url_meta":{"origin":15367,"position":4},"title":"veja o que fica mais barato e o que fica mais caro","author":"ismaelcolosi.com.br","date":"19 de December de 2023","format":false,"excerpt":"Aprovada na sexta-feira, 15, ap\u00f3s 30 anos de discuss\u00e3o, a reforma tribut\u00e1ria simplificar\u00e1 a tributa\u00e7\u00e3o sobre o consumo e provocar\u00e1 mudan\u00e7a na vida dos brasileiros na hora de comprar produtos e servi\u00e7os. Cr\u00e9ditos: Istock\/Edson SouzaReforma tribut\u00e1ria: Veja o que fica mais barato e o que fica mais caro Cesta b\u00e1sica,\u2026","rel":"","context":"In &quot;Variedades&quot;","block_context":{"text":"Variedades","link":"https:\/\/ismaelcolosi.com.br\/index.php\/category\/variedades\/"},"img":{"alt_text":"","src":"https:\/\/i0.wp.com\/ismaelcolosi.com.br\/wp-content\/uploads\/2023\/12\/istock-1379164747.jpg?fit=1200%2C638&ssl=1&resize=350%2C200","width":350,"height":200,"srcset":"https:\/\/i0.wp.com\/ismaelcolosi.com.br\/wp-content\/uploads\/2023\/12\/istock-1379164747.jpg?fit=1200%2C638&ssl=1&resize=350%2C200 1x, https:\/\/i0.wp.com\/ismaelcolosi.com.br\/wp-content\/uploads\/2023\/12\/istock-1379164747.jpg?fit=1200%2C638&ssl=1&resize=525%2C300 1.5x, https:\/\/i0.wp.com\/ismaelcolosi.com.br\/wp-content\/uploads\/2023\/12\/istock-1379164747.jpg?fit=1200%2C638&ssl=1&resize=700%2C400 2x, https:\/\/i0.wp.com\/ismaelcolosi.com.br\/wp-content\/uploads\/2023\/12\/istock-1379164747.jpg?fit=1200%2C638&ssl=1&resize=1050%2C600 3x"},"classes":[]},{"id":35598,"url":"https:\/\/ismaelcolosi.com.br\/index.php\/2024\/02\/06\/comissao-do-senado-aprova-fim-da-saidinha-para-presos\/","url_meta":{"origin":15367,"position":5},"title":"Comiss\u00e3o do Senado aprova fim da &#8220;saidinha&#8221; para presos","author":"ismaelcolosi.com.br","date":"6 de February de 2024","format":false,"excerpt":"6 de fevereiro de 2024 | 18:26 0A Comiss\u00e3o de Seguran\u00e7a P\u00fablica (CSP) do Senado aprovou nesta ter\u00e7a-feira (6) projeto de lei que acaba com a concess\u00e3o do benef\u00edcio da sa\u00edda tempor\u00e1ria a presos, mantendo apenas para que possam estudar. Os parlamentares aprovaram urg\u00eancia para vota\u00e7\u00e3o do texto em plen\u00e1rio,\u2026","rel":"","context":"In &quot;Not\u00edcias de Ribeir\u00e3o Preto-SP e Regi\u00e3o&quot;","block_context":{"text":"Not\u00edcias de Ribeir\u00e3o Preto-SP e Regi\u00e3o","link":"https:\/\/ismaelcolosi.com.br\/index.php\/category\/noticias-de-ribeirao-preto-sp-e-regiao-ismael-colosi\/"},"img":{"alt_text":"","src":"https:\/\/i0.wp.com\/ismaelcolosi.com.br\/wp-content\/uploads\/2024\/02\/6058b772-3f07-4b3b-b176-3cfdf6a6c1ac-scaled.jpg?fit=1000%2C598&ssl=1&resize=350%2C200","width":350,"height":200,"srcset":"https:\/\/i0.wp.com\/ismaelcolosi.com.br\/wp-content\/uploads\/2024\/02\/6058b772-3f07-4b3b-b176-3cfdf6a6c1ac-scaled.jpg?fit=1000%2C598&ssl=1&resize=350%2C200 1x, https:\/\/i0.wp.com\/ismaelcolosi.com.br\/wp-content\/uploads\/2024\/02\/6058b772-3f07-4b3b-b176-3cfdf6a6c1ac-scaled.jpg?fit=1000%2C598&ssl=1&resize=525%2C300 1.5x, https:\/\/i0.wp.com\/ismaelcolosi.com.br\/wp-content\/uploads\/2024\/02\/6058b772-3f07-4b3b-b176-3cfdf6a6c1ac-scaled.jpg?fit=1000%2C598&ssl=1&resize=700%2C400 2x"},"classes":[]}],"jetpack_sharing_enabled":true,"jetpack_shortlink":"https:\/\/wp.me\/pfMlyK-3ZR","_links":{"self":[{"href":"https:\/\/ismaelcolosi.com.br\/index.php\/wp-json\/wp\/v2\/posts\/15367","targetHints":{"allow":["GET"]}}],"collection":[{"href":"https:\/\/ismaelcolosi.com.br\/index.php\/wp-json\/wp\/v2\/posts"}],"about":[{"href":"https:\/\/ismaelcolosi.com.br\/index.php\/wp-json\/wp\/v2\/types\/post"}],"author":[{"embeddable":true,"href":"https:\/\/ismaelcolosi.com.br\/index.php\/wp-json\/wp\/v2\/users\/1"}],"replies":[{"embeddable":true,"href":"https:\/\/ismaelcolosi.com.br\/index.php\/wp-json\/wp\/v2\/comments?post=15367"}],"version-history":[{"count":0,"href":"https:\/\/ismaelcolosi.com.br\/index.php\/wp-json\/wp\/v2\/posts\/15367\/revisions"}],"wp:featuredmedia":[{"embeddable":true,"href":"https:\/\/ismaelcolosi.com.br\/index.php\/wp-json\/wp\/v2\/media\/15368"}],"wp:attachment":[{"href":"https:\/\/ismaelcolosi.com.br\/index.php\/wp-json\/wp\/v2\/media?parent=15367"}],"wp:term":[{"taxonomy":"category","embeddable":true,"href":"https:\/\/ismaelcolosi.com.br\/index.php\/wp-json\/wp\/v2\/categories?post=15367"},{"taxonomy":"post_tag","embeddable":true,"href":"https:\/\/ismaelcolosi.com.br\/index.php\/wp-json\/wp\/v2\/tags?post=15367"}],"curies":[{"name":"wp","href":"https:\/\/api.w.org\/{rel}","templated":true}]}}