{"id":15341,"date":"2023-12-13T14:47:53","date_gmt":"2023-12-13T17:47:53","guid":{"rendered":"https:\/\/ismaelcolosi.com.br\/index.php\/2023\/12\/13\/natal-quinteto-de-cordas-se-apresenta-em-shopping-de-ribeirao-preto\/"},"modified":"2023-12-13T14:47:53","modified_gmt":"2023-12-13T17:47:53","slug":"natal-quinteto-de-cordas-se-apresenta-em-shopping-de-ribeirao-preto","status":"publish","type":"post","link":"https:\/\/ismaelcolosi.com.br\/index.php\/2023\/12\/13\/natal-quinteto-de-cordas-se-apresenta-em-shopping-de-ribeirao-preto\/","title":{"rendered":"Natal: Quinteto de Cordas se apresenta em shopping de Ribeir\u00e3o Preto\u00a0"},"content":{"rendered":"<p> <br \/>\n<\/p>\n<div data-td-block-uid=\"tdi_104\">\n<div class=\"tdb-block-inner td-fix-index\">\n<p>O<strong> Quinteto de Cordas da Orquestra Sinf\u00f4nica de Ribeir\u00e3o Preto<\/strong>, realiza, nesta quarta-feira (13), uma apresenta\u00e7\u00e3o no Ribeir\u00e3oShopping, localizado na zona Sul da cidade. O <strong>evento <\/strong>\u00e9 <strong>gratuito <\/strong>ao p\u00fablico.<\/p>\n<p><strong>O evento tem entrada gratuita e acontece \u00e0s 18h30<\/strong>, pr\u00f3ximo ao cinema. O espet\u00e1culo faz parte da s\u00e9rie <strong>\u2018M\u00fasica Solid\u00e1ria\u2019<\/strong>.  \u00a0<\/p>\n<h4 class=\"wp-block-heading\"><strong>Outra apresenta\u00e7\u00e3o <\/strong>\u00a0<\/h4>\n<p>Na pr\u00f3xima quarta-feira (20), \u00e0s 19h, e no dia 20 de dezembro, \u00e0s 19h, o Quinteto de Cordas realiza outras apresenta\u00e7\u00f5es gratuitas no mesmo shopping. <\/p>\n<p><strong>SERVI\u00c7O<\/strong>\u00a0<\/p>\n<p><em>Quinteto de Cordas da Orquestra Sinf\u00f4nica de Ribeir\u00e3o Preto<\/em>\u00a0<\/p>\n<p>Data: 13\/12 e 20\/12\u00a0<br \/>Hor\u00e1rio: \u00e0s 18h30\u00a0<br \/>Entrada: gratuita\u00a0<br \/>Local: Alameda Gourmet Ribeir\u00e3oShopping \u2013 Av. Cel. Fernando Ferreira Leite, 1.540, Jardim Calif\u00f3rnia\u00a0<\/p>\n<p>Data: 20\/12\u00a0<br \/>Hor\u00e1rio: 19h\u00a0<br \/>Entrada: gratuita\u00a0<br \/>Local: Alameda Gourmet Ribeir\u00e3oShopping \u2013 Av. Cel. Fernando Ferreira Leite, 1.540, Jardim Calif\u00f3rnia\u00a0<\/p>\n<p>LEIA MAIS<\/p>\n<p>Onda de calor: veja como cuidar da sa\u00fade durante as altas temperaturas<\/p>\n<h4 class=\"wp-block-heading\"><strong>FIQUE ON\u00a0<\/strong><\/h4>\n<p>Fique ligado em tudo que acontece em Ribeir\u00e3o Preto e regi\u00e3o. Siga os perfis do<strong>\u00a0acidade on<\/strong>\u00a0no\u00a0<a href=\"https:\/\/www.instagram.com\/acidadeonribeirao\" target=\"_blank\" rel=\"noreferrer noopener\">Instagram\u00a0<\/a>e no\u00a0<a href=\"https:\/\/www.facebook.com\/acidadeonribeirao\" target=\"_blank\" rel=\"noreferrer noopener\">Facebook.<\/a><\/p>\n<p>Receba not\u00edcias do\u00a0<strong>acidade on\u00a0<\/strong>no WhatsApp.\u00a0<a href=\"https:\/\/chat.whatsapp.com\/Bnv2w66ZT4VDyZW3oiZ69n\" target=\"_blank\" rel=\"noreferrer noopener\">Para entrar no grupo, basta clicar aqui.<\/a><\/p>\n<p>Fa\u00e7a uma den\u00fancia ou sugira uma reportagem sobre Ribeir\u00e3o Preto e regi\u00e3o pelo WhatsApp:\u00a0<strong>16 99117 7802.<\/strong><\/p>\n<p>VEJA TAMB\u00c9M \u00a0<\/p>\n<p><a href=\"https:\/\/www.tudoep.com\/tudo-inovacao\/NOT,0,0,1868724,o-que-e-o-golpe-do-engajamento.aspx\" target=\"_blank\" rel=\"noreferrer noopener\">O que \u00e9 o golpe do engajamento?<\/a><\/p>\n<p><!-- AI CONTENT END 1 -->\n<\/div>\n<\/div>\n<p><script async src=\"\/\/www.instagram.com\/embed.js\"><\/script><br \/>\n<br \/><br \/>\n<br \/><a href=\"https:\/\/www.acidadeon.com\/ribeiraopreto\/lazer-e-cultura\/natal-quinteto-de-cordas-se-apresenta-em-shopping-de-ribeirao-preto\/\">Source link <\/a><\/p>\n<div class='code-block code-block-4' style='margin: 8px auto 8px 0; text-align: left; display: block; clear: both;'>\n\ud83d\udce2 Aviso Legal\n\nO site ismaelcolosi.com.br atua apenas como um canal de divulga\u00e7\u00e3o de oportunidades de emprego e n\u00e3o se responsabiliza pelo processo seletivo, contrata\u00e7\u00e3o ou qualquer outra etapa relacionada \u00e0s vagas publicadas. Todas as informa\u00e7\u00f5es s\u00e3o de responsabilidade dos anunciantes.\n\n\u26a0\ufe0f Aten\u00e7\u00e3o! Nunca pague por promessas de emprego nem compre cursos que garantam contrata\u00e7\u00e3o. Desconfie de qualquer cobran\u00e7a para participar de sele\u00e7\u00f5es.\n\n\n\n<\/div>\n<!-- CONTENT END 1 -->\n","protected":false},"excerpt":{"rendered":"<p>O Quinteto de Cordas da Orquestra Sinf\u00f4nica de Ribeir\u00e3o Preto, realiza, nesta quarta-feira (13), uma apresenta\u00e7\u00e3o no Ribeir\u00e3oShopping, localizado na zona Sul da cidade. O&#8230;<\/p>\n","protected":false},"author":1,"featured_media":15342,"comment_status":"open","ping_status":"open","sticky":false,"template":"","format":"standard","meta":{"_uag_custom_page_level_css":"","advanced_seo_description":"","jetpack_seo_html_title":"","jetpack_seo_noindex":false,"jetpack_post_was_ever_published":false,"_jetpack_newsletter_access":"","_jetpack_dont_email_post_to_subs":false,"_jetpack_newsletter_tier_id":0,"_jetpack_memberships_contains_paywalled_content":false,"_jetpack_memberships_contains_paid_content":false,"footnotes":"","jetpack_publicize_message":"","jetpack_publicize_feature_enabled":true,"jetpack_social_post_already_shared":true,"jetpack_social_options":{"image_generator_settings":{"template":"highway","default_image_id":0,"font":"","enabled":false},"version":2}},"categories":[11],"tags":[56,2081,288,27,2080,26,302],"class_list":["post-15341","post","type-post","status-publish","format-standard","has-post-thumbnail","hentry","category-noticias-de-ribeirao-preto-sp-e-regiao-ismael-colosi","tag-apresenta","tag-cordas","tag-natal","tag-preto","tag-quinteto","tag-ribeirao","tag-shopping"],"jetpack_publicize_connections":[],"jetpack_featured_media_url":"https:\/\/i0.wp.com\/ismaelcolosi.com.br\/wp-content\/uploads\/2023\/12\/sinfxnica-1068x629-1.jpg?fit=1068%2C629&ssl=1","uagb_featured_image_src":{"full":["https:\/\/i0.wp.com\/ismaelcolosi.com.br\/wp-content\/uploads\/2023\/12\/sinfxnica-1068x629-1.jpg?fit=1068%2C629&ssl=1",1068,629,false],"thumbnail":["https:\/\/i0.wp.com\/ismaelcolosi.com.br\/wp-content\/uploads\/2023\/12\/sinfxnica-1068x629-1.jpg?resize=150%2C150&ssl=1",150,150,true],"medium":["https:\/\/i0.wp.com\/ismaelcolosi.com.br\/wp-content\/uploads\/2023\/12\/sinfxnica-1068x629-1.jpg?fit=300%2C177&ssl=1",300,177,true],"medium_large":["https:\/\/i0.wp.com\/ismaelcolosi.com.br\/wp-content\/uploads\/2023\/12\/sinfxnica-1068x629-1.jpg?fit=768%2C452&ssl=1",768,452,true],"large":["https:\/\/i0.wp.com\/ismaelcolosi.com.br\/wp-content\/uploads\/2023\/12\/sinfxnica-1068x629-1.jpg?fit=1024%2C603&ssl=1",1024,603,true],"1536x1536":["https:\/\/i0.wp.com\/ismaelcolosi.com.br\/wp-content\/uploads\/2023\/12\/sinfxnica-1068x629-1.jpg?fit=1068%2C629&ssl=1",1068,629,true],"2048x2048":["https:\/\/i0.wp.com\/ismaelcolosi.com.br\/wp-content\/uploads\/2023\/12\/sinfxnica-1068x629-1.jpg?fit=1068%2C629&ssl=1",1068,629,true],"really-simple-thumb":["https:\/\/i0.wp.com\/ismaelcolosi.com.br\/wp-content\/uploads\/2023\/12\/sinfxnica-1068x629-1.jpg?resize=370%2C247&ssl=1",370,247,true]},"uagb_author_info":{"display_name":"ismaelcolosi.com.br","author_link":"https:\/\/ismaelcolosi.com.br\/index.php\/author\/vidareal-online\/"},"uagb_comment_info":0,"uagb_excerpt":"O Quinteto de Cordas da Orquestra Sinf\u00f4nica de Ribeir\u00e3o Preto, realiza, nesta quarta-feira (13), uma apresenta\u00e7\u00e3o no Ribeir\u00e3oShopping, localizado na zona Sul da cidade. O...","jetpack-related-posts":[{"id":13273,"url":"https:\/\/ismaelcolosi.com.br\/index.php\/2023\/12\/09\/orquestra-faz-concerto-de-natal-na-escadaria-da-catedral-de-ribeirao\/","url_meta":{"origin":15341,"position":0},"title":"Orquestra faz concerto de Natal na escadaria da Catedral de Ribeir\u00e3o","author":"ismaelcolosi.com.br","date":"9 de December de 2023","format":false,"excerpt":"A Orquestra Sinf\u00f4nica de Ribeir\u00e3o Preto (Osrp), realiza, neste domingo (10), \u00e0s 20 horas, na escadaria da Catedral Metropolitana, o concerto da s\u00e9rie \u2018M\u00fasicas nas Igrejas\u2019, com report\u00f3rio de Natal. O evento \u00e9 gratuito, aberto ao p\u00fablico e vai disponibilizar 1.500 lugares. A realiza\u00e7\u00e3o \u00e9 da Osrp, Catedral e Sesc.\u2026","rel":"","context":"In &quot;Not\u00edcias de Ribeir\u00e3o Preto-SP e Regi\u00e3o&quot;","block_context":{"text":"Not\u00edcias de Ribeir\u00e3o Preto-SP e Regi\u00e3o","link":"https:\/\/ismaelcolosi.com.br\/index.php\/category\/noticias-de-ribeirao-preto-sp-e-regiao-ismael-colosi\/"},"img":{"alt_text":"","src":"https:\/\/i0.wp.com\/ismaelcolosi.com.br\/wp-content\/uploads\/2023\/12\/20220618_024226476_catedral_sao_1200x675_17062022004910-1.jpg?fit=1200%2C675&ssl=1&resize=350%2C200","width":350,"height":200,"srcset":"https:\/\/i0.wp.com\/ismaelcolosi.com.br\/wp-content\/uploads\/2023\/12\/20220618_024226476_catedral_sao_1200x675_17062022004910-1.jpg?fit=1200%2C675&ssl=1&resize=350%2C200 1x, https:\/\/i0.wp.com\/ismaelcolosi.com.br\/wp-content\/uploads\/2023\/12\/20220618_024226476_catedral_sao_1200x675_17062022004910-1.jpg?fit=1200%2C675&ssl=1&resize=525%2C300 1.5x, https:\/\/i0.wp.com\/ismaelcolosi.com.br\/wp-content\/uploads\/2023\/12\/20220618_024226476_catedral_sao_1200x675_17062022004910-1.jpg?fit=1200%2C675&ssl=1&resize=700%2C400 2x, https:\/\/i0.wp.com\/ismaelcolosi.com.br\/wp-content\/uploads\/2023\/12\/20220618_024226476_catedral_sao_1200x675_17062022004910-1.jpg?fit=1200%2C675&ssl=1&resize=1050%2C600 3x"},"classes":[]},{"id":49445,"url":"https:\/\/ismaelcolosi.com.br\/index.php\/2024\/05\/10\/shoppings-de-ribeirao-preto-tem-programacao-especial-para-o-dia-das-maes\/","url_meta":{"origin":15341,"position":1},"title":"Shoppings de Ribeir\u00e3o Preto t\u00eam programa\u00e7\u00e3o especial para o Dia das M\u00e3es","author":"ismaelcolosi.com.br","date":"10 de May de 2024","format":false,"excerpt":"O Dia das M\u00e3es \u00e9 comemorado no pr\u00f3ximo domingo, dia 12 de maio. E, para celebrar essa data, os shoppings de Ribeir\u00e3o Preto contam com uma programa\u00e7\u00e3o cultural especial. Confira: Santa \u00darsula\u00a0\u00a0 A Orquestra Sinf\u00f4nica de Ribeir\u00e3o Preto far\u00e1 apresenta\u00e7\u00e3o gratuita no domingo (12), na pra\u00e7a de alimenta\u00e7\u00e3o, das 13h\u2026","rel":"","context":"In &quot;Not\u00edcias de Ribeir\u00e3o Preto-SP e Regi\u00e3o&quot;","block_context":{"text":"Not\u00edcias de Ribeir\u00e3o Preto-SP e Regi\u00e3o","link":"https:\/\/ismaelcolosi.com.br\/index.php\/category\/noticias-de-ribeirao-preto-sp-e-regiao-ismael-colosi\/"},"img":{"alt_text":"","src":"https:\/\/i0.wp.com\/ismaelcolosi.com.br\/wp-content\/uploads\/2024\/05\/Copia-de-Copia-de-TAMANHO-EXATO-PARA-FOTOS-NO-SISTEMA-NOVO-3_2024-05-10_14-19-34_jpg_2024-05-10_14-19-34.webp.webp?fit=1200%2C675&ssl=1&resize=350%2C200","width":350,"height":200,"srcset":"https:\/\/i0.wp.com\/ismaelcolosi.com.br\/wp-content\/uploads\/2024\/05\/Copia-de-Copia-de-TAMANHO-EXATO-PARA-FOTOS-NO-SISTEMA-NOVO-3_2024-05-10_14-19-34_jpg_2024-05-10_14-19-34.webp.webp?fit=1200%2C675&ssl=1&resize=350%2C200 1x, https:\/\/i0.wp.com\/ismaelcolosi.com.br\/wp-content\/uploads\/2024\/05\/Copia-de-Copia-de-TAMANHO-EXATO-PARA-FOTOS-NO-SISTEMA-NOVO-3_2024-05-10_14-19-34_jpg_2024-05-10_14-19-34.webp.webp?fit=1200%2C675&ssl=1&resize=525%2C300 1.5x, https:\/\/i0.wp.com\/ismaelcolosi.com.br\/wp-content\/uploads\/2024\/05\/Copia-de-Copia-de-TAMANHO-EXATO-PARA-FOTOS-NO-SISTEMA-NOVO-3_2024-05-10_14-19-34_jpg_2024-05-10_14-19-34.webp.webp?fit=1200%2C675&ssl=1&resize=700%2C400 2x, https:\/\/i0.wp.com\/ismaelcolosi.com.br\/wp-content\/uploads\/2024\/05\/Copia-de-Copia-de-TAMANHO-EXATO-PARA-FOTOS-NO-SISTEMA-NOVO-3_2024-05-10_14-19-34_jpg_2024-05-10_14-19-34.webp.webp?fit=1200%2C675&ssl=1&resize=1050%2C600 3x"},"classes":[]},{"id":11269,"url":"https:\/\/ismaelcolosi.com.br\/index.php\/2023\/12\/05\/coral-realiza-apresentacoes-gratuitas-de-natal-em-ribeirao-preto\/","url_meta":{"origin":15341,"position":2},"title":"Coral realiza apresenta\u00e7\u00f5es gratuitas de Natal em Ribeir\u00e3o Preto\u00a0","author":"ismaelcolosi.com.br","date":"5 de December de 2023","format":false,"excerpt":"O Coral do Sincovarp (Sindicato do Com\u00e9rcio Varejista de Ribeir\u00e3o Preto) realiza uma s\u00e9rie de apresenta\u00e7\u00f5es natalinas em diferentes lugares de Ribeir\u00e3o Preto. A entrada \u00e9 gratuita. Os espet\u00e1culos acontecem durante os dias 5, 6, 11 e 12 de dezembro com reg\u00eancia do maestro Gabriel Locher. As apresenta\u00e7\u00f5es tamb\u00e9m tem\u2026","rel":"","context":"In &quot;Not\u00edcias de Ribeir\u00e3o Preto-SP e Regi\u00e3o&quot;","block_context":{"text":"Not\u00edcias de Ribeir\u00e3o Preto-SP e Regi\u00e3o","link":"https:\/\/ismaelcolosi.com.br\/index.php\/category\/noticias-de-ribeirao-preto-sp-e-regiao-ismael-colosi\/"},"img":{"alt_text":"","src":"https:\/\/i0.wp.com\/ismaelcolosi.com.br\/wp-content\/uploads\/2023\/12\/santa-hat-8413947_1280.jpg?fit=1200%2C821&ssl=1&resize=350%2C200","width":350,"height":200,"srcset":"https:\/\/i0.wp.com\/ismaelcolosi.com.br\/wp-content\/uploads\/2023\/12\/santa-hat-8413947_1280.jpg?fit=1200%2C821&ssl=1&resize=350%2C200 1x, https:\/\/i0.wp.com\/ismaelcolosi.com.br\/wp-content\/uploads\/2023\/12\/santa-hat-8413947_1280.jpg?fit=1200%2C821&ssl=1&resize=525%2C300 1.5x, https:\/\/i0.wp.com\/ismaelcolosi.com.br\/wp-content\/uploads\/2023\/12\/santa-hat-8413947_1280.jpg?fit=1200%2C821&ssl=1&resize=700%2C400 2x, https:\/\/i0.wp.com\/ismaelcolosi.com.br\/wp-content\/uploads\/2023\/12\/santa-hat-8413947_1280.jpg?fit=1200%2C821&ssl=1&resize=1050%2C600 3x"},"classes":[]},{"id":43184,"url":"https:\/\/ismaelcolosi.com.br\/index.php\/2024\/03\/19\/orquestra-sinfonica-de-ribeirao-preto-e-homenageada-com-exposicao-a-ceu-aberto\/","url_meta":{"origin":15341,"position":3},"title":"Orquestra Sinf\u00f4nica de Ribeir\u00e3o Preto \u00e9 homenageada com exposi\u00e7\u00e3o a c\u00e9u aberto","author":"ismaelcolosi.com.br","date":"19 de March de 2024","format":false,"excerpt":"Uma exposi\u00e7\u00e3o com fotos hist\u00f3ricas que retratam a trajet\u00f3ria dos 100 anos da Orquestra Sinf\u00f4nica de Ribeir\u00e3o Preto ser\u00e1 inaugurada nesta quinta-feira (20), em uma \u00e1rea aberta na alameda Gustavo Simioni, na Vila do Golf, zona Sul de Ribeir\u00e3o Preto. Durante o evento, que come\u00e7a \u00e0s 19h, o quarteto de\u2026","rel":"","context":"In &quot;Not\u00edcias de Ribeir\u00e3o Preto-SP e Regi\u00e3o&quot;","block_context":{"text":"Not\u00edcias de Ribeir\u00e3o Preto-SP e Regi\u00e3o","link":"https:\/\/ismaelcolosi.com.br\/index.php\/category\/noticias-de-ribeirao-preto-sp-e-regiao-ismael-colosi\/"},"img":{"alt_text":"","src":"https:\/\/i0.wp.com\/ismaelcolosi.com.br\/wp-content\/uploads\/2024\/03\/Copia-de-Copia-de-TAMANHO-EXATO-PARA-FOTOS-NO-SISTEMA-NOVO-69.jpg?fit=1200%2C675&ssl=1&resize=350%2C200","width":350,"height":200,"srcset":"https:\/\/i0.wp.com\/ismaelcolosi.com.br\/wp-content\/uploads\/2024\/03\/Copia-de-Copia-de-TAMANHO-EXATO-PARA-FOTOS-NO-SISTEMA-NOVO-69.jpg?fit=1200%2C675&ssl=1&resize=350%2C200 1x, https:\/\/i0.wp.com\/ismaelcolosi.com.br\/wp-content\/uploads\/2024\/03\/Copia-de-Copia-de-TAMANHO-EXATO-PARA-FOTOS-NO-SISTEMA-NOVO-69.jpg?fit=1200%2C675&ssl=1&resize=525%2C300 1.5x, https:\/\/i0.wp.com\/ismaelcolosi.com.br\/wp-content\/uploads\/2024\/03\/Copia-de-Copia-de-TAMANHO-EXATO-PARA-FOTOS-NO-SISTEMA-NOVO-69.jpg?fit=1200%2C675&ssl=1&resize=700%2C400 2x, https:\/\/i0.wp.com\/ismaelcolosi.com.br\/wp-content\/uploads\/2024\/03\/Copia-de-Copia-de-TAMANHO-EXATO-PARA-FOTOS-NO-SISTEMA-NOVO-69.jpg?fit=1200%2C675&ssl=1&resize=1050%2C600 3x"},"classes":[]},{"id":51005,"url":"https:\/\/ismaelcolosi.com.br\/index.php\/2024\/05\/22\/evento-cultural-em-ribeirao-arrecada-doacoes-para-vitimas-das-enchentes-no-rs\/","url_meta":{"origin":15341,"position":4},"title":"Evento cultural em Ribeir\u00e3o arrecada doa\u00e7\u00f5es para v\u00edtimas das enchentes no RS","author":"ismaelcolosi.com.br","date":"22 de May de 2024","format":false,"excerpt":"Nesta quarta-feira (22), a partir das 18h30, o Teatro de Arena de Ribeir\u00e3o Preto recebe artistas e produtores culturais da cidade, para o evento \u201cHarmonia Solid\u00e1ria \u2013 Uni\u00e3o pelo RS\u201d, com objetivo de ajudar as v\u00edtimas das enchentes no estado ga\u00facho. A entrada \u00e9 gratuita por meio de doa\u00e7\u00e3o de\u2026","rel":"","context":"In &quot;Not\u00edcias de Ribeir\u00e3o Preto-SP e Regi\u00e3o&quot;","block_context":{"text":"Not\u00edcias de Ribeir\u00e3o Preto-SP e Regi\u00e3o","link":"https:\/\/ismaelcolosi.com.br\/index.php\/category\/noticias-de-ribeirao-preto-sp-e-regiao-ismael-colosi\/"},"img":{"alt_text":"","src":"https:\/\/i0.wp.com\/ismaelcolosi.com.br\/wp-content\/uploads\/2024\/05\/WhatsApp-Image-2024-03-02-at-17.58.26.jpeg?fit=1200%2C800&ssl=1&resize=350%2C200","width":350,"height":200,"srcset":"https:\/\/i0.wp.com\/ismaelcolosi.com.br\/wp-content\/uploads\/2024\/05\/WhatsApp-Image-2024-03-02-at-17.58.26.jpeg?fit=1200%2C800&ssl=1&resize=350%2C200 1x, https:\/\/i0.wp.com\/ismaelcolosi.com.br\/wp-content\/uploads\/2024\/05\/WhatsApp-Image-2024-03-02-at-17.58.26.jpeg?fit=1200%2C800&ssl=1&resize=525%2C300 1.5x, https:\/\/i0.wp.com\/ismaelcolosi.com.br\/wp-content\/uploads\/2024\/05\/WhatsApp-Image-2024-03-02-at-17.58.26.jpeg?fit=1200%2C800&ssl=1&resize=700%2C400 2x, https:\/\/i0.wp.com\/ismaelcolosi.com.br\/wp-content\/uploads\/2024\/05\/WhatsApp-Image-2024-03-02-at-17.58.26.jpeg?fit=1200%2C800&ssl=1&resize=1050%2C600 3x"},"classes":[]},{"id":15259,"url":"https:\/\/ismaelcolosi.com.br\/index.php\/2023\/12\/13\/empresa-de-tratamento-automotivo-oferece-vagas-de-emprego-em-ribeirao\/","url_meta":{"origin":15341,"position":5},"title":"Empresa de tratamento automotivo oferece vagas de emprego em Ribeir\u00e3o","author":"ismaelcolosi.com.br","date":"13 de December de 2023","format":false,"excerpt":"O Grupo Moby Dick, que atua com tratamentos automotivos, est\u00e1 com vagas de emprego em Ribeir\u00e3o Preto. Os interessados devem se candidatar por meio do WathsApp ou e-mail (veja abaixo). As vagas s\u00e3o voltadas para tr\u00eas \u00e1reas: vendedor, polidor automotivo e lavador automotivo. As oportunidades s\u00e3o para tr\u00eas lojas em\u2026","rel":"","context":"In &quot;Not\u00edcias de Ribeir\u00e3o Preto-SP e Regi\u00e3o&quot;","block_context":{"text":"Not\u00edcias de Ribeir\u00e3o Preto-SP e Regi\u00e3o","link":"https:\/\/ismaelcolosi.com.br\/index.php\/category\/noticias-de-ribeirao-preto-sp-e-regiao-ismael-colosi\/"},"img":{"alt_text":"","src":"https:\/\/i0.wp.com\/ismaelcolosi.com.br\/wp-content\/uploads\/2023\/12\/wash-5144822_1280.jpg?fit=1200%2C800&ssl=1&resize=350%2C200","width":350,"height":200,"srcset":"https:\/\/i0.wp.com\/ismaelcolosi.com.br\/wp-content\/uploads\/2023\/12\/wash-5144822_1280.jpg?fit=1200%2C800&ssl=1&resize=350%2C200 1x, https:\/\/i0.wp.com\/ismaelcolosi.com.br\/wp-content\/uploads\/2023\/12\/wash-5144822_1280.jpg?fit=1200%2C800&ssl=1&resize=525%2C300 1.5x, https:\/\/i0.wp.com\/ismaelcolosi.com.br\/wp-content\/uploads\/2023\/12\/wash-5144822_1280.jpg?fit=1200%2C800&ssl=1&resize=700%2C400 2x, https:\/\/i0.wp.com\/ismaelcolosi.com.br\/wp-content\/uploads\/2023\/12\/wash-5144822_1280.jpg?fit=1200%2C800&ssl=1&resize=1050%2C600 3x"},"classes":[]}],"jetpack_sharing_enabled":true,"jetpack_shortlink":"https:\/\/wp.me\/pfMlyK-3Zr","_links":{"self":[{"href":"https:\/\/ismaelcolosi.com.br\/index.php\/wp-json\/wp\/v2\/posts\/15341","targetHints":{"allow":["GET"]}}],"collection":[{"href":"https:\/\/ismaelcolosi.com.br\/index.php\/wp-json\/wp\/v2\/posts"}],"about":[{"href":"https:\/\/ismaelcolosi.com.br\/index.php\/wp-json\/wp\/v2\/types\/post"}],"author":[{"embeddable":true,"href":"https:\/\/ismaelcolosi.com.br\/index.php\/wp-json\/wp\/v2\/users\/1"}],"replies":[{"embeddable":true,"href":"https:\/\/ismaelcolosi.com.br\/index.php\/wp-json\/wp\/v2\/comments?post=15341"}],"version-history":[{"count":0,"href":"https:\/\/ismaelcolosi.com.br\/index.php\/wp-json\/wp\/v2\/posts\/15341\/revisions"}],"wp:featuredmedia":[{"embeddable":true,"href":"https:\/\/ismaelcolosi.com.br\/index.php\/wp-json\/wp\/v2\/media\/15342"}],"wp:attachment":[{"href":"https:\/\/ismaelcolosi.com.br\/index.php\/wp-json\/wp\/v2\/media?parent=15341"}],"wp:term":[{"taxonomy":"category","embeddable":true,"href":"https:\/\/ismaelcolosi.com.br\/index.php\/wp-json\/wp\/v2\/categories?post=15341"},{"taxonomy":"post_tag","embeddable":true,"href":"https:\/\/ismaelcolosi.com.br\/index.php\/wp-json\/wp\/v2\/tags?post=15341"}],"curies":[{"name":"wp","href":"https:\/\/api.w.org\/{rel}","templated":true}]}}