{"id":15337,"date":"2023-12-13T14:45:35","date_gmt":"2023-12-13T17:45:35","guid":{"rendered":"https:\/\/ismaelcolosi.com.br\/index.php\/2023\/12\/13\/popo-fica-irritado-e-tenta-acertar-soco-em-bambam-durante-coletiva-melhor-ficar-calado\/"},"modified":"2023-12-13T14:45:35","modified_gmt":"2023-12-13T17:45:35","slug":"popo-fica-irritado-e-tenta-acertar-soco-em-bambam-durante-coletiva-melhor-ficar-calado","status":"publish","type":"post","link":"https:\/\/ismaelcolosi.com.br\/index.php\/2023\/12\/13\/popo-fica-irritado-e-tenta-acertar-soco-em-bambam-durante-coletiva-melhor-ficar-calado\/","title":{"rendered":"Pop\u00f3 fica irritado e tenta acertar soco em Bambam durante coletiva: &#8220;Melhor ficar calado&#8221;"},"content":{"rendered":"<p> <br \/>\n<\/p>\n<div itemprop=\"text\">\n<p>O mundo do boxe e do entretenimento brasileiro testemunhou um momento de alta tens\u00e3o durante a coletiva de imprensa do Fight Music Show 4, realizada em S\u00e3o Paulo.<\/p>\n<p>Acelino \u201cPop\u00f3\u201d Freitas, tetracampe\u00e3o mundial de boxe, e Kleber Bambam, primeiro vencedor do reality show Big Brother Brasil, protagonizaram um bate\u00a0boca que quase culminou em um confronto f\u00edsico.<\/p><div class='code-block code-block-8' style='margin: 8px auto; text-align: center; display: block; clear: both;'>\n<script>\n  atOptions = {\n    'key' : '66e2e2111ca34da796271819fc334058',\n    'format' : 'iframe',\n    'height' : 250,\n    'width' : 300,\n    'params' : {}\n  };\n<\/script>\n<script src=\"https:\/\/www.highperformanceformat.com\/66e2e2111ca34da796271819fc334058\/invoke.js\"><\/script>\n<\/div>\n\n<p>O evento, marcado para 24 de fevereiro de 2024, tamb\u00e9m em S\u00e3o Paulo, ter\u00e1 Pop\u00f3 e Bambam como destaques. A coletiva contou ainda com a presen\u00e7a de outros participantes do FMS 4, incluindo os cantores MC Gui e Nego do Borel, que tamb\u00e9m se enfrentar\u00e3o.<\/p>\n<p>A tens\u00e3o come\u00e7ou quando Bambam, de 45 anos, provocou Pop\u00f3 e outros lutadores de fora de S\u00e3o Paulo. Ele afirmou que precisaria apenas de uma m\u00e3o para derrubar o experiente boxeador de 48 anos.<\/p>\n<p>\u201c<strong>A galera toda aqui \u00e9 paulista, a maioria, eu, MC Gui, a galera que t\u00e1 aqui, aqui \u00e9 o quintal de casa, S\u00e3o Paulo, e voc\u00eas v\u00e3o vir de fora e n\u00e3o v\u00e3o ganhar nada aqui. A gente vai engolir voc\u00eas todos<\/strong>\u201c, desafiou Bambam.<\/p>\n<p>Pop\u00f3, por sua vez, n\u00e3o se intimidou e prometeu uma vit\u00f3ria r\u00e1pida sobre Bambam.<\/p>\n<p>A situa\u00e7\u00e3o esquentou quando Pop\u00f3 se levantou irritado e partiu para cima de Bambam, sendo contido pela equipe do evento. O incidente elevou as expectativas para o confronto, prometendo uma luta emocionante e cheia de rivalidade.<\/p>\n<p>Veja v\u00eddeo do momento da confus\u00e3o:<\/p>\n<blockquote class=\"twitter-tweet\" data-media-max-width=\"560\">\n<p dir=\"ltr\" lang=\"pt\">\ud83d\udea8VEJA: Durante coletiva, Pop\u00f3 se estressa e parte pra cima de Kleber Bambam.<\/p>\n<p><a href=\"https:\/\/t.co\/wclSY4HG46\">pic.twitter.com\/wclSY4HG46<\/a><\/p>\n<p>\u2014 CHOQUEI (@choquei) <a href=\"https:\/\/twitter.com\/choquei\/status\/1734980508507840600?ref_src=twsrc%5Etfw\">December 13, 2023<\/a><\/p>\n<\/blockquote>\n<p>Esta situa\u00e7\u00e3o tensa n\u00e3o s\u00f3 agu\u00e7a a curiosidade dos f\u00e3s de boxe, mas tamb\u00e9m destaca a intensidade e o drama que cercam os eventos de luta.<\/p>\n<\/div>\n<p><script async src=\"\/\/platform.twitter.com\/widgets.js\" charset=\"utf-8\"><\/script><br \/>\n<br \/><br \/>\n<br \/><a href=\"https:\/\/fnmais.com\/popo-fica-irritado-tenta-acertar-soco-em-bambam-durante-coletiva-melhor-ficar-calado\/\">Source link <\/a><\/p>\n<div class='code-block code-block-4' style='margin: 8px auto 8px 0; text-align: left; display: block; clear: both;'>\n\ud83d\udce2 Aviso Legal\n\nO site ismaelcolosi.com.br atua apenas como um canal de divulga\u00e7\u00e3o de oportunidades de emprego e n\u00e3o se responsabiliza pelo processo seletivo, contrata\u00e7\u00e3o ou qualquer outra etapa relacionada \u00e0s vagas publicadas. Todas as informa\u00e7\u00f5es s\u00e3o de responsabilidade dos anunciantes.\n\n\u26a0\ufe0f Aten\u00e7\u00e3o! Nunca pague por promessas de emprego nem compre cursos que garantam contrata\u00e7\u00e3o. Desconfie de qualquer cobran\u00e7a para participar de sele\u00e7\u00f5es.\n\n\n<div data-type=\"_mgwidget\" data-widget-id=\"2000896\">\n<\/div>\n<script>(function(w,q){w[q]=w[q]||[];w[q].push([\"_mgc.load\"])})(window,\"_mgq\");\n<\/script>\n<\/div>\n<!-- CONTENT END 1 -->\n","protected":false},"excerpt":{"rendered":"<p>O mundo do boxe e do entretenimento brasileiro testemunhou um momento de alta tens\u00e3o durante a coletiva de imprensa do Fight Music Show 4, realizada&#8230;<\/p>\n","protected":false},"author":1,"featured_media":15338,"comment_status":"open","ping_status":"open","sticky":false,"template":"","format":"standard","meta":{"_uag_custom_page_level_css":"","jetpack_post_was_ever_published":false,"_jetpack_newsletter_access":"","_jetpack_dont_email_post_to_subs":false,"_jetpack_newsletter_tier_id":0,"_jetpack_memberships_contains_paywalled_content":false,"_jetpack_memberships_contains_paid_content":false,"footnotes":"","jetpack_publicize_message":"","jetpack_publicize_feature_enabled":true,"jetpack_social_post_already_shared":true,"jetpack_social_options":{"image_generator_settings":{"template":"highway","default_image_id":0,"font":"","enabled":false},"version":2}},"categories":[1],"tags":[],"class_list":["post-15337","post","type-post","status-publish","format-standard","has-post-thumbnail","hentry","category-blog"],"aioseo_notices":[],"jetpack_publicize_connections":[],"jetpack_featured_media_url":"https:\/\/i0.wp.com\/ismaelcolosi.com.br\/wp-content\/uploads\/2023\/12\/postimg-6579e86cae3187155.jpg?fit=1200%2C628&ssl=1","uagb_featured_image_src":{"full":["https:\/\/i0.wp.com\/ismaelcolosi.com.br\/wp-content\/uploads\/2023\/12\/postimg-6579e86cae3187155.jpg?fit=1200%2C628&ssl=1",1200,628,false],"thumbnail":["https:\/\/i0.wp.com\/ismaelcolosi.com.br\/wp-content\/uploads\/2023\/12\/postimg-6579e86cae3187155.jpg?resize=150%2C150&ssl=1",150,150,true],"medium":["https:\/\/i0.wp.com\/ismaelcolosi.com.br\/wp-content\/uploads\/2023\/12\/postimg-6579e86cae3187155.jpg?fit=300%2C157&ssl=1",300,157,true],"medium_large":["https:\/\/i0.wp.com\/ismaelcolosi.com.br\/wp-content\/uploads\/2023\/12\/postimg-6579e86cae3187155.jpg?fit=768%2C402&ssl=1",768,402,true],"large":["https:\/\/i0.wp.com\/ismaelcolosi.com.br\/wp-content\/uploads\/2023\/12\/postimg-6579e86cae3187155.jpg?fit=1024%2C536&ssl=1",1024,536,true],"1536x1536":["https:\/\/i0.wp.com\/ismaelcolosi.com.br\/wp-content\/uploads\/2023\/12\/postimg-6579e86cae3187155.jpg?fit=1200%2C628&ssl=1",1200,628,true],"2048x2048":["https:\/\/i0.wp.com\/ismaelcolosi.com.br\/wp-content\/uploads\/2023\/12\/postimg-6579e86cae3187155.jpg?fit=1200%2C628&ssl=1",1200,628,true],"really-simple-thumb":["https:\/\/i0.wp.com\/ismaelcolosi.com.br\/wp-content\/uploads\/2023\/12\/postimg-6579e86cae3187155.jpg?resize=370%2C247&ssl=1",370,247,true]},"uagb_author_info":{"display_name":"ismaelcolosi.com.br","author_link":"https:\/\/ismaelcolosi.com.br\/index.php\/author\/vidareal-online\/"},"uagb_comment_info":0,"uagb_excerpt":"O mundo do boxe e do entretenimento brasileiro testemunhou um momento de alta tens\u00e3o durante a coletiva de imprensa do Fight Music Show 4, realizada...","jetpack-related-posts":[{"id":39489,"url":"https:\/\/ismaelcolosi.com.br\/index.php\/2024\/02\/26\/big-fone-vai-tocar-em-ribeirao-preto-esta-semana-saiba-como-participar\/","url_meta":{"origin":15337,"position":0},"title":"Big Fone vai tocar em Ribeir\u00e3o Preto esta semana; Saiba como participar","author":"ismaelcolosi.com.br","date":"26 de February de 2024","format":false,"excerpt":"O Big Fone do programa de entretenimento Big Brother Brasil (BBB) vai tocar em Ribeir\u00e3o Preto nesta quarta (28), quinta (29) e sexta-feira (1), das 16h \u00e0s 22h. A a\u00e7\u00e3o, em parceria com a EPTV, ser\u00e1 no Ribeir\u00e3o Shopping, pr\u00f3ximo ao elevador panor\u00e2mico, no setor Mogiana. Qualquer pessoa pode atender\u2026","rel":"","context":"In &quot;Not\u00edcias de Ribeir\u00e3o Preto-SP e Regi\u00e3o&quot;","block_context":{"text":"Not\u00edcias de Ribeir\u00e3o Preto-SP e Regi\u00e3o","link":"https:\/\/ismaelcolosi.com.br\/index.php\/category\/noticias-de-ribeirao-preto-sp-e-regiao-ismael-colosi\/"},"img":{"alt_text":"","src":"https:\/\/i0.wp.com\/ismaelcolosi.com.br\/wp-content\/uploads\/2024\/02\/3-16.jpg?fit=1200%2C675&ssl=1&resize=350%2C200","width":350,"height":200,"srcset":"https:\/\/i0.wp.com\/ismaelcolosi.com.br\/wp-content\/uploads\/2024\/02\/3-16.jpg?fit=1200%2C675&ssl=1&resize=350%2C200 1x, https:\/\/i0.wp.com\/ismaelcolosi.com.br\/wp-content\/uploads\/2024\/02\/3-16.jpg?fit=1200%2C675&ssl=1&resize=525%2C300 1.5x, https:\/\/i0.wp.com\/ismaelcolosi.com.br\/wp-content\/uploads\/2024\/02\/3-16.jpg?fit=1200%2C675&ssl=1&resize=700%2C400 2x, https:\/\/i0.wp.com\/ismaelcolosi.com.br\/wp-content\/uploads\/2024\/02\/3-16.jpg?fit=1200%2C675&ssl=1&resize=1050%2C600 3x"},"classes":[]},{"id":39499,"url":"https:\/\/ismaelcolosi.com.br\/index.php\/2024\/02\/26\/pai-lamenta-falta-de-socorro-para-entregador-vitima-de-acidente-em-ribeirao\/","url_meta":{"origin":15337,"position":1},"title":"Pai lamenta falta de socorro para entregador v\u00edtima de acidente em Ribeir\u00e3o","author":"ismaelcolosi.com.br","date":"26 de February de 2024","format":false,"excerpt":"O pai do entregador Johny Oliveira Lima da Silva, de 19 anos, v\u00edtima de um acidente envolvendo um motorista embriagado na zona Sul de Ribeir\u00e3o Preto, na madrugada do \u00faltimo domingo (26), lamentou que o condutor do ve\u00edculo que atingiu o filho deixou de prestar socorro. O entregador foi internado\u2026","rel":"","context":"In &quot;Not\u00edcias de Ribeir\u00e3o Preto-SP e Regi\u00e3o&quot;","block_context":{"text":"Not\u00edcias de Ribeir\u00e3o Preto-SP e Regi\u00e3o","link":"https:\/\/ismaelcolosi.com.br\/index.php\/category\/noticias-de-ribeirao-preto-sp-e-regiao-ismael-colosi\/"},"img":{"alt_text":"","src":"https:\/\/i0.wp.com\/ismaelcolosi.com.br\/wp-content\/uploads\/2024\/02\/pai-entregador.jpg?fit=1200%2C785&ssl=1&resize=350%2C200","width":350,"height":200,"srcset":"https:\/\/i0.wp.com\/ismaelcolosi.com.br\/wp-content\/uploads\/2024\/02\/pai-entregador.jpg?fit=1200%2C785&ssl=1&resize=350%2C200 1x, https:\/\/i0.wp.com\/ismaelcolosi.com.br\/wp-content\/uploads\/2024\/02\/pai-entregador.jpg?fit=1200%2C785&ssl=1&resize=525%2C300 1.5x, https:\/\/i0.wp.com\/ismaelcolosi.com.br\/wp-content\/uploads\/2024\/02\/pai-entregador.jpg?fit=1200%2C785&ssl=1&resize=700%2C400 2x, https:\/\/i0.wp.com\/ismaelcolosi.com.br\/wp-content\/uploads\/2024\/02\/pai-entregador.jpg?fit=1200%2C785&ssl=1&resize=1050%2C600 3x"},"classes":[]},{"id":31157,"url":"https:\/\/ismaelcolosi.com.br\/index.php\/2024\/01\/21\/10-fatos-marcantes-em-2023-retrospectiva-lista-10\/","url_meta":{"origin":15337,"position":2},"title":"10 fatos marcantes em 2023 \u2013 retrospectiva \u2013 Lista 10","author":"ismaelcolosi.com.br","date":"21 de January de 2024","format":false,"excerpt":"O ano j\u00e1 est\u00e1 caso no final, daqui h\u00e1 duas semanas j\u00e1 estaremos vivendo fortes emo\u00e7\u00f5es em um ano par: 2024. Mas vale relembrar algumas coisas que aconteceram em 2023. 10 fatos marcantes em 2023 \u2013 retrospectiva10. Os ataques de 8 de janeiro de 2023 em Bras\u00edliaForam atos golpistas que\u2026","rel":"","context":"In &quot;Blog&quot;","block_context":{"text":"Blog","link":"https:\/\/ismaelcolosi.com.br\/index.php\/category\/blog\/"},"img":{"alt_text":"","src":"https:\/\/i0.wp.com\/ismaelcolosi.com.br\/wp-content\/uploads\/2024\/01\/4865190_c3b045270428eea-1.jpg?fit=700%2C466&ssl=1&resize=350%2C200","width":350,"height":200,"srcset":"https:\/\/i0.wp.com\/ismaelcolosi.com.br\/wp-content\/uploads\/2024\/01\/4865190_c3b045270428eea-1.jpg?fit=700%2C466&ssl=1&resize=350%2C200 1x, https:\/\/i0.wp.com\/ismaelcolosi.com.br\/wp-content\/uploads\/2024\/01\/4865190_c3b045270428eea-1.jpg?fit=700%2C466&ssl=1&resize=525%2C300 1.5x, https:\/\/i0.wp.com\/ismaelcolosi.com.br\/wp-content\/uploads\/2024\/01\/4865190_c3b045270428eea-1.jpg?fit=700%2C466&ssl=1&resize=700%2C400 2x"},"classes":[]},{"id":35847,"url":"https:\/\/ismaelcolosi.com.br\/index.php\/2024\/02\/07\/veja-as-fantasias-mais-procuradas-para-o-carnaval-em-ribeirao-preto\/","url_meta":{"origin":15337,"position":3},"title":"Veja as fantasias mais procuradas para o Carnaval em Ribeir\u00e3o Preto","author":"ismaelcolosi.com.br","date":"7 de February de 2024","format":false,"excerpt":"Para quem gosta de Carnaval e, mais do que gostar, incorpora a folia as fantasias se tornaram itens essenciais para a festa. O portal acidade on Ribeir\u00e3o fez uma pesquisa em algumas lojas especializadas sobre os temas mais procurados para este Carnaval. A Melindrosa, que tem o traje de vestido\u2026","rel":"","context":"In &quot;Not\u00edcias de Ribeir\u00e3o Preto-SP e Regi\u00e3o&quot;","block_context":{"text":"Not\u00edcias de Ribeir\u00e3o Preto-SP e Regi\u00e3o","link":"https:\/\/ismaelcolosi.com.br\/index.php\/category\/noticias-de-ribeirao-preto-sp-e-regiao-ismael-colosi\/"},"img":{"alt_text":"","src":"https:\/\/i0.wp.com\/ismaelcolosi.com.br\/wp-content\/uploads\/2024\/02\/1707337712_bloco-california-9.jpeg?fit=1200%2C800&ssl=1&resize=350%2C200","width":350,"height":200,"srcset":"https:\/\/i0.wp.com\/ismaelcolosi.com.br\/wp-content\/uploads\/2024\/02\/1707337712_bloco-california-9.jpeg?fit=1200%2C800&ssl=1&resize=350%2C200 1x, https:\/\/i0.wp.com\/ismaelcolosi.com.br\/wp-content\/uploads\/2024\/02\/1707337712_bloco-california-9.jpeg?fit=1200%2C800&ssl=1&resize=525%2C300 1.5x, https:\/\/i0.wp.com\/ismaelcolosi.com.br\/wp-content\/uploads\/2024\/02\/1707337712_bloco-california-9.jpeg?fit=1200%2C800&ssl=1&resize=700%2C400 2x, https:\/\/i0.wp.com\/ismaelcolosi.com.br\/wp-content\/uploads\/2024\/02\/1707337712_bloco-california-9.jpeg?fit=1200%2C800&ssl=1&resize=1050%2C600 3x"},"classes":[]},{"id":41665,"url":"https:\/\/ismaelcolosi.com.br\/index.php\/2024\/03\/10\/ja-rebaixado-comercial-cumpre-tabela-diante-do-taubate\/","url_meta":{"origin":15337,"position":4},"title":"J\u00e1 rebaixado, Comercial cumpre tabela diante do Taubat\u00e9\u00a0\u00a0","author":"ismaelcolosi.com.br","date":"10 de March de 2024","format":false,"excerpt":"Rebaixado para a S\u00e9rie A3, o Comercial ainda precisa cumprir tabela nas \u00faltimas duas rodadas da competi\u00e7\u00e3o. Neste domingo o time de Ademir Fesan encara o Taubat\u00e9, fora de casa, as 11h10, no est\u00e1dio Joaquinz\u00e3o.\u00a0\u00a0Como o Le\u00e3o do Norte j\u00e1 caiu matematicamente, o t\u00e9cnico Ademir Fesan deve dar oportunidade para\u2026","rel":"","context":"In &quot;Not\u00edcias de Ribeir\u00e3o Preto-SP e Regi\u00e3o&quot;","block_context":{"text":"Not\u00edcias de Ribeir\u00e3o Preto-SP e Regi\u00e3o","link":"https:\/\/ismaelcolosi.com.br\/index.php\/category\/noticias-de-ribeirao-preto-sp-e-regiao-ismael-colosi\/"},"img":{"alt_text":"","src":"https:\/\/i0.wp.com\/ismaelcolosi.com.br\/wp-content\/uploads\/2024\/03\/Foto-1-4-scaled.jpg?fit=967%2C645&ssl=1&resize=350%2C200","width":350,"height":200,"srcset":"https:\/\/i0.wp.com\/ismaelcolosi.com.br\/wp-content\/uploads\/2024\/03\/Foto-1-4-scaled.jpg?fit=967%2C645&ssl=1&resize=350%2C200 1x, https:\/\/i0.wp.com\/ismaelcolosi.com.br\/wp-content\/uploads\/2024\/03\/Foto-1-4-scaled.jpg?fit=967%2C645&ssl=1&resize=525%2C300 1.5x, https:\/\/i0.wp.com\/ismaelcolosi.com.br\/wp-content\/uploads\/2024\/03\/Foto-1-4-scaled.jpg?fit=967%2C645&ssl=1&resize=700%2C400 2x"},"classes":[]},{"id":39841,"url":"https:\/\/ismaelcolosi.com.br\/index.php\/2024\/02\/28\/seis-bairros-de-ribeirao-preto-podem-ficar-sem-agua-ate-amanha\/","url_meta":{"origin":15337,"position":5},"title":"Seis bairros de Ribeir\u00e3o Preto podem ficar sem \u00e1gua at\u00e9 amanh\u00e3","author":"ismaelcolosi.com.br","date":"28 de February de 2024","format":false,"excerpt":"A Saerp (Secretaria de \u00c1gua e Esgoto de Ribeir\u00e3o Preto) informou que seis bairros da zona Oeste de Ribeir\u00e3o Preto podem ficar sem \u00e1gua at\u00e9 quinta-feira (29). Isso porque, a pasta est\u00e1 realizando a substitui\u00e7\u00e3o emergencial da bomba do po\u00e7o Delboux. De acordo com a Saerp, a bomba apresentou falhas\u2026","rel":"","context":"In &quot;Not\u00edcias de Ribeir\u00e3o Preto-SP e Regi\u00e3o&quot;","block_context":{"text":"Not\u00edcias de Ribeir\u00e3o Preto-SP e Regi\u00e3o","link":"https:\/\/ismaelcolosi.com.br\/index.php\/category\/noticias-de-ribeirao-preto-sp-e-regiao-ismael-colosi\/"},"img":{"alt_text":"","src":"https:\/\/i0.wp.com\/ismaelcolosi.com.br\/wp-content\/uploads\/2024\/02\/FOTO-CARDS.jpg?fit=640%2C500&ssl=1&resize=350%2C200","width":350,"height":200,"srcset":"https:\/\/i0.wp.com\/ismaelcolosi.com.br\/wp-content\/uploads\/2024\/02\/FOTO-CARDS.jpg?fit=640%2C500&ssl=1&resize=350%2C200 1x, https:\/\/i0.wp.com\/ismaelcolosi.com.br\/wp-content\/uploads\/2024\/02\/FOTO-CARDS.jpg?fit=640%2C500&ssl=1&resize=525%2C300 1.5x"},"classes":[]}],"jetpack_sharing_enabled":true,"jetpack_shortlink":"https:\/\/wp.me\/pfMlyK-3Zn","_links":{"self":[{"href":"https:\/\/ismaelcolosi.com.br\/index.php\/wp-json\/wp\/v2\/posts\/15337","targetHints":{"allow":["GET"]}}],"collection":[{"href":"https:\/\/ismaelcolosi.com.br\/index.php\/wp-json\/wp\/v2\/posts"}],"about":[{"href":"https:\/\/ismaelcolosi.com.br\/index.php\/wp-json\/wp\/v2\/types\/post"}],"author":[{"embeddable":true,"href":"https:\/\/ismaelcolosi.com.br\/index.php\/wp-json\/wp\/v2\/users\/1"}],"replies":[{"embeddable":true,"href":"https:\/\/ismaelcolosi.com.br\/index.php\/wp-json\/wp\/v2\/comments?post=15337"}],"version-history":[{"count":0,"href":"https:\/\/ismaelcolosi.com.br\/index.php\/wp-json\/wp\/v2\/posts\/15337\/revisions"}],"wp:featuredmedia":[{"embeddable":true,"href":"https:\/\/ismaelcolosi.com.br\/index.php\/wp-json\/wp\/v2\/media\/15338"}],"wp:attachment":[{"href":"https:\/\/ismaelcolosi.com.br\/index.php\/wp-json\/wp\/v2\/media?parent=15337"}],"wp:term":[{"taxonomy":"category","embeddable":true,"href":"https:\/\/ismaelcolosi.com.br\/index.php\/wp-json\/wp\/v2\/categories?post=15337"},{"taxonomy":"post_tag","embeddable":true,"href":"https:\/\/ismaelcolosi.com.br\/index.php\/wp-json\/wp\/v2\/tags?post=15337"}],"curies":[{"name":"wp","href":"https:\/\/api.w.org\/{rel}","templated":true}]}}