{"id":15313,"date":"2023-12-13T14:02:01","date_gmt":"2023-12-13T17:02:01","guid":{"rendered":"https:\/\/ismaelcolosi.com.br\/index.php\/2023\/12\/13\/mae-passa-por-local-onde-ocorreu-acidente-de-transito-e-descobre-que-a-vitima-fatal-e-o-proprio-filho\/"},"modified":"2023-12-13T14:02:01","modified_gmt":"2023-12-13T17:02:01","slug":"mae-passa-por-local-onde-ocorreu-acidente-de-transito-e-descobre-que-a-vitima-fatal-e-o-proprio-filho","status":"publish","type":"post","link":"https:\/\/ismaelcolosi.com.br\/index.php\/2023\/12\/13\/mae-passa-por-local-onde-ocorreu-acidente-de-transito-e-descobre-que-a-vitima-fatal-e-o-proprio-filho\/","title":{"rendered":"M\u00e3e passa por local onde ocorreu acidente de tr\u00e2nsito e descobre que a v\u00edtima fatal \u00e9 o pr\u00f3prio filho"},"content":{"rendered":"<p> <br \/>\n<\/p>\n<div itemprop=\"text\">\n<p>Este caso triste ganhou uma grande repercuss\u00e3o nas redes sociais e se tornou destaque nos principais portais de not\u00edcias de todo o pa\u00eds.<\/p>\n<p>Na noite do \u00faltimo s\u00e1bado (9), um jovem de 18 anos, que n\u00e3o possu\u00eda habilita\u00e7\u00e3o para conduzir motocicletas, faleceu em um acidente no trevo entre as rodovias da BR-259 e da BR-381, na cidade de Governador Valadares, localizada no vale do a\u00e7o, no interior do estado de Minas Gerais.<\/p><div class='code-block code-block-8' style='margin: 8px auto; text-align: center; display: block; clear: both;'>\n<script>\n  atOptions = {\n    'key' : '66e2e2111ca34da796271819fc334058',\n    'format' : 'iframe',\n    'height' : 250,\n    'width' : 300,\n    'params' : {}\n  };\n<\/script>\n<script src=\"https:\/\/www.highperformanceformat.com\/66e2e2111ca34da796271819fc334058\/invoke.js\"><\/script>\n<\/div>\n\n<p>Por uma coincid\u00eancia macabra, a m\u00e3e do rapaz estava passando pelo local e, ao perceber que um acidente havia ocorrido, acabou dando de cara com o filho sem vida.<\/p>\n<p>A senhora relatou \u00e0s autoridades que foram as respons\u00e1veis por atender a ocorr\u00eancia, afirmou que saiu de sua resid\u00eancia com destino ao distrito de S\u00e3o Vitor, que fica no munic\u00edpio de Governador Valadares.<\/p>\n<p>Ao passar pelo trevo, notou um acidente envolvendo um motociclista. \u00c0 medida que se aproximava, percebeu que se tratava de seu filho identificado por Gustavo Dion\u00edzio Siqueira.<\/p>\n<p>O Servi\u00e7o de Atendimento M\u00f3vel de Urg\u00eancia (SAMU) foi acionado e confirmou o \u00f3bito do jovem no local do acidente, ele n\u00e3o teve sequer a chance de receber os socorros necess\u00e1rios para tentar se manter com vida.<\/p>\n<p>Os peritos forenses foram acionados para realizarem os trabalhos necess\u00e1rios. Ap\u00f3s a conclus\u00e3o dos procedimentos periciais, o corpo foi liberado para o Instituto M\u00e9dico Legal (IML), mais pr\u00f3ximo.<\/p>\n<p>Durante a an\u00e1lise dos documentos, verificou-se que a v\u00edtima n\u00e3o possu\u00eda habilita\u00e7\u00e3o. A motocicleta foi entregue a um familiar do jovem.<\/p>\n<\/div>\n<p><br \/>\n<br \/><a href=\"https:\/\/fnmais.com\/mae-passa-por-local-onde-ocorreu-acidente-transito-descobre-que-vitima-fatal-proprio-filho\/\">Source link <\/a><\/p>\n<div class='code-block code-block-4' style='margin: 8px auto 8px 0; text-align: left; display: block; clear: both;'>\n\ud83d\udce2 Aviso Legal\n\nO site ismaelcolosi.com.br atua apenas como um canal de divulga\u00e7\u00e3o de oportunidades de emprego e n\u00e3o se responsabiliza pelo processo seletivo, contrata\u00e7\u00e3o ou qualquer outra etapa relacionada \u00e0s vagas publicadas. Todas as informa\u00e7\u00f5es s\u00e3o de responsabilidade dos anunciantes.\n\n\u26a0\ufe0f Aten\u00e7\u00e3o! Nunca pague por promessas de emprego nem compre cursos que garantam contrata\u00e7\u00e3o. Desconfie de qualquer cobran\u00e7a para participar de sele\u00e7\u00f5es.\n\n\n<div data-type=\"_mgwidget\" data-widget-id=\"2000896\">\n<\/div>\n<script>(function(w,q){w[q]=w[q]||[];w[q].push([\"_mgc.load\"])})(window,\"_mgq\");\n<\/script>\n<\/div>\n<!-- CONTENT END 1 -->\n","protected":false},"excerpt":{"rendered":"<p>Este caso triste ganhou uma grande repercuss\u00e3o nas redes sociais e se tornou destaque nos principais portais de not\u00edcias de todo o pa\u00eds. Na noite&#8230;<\/p>\n","protected":false},"author":1,"featured_media":15314,"comment_status":"open","ping_status":"open","sticky":false,"template":"","format":"standard","meta":{"_uag_custom_page_level_css":"","jetpack_post_was_ever_published":false,"_jetpack_newsletter_access":"","_jetpack_dont_email_post_to_subs":false,"_jetpack_newsletter_tier_id":0,"_jetpack_memberships_contains_paywalled_content":false,"_jetpack_memberships_contains_paid_content":false,"footnotes":"","jetpack_publicize_message":"","jetpack_publicize_feature_enabled":true,"jetpack_social_post_already_shared":true,"jetpack_social_options":{"image_generator_settings":{"template":"highway","default_image_id":0,"font":"","enabled":false},"version":2}},"categories":[1],"tags":[],"class_list":["post-15313","post","type-post","status-publish","format-standard","has-post-thumbnail","hentry","category-blog"],"aioseo_notices":[],"jetpack_publicize_connections":[],"jetpack_featured_media_url":"https:\/\/i0.wp.com\/ismaelcolosi.com.br\/wp-content\/uploads\/2023\/12\/postimg-6579ba55e420f9744.jpg?fit=1200%2C628&ssl=1","uagb_featured_image_src":{"full":["https:\/\/i0.wp.com\/ismaelcolosi.com.br\/wp-content\/uploads\/2023\/12\/postimg-6579ba55e420f9744.jpg?fit=1200%2C628&ssl=1",1200,628,false],"thumbnail":["https:\/\/i0.wp.com\/ismaelcolosi.com.br\/wp-content\/uploads\/2023\/12\/postimg-6579ba55e420f9744.jpg?resize=150%2C150&ssl=1",150,150,true],"medium":["https:\/\/i0.wp.com\/ismaelcolosi.com.br\/wp-content\/uploads\/2023\/12\/postimg-6579ba55e420f9744.jpg?fit=300%2C157&ssl=1",300,157,true],"medium_large":["https:\/\/i0.wp.com\/ismaelcolosi.com.br\/wp-content\/uploads\/2023\/12\/postimg-6579ba55e420f9744.jpg?fit=768%2C402&ssl=1",768,402,true],"large":["https:\/\/i0.wp.com\/ismaelcolosi.com.br\/wp-content\/uploads\/2023\/12\/postimg-6579ba55e420f9744.jpg?fit=1024%2C536&ssl=1",1024,536,true],"1536x1536":["https:\/\/i0.wp.com\/ismaelcolosi.com.br\/wp-content\/uploads\/2023\/12\/postimg-6579ba55e420f9744.jpg?fit=1200%2C628&ssl=1",1200,628,true],"2048x2048":["https:\/\/i0.wp.com\/ismaelcolosi.com.br\/wp-content\/uploads\/2023\/12\/postimg-6579ba55e420f9744.jpg?fit=1200%2C628&ssl=1",1200,628,true],"really-simple-thumb":["https:\/\/i0.wp.com\/ismaelcolosi.com.br\/wp-content\/uploads\/2023\/12\/postimg-6579ba55e420f9744.jpg?resize=370%2C247&ssl=1",370,247,true]},"uagb_author_info":{"display_name":"ismaelcolosi.com.br","author_link":"https:\/\/ismaelcolosi.com.br\/index.php\/author\/vidareal-online\/"},"uagb_comment_info":0,"uagb_excerpt":"Este caso triste ganhou uma grande repercuss\u00e3o nas redes sociais e se tornou destaque nos principais portais de not\u00edcias de todo o pa\u00eds. Na noite...","jetpack-related-posts":[{"id":28870,"url":"https:\/\/ismaelcolosi.com.br\/index.php\/2024\/01\/16\/quem-eram-mae-e-filho-que-perderam-a-vida-em-grave-acidente-na-br-282\/","url_meta":{"origin":15313,"position":0},"title":"Quem eram m\u00e3e e filho que perderam a vida em grave acidente na BR-282","author":"ismaelcolosi.com.br","date":"16 de January de 2024","format":false,"excerpt":"No fim da manh\u00e3 desta ter\u00e7a-feira (16), um grave acidente que teve como cen\u00e1rio a rodovia BR-282, que provocou uma enorme trag\u00e9dia deixando uma fam\u00edlia de luto.O acidente envolvendo um carro e um caminh\u00e3o na BR-282, na altura do munic\u00edpio de Ponte Serrada, que fica localizado no interior do estado\u2026","rel":"","context":"In &quot;Blog&quot;","block_context":{"text":"Blog","link":"https:\/\/ismaelcolosi.com.br\/index.php\/category\/blog\/"},"img":{"alt_text":"","src":"https:\/\/i0.wp.com\/ismaelcolosi.com.br\/wp-content\/uploads\/2024\/01\/postimg-65a722b4e05c58716.jpg?fit=1200%2C628&ssl=1&resize=350%2C200","width":350,"height":200,"srcset":"https:\/\/i0.wp.com\/ismaelcolosi.com.br\/wp-content\/uploads\/2024\/01\/postimg-65a722b4e05c58716.jpg?fit=1200%2C628&ssl=1&resize=350%2C200 1x, https:\/\/i0.wp.com\/ismaelcolosi.com.br\/wp-content\/uploads\/2024\/01\/postimg-65a722b4e05c58716.jpg?fit=1200%2C628&ssl=1&resize=525%2C300 1.5x, https:\/\/i0.wp.com\/ismaelcolosi.com.br\/wp-content\/uploads\/2024\/01\/postimg-65a722b4e05c58716.jpg?fit=1200%2C628&ssl=1&resize=700%2C400 2x, https:\/\/i0.wp.com\/ismaelcolosi.com.br\/wp-content\/uploads\/2024\/01\/postimg-65a722b4e05c58716.jpg?fit=1200%2C628&ssl=1&resize=1050%2C600 3x"},"classes":[]},{"id":17240,"url":"https:\/\/ismaelcolosi.com.br\/index.php\/2023\/12\/17\/quem-sao-mae-e-filho-que-perderam-a-vida-em-acidente-tragico-velorio-e-sepultamento-foi-marcado-por-grande-comocao\/","url_meta":{"origin":15313,"position":1},"title":"Quem s\u00e3o m\u00e3e e filho que perderam a vida em acidente tr\u00e1gico, vel\u00f3rio e sepultamento foi marcado por grande como\u00e7\u00e3o","author":"ismaelcolosi.com.br","date":"17 de December de 2023","format":false,"excerpt":"Uma trag\u00e9dia ocorreu na tarde desta da \u00faltima sexta-feira (15) com a colis\u00e3o frontal entre um caminh\u00e3o e uma caminhonete na rodovia RO-460, em processo de asfaltamento no munic\u00edpio de Buritis, localizado no interior de Rond\u00f4nia, que fica na regi\u00e3o Vale do Jamari, resultando na perda de duas vidas.De acordo\u2026","rel":"","context":"In &quot;Blog&quot;","block_context":{"text":"Blog","link":"https:\/\/ismaelcolosi.com.br\/index.php\/category\/blog\/"},"img":{"alt_text":"","src":"https:\/\/i0.wp.com\/ismaelcolosi.com.br\/wp-content\/uploads\/2023\/12\/postimg-657f85f5652382634.jpg?fit=1200%2C628&ssl=1&resize=350%2C200","width":350,"height":200,"srcset":"https:\/\/i0.wp.com\/ismaelcolosi.com.br\/wp-content\/uploads\/2023\/12\/postimg-657f85f5652382634.jpg?fit=1200%2C628&ssl=1&resize=350%2C200 1x, https:\/\/i0.wp.com\/ismaelcolosi.com.br\/wp-content\/uploads\/2023\/12\/postimg-657f85f5652382634.jpg?fit=1200%2C628&ssl=1&resize=525%2C300 1.5x, https:\/\/i0.wp.com\/ismaelcolosi.com.br\/wp-content\/uploads\/2023\/12\/postimg-657f85f5652382634.jpg?fit=1200%2C628&ssl=1&resize=700%2C400 2x, https:\/\/i0.wp.com\/ismaelcolosi.com.br\/wp-content\/uploads\/2023\/12\/postimg-657f85f5652382634.jpg?fit=1200%2C628&ssl=1&resize=1050%2C600 3x"},"classes":[]},{"id":27658,"url":"https:\/\/ismaelcolosi.com.br\/index.php\/2024\/01\/12\/gravissimo-acidente-mata-pai-mae-filho-e-cunhado-na-ba\/","url_meta":{"origin":15313,"position":2},"title":"Grav\u00edssimo acidente mata pai, m\u00e3e, filho e cunhado na BA","author":"ismaelcolosi.com.br","date":"12 de January de 2024","format":false,"excerpt":"Uma trag\u00e9dia chocante ocorreu na BR-116, entre as cidades de Po\u00e7\u00f5es e Planalto, na Bahia, deixando uma comunidade inteira em luto. Quatro membros de uma mesma fam\u00edlia, que viajavam de S\u00e3o Paulo para Sergipe, perderam suas vidas em um acidente devastador.O grupo, composto por Maria Tainara de Oliveira Carvalho (m\u00e3e),\u2026","rel":"","context":"In &quot;Blog&quot;","block_context":{"text":"Blog","link":"https:\/\/ismaelcolosi.com.br\/index.php\/category\/blog\/"},"img":{"alt_text":"","src":"https:\/\/i0.wp.com\/ismaelcolosi.com.br\/wp-content\/uploads\/2024\/01\/postimg-65a1c82012d342582.jpg?fit=1200%2C628&ssl=1&resize=350%2C200","width":350,"height":200,"srcset":"https:\/\/i0.wp.com\/ismaelcolosi.com.br\/wp-content\/uploads\/2024\/01\/postimg-65a1c82012d342582.jpg?fit=1200%2C628&ssl=1&resize=350%2C200 1x, https:\/\/i0.wp.com\/ismaelcolosi.com.br\/wp-content\/uploads\/2024\/01\/postimg-65a1c82012d342582.jpg?fit=1200%2C628&ssl=1&resize=525%2C300 1.5x, https:\/\/i0.wp.com\/ismaelcolosi.com.br\/wp-content\/uploads\/2024\/01\/postimg-65a1c82012d342582.jpg?fit=1200%2C628&ssl=1&resize=700%2C400 2x, https:\/\/i0.wp.com\/ismaelcolosi.com.br\/wp-content\/uploads\/2024\/01\/postimg-65a1c82012d342582.jpg?fit=1200%2C628&ssl=1&resize=1050%2C600 3x"},"classes":[]},{"id":19019,"url":"https:\/\/ismaelcolosi.com.br\/index.php\/2023\/12\/21\/tragico-acidente-de-caminhao-na-br-277-tira-a-vida-de-pai-e-filho-mae-e-esposa-se-pronunciou-em-recado-comovente\/","url_meta":{"origin":15313,"position":3},"title":"Tr\u00e1gico acidente de caminh\u00e3o na BR-277 tira a vida de pai e filho; m\u00e3e e esposa se pronunciou em recado comovente","author":"ismaelcolosi.com.br","date":"21 de December de 2023","format":false,"excerpt":"A regi\u00e3o de Prudent\u00f3polis, localizada no centro do Paran\u00e1, est\u00e1 lamentando a tr\u00e1gica not\u00edcia do falecimento do pequeno Joaquim Gael, de apenas 8 anos de idade, que foi v\u00edtima de um tr\u00e1gico acidente de caminh\u00e3o na BR-277.A triste situa\u00e7\u00e3o aconteceu nesta \u00faltima quarta-feira, dia 20 de dezembro, resultando na perda\u2026","rel":"","context":"In &quot;Blog&quot;","block_context":{"text":"Blog","link":"https:\/\/ismaelcolosi.com.br\/index.php\/category\/blog\/"},"img":{"alt_text":"","src":"https:\/\/i0.wp.com\/ismaelcolosi.com.br\/wp-content\/uploads\/2023\/12\/postimg-658470fd112106217.jpg?fit=1200%2C628&ssl=1&resize=350%2C200","width":350,"height":200,"srcset":"https:\/\/i0.wp.com\/ismaelcolosi.com.br\/wp-content\/uploads\/2023\/12\/postimg-658470fd112106217.jpg?fit=1200%2C628&ssl=1&resize=350%2C200 1x, https:\/\/i0.wp.com\/ismaelcolosi.com.br\/wp-content\/uploads\/2023\/12\/postimg-658470fd112106217.jpg?fit=1200%2C628&ssl=1&resize=525%2C300 1.5x, https:\/\/i0.wp.com\/ismaelcolosi.com.br\/wp-content\/uploads\/2023\/12\/postimg-658470fd112106217.jpg?fit=1200%2C628&ssl=1&resize=700%2C400 2x, https:\/\/i0.wp.com\/ismaelcolosi.com.br\/wp-content\/uploads\/2023\/12\/postimg-658470fd112106217.jpg?fit=1200%2C628&ssl=1&resize=1050%2C600 3x"},"classes":[]},{"id":27278,"url":"https:\/\/ismaelcolosi.com.br\/index.php\/2024\/01\/11\/video-flagra-o-momento-em-que-familia-perde-a-vida-de-maneira-tragica-pai-mae-e-filho-sao-identificados\/","url_meta":{"origin":15313,"position":4},"title":"V\u00eddeo flagra o momento em que fam\u00edlia perde a vida de maneira tr\u00e1gica; pai, m\u00e3e e filho s\u00e3o identificados","author":"ismaelcolosi.com.br","date":"11 de January de 2024","format":false,"excerpt":"Um tr\u00e1gico acidente ocorreu nesta \u00faltima quarta-feira (10,) no Centro da cidade de Baturit\u00e9, localizada no interior do estado do Cear\u00e1, resultando na perda de um casal e seu filho pequeno.O fat\u00eddico acidente teve lugar quando a motocicleta em que viajavam foi colhida por um caminh\u00e3o na Rua Senador Jo\u00e3o\u2026","rel":"","context":"In &quot;Blog&quot;","block_context":{"text":"Blog","link":"https:\/\/ismaelcolosi.com.br\/index.php\/category\/blog\/"},"img":{"alt_text":"","src":"https:\/\/i0.wp.com\/ismaelcolosi.com.br\/wp-content\/uploads\/2024\/01\/postimg-65a07a0c82c683638.jpg?fit=1200%2C628&ssl=1&resize=350%2C200","width":350,"height":200,"srcset":"https:\/\/i0.wp.com\/ismaelcolosi.com.br\/wp-content\/uploads\/2024\/01\/postimg-65a07a0c82c683638.jpg?fit=1200%2C628&ssl=1&resize=350%2C200 1x, https:\/\/i0.wp.com\/ismaelcolosi.com.br\/wp-content\/uploads\/2024\/01\/postimg-65a07a0c82c683638.jpg?fit=1200%2C628&ssl=1&resize=525%2C300 1.5x, https:\/\/i0.wp.com\/ismaelcolosi.com.br\/wp-content\/uploads\/2024\/01\/postimg-65a07a0c82c683638.jpg?fit=1200%2C628&ssl=1&resize=700%2C400 2x, https:\/\/i0.wp.com\/ismaelcolosi.com.br\/wp-content\/uploads\/2024\/01\/postimg-65a07a0c82c683638.jpg?fit=1200%2C628&ssl=1&resize=1050%2C600 3x"},"classes":[]},{"id":29642,"url":"https:\/\/ismaelcolosi.com.br\/index.php\/2024\/01\/18\/mais-um-gravissimo-acidente-na-br-116-tira-a-vida-de-pai-e-filho\/","url_meta":{"origin":15313,"position":5},"title":"Mais um grav\u00edssimo acidente na BR-116 tira a vida de pai e filho","author":"ismaelcolosi.com.br","date":"18 de January de 2024","format":false,"excerpt":"Duas trag\u00e9dias separadas, ambas igualmente devastadoras, ocorreram na BR-116, deixando um rastro de luto e perguntas sem respostas.Em Correia Pinto, na Serra catarinense, um pai e seu filho foram as v\u00edtimas fatais de um grave acidente no in\u00edcio da noite de quinta, dia 18 de janeiro.O acidente, que envolveu dois\u2026","rel":"","context":"In &quot;Blog&quot;","block_context":{"text":"Blog","link":"https:\/\/ismaelcolosi.com.br\/index.php\/category\/blog\/"},"img":{"alt_text":"","src":"https:\/\/i0.wp.com\/ismaelcolosi.com.br\/wp-content\/uploads\/2024\/01\/postimg-65a9ccf44ece48566.jpg?fit=1200%2C628&ssl=1&resize=350%2C200","width":350,"height":200,"srcset":"https:\/\/i0.wp.com\/ismaelcolosi.com.br\/wp-content\/uploads\/2024\/01\/postimg-65a9ccf44ece48566.jpg?fit=1200%2C628&ssl=1&resize=350%2C200 1x, https:\/\/i0.wp.com\/ismaelcolosi.com.br\/wp-content\/uploads\/2024\/01\/postimg-65a9ccf44ece48566.jpg?fit=1200%2C628&ssl=1&resize=525%2C300 1.5x, https:\/\/i0.wp.com\/ismaelcolosi.com.br\/wp-content\/uploads\/2024\/01\/postimg-65a9ccf44ece48566.jpg?fit=1200%2C628&ssl=1&resize=700%2C400 2x, https:\/\/i0.wp.com\/ismaelcolosi.com.br\/wp-content\/uploads\/2024\/01\/postimg-65a9ccf44ece48566.jpg?fit=1200%2C628&ssl=1&resize=1050%2C600 3x"},"classes":[]}],"jetpack_sharing_enabled":true,"jetpack_shortlink":"https:\/\/wp.me\/pfMlyK-3YZ","_links":{"self":[{"href":"https:\/\/ismaelcolosi.com.br\/index.php\/wp-json\/wp\/v2\/posts\/15313","targetHints":{"allow":["GET"]}}],"collection":[{"href":"https:\/\/ismaelcolosi.com.br\/index.php\/wp-json\/wp\/v2\/posts"}],"about":[{"href":"https:\/\/ismaelcolosi.com.br\/index.php\/wp-json\/wp\/v2\/types\/post"}],"author":[{"embeddable":true,"href":"https:\/\/ismaelcolosi.com.br\/index.php\/wp-json\/wp\/v2\/users\/1"}],"replies":[{"embeddable":true,"href":"https:\/\/ismaelcolosi.com.br\/index.php\/wp-json\/wp\/v2\/comments?post=15313"}],"version-history":[{"count":0,"href":"https:\/\/ismaelcolosi.com.br\/index.php\/wp-json\/wp\/v2\/posts\/15313\/revisions"}],"wp:featuredmedia":[{"embeddable":true,"href":"https:\/\/ismaelcolosi.com.br\/index.php\/wp-json\/wp\/v2\/media\/15314"}],"wp:attachment":[{"href":"https:\/\/ismaelcolosi.com.br\/index.php\/wp-json\/wp\/v2\/media?parent=15313"}],"wp:term":[{"taxonomy":"category","embeddable":true,"href":"https:\/\/ismaelcolosi.com.br\/index.php\/wp-json\/wp\/v2\/categories?post=15313"},{"taxonomy":"post_tag","embeddable":true,"href":"https:\/\/ismaelcolosi.com.br\/index.php\/wp-json\/wp\/v2\/tags?post=15313"}],"curies":[{"name":"wp","href":"https:\/\/api.w.org\/{rel}","templated":true}]}}