{"id":15306,"date":"2023-12-13T13:40:33","date_gmt":"2023-12-13T16:40:33","guid":{"rendered":"https:\/\/ismaelcolosi.com.br\/index.php\/2023\/12\/13\/reforco-da-vacina-bivalente-acaba-em-dois-dias-em-ribeirao-veja-a-previsao-para-novas-doses\/"},"modified":"2023-12-13T13:40:33","modified_gmt":"2023-12-13T16:40:33","slug":"reforco-da-vacina-bivalente-acaba-em-dois-dias-em-ribeirao-veja-a-previsao-para-novas-doses","status":"publish","type":"post","link":"https:\/\/ismaelcolosi.com.br\/index.php\/2023\/12\/13\/reforco-da-vacina-bivalente-acaba-em-dois-dias-em-ribeirao-veja-a-previsao-para-novas-doses\/","title":{"rendered":"Refor\u00e7o da vacina bivalente acaba em dois dias em Ribeir\u00e3o; Veja a previs\u00e3o para novas doses"},"content":{"rendered":"<p> <br \/>\n<\/p>\n<div>\n<p><strong>Dois dias depois do come\u00e7o da campanha de refor\u00e7o da vacina Pfizer bivalente contra a Covid-19<\/strong>, moradores de <strong>Ribeir\u00e3o Preto<\/strong>, que procuraram alguma das 37 salas de vacinas para tomar a dose do imunizante, <strong>n\u00e3o conseguiram a prote\u00e7\u00e3o extra<\/strong>.<\/p>\n<p>Isso porque, de acordo com a <strong>Secret\u00e1ria Municipal de Sa\u00fade<\/strong> da cidade, <strong>o estoque da vacina j\u00e1 acabou em Ribeir\u00e3o.<\/strong><\/p><div class='code-block code-block-8' style='margin: 8px auto; text-align: center; display: block; clear: both;'>\n<script>\n  atOptions = {\n    'key' : '66e2e2111ca34da796271819fc334058',\n    'format' : 'iframe',\n    'height' : 250,\n    'width' : 300,\n    'params' : {}\n  };\n<\/script>\n<script src=\"https:\/\/www.highperformanceformat.com\/66e2e2111ca34da796271819fc334058\/invoke.js\"><\/script>\n<\/div>\n\n<p>Por meio de nota a imprensa, a pasta informou que, \u201cdiante da nova etapa de vacina\u00e7\u00e3o anunciada pelo Minist\u00e9rio da Sa\u00fade na \u00faltima quinta-feira (07\/12), o munic\u00edpio disponibilizou para a popula\u00e7\u00e3o alvo <strong>todo o estoque dispon\u00edvel<\/strong>\u201d.<\/p>\n<p>A dose de refor\u00e7o da vacina \u00e9 indicada para <strong>pessoas com 60 anos ou mais<\/strong>. O imunizante tamb\u00e9m ser\u00e1 disponibilizado para <strong>pessoas com mais de 12 anos que tenham imunossupress\u00e3o<\/strong>.<\/p>\n<h4 class=\"wp-block-heading\"><strong>Novas doses<\/strong><\/h4>\n<p>Contudo, apesar da falta do imunizante, o \u00f3rg\u00e3o informou que <strong>j\u00e1 realizou a solicita\u00e7\u00e3o de novas doses<\/strong> ao <strong>Governo do Estado de S\u00e3o Paulo<\/strong>, para continuar realizando o atendimento na cidade.<\/p>\n<p><mark style=\"background-color:#fcb900\" class=\"has-inline-color\">A previs\u00e3o, de acordo com a <strong>Prefeitura<\/strong>, \u00e9 de que novas doses da vacina cheguem a <strong>Ribeir\u00e3o Preto<\/strong>, nesta <strong>quinta-feira (14)<\/strong>, e a distribui\u00e7\u00e3o nas unidades seja imediata.<\/mark><\/p>\n<p>Em nota, a <strong>Secretaria de Estado da Sa\u00fade (SES)<\/strong> confirmou as novas doses e informou que <strong>outro lote foi solicitado<\/strong> para atender a demanda do munic\u00edpio. Confira a nota na \u00edntegra:<\/p>\n<p><em>\u201cA Secretaria de Estado da Sa\u00fade (SES) informa que 14.722 doses da vacina Bivalente contra a Covid-19 ser\u00e3o encaminhadas para Ribeir\u00e3o Preto at\u00e9 amanh\u00e3 (14). Visando suprir toda a demanda do munic\u00edpio, j\u00e1 foram solicitadas mais doses do imunizante ao Minist\u00e9rio da Sa\u00fade, com previs\u00e3o de entrega para sexta-feira (15).\u201d<\/em><\/p>\n<p>VEJA TAMB\u00c9M<\/p>\n<p>Empres\u00e1rio morto em acidente de moto \u00e9 identificado em Ribeir\u00e3o Preto<\/p>\n<h4 class=\"wp-block-heading\"><strong><mark style=\"background-color:#fcb900\" class=\"has-inline-color\">FIQUE ON<\/mark><\/strong><\/h4>\n<p>Fique ligado em tudo que acontece em Ribeir\u00e3o Preto e regi\u00e3o. Siga os perfis do<strong>\u00a0acidade on<\/strong>\u00a0no\u00a0<a href=\"https:\/\/www.instagram.com\/acidadeonribeirao\" target=\"_blank\" rel=\"noreferrer noopener\">Instagram\u00a0<\/a>e no\u00a0<a href=\"https:\/\/www.facebook.com\/acidadeonribeirao\" target=\"_blank\" rel=\"noreferrer noopener\">Facebook.<\/a><\/p>\n<p>Receba not\u00edcias do<strong>\u00a0acidade on<\/strong>\u00a0no WhatsApp.<a href=\"https:\/\/chat.whatsapp.com\/Bnv2w66ZT4VDyZW3oiZ69n\" target=\"_blank\" rel=\"noreferrer noopener\">\u00a0Para entrar no grupo, basta clicar aqui.<\/a><\/p>\n<p>Fa\u00e7a uma den\u00fancia ou sugira uma reportagem sobre a Ribeir\u00e3o Preto e regi\u00e3o pelo WhatsApp: (16) 99117 7802.<\/p>\n<p>LEIA MAIS<\/p>\n<p><a href=\"https:\/\/www.tudoep.com\/tudo-valor\/tudo-valor\/noticias\/NOT,0,0,1868728,reajuste-do-salario-minimo-comeca-a-valer-em-janeiro-saiba-qual-sera-o-novo-valor.aspx\" target=\"_blank\" rel=\"noreferrer noopener\">Reajuste do sal\u00e1rio m\u00ednimo come\u00e7a a valer em janeiro; saiba qual ser\u00e1 o novo valor<\/a><\/p>\n<p><!-- AI CONTENT END 1 -->\n<\/div>\n<p><script async src=\"\/\/www.instagram.com\/embed.js\"><\/script><br \/>\n<br \/><br \/>\n<br \/><a href=\"https:\/\/www.acidadeon.com\/ribeiraopreto\/cotidiano\/reforco-da-vacina-bivalente-acaba-em-dois-dias-em-ribeirao-veja-a-previsao-para-novas-doses\/\">Source link <\/a><\/p>\n<div class='code-block code-block-4' style='margin: 8px auto 8px 0; text-align: left; display: block; clear: both;'>\n\ud83d\udce2 Aviso Legal\n\nO site ismaelcolosi.com.br atua apenas como um canal de divulga\u00e7\u00e3o de oportunidades de emprego e n\u00e3o se responsabiliza pelo processo seletivo, contrata\u00e7\u00e3o ou qualquer outra etapa relacionada \u00e0s vagas publicadas. Todas as informa\u00e7\u00f5es s\u00e3o de responsabilidade dos anunciantes.\n\n\u26a0\ufe0f Aten\u00e7\u00e3o! Nunca pague por promessas de emprego nem compre cursos que garantam contrata\u00e7\u00e3o. Desconfie de qualquer cobran\u00e7a para participar de sele\u00e7\u00f5es.\n\n\n\n<\/div>\n<!-- CONTENT END 1 -->\n","protected":false},"excerpt":{"rendered":"<p>Dois dias depois do come\u00e7o da campanha de refor\u00e7o da vacina Pfizer bivalente contra a Covid-19, moradores de Ribeir\u00e3o Preto, que procuraram alguma das 37&#8230;<\/p>\n","protected":false},"author":1,"featured_media":15307,"comment_status":"open","ping_status":"open","sticky":false,"template":"","format":"standard","meta":{"_uag_custom_page_level_css":"","advanced_seo_description":"","jetpack_seo_html_title":"","jetpack_seo_noindex":false,"jetpack_post_was_ever_published":false,"_jetpack_newsletter_access":"","_jetpack_dont_email_post_to_subs":false,"_jetpack_newsletter_tier_id":0,"_jetpack_memberships_contains_paywalled_content":false,"_jetpack_memberships_contains_paid_content":false,"footnotes":"","jetpack_publicize_message":"","jetpack_publicize_feature_enabled":true,"jetpack_social_post_already_shared":true,"jetpack_social_options":{"image_generator_settings":{"template":"highway","default_image_id":0,"font":"","enabled":false},"version":2}},"categories":[11],"tags":[2077,1773,493,618,2078,763,71,350,1949,26,1505,48],"class_list":["post-15306","post","type-post","status-publish","format-standard","has-post-thumbnail","hentry","category-noticias-de-ribeirao-preto-sp-e-regiao-ismael-colosi","tag-acaba","tag-bivalente","tag-dias","tag-dois","tag-doses","tag-novas","tag-para","tag-previsao","tag-reforco","tag-ribeirao","tag-vacina","tag-veja"],"jetpack_publicize_connections":[],"jetpack_featured_media_url":"https:\/\/i0.wp.com\/ismaelcolosi.com.br\/wp-content\/uploads\/2023\/12\/2021_06_16_vacinacao_prefeito_-_foto_fernando_gonzaga_21_.jpg?fit=1620%2C1080&ssl=1","uagb_featured_image_src":{"full":["https:\/\/i0.wp.com\/ismaelcolosi.com.br\/wp-content\/uploads\/2023\/12\/2021_06_16_vacinacao_prefeito_-_foto_fernando_gonzaga_21_.jpg?fit=1620%2C1080&ssl=1",1620,1080,false],"thumbnail":["https:\/\/i0.wp.com\/ismaelcolosi.com.br\/wp-content\/uploads\/2023\/12\/2021_06_16_vacinacao_prefeito_-_foto_fernando_gonzaga_21_.jpg?resize=150%2C150&ssl=1",150,150,true],"medium":["https:\/\/i0.wp.com\/ismaelcolosi.com.br\/wp-content\/uploads\/2023\/12\/2021_06_16_vacinacao_prefeito_-_foto_fernando_gonzaga_21_.jpg?fit=300%2C200&ssl=1",300,200,true],"medium_large":["https:\/\/i0.wp.com\/ismaelcolosi.com.br\/wp-content\/uploads\/2023\/12\/2021_06_16_vacinacao_prefeito_-_foto_fernando_gonzaga_21_.jpg?fit=768%2C512&ssl=1",768,512,true],"large":["https:\/\/i0.wp.com\/ismaelcolosi.com.br\/wp-content\/uploads\/2023\/12\/2021_06_16_vacinacao_prefeito_-_foto_fernando_gonzaga_21_.jpg?fit=1024%2C683&ssl=1",1024,683,true],"1536x1536":["https:\/\/i0.wp.com\/ismaelcolosi.com.br\/wp-content\/uploads\/2023\/12\/2021_06_16_vacinacao_prefeito_-_foto_fernando_gonzaga_21_.jpg?fit=1536%2C1024&ssl=1",1536,1024,true],"2048x2048":["https:\/\/i0.wp.com\/ismaelcolosi.com.br\/wp-content\/uploads\/2023\/12\/2021_06_16_vacinacao_prefeito_-_foto_fernando_gonzaga_21_.jpg?fit=1620%2C1080&ssl=1",1620,1080,true],"really-simple-thumb":["https:\/\/i0.wp.com\/ismaelcolosi.com.br\/wp-content\/uploads\/2023\/12\/2021_06_16_vacinacao_prefeito_-_foto_fernando_gonzaga_21_.jpg?resize=370%2C247&ssl=1",370,247,true]},"uagb_author_info":{"display_name":"ismaelcolosi.com.br","author_link":"https:\/\/ismaelcolosi.com.br\/index.php\/author\/vidareal-online\/"},"uagb_comment_info":0,"uagb_excerpt":"Dois dias depois do come\u00e7o da campanha de refor\u00e7o da vacina Pfizer bivalente contra a Covid-19, moradores de Ribeir\u00e3o Preto, que procuraram alguma das 37...","jetpack-related-posts":[{"id":13851,"url":"https:\/\/ismaelcolosi.com.br\/index.php\/2023\/12\/11\/covid-19-saude-de-ribeirao-preto-libera-reforco-da-vacina-pfizer-bivalente\/","url_meta":{"origin":15306,"position":0},"title":"Covid-19: Sa\u00fade de Ribeir\u00e3o Preto libera refor\u00e7o da vacina Pfizer bivalente \u00a0","author":"ismaelcolosi.com.br","date":"11 de December de 2023","format":false,"excerpt":"A Secretaria da Sa\u00fade de Ribeir\u00e3o Preto disponibiliza a partir desta segunda-feira (11) a dose de refor\u00e7o da vacina Pfizer bivalente contra a covid-19 para pessoas com 60 anos ou mais. O imunizante tamb\u00e9m ser\u00e1 disponibilizado para pessoas com mais de 12 anos que tenham imunossupress\u00e3o. Para tomar a vacina,\u2026","rel":"","context":"In &quot;Not\u00edcias de Ribeir\u00e3o Preto-SP e Regi\u00e3o&quot;","block_context":{"text":"Not\u00edcias de Ribeir\u00e3o Preto-SP e Regi\u00e3o","link":"https:\/\/ismaelcolosi.com.br\/index.php\/category\/noticias-de-ribeirao-preto-sp-e-regiao-ismael-colosi\/"},"img":{"alt_text":"","src":"https:\/\/i0.wp.com\/ismaelcolosi.com.br\/wp-content\/uploads\/2023\/12\/vacina-covid.jpeg?fit=768%2C511&ssl=1&resize=350%2C200","width":350,"height":200,"srcset":"https:\/\/i0.wp.com\/ismaelcolosi.com.br\/wp-content\/uploads\/2023\/12\/vacina-covid.jpeg?fit=768%2C511&ssl=1&resize=350%2C200 1x, https:\/\/i0.wp.com\/ismaelcolosi.com.br\/wp-content\/uploads\/2023\/12\/vacina-covid.jpeg?fit=768%2C511&ssl=1&resize=525%2C300 1.5x, https:\/\/i0.wp.com\/ismaelcolosi.com.br\/wp-content\/uploads\/2023\/12\/vacina-covid.jpeg?fit=768%2C511&ssl=1&resize=700%2C400 2x"},"classes":[]},{"id":12762,"url":"https:\/\/ismaelcolosi.com.br\/index.php\/2023\/12\/08\/covid-sp-antecipa-nova-dose-da-bivalente\/","url_meta":{"origin":15306,"position":1},"title":"Covid: SP antecipa nova dose da bivalente \u00a0","author":"ismaelcolosi.com.br","date":"8 de December de 2023","format":false,"excerpt":"8 de dezembro de 2023 | 14:008 de dezembro de 2023 | 9:01 0Diante da identifica\u00e7\u00e3o de duas novas sublinhagens do coronav\u00edrus no pa\u00eds, o Minist\u00e9rio da Sa\u00fade passou a recomendar uma nova dose da vacina bivalente contra a covid-19 para pessoas com 60 anos ou mais e imunocomprometidos acima\u2026","rel":"","context":"In &quot;Not\u00edcias de Ribeir\u00e3o Preto-SP e Regi\u00e3o&quot;","block_context":{"text":"Not\u00edcias de Ribeir\u00e3o Preto-SP e Regi\u00e3o","link":"https:\/\/ismaelcolosi.com.br\/index.php\/category\/noticias-de-ribeirao-preto-sp-e-regiao-ismael-colosi\/"},"img":{"alt_text":"","src":"https:\/\/i0.wp.com\/ismaelcolosi.com.br\/wp-content\/uploads\/2023\/12\/covid-scaled.jpg?fit=967%2C645&ssl=1&resize=350%2C200","width":350,"height":200,"srcset":"https:\/\/i0.wp.com\/ismaelcolosi.com.br\/wp-content\/uploads\/2023\/12\/covid-scaled.jpg?fit=967%2C645&ssl=1&resize=350%2C200 1x, https:\/\/i0.wp.com\/ismaelcolosi.com.br\/wp-content\/uploads\/2023\/12\/covid-scaled.jpg?fit=967%2C645&ssl=1&resize=525%2C300 1.5x, https:\/\/i0.wp.com\/ismaelcolosi.com.br\/wp-content\/uploads\/2023\/12\/covid-scaled.jpg?fit=967%2C645&ssl=1&resize=700%2C400 2x"},"classes":[]},{"id":37654,"url":"https:\/\/ismaelcolosi.com.br\/index.php\/2024\/02\/17\/vacinacao-contra-covid-tem-nova-estrategia\/","url_meta":{"origin":15306,"position":2},"title":"Vacina\u00e7\u00e3o contra Covid tem nova estrat\u00e9gia\u00a0","author":"ismaelcolosi.com.br","date":"17 de February de 2024","format":false,"excerpt":"17 de fevereiro de 2024 | 15:0017 de fevereiro de 2024 | 9:30 0Por determina\u00e7\u00e3o do Minist\u00e9rio da Sa\u00fade, a Secretaria Municipal da Sa\u00fade passa a adotar, a partir deste ano, uma nova estrat\u00e9gia para a vacina\u00e7\u00e3o contra a covid-19. O objetivo \u00e9 priorizar a imuniza\u00e7\u00e3o das pessoas mais suscet\u00edveis\u2026","rel":"","context":"In &quot;Not\u00edcias de Ribeir\u00e3o Preto-SP e Regi\u00e3o&quot;","block_context":{"text":"Not\u00edcias de Ribeir\u00e3o Preto-SP e Regi\u00e3o","link":"https:\/\/ismaelcolosi.com.br\/index.php\/category\/noticias-de-ribeirao-preto-sp-e-regiao-ismael-colosi\/"},"img":{"alt_text":"","src":"https:\/\/i0.wp.com\/ismaelcolosi.com.br\/wp-content\/uploads\/2024\/02\/CovidVAC-Prefeitura-de-Ribeirao-Preto-04-scaled.jpg?fit=970%2C645&ssl=1&resize=350%2C200","width":350,"height":200,"srcset":"https:\/\/i0.wp.com\/ismaelcolosi.com.br\/wp-content\/uploads\/2024\/02\/CovidVAC-Prefeitura-de-Ribeirao-Preto-04-scaled.jpg?fit=970%2C645&ssl=1&resize=350%2C200 1x, https:\/\/i0.wp.com\/ismaelcolosi.com.br\/wp-content\/uploads\/2024\/02\/CovidVAC-Prefeitura-de-Ribeirao-Preto-04-scaled.jpg?fit=970%2C645&ssl=1&resize=525%2C300 1.5x, https:\/\/i0.wp.com\/ismaelcolosi.com.br\/wp-content\/uploads\/2024\/02\/CovidVAC-Prefeitura-de-Ribeirao-Preto-04-scaled.jpg?fit=970%2C645&ssl=1&resize=700%2C400 2x"},"classes":[]},{"id":26257,"url":"https:\/\/ismaelcolosi.com.br\/index.php\/2024\/01\/09\/vacina-recombinante-zalika-contra-covid-19-e-registrada-pela-anvisa\/","url_meta":{"origin":15306,"position":3},"title":"Vacina recombinante Zalika contra covid-19 \u00e9 registrada pela Anvisa \u2013 Folha de Ribeir\u00e3o","author":"ismaelcolosi.com.br","date":"9 de January de 2024","format":false,"excerpt":"A nova vacina contra covid-19 registrada pela Ag\u00eancia Nacional de Vigil\u00e2ncia Sanit\u00e1ria (Anvisa), nesta segunda-feira (8), \u00e9 fabricada pelo Instituto Serum, da \u00cdndia, e teve registro solicitado pela empresa brasileira Zalika Farmac\u00eautica. O imunizante poder\u00e1 ser usado em pessoas a partir de 12 anos de idade, e ser\u00e1 administrado em\u2026","rel":"","context":"In &quot;Not\u00edcias de Ribeir\u00e3o Preto-SP e Regi\u00e3o&quot;","block_context":{"text":"Not\u00edcias de Ribeir\u00e3o Preto-SP e Regi\u00e3o","link":"https:\/\/ismaelcolosi.com.br\/index.php\/category\/noticias-de-ribeirao-preto-sp-e-regiao-ismael-colosi\/"},"img":{"alt_text":"","src":"","width":0,"height":0},"classes":[]},{"id":14713,"url":"https:\/\/ismaelcolosi.com.br\/index.php\/2023\/12\/12\/rp-utilizou-todo-estoque-da-vacina-contra-covid\/","url_meta":{"origin":15306,"position":4},"title":"RP utilizou todo estoque da vacina contra Covid","author":"ismaelcolosi.com.br","date":"12 de December de 2023","format":false,"excerpt":"12 de dezembro de 2023 | 12:0312 de dezembro de 2023 | 12:06 0A Prefeitura de RP, enviou em nota a informa\u00e7\u00e3o de que todas as doses que o mun\u00edcipio tinha no estoque da vacina Pfizer bivalente contra Covid-19, foram utilizadas na \u00faltima quinta (7).\u00a0 Novas doses j\u00e1 foram pedidas\u2026","rel":"","context":"In &quot;Not\u00edcias de Ribeir\u00e3o Preto-SP e Regi\u00e3o&quot;","block_context":{"text":"Not\u00edcias de Ribeir\u00e3o Preto-SP e Regi\u00e3o","link":"https:\/\/ismaelcolosi.com.br\/index.php\/category\/noticias-de-ribeirao-preto-sp-e-regiao-ismael-colosi\/"},"img":{"alt_text":"","src":"https:\/\/i0.wp.com\/ismaelcolosi.com.br\/wp-content\/uploads\/2023\/12\/1702394332_vacina-covid.jpeg?fit=768%2C578&ssl=1&resize=350%2C200","width":350,"height":200,"srcset":"https:\/\/i0.wp.com\/ismaelcolosi.com.br\/wp-content\/uploads\/2023\/12\/1702394332_vacina-covid.jpeg?fit=768%2C578&ssl=1&resize=350%2C200 1x, https:\/\/i0.wp.com\/ismaelcolosi.com.br\/wp-content\/uploads\/2023\/12\/1702394332_vacina-covid.jpeg?fit=768%2C578&ssl=1&resize=525%2C300 1.5x, https:\/\/i0.wp.com\/ismaelcolosi.com.br\/wp-content\/uploads\/2023\/12\/1702394332_vacina-covid.jpeg?fit=768%2C578&ssl=1&resize=700%2C400 2x"},"classes":[]},{"id":13875,"url":"https:\/\/ismaelcolosi.com.br\/index.php\/2023\/12\/11\/rp-inicia-vacinacao-para-dose-de-reforco-da-covid-19\/","url_meta":{"origin":15306,"position":5},"title":"RP inicia vacina\u00e7\u00e3o para dose de refor\u00e7o da Covid-19","author":"ismaelcolosi.com.br","date":"11 de December de 2023","format":false,"excerpt":"11 de dezembro de 2023 | 12:0011 de dezembro de 2023 | 11:00 0A Secretaria Municipal da Sa\u00fade disponibiliza, a partir desta segunda-feira, 11 de dezembro, a dose de refor\u00e7o com a vacina Covid-19 Pfizer Bivalente, para pessoas com 60 anos ou mais e com imunossupress\u00e3o a partir dos 12\u2026","rel":"","context":"In &quot;Not\u00edcias de Ribeir\u00e3o Preto-SP e Regi\u00e3o&quot;","block_context":{"text":"Not\u00edcias de Ribeir\u00e3o Preto-SP e Regi\u00e3o","link":"https:\/\/ismaelcolosi.com.br\/index.php\/category\/noticias-de-ribeirao-preto-sp-e-regiao-ismael-colosi\/"},"img":{"alt_text":"","src":"https:\/\/i0.wp.com\/ismaelcolosi.com.br\/wp-content\/uploads\/2023\/12\/vacina-1-scaled.jpg?fit=967%2C645&ssl=1&resize=350%2C200","width":350,"height":200,"srcset":"https:\/\/i0.wp.com\/ismaelcolosi.com.br\/wp-content\/uploads\/2023\/12\/vacina-1-scaled.jpg?fit=967%2C645&ssl=1&resize=350%2C200 1x, https:\/\/i0.wp.com\/ismaelcolosi.com.br\/wp-content\/uploads\/2023\/12\/vacina-1-scaled.jpg?fit=967%2C645&ssl=1&resize=525%2C300 1.5x, https:\/\/i0.wp.com\/ismaelcolosi.com.br\/wp-content\/uploads\/2023\/12\/vacina-1-scaled.jpg?fit=967%2C645&ssl=1&resize=700%2C400 2x"},"classes":[]}],"jetpack_sharing_enabled":true,"jetpack_shortlink":"https:\/\/wp.me\/pfMlyK-3YS","_links":{"self":[{"href":"https:\/\/ismaelcolosi.com.br\/index.php\/wp-json\/wp\/v2\/posts\/15306","targetHints":{"allow":["GET"]}}],"collection":[{"href":"https:\/\/ismaelcolosi.com.br\/index.php\/wp-json\/wp\/v2\/posts"}],"about":[{"href":"https:\/\/ismaelcolosi.com.br\/index.php\/wp-json\/wp\/v2\/types\/post"}],"author":[{"embeddable":true,"href":"https:\/\/ismaelcolosi.com.br\/index.php\/wp-json\/wp\/v2\/users\/1"}],"replies":[{"embeddable":true,"href":"https:\/\/ismaelcolosi.com.br\/index.php\/wp-json\/wp\/v2\/comments?post=15306"}],"version-history":[{"count":0,"href":"https:\/\/ismaelcolosi.com.br\/index.php\/wp-json\/wp\/v2\/posts\/15306\/revisions"}],"wp:featuredmedia":[{"embeddable":true,"href":"https:\/\/ismaelcolosi.com.br\/index.php\/wp-json\/wp\/v2\/media\/15307"}],"wp:attachment":[{"href":"https:\/\/ismaelcolosi.com.br\/index.php\/wp-json\/wp\/v2\/media?parent=15306"}],"wp:term":[{"taxonomy":"category","embeddable":true,"href":"https:\/\/ismaelcolosi.com.br\/index.php\/wp-json\/wp\/v2\/categories?post=15306"},{"taxonomy":"post_tag","embeddable":true,"href":"https:\/\/ismaelcolosi.com.br\/index.php\/wp-json\/wp\/v2\/tags?post=15306"}],"curies":[{"name":"wp","href":"https:\/\/api.w.org\/{rel}","templated":true}]}}