{"id":15302,"date":"2023-12-13T13:38:01","date_gmt":"2023-12-13T16:38:01","guid":{"rendered":"https:\/\/ismaelcolosi.com.br\/index.php\/2023\/12\/13\/caminhoneiro-fica-preso-as-ferragens-mas-passageiro-desapareceu\/"},"modified":"2023-12-13T13:38:01","modified_gmt":"2023-12-13T16:38:01","slug":"caminhoneiro-fica-preso-as-ferragens-mas-passageiro-desapareceu","status":"publish","type":"post","link":"https:\/\/ismaelcolosi.com.br\/index.php\/2023\/12\/13\/caminhoneiro-fica-preso-as-ferragens-mas-passageiro-desapareceu\/","title":{"rendered":"Caminhoneiro fica preso \u00e0s ferragens mas passageiro desapareceu"},"content":{"rendered":"<p> <br \/>\n<\/p>\n<div itemprop=\"text\">\n<p>Um cen\u00e1rio de suspense e resgate marcou a tarde desta ter\u00e7a, dia 12 de dezembro, na MG-295, na sinuosa Serra de Senador Amaral, em Minas Gerais.<\/p>\n<p>Um caminh\u00e3o carregado de gr\u00e3os de milho capotou, deixando o motorista, um caminhoneiro de 38 anos, preso entre as ferragens enquanto sua carga se espalhava pela estrada.<\/p><div class='code-block code-block-8' style='margin: 8px auto; text-align: center; display: block; clear: both;'>\n<script>\n  atOptions = {\n    'key' : '66e2e2111ca34da796271819fc334058',\n    'format' : 'iframe',\n    'height' : 250,\n    'width' : 300,\n    'params' : {}\n  };\n<\/script>\n<script src=\"https:\/\/www.highperformanceformat.com\/66e2e2111ca34da796271819fc334058\/invoke.js\"><\/script>\n<\/div>\n\n<p>O capotamento de um caminh\u00e3o de carga representa um dos riscos mais graves na opera\u00e7\u00e3o de ve\u00edculos pesados, com consequ\u00eancias potencialmente devastadoras tanto para o motorista quanto para outros usu\u00e1rios da via.<\/p>\n<p>Esse tipo de acidente geralmente ocorre devido a uma combina\u00e7\u00e3o de fatores, incluindo excesso de velocidade, carga mal acondicionada ou excessiva, manobras bruscas, condi\u00e7\u00f5es adversas da estrada, e falhas mec\u00e2nicas.<\/p>\n<p>O que intriga as autoridades \u00e9 o mist\u00e9rio em torno do passageiro que supostamente estava no ve\u00edculo. Testemunhas relatam que essa pessoa teria saltado do caminh\u00e3o antes do tr\u00e1gico capotamento, por\u00e9m, at\u00e9 o momento, n\u00e3o foi localizada no local do acidente pelas equipes de resgate.<\/p>\n<p>Os her\u00f3is do momento foram os bombeiros, que enfrentaram o desafio de resgatar o motorista, mantendo-o consciente e orientado durante todo o procedimento. Utilizando equipamentos especializados, conseguiram libertar o condutor das ferragens, entregando-o, ent\u00e3o, aos cuidados da equipe do SAMU.<img data-recalc-dims=\"1\" decoding=\"async\" src=\"https:\/\/i0.wp.com\/fnmais.com\/wp-content\/uploads\/2023\/12\/postiimg-6579d81c2cdb58707.jpeg?ssl=1\" alt=\"Caminhoneiro fica preso s ferragens aps capotamento na MG-295 na Serra de Senador Amaral MG Foto Corpo de Bombeiros\"\/><\/p>\n<p>A v\u00edtima foi prontamente transportada para o hospital de Cambu\u00ed, em estado est\u00e1vel, gra\u00e7as \u00e0 a\u00e7\u00e3o r\u00e1pida e precisa dos socorristas.<\/p>\n<p>O enigma ganha novos contornos com a identifica\u00e7\u00e3o do motorista como sendo natural de Parais\u00f3polis, em Minas Gerais, e o ve\u00edculo registrado com placas de Cambu\u00ed.<\/p>\n<\/div>\n<p><br \/>\n<br \/><a href=\"https:\/\/fnmais.com\/misterio-em-acidente-caminhoneiro-fica-preso-ferragens-mas-passageiro-desapareceu\/\">Source link <\/a><\/p>\n<div class='code-block code-block-4' style='margin: 8px auto 8px 0; text-align: left; display: block; clear: both;'>\n\ud83d\udce2 Aviso Legal\n\nO site ismaelcolosi.com.br atua apenas como um canal de divulga\u00e7\u00e3o de oportunidades de emprego e n\u00e3o se responsabiliza pelo processo seletivo, contrata\u00e7\u00e3o ou qualquer outra etapa relacionada \u00e0s vagas publicadas. Todas as informa\u00e7\u00f5es s\u00e3o de responsabilidade dos anunciantes.\n\n\u26a0\ufe0f Aten\u00e7\u00e3o! Nunca pague por promessas de emprego nem compre cursos que garantam contrata\u00e7\u00e3o. Desconfie de qualquer cobran\u00e7a para participar de sele\u00e7\u00f5es.\n\n\n\n<\/div>\n<!-- CONTENT END 1 -->\n","protected":false},"excerpt":{"rendered":"<p>Um cen\u00e1rio de suspense e resgate marcou a tarde desta ter\u00e7a, dia 12 de dezembro, na MG-295, na sinuosa Serra de Senador Amaral, em Minas&#8230;<\/p>\n","protected":false},"author":1,"featured_media":15303,"comment_status":"open","ping_status":"open","sticky":false,"template":"","format":"standard","meta":{"_uag_custom_page_level_css":"","advanced_seo_description":"","jetpack_seo_html_title":"","jetpack_seo_noindex":false,"jetpack_post_was_ever_published":false,"_jetpack_newsletter_access":"","_jetpack_dont_email_post_to_subs":false,"_jetpack_newsletter_tier_id":0,"_jetpack_memberships_contains_paywalled_content":false,"_jetpack_memberships_contains_paid_content":false,"footnotes":"","jetpack_publicize_message":"","jetpack_publicize_feature_enabled":true,"jetpack_social_post_already_shared":true,"jetpack_social_options":{"image_generator_settings":{"template":"highway","default_image_id":0,"font":"","enabled":false},"version":2}},"categories":[1],"tags":[],"class_list":["post-15302","post","type-post","status-publish","format-standard","has-post-thumbnail","hentry","category-blog"],"jetpack_publicize_connections":[],"jetpack_featured_media_url":"https:\/\/i0.wp.com\/ismaelcolosi.com.br\/wp-content\/uploads\/2023\/12\/postimg-6579d82038ab87556.jpg?fit=1200%2C628&ssl=1","uagb_featured_image_src":{"full":["https:\/\/i0.wp.com\/ismaelcolosi.com.br\/wp-content\/uploads\/2023\/12\/postimg-6579d82038ab87556.jpg?fit=1200%2C628&ssl=1",1200,628,false],"thumbnail":["https:\/\/i0.wp.com\/ismaelcolosi.com.br\/wp-content\/uploads\/2023\/12\/postimg-6579d82038ab87556.jpg?resize=150%2C150&ssl=1",150,150,true],"medium":["https:\/\/i0.wp.com\/ismaelcolosi.com.br\/wp-content\/uploads\/2023\/12\/postimg-6579d82038ab87556.jpg?fit=300%2C157&ssl=1",300,157,true],"medium_large":["https:\/\/i0.wp.com\/ismaelcolosi.com.br\/wp-content\/uploads\/2023\/12\/postimg-6579d82038ab87556.jpg?fit=768%2C402&ssl=1",768,402,true],"large":["https:\/\/i0.wp.com\/ismaelcolosi.com.br\/wp-content\/uploads\/2023\/12\/postimg-6579d82038ab87556.jpg?fit=1024%2C536&ssl=1",1024,536,true],"1536x1536":["https:\/\/i0.wp.com\/ismaelcolosi.com.br\/wp-content\/uploads\/2023\/12\/postimg-6579d82038ab87556.jpg?fit=1200%2C628&ssl=1",1200,628,true],"2048x2048":["https:\/\/i0.wp.com\/ismaelcolosi.com.br\/wp-content\/uploads\/2023\/12\/postimg-6579d82038ab87556.jpg?fit=1200%2C628&ssl=1",1200,628,true],"really-simple-thumb":["https:\/\/i0.wp.com\/ismaelcolosi.com.br\/wp-content\/uploads\/2023\/12\/postimg-6579d82038ab87556.jpg?resize=370%2C247&ssl=1",370,247,true]},"uagb_author_info":{"display_name":"ismaelcolosi.com.br","author_link":"https:\/\/ismaelcolosi.com.br\/index.php\/author\/vidareal-online\/"},"uagb_comment_info":0,"uagb_excerpt":"Um cen\u00e1rio de suspense e resgate marcou a tarde desta ter\u00e7a, dia 12 de dezembro, na MG-295, na sinuosa Serra de Senador Amaral, em Minas...","jetpack-related-posts":[{"id":78572,"url":"https:\/\/ismaelcolosi.com.br\/index.php\/2024\/12\/06\/um-morto-e-cinco-feridos-em-acidente-no-trecho-critico-da-anhanguera\/","url_meta":{"origin":15302,"position":0},"title":"Um morto e cinco feridos em acidente no trecho cr\u00edtico da Anhanguera","author":"ismaelcolosi.com.br","date":"6 de December de 2024","format":false,"excerpt":"Em um per\u00edodo de 15 dias, cinco pessoas j\u00e1 perderam a vida na regi\u00e3o pr\u00f3xima \u00e0 Serra de Santa Rita 6 de dezembro de 20246 de dezembro de 202410 Compartilhar2 Por: Adalberto Luque Uma pessoa morreu e cinco ficaram feridas, na madrugada desta sexta-feira (6), ap\u00f3s um acidente envolvendo um\u2026","rel":"","context":"In &quot;Not\u00edcias de Ribeir\u00e3o Preto-SP e Regi\u00e3o&quot;","block_context":{"text":"Not\u00edcias de Ribeir\u00e3o Preto-SP e Regi\u00e3o","link":"https:\/\/ismaelcolosi.com.br\/index.php\/category\/noticias-de-ribeirao-preto-sp-e-regiao-ismael-colosi\/"},"img":{"alt_text":"","src":"https:\/\/i0.wp.com\/ismaelcolosi.com.br\/wp-content\/uploads\/2024\/12\/06dez2024-morteserrinha-scaled.jpg?fit=651%2C500&ssl=1&resize=350%2C200","width":350,"height":200,"srcset":"https:\/\/i0.wp.com\/ismaelcolosi.com.br\/wp-content\/uploads\/2024\/12\/06dez2024-morteserrinha-scaled.jpg?fit=651%2C500&ssl=1&resize=350%2C200 1x, https:\/\/i0.wp.com\/ismaelcolosi.com.br\/wp-content\/uploads\/2024\/12\/06dez2024-morteserrinha-scaled.jpg?fit=651%2C500&ssl=1&resize=525%2C300 1.5x"},"classes":[]},{"id":31027,"url":"https:\/\/ismaelcolosi.com.br\/index.php\/2024\/01\/20\/gravissimo-acidente-mata-caminhoneiro-e-deixa-outras-cinco-pessoas-gravemente-feridas\/","url_meta":{"origin":15302,"position":1},"title":"Grav\u00edssimo acidente mata caminhoneiro e deixa outras cinco pessoas gravemente feridas","author":"ismaelcolosi.com.br","date":"20 de January de 2024","format":false,"excerpt":"Um tr\u00e1gico acidente na Rodovia Presidente Dutra, em S\u00e3o Jos\u00e9 dos Campos, SP, resultou na morte de um caminhoneiro e deixou cinco mulheres gravemente feridas. O incidente ocorreu por volta das 6h30 da manh\u00e3, no quil\u00f4metro 141, sentido Rio de Janeiro.O acidente envolveu um caminh\u00e3o, que transportava refrigerante e cerveja,\u2026","rel":"","context":"In &quot;Blog&quot;","block_context":{"text":"Blog","link":"https:\/\/ismaelcolosi.com.br\/index.php\/category\/blog\/"},"img":{"alt_text":"","src":"https:\/\/i0.wp.com\/ismaelcolosi.com.br\/wp-content\/uploads\/2024\/01\/postimg-65ac2e83bae799332.jpg?fit=1200%2C628&ssl=1&resize=350%2C200","width":350,"height":200,"srcset":"https:\/\/i0.wp.com\/ismaelcolosi.com.br\/wp-content\/uploads\/2024\/01\/postimg-65ac2e83bae799332.jpg?fit=1200%2C628&ssl=1&resize=350%2C200 1x, https:\/\/i0.wp.com\/ismaelcolosi.com.br\/wp-content\/uploads\/2024\/01\/postimg-65ac2e83bae799332.jpg?fit=1200%2C628&ssl=1&resize=525%2C300 1.5x, https:\/\/i0.wp.com\/ismaelcolosi.com.br\/wp-content\/uploads\/2024\/01\/postimg-65ac2e83bae799332.jpg?fit=1200%2C628&ssl=1&resize=700%2C400 2x, https:\/\/i0.wp.com\/ismaelcolosi.com.br\/wp-content\/uploads\/2024\/01\/postimg-65ac2e83bae799332.jpg?fit=1200%2C628&ssl=1&resize=1050%2C600 3x"},"classes":[]},{"id":78228,"url":"https:\/\/ismaelcolosi.com.br\/index.php\/2024\/12\/03\/mais-um-morto-em-acidente-na-anhanguera\/","url_meta":{"origin":15302,"position":2},"title":"Mais um morto em acidente na Anhanguera","author":"ismaelcolosi.com.br","date":"3 de December de 2024","format":false,"excerpt":"Por: Adalberto Luque Uma pessoa morreu e duas ficaram feridas ap\u00f3s uma colis\u00e3o traseira, no in\u00edcio da manh\u00e3 desta ter\u00e7a-feira (3). O acidente ocorreu na Rodovia Anhanguera (SP-330), km 257, em Santa Rita do Passa Quatro, regi\u00e3o metropolitana. Um caminh\u00e3o Mercedes Benz 1113 estava parado no acostamento, na pista sentido\u2026","rel":"","context":"In &quot;Not\u00edcias de Ribeir\u00e3o Preto-SP e Regi\u00e3o&quot;","block_context":{"text":"Not\u00edcias de Ribeir\u00e3o Preto-SP e Regi\u00e3o","link":"https:\/\/ismaelcolosi.com.br\/index.php\/category\/noticias-de-ribeirao-preto-sp-e-regiao-ismael-colosi\/"},"img":{"alt_text":"","src":"https:\/\/i0.wp.com\/ismaelcolosi.com.br\/wp-content\/uploads\/2024\/12\/03dez2024-acidentesantarita-scaled.jpg?fit=800%2C450&ssl=1&resize=350%2C200","width":350,"height":200,"srcset":"https:\/\/i0.wp.com\/ismaelcolosi.com.br\/wp-content\/uploads\/2024\/12\/03dez2024-acidentesantarita-scaled.jpg?fit=800%2C450&ssl=1&resize=350%2C200 1x, https:\/\/i0.wp.com\/ismaelcolosi.com.br\/wp-content\/uploads\/2024\/12\/03dez2024-acidentesantarita-scaled.jpg?fit=800%2C450&ssl=1&resize=525%2C300 1.5x, https:\/\/i0.wp.com\/ismaelcolosi.com.br\/wp-content\/uploads\/2024\/12\/03dez2024-acidentesantarita-scaled.jpg?fit=800%2C450&ssl=1&resize=700%2C400 2x"},"classes":[]},{"id":61386,"url":"https:\/\/ismaelcolosi.com.br\/index.php\/2024\/08\/21\/caminhoneiro-e-preso-com-200-mil-macos-de-cigarros-contrabandeados-em-ribeirao-preto\/","url_meta":{"origin":15302,"position":3},"title":"Caminhoneiro \u00e9 preso com 200 mil ma\u00e7os de cigarros contrabandeados em Ribeir\u00e3o Preto","author":"ismaelcolosi.com.br","date":"21 de August de 2024","format":false,"excerpt":"Um caminhoneiro foi preso em flagrante nesta ter\u00e7a-feira (20) por transportar 200 mil ma\u00e7os de cigarros contrabandeados na rodovia Anhanguera (SP-330), em Ribeir\u00e3o Preto. A a\u00e7\u00e3o contou com a FICCO\/SP (For\u00e7a Integrada de Combate ao Crime Organizado). Segundo Secretaria da Seguran\u00e7a P\u00fablica de S\u00e3o Paulo (SSP-SP), o caminh\u00e3o-ba\u00fa foi abordado\u2026","rel":"","context":"In &quot;Not\u00edcias de Ribeir\u00e3o Preto-SP e Regi\u00e3o&quot;","block_context":{"text":"Not\u00edcias de Ribeir\u00e3o Preto-SP e Regi\u00e3o","link":"https:\/\/ismaelcolosi.com.br\/index.php\/category\/noticias-de-ribeirao-preto-sp-e-regiao-ismael-colosi\/"},"img":{"alt_text":"","src":"https:\/\/i0.wp.com\/ismaelcolosi.com.br\/wp-content\/uploads\/2024\/08\/00055940_2024-08-21_16-31-02_jpg_2024-08-21_16-31-02.webp.webp?fit=1200%2C668&ssl=1&resize=350%2C200","width":350,"height":200,"srcset":"https:\/\/i0.wp.com\/ismaelcolosi.com.br\/wp-content\/uploads\/2024\/08\/00055940_2024-08-21_16-31-02_jpg_2024-08-21_16-31-02.webp.webp?fit=1200%2C668&ssl=1&resize=350%2C200 1x, https:\/\/i0.wp.com\/ismaelcolosi.com.br\/wp-content\/uploads\/2024\/08\/00055940_2024-08-21_16-31-02_jpg_2024-08-21_16-31-02.webp.webp?fit=1200%2C668&ssl=1&resize=525%2C300 1.5x, https:\/\/i0.wp.com\/ismaelcolosi.com.br\/wp-content\/uploads\/2024\/08\/00055940_2024-08-21_16-31-02_jpg_2024-08-21_16-31-02.webp.webp?fit=1200%2C668&ssl=1&resize=700%2C400 2x, https:\/\/i0.wp.com\/ismaelcolosi.com.br\/wp-content\/uploads\/2024\/08\/00055940_2024-08-21_16-31-02_jpg_2024-08-21_16-31-02.webp.webp?fit=1200%2C668&ssl=1&resize=1050%2C600 3x"},"classes":[]},{"id":28465,"url":"https:\/\/ismaelcolosi.com.br\/index.php\/2024\/01\/15\/caminhao-atropela-um-colide-contra-arvore-e-pega-fogo-em-seguida-dois-morreram-em-acidente-impactante\/","url_meta":{"origin":15302,"position":4},"title":"Caminh\u00e3o atropela um, colide contra \u00e1rvore e pega fogo em seguida; dois morreram em acidente impactante","author":"ismaelcolosi.com.br","date":"15 de January de 2024","format":false,"excerpt":"Um grave acidente chocou a regi\u00e3o de Concei\u00e7\u00e3o de Jacu\u00edpe, a quase 100 km de Salvador, na tarde desta segunda, dia 15 de janeiro, quando um caminh\u00e3o se envolveu em uma s\u00e9rie de eventos tr\u00e1gicos.O motorista do ve\u00edculo atropelou Uilian Pereira dos Santos, um jovem vendedor de frutas de 24\u2026","rel":"","context":"In &quot;Blog&quot;","block_context":{"text":"Blog","link":"https:\/\/ismaelcolosi.com.br\/index.php\/category\/blog\/"},"img":{"alt_text":"","src":"https:\/\/i0.wp.com\/ismaelcolosi.com.br\/wp-content\/uploads\/2024\/01\/postimg-65a5cdd8052dc1396.jpg?fit=1200%2C628&ssl=1&resize=350%2C200","width":350,"height":200,"srcset":"https:\/\/i0.wp.com\/ismaelcolosi.com.br\/wp-content\/uploads\/2024\/01\/postimg-65a5cdd8052dc1396.jpg?fit=1200%2C628&ssl=1&resize=350%2C200 1x, https:\/\/i0.wp.com\/ismaelcolosi.com.br\/wp-content\/uploads\/2024\/01\/postimg-65a5cdd8052dc1396.jpg?fit=1200%2C628&ssl=1&resize=525%2C300 1.5x, https:\/\/i0.wp.com\/ismaelcolosi.com.br\/wp-content\/uploads\/2024\/01\/postimg-65a5cdd8052dc1396.jpg?fit=1200%2C628&ssl=1&resize=700%2C400 2x, https:\/\/i0.wp.com\/ismaelcolosi.com.br\/wp-content\/uploads\/2024\/01\/postimg-65a5cdd8052dc1396.jpg?fit=1200%2C628&ssl=1&resize=1050%2C600 3x"},"classes":[]},{"id":19540,"url":"https:\/\/ismaelcolosi.com.br\/index.php\/2023\/12\/22\/crianca-e-casal-nao-sobrevivem-apos-carro-colidir-com-anta-e-bater-em-um-caminhao-na-br-262\/","url_meta":{"origin":15302,"position":5},"title":"Crian\u00e7a e casal n\u00e3o sobrevivem ap\u00f3s carro colidir com anta e bater em um caminh\u00e3o na BR-262","author":"ismaelcolosi.com.br","date":"22 de December de 2023","format":false,"excerpt":"Na noite desta quinta-feira, dia 21 de dezembro, ocorreu um tr\u00e1gico acidente na BR-262, na regi\u00e3o de Ribas do Rio Padro, algo que resultou na perda de tr\u00eas vidas. As v\u00edtimas foram identificadas pelos nomes de Rodrigo Sotto, de 34 anos de idade, Maristela da Silva, de 33 anos, e\u2026","rel":"","context":"In &quot;Blog&quot;","block_context":{"text":"Blog","link":"https:\/\/ismaelcolosi.com.br\/index.php\/category\/blog\/"},"img":{"alt_text":"","src":"https:\/\/i0.wp.com\/ismaelcolosi.com.br\/wp-content\/uploads\/2023\/12\/postimg-6585ca5d92e569682.jpg?fit=1200%2C628&ssl=1&resize=350%2C200","width":350,"height":200,"srcset":"https:\/\/i0.wp.com\/ismaelcolosi.com.br\/wp-content\/uploads\/2023\/12\/postimg-6585ca5d92e569682.jpg?fit=1200%2C628&ssl=1&resize=350%2C200 1x, https:\/\/i0.wp.com\/ismaelcolosi.com.br\/wp-content\/uploads\/2023\/12\/postimg-6585ca5d92e569682.jpg?fit=1200%2C628&ssl=1&resize=525%2C300 1.5x, https:\/\/i0.wp.com\/ismaelcolosi.com.br\/wp-content\/uploads\/2023\/12\/postimg-6585ca5d92e569682.jpg?fit=1200%2C628&ssl=1&resize=700%2C400 2x, https:\/\/i0.wp.com\/ismaelcolosi.com.br\/wp-content\/uploads\/2023\/12\/postimg-6585ca5d92e569682.jpg?fit=1200%2C628&ssl=1&resize=1050%2C600 3x"},"classes":[]}],"jetpack_sharing_enabled":true,"jetpack_shortlink":"https:\/\/wp.me\/pfMlyK-3YO","_links":{"self":[{"href":"https:\/\/ismaelcolosi.com.br\/index.php\/wp-json\/wp\/v2\/posts\/15302","targetHints":{"allow":["GET"]}}],"collection":[{"href":"https:\/\/ismaelcolosi.com.br\/index.php\/wp-json\/wp\/v2\/posts"}],"about":[{"href":"https:\/\/ismaelcolosi.com.br\/index.php\/wp-json\/wp\/v2\/types\/post"}],"author":[{"embeddable":true,"href":"https:\/\/ismaelcolosi.com.br\/index.php\/wp-json\/wp\/v2\/users\/1"}],"replies":[{"embeddable":true,"href":"https:\/\/ismaelcolosi.com.br\/index.php\/wp-json\/wp\/v2\/comments?post=15302"}],"version-history":[{"count":0,"href":"https:\/\/ismaelcolosi.com.br\/index.php\/wp-json\/wp\/v2\/posts\/15302\/revisions"}],"wp:featuredmedia":[{"embeddable":true,"href":"https:\/\/ismaelcolosi.com.br\/index.php\/wp-json\/wp\/v2\/media\/15303"}],"wp:attachment":[{"href":"https:\/\/ismaelcolosi.com.br\/index.php\/wp-json\/wp\/v2\/media?parent=15302"}],"wp:term":[{"taxonomy":"category","embeddable":true,"href":"https:\/\/ismaelcolosi.com.br\/index.php\/wp-json\/wp\/v2\/categories?post=15302"},{"taxonomy":"post_tag","embeddable":true,"href":"https:\/\/ismaelcolosi.com.br\/index.php\/wp-json\/wp\/v2\/tags?post=15302"}],"curies":[{"name":"wp","href":"https:\/\/api.w.org\/{rel}","templated":true}]}}