{"id":15253,"date":"2023-12-13T11:57:02","date_gmt":"2023-12-13T14:57:02","guid":{"rendered":"https:\/\/ismaelcolosi.com.br\/index.php\/2023\/12\/13\/livro-afroturismo-consolida-debate-sobre-o-tema-e-sera-lancado-dia-14-12\/"},"modified":"2023-12-13T11:57:02","modified_gmt":"2023-12-13T14:57:02","slug":"livro-afroturismo-consolida-debate-sobre-o-tema-e-sera-lancado-dia-14-12","status":"publish","type":"post","link":"https:\/\/ismaelcolosi.com.br\/index.php\/2023\/12\/13\/livro-afroturismo-consolida-debate-sobre-o-tema-e-sera-lancado-dia-14-12\/","title":{"rendered":"Livro &#8216;Afroturismo&#8217; consolida debate sobre o tema e ser\u00e1 lan\u00e7ado dia 14\/12"},"content":{"rendered":"<p> [ad_1]<br \/>\n<\/p>\n<div>\n<p>O livro<strong> \u201cAfroturismo, afeto, afronta e futuro\u201d<\/strong> \u00e9 o primeiro a tratar exclusivamente sobre o tema que traz o debate sobre a diversidade para o universo do turismo. A obra \u00e9 assinada pelo jornalista Guilherme Soares Dias, fundador do <a href=\"https:\/\/guianegro.com.br\/\" target=\"_blank\" rel=\"noopener\"><strong>Guia Negro<\/strong><\/a> e traz textos dos cinco anos da plataforma de afroturismo.<\/p>\n<p>S\u00e3o experi\u00eancias de viajantes negros e negras, dicas de lugares de cultura e hist\u00f3ria negra, al\u00e9m de debates sobre o afroturismo.<em> \u201c\u00c9 a consolida\u00e7\u00e3o do nosso trabalho que traz as pessoas negras para o protagonismo. Um documento que contribui para conhecermos mais hist\u00f3rias que a hist\u00f3ria n\u00e3o conta\u201d<\/em>, define Guilherme.<\/p>\n<div class=\"d-flex justify-content-center\" data-attachment-id=\"2327390\">\n<div class=\"position-relative d-inline-block\"><img data-recalc-dims=\"1\" data-portal-copyright=\"Divulga\u00e7\u00e3o\" fetchpriority=\"high\" decoding=\"async\" class=\"aligncenter size-large wp-image-2327390\" src=\"https:\/\/i0.wp.com\/catracalivre.com.br\/wp-content\/uploads\/2023\/12\/whatsapp-image-2023-12-11-at-145151-910x512.jpeg?resize=910%2C512&#038;ssl=1\" alt=\"\" width=\"910\" height=\"512\" srcset=\"https:\/\/catracalivre.com.br\/wp-content\/uploads\/2023\/12\/whatsapp-image-2023-12-11-at-145151-910x512.jpeg 910w, https:\/\/catracalivre.com.br\/wp-content\/uploads\/2023\/12\/whatsapp-image-2023-12-11-at-145151-450x253.jpeg 450w, https:\/\/catracalivre.com.br\/wp-content\/uploads\/2023\/12\/whatsapp-image-2023-12-11-at-145151-768x432.jpeg 768w\" sizes=\"(max-width: 910px) 100vw, 910px\"\/><\/p>\n<p>Cr\u00e9ditos: Divulga\u00e7\u00e3o<\/p>\n<\/div>\n<\/div>\n<p>O livro faz parte do <strong>Selo Katuka Edi\u00e7\u00f5es<\/strong>, da<strong> Katuka Africanidades<\/strong>, que tem como objetivo publicar obras de autores negros, o livro estar\u00e1 a venda no local e o valor \u00e9 de R$ 75.<\/p>\n<p>O lan\u00e7amento em S\u00e3o Paulo ser\u00e1 no<a href=\"https:\/\/www.instagram.com\/centro_cultural.afrika\/\" target=\"_blank\" rel=\"noopener\"> Centro Cultural Afrika<\/a> na pr\u00f3xima quinta-feira, 14, \u00e0s 19h. Para celebrar a publica\u00e7\u00e3o, o evento tamb\u00e9m ter\u00e1 a participa\u00e7\u00e3o do Samba da Treze, a partir das 21h. O Centro Cultural Afrika fica na Rua Major Diogo, 518, Bixiga (15 minutos andando da esta\u00e7\u00e3o Anhangaba\u00fa).<\/p>\n<p><strong>Sobre o Guia Negro<\/strong><\/p>\n<p>O Guia Negro produz conte\u00fado, faz consultorias em diversidade e organiza roteiros desde 2018 com o intuito de fortalecer a mem\u00f3ria dos brasileiros \u00e0 respeito das contribui\u00e7\u00f5es do povo negro para o pa\u00eds. As experi\u00eancias tur\u00edsticas constru\u00eddas pela plataforma prop\u00f5em a visita\u00e7\u00e3o de locais que contam mais de 5 s\u00e9culos da hist\u00f3ria do negro na forma\u00e7\u00e3o da na\u00e7\u00e3o brasileira.<\/p>\n<p><strong>Programa\u00e7\u00e3o<\/strong><\/p>\n<p>19h \u2013 In\u00edcio<\/p>\n<p>21h \u2013 Samba da Treze<\/p>\n<p>22h \u2013 Encerramento<\/p>\n<p>Valor da entrada: R$10,00 a partir das 21h<\/p>\n<p>Local \u2013 Centro Cultural Afrika, Rua Major Diogo, 518, Bixiga (15 minutos andando da esta\u00e7\u00e3o Anhangaba\u00fa)<\/p>\n<div class=\"partner d-flex rounded shadow-sm p-2 mb-3 align-items-center\" id=\"partner\" data-print=\"ignore\">\n<div class=\"image mr-2\">\n<picture>\n<img data-recalc-dims=\"1\" src=\"https:\/\/i0.wp.com\/catracalivre.com.br\/cdn-cgi\/image\/f%3Dauto%2Cq%3D60%2Cw%3D110%2Ch%3D110%2Cfit%3Dcover\/wp-content\/uploads\/2023\/07\/logo-guia-negro-principal-preta-scaled.jpg?resize=110%2C110&#038;ssl=1\" alt=\"Guia Negro\" width=\"110\" height=\"110\" loading=\"lazy\" decoding=\"async\" class=\"rounded-circle\"\/>\n<\/picture>\n<\/div>\n<div class=\"d-block\">\n<p class=\"mb-1\">\nEm parceria com<br \/>\n<a href=\"https:\/\/guianegro.com.br\/\" target=\"_blank\" rel=\"noopener\"><strong>Guia Negro<\/strong><\/a> <\/p>\n<div>\n<p class=\"mb-2\">O Guia Negro faz produ\u00e7\u00e3o independente de conte\u00fado sobre viagens, cultura negra e afroturismo, retratando pessoas, lugares, movimentos e neg\u00f3cios de pessoas negras.<\/p>\n<\/div>\n<\/div>\n<\/div>\n<\/div>\n<p><script>\n\t\t! function(f, b, e, v, n, t, s) {\n\t\t\tif (f.fbq) return;\n\t\t\tn = f.fbq = function() {\n\t\t\t\tn.callMethod ?\n\t\t\t\t\tn.callMethod.apply(n, arguments) : n.queue.push(arguments)\n\t\t\t};\n\t\t\tif (!f._fbq) f._fbq = n;\n\t\t\tn.push = n;\n\t\t\tn.loaded = !0;\n\t\t\tn.version = '2.0';\n\t\t\tn.queue = [];\n\t\t\tt = b.createElement(e);\n\t\t\tt.async = !0;\n\t\t\tt.src = v;\n\t\t\ts = b.getElementsByTagName(e)[0];\n\t\t\ts.parentNode.insertBefore(t, s)\n\t\t}(window, document, 'script',\n\t\t\t'https:\/\/connect.facebook.net\/en_US\/fbevents.js');\n\t\tfbq('init', '338315473262380');\n\t\tfbq('track', 'PageView');\n\t<\/script><script async src=\"\/\/www.instagram.com\/embed.js\"><\/script><br \/>\n<br \/>[ad_2]<br \/>\n<br \/><a href=\"https:\/\/catracalivre.com.br\/cidadania\/livro-afroturismo-guia-negro-guilherme-soares-dias\/\" target=\"_blank\" rel=\"noopener\">Source link <\/a><\/p>\n<div class='code-block code-block-4' style='margin: 8px auto 8px 0; text-align: left; display: block; clear: both;'>\n\ud83d\udce2 Aviso Legal\n\nO site ismaelcolosi.com.br atua apenas como um canal de divulga\u00e7\u00e3o de oportunidades de emprego e n\u00e3o se responsabiliza pelo processo seletivo, contrata\u00e7\u00e3o ou qualquer outra etapa relacionada \u00e0s vagas publicadas. Todas as informa\u00e7\u00f5es s\u00e3o de responsabilidade dos anunciantes.\n\n\u26a0\ufe0f Aten\u00e7\u00e3o! Nunca pague por promessas de emprego nem compre cursos que garantam contrata\u00e7\u00e3o. Desconfie de qualquer cobran\u00e7a para participar de sele\u00e7\u00f5es.\n\n\n\n<\/div>\n<!-- CONTENT END 1 -->\n","protected":false},"excerpt":{"rendered":"<p>[ad_1] O livro \u201cAfroturismo, afeto, afronta e futuro\u201d \u00e9 o primeiro a tratar exclusivamente sobre o tema que traz o debate sobre a diversidade para o universo do turismo. A obra \u00e9 assinada pelo jornalista Guilherme Soares Dias, fundador do Guia Negro e traz textos dos cinco anos da plataforma de afroturismo. S\u00e3o experi\u00eancias de&hellip;&nbsp;<\/p>\n","protected":false},"author":1,"featured_media":15254,"comment_status":"open","ping_status":"open","sticky":false,"template":"","format":"standard","meta":{"_uag_custom_page_level_css":"","neve_meta_sidebar":"","neve_meta_container":"","neve_meta_enable_content_width":"","neve_meta_content_width":0,"neve_meta_title_alignment":"","neve_meta_author_avatar":"","neve_post_elements_order":"","neve_meta_disable_header":"","neve_meta_disable_footer":"","neve_meta_disable_title":"","_jetpack_newsletter_access":"","_jetpack_dont_email_post_to_subs":false,"_jetpack_newsletter_tier_id":0,"_jetpack_memberships_contains_paywalled_content":false,"_jetpack_memberships_contains_paid_content":false,"footnotes":""},"categories":[19],"tags":[],"class_list":["post-15253","post","type-post","status-publish","format-standard","has-post-thumbnail","hentry","category-variedades"],"uagb_featured_image_src":{"full":["https:\/\/i0.wp.com\/ismaelcolosi.com.br\/wp-content\/uploads\/2023\/12\/whatsapp-image-2023-12-11-at-145151.jpeg?fit=1200%2C638&ssl=1",1200,638,false],"thumbnail":["https:\/\/i0.wp.com\/ismaelcolosi.com.br\/wp-content\/uploads\/2023\/12\/whatsapp-image-2023-12-11-at-145151.jpeg?resize=150%2C150&ssl=1",150,150,true],"medium":["https:\/\/i0.wp.com\/ismaelcolosi.com.br\/wp-content\/uploads\/2023\/12\/whatsapp-image-2023-12-11-at-145151.jpeg?fit=300%2C160&ssl=1",300,160,true],"medium_large":["https:\/\/i0.wp.com\/ismaelcolosi.com.br\/wp-content\/uploads\/2023\/12\/whatsapp-image-2023-12-11-at-145151.jpeg?fit=768%2C408&ssl=1",768,408,true],"large":["https:\/\/i0.wp.com\/ismaelcolosi.com.br\/wp-content\/uploads\/2023\/12\/whatsapp-image-2023-12-11-at-145151.jpeg?fit=1024%2C544&ssl=1",1024,544,true],"1536x1536":["https:\/\/i0.wp.com\/ismaelcolosi.com.br\/wp-content\/uploads\/2023\/12\/whatsapp-image-2023-12-11-at-145151.jpeg?fit=1200%2C638&ssl=1",1200,638,true],"2048x2048":["https:\/\/i0.wp.com\/ismaelcolosi.com.br\/wp-content\/uploads\/2023\/12\/whatsapp-image-2023-12-11-at-145151.jpeg?fit=1200%2C638&ssl=1",1200,638,true],"neve-blog":["https:\/\/i0.wp.com\/ismaelcolosi.com.br\/wp-content\/uploads\/2023\/12\/whatsapp-image-2023-12-11-at-145151.jpeg?resize=930%2C620&ssl=1",930,620,true]},"uagb_author_info":{"display_name":"ismaelcolosi.com.br","author_link":"https:\/\/ismaelcolosi.com.br\/author\/vidareal-online\/"},"uagb_comment_info":0,"uagb_excerpt":"[ad_1] O livro \u201cAfroturismo, afeto, afronta e futuro\u201d \u00e9 o primeiro a tratar exclusivamente sobre o tema que traz o debate sobre a diversidade para o universo do turismo. A obra \u00e9 assinada pelo jornalista Guilherme Soares Dias, fundador do Guia Negro e traz textos dos cinco anos da plataforma de afroturismo. S\u00e3o experi\u00eancias de&hellip;&nbsp;","jetpack-related-posts":[{"id":68318,"url":"https:\/\/ismaelcolosi.com.br\/index.php\/2024\/09\/29\/veja-o-que-aconteceu-no-debate-da-eptv-com-candidatos-a-prefeitura-de-franca\/","url_meta":{"origin":15253,"position":0},"title":"Veja o que aconteceu no debate da EPTV com candidatos \u00e0 Prefeitura de Franca","author":"ismaelcolosi.com.br","date":"29 de Setembro de 2024","format":false,"excerpt":"[ad_1] Os candidatos \u00e0 Prefeitura de Franca participaram do debate promovido pela EPTV na noite deste s\u00e1bado (28), que se estendeu at\u00e9 a madrugada deste domingo (29). O debate tamb\u00e9m teve transmiss\u00e3o pelo acidade on. Foram quatro blocos, sendo dois com temas livres e outros dois com temas determinados. Confira\u2026","rel":"","context":"In &quot;Not\u00edcias de Ribeir\u00e3o Preto-SP e Regi\u00e3o&quot;","block_context":{"text":"Not\u00edcias de Ribeir\u00e3o Preto-SP e Regi\u00e3o","link":"https:\/\/ismaelcolosi.com.br\/index.php\/category\/noticias-de-ribeirao-preto-sp-e-regiao-ismael-colosi\/"},"img":{"alt_text":"","src":"https:\/\/i0.wp.com\/ismaelcolosi.com.br\/wp-content\/uploads\/2024\/09\/DEBATE_2024-09-29_05-17-49_jpg_2024-09-29_05-17-49.webp.webp?fit=1200%2C605&ssl=1&resize=350%2C200","width":350,"height":200,"srcset":"https:\/\/i0.wp.com\/ismaelcolosi.com.br\/wp-content\/uploads\/2024\/09\/DEBATE_2024-09-29_05-17-49_jpg_2024-09-29_05-17-49.webp.webp?fit=1200%2C605&ssl=1&resize=350%2C200 1x, https:\/\/i0.wp.com\/ismaelcolosi.com.br\/wp-content\/uploads\/2024\/09\/DEBATE_2024-09-29_05-17-49_jpg_2024-09-29_05-17-49.webp.webp?fit=1200%2C605&ssl=1&resize=525%2C300 1.5x, https:\/\/i0.wp.com\/ismaelcolosi.com.br\/wp-content\/uploads\/2024\/09\/DEBATE_2024-09-29_05-17-49_jpg_2024-09-29_05-17-49.webp.webp?fit=1200%2C605&ssl=1&resize=700%2C400 2x, https:\/\/i0.wp.com\/ismaelcolosi.com.br\/wp-content\/uploads\/2024\/09\/DEBATE_2024-09-29_05-17-49_jpg_2024-09-29_05-17-49.webp.webp?fit=1200%2C605&ssl=1&resize=1050%2C600 3x"},"classes":[]},{"id":68310,"url":"https:\/\/ismaelcolosi.com.br\/index.php\/2024\/09\/28\/ao-vivo-acompanhe-o-debate-da-eptv-entre-os-candidatos-a-prefeitura-de-franca\/","url_meta":{"origin":15253,"position":1},"title":"AO VIVO: Acompanhe o debate da EPTV entre os candidatos \u00e0 Prefeitura de Franca","author":"ismaelcolosi.com.br","date":"28 de Setembro de 2024","format":false,"excerpt":"[ad_1] O debate da EPTV entre os candidatos \u00e0 Prefeitura de Franca acontece na noite deste s\u00e1bado (28), a partir das 23h20. O acidade on tamb\u00e9m transmite o debate ao vivo \u2013 veja o player acima. Foram convidados Alexandre Ferreira (MDB), Alexandre Tabah (Novo), Dr. Ubiali (PSB), Guilherme Cortez (PSOL),\u2026","rel":"","context":"In &quot;Not\u00edcias de Ribeir\u00e3o Preto-SP e Regi\u00e3o&quot;","block_context":{"text":"Not\u00edcias de Ribeir\u00e3o Preto-SP e Regi\u00e3o","link":"https:\/\/ismaelcolosi.com.br\/index.php\/category\/noticias-de-ribeirao-preto-sp-e-regiao-ismael-colosi\/"},"img":{"alt_text":"","src":"https:\/\/i0.wp.com\/ismaelcolosi.com.br\/wp-content\/uploads\/2024\/09\/debate-franca_2024-09-28_22-20-04_jpg_2024-09-28_22-20-04.webp.webp?fit=1132%2C734&ssl=1&resize=350%2C200","width":350,"height":200,"srcset":"https:\/\/i0.wp.com\/ismaelcolosi.com.br\/wp-content\/uploads\/2024\/09\/debate-franca_2024-09-28_22-20-04_jpg_2024-09-28_22-20-04.webp.webp?fit=1132%2C734&ssl=1&resize=350%2C200 1x, https:\/\/i0.wp.com\/ismaelcolosi.com.br\/wp-content\/uploads\/2024\/09\/debate-franca_2024-09-28_22-20-04_jpg_2024-09-28_22-20-04.webp.webp?fit=1132%2C734&ssl=1&resize=525%2C300 1.5x, https:\/\/i0.wp.com\/ismaelcolosi.com.br\/wp-content\/uploads\/2024\/09\/debate-franca_2024-09-28_22-20-04_jpg_2024-09-28_22-20-04.webp.webp?fit=1132%2C734&ssl=1&resize=700%2C400 2x, https:\/\/i0.wp.com\/ismaelcolosi.com.br\/wp-content\/uploads\/2024\/09\/debate-franca_2024-09-28_22-20-04_jpg_2024-09-28_22-20-04.webp.webp?fit=1132%2C734&ssl=1&resize=1050%2C600 3x"},"classes":[]},{"id":68263,"url":"https:\/\/ismaelcolosi.com.br\/index.php\/2024\/09\/28\/candidatos-a-prefeitura-de-franca-participam-do-debate-da-eptv-neste-sabado\/","url_meta":{"origin":15253,"position":2},"title":"Candidatos \u00e0 Prefeitura de Franca participam do debate da EPTV\u00a0neste\u00a0s\u00e1bado","author":"ismaelcolosi.com.br","date":"28 de Setembro de 2024","format":false,"excerpt":"[ad_1] Neste s\u00e1bado (28), a EPTV realiza um debate entre os candidatos \u00e0 Prefeitura de\u00a0Franca. O encontro ser\u00e1 ao vivo e est\u00e1 marcado para \u00e0s 23h20,\u00a0com transmiss\u00e3o simult\u00e2nea pelo portal acidade on, g1 Ribeir\u00e3o e CBN Ribeir\u00e3o. O debate \u00e9 mais uma etapa da maior cobertura eleitoral da hist\u00f3ria do\u2026","rel":"","context":"In &quot;Not\u00edcias de Ribeir\u00e3o Preto-SP e Regi\u00e3o&quot;","block_context":{"text":"Not\u00edcias de Ribeir\u00e3o Preto-SP e Regi\u00e3o","link":"https:\/\/ismaelcolosi.com.br\/index.php\/category\/noticias-de-ribeirao-preto-sp-e-regiao-ismael-colosi\/"},"img":{"alt_text":"","src":"https:\/\/i0.wp.com\/ismaelcolosi.com.br\/wp-content\/uploads\/2024\/08\/prefeitura-de-franca_2024-08-22_13-37-01_jpg_2024-08-22_13-37-01.webp.webp?fit=1200%2C793&ssl=1&resize=350%2C200","width":350,"height":200,"srcset":"https:\/\/i0.wp.com\/ismaelcolosi.com.br\/wp-content\/uploads\/2024\/08\/prefeitura-de-franca_2024-08-22_13-37-01_jpg_2024-08-22_13-37-01.webp.webp?fit=1200%2C793&ssl=1&resize=350%2C200 1x, https:\/\/i0.wp.com\/ismaelcolosi.com.br\/wp-content\/uploads\/2024\/08\/prefeitura-de-franca_2024-08-22_13-37-01_jpg_2024-08-22_13-37-01.webp.webp?fit=1200%2C793&ssl=1&resize=525%2C300 1.5x, https:\/\/i0.wp.com\/ismaelcolosi.com.br\/wp-content\/uploads\/2024\/08\/prefeitura-de-franca_2024-08-22_13-37-01_jpg_2024-08-22_13-37-01.webp.webp?fit=1200%2C793&ssl=1&resize=700%2C400 2x, https:\/\/i0.wp.com\/ismaelcolosi.com.br\/wp-content\/uploads\/2024\/08\/prefeitura-de-franca_2024-08-22_13-37-01_jpg_2024-08-22_13-37-01.webp.webp?fit=1200%2C793&ssl=1&resize=1050%2C600 3x"},"classes":[]},{"id":6169,"url":"https:\/\/ismaelcolosi.com.br\/index.php\/2023\/11\/25\/a-aguia-o-cisne-e-o-racismo\/","url_meta":{"origin":15253,"position":3},"title":"A \u00c1guia, o Cisne e o racismo\u00a0","author":"ismaelcolosi.com.br","date":"25 de Novembro de 2023","format":false,"excerpt":"[ad_1] 25 de novembro de 2023 | 8:1024 de novembro de 2023 | 18:10 0Andr\u00e9 Luiz da Silva *\u00a0[email\u00a0protected]\u00a0\u00a0Fundado em 11 de abril de 1923, no bairro de Oswaldo Cruz, zona norte da cidade do Rio de Janeiro, o Gr\u00eamio Recreativo Escola de Samba Portela \u00e9 a \u00fanica agremia\u00e7\u00e3o que\u2026","rel":"","context":"In &quot;Not\u00edcias de Ribeir\u00e3o Preto-SP e Regi\u00e3o&quot;","block_context":{"text":"Not\u00edcias de Ribeir\u00e3o Preto-SP e Regi\u00e3o","link":"https:\/\/ismaelcolosi.com.br\/index.php\/category\/noticias-de-ribeirao-preto-sp-e-regiao-ismael-colosi\/"},"img":{"alt_text":"","src":"https:\/\/i0.wp.com\/ismaelcolosi.com.br\/wp-content\/uploads\/2023\/11\/1700910849_Andre-Luiz-da-Silva.jpg?fit=700%2C450&ssl=1&resize=350%2C200","width":350,"height":200,"srcset":"https:\/\/i0.wp.com\/ismaelcolosi.com.br\/wp-content\/uploads\/2023\/11\/1700910849_Andre-Luiz-da-Silva.jpg?fit=700%2C450&ssl=1&resize=350%2C200 1x, https:\/\/i0.wp.com\/ismaelcolosi.com.br\/wp-content\/uploads\/2023\/11\/1700910849_Andre-Luiz-da-Silva.jpg?fit=700%2C450&ssl=1&resize=525%2C300 1.5x, https:\/\/i0.wp.com\/ismaelcolosi.com.br\/wp-content\/uploads\/2023\/11\/1700910849_Andre-Luiz-da-Silva.jpg?fit=700%2C450&ssl=1&resize=700%2C400 2x"},"classes":[]},{"id":863,"url":"https:\/\/ismaelcolosi.com.br\/index.php\/2023\/11\/09\/instituto-promove-encontro-de-formacao-de-mulheres-negras-no-centro-cultural-palace\/","url_meta":{"origin":15253,"position":4},"title":"Instituto promove Encontro de Forma\u00e7\u00e3o de Mulheres Negras no Centro Cultural Palace","author":"ismaelcolosi.com.br","date":"9 de Novembro de 2023","format":false,"excerpt":"[ad_1] O Instituto Plural de Educa\u00e7\u00e3o e Cidadania Vila Bela e a Funda\u00e7\u00e3o Cultural Palmares, com apoio da Prefeitura de Ribeir\u00e3o Preto, por meio da Secretaria da Cultura e Turismo, promovem mais uma a\u00e7\u00e3o que integra o projeto Transversando\u201d, denominada \u201cEncontro de Forma\u00e7\u00e3o para Mulheres Negras\u201d, que abre nesta sexta-feira,\u2026","rel":"","context":"In &quot;Not\u00edcias de Ribeir\u00e3o Preto-SP e Regi\u00e3o&quot;","block_context":{"text":"Not\u00edcias de Ribeir\u00e3o Preto-SP e Regi\u00e3o","link":"https:\/\/ismaelcolosi.com.br\/index.php\/category\/noticias-de-ribeirao-preto-sp-e-regiao-ismael-colosi\/"},"img":{"alt_text":"","src":"https:\/\/i0.wp.com\/www.tribunaribeirao.com.br\/site\/wp-content\/uploads\/2023\/11\/imagem-negrs-300x300.jpg?resize=350%2C200&ssl=1","width":350,"height":200},"classes":[]},{"id":878,"url":"https:\/\/ismaelcolosi.com.br\/index.php\/2023\/11\/09\/instituto-plural-promove-encontro-de-formacao-de-mulheres-negras-no-plenario-na-camara\/","url_meta":{"origin":15253,"position":5},"title":"Instituto Plural promove Encontro de Forma\u00e7\u00e3o de Mulheres Negras no plen\u00e1rio na C\u00e2mara","author":"ismaelcolosi.com.br","date":"9 de Novembro de 2023","format":false,"excerpt":"[ad_1] O Instituto Plural de Educa\u00e7\u00e3o e Cidadania Vila Bela e a Funda\u00e7\u00e3o Cultural Palmares, com apoio da Prefeitura de Ribeir\u00e3o Preto, por meio da Secretaria da Cultura e Turismo, promovem mais uma a\u00e7\u00e3o que integra o projeto Transversando\u201d, denominada \u201cEncontro de Forma\u00e7\u00e3o para Mulheres Negras\u201d, que abre nesta sexta-feira,\u2026","rel":"","context":"In &quot;Not\u00edcias de Ribeir\u00e3o Preto-SP e Regi\u00e3o&quot;","block_context":{"text":"Not\u00edcias de Ribeir\u00e3o Preto-SP e Regi\u00e3o","link":"https:\/\/ismaelcolosi.com.br\/index.php\/category\/noticias-de-ribeirao-preto-sp-e-regiao-ismael-colosi\/"},"img":{"alt_text":"","src":"https:\/\/i0.wp.com\/ismaelcolosi.com.br\/wp-content\/uploads\/2023\/11\/bece.jpeg?fit=575%2C383&ssl=1&resize=350%2C200","width":350,"height":200,"srcset":"https:\/\/i0.wp.com\/ismaelcolosi.com.br\/wp-content\/uploads\/2023\/11\/bece.jpeg?fit=575%2C383&ssl=1&resize=350%2C200 1x, https:\/\/i0.wp.com\/ismaelcolosi.com.br\/wp-content\/uploads\/2023\/11\/bece.jpeg?fit=575%2C383&ssl=1&resize=525%2C300 1.5x"},"classes":[]}],"jetpack_sharing_enabled":true,"jetpack_shortlink":"https:\/\/wp.me\/pfMlyK-3Y1","jetpack_featured_media_url":"https:\/\/i0.wp.com\/ismaelcolosi.com.br\/wp-content\/uploads\/2023\/12\/whatsapp-image-2023-12-11-at-145151.jpeg?fit=1200%2C638&ssl=1","_links":{"self":[{"href":"https:\/\/ismaelcolosi.com.br\/index.php\/wp-json\/wp\/v2\/posts\/15253","targetHints":{"allow":["GET"]}}],"collection":[{"href":"https:\/\/ismaelcolosi.com.br\/index.php\/wp-json\/wp\/v2\/posts"}],"about":[{"href":"https:\/\/ismaelcolosi.com.br\/index.php\/wp-json\/wp\/v2\/types\/post"}],"author":[{"embeddable":true,"href":"https:\/\/ismaelcolosi.com.br\/index.php\/wp-json\/wp\/v2\/users\/1"}],"replies":[{"embeddable":true,"href":"https:\/\/ismaelcolosi.com.br\/index.php\/wp-json\/wp\/v2\/comments?post=15253"}],"version-history":[{"count":0,"href":"https:\/\/ismaelcolosi.com.br\/index.php\/wp-json\/wp\/v2\/posts\/15253\/revisions"}],"wp:featuredmedia":[{"embeddable":true,"href":"https:\/\/ismaelcolosi.com.br\/index.php\/wp-json\/wp\/v2\/media\/15254"}],"wp:attachment":[{"href":"https:\/\/ismaelcolosi.com.br\/index.php\/wp-json\/wp\/v2\/media?parent=15253"}],"wp:term":[{"taxonomy":"category","embeddable":true,"href":"https:\/\/ismaelcolosi.com.br\/index.php\/wp-json\/wp\/v2\/categories?post=15253"},{"taxonomy":"post_tag","embeddable":true,"href":"https:\/\/ismaelcolosi.com.br\/index.php\/wp-json\/wp\/v2\/tags?post=15253"}],"curies":[{"name":"wp","href":"https:\/\/api.w.org\/{rel}","templated":true}]}}