{"id":15233,"date":"2023-12-13T10:56:46","date_gmt":"2023-12-13T13:56:46","guid":{"rendered":"https:\/\/ismaelcolosi.com.br\/index.php\/2023\/12\/13\/agencia-vende-pacotes-de-viagem-focados-na-historia-do-socialismo\/"},"modified":"2023-12-13T10:56:46","modified_gmt":"2023-12-13T13:56:46","slug":"agencia-vende-pacotes-de-viagem-focados-na-historia-do-socialismo","status":"publish","type":"post","link":"https:\/\/ismaelcolosi.com.br\/index.php\/2023\/12\/13\/agencia-vende-pacotes-de-viagem-focados-na-historia-do-socialismo\/","title":{"rendered":"Ag\u00eancia vende pacotes de viagem focados na hist\u00f3ria do socialismo"},"content":{"rendered":"<p> [ad_1]<br \/>\n<\/p>\n<div>\n<p>Uma expedi\u00e7\u00e3o de 25 dias cruzando o maior pa\u00eds do mundo na mais longa ferrovia do planeta, a <a href=\"https:\/\/catracalivre.com.br\/viagem-livre\/rota-transiberiana-dois-continentes-oito-fusos-e-mais-de-160-horas-de-viagem\/\" target=\"_blank\" rel=\"noopener\">Transiberiana<\/a>, que liga Moscou a Vladivostok. Esta viagem de mais de 9 mil km, passando por sete fusos hor\u00e1rios, \u00e9 um dos roteiros focados na hist\u00f3ria do socialismo oferecidos pela <a href=\"https:\/\/estrelavermelha.com\" target=\"_blank\" rel=\"noopener\">Estrela Vermelha<\/a>.<\/p>\n<div id=\"attachment_1576385\" class=\"wp-caption aligncenter\">\n<div class=\"d-flex justify-content-center\" data-attachment-id=\"1576385\">\n<div class=\"position-relative d-inline-block\"><img src=\"https:\/\/catracalivre.com.br\/viagem-livre\/agencia-vende-pacotes-de-viagem-focados-na-historia-do-socialismo\/iStock\" fetchpriority=\"high\" decoding=\"async\" class=\"size-full wp-image-1576385\" alt=\"Catedral de S\u00e3o Bas\u00edlio, na Pra\u00e7a Vermelha, um dos cart\u00f5es-postais da R\u00fassia\" width=\"720\" height=\"480\" srcset=\"https:\/\/catracalivre.com.br\/wp-content\/uploads\/2018\/05\/copa-russia-moscou-iStock.jpg 720w, https:\/\/catracalivre.com.br\/wp-content\/uploads\/2018\/05\/copa-russia-moscou-iStock-450x300.jpg 450w\" sizes=\"(max-width: 720px) 100vw, 720px\"\/><\/p>\n<p>Cr\u00e9ditos: iStock<\/p>\n<\/div>\n<\/div>\n<p><span class=\"post-imagem__legenda\">Catedral de S\u00e3o Bas\u00edlio, na Pra\u00e7a Vermelha, um dos cart\u00f5es-postais da R\u00fassia<\/span><\/p>\n<\/div>\n<p>Fundada pelo historiador e guia de turismo Rodrigo Ianhez e pelo bibliotec\u00e1rio Cau\u00ea Ara\u00fajo, a ag\u00eancia nasce para atender um nicho de mercado: pessoas interessadas em conhecer mais sobre a hist\u00f3ria do socialismo no mundo, visitando destinos em v\u00e1rios continentes.<\/p>\n<p>\u201cA Estrela Vermelha \u00e9 a primeira e a \u00fanica ag\u00eancia de viagens no Brasil voltada para roteiros socialistas. Ela nasce para proporcionar uma experi\u00eancia enriquecedora para os viajantes\u201d, diz Ianhez.<\/p>\n<h2>Como s\u00e3o os roteiros socialistas<\/h2>\n<p>A ag\u00eancia funciona de forma online, com uma consultoria completa sobre os roteiros oferecidos. As viagens incluem guia em portugu\u00eas.<\/p>\n<p>\u201cEm virtude de quest\u00f5es log\u00edsticas, como hospedagem e transfers, os pacotes s\u00e3o formados por grupos de at\u00e9 15 pessoas\u201d, diz Cau\u00ea Ara\u00fajo. \u201cNossos clientes s\u00e3o principalmente simpatizantes do socialismo.\u201d<\/p>\n<div id=\"attachment_2327229\" class=\"wp-caption aligncenter\">\n<div class=\"d-flex justify-content-center\" data-attachment-id=\"2327229\">\n<div class=\"position-relative d-inline-block\"><img loading=\"lazy\" src=\"https:\/\/catracalivre.com.br\/viagem-livre\/agencia-vende-pacotes-de-viagem-focados-na-historia-do-socialismo\/Gwengoat\/iStock\" decoding=\"async\" class=\"wp-image-2327229 size-large\" alt=\"Estrela Vermelha tem pacotes de viagem focados na hist\u00f3ria do socialismo\" width=\"910\" height=\"607\" srcset=\"https:\/\/catracalivre.com.br\/wp-content\/uploads\/2023\/12\/istock-1130734227-910x607.jpg 910w, https:\/\/catracalivre.com.br\/wp-content\/uploads\/2023\/12\/istock-1130734227-450x300.jpg 450w, https:\/\/catracalivre.com.br\/wp-content\/uploads\/2023\/12\/istock-1130734227-768x512.jpg 768w\" sizes=\"auto, (max-width: 910px) 100vw, 910px\"\/><\/p>\n<p>Cr\u00e9ditos: Gwengoat\/iStock<\/p>\n<\/div>\n<\/div>\n<p><span class=\"post-imagem__legenda\">Estrela Vermelha tem pacotes de viagem focados na hist\u00f3ria do socialismo<\/span><\/p>\n<\/div>\n<p>A Estrela Vermelha fez sua primeira viagem dia 11 de novembro, num pacote para Ge\u00f3rgia e Arm\u00eania.\u00a0\u201cPara evitar mudan\u00e7as constantes nos pre\u00e7os divulgados, por conta da flutua\u00e7\u00e3o do c\u00e2mbio, o valor \u00e9 fixado em euro\u201d, informa Ara\u00fajo.<\/p>\n<p>Para 2024, a Estrela Vermelha acaba de lan\u00e7ar pacote de 14 dias e 13 noites para China, com pre\u00e7o a partir de \u20ac 2.349 (R$ 12.490), com embarque em 7 de abril de 2024 e retorno em 20 de abril de 2024.<\/p>\n<div id=\"attachment_1938339\" class=\"wp-caption aligncenter\">\n<div class=\"d-flex justify-content-center\" data-attachment-id=\"1938339\">\n<div class=\"position-relative d-inline-block\"><img loading=\"lazy\" src=\"https:\/\/catracalivre.com.br\/viagem-livre\/agencia-vende-pacotes-de-viagem-focados-na-historia-do-socialismo\/SeanPavonePhoto\/iStock\" decoding=\"async\" class=\"size-large wp-image-1938339\" alt=\"A Qintai Street, uma das principais avenidas de Chengdu, na China\" width=\"910\" height=\"607\" srcset=\"https:\/\/catracalivre.com.br\/wp-content\/uploads\/2019\/08\/chengdu-china-910x607.jpg 910w, https:\/\/catracalivre.com.br\/wp-content\/uploads\/2019\/08\/chengdu-china-450x300.jpg 450w, https:\/\/catracalivre.com.br\/wp-content\/uploads\/2019\/08\/chengdu-china-768x512.jpg 768w\" sizes=\"auto, (max-width: 910px) 100vw, 910px\"\/><\/p>\n<p>Cr\u00e9ditos: SeanPavonePhoto\/iStock<\/p>\n<\/div>\n<\/div>\n<p><span class=\"post-imagem__legenda\">A Qintai Street, uma das principais avenidas de Chengdu, na China<\/span><\/p>\n<\/div>\n<p>A tarifa inclui hospedagem, transportes entre os passeios, jantar de boas-vindas, acompanhamento de guias especializados na hist\u00f3ria da Revolu\u00e7\u00e3o Chinesa e entrada para os 13 museus, como Casa de Mao Zedong, Parque Nacional de Zhangjiajie e Tianmen Mountain.<\/p>\n<p>Al\u00e9m disso, h\u00e1 ainda pacotes dispon\u00edveis para Cuba, com sa\u00edda em janeiro, e R\u00fassia, em maio.<\/p>\n<p>Este \u00faltimo, a viagem ser\u00e1 no per\u00edodo do Dia da Vit\u00f3ria, celebrado em 9 de maio, que \u00e9 um importante feriado no pa\u00eds em que comemora a vit\u00f3ria contra a Alemanha nazista na Segunda Guerra Mundial.<\/p>\n<div id=\"attachment_2130748\" class=\"wp-caption aligncenter\">\n<div class=\"d-flex justify-content-center\" data-attachment-id=\"2130748\">\n<div class=\"position-relative d-inline-block\"><img src=\"https:\/\/catracalivre.com.br\/viagem-livre\/agencia-vende-pacotes-de-viagem-focados-na-historia-do-socialismo\/Bim\/iStock\" loading=\"lazy\" decoding=\"async\" class=\"size-large wp-image-2130748\" alt=\"Malecon, em Havana (Cuba)\" width=\"910\" height=\"607\" srcset=\"https:\/\/catracalivre.com.br\/wp-content\/uploads\/2020\/11\/istock-872576500-910x607.jpg 910w, https:\/\/catracalivre.com.br\/wp-content\/uploads\/2020\/11\/istock-872576500-450x300.jpg 450w, https:\/\/catracalivre.com.br\/wp-content\/uploads\/2020\/11\/istock-872576500-768x512.jpg 768w\" sizes=\"auto, (max-width: 910px) 100vw, 910px\"\/><\/p>\n<p>Cr\u00e9ditos: Bim\/iStock<\/p>\n<\/div>\n<\/div>\n<p><span class=\"post-imagem__legenda\">Malecon, em Havana (Cuba)<\/span><\/p>\n<\/div>\n<p>A ag\u00eancia tamb\u00e9m tem um novo grupo para Ge\u00f3rgia e Arm\u00eania em julho, que custa a partir de \u20ac 1.689 e inclui hospedagem, transfer, entrada em oito museus, como o de St\u00e1lin de Gori e transporte durante os passeios.<\/p>\n<\/div>\n<p><script>\n\t\t! function(f, b, e, v, n, t, s) {\n\t\t\tif (f.fbq) return;\n\t\t\tn = f.fbq = function() {\n\t\t\t\tn.callMethod ?\n\t\t\t\t\tn.callMethod.apply(n, arguments) : n.queue.push(arguments)\n\t\t\t};\n\t\t\tif (!f._fbq) f._fbq = n;\n\t\t\tn.push = n;\n\t\t\tn.loaded = !0;\n\t\t\tn.version = '2.0';\n\t\t\tn.queue = [];\n\t\t\tt = b.createElement(e);\n\t\t\tt.async = !0;\n\t\t\tt.src = v;\n\t\t\ts = b.getElementsByTagName(e)[0];\n\t\t\ts.parentNode.insertBefore(t, s)\n\t\t}(window, document, 'script',\n\t\t\t'https:\/\/connect.facebook.net\/en_US\/fbevents.js');\n\t\tfbq('init', '338315473262380');\n\t\tfbq('track', 'PageView');\n\t<\/script><br \/>\n<br \/>[ad_2]<br \/>\n<br \/><a href=\"https:\/\/catracalivre.com.br\/viagem-livre\/agencia-vende-pacotes-de-viagem-focados-na-historia-do-socialismo\/\" target=\"_blank\" rel=\"noopener\">Source link <\/a><\/p>\n<div class='code-block code-block-4' style='margin: 8px auto 8px 0; text-align: left; display: block; clear: both;'>\n\ud83d\udce2 Aviso Legal\n\nO site ismaelcolosi.com.br atua apenas como um canal de divulga\u00e7\u00e3o de oportunidades de emprego e n\u00e3o se responsabiliza pelo processo seletivo, contrata\u00e7\u00e3o ou qualquer outra etapa relacionada \u00e0s vagas publicadas. Todas as informa\u00e7\u00f5es s\u00e3o de responsabilidade dos anunciantes.\n\n\u26a0\ufe0f Aten\u00e7\u00e3o! Nunca pague por promessas de emprego nem compre cursos que garantam contrata\u00e7\u00e3o. Desconfie de qualquer cobran\u00e7a para participar de sele\u00e7\u00f5es.\n\n\n\n<\/div>\n<!-- CONTENT END 1 -->\n","protected":false},"excerpt":{"rendered":"<p>[ad_1] Uma expedi\u00e7\u00e3o de 25 dias cruzando o maior pa\u00eds do mundo na mais longa ferrovia do planeta, a Transiberiana, que liga Moscou a Vladivostok. Esta viagem de mais de 9 mil km, passando por sete fusos hor\u00e1rios, \u00e9 um dos roteiros focados na hist\u00f3ria do socialismo oferecidos pela Estrela Vermelha. Cr\u00e9ditos: iStock Catedral de&hellip;&nbsp;<\/p>\n","protected":false},"author":1,"featured_media":15234,"comment_status":"open","ping_status":"open","sticky":false,"template":"","format":"standard","meta":{"_uag_custom_page_level_css":"","neve_meta_sidebar":"","neve_meta_container":"","neve_meta_enable_content_width":"","neve_meta_content_width":0,"neve_meta_title_alignment":"","neve_meta_author_avatar":"","neve_post_elements_order":"","neve_meta_disable_header":"","neve_meta_disable_footer":"","neve_meta_disable_title":"","_jetpack_newsletter_access":"","_jetpack_dont_email_post_to_subs":false,"_jetpack_newsletter_tier_id":0,"_jetpack_memberships_contains_paywalled_content":false,"_jetpack_memberships_contains_paid_content":false,"footnotes":""},"categories":[19],"tags":[],"class_list":["post-15233","post","type-post","status-publish","format-standard","has-post-thumbnail","hentry","category-variedades"],"uagb_featured_image_src":{"full":["https:\/\/i0.wp.com\/ismaelcolosi.com.br\/wp-content\/uploads\/2023\/12\/cuba-destino-exotico-americanos.jpg?fit=1200%2C638&ssl=1",1200,638,false],"thumbnail":["https:\/\/i0.wp.com\/ismaelcolosi.com.br\/wp-content\/uploads\/2023\/12\/cuba-destino-exotico-americanos.jpg?resize=150%2C150&ssl=1",150,150,true],"medium":["https:\/\/i0.wp.com\/ismaelcolosi.com.br\/wp-content\/uploads\/2023\/12\/cuba-destino-exotico-americanos.jpg?fit=300%2C160&ssl=1",300,160,true],"medium_large":["https:\/\/i0.wp.com\/ismaelcolosi.com.br\/wp-content\/uploads\/2023\/12\/cuba-destino-exotico-americanos.jpg?fit=768%2C408&ssl=1",768,408,true],"large":["https:\/\/i0.wp.com\/ismaelcolosi.com.br\/wp-content\/uploads\/2023\/12\/cuba-destino-exotico-americanos.jpg?fit=1024%2C544&ssl=1",1024,544,true],"1536x1536":["https:\/\/i0.wp.com\/ismaelcolosi.com.br\/wp-content\/uploads\/2023\/12\/cuba-destino-exotico-americanos.jpg?fit=1200%2C638&ssl=1",1200,638,true],"2048x2048":["https:\/\/i0.wp.com\/ismaelcolosi.com.br\/wp-content\/uploads\/2023\/12\/cuba-destino-exotico-americanos.jpg?fit=1200%2C638&ssl=1",1200,638,true],"neve-blog":["https:\/\/i0.wp.com\/ismaelcolosi.com.br\/wp-content\/uploads\/2023\/12\/cuba-destino-exotico-americanos.jpg?resize=930%2C620&ssl=1",930,620,true]},"uagb_author_info":{"display_name":"ismaelcolosi.com.br","author_link":"https:\/\/ismaelcolosi.com.br\/author\/vidareal-online\/"},"uagb_comment_info":0,"uagb_excerpt":"[ad_1] Uma expedi\u00e7\u00e3o de 25 dias cruzando o maior pa\u00eds do mundo na mais longa ferrovia do planeta, a Transiberiana, que liga Moscou a Vladivostok. Esta viagem de mais de 9 mil km, passando por sete fusos hor\u00e1rios, \u00e9 um dos roteiros focados na hist\u00f3ria do socialismo oferecidos pela Estrela Vermelha. Cr\u00e9ditos: iStock Catedral de&hellip;&nbsp;","jetpack-related-posts":[{"id":22108,"url":"https:\/\/ismaelcolosi.com.br\/index.php\/2023\/12\/29\/tour-gratuito-faz-viagem-no-tempo-pelo-centro-historico-de-sp\/","url_meta":{"origin":15233,"position":0},"title":"Tour gratuito faz viagem no tempo pelo centro hist\u00f3rico de SP","author":"ismaelcolosi.com.br","date":"29 de Dezembro de 2023","format":false,"excerpt":"[ad_1] Que tal fazer uma \u201cviagem no tempo\u201d? Durante os meses de janeiro e fevereiro o P\u00e1tio Metr\u00f4 S\u00e3o Bento e o grupo Caminhos do Tri\u00e2ngulo promovem tours guiados pelo centro hist\u00f3rico de S\u00e3o Paulo. Durante o passeio, os participantes conhecem monumentos, arquitetura e hist\u00f3rias que ecoam pelos s\u00e9culos em\u2026","rel":"","context":"In &quot;Variedades&quot;","block_context":{"text":"Variedades","link":"https:\/\/ismaelcolosi.com.br\/index.php\/category\/variedades\/"},"img":{"alt_text":"","src":"https:\/\/i0.wp.com\/ismaelcolosi.com.br\/wp-content\/uploads\/2023\/12\/centro-historico-sp.jpg?fit=1200%2C638&ssl=1&resize=350%2C200","width":350,"height":200,"srcset":"https:\/\/i0.wp.com\/ismaelcolosi.com.br\/wp-content\/uploads\/2023\/12\/centro-historico-sp.jpg?fit=1200%2C638&ssl=1&resize=350%2C200 1x, https:\/\/i0.wp.com\/ismaelcolosi.com.br\/wp-content\/uploads\/2023\/12\/centro-historico-sp.jpg?fit=1200%2C638&ssl=1&resize=525%2C300 1.5x, https:\/\/i0.wp.com\/ismaelcolosi.com.br\/wp-content\/uploads\/2023\/12\/centro-historico-sp.jpg?fit=1200%2C638&ssl=1&resize=700%2C400 2x, https:\/\/i0.wp.com\/ismaelcolosi.com.br\/wp-content\/uploads\/2023\/12\/centro-historico-sp.jpg?fit=1200%2C638&ssl=1&resize=1050%2C600 3x"},"classes":[]},{"id":83876,"url":"https:\/\/ismaelcolosi.com.br\/index.php\/2025\/03\/19\/empresas-incentivam-trabalho-com-clima-de-ferias\/","url_meta":{"origin":15233,"position":1},"title":"empresas incentivam trabalho com clima de f\u00e9rias","author":"ismaelcolosi.com.br","date":"19 de Mar\u00e7o de 2025","format":false,"excerpt":"[ad_1] \r Getty Images\r Possibilidade de viajar durante o trabalho \u00e9 um benef\u00edcio fundamental para a maioria dos profissionais remotos\r Acessibilidade \r L\r L\r A-\r A+\r \r \u25d0\r \r \u00a0 No mundo conectado de hoje, a press\u00e3o para permanecer online pode dificultar o desligamento total do trabalho. Surgem ent\u00e3o tend\u00eancias\u2026","rel":"","context":"In &quot;Carreira e Sucesso&quot;","block_context":{"text":"Carreira e Sucesso","link":"https:\/\/ismaelcolosi.com.br\/index.php\/category\/carreira-e-sucesso-dicas-para-carreira\/"},"img":{"alt_text":"","src":"https:\/\/i0.wp.com\/ismaelcolosi.com.br\/wp-content\/uploads\/2025\/03\/forbes-viagem-carreira-trabalho-blended-travel-1200x675.jpg?fit=1200%2C675&ssl=1&resize=350%2C200","width":350,"height":200,"srcset":"https:\/\/i0.wp.com\/ismaelcolosi.com.br\/wp-content\/uploads\/2025\/03\/forbes-viagem-carreira-trabalho-blended-travel-1200x675.jpg?fit=1200%2C675&ssl=1&resize=350%2C200 1x, https:\/\/i0.wp.com\/ismaelcolosi.com.br\/wp-content\/uploads\/2025\/03\/forbes-viagem-carreira-trabalho-blended-travel-1200x675.jpg?fit=1200%2C675&ssl=1&resize=525%2C300 1.5x, https:\/\/i0.wp.com\/ismaelcolosi.com.br\/wp-content\/uploads\/2025\/03\/forbes-viagem-carreira-trabalho-blended-travel-1200x675.jpg?fit=1200%2C675&ssl=1&resize=700%2C400 2x, https:\/\/i0.wp.com\/ismaelcolosi.com.br\/wp-content\/uploads\/2025\/03\/forbes-viagem-carreira-trabalho-blended-travel-1200x675.jpg?fit=1200%2C675&ssl=1&resize=1050%2C600 3x"},"classes":[]},{"id":31167,"url":"https:\/\/ismaelcolosi.com.br\/index.php\/2024\/01\/21\/top-10-destinos-internacionais-mais-visitados-pelos-brasileiros\/","url_meta":{"origin":15233,"position":2},"title":"Top 10 destinos internacionais mais visitados pelos brasileiros","author":"ismaelcolosi.com.br","date":"21 de Janeiro de 2024","format":false,"excerpt":"[ad_1] Nos \u00faltimos anos, os brasileiros t\u00eam expandido cada vez mais seus horizontes ao decidir para onde ir\u00e3o em suas f\u00e9rias. O gosto pela aventura, a busca por novas culturas e experi\u00eancias, a melhoria do poder de compra, a facilidade de acesso a informa\u00e7\u00f5es e a crescente conectividade a\u00e9rea contribu\u00edram\u2026","rel":"","context":"In &quot;Blog&quot;","block_context":{"text":"Blog","link":"https:\/\/ismaelcolosi.com.br\/index.php\/category\/blog\/"},"img":{"alt_text":"","src":"https:\/\/i0.wp.com\/ismaelcolosi.com.br\/wp-content\/uploads\/2024\/01\/viagens-internacionais.png?fit=600%2C384&ssl=1&resize=350%2C200","width":350,"height":200,"srcset":"https:\/\/i0.wp.com\/ismaelcolosi.com.br\/wp-content\/uploads\/2024\/01\/viagens-internacionais.png?fit=600%2C384&ssl=1&resize=350%2C200 1x, https:\/\/i0.wp.com\/ismaelcolosi.com.br\/wp-content\/uploads\/2024\/01\/viagens-internacionais.png?fit=600%2C384&ssl=1&resize=525%2C300 1.5x"},"classes":[]},{"id":21874,"url":"https:\/\/ismaelcolosi.com.br\/index.php\/2023\/12\/28\/o-que-precisa-estar-no-seu-roteiro-de-viagem-para-salvador\/","url_meta":{"origin":15233,"position":3},"title":"O que precisa estar no seu roteiro de viagem para Salvador","author":"ismaelcolosi.com.br","date":"28 de Dezembro de 2023","format":false,"excerpt":"[ad_1] A vibrante capital da Bahia, Salvador, \u00e9 um caldeir\u00e3o cultural onde hist\u00f3ria, arte e tradi\u00e7\u00f5es se entrela\u00e7am, criando uma experi\u00eancia \u00fanica para os turistas. Conhecida por suas praias deslumbrantes, arquitetura colonial e uma cena musical efervescente, a cidade oferece momentos ricos e variados para todos os gostos. Cr\u00e9ditos: M\u00e1rcio\u2026","rel":"","context":"In &quot;Variedades&quot;","block_context":{"text":"Variedades","link":"https:\/\/ismaelcolosi.com.br\/index.php\/category\/variedades\/"},"img":{"alt_text":"","src":"https:\/\/i0.wp.com\/ismaelcolosi.com.br\/wp-content\/uploads\/2023\/12\/praia-de-itapua-marcio-filho-mtur.jpg?fit=1200%2C638&ssl=1&resize=350%2C200","width":350,"height":200,"srcset":"https:\/\/i0.wp.com\/ismaelcolosi.com.br\/wp-content\/uploads\/2023\/12\/praia-de-itapua-marcio-filho-mtur.jpg?fit=1200%2C638&ssl=1&resize=350%2C200 1x, https:\/\/i0.wp.com\/ismaelcolosi.com.br\/wp-content\/uploads\/2023\/12\/praia-de-itapua-marcio-filho-mtur.jpg?fit=1200%2C638&ssl=1&resize=525%2C300 1.5x, https:\/\/i0.wp.com\/ismaelcolosi.com.br\/wp-content\/uploads\/2023\/12\/praia-de-itapua-marcio-filho-mtur.jpg?fit=1200%2C638&ssl=1&resize=700%2C400 2x, https:\/\/i0.wp.com\/ismaelcolosi.com.br\/wp-content\/uploads\/2023\/12\/praia-de-itapua-marcio-filho-mtur.jpg?fit=1200%2C638&ssl=1&resize=1050%2C600 3x"},"classes":[]},{"id":22096,"url":"https:\/\/ismaelcolosi.com.br\/index.php\/2023\/12\/29\/confira-5-dicas-para-se-planejar-e-viajar-mais-em-2024\/","url_meta":{"origin":15233,"position":4},"title":"Confira 5 dicas para se planejar e viajar mais em 2024","author":"ismaelcolosi.com.br","date":"29 de Dezembro de 2023","format":false,"excerpt":"[ad_1] Em 2024 n\u00e3o haver\u00e1 muitos feriados prolongados. Mas isto n\u00e3o impede de viajar mais no pr\u00f3ximo ano. Segundo o Estudo Global de Inten\u00e7\u00f5es de Viagem (GTI, na sigla em ingl\u00eas) da Visa, os principais comportamentos dos turistas em 2024 s\u00e3o focados em mais experi\u00eancias centradas em lazer e destinos\u2026","rel":"","context":"In &quot;Variedades&quot;","block_context":{"text":"Variedades","link":"https:\/\/ismaelcolosi.com.br\/index.php\/category\/variedades\/"},"img":{"alt_text":"","src":"https:\/\/i0.wp.com\/ismaelcolosi.com.br\/wp-content\/uploads\/2023\/12\/guarapari-es.jpg?fit=1200%2C638&ssl=1&resize=350%2C200","width":350,"height":200,"srcset":"https:\/\/i0.wp.com\/ismaelcolosi.com.br\/wp-content\/uploads\/2023\/12\/guarapari-es.jpg?fit=1200%2C638&ssl=1&resize=350%2C200 1x, https:\/\/i0.wp.com\/ismaelcolosi.com.br\/wp-content\/uploads\/2023\/12\/guarapari-es.jpg?fit=1200%2C638&ssl=1&resize=525%2C300 1.5x, https:\/\/i0.wp.com\/ismaelcolosi.com.br\/wp-content\/uploads\/2023\/12\/guarapari-es.jpg?fit=1200%2C638&ssl=1&resize=700%2C400 2x, https:\/\/i0.wp.com\/ismaelcolosi.com.br\/wp-content\/uploads\/2023\/12\/guarapari-es.jpg?fit=1200%2C638&ssl=1&resize=1050%2C600 3x"},"classes":[]},{"id":788,"url":"https:\/\/ismaelcolosi.com.br\/index.php\/2023\/11\/09\/projeto-leva-alunos-da-rede-publica-de-ribeirao-e-regiao-para-intercambio-em-portugal\/","url_meta":{"origin":15233,"position":5},"title":"Projeto leva alunos da rede p\u00fablica de Ribeir\u00e3o e regi\u00e3o para interc\u00e2mbio em Portugal","author":"ismaelcolosi.com.br","date":"9 de Novembro de 2023","format":false,"excerpt":"[ad_1] Um grupo de alunos do oitavo ano de escolas p\u00fablicas de Ribeir\u00e3o Preto e Serrana ir\u00e3o viajar, neste s\u00e1bado (11), para Lisboa, em Portugal, para visitar pontos hist\u00f3ricos da cidade e participar de discuss\u00f5es sobre coloniza\u00e7\u00e3o com estudantes e professores portugueses. A viagem faz parte da premia\u00e7\u00e3o da s\u00e9tima\u2026","rel":"","context":"In &quot;Not\u00edcias de Ribeir\u00e3o Preto-SP e Regi\u00e3o&quot;","block_context":{"text":"Not\u00edcias de Ribeir\u00e3o Preto-SP e Regi\u00e3o","link":"https:\/\/ismaelcolosi.com.br\/index.php\/category\/noticias-de-ribeirao-preto-sp-e-regiao-ismael-colosi\/"},"img":{"alt_text":"","src":"https:\/\/i0.wp.com\/ismaelcolosi.com.br\/wp-content\/uploads\/2023\/11\/WhatsApp-Image-2023-11-08-at-17.16.02.jpeg?fit=1200%2C900&ssl=1&resize=350%2C200","width":350,"height":200,"srcset":"https:\/\/i0.wp.com\/ismaelcolosi.com.br\/wp-content\/uploads\/2023\/11\/WhatsApp-Image-2023-11-08-at-17.16.02.jpeg?fit=1200%2C900&ssl=1&resize=350%2C200 1x, https:\/\/i0.wp.com\/ismaelcolosi.com.br\/wp-content\/uploads\/2023\/11\/WhatsApp-Image-2023-11-08-at-17.16.02.jpeg?fit=1200%2C900&ssl=1&resize=525%2C300 1.5x, https:\/\/i0.wp.com\/ismaelcolosi.com.br\/wp-content\/uploads\/2023\/11\/WhatsApp-Image-2023-11-08-at-17.16.02.jpeg?fit=1200%2C900&ssl=1&resize=700%2C400 2x, https:\/\/i0.wp.com\/ismaelcolosi.com.br\/wp-content\/uploads\/2023\/11\/WhatsApp-Image-2023-11-08-at-17.16.02.jpeg?fit=1200%2C900&ssl=1&resize=1050%2C600 3x"},"classes":[]}],"jetpack_sharing_enabled":true,"jetpack_shortlink":"https:\/\/wp.me\/pfMlyK-3XH","jetpack_featured_media_url":"https:\/\/i0.wp.com\/ismaelcolosi.com.br\/wp-content\/uploads\/2023\/12\/cuba-destino-exotico-americanos.jpg?fit=1200%2C638&ssl=1","_links":{"self":[{"href":"https:\/\/ismaelcolosi.com.br\/index.php\/wp-json\/wp\/v2\/posts\/15233","targetHints":{"allow":["GET"]}}],"collection":[{"href":"https:\/\/ismaelcolosi.com.br\/index.php\/wp-json\/wp\/v2\/posts"}],"about":[{"href":"https:\/\/ismaelcolosi.com.br\/index.php\/wp-json\/wp\/v2\/types\/post"}],"author":[{"embeddable":true,"href":"https:\/\/ismaelcolosi.com.br\/index.php\/wp-json\/wp\/v2\/users\/1"}],"replies":[{"embeddable":true,"href":"https:\/\/ismaelcolosi.com.br\/index.php\/wp-json\/wp\/v2\/comments?post=15233"}],"version-history":[{"count":0,"href":"https:\/\/ismaelcolosi.com.br\/index.php\/wp-json\/wp\/v2\/posts\/15233\/revisions"}],"wp:featuredmedia":[{"embeddable":true,"href":"https:\/\/ismaelcolosi.com.br\/index.php\/wp-json\/wp\/v2\/media\/15234"}],"wp:attachment":[{"href":"https:\/\/ismaelcolosi.com.br\/index.php\/wp-json\/wp\/v2\/media?parent=15233"}],"wp:term":[{"taxonomy":"category","embeddable":true,"href":"https:\/\/ismaelcolosi.com.br\/index.php\/wp-json\/wp\/v2\/categories?post=15233"},{"taxonomy":"post_tag","embeddable":true,"href":"https:\/\/ismaelcolosi.com.br\/index.php\/wp-json\/wp\/v2\/tags?post=15233"}],"curies":[{"name":"wp","href":"https:\/\/api.w.org\/{rel}","templated":true}]}}