{"id":15219,"date":"2023-12-13T09:28:26","date_gmt":"2023-12-13T12:28:26","guid":{"rendered":"https:\/\/ismaelcolosi.com.br\/index.php\/2023\/12\/13\/caern-abre-concurso-publico-com-693-vagas-para-niveis-tecnico-e-superior\/"},"modified":"2023-12-13T09:28:26","modified_gmt":"2023-12-13T12:28:26","slug":"caern-abre-concurso-publico-com-693-vagas-para-niveis-tecnico-e-superior","status":"publish","type":"post","link":"https:\/\/ismaelcolosi.com.br\/index.php\/2023\/12\/13\/caern-abre-concurso-publico-com-693-vagas-para-niveis-tecnico-e-superior\/","title":{"rendered":"CAERN abre concurso p\u00fablico com 693 vagas para n\u00edveis t\u00e9cnico e superior"},"content":{"rendered":"<p> [ad_1]<br \/>\n<\/p>\n<div>\n<div id=\"attachment_2327353\" class=\"wp-caption alignnone\">\n<div class=\"d-flex justify-content-center\" data-attachment-id=\"2327353\">\n<div class=\"position-relative d-inline-block\"><img data-recalc-dims=\"1\" data-portal-copyright=\"IStock\" fetchpriority=\"high\" decoding=\"async\" class=\"size-medium wp-image-2327353\" src=\"https:\/\/i0.wp.com\/catracalivre.com.br\/wp-content\/uploads\/2023\/12\/istock-871569792-450x300.jpg?resize=450%2C300&#038;ssl=1\" alt=\"CAERN abre Concurso P\u00fablico\" width=\"450\" height=\"300\" srcset=\"https:\/\/catracalivre.com.br\/wp-content\/uploads\/2023\/12\/istock-871569792-450x300.jpg 450w, https:\/\/catracalivre.com.br\/wp-content\/uploads\/2023\/12\/istock-871569792-910x607.jpg 910w, https:\/\/catracalivre.com.br\/wp-content\/uploads\/2023\/12\/istock-871569792-768x512.jpg 768w, https:\/\/catracalivre.com.br\/wp-content\/uploads\/2023\/12\/istock-871569792.jpg 1254w\" sizes=\"(max-width: 450px) 100vw, 450px\"\/><\/p>\n<p>Cr\u00e9ditos: IStock<\/p>\n<\/div>\n<\/div>\n<p><span class=\"post-imagem__legenda\">CAERN abre Concurso P\u00fablico<\/span><\/p>\n<\/div>\n<p>A Companhia de \u00c1guas e Esgotos do Rio Grande do Norte (CAERN) anunciou o edital de n\u00famero 01\/2023 para o seu novo <a href=\"https:\/\/catracalivre.com.br\/criatividade\/aplicativo-ajuda-candidatos-a-se-prepararem-para-diversos-concursos-publicos-do-pais\/\" target=\"_blank\" rel=\"noopener\">concurso<\/a> p\u00fablico, disponibilizando um total de 693 vagas. Dessas, 33 s\u00e3o vagas imediatas, enquanto 660 destinam-se \u00e0 forma\u00e7\u00e3o de cadastro reserva, contemplando profissionais com forma\u00e7\u00e3o t\u00e9cnica e de n\u00edvel superior. O concurso tamb\u00e9m prev\u00ea reserva t\u00e9cnica para pessoas portadoras de defici\u00eancia (PcD).<\/p>\n<p>Remunera\u00e7\u00e3o e Benef\u00edcios<\/p>\n<p>Os sal\u00e1rios oferecidos para o <a href=\"https:\/\/catracalivre.com.br\/criatividade\/aplicativo-ajuda-candidatos-a-se-prepararem-para-diversos-concursos-publicos-do-pais\/\" target=\"_blank\" rel=\"noopener\">concurso<\/a> p\u00fablico s\u00e3o de R$ 4.198,11 para cargos de n\u00edvel t\u00e9cnico e de R$ 8.746,10 para oportunidades de n\u00edvel superior. A jornada de trabalho varia entre 30 horas para a posi\u00e7\u00e3o de Advogado e 40 horas para os demais empregos.<\/p>\n<p>Al\u00e9m dos sal\u00e1rios atrativos, os profissionais selecionados ter\u00e3o acesso a benef\u00edcios como Vale-alimenta\u00e7\u00e3o no valor de R$ 1.401,71, Plano de sa\u00fade, Aux\u00edlio creche, Promo\u00e7\u00e3o por m\u00e9rito, Promo\u00e7\u00e3o por tempo de servi\u00e7o, e outras vantagens estabelecidas no Acordo Coletivo de Trabalho.<\/p>\n<p>Vagas e Requisitos<\/p>\n<p>No que diz respeito \u00e0s vagas oferecidas, os profissionais de n\u00edvel t\u00e9cnico poder\u00e3o concorrer para posi\u00e7\u00f5es como T\u00e9cnico de Controle Ambiental, T\u00e9cnico de Edifica\u00e7\u00f5es, T\u00e9cnico de Instrumenta\u00e7\u00e3o e T\u00e9cnico de Mec\u00e2nica. J\u00e1 para os que possuem forma\u00e7\u00e3o superior, as oportunidades abrangem os cargos de Advogado, Engenheiro Civil, Engenheiro Eletricista, Engenheiro Mec\u00e2nico e Engenheiro Qu\u00edmico.<\/p>\n<p>Todos os candidatos devem possuir Carteira Nacional de Habilita\u00e7\u00e3o (CNH) na categoria B e, se solicitado para a vaga, registro no respectivo conselho profissional.<\/p>\n<p>Inscri\u00e7\u00f5es e Prazos<\/p>\n<p>As inscri\u00e7\u00f5es para o concurso devem ser realizadas exclusivamente pelo site oficial da CAERN, com prazo limite at\u00e9 \u00e0s 23h59 do dia 20 de dezembro de 2023. A taxa de inscri\u00e7\u00e3o \u00e9 de R$ 100,00 para cargos de n\u00edvel t\u00e9cnico e de R$ 120,00 para cargos de n\u00edvel superior.<\/p>\n<div class=\"partner d-flex rounded shadow-sm p-2 mb-3 align-items-center\" id=\"partner\" data-print=\"ignore\">\n<div class=\"image mr-2\">\n<img data-recalc-dims=\"1\" src=\"https:\/\/i0.wp.com\/robohash.org\/b730afd4cf5c5d237c7f93163ed023b6.png?resize=110%2C110&#038;ssl=1\" width=\"110\" height=\"110\" title=\"Thatyana Costa\" loading=\"lazy\" decoding=\"async\" class=\"rounded-circle\"\/>\n<\/div>\n<\/div>\n<\/div>\n<p><script>\n\t\t! function(f, b, e, v, n, t, s) {\n\t\t\tif (f.fbq) return;\n\t\t\tn = f.fbq = function() {\n\t\t\t\tn.callMethod ?\n\t\t\t\t\tn.callMethod.apply(n, arguments) : n.queue.push(arguments)\n\t\t\t};\n\t\t\tif (!f._fbq) f._fbq = n;\n\t\t\tn.push = n;\n\t\t\tn.loaded = !0;\n\t\t\tn.version = '2.0';\n\t\t\tn.queue = [];\n\t\t\tt = b.createElement(e);\n\t\t\tt.async = !0;\n\t\t\tt.src = v;\n\t\t\ts = b.getElementsByTagName(e)[0];\n\t\t\ts.parentNode.insertBefore(t, s)\n\t\t}(window, document, 'script',\n\t\t\t'https:\/\/connect.facebook.net\/en_US\/fbevents.js');\n\t\tfbq('init', '338315473262380');\n\t\tfbq('track', 'PageView');\n\t<\/script><br \/>\n<br \/>[ad_2]<br \/>\n<br \/><a href=\"https:\/\/catracalivre.com.br\/educacao\/caern-abre-concurso-publico-com-693-vagas-para-niveis-tecnico-e-superior\/\" target=\"_blank\" rel=\"noopener\">Source link <\/a><\/p>\n<div class='code-block code-block-4' style='margin: 8px auto 8px 0; text-align: left; display: block; clear: both;'>\n\ud83d\udce2 Aviso Legal\n\nO site ismaelcolosi.com.br atua apenas como um canal de divulga\u00e7\u00e3o de oportunidades de emprego e n\u00e3o se responsabiliza pelo processo seletivo, contrata\u00e7\u00e3o ou qualquer outra etapa relacionada \u00e0s vagas publicadas. Todas as informa\u00e7\u00f5es s\u00e3o de responsabilidade dos anunciantes.\n\n\u26a0\ufe0f Aten\u00e7\u00e3o! Nunca pague por promessas de emprego nem compre cursos que garantam contrata\u00e7\u00e3o. Desconfie de qualquer cobran\u00e7a para participar de sele\u00e7\u00f5es.\n\n\n\n<\/div>\n<!-- CONTENT END 1 -->\n","protected":false},"excerpt":{"rendered":"<p>[ad_1] Cr\u00e9ditos: IStock CAERN abre Concurso P\u00fablico A Companhia de \u00c1guas e Esgotos do Rio Grande do Norte (CAERN) anunciou o edital de n\u00famero 01\/2023 para o seu novo concurso p\u00fablico, disponibilizando um total de 693 vagas. Dessas, 33 s\u00e3o vagas imediatas, enquanto 660 destinam-se \u00e0 forma\u00e7\u00e3o de cadastro reserva, contemplando profissionais com forma\u00e7\u00e3o t\u00e9cnica&hellip;&nbsp;<\/p>\n","protected":false},"author":1,"featured_media":15220,"comment_status":"open","ping_status":"open","sticky":false,"template":"","format":"standard","meta":{"_uag_custom_page_level_css":"","neve_meta_sidebar":"","neve_meta_container":"","neve_meta_enable_content_width":"","neve_meta_content_width":0,"neve_meta_title_alignment":"","neve_meta_author_avatar":"","neve_post_elements_order":"","neve_meta_disable_header":"","neve_meta_disable_footer":"","neve_meta_disable_title":"","_jetpack_newsletter_access":"","_jetpack_dont_email_post_to_subs":false,"_jetpack_newsletter_tier_id":0,"_jetpack_memberships_contains_paywalled_content":false,"_jetpack_memberships_contains_paid_content":false,"footnotes":""},"categories":[19],"tags":[],"class_list":["post-15219","post","type-post","status-publish","format-standard","has-post-thumbnail","hentry","category-variedades"],"uagb_featured_image_src":{"full":["https:\/\/i0.wp.com\/ismaelcolosi.com.br\/wp-content\/uploads\/2023\/12\/istock-871569792.jpg?fit=1200%2C638&ssl=1",1200,638,false],"thumbnail":["https:\/\/i0.wp.com\/ismaelcolosi.com.br\/wp-content\/uploads\/2023\/12\/istock-871569792.jpg?resize=150%2C150&ssl=1",150,150,true],"medium":["https:\/\/i0.wp.com\/ismaelcolosi.com.br\/wp-content\/uploads\/2023\/12\/istock-871569792.jpg?fit=300%2C160&ssl=1",300,160,true],"medium_large":["https:\/\/i0.wp.com\/ismaelcolosi.com.br\/wp-content\/uploads\/2023\/12\/istock-871569792.jpg?fit=768%2C408&ssl=1",768,408,true],"large":["https:\/\/i0.wp.com\/ismaelcolosi.com.br\/wp-content\/uploads\/2023\/12\/istock-871569792.jpg?fit=1024%2C544&ssl=1",1024,544,true],"1536x1536":["https:\/\/i0.wp.com\/ismaelcolosi.com.br\/wp-content\/uploads\/2023\/12\/istock-871569792.jpg?fit=1200%2C638&ssl=1",1200,638,true],"2048x2048":["https:\/\/i0.wp.com\/ismaelcolosi.com.br\/wp-content\/uploads\/2023\/12\/istock-871569792.jpg?fit=1200%2C638&ssl=1",1200,638,true],"neve-blog":["https:\/\/i0.wp.com\/ismaelcolosi.com.br\/wp-content\/uploads\/2023\/12\/istock-871569792.jpg?resize=930%2C620&ssl=1",930,620,true]},"uagb_author_info":{"display_name":"ismaelcolosi.com.br","author_link":"https:\/\/ismaelcolosi.com.br\/author\/vidareal-online\/"},"uagb_comment_info":0,"uagb_excerpt":"[ad_1] Cr\u00e9ditos: IStock CAERN abre Concurso P\u00fablico A Companhia de \u00c1guas e Esgotos do Rio Grande do Norte (CAERN) anunciou o edital de n\u00famero 01\/2023 para o seu novo concurso p\u00fablico, disponibilizando um total de 693 vagas. Dessas, 33 s\u00e3o vagas imediatas, enquanto 660 destinam-se \u00e0 forma\u00e7\u00e3o de cadastro reserva, contemplando profissionais com forma\u00e7\u00e3o t\u00e9cnica&hellip;&nbsp;","jetpack-related-posts":[{"id":25513,"url":"https:\/\/ismaelcolosi.com.br\/index.php\/2024\/01\/07\/prefeitura-de-ribeirao-preto-abre-inscricoes-para-concurso-publico-nesta-segunda\/","url_meta":{"origin":15219,"position":0},"title":"Prefeitura de Ribeir\u00e3o Preto abre inscri\u00e7\u00f5es para concurso p\u00fablico nesta segunda","author":"ismaelcolosi.com.br","date":"7 de Janeiro de 2024","format":false,"excerpt":"[ad_1] A Prefeitura de Ribeir\u00e3o Preto abre nesta segunda-feira (8) as inscri\u00e7\u00f5es do concurso p\u00fablico com vagas na Secretaria Municipal de \u00c1gua e Esgoto (Saerp). S\u00e3o 16 vagas abertas com cargos para n\u00edveis fundamental, m\u00e9dio, t\u00e9cnico e superior, com sal\u00e1rios iniciais variando entre R$ 2.250 e R$ 5.645. O edital\u2026","rel":"","context":"In &quot;Not\u00edcias de Ribeir\u00e3o Preto-SP e Regi\u00e3o&quot;","block_context":{"text":"Not\u00edcias de Ribeir\u00e3o Preto-SP e Regi\u00e3o","link":"https:\/\/ismaelcolosi.com.br\/index.php\/category\/noticias-de-ribeirao-preto-sp-e-regiao-ismael-colosi\/"},"img":{"alt_text":"","src":"https:\/\/i0.wp.com\/ismaelcolosi.com.br\/wp-content\/uploads\/2024\/01\/man-5710164_1280.jpg?fit=1200%2C800&ssl=1&resize=350%2C200","width":350,"height":200,"srcset":"https:\/\/i0.wp.com\/ismaelcolosi.com.br\/wp-content\/uploads\/2024\/01\/man-5710164_1280.jpg?fit=1200%2C800&ssl=1&resize=350%2C200 1x, https:\/\/i0.wp.com\/ismaelcolosi.com.br\/wp-content\/uploads\/2024\/01\/man-5710164_1280.jpg?fit=1200%2C800&ssl=1&resize=525%2C300 1.5x, https:\/\/i0.wp.com\/ismaelcolosi.com.br\/wp-content\/uploads\/2024\/01\/man-5710164_1280.jpg?fit=1200%2C800&ssl=1&resize=700%2C400 2x, https:\/\/i0.wp.com\/ismaelcolosi.com.br\/wp-content\/uploads\/2024\/01\/man-5710164_1280.jpg?fit=1200%2C800&ssl=1&resize=1050%2C600 3x"},"classes":[]},{"id":20855,"url":"https:\/\/ismaelcolosi.com.br\/index.php\/2023\/12\/26\/prefeitura-de-ribeirao-preto-abre-concurso-publico-veja-detalhes\/","url_meta":{"origin":15219,"position":1},"title":"Prefeitura de Ribeir\u00e3o Preto abre concurso p\u00fablico; Veja detalhes","author":"ismaelcolosi.com.br","date":"26 de Dezembro de 2023","format":false,"excerpt":"[ad_1] A Prefeitura de Ribeir\u00e3o Preto publicou edital abrindo concurso p\u00fablico para 12 vagas. Para ver o edital na \u00edntegra, clique aqui. As fun\u00e7\u00f5es em disputa s\u00e3o: motorista, radio-telefonista, auxiliar de sa\u00fade bucal, educador social e t\u00e9cnico em sa\u00fade bucal. Os sal\u00e1rios variam entre R$ 2.549,65 e R$ 3.555,42. Inscri\u00e7\u00f5es\u2026","rel":"","context":"In &quot;Not\u00edcias de Ribeir\u00e3o Preto-SP e Regi\u00e3o&quot;","block_context":{"text":"Not\u00edcias de Ribeir\u00e3o Preto-SP e Regi\u00e3o","link":"https:\/\/ismaelcolosi.com.br\/index.php\/category\/noticias-de-ribeirao-preto-sp-e-regiao-ismael-colosi\/"},"img":{"alt_text":"","src":"https:\/\/i0.wp.com\/ismaelcolosi.com.br\/wp-content\/uploads\/2023\/12\/predio_novo_-_foto_guilherme_sircili_2.jpg?fit=1200%2C799&ssl=1&resize=350%2C200","width":350,"height":200,"srcset":"https:\/\/i0.wp.com\/ismaelcolosi.com.br\/wp-content\/uploads\/2023\/12\/predio_novo_-_foto_guilherme_sircili_2.jpg?fit=1200%2C799&ssl=1&resize=350%2C200 1x, https:\/\/i0.wp.com\/ismaelcolosi.com.br\/wp-content\/uploads\/2023\/12\/predio_novo_-_foto_guilherme_sircili_2.jpg?fit=1200%2C799&ssl=1&resize=525%2C300 1.5x, https:\/\/i0.wp.com\/ismaelcolosi.com.br\/wp-content\/uploads\/2023\/12\/predio_novo_-_foto_guilherme_sircili_2.jpg?fit=1200%2C799&ssl=1&resize=700%2C400 2x, https:\/\/i0.wp.com\/ismaelcolosi.com.br\/wp-content\/uploads\/2023\/12\/predio_novo_-_foto_guilherme_sircili_2.jpg?fit=1200%2C799&ssl=1&resize=1050%2C600 3x"},"classes":[]},{"id":46244,"url":"https:\/\/ismaelcolosi.com.br\/index.php\/2024\/04\/10\/hc-ribeirao-preto-abre-concurso-publico-com-salarios-de-r-5-mil\/","url_meta":{"origin":15219,"position":2},"title":"HC Ribeir\u00e3o Preto abre concurso p\u00fablico com sal\u00e1rios de R$ 5 mil","author":"ismaelcolosi.com.br","date":"10 de Abril de 2024","format":false,"excerpt":"[ad_1] O Hospital das Cl\u00ednicas de Ribeir\u00e3o Preto abre concurso p\u00fablico com sal\u00e1rios de R$ 5.695,17 para o cargo de m\u00e9dico I, para atuar no Ambulat\u00f3rio de Pediatria do HC-UE (Hospital das Cl\u00ednicas \u2013 Unidade de Emerg\u00eancia). Al\u00e9m dos sal\u00e1rios, os contratados tamb\u00e9m v\u00e3o receber um aux\u00edlio alimenta\u00e7\u00e3o no valor\u2026","rel":"","context":"In &quot;Not\u00edcias de Ribeir\u00e3o Preto-SP e Regi\u00e3o&quot;","block_context":{"text":"Not\u00edcias de Ribeir\u00e3o Preto-SP e Regi\u00e3o","link":"https:\/\/ismaelcolosi.com.br\/index.php\/category\/noticias-de-ribeirao-preto-sp-e-regiao-ismael-colosi\/"},"img":{"alt_text":"","src":"https:\/\/i0.wp.com\/ismaelcolosi.com.br\/wp-content\/uploads\/2024\/03\/AnyConv.com__hc-ue-ribeirao-preto.gif?fit=1200%2C900&ssl=1&resize=350%2C200","width":350,"height":200,"srcset":"https:\/\/i0.wp.com\/ismaelcolosi.com.br\/wp-content\/uploads\/2024\/03\/AnyConv.com__hc-ue-ribeirao-preto.gif?fit=1200%2C900&ssl=1&resize=350%2C200 1x, https:\/\/i0.wp.com\/ismaelcolosi.com.br\/wp-content\/uploads\/2024\/03\/AnyConv.com__hc-ue-ribeirao-preto.gif?fit=1200%2C900&ssl=1&resize=525%2C300 1.5x, https:\/\/i0.wp.com\/ismaelcolosi.com.br\/wp-content\/uploads\/2024\/03\/AnyConv.com__hc-ue-ribeirao-preto.gif?fit=1200%2C900&ssl=1&resize=700%2C400 2x, https:\/\/i0.wp.com\/ismaelcolosi.com.br\/wp-content\/uploads\/2024\/03\/AnyConv.com__hc-ue-ribeirao-preto.gif?fit=1200%2C900&ssl=1&resize=1050%2C600 3x"},"classes":[]},{"id":63536,"url":"https:\/\/ismaelcolosi.com.br\/index.php\/2024\/09\/02\/prefeitura-de-ribeirao-preto-abre-concurso-publico-com-salarios-de-r-7-mil\/","url_meta":{"origin":15219,"position":3},"title":"Prefeitura de Ribeir\u00e3o Preto abre concurso p\u00fablico com sal\u00e1rios de R$ 7 mil","author":"ismaelcolosi.com.br","date":"2 de Setembro de 2024","format":false,"excerpt":"[ad_1] A Prefeitura de Ribeir\u00e3o Preto publicou edital de concurso p\u00fablico para o cargo de m\u00e9dico psiquiatra infantil. O concurso p\u00fablico tem uma vaga de ampla concorr\u00eancia e o sal\u00e1rio para o cargo \u00e9 de R$ 7.264,12, para 20 horas semanais. As inscri\u00e7\u00f5es devem ser realizadas no per\u00edodo entre 5\u2026","rel":"","context":"In &quot;Not\u00edcias de Ribeir\u00e3o Preto-SP e Regi\u00e3o&quot;","block_context":{"text":"Not\u00edcias de Ribeir\u00e3o Preto-SP e Regi\u00e3o","link":"https:\/\/ismaelcolosi.com.br\/index.php\/category\/noticias-de-ribeirao-preto-sp-e-regiao-ismael-colosi\/"},"img":{"alt_text":"","src":"https:\/\/i0.wp.com\/ismaelcolosi.com.br\/wp-content\/uploads\/2024\/09\/prova-concurso-publico-3.jpg?fit=1200%2C800&ssl=1&resize=350%2C200","width":350,"height":200,"srcset":"https:\/\/i0.wp.com\/ismaelcolosi.com.br\/wp-content\/uploads\/2024\/09\/prova-concurso-publico-3.jpg?fit=1200%2C800&ssl=1&resize=350%2C200 1x, https:\/\/i0.wp.com\/ismaelcolosi.com.br\/wp-content\/uploads\/2024\/09\/prova-concurso-publico-3.jpg?fit=1200%2C800&ssl=1&resize=525%2C300 1.5x, https:\/\/i0.wp.com\/ismaelcolosi.com.br\/wp-content\/uploads\/2024\/09\/prova-concurso-publico-3.jpg?fit=1200%2C800&ssl=1&resize=700%2C400 2x, https:\/\/i0.wp.com\/ismaelcolosi.com.br\/wp-content\/uploads\/2024\/09\/prova-concurso-publico-3.jpg?fit=1200%2C800&ssl=1&resize=1050%2C600 3x"},"classes":[]},{"id":7021,"url":"https:\/\/ismaelcolosi.com.br\/index.php\/2023\/11\/27\/usp-ribeirao-preto-abre-concurso-publico-com-salarios-de-r-14-mil-veja-como-participar\/","url_meta":{"origin":15219,"position":4},"title":"USP Ribeir\u00e3o Preto abre concurso p\u00fablico com sal\u00e1rios de R$ 14 mil; Veja como participar","author":"ismaelcolosi.com.br","date":"27 de Novembro de 2023","format":false,"excerpt":"[ad_1] A Escola de Enfermagem de Ribeir\u00e3o Preto da USP (Universidade de S\u00e3o Paulo) abriu concurso p\u00fablico para contrata\u00e7\u00e3o de professor doutor com sal\u00e1rios de R$ 14.761,02. O edital foi publicado na edi\u00e7\u00e3o desta segunda-feira (27) do Di\u00e1rio Oficial do Estado de S\u00e3o Paulo. As inscri\u00e7\u00f5es devem ser realizadas pela\u2026","rel":"","context":"In &quot;Not\u00edcias de Ribeir\u00e3o Preto-SP e Regi\u00e3o&quot;","block_context":{"text":"Not\u00edcias de Ribeir\u00e3o Preto-SP e Regi\u00e3o","link":"https:\/\/ismaelcolosi.com.br\/index.php\/category\/noticias-de-ribeirao-preto-sp-e-regiao-ismael-colosi\/"},"img":{"alt_text":"","src":"https:\/\/i0.wp.com\/ismaelcolosi.com.br\/wp-content\/uploads\/2023\/11\/1701100910_usp_ribeirao_500x320_26072019111611.jpg?fit=500%2C322&ssl=1&resize=350%2C200","width":350,"height":200},"classes":[]},{"id":20785,"url":"https:\/\/ismaelcolosi.com.br\/index.php\/2023\/12\/26\/rp-abre-concurso-publico-para-cargos-de-ensino-fundamental-medio-e-tecnico\/","url_meta":{"origin":15219,"position":5},"title":"RP abre concurso p\u00fablico para cargos de Ensino Fundamental, M\u00e9dio e T\u00e9cnico","author":"ismaelcolosi.com.br","date":"26 de Dezembro de 2023","format":false,"excerpt":"[ad_1] Destaque Empregos e Est\u00e1gios 26 de dezembro de 2023 | 14:0026 de dezembro de 2023 | 13:37 0A prefeitura de Ribeir\u00e3o Preto, por meio da Secretaria Municipal da Administra\u00e7\u00e3o, publicou, no Di\u00e1rio Oficial do Munic\u00edpio de sexta-feira, 22 de dezembro, o Edital n\u00ba06\/2023 para a realiza\u00e7\u00e3o de um novo\u2026","rel":"","context":"In &quot;Not\u00edcias de Ribeir\u00e3o Preto-SP e Regi\u00e3o&quot;","block_context":{"text":"Not\u00edcias de Ribeir\u00e3o Preto-SP e Regi\u00e3o","link":"https:\/\/ismaelcolosi.com.br\/index.php\/category\/noticias-de-ribeirao-preto-sp-e-regiao-ismael-colosi\/"},"img":{"alt_text":"","src":"https:\/\/i0.wp.com\/ismaelcolosi.com.br\/wp-content\/uploads\/2023\/12\/concurso1-scaled.jpeg?fit=968%2C645&ssl=1&resize=350%2C200","width":350,"height":200,"srcset":"https:\/\/i0.wp.com\/ismaelcolosi.com.br\/wp-content\/uploads\/2023\/12\/concurso1-scaled.jpeg?fit=968%2C645&ssl=1&resize=350%2C200 1x, https:\/\/i0.wp.com\/ismaelcolosi.com.br\/wp-content\/uploads\/2023\/12\/concurso1-scaled.jpeg?fit=968%2C645&ssl=1&resize=525%2C300 1.5x, https:\/\/i0.wp.com\/ismaelcolosi.com.br\/wp-content\/uploads\/2023\/12\/concurso1-scaled.jpeg?fit=968%2C645&ssl=1&resize=700%2C400 2x"},"classes":[]}],"jetpack_sharing_enabled":true,"jetpack_shortlink":"https:\/\/wp.me\/pfMlyK-3Xt","jetpack_featured_media_url":"https:\/\/i0.wp.com\/ismaelcolosi.com.br\/wp-content\/uploads\/2023\/12\/istock-871569792.jpg?fit=1200%2C638&ssl=1","_links":{"self":[{"href":"https:\/\/ismaelcolosi.com.br\/index.php\/wp-json\/wp\/v2\/posts\/15219","targetHints":{"allow":["GET"]}}],"collection":[{"href":"https:\/\/ismaelcolosi.com.br\/index.php\/wp-json\/wp\/v2\/posts"}],"about":[{"href":"https:\/\/ismaelcolosi.com.br\/index.php\/wp-json\/wp\/v2\/types\/post"}],"author":[{"embeddable":true,"href":"https:\/\/ismaelcolosi.com.br\/index.php\/wp-json\/wp\/v2\/users\/1"}],"replies":[{"embeddable":true,"href":"https:\/\/ismaelcolosi.com.br\/index.php\/wp-json\/wp\/v2\/comments?post=15219"}],"version-history":[{"count":0,"href":"https:\/\/ismaelcolosi.com.br\/index.php\/wp-json\/wp\/v2\/posts\/15219\/revisions"}],"wp:featuredmedia":[{"embeddable":true,"href":"https:\/\/ismaelcolosi.com.br\/index.php\/wp-json\/wp\/v2\/media\/15220"}],"wp:attachment":[{"href":"https:\/\/ismaelcolosi.com.br\/index.php\/wp-json\/wp\/v2\/media?parent=15219"}],"wp:term":[{"taxonomy":"category","embeddable":true,"href":"https:\/\/ismaelcolosi.com.br\/index.php\/wp-json\/wp\/v2\/categories?post=15219"},{"taxonomy":"post_tag","embeddable":true,"href":"https:\/\/ismaelcolosi.com.br\/index.php\/wp-json\/wp\/v2\/tags?post=15219"}],"curies":[{"name":"wp","href":"https:\/\/api.w.org\/{rel}","templated":true}]}}