{"id":15146,"date":"2023-12-13T06:09:38","date_gmt":"2023-12-13T09:09:38","guid":{"rendered":"https:\/\/ismaelcolosi.com.br\/index.php\/2023\/12\/13\/brotas-sp-tem-cachoeira-para-banho-contemplar-e-ate-escorregar\/"},"modified":"2023-12-13T06:09:38","modified_gmt":"2023-12-13T09:09:38","slug":"brotas-sp-tem-cachoeira-para-banho-contemplar-e-ate-escorregar","status":"publish","type":"post","link":"https:\/\/ismaelcolosi.com.br\/index.php\/2023\/12\/13\/brotas-sp-tem-cachoeira-para-banho-contemplar-e-ate-escorregar\/","title":{"rendered":"Brotas (SP) tem cachoeira para banho, contemplar e at\u00e9 escorregar"},"content":{"rendered":"<p> <br \/>\n<\/p>\n<div>\n<p>Contemplar uma cachoeira, absorvendo o barulhinho bom da queda da \u00e1gua e a natureza do entorno, \u00e9 descrito por muitos como um rem\u00e9dio para o estresse. N\u00e3o \u00e0 toa, visita\u00e7\u00e3o \u00e0s <a href=\"https:\/\/catracalivre.com.br\/agenda\/cachoeiras-para-curtir-em-sao-paulo\/\">cachoeiras<\/a> \u00e9 a atividade que os turistas mais realizam em Brotas (SP), na frente, inclusive, do rafting.<\/p>\n<p>As belas cascatas fazem do destino um destaque do ecoturismo. Mas o que nem todos os turistas sabem \u00e9 que em algumas, al\u00e9m de admirar e tomar banho, h\u00e1 outras atividades poss\u00edveis.<\/p>\n<div id=\"attachment_1997829\" class=\"wp-caption aligncenter\">\n<div class=\"d-flex justify-content-center\" data-attachment-id=\"1997829\">\n<div class=\"position-relative d-inline-block\"><img data-recalc-dims=\"1\" data-portal-copyright=\"Divulga\u00e7\u00e3o\" fetchpriority=\"high\" decoding=\"async\" class=\"wp-image-1997829 size-large\" src=\"https:\/\/i0.wp.com\/catracalivre.com.br\/wp-content\/uploads\/2019\/12\/cachoeira-escorregador-910x683.jpg?resize=910%2C683&#038;ssl=1\" alt=\"A Cachoeira do Escorregador lembra um tobog\u00e3\" width=\"910\" height=\"683\" srcset=\"https:\/\/catracalivre.com.br\/wp-content\/uploads\/2019\/12\/cachoeira-escorregador-910x683.jpg 910w, https:\/\/catracalivre.com.br\/wp-content\/uploads\/2019\/12\/cachoeira-escorregador-450x338.jpg 450w, https:\/\/catracalivre.com.br\/wp-content\/uploads\/2019\/12\/cachoeira-escorregador-768x576.jpg 768w\" sizes=\"(max-width: 910px) 100vw, 910px\"\/><\/p>\n<p>Cr\u00e9ditos: Divulga\u00e7\u00e3o<\/p>\n<\/div>\n<\/div>\n<p><span class=\"post-imagem__legenda\">A Cachoeira do Escorregador lembra um tobog\u00e3<\/span><\/p>\n<\/div>\n<p>Entre elas est\u00e3o hidromassagem natural e rapel, que \u00e9 uma atividade do turismo de aventura que requer treinamento.<\/p>\n<p>Mais f\u00e1cil, mas para quem quer emo\u00e7\u00e3o e tem coragem, a sugest\u00e3o \u00e9 acomodar-se em uma boia e deslizar sobre as pedras da Cachoeira do Escorregador embalado pela \u00e1gua, semelhante a um tobog\u00e3.<\/p>\n<p>Nesta cachoeira, a sequ\u00eancia de pedras em desn\u00edvel por onde a \u00e1gua corre \u00e9 de cerca de 80 metros de extens\u00e3o. A primeira parte tem cerca de 30 metros de extens\u00e3o por 20 de largura. \u00c9 onde fica o trecho indicado para escorregar, de cerca de 15 metros de extens\u00e3o, e ao final cair em uma piscina natural de profundidade m\u00e9dia de dois metros. A segunda parte \u00e9 s\u00f3 para contempla\u00e7\u00e3o e banho: uma queda de 7 metros de altura que forma piscina de 1,20 metro.<\/p>\n<div id=\"attachment_1997833\" class=\"wp-caption aligncenter\">\n<div class=\"d-flex justify-content-center\" data-attachment-id=\"1997833\">\n<div class=\"position-relative d-inline-block\"><img data-recalc-dims=\"1\" loading=\"lazy\" data-portal-copyright=\"Brotas Online\" decoding=\"async\" class=\"size-large wp-image-1997833\" src=\"https:\/\/i0.wp.com\/catracalivre.com.br\/wp-content\/uploads\/2019\/12\/cachoeira-veu-de-noiva-no-astor-credito-brotas-online-910x607.jpg?resize=910%2C607&#038;ssl=1\" alt=\"Cachoeira V\u00e9u de Noiva, no Astor\" width=\"910\" height=\"607\" srcset=\"https:\/\/catracalivre.com.br\/wp-content\/uploads\/2019\/12\/cachoeira-veu-de-noiva-no-astor-credito-brotas-online-910x607.jpg 910w, https:\/\/catracalivre.com.br\/wp-content\/uploads\/2019\/12\/cachoeira-veu-de-noiva-no-astor-credito-brotas-online-450x300.jpg 450w, https:\/\/catracalivre.com.br\/wp-content\/uploads\/2019\/12\/cachoeira-veu-de-noiva-no-astor-credito-brotas-online-768x512.jpg 768w\" sizes=\"auto, (max-width: 910px) 100vw, 910px\"\/><\/p>\n<p>Cr\u00e9ditos: Brotas Online<\/p>\n<\/div>\n<\/div>\n<p><span class=\"post-imagem__legenda\">Cachoeira V\u00e9u de Noiva, no Astor<\/span><\/p>\n<\/div>\n<p>A trilha de acesso \u00e9 curta e f\u00e1cil, poss\u00edvel ser feita com toda a fam\u00edlia, conta Celso Francisco Chauvino, propriet\u00e1rio da fazenda onde fica a atra\u00e7\u00e3o tur\u00edstica. Com estrutura de lanchonete, camping, quiosques para churrasco e tirolesa, \u00e9 local para day use com emo\u00e7\u00e3o.<\/p>\n<p>Para quem busca cachoeira r\u00fastica, em que a atra\u00e7\u00e3o \u00e9 somente a natureza, a indica\u00e7\u00e3o \u00e9 a do Astor. A trilha de acesso \u00e9 curta e de grau de dificuldade f\u00e1cil. Localizada dentro de uma fazenda, \u00e9 considerada por muitos como uma joia por sua bela queda de 28 metros.<\/p>\n<h2>Cachoeiras de Brotas apenas para visita\u00e7\u00e3o<\/h2>\n<p>Tamb\u00e9m tem cachoeira aberta \u00e0 visita\u00e7\u00e3o o ecoparque Viva Brotas. L\u00e1, a atra\u00e7\u00e3o \u00e9 a Santa Eul\u00e1lia, com 47 metros de queda e trilha m\u00e9dia e de n\u00edvel de dificuldade f\u00e1cil. E h\u00e1 em Brotas s\u00edtios tur\u00edsticos que d\u00e3o acesso a mais de uma cascata.<\/p>\n<div id=\"attachment_1997830\" class=\"wp-caption aligncenter\">\n<div class=\"d-flex justify-content-center\" data-attachment-id=\"1997830\">\n<div class=\"position-relative d-inline-block\"><img data-recalc-dims=\"1\" loading=\"lazy\" data-portal-copyright=\"Divulga\u00e7\u00e3o\" decoding=\"async\" class=\"wp-image-1997830 size-large\" src=\"https:\/\/i0.wp.com\/catracalivre.com.br\/wp-content\/uploads\/2019\/12\/cachoeira-santa-eulalia-brotas-3-910x607.jpg?resize=910%2C607&#038;ssl=1\" alt=\"A cachoeira Santa Eul\u00e1lia tem 47 metros de queda d\u2019\u00e1gua\" width=\"910\" height=\"607\" srcset=\"https:\/\/catracalivre.com.br\/wp-content\/uploads\/2019\/12\/cachoeira-santa-eulalia-brotas-3-910x607.jpg 910w, https:\/\/catracalivre.com.br\/wp-content\/uploads\/2019\/12\/cachoeira-santa-eulalia-brotas-3-450x300.jpg 450w, https:\/\/catracalivre.com.br\/wp-content\/uploads\/2019\/12\/cachoeira-santa-eulalia-brotas-3-768x512.jpg 768w\" sizes=\"auto, (max-width: 910px) 100vw, 910px\"\/><\/p>\n<p>Cr\u00e9ditos: Divulga\u00e7\u00e3o<\/p>\n<\/div>\n<\/div>\n<p><span class=\"post-imagem__legenda\">A cachoeira Santa Eul\u00e1lia tem 47 metros de queda d\u2019\u00e1gua<\/span><\/p>\n<\/div>\n<p>A Cachoeira do Martello, por exemplo, \u00e9 um local com duas quedas: a do Martello e a Primavera, ambas com trilha de grau de dificuldade f\u00e1cil. O Ecoparque Cassorova tamb\u00e9m tem duas cachoeiras.<\/p>\n<p>Uma, que leva o nome da propriedade, \u00e9 considerada a mais bonita de S\u00e3o Paulo e a \u00fanica de Brotas que tem duas quedas. A segunda, a dos Quatis, tem uma trilha mais longa por meio da mata com n\u00edvel de dificuldade moderada.<\/p>\n<div id=\"attachment_1997831\" class=\"wp-caption aligncenter\">\n<div class=\"d-flex justify-content-center\" data-attachment-id=\"1997831\">\n<div class=\"position-relative d-inline-block\"><img data-recalc-dims=\"1\" data-portal-copyright=\"Brotas Online\" loading=\"lazy\" decoding=\"async\" class=\"size-large wp-image-1997831\" src=\"https:\/\/i0.wp.com\/catracalivre.com.br\/wp-content\/uploads\/2019\/12\/cachoeira-cassorova-brotas-credito-brotas-online-910x607.jpg?resize=910%2C607&#038;ssl=1\" alt=\"Cachoeira Cassorova, uma das mais bonitas de Brotas\" width=\"910\" height=\"607\" srcset=\"https:\/\/catracalivre.com.br\/wp-content\/uploads\/2019\/12\/cachoeira-cassorova-brotas-credito-brotas-online-910x607.jpg 910w, https:\/\/catracalivre.com.br\/wp-content\/uploads\/2019\/12\/cachoeira-cassorova-brotas-credito-brotas-online-450x300.jpg 450w, https:\/\/catracalivre.com.br\/wp-content\/uploads\/2019\/12\/cachoeira-cassorova-brotas-credito-brotas-online-768x512.jpg 768w\" sizes=\"auto, (max-width: 910px) 100vw, 910px\"\/><\/p>\n<p>Cr\u00e9ditos: Brotas Online<\/p>\n<\/div>\n<\/div>\n<p><span class=\"post-imagem__legenda\">Cachoeira Cassorova, uma das mais bonitas de Brotas<\/span><\/p>\n<\/div>\n<p>No Recanto das Cachoeiras, o turista pode visitar a Santo Antonio, com trilha curta e f\u00e1cil que, inclusive, \u00e9 acess\u00edvel a cadeirante, e a Roseira, com trilha m\u00e9dia e e de n\u00edvel de dificuldade moderado. J\u00e1 no s\u00edtio Tr\u00eas Quedas, o turista encontra tr\u00eas cachoeiras: das Andorinhas, da Figueira e das Nascentes, todas de f\u00e1cil acesso.<\/p>\n<p>No Ecoparque Jacar\u00e9 s\u00e3o quatro cachoeiras: Patrim\u00f4nio, Jacar\u00e9, Meninas (acess\u00edvel somente de quadriciclo) e S\u00e3o Sebasti\u00e3o para quem faz a trilha do c\u00e2nion Jacar\u00e9.<\/p>\n<div id=\"attachment_1997832\" class=\"wp-caption aligncenter\">\n<div class=\"d-flex justify-content-center\" data-attachment-id=\"1997832\">\n<div class=\"position-relative d-inline-block\"><img data-recalc-dims=\"1\" data-portal-copyright=\"Divulga\u00e7\u00e3o\" loading=\"lazy\" decoding=\"async\" class=\"wp-image-1997832 size-large\" src=\"https:\/\/i0.wp.com\/catracalivre.com.br\/wp-content\/uploads\/2019\/12\/cachoeira-cristal-910x607.jpg?resize=910%2C607&#038;ssl=1\" alt=\"A cachoeira Cristal fica dentro de uma fazenda\" width=\"910\" height=\"607\" srcset=\"https:\/\/catracalivre.com.br\/wp-content\/uploads\/2019\/12\/cachoeira-cristal-910x607.jpg 910w, https:\/\/catracalivre.com.br\/wp-content\/uploads\/2019\/12\/cachoeira-cristal-450x300.jpg 450w, https:\/\/catracalivre.com.br\/wp-content\/uploads\/2019\/12\/cachoeira-cristal-768x512.jpg 768w\" sizes=\"auto, (max-width: 910px) 100vw, 910px\"\/><\/p>\n<p>Cr\u00e9ditos: Divulga\u00e7\u00e3o<\/p>\n<\/div>\n<\/div>\n<p><span class=\"post-imagem__legenda\">A cachoeira Cristal fica dentro de uma fazenda<\/span><\/p>\n<\/div>\n<p>E h\u00e1 cachoeiras em que a visita\u00e7\u00e3o \u00e9 poss\u00edvel apenas mediante a aquisi\u00e7\u00e3o de passeio em ag\u00eancia do turismo de aventura de Brotas, o que as torna mais exclusivas.<\/p>\n<p>\u00c9 o caso da Santa Maria, com uma queda de 65 metros de altura, acess\u00edvel por trilha sob mata fechada de n\u00edvel moderado de dificuldade, e a Cristal, dentro de uma fazenda com trilha f\u00e1cil que corta um c\u00f3rrego duas vezes.<\/p>\n<p>O passeio para est\u00e1 \u00faltima cachoeira inclui, al\u00e9m de transporte, duas tirolesas, as mais extensas de Brotas \u2013de 1.800 metros e de 1.900 metros. Outra cascata exclusiva \u00e9 a da Frangipani\u00a0 Hotel Boutique, aberta \u00e0 visita\u00e7\u00e3o somente dos h\u00f3spedes da pousada.<\/p>\n<div id=\"attachment_1997834\" class=\"wp-caption aligncenter\">\n<div class=\"d-flex justify-content-center\" data-attachment-id=\"1997834\">\n<div class=\"position-relative d-inline-block\"><img data-recalc-dims=\"1\" data-portal-copyright=\"Divulga\u00e7\u00e3o\" loading=\"lazy\" decoding=\"async\" class=\"size-large wp-image-1997834\" src=\"https:\/\/i0.wp.com\/catracalivre.com.br\/wp-content\/uploads\/2019\/12\/cachoeira-roseira-recanto-das-cachoeiras-910x605.jpg?resize=910%2C605&#038;ssl=1\" alt=\"Cachoeira Roseira, no Recanto das Cachoeiras\" width=\"910\" height=\"605\" srcset=\"https:\/\/catracalivre.com.br\/wp-content\/uploads\/2019\/12\/cachoeira-roseira-recanto-das-cachoeiras-910x605.jpg 910w, https:\/\/catracalivre.com.br\/wp-content\/uploads\/2019\/12\/cachoeira-roseira-recanto-das-cachoeiras-450x299.jpg 450w, https:\/\/catracalivre.com.br\/wp-content\/uploads\/2019\/12\/cachoeira-roseira-recanto-das-cachoeiras-768x511.jpg 768w\" sizes=\"auto, (max-width: 910px) 100vw, 910px\"\/><\/p>\n<p>Cr\u00e9ditos: Divulga\u00e7\u00e3o<\/p>\n<\/div>\n<\/div>\n<p><span class=\"post-imagem__legenda\">Cachoeira Roseira, no Recanto das Cachoeiras<\/span><\/p>\n<\/div>\n<p>H\u00e1, ainda, as cachoeiras do S\u00edtio 7 Quedas. L\u00e1, s\u00e3o tr\u00eas cascatas: Bela Vista (25 metros), Coqueiros (18 metros) e Macacos (35 metros) que est\u00e3o, momentaneamente, fechadas \u00e0 visita\u00e7\u00e3o.<\/p>\n<p>O s\u00edtio est\u00e1 passando por melhorias, como a instala\u00e7\u00e3o de decks, e a previs\u00e3o \u00e9 reabrir ao p\u00fablico ao final do primeiro semestre de 2020. Na \u00e1rea urbana, no Parque dos Saltos, as corredeiras do Rio Jacar\u00e9-Pepira formam v\u00e1rias cascatas e o espa\u00e7o \u00e9 aberto ao p\u00fablico gratuitamente.<\/p>\n<p>Cada cocheira tem um atrativo e um charme espec\u00edfico. \u00c9 escolher e curtir. At\u00e9 por isso, Brotas, merece muito mais que um dia de passeio.<\/p>\n<\/div>\n<p><script>\n\t\t! function(f, b, e, v, n, t, s) {\n\t\t\tif (f.fbq) return;\n\t\t\tn = f.fbq = function() {\n\t\t\t\tn.callMethod ?\n\t\t\t\t\tn.callMethod.apply(n, arguments) : n.queue.push(arguments)\n\t\t\t};\n\t\t\tif (!f._fbq) f._fbq = n;\n\t\t\tn.push = n;\n\t\t\tn.loaded = !0;\n\t\t\tn.version = '2.0';\n\t\t\tn.queue = [];\n\t\t\tt = b.createElement(e);\n\t\t\tt.async = !0;\n\t\t\tt.src = v;\n\t\t\ts = b.getElementsByTagName(e)[0];\n\t\t\ts.parentNode.insertBefore(t, s)\n\t\t}(window, document, 'script',\n\t\t\t'https:\/\/connect.facebook.net\/en_US\/fbevents.js');\n\t\tfbq('init', '338315473262380');\n\t\tfbq('track', 'PageView');\n\t<\/script><br \/>\n<br \/><br \/>\n<br \/><a href=\"https:\/\/catracalivre.com.br\/viagem-livre\/brotas-sp-tem-cachoeira-para-banho-contemplar-e-ate-escorregar\/\">Source link <\/a><\/p>\n<div class='code-block code-block-4' style='margin: 8px auto 8px 0; text-align: left; display: block; clear: both;'>\n\ud83d\udce2 Aviso Legal\n\nO site ismaelcolosi.com.br atua apenas como um canal de divulga\u00e7\u00e3o de oportunidades de emprego e n\u00e3o se responsabiliza pelo processo seletivo, contrata\u00e7\u00e3o ou qualquer outra etapa relacionada \u00e0s vagas publicadas. Todas as informa\u00e7\u00f5es s\u00e3o de responsabilidade dos anunciantes.\n\n\u26a0\ufe0f Aten\u00e7\u00e3o! Nunca pague por promessas de emprego nem compre cursos que garantam contrata\u00e7\u00e3o. Desconfie de qualquer cobran\u00e7a para participar de sele\u00e7\u00f5es.\n\n\n\n<\/div>\n<!-- CONTENT END 1 -->\n","protected":false},"excerpt":{"rendered":"<p>Contemplar uma cachoeira, absorvendo o barulhinho bom da queda da \u00e1gua e a natureza do entorno, \u00e9 descrito por muitos como um rem\u00e9dio para o&#8230;<\/p>\n","protected":false},"author":1,"featured_media":15147,"comment_status":"open","ping_status":"open","sticky":false,"template":"","format":"standard","meta":{"_uag_custom_page_level_css":"","advanced_seo_description":"","jetpack_seo_html_title":"","jetpack_seo_noindex":false,"jetpack_post_was_ever_published":false,"_jetpack_newsletter_access":"","_jetpack_dont_email_post_to_subs":false,"_jetpack_newsletter_tier_id":0,"_jetpack_memberships_contains_paywalled_content":false,"_jetpack_memberships_contains_paid_content":false,"footnotes":"","jetpack_publicize_message":"","jetpack_publicize_feature_enabled":true,"jetpack_social_post_already_shared":true,"jetpack_social_options":{"image_generator_settings":{"template":"highway","default_image_id":0,"font":"","enabled":false},"version":2}},"categories":[19],"tags":[],"class_list":["post-15146","post","type-post","status-publish","format-standard","has-post-thumbnail","hentry","category-variedades"],"jetpack_publicize_connections":[],"jetpack_featured_media_url":"https:\/\/i0.wp.com\/ismaelcolosi.com.br\/wp-content\/uploads\/2023\/12\/cachoeira-roseira-recanto-das-cachoeiras.jpg?fit=1200%2C638&ssl=1","uagb_featured_image_src":{"full":["https:\/\/i0.wp.com\/ismaelcolosi.com.br\/wp-content\/uploads\/2023\/12\/cachoeira-roseira-recanto-das-cachoeiras.jpg?fit=1200%2C638&ssl=1",1200,638,false],"thumbnail":["https:\/\/i0.wp.com\/ismaelcolosi.com.br\/wp-content\/uploads\/2023\/12\/cachoeira-roseira-recanto-das-cachoeiras.jpg?resize=150%2C150&ssl=1",150,150,true],"medium":["https:\/\/i0.wp.com\/ismaelcolosi.com.br\/wp-content\/uploads\/2023\/12\/cachoeira-roseira-recanto-das-cachoeiras.jpg?fit=300%2C160&ssl=1",300,160,true],"medium_large":["https:\/\/i0.wp.com\/ismaelcolosi.com.br\/wp-content\/uploads\/2023\/12\/cachoeira-roseira-recanto-das-cachoeiras.jpg?fit=768%2C408&ssl=1",768,408,true],"large":["https:\/\/i0.wp.com\/ismaelcolosi.com.br\/wp-content\/uploads\/2023\/12\/cachoeira-roseira-recanto-das-cachoeiras.jpg?fit=1024%2C544&ssl=1",1024,544,true],"1536x1536":["https:\/\/i0.wp.com\/ismaelcolosi.com.br\/wp-content\/uploads\/2023\/12\/cachoeira-roseira-recanto-das-cachoeiras.jpg?fit=1200%2C638&ssl=1",1200,638,true],"2048x2048":["https:\/\/i0.wp.com\/ismaelcolosi.com.br\/wp-content\/uploads\/2023\/12\/cachoeira-roseira-recanto-das-cachoeiras.jpg?fit=1200%2C638&ssl=1",1200,638,true],"really-simple-thumb":["https:\/\/i0.wp.com\/ismaelcolosi.com.br\/wp-content\/uploads\/2023\/12\/cachoeira-roseira-recanto-das-cachoeiras.jpg?resize=370%2C247&ssl=1",370,247,true]},"uagb_author_info":{"display_name":"ismaelcolosi.com.br","author_link":"https:\/\/ismaelcolosi.com.br\/index.php\/author\/vidareal-online\/"},"uagb_comment_info":0,"uagb_excerpt":"Contemplar uma cachoeira, absorvendo o barulhinho bom da queda da \u00e1gua e a natureza do entorno, \u00e9 descrito por muitos como um rem\u00e9dio para o...","jetpack-related-posts":[{"id":15199,"url":"https:\/\/ismaelcolosi.com.br\/index.php\/2023\/12\/13\/10-destinos-para-curtir-os-dias-quentes-do-verao-perto-de-sp\/","url_meta":{"origin":15146,"position":0},"title":"10 destinos para curtir os dias quentes do ver\u00e3o perto de SP","author":"ismaelcolosi.com.br","date":"13 de December de 2023","format":false,"excerpt":"Esta\u00e7\u00e3o mais aguardada pela maioria dos brasileiros, o ver\u00e3o come\u00e7a oficialmente no dia 22 de dezembro. Mas os dias ensolarados das \u00faltimas semanas j\u00e1 d\u00e3o uma pr\u00e9via de como ser\u00e1 a esta\u00e7\u00e3o. Para voc\u00ea que procura por op\u00e7\u00f5es para curtir as os dias ensolarados com a fam\u00edlia ou amigos perto\u2026","rel":"","context":"In &quot;Variedades&quot;","block_context":{"text":"Variedades","link":"https:\/\/ismaelcolosi.com.br\/index.php\/category\/variedades\/"},"img":{"alt_text":"","src":"https:\/\/i0.wp.com\/ismaelcolosi.com.br\/wp-content\/uploads\/2023\/12\/embu-das-artes-rua-scaled.jpg?fit=1200%2C638&ssl=1&resize=350%2C200","width":350,"height":200,"srcset":"https:\/\/i0.wp.com\/ismaelcolosi.com.br\/wp-content\/uploads\/2023\/12\/embu-das-artes-rua-scaled.jpg?fit=1200%2C638&ssl=1&resize=350%2C200 1x, https:\/\/i0.wp.com\/ismaelcolosi.com.br\/wp-content\/uploads\/2023\/12\/embu-das-artes-rua-scaled.jpg?fit=1200%2C638&ssl=1&resize=525%2C300 1.5x, https:\/\/i0.wp.com\/ismaelcolosi.com.br\/wp-content\/uploads\/2023\/12\/embu-das-artes-rua-scaled.jpg?fit=1200%2C638&ssl=1&resize=700%2C400 2x, https:\/\/i0.wp.com\/ismaelcolosi.com.br\/wp-content\/uploads\/2023\/12\/embu-das-artes-rua-scaled.jpg?fit=1200%2C638&ssl=1&resize=1050%2C600 3x"},"classes":[]},{"id":21709,"url":"https:\/\/ismaelcolosi.com.br\/index.php\/2023\/12\/28\/socorro-sp-e-destino-ideal-para-se-refrescar-no-calor\/","url_meta":{"origin":15146,"position":1},"title":"Socorro (SP) \u00e9 destino ideal para se refrescar no calor","author":"ismaelcolosi.com.br","date":"28 de December de 2023","format":false,"excerpt":"A Est\u00e2ncia Hidromineral de Socorro, localizada no Circuito das \u00c1guas Paulista, \u00e9 destino ideal para se refrescar no ver\u00e3o, mas quer fugir da muvuca do litoral. A cidade, que \u00e9 cortada pelo rio do Peixe, \u00e9 refer\u00eancia em atividades de aventura e ecoturismo \u2013tem cachoeiras, lagos e piscinas para lazer\u2026","rel":"","context":"In &quot;Variedades&quot;","block_context":{"text":"Variedades","link":"https:\/\/ismaelcolosi.com.br\/index.php\/category\/variedades\/"},"img":{"alt_text":"","src":"https:\/\/i0.wp.com\/ismaelcolosi.com.br\/wp-content\/uploads\/2023\/12\/mundaka-20.jpg?fit=1200%2C638&ssl=1&resize=350%2C200","width":350,"height":200,"srcset":"https:\/\/i0.wp.com\/ismaelcolosi.com.br\/wp-content\/uploads\/2023\/12\/mundaka-20.jpg?fit=1200%2C638&ssl=1&resize=350%2C200 1x, https:\/\/i0.wp.com\/ismaelcolosi.com.br\/wp-content\/uploads\/2023\/12\/mundaka-20.jpg?fit=1200%2C638&ssl=1&resize=525%2C300 1.5x, https:\/\/i0.wp.com\/ismaelcolosi.com.br\/wp-content\/uploads\/2023\/12\/mundaka-20.jpg?fit=1200%2C638&ssl=1&resize=700%2C400 2x, https:\/\/i0.wp.com\/ismaelcolosi.com.br\/wp-content\/uploads\/2023\/12\/mundaka-20.jpg?fit=1200%2C638&ssl=1&resize=1050%2C600 3x"},"classes":[]},{"id":13435,"url":"https:\/\/ismaelcolosi.com.br\/index.php\/2023\/12\/10\/10-atrativos-imperdiveis-para-conhecer-em-bonito-ms\/","url_meta":{"origin":15146,"position":2},"title":"10 atrativos imperd\u00edveis para conhecer em Bonito (MS)","author":"ismaelcolosi.com.br","date":"10 de December de 2023","format":false,"excerpt":"A cidade de Bonito (MS), considerada a capital brasileira do ecoturismo, e os munic\u00edpios vizinhos t\u00eam uma infinidade de passeios e paisagens deslumbrantes, de rios cristalinos e repletos de peixes a cavernas com piscinas naturais. Bonito oferece desde atividades radicais para os mais aventureiros, como tirolesas e mergulhos com cilindro,\u2026","rel":"","context":"In &quot;Variedades&quot;","block_context":{"text":"Variedades","link":"https:\/\/ismaelcolosi.com.br\/index.php\/category\/variedades\/"},"img":{"alt_text":"","src":"https:\/\/i0.wp.com\/ismaelcolosi.com.br\/wp-content\/uploads\/2023\/12\/abismo-anhumas-bonito.jpg?fit=1200%2C638&ssl=1&resize=350%2C200","width":350,"height":200,"srcset":"https:\/\/i0.wp.com\/ismaelcolosi.com.br\/wp-content\/uploads\/2023\/12\/abismo-anhumas-bonito.jpg?fit=1200%2C638&ssl=1&resize=350%2C200 1x, https:\/\/i0.wp.com\/ismaelcolosi.com.br\/wp-content\/uploads\/2023\/12\/abismo-anhumas-bonito.jpg?fit=1200%2C638&ssl=1&resize=525%2C300 1.5x, https:\/\/i0.wp.com\/ismaelcolosi.com.br\/wp-content\/uploads\/2023\/12\/abismo-anhumas-bonito.jpg?fit=1200%2C638&ssl=1&resize=700%2C400 2x, https:\/\/i0.wp.com\/ismaelcolosi.com.br\/wp-content\/uploads\/2023\/12\/abismo-anhumas-bonito.jpg?fit=1200%2C638&ssl=1&resize=1050%2C600 3x"},"classes":[]},{"id":22748,"url":"https:\/\/ismaelcolosi.com.br\/index.php\/2023\/12\/30\/litoral-de-sp-tem-153-praias-proprias-para-banho\/","url_meta":{"origin":15146,"position":3},"title":"litoral de SP tem 153 praias pr\u00f3prias para banho","author":"ismaelcolosi.com.br","date":"30 de December de 2023","format":false,"excerpt":"Turistas que forem passar a virada do ano no litoral de S\u00e3o Paulo v\u00e3o encontrar a maioria das praias com \u00e1guas pr\u00f3prias para banho de mar. Segundo boletim da Companhia Ambiental do Estado de S\u00e3o Paulo (Cetesb), divulgado nesta quinta-feira, 28, dos 177 pontos monitorados, 153 est\u00e3o com boas condi\u00e7\u00f5es\u2026","rel":"","context":"In &quot;Variedades&quot;","block_context":{"text":"Variedades","link":"https:\/\/ismaelcolosi.com.br\/index.php\/category\/variedades\/"},"img":{"alt_text":"","src":"https:\/\/i0.wp.com\/ismaelcolosi.com.br\/wp-content\/uploads\/2023\/12\/praia-do-felix-ubatuba.jpg?fit=1200%2C638&ssl=1&resize=350%2C200","width":350,"height":200,"srcset":"https:\/\/i0.wp.com\/ismaelcolosi.com.br\/wp-content\/uploads\/2023\/12\/praia-do-felix-ubatuba.jpg?fit=1200%2C638&ssl=1&resize=350%2C200 1x, https:\/\/i0.wp.com\/ismaelcolosi.com.br\/wp-content\/uploads\/2023\/12\/praia-do-felix-ubatuba.jpg?fit=1200%2C638&ssl=1&resize=525%2C300 1.5x, https:\/\/i0.wp.com\/ismaelcolosi.com.br\/wp-content\/uploads\/2023\/12\/praia-do-felix-ubatuba.jpg?fit=1200%2C638&ssl=1&resize=700%2C400 2x, https:\/\/i0.wp.com\/ismaelcolosi.com.br\/wp-content\/uploads\/2023\/12\/praia-do-felix-ubatuba.jpg?fit=1200%2C638&ssl=1&resize=1050%2C600 3x"},"classes":[]},{"id":16830,"url":"https:\/\/ismaelcolosi.com.br\/index.php\/2023\/12\/16\/sao-sebastiao-sp-guarda-lugares-ainda-pouco-explorados\/","url_meta":{"origin":15146,"position":4},"title":"S\u00e3o Sebasti\u00e3o (SP) guarda lugares ainda pouco explorados","author":"ismaelcolosi.com.br","date":"16 de December de 2023","format":false,"excerpt":"S\u00e3o Sebasti\u00e3o \u00e9 uma das cidades costeiras mais encantadoras do litoral norte de SP. S\u00e3o mais de 50 praias, enseadas e ilhas emolduradas pelo encontro da Mata Atl\u00e2ntica com as areias brancas e o azul do mar. Da praia de Borac\u00e9ia, na divisa com Bertioga, at\u00e9 a Enseada, limite com\u2026","rel":"","context":"In &quot;Variedades&quot;","block_context":{"text":"Variedades","link":"https:\/\/ismaelcolosi.com.br\/index.php\/category\/variedades\/"},"img":{"alt_text":"","src":"https:\/\/i0.wp.com\/ismaelcolosi.com.br\/wp-content\/uploads\/2023\/12\/sao-sebasatiao-mirante-barra-do-una-foto-ale-suplicy.jpg?fit=1200%2C638&ssl=1&resize=350%2C200","width":350,"height":200,"srcset":"https:\/\/i0.wp.com\/ismaelcolosi.com.br\/wp-content\/uploads\/2023\/12\/sao-sebasatiao-mirante-barra-do-una-foto-ale-suplicy.jpg?fit=1200%2C638&ssl=1&resize=350%2C200 1x, https:\/\/i0.wp.com\/ismaelcolosi.com.br\/wp-content\/uploads\/2023\/12\/sao-sebasatiao-mirante-barra-do-una-foto-ale-suplicy.jpg?fit=1200%2C638&ssl=1&resize=525%2C300 1.5x, https:\/\/i0.wp.com\/ismaelcolosi.com.br\/wp-content\/uploads\/2023\/12\/sao-sebasatiao-mirante-barra-do-una-foto-ale-suplicy.jpg?fit=1200%2C638&ssl=1&resize=700%2C400 2x, https:\/\/i0.wp.com\/ismaelcolosi.com.br\/wp-content\/uploads\/2023\/12\/sao-sebasatiao-mirante-barra-do-una-foto-ale-suplicy.jpg?fit=1200%2C638&ssl=1&resize=1050%2C600 3x"},"classes":[]},{"id":17371,"url":"https:\/\/ismaelcolosi.com.br\/index.php\/2023\/12\/18\/nova-rota-turistica-abriga-a-maior-cachoeira-acessivel-do-brasil\/","url_meta":{"origin":15146,"position":5},"title":"Nova rota tur\u00edstica abriga a maior cachoeira acess\u00edvel do Brasil","author":"ismaelcolosi.com.br","date":"18 de December de 2023","format":false,"excerpt":"A maior cachoeira acess\u00edvel do pa\u00eds, a maior praia artificial da Am\u00e9rica do Sul e a Gruta dos Milagres. Estes s\u00e3o alguns dos atrativos da rota tur\u00edstica Regi\u00e3o Encantos do Planalto Central, em Goi\u00e1s. O roteiro re\u00fane oito munic\u00edpios pr\u00f3ximos ao Distrito Federal: Abadi\u00e2nia, Alex\u00e2nia, Cristalina, Formosa, Luzi\u00e2nia, Novo Gama,\u2026","rel":"","context":"In &quot;Variedades&quot;","block_context":{"text":"Variedades","link":"https:\/\/ismaelcolosi.com.br\/index.php\/category\/variedades\/"},"img":{"alt_text":"","src":"https:\/\/i0.wp.com\/ismaelcolosi.com.br\/wp-content\/uploads\/2023\/12\/salto-do-itiquira-4.jpg?fit=1200%2C638&ssl=1&resize=350%2C200","width":350,"height":200,"srcset":"https:\/\/i0.wp.com\/ismaelcolosi.com.br\/wp-content\/uploads\/2023\/12\/salto-do-itiquira-4.jpg?fit=1200%2C638&ssl=1&resize=350%2C200 1x, https:\/\/i0.wp.com\/ismaelcolosi.com.br\/wp-content\/uploads\/2023\/12\/salto-do-itiquira-4.jpg?fit=1200%2C638&ssl=1&resize=525%2C300 1.5x, https:\/\/i0.wp.com\/ismaelcolosi.com.br\/wp-content\/uploads\/2023\/12\/salto-do-itiquira-4.jpg?fit=1200%2C638&ssl=1&resize=700%2C400 2x, https:\/\/i0.wp.com\/ismaelcolosi.com.br\/wp-content\/uploads\/2023\/12\/salto-do-itiquira-4.jpg?fit=1200%2C638&ssl=1&resize=1050%2C600 3x"},"classes":[]}],"jetpack_sharing_enabled":true,"jetpack_shortlink":"https:\/\/wp.me\/pfMlyK-3Wi","_links":{"self":[{"href":"https:\/\/ismaelcolosi.com.br\/index.php\/wp-json\/wp\/v2\/posts\/15146","targetHints":{"allow":["GET"]}}],"collection":[{"href":"https:\/\/ismaelcolosi.com.br\/index.php\/wp-json\/wp\/v2\/posts"}],"about":[{"href":"https:\/\/ismaelcolosi.com.br\/index.php\/wp-json\/wp\/v2\/types\/post"}],"author":[{"embeddable":true,"href":"https:\/\/ismaelcolosi.com.br\/index.php\/wp-json\/wp\/v2\/users\/1"}],"replies":[{"embeddable":true,"href":"https:\/\/ismaelcolosi.com.br\/index.php\/wp-json\/wp\/v2\/comments?post=15146"}],"version-history":[{"count":0,"href":"https:\/\/ismaelcolosi.com.br\/index.php\/wp-json\/wp\/v2\/posts\/15146\/revisions"}],"wp:featuredmedia":[{"embeddable":true,"href":"https:\/\/ismaelcolosi.com.br\/index.php\/wp-json\/wp\/v2\/media\/15147"}],"wp:attachment":[{"href":"https:\/\/ismaelcolosi.com.br\/index.php\/wp-json\/wp\/v2\/media?parent=15146"}],"wp:term":[{"taxonomy":"category","embeddable":true,"href":"https:\/\/ismaelcolosi.com.br\/index.php\/wp-json\/wp\/v2\/categories?post=15146"},{"taxonomy":"post_tag","embeddable":true,"href":"https:\/\/ismaelcolosi.com.br\/index.php\/wp-json\/wp\/v2\/tags?post=15146"}],"curies":[{"name":"wp","href":"https:\/\/api.w.org\/{rel}","templated":true}]}}