{"id":15134,"date":"2023-12-13T05:26:13","date_gmt":"2023-12-13T08:26:13","guid":{"rendered":"https:\/\/ismaelcolosi.com.br\/index.php\/2023\/12\/13\/concurso-publico-da-pge-tem-remuneracao-de-r-33-924-mensais\/"},"modified":"2023-12-13T05:26:13","modified_gmt":"2023-12-13T08:26:13","slug":"concurso-publico-da-pge-tem-remuneracao-de-r-33-924-mensais","status":"publish","type":"post","link":"https:\/\/ismaelcolosi.com.br\/index.php\/2023\/12\/13\/concurso-publico-da-pge-tem-remuneracao-de-r-33-924-mensais\/","title":{"rendered":"Concurso p\u00fablico da PGE tem remunera\u00e7\u00e3o de R$ 33.924 mensais"},"content":{"rendered":"<p> <br \/>\n<\/p>\n<div>\n<header class=\"header-do-post mb-3\">\n<div class=\"header-do-post__conteudo\">\n<h2 class=\"subtitulo-post\"\/>\n<div class=\"editorial-box pb-1\">\n<div class=\"meta-dados mb-0\">\n<p>\n<time class=\"data-do-post\"><br \/>\n<span>13 de dezembro de 2023 \u00e0s 05:19<\/span> <\/time>\n<\/p>\n<p>\n<span class=\"editorial-box__author d-inline-block\"><br \/>\nPor: Reda\u00e7\u00e3o <\/span>\n<\/p><div class='code-block code-block-8' style='margin: 8px auto; text-align: center; display: block; clear: both;'>\n<script>\n  atOptions = {\n    'key' : '66e2e2111ca34da796271819fc334058',\n    'format' : 'iframe',\n    'height' : 250,\n    'width' : 300,\n    'params' : {}\n  };\n<\/script>\n<script src=\"https:\/\/www.highperformanceformat.com\/66e2e2111ca34da796271819fc334058\/invoke.js\"><\/script>\n<\/div>\n\n<\/div>\n<\/div>\n<\/div>\n<\/header>\n<div id=\"attachment_2327311\" class=\"wp-caption alignnone\">\n<div class=\"d-flex justify-content-center\" data-attachment-id=\"2327311\">\n<div class=\"position-relative d-inline-block\"><img data-recalc-dims=\"1\" data-portal-copyright=\"IStock\" fetchpriority=\"high\" decoding=\"async\" class=\"size-medium wp-image-2327311\" src=\"https:\/\/i0.wp.com\/catracalivre.com.br\/wp-content\/uploads\/2023\/12\/istock-1356636065-450x301.jpg?resize=450%2C301&#038;ssl=1\" alt=\"Concurso P\u00fablico da PGE\" width=\"450\" height=\"301\" srcset=\"https:\/\/catracalivre.com.br\/wp-content\/uploads\/2023\/12\/istock-1356636065-450x301.jpg 450w, https:\/\/catracalivre.com.br\/wp-content\/uploads\/2023\/12\/istock-1356636065-910x608.jpg 910w, https:\/\/catracalivre.com.br\/wp-content\/uploads\/2023\/12\/istock-1356636065-768x513.jpg 768w, https:\/\/catracalivre.com.br\/wp-content\/uploads\/2023\/12\/istock-1356636065.jpg 1253w\" sizes=\"(max-width: 450px) 100vw, 450px\"\/><\/p>\n<p>Cr\u00e9ditos: IStock<\/p>\n<\/div>\n<\/div>\n<p><span class=\"post-imagem__legenda\">Concurso P\u00fablico da PGE<\/span><\/p>\n<\/div>\n<p>A Procuradoria Geral do Estado do Rio Grande do Norte (PGE RN) anuncia edital de n\u00ba 1-PGE\/RN\/2023 para <a href=\"https:\/\/catracalivre.com.br\/carreira\/7-concursos-publicos-para-quem-quer-viver-no-nordeste\/\">concurso<\/a> p\u00fablico, com o prop\u00f3sito de preencher\u00a019 cargos\u00a0de Procurador do Estado de Terceira Classe, al\u00e9m daqueles postos que vierem a vagar ao longo da validade do concurso.<\/p>\n<p>A remunera\u00e7\u00e3o oferecida aos selecionados em <a href=\"https:\/\/catracalivre.com.br\/cidadania\/lei-permite-amamentacao-durante-provas\/\">concurso<\/a> p\u00fablico \u00e9 de\u00a0R$ 33.924,93, com jornada de 40 horas semanais.<\/p>\n<p>O cargo de\u00a0Procurador do Estado de Terceira Classe\u00a0tem como principal rotina di\u00e1ria o exerc\u00edcio da representa\u00e7\u00e3o judicial e a consultoria\u00a0jur\u00eddica\u00a0do Estado do Rio Grande do Norte, de suas Autarquias e suas Funda\u00e7\u00f5es P\u00fablicas.<\/p>\n<p>As inscri\u00e7\u00f5es devem ser realizadas atrav\u00e9s do <a href=\"https:\/\/www.cebraspe.org.br\/concursos\/\">site<\/a> oficial at\u00e9 \u00e0s 18h do dia 19 de dezembro de 2023. A inscri\u00e7\u00e3o preliminar custa R$ 300,00<\/p>\n<div class=\"partner d-flex rounded shadow-sm p-2 mb-3 align-items-center\" id=\"partner\" data-print=\"ignore\">\n<div class=\"image mr-2\">\n<img data-recalc-dims=\"1\" src=\"https:\/\/i0.wp.com\/robohash.org\/b730afd4cf5c5d237c7f93163ed023b6.png?resize=110%2C110&#038;ssl=1\" width=\"110\" height=\"110\" title=\"Thatyana Costa\" loading=\"lazy\" decoding=\"async\" class=\"rounded-circle\"\/>\n<\/div>\n<\/div>\n<\/div>\n<p><script>\n\t\t! function(f, b, e, v, n, t, s) {\n\t\t\tif (f.fbq) return;\n\t\t\tn = f.fbq = function() {\n\t\t\t\tn.callMethod ?\n\t\t\t\t\tn.callMethod.apply(n, arguments) : n.queue.push(arguments)\n\t\t\t};\n\t\t\tif (!f._fbq) f._fbq = n;\n\t\t\tn.push = n;\n\t\t\tn.loaded = !0;\n\t\t\tn.version = '2.0';\n\t\t\tn.queue = [];\n\t\t\tt = b.createElement(e);\n\t\t\tt.async = !0;\n\t\t\tt.src = v;\n\t\t\ts = b.getElementsByTagName(e)[0];\n\t\t\ts.parentNode.insertBefore(t, s)\n\t\t}(window, document, 'script',\n\t\t\t'https:\/\/connect.facebook.net\/en_US\/fbevents.js');\n\t\tfbq('init', '338315473262380');\n\t\tfbq('track', 'PageView');\n\t<\/script><br \/>\n<br \/><br \/>\n<br \/><a href=\"https:\/\/catracalivre.com.br\/educacao\/concurso-publico-da-pge-tem-remuneracao-de-r-33-924-mensais\/\">Source link <\/a><\/p>\n<div class='code-block code-block-4' style='margin: 8px auto 8px 0; text-align: left; display: block; clear: both;'>\n\ud83d\udce2 Aviso Legal\n\nO site ismaelcolosi.com.br atua apenas como um canal de divulga\u00e7\u00e3o de oportunidades de emprego e n\u00e3o se responsabiliza pelo processo seletivo, contrata\u00e7\u00e3o ou qualquer outra etapa relacionada \u00e0s vagas publicadas. Todas as informa\u00e7\u00f5es s\u00e3o de responsabilidade dos anunciantes.\n\n\u26a0\ufe0f Aten\u00e7\u00e3o! Nunca pague por promessas de emprego nem compre cursos que garantam contrata\u00e7\u00e3o. Desconfie de qualquer cobran\u00e7a para participar de sele\u00e7\u00f5es.\n\n\n\n<\/div>\n<!-- CONTENT END 1 -->\n","protected":false},"excerpt":{"rendered":"<p>13 de dezembro de 2023 \u00e0s 05:19 Por: Reda\u00e7\u00e3o Cr\u00e9ditos: IStock Concurso P\u00fablico da PGE A Procuradoria Geral do Estado do Rio Grande do Norte&#8230;<\/p>\n","protected":false},"author":1,"featured_media":15135,"comment_status":"open","ping_status":"open","sticky":false,"template":"","format":"standard","meta":{"_uag_custom_page_level_css":"","advanced_seo_description":"","jetpack_seo_html_title":"","jetpack_seo_noindex":false,"jetpack_post_was_ever_published":false,"_jetpack_newsletter_access":"","_jetpack_dont_email_post_to_subs":false,"_jetpack_newsletter_tier_id":0,"_jetpack_memberships_contains_paywalled_content":false,"_jetpack_memberships_contains_paid_content":false,"footnotes":"","jetpack_publicize_message":"","jetpack_publicize_feature_enabled":true,"jetpack_social_post_already_shared":true,"jetpack_social_options":{"image_generator_settings":{"template":"highway","default_image_id":0,"font":"","enabled":false},"version":2}},"categories":[19],"tags":[],"class_list":["post-15134","post","type-post","status-publish","format-standard","has-post-thumbnail","hentry","category-variedades"],"jetpack_publicize_connections":[],"jetpack_featured_media_url":"https:\/\/i0.wp.com\/ismaelcolosi.com.br\/wp-content\/uploads\/2023\/12\/istock-1356636065.jpg?fit=1200%2C638&ssl=1","uagb_featured_image_src":{"full":["https:\/\/i0.wp.com\/ismaelcolosi.com.br\/wp-content\/uploads\/2023\/12\/istock-1356636065.jpg?fit=1200%2C638&ssl=1",1200,638,false],"thumbnail":["https:\/\/i0.wp.com\/ismaelcolosi.com.br\/wp-content\/uploads\/2023\/12\/istock-1356636065.jpg?resize=150%2C150&ssl=1",150,150,true],"medium":["https:\/\/i0.wp.com\/ismaelcolosi.com.br\/wp-content\/uploads\/2023\/12\/istock-1356636065.jpg?fit=300%2C160&ssl=1",300,160,true],"medium_large":["https:\/\/i0.wp.com\/ismaelcolosi.com.br\/wp-content\/uploads\/2023\/12\/istock-1356636065.jpg?fit=768%2C408&ssl=1",768,408,true],"large":["https:\/\/i0.wp.com\/ismaelcolosi.com.br\/wp-content\/uploads\/2023\/12\/istock-1356636065.jpg?fit=1024%2C544&ssl=1",1024,544,true],"1536x1536":["https:\/\/i0.wp.com\/ismaelcolosi.com.br\/wp-content\/uploads\/2023\/12\/istock-1356636065.jpg?fit=1200%2C638&ssl=1",1200,638,true],"2048x2048":["https:\/\/i0.wp.com\/ismaelcolosi.com.br\/wp-content\/uploads\/2023\/12\/istock-1356636065.jpg?fit=1200%2C638&ssl=1",1200,638,true],"really-simple-thumb":["https:\/\/i0.wp.com\/ismaelcolosi.com.br\/wp-content\/uploads\/2023\/12\/istock-1356636065.jpg?resize=370%2C247&ssl=1",370,247,true]},"uagb_author_info":{"display_name":"ismaelcolosi.com.br","author_link":"https:\/\/ismaelcolosi.com.br\/index.php\/author\/vidareal-online\/"},"uagb_comment_info":0,"uagb_excerpt":"13 de dezembro de 2023 \u00e0s 05:19 Por: Reda\u00e7\u00e3o Cr\u00e9ditos: IStock Concurso P\u00fablico da PGE A Procuradoria Geral do Estado do Rio Grande do Norte...","jetpack-related-posts":[{"id":8559,"url":"https:\/\/ismaelcolosi.com.br\/index.php\/2023\/11\/30\/concurso-publico-da-pge-do-rio-grande-do-norte-oferece-remuneracao-de-r-33-924\/","url_meta":{"origin":15134,"position":0},"title":"Concurso p\u00fablico da PGE do Rio Grande do Norte oferece remunera\u00e7\u00e3o de R$ 33.924","author":"ismaelcolosi.com.br","date":"30 de November de 2023","format":false,"excerpt":"Cr\u00e9ditos: IStockConcurso P\u00fablico da PGE A Procuradoria Geral do Estado do Rio Grande do Norte (PGE RN) anuncia edital de n\u00ba 1-PGE\/RN\/2023 para concurso p\u00fablico, com o prop\u00f3sito de preencher\u00a019 cargos\u00a0de Procurador do Estado de Terceira Classe, al\u00e9m daqueles postos que vierem a vagar ao longo da validade do concurso.\u2026","rel":"","context":"In &quot;Variedades&quot;","block_context":{"text":"Variedades","link":"https:\/\/ismaelcolosi.com.br\/index.php\/category\/variedades\/"},"img":{"alt_text":"","src":"https:\/\/i0.wp.com\/ismaelcolosi.com.br\/wp-content\/uploads\/2023\/11\/istock-871569792.jpg?fit=1200%2C638&ssl=1&resize=350%2C200","width":350,"height":200,"srcset":"https:\/\/i0.wp.com\/ismaelcolosi.com.br\/wp-content\/uploads\/2023\/11\/istock-871569792.jpg?fit=1200%2C638&ssl=1&resize=350%2C200 1x, https:\/\/i0.wp.com\/ismaelcolosi.com.br\/wp-content\/uploads\/2023\/11\/istock-871569792.jpg?fit=1200%2C638&ssl=1&resize=525%2C300 1.5x, https:\/\/i0.wp.com\/ismaelcolosi.com.br\/wp-content\/uploads\/2023\/11\/istock-871569792.jpg?fit=1200%2C638&ssl=1&resize=700%2C400 2x, https:\/\/i0.wp.com\/ismaelcolosi.com.br\/wp-content\/uploads\/2023\/11\/istock-871569792.jpg?fit=1200%2C638&ssl=1&resize=1050%2C600 3x"},"classes":[]},{"id":15058,"url":"https:\/\/ismaelcolosi.com.br\/index.php\/2023\/12\/13\/procuradoria-geral-do-estado-do-rn-lanca-edital-para-concurso-publico-de-procuradores\/","url_meta":{"origin":15134,"position":1},"title":"Procuradoria Geral do Estado do RN lan\u00e7a edital para concurso p\u00fablico de procuradores","author":"ismaelcolosi.com.br","date":"13 de December de 2023","format":false,"excerpt":"Cr\u00e9ditos: IStockConcurso P\u00fablico da Procuradoria Geral do Estado do RNA Procuradoria Geral do Estado do Rio Grande do Norte (PGE RN) divulgou o edital n\u00ba 1-PGE\/RN\/2023 para o t\u00e3o aguardado concurso p\u00fablico, visando o preenchimento de 19 vagas para o cargo de Procurador do Estado de Terceira Classe. Al\u00e9m disso,\u2026","rel":"","context":"In &quot;Variedades&quot;","block_context":{"text":"Variedades","link":"https:\/\/ismaelcolosi.com.br\/index.php\/category\/variedades\/"},"img":{"alt_text":"","src":"https:\/\/i0.wp.com\/ismaelcolosi.com.br\/wp-content\/uploads\/2023\/12\/istock-944043470.jpg?fit=1200%2C638&ssl=1&resize=350%2C200","width":350,"height":200,"srcset":"https:\/\/i0.wp.com\/ismaelcolosi.com.br\/wp-content\/uploads\/2023\/12\/istock-944043470.jpg?fit=1200%2C638&ssl=1&resize=350%2C200 1x, https:\/\/i0.wp.com\/ismaelcolosi.com.br\/wp-content\/uploads\/2023\/12\/istock-944043470.jpg?fit=1200%2C638&ssl=1&resize=525%2C300 1.5x, https:\/\/i0.wp.com\/ismaelcolosi.com.br\/wp-content\/uploads\/2023\/12\/istock-944043470.jpg?fit=1200%2C638&ssl=1&resize=700%2C400 2x, https:\/\/i0.wp.com\/ismaelcolosi.com.br\/wp-content\/uploads\/2023\/12\/istock-944043470.jpg?fit=1200%2C638&ssl=1&resize=1050%2C600 3x"},"classes":[]},{"id":15270,"url":"https:\/\/ismaelcolosi.com.br\/index.php\/2023\/12\/13\/concurso-publico-do-cbpf-no-rio-oferece-remuneracao-de-ate-r-182-mil-mensais\/","url_meta":{"origin":15134,"position":2},"title":"Concurso p\u00fablico do CBPF, no Rio, oferece remunera\u00e7\u00e3o de at\u00e9 R$ 18,2 mil mensais","author":"ismaelcolosi.com.br","date":"13 de December de 2023","format":false,"excerpt":"Cr\u00e9ditos: IStockConcurso P\u00fablico do CBPF O Centro Brasileiro de Pesquisas F\u00edsicas (CBPF), localizado na cidade do Rio de Janeiro e vinculado ao Minist\u00e9rio da Ci\u00eancia, Tecnologia e Inova\u00e7\u00e3o, anuncia editais de n\u00ba 1\/2023 e 2\/2023 para concurso p\u00fablico, com reposi\u00e7\u00e3o de\u00a046 vagas\u00a0efetivas em cargos altamente especializados. As oportunidades abertas se\u2026","rel":"","context":"In &quot;Variedades&quot;","block_context":{"text":"Variedades","link":"https:\/\/ismaelcolosi.com.br\/index.php\/category\/variedades\/"},"img":{"alt_text":"","src":"https:\/\/i0.wp.com\/ismaelcolosi.com.br\/wp-content\/uploads\/2023\/12\/istock-1434151597.jpg?fit=1200%2C638&ssl=1&resize=350%2C200","width":350,"height":200,"srcset":"https:\/\/i0.wp.com\/ismaelcolosi.com.br\/wp-content\/uploads\/2023\/12\/istock-1434151597.jpg?fit=1200%2C638&ssl=1&resize=350%2C200 1x, https:\/\/i0.wp.com\/ismaelcolosi.com.br\/wp-content\/uploads\/2023\/12\/istock-1434151597.jpg?fit=1200%2C638&ssl=1&resize=525%2C300 1.5x, https:\/\/i0.wp.com\/ismaelcolosi.com.br\/wp-content\/uploads\/2023\/12\/istock-1434151597.jpg?fit=1200%2C638&ssl=1&resize=700%2C400 2x, https:\/\/i0.wp.com\/ismaelcolosi.com.br\/wp-content\/uploads\/2023\/12\/istock-1434151597.jpg?fit=1200%2C638&ssl=1&resize=1050%2C600 3x"},"classes":[]},{"id":15540,"url":"https:\/\/ismaelcolosi.com.br\/index.php\/2023\/12\/13\/concurso-publico-da-camara-de-colinas-oferece-remuneracao-de-ate-r-45-mil\/","url_meta":{"origin":15134,"position":3},"title":"Concurso p\u00fablico da C\u00e2mara de Colinas oferece remunera\u00e7\u00e3o de at\u00e9 R$ 4,5 mil","author":"ismaelcolosi.com.br","date":"13 de December de 2023","format":false,"excerpt":"Cr\u00e9ditos: IStockConcurso P\u00fablico da C\u00e2mara de A C\u00e2mara de Colinas, no estado do\u00a0Tocantins, anuncia edital de 001\/2023 para concurso p\u00fablico, com a finalidade de abrir 39 vagas, dentre imediatas e cadastro reserva destinadas a profissionais com grau de escolaridade superior, fundamental e m\u00e9dio. A remunera\u00e7\u00e3o oferecida em concurso p\u00fablico aos\u2026","rel":"","context":"In &quot;Variedades&quot;","block_context":{"text":"Variedades","link":"https:\/\/ismaelcolosi.com.br\/index.php\/category\/variedades\/"},"img":{"alt_text":"","src":"https:\/\/i0.wp.com\/ismaelcolosi.com.br\/wp-content\/uploads\/2023\/12\/istock-466007306.jpg?fit=1200%2C638&ssl=1&resize=350%2C200","width":350,"height":200,"srcset":"https:\/\/i0.wp.com\/ismaelcolosi.com.br\/wp-content\/uploads\/2023\/12\/istock-466007306.jpg?fit=1200%2C638&ssl=1&resize=350%2C200 1x, https:\/\/i0.wp.com\/ismaelcolosi.com.br\/wp-content\/uploads\/2023\/12\/istock-466007306.jpg?fit=1200%2C638&ssl=1&resize=525%2C300 1.5x, https:\/\/i0.wp.com\/ismaelcolosi.com.br\/wp-content\/uploads\/2023\/12\/istock-466007306.jpg?fit=1200%2C638&ssl=1&resize=700%2C400 2x, https:\/\/i0.wp.com\/ismaelcolosi.com.br\/wp-content\/uploads\/2023\/12\/istock-466007306.jpg?fit=1200%2C638&ssl=1&resize=1050%2C600 3x"},"classes":[]},{"id":8742,"url":"https:\/\/ismaelcolosi.com.br\/index.php\/2023\/11\/30\/cetem-do-rio-de-janeiro-oferece-remuneracoes-de-ate-r-126-mil-em-concurso-publico\/","url_meta":{"origin":15134,"position":4},"title":"CETEM do Rio de Janeiro oferece remunera\u00e7\u00f5es de at\u00e9 R$ 12,6 mil em concurso p\u00fablico","author":"ismaelcolosi.com.br","date":"30 de November de 2023","format":false,"excerpt":"30 de novembro de 2023 \u00e0s 19:14 Por: Reda\u00e7\u00e3o Cr\u00e9ditos: IStockConcurso P\u00fablico CETEM O Centro de Tecnologia Mineral (CETEM), no estado do Rio de janeiro, anuncia edital de n\u00ba 2\/2023 para concurso p\u00fablico, para preencher 21 vagas imediatas. Todas as oportunidades s\u00e3o para n\u00edvel superior. O quantitativo autorizado faz parte\u2026","rel":"","context":"In &quot;Variedades&quot;","block_context":{"text":"Variedades","link":"https:\/\/ismaelcolosi.com.br\/index.php\/category\/variedades\/"},"img":{"alt_text":"","src":"https:\/\/i0.wp.com\/ismaelcolosi.com.br\/wp-content\/uploads\/2023\/11\/istock-968826342.jpg?fit=1200%2C638&ssl=1&resize=350%2C200","width":350,"height":200,"srcset":"https:\/\/i0.wp.com\/ismaelcolosi.com.br\/wp-content\/uploads\/2023\/11\/istock-968826342.jpg?fit=1200%2C638&ssl=1&resize=350%2C200 1x, https:\/\/i0.wp.com\/ismaelcolosi.com.br\/wp-content\/uploads\/2023\/11\/istock-968826342.jpg?fit=1200%2C638&ssl=1&resize=525%2C300 1.5x, https:\/\/i0.wp.com\/ismaelcolosi.com.br\/wp-content\/uploads\/2023\/11\/istock-968826342.jpg?fit=1200%2C638&ssl=1&resize=700%2C400 2x, https:\/\/i0.wp.com\/ismaelcolosi.com.br\/wp-content\/uploads\/2023\/11\/istock-968826342.jpg?fit=1200%2C638&ssl=1&resize=1050%2C600 3x"},"classes":[]},{"id":14746,"url":"https:\/\/ismaelcolosi.com.br\/index.php\/2023\/12\/12\/concurso-publico-da-camara-de-marica-rj-tem-remuneracao-de-ate-r-43-mil\/","url_meta":{"origin":15134,"position":5},"title":"Concurso p\u00fablico da C\u00e2mara de Maric\u00e1 (RJ) tem remunera\u00e7\u00e3o de at\u00e9 R$ 4,3 mil","author":"ismaelcolosi.com.br","date":"12 de December de 2023","format":false,"excerpt":"Cr\u00e9ditos: IStockConcurso P\u00fablico da C\u00e2mara de Maric\u00e1A\u00a0C\u00e2mara de Maric\u00e1, no estado do\u00a0Rio de Janeiro, anuncia edital de n\u00ba 01\/2023 para concurso p\u00fablico, que visa o preenchimento de\u00a022 vagas\u00a0imediatas. As oportunidades s\u00e3o para cargos que exigem grau de escolaridade m\u00e9dio, fundamental ou superior. Haver\u00e1 reserva de vagas para candidatos afrodescendentes e\u2026","rel":"","context":"In &quot;Variedades&quot;","block_context":{"text":"Variedades","link":"https:\/\/ismaelcolosi.com.br\/index.php\/category\/variedades\/"},"img":{"alt_text":"","src":"https:\/\/i0.wp.com\/ismaelcolosi.com.br\/wp-content\/uploads\/2023\/12\/istock-1414996972.jpg?fit=1200%2C638&ssl=1&resize=350%2C200","width":350,"height":200,"srcset":"https:\/\/i0.wp.com\/ismaelcolosi.com.br\/wp-content\/uploads\/2023\/12\/istock-1414996972.jpg?fit=1200%2C638&ssl=1&resize=350%2C200 1x, https:\/\/i0.wp.com\/ismaelcolosi.com.br\/wp-content\/uploads\/2023\/12\/istock-1414996972.jpg?fit=1200%2C638&ssl=1&resize=525%2C300 1.5x, https:\/\/i0.wp.com\/ismaelcolosi.com.br\/wp-content\/uploads\/2023\/12\/istock-1414996972.jpg?fit=1200%2C638&ssl=1&resize=700%2C400 2x, https:\/\/i0.wp.com\/ismaelcolosi.com.br\/wp-content\/uploads\/2023\/12\/istock-1414996972.jpg?fit=1200%2C638&ssl=1&resize=1050%2C600 3x"},"classes":[]}],"jetpack_sharing_enabled":true,"jetpack_shortlink":"https:\/\/wp.me\/pfMlyK-3W6","_links":{"self":[{"href":"https:\/\/ismaelcolosi.com.br\/index.php\/wp-json\/wp\/v2\/posts\/15134","targetHints":{"allow":["GET"]}}],"collection":[{"href":"https:\/\/ismaelcolosi.com.br\/index.php\/wp-json\/wp\/v2\/posts"}],"about":[{"href":"https:\/\/ismaelcolosi.com.br\/index.php\/wp-json\/wp\/v2\/types\/post"}],"author":[{"embeddable":true,"href":"https:\/\/ismaelcolosi.com.br\/index.php\/wp-json\/wp\/v2\/users\/1"}],"replies":[{"embeddable":true,"href":"https:\/\/ismaelcolosi.com.br\/index.php\/wp-json\/wp\/v2\/comments?post=15134"}],"version-history":[{"count":0,"href":"https:\/\/ismaelcolosi.com.br\/index.php\/wp-json\/wp\/v2\/posts\/15134\/revisions"}],"wp:featuredmedia":[{"embeddable":true,"href":"https:\/\/ismaelcolosi.com.br\/index.php\/wp-json\/wp\/v2\/media\/15135"}],"wp:attachment":[{"href":"https:\/\/ismaelcolosi.com.br\/index.php\/wp-json\/wp\/v2\/media?parent=15134"}],"wp:term":[{"taxonomy":"category","embeddable":true,"href":"https:\/\/ismaelcolosi.com.br\/index.php\/wp-json\/wp\/v2\/categories?post=15134"},{"taxonomy":"post_tag","embeddable":true,"href":"https:\/\/ismaelcolosi.com.br\/index.php\/wp-json\/wp\/v2\/tags?post=15134"}],"curies":[{"name":"wp","href":"https:\/\/api.w.org\/{rel}","templated":true}]}}