{"id":15112,"date":"2023-12-13T03:09:23","date_gmt":"2023-12-13T06:09:23","guid":{"rendered":"https:\/\/ismaelcolosi.com.br\/index.php\/2023\/12\/13\/comer-banana-desse-jeito-reduz-o-risco-de-cancer-em-60-diz-pesquisa\/"},"modified":"2023-12-13T03:09:23","modified_gmt":"2023-12-13T06:09:23","slug":"comer-banana-desse-jeito-reduz-o-risco-de-cancer-em-60-diz-pesquisa","status":"publish","type":"post","link":"https:\/\/ismaelcolosi.com.br\/index.php\/2023\/12\/13\/comer-banana-desse-jeito-reduz-o-risco-de-cancer-em-60-diz-pesquisa\/","title":{"rendered":"Comer banana desse jeito reduz o risco de c\u00e2ncer em 60%, diz pesquisa"},"content":{"rendered":"<p> <br \/>\n<\/p>\n<div>\n<div id=\"attachment_2327600\" class=\"wp-caption alignnone\">\n<div class=\"d-flex justify-content-center\" data-attachment-id=\"2327600\">\n<div class=\"position-relative d-inline-block\"><img data-recalc-dims=\"1\" data-portal-copyright=\"Depositphotos\/serezniy\" fetchpriority=\"high\" decoding=\"async\" class=\"size-full wp-image-2327600\" src=\"https:\/\/i0.wp.com\/catracalivre.com.br\/wp-content\/uploads\/2023\/12\/depositphotos-411566722-xl-scaled.jpg?resize=2560%2C1707&#038;ssl=1\" alt=\"Como consumir banana pode prevenir c\u00e2ncer\" width=\"2560\" height=\"1707\" srcset=\"https:\/\/catracalivre.com.br\/wp-content\/uploads\/2023\/12\/depositphotos-411566722-xl-scaled.jpg 2560w, https:\/\/catracalivre.com.br\/wp-content\/uploads\/2023\/12\/depositphotos-411566722-xl-450x300.jpg 450w, https:\/\/catracalivre.com.br\/wp-content\/uploads\/2023\/12\/depositphotos-411566722-xl-768x512.jpg 768w\" sizes=\"(max-width: 2560px) 100vw, 2560px\"\/><\/p>\n<p>Cr\u00e9ditos: Depositphotos\/serezniy<\/p><div class='code-block code-block-8' style='margin: 8px auto; text-align: center; display: block; clear: both;'>\n<script>\n  atOptions = {\n    'key' : '66e2e2111ca34da796271819fc334058',\n    'format' : 'iframe',\n    'height' : 250,\n    'width' : 300,\n    'params' : {}\n  };\n<\/script>\n<script src=\"https:\/\/www.highperformanceformat.com\/66e2e2111ca34da796271819fc334058\/invoke.js\"><\/script>\n<\/div>\n\n<\/div>\n<\/div>\n<p><span class=\"post-imagem__legenda\">Como consumir banana pode prevenir c\u00e2ncer<\/span><\/p>\n<\/div>\n<p>J\u00e1 se perguntou o que uma <a href=\"https:\/\/catracalivre.com.br\/saude-bem-estar\/as-5-frutas-mais-saudaveis-do-mundo-sao-acessiveis-qual-voce-mais-consome\/\" target=\"_blank\" rel=\"noopener\">fruta popular<\/a> como a banana pode ter em comum com a luta contra o c\u00e2ncer? Pois bem, uma pesquisa indica que comer banana antes de amadurecer pode prevenir diferentes tipos de c\u00e2ncer.<\/p>\n<p>\u00c9 isso mesmo! O estudo, conduzido por pesquisadores da <a href=\"https:\/\/www.ncl.ac.uk\/\" target=\"_blank\" rel=\"noopener\">Universidade de Newcastle<\/a>, no Reino Unido, aponta que o amido resistente, presente em bananas verdes e cereais, poderia ser uma arma valiosa na <a href=\"https:\/\/catracalivre.com.br\/saude-bem-estar\/formas-de-prevenir-cancer-de-intestino\/\" target=\"_blank\" rel=\"noopener\">batalha contra esta doen\u00e7a<\/a> devastadora.<\/p>\n<p>O estudo, com mais de duas d\u00e9cadas em andamento, come\u00e7ou ap\u00f3s observa\u00e7\u00f5es feitas em quase mil pacientes com s\u00edndrome de Lynch. Para quem n\u00e3o est\u00e1 familiarizado, a s\u00edndrome \u00e9 uma <a href=\"https:\/\/catracalivre.com.br\/saude-bem-estar\/estes-tres-sinais-costumam-ser-os-primeiros-de-cancer-no-pancreas\/\" target=\"_blank\" rel=\"noopener\">altera\u00e7\u00e3o gen\u00e9tica<\/a> que aumenta fortemente as chances de desenvolver c\u00e2ncer no intestino grosso.<\/p>\n<h2>Como o amido resistente pode ajudar na luta contra o c\u00e2ncer?<\/h2>\n<p>Os pesquisadores forneceram a uma parte desses indiv\u00edduos um <a href=\"https:\/\/catracalivre.com.br\/saude-bem-estar\/consumo-diario-deste-suplemento-esta-associado-a-risco-de-cancer\/\" target=\"_blank\" rel=\"noopener\">suplemento<\/a> di\u00e1rio de amido resistente em p\u00f3 durante um per\u00edodo de dois anos.<\/p>\n<p>Durante esse per\u00edodo, eles perceberam que os participantes que consumiram o suplemento tiveram uma redu\u00e7\u00e3o de mais de 60% no risco de desenvolver uma variedade de tipos de c\u00e2ncer.<\/p>\n<p>Os c\u00e2nceres para os quais o suplemento de amido resistente apresentou maior efic\u00e1cia foram os c\u00e2nceres do trato gastrointestinal, que incluem c\u00e2ncer do es\u00f4fago, est\u00f4mago, trato biliar, p\u00e2ncreas e duodeno. Isso ocorre porque o amido resistente pode alterar o metabolismo bacteriano dos \u00e1cidos no intestino.<\/p>\n<p>Isso \u00e9 significativo porque esses \u00e1cidos, quando n\u00e3o gerenciados de maneira adequada, podem danificar o intestino e aumentar o risco de tumores.<\/p>\n<div id=\"attachment_2275957\" class=\"wp-caption alignnone\">\n<div class=\"d-flex justify-content-center\" data-attachment-id=\"2275957\">\n<div class=\"position-relative d-inline-block\"><img data-recalc-dims=\"1\" loading=\"lazy\" data-portal-copyright=\"AndreySt\/istock\" decoding=\"async\" class=\"size-full wp-image-2275957\" src=\"https:\/\/i0.wp.com\/catracalivre.com.br\/wp-content\/uploads\/2023\/06\/istock-1284424565.jpg?resize=1254%2C836&#038;ssl=1\" alt=\"Estudo descobre que uma banana verde por dia pode proteger contra o c\u00e2ncer\" width=\"1254\" height=\"836\" srcset=\"https:\/\/catracalivre.com.br\/wp-content\/uploads\/2023\/06\/istock-1284424565.jpg 1254w, https:\/\/catracalivre.com.br\/wp-content\/uploads\/2023\/06\/istock-1284424565-450x300.jpg 450w, https:\/\/catracalivre.com.br\/wp-content\/uploads\/2023\/06\/istock-1284424565-768x512.jpg 768w\" sizes=\"auto, (max-width: 1254px) 100vw, 1254px\"\/><\/p>\n<p>Cr\u00e9ditos: AndreySt\/istock<\/p>\n<\/div>\n<\/div>\n<p><span class=\"post-imagem__legenda\">Estudo descobre que uma banana verde por dia pode proteger contra o c\u00e2ncer<\/span><\/p>\n<\/div>\n<h2>Quais s\u00e3o os outros benef\u00edcios?<\/h2>\n<p>A equipe de pesquisa tamb\u00e9m descobriu que os efeitos positivos do suplemento de amido resistente podem durar at\u00e9 dez anos ap\u00f3s as pessoas pararem de tom\u00e1-lo. Isto \u00e9, mesmo depois de parar o consumo, o amido resistente continuou a proporcionar prote\u00e7\u00e3o contra o c\u00e2ncer.<\/p>\n<p>Isso \u00e9 especialmente relevante para indiv\u00edduos com maior risco de desenvolver c\u00e2ncer devido a fatores gen\u00e9ticos, como os portadores da s\u00edndrome de Lynch.<\/p>\n<p>No entanto, mesmo com essas descobertas animadoras, os pesquisadores pedem cuidado. Eles enfatizam que mais testes cl\u00ednicos s\u00e3o necess\u00e1rios para confirmar suas conclus\u00f5es.<\/p>\n<p>Como conselho, eles sugerem sempre buscar aconselhamento de um profissional de sa\u00fade de confian\u00e7a para uma avalia\u00e7\u00e3o individualizada antes de tomar qualquer decis\u00e3o.<\/p>\n<\/div>\n<p><script>\n\t\t! function(f, b, e, v, n, t, s) {\n\t\t\tif (f.fbq) return;\n\t\t\tn = f.fbq = function() {\n\t\t\t\tn.callMethod ?\n\t\t\t\t\tn.callMethod.apply(n, arguments) : n.queue.push(arguments)\n\t\t\t};\n\t\t\tif (!f._fbq) f._fbq = n;\n\t\t\tn.push = n;\n\t\t\tn.loaded = !0;\n\t\t\tn.version = '2.0';\n\t\t\tn.queue = [];\n\t\t\tt = b.createElement(e);\n\t\t\tt.async = !0;\n\t\t\tt.src = v;\n\t\t\ts = b.getElementsByTagName(e)[0];\n\t\t\ts.parentNode.insertBefore(t, s)\n\t\t}(window, document, 'script',\n\t\t\t'https:\/\/connect.facebook.net\/en_US\/fbevents.js');\n\t\tfbq('init', '338315473262380');\n\t\tfbq('track', 'PageView');\n\t<\/script><br \/>\n<br \/><br \/>\n<br \/><a href=\"https:\/\/catracalivre.com.br\/saude-bem-estar\/comer-banana-desse-jeito-reduz-o-risco-de-cancer-em-60-diz-pesquisa\/\">Source link <\/a><\/p>\n<div class='code-block code-block-4' style='margin: 8px auto 8px 0; text-align: left; display: block; clear: both;'>\n\ud83d\udce2 Aviso Legal\n\nO site ismaelcolosi.com.br atua apenas como um canal de divulga\u00e7\u00e3o de oportunidades de emprego e n\u00e3o se responsabiliza pelo processo seletivo, contrata\u00e7\u00e3o ou qualquer outra etapa relacionada \u00e0s vagas publicadas. Todas as informa\u00e7\u00f5es s\u00e3o de responsabilidade dos anunciantes.\n\n\u26a0\ufe0f Aten\u00e7\u00e3o! Nunca pague por promessas de emprego nem compre cursos que garantam contrata\u00e7\u00e3o. Desconfie de qualquer cobran\u00e7a para participar de sele\u00e7\u00f5es.\n\n\n<div data-type=\"_mgwidget\" data-widget-id=\"2000896\">\n<\/div>\n<script>(function(w,q){w[q]=w[q]||[];w[q].push([\"_mgc.load\"])})(window,\"_mgq\");\n<\/script>\n<\/div>\n<!-- CONTENT END 1 -->\n","protected":false},"excerpt":{"rendered":"<p>Cr\u00e9ditos: Depositphotos\/serezniy Como consumir banana pode prevenir c\u00e2ncer J\u00e1 se perguntou o que uma fruta popular como a banana pode ter em comum com a&#8230;<\/p>\n","protected":false},"author":1,"featured_media":15113,"comment_status":"open","ping_status":"open","sticky":false,"template":"","format":"standard","meta":{"_uag_custom_page_level_css":"","jetpack_post_was_ever_published":false,"_jetpack_newsletter_access":"","_jetpack_dont_email_post_to_subs":false,"_jetpack_newsletter_tier_id":0,"_jetpack_memberships_contains_paywalled_content":false,"_jetpack_memberships_contains_paid_content":false,"footnotes":"","jetpack_publicize_message":"","jetpack_publicize_feature_enabled":true,"jetpack_social_post_already_shared":true,"jetpack_social_options":{"image_generator_settings":{"template":"highway","default_image_id":0,"font":"","enabled":false},"version":2}},"categories":[19],"tags":[],"class_list":["post-15112","post","type-post","status-publish","format-standard","has-post-thumbnail","hentry","category-variedades"],"aioseo_notices":[],"jetpack_publicize_connections":[],"jetpack_featured_media_url":"https:\/\/i0.wp.com\/ismaelcolosi.com.br\/wp-content\/uploads\/2023\/12\/depositphotos-411566722-xl-scaled.jpg?fit=1200%2C638&ssl=1","uagb_featured_image_src":{"full":["https:\/\/i0.wp.com\/ismaelcolosi.com.br\/wp-content\/uploads\/2023\/12\/depositphotos-411566722-xl-scaled.jpg?fit=1200%2C638&ssl=1",1200,638,false],"thumbnail":["https:\/\/i0.wp.com\/ismaelcolosi.com.br\/wp-content\/uploads\/2023\/12\/depositphotos-411566722-xl-scaled.jpg?resize=150%2C150&ssl=1",150,150,true],"medium":["https:\/\/i0.wp.com\/ismaelcolosi.com.br\/wp-content\/uploads\/2023\/12\/depositphotos-411566722-xl-scaled.jpg?fit=300%2C160&ssl=1",300,160,true],"medium_large":["https:\/\/i0.wp.com\/ismaelcolosi.com.br\/wp-content\/uploads\/2023\/12\/depositphotos-411566722-xl-scaled.jpg?fit=768%2C408&ssl=1",768,408,true],"large":["https:\/\/i0.wp.com\/ismaelcolosi.com.br\/wp-content\/uploads\/2023\/12\/depositphotos-411566722-xl-scaled.jpg?fit=1024%2C544&ssl=1",1024,544,true],"1536x1536":["https:\/\/i0.wp.com\/ismaelcolosi.com.br\/wp-content\/uploads\/2023\/12\/depositphotos-411566722-xl-scaled.jpg?fit=1200%2C638&ssl=1",1200,638,true],"2048x2048":["https:\/\/i0.wp.com\/ismaelcolosi.com.br\/wp-content\/uploads\/2023\/12\/depositphotos-411566722-xl-scaled.jpg?fit=1200%2C638&ssl=1",1200,638,true],"really-simple-thumb":["https:\/\/i0.wp.com\/ismaelcolosi.com.br\/wp-content\/uploads\/2023\/12\/depositphotos-411566722-xl-scaled.jpg?resize=370%2C247&ssl=1",370,247,true]},"uagb_author_info":{"display_name":"ismaelcolosi.com.br","author_link":"https:\/\/ismaelcolosi.com.br\/index.php\/author\/vidareal-online\/"},"uagb_comment_info":0,"uagb_excerpt":"Cr\u00e9ditos: Depositphotos\/serezniy Como consumir banana pode prevenir c\u00e2ncer J\u00e1 se perguntou o que uma fruta popular como a banana pode ter em comum com a...","jetpack-related-posts":[{"id":22723,"url":"https:\/\/ismaelcolosi.com.br\/index.php\/2023\/12\/30\/5-frutas-que-ajudam-a-regular-seu-intestino\/","url_meta":{"origin":15112,"position":0},"title":"5 frutas que ajudam a regular seu intestino","author":"ismaelcolosi.com.br","date":"30 de December de 2023","format":false,"excerpt":"Cr\u00e9ditos: iStock\/AnnaElizabethPhotographyApesar de seu teor de gordura, o abacate \u00e9 rico em fibras, especificamente a fibra sol\u00favel, \u00e9 uma das frutas que ajuda a regular o intestino \u2013 iStock\/Getty Images \u00c9 essencial dar a devida aten\u00e7\u00e3o ao funcionamento saud\u00e1vel do nosso sistema digestivo. Por isso, especialistas destacam cinco hero\u00ednas da\u2026","rel":"","context":"In &quot;Variedades&quot;","block_context":{"text":"Variedades","link":"https:\/\/ismaelcolosi.com.br\/index.php\/category\/variedades\/"},"img":{"alt_text":"","src":"https:\/\/i0.wp.com\/ismaelcolosi.com.br\/wp-content\/uploads\/2023\/12\/istock-485899981.jpg?fit=1200%2C638&ssl=1&resize=350%2C200","width":350,"height":200,"srcset":"https:\/\/i0.wp.com\/ismaelcolosi.com.br\/wp-content\/uploads\/2023\/12\/istock-485899981.jpg?fit=1200%2C638&ssl=1&resize=350%2C200 1x, https:\/\/i0.wp.com\/ismaelcolosi.com.br\/wp-content\/uploads\/2023\/12\/istock-485899981.jpg?fit=1200%2C638&ssl=1&resize=525%2C300 1.5x, https:\/\/i0.wp.com\/ismaelcolosi.com.br\/wp-content\/uploads\/2023\/12\/istock-485899981.jpg?fit=1200%2C638&ssl=1&resize=700%2C400 2x, https:\/\/i0.wp.com\/ismaelcolosi.com.br\/wp-content\/uploads\/2023\/12\/istock-485899981.jpg?fit=1200%2C638&ssl=1&resize=1050%2C600 3x"},"classes":[]},{"id":48344,"url":"https:\/\/ismaelcolosi.com.br\/index.php\/2024\/05\/02\/agrishow-apresenta-novas-variedades-de-banana-e-cana-de-acucar\/","url_meta":{"origin":15112,"position":1},"title":"Agrishow apresenta novas variedades de banana e cana-de-a\u00e7\u00facar","author":"ismaelcolosi.com.br","date":"2 de May de 2024","format":false,"excerpt":"Al\u00e9m dos tratores, drones e intelig\u00eancia artificial, a Agrishow tamb\u00e9m apresenta o avan\u00e7o tecnol\u00f3gico no desenvolvimento das plantas, com novas variedades de banana e cana-de-a\u00e7\u00facar. A feira \u00e9 realizada em Ribeir\u00e3o Preto at\u00e9 a pr\u00f3xima sexta-feira (3). O IAC (Instituto Agron\u00f4mico de Campinas) apresenta na Agrishow o resultado das pesquisas\u2026","rel":"","context":"In &quot;Not\u00edcias de Ribeir\u00e3o Preto-SP e Regi\u00e3o&quot;","block_context":{"text":"Not\u00edcias de Ribeir\u00e3o Preto-SP e Regi\u00e3o","link":"https:\/\/ismaelcolosi.com.br\/index.php\/category\/noticias-de-ribeirao-preto-sp-e-regiao-ismael-colosi\/"},"img":{"alt_text":"","src":"https:\/\/i0.wp.com\/ismaelcolosi.com.br\/wp-content\/uploads\/2024\/05\/AnyConv.com__banana-prata-Agishow_2024-05-02_16-07-12.webp.webp?fit=828%2C554&ssl=1&resize=350%2C200","width":350,"height":200,"srcset":"https:\/\/i0.wp.com\/ismaelcolosi.com.br\/wp-content\/uploads\/2024\/05\/AnyConv.com__banana-prata-Agishow_2024-05-02_16-07-12.webp.webp?fit=828%2C554&ssl=1&resize=350%2C200 1x, https:\/\/i0.wp.com\/ismaelcolosi.com.br\/wp-content\/uploads\/2024\/05\/AnyConv.com__banana-prata-Agishow_2024-05-02_16-07-12.webp.webp?fit=828%2C554&ssl=1&resize=525%2C300 1.5x, https:\/\/i0.wp.com\/ismaelcolosi.com.br\/wp-content\/uploads\/2024\/05\/AnyConv.com__banana-prata-Agishow_2024-05-02_16-07-12.webp.webp?fit=828%2C554&ssl=1&resize=700%2C400 2x"},"classes":[]},{"id":13677,"url":"https:\/\/ismaelcolosi.com.br\/index.php\/2023\/12\/10\/deficiencia-de-vitamina-aumenta-risco-de-cancer-alertam-especialistas\/","url_meta":{"origin":15112,"position":2},"title":"Defici\u00eancia de vitamina aumenta risco de c\u00e2ncer, alertam especialistas","author":"ismaelcolosi.com.br","date":"10 de December de 2023","format":false,"excerpt":"Cr\u00e9ditos: Getty ImagesEntenda por que defici\u00eancia de vitamina est\u00e1 relacionada a diagn\u00f3stico de c\u00e2ncer de intestino \u2013 iStock\/Getty Images Pesquisas recentes destacam que a car\u00eancia de \u00e1cido f\u00f3lico, conhecido tamb\u00e9m como vitamina B9, pode ter consequ\u00eancias ainda mais not\u00e1veis, incluindo um potencial aumento no risco de se desenvolver c\u00e2ncer de\u2026","rel":"","context":"In &quot;Variedades&quot;","block_context":{"text":"Variedades","link":"https:\/\/ismaelcolosi.com.br\/index.php\/category\/variedades\/"},"img":{"alt_text":"","src":"https:\/\/i0.wp.com\/ismaelcolosi.com.br\/wp-content\/uploads\/2023\/12\/istock-1074199182.jpg?fit=1200%2C638&ssl=1&resize=350%2C200","width":350,"height":200,"srcset":"https:\/\/i0.wp.com\/ismaelcolosi.com.br\/wp-content\/uploads\/2023\/12\/istock-1074199182.jpg?fit=1200%2C638&ssl=1&resize=350%2C200 1x, https:\/\/i0.wp.com\/ismaelcolosi.com.br\/wp-content\/uploads\/2023\/12\/istock-1074199182.jpg?fit=1200%2C638&ssl=1&resize=525%2C300 1.5x, https:\/\/i0.wp.com\/ismaelcolosi.com.br\/wp-content\/uploads\/2023\/12\/istock-1074199182.jpg?fit=1200%2C638&ssl=1&resize=700%2C400 2x, https:\/\/i0.wp.com\/ismaelcolosi.com.br\/wp-content\/uploads\/2023\/12\/istock-1074199182.jpg?fit=1200%2C638&ssl=1&resize=1050%2C600 3x"},"classes":[]},{"id":20190,"url":"https:\/\/ismaelcolosi.com.br\/index.php\/2023\/12\/24\/saiba-identificar-os-sintomas-do-cancer-no-rim\/","url_meta":{"origin":15112,"position":3},"title":"saiba identificar os sintomas do c\u00e2ncer no rim","author":"ismaelcolosi.com.br","date":"24 de December de 2023","format":false,"excerpt":"Todo ano, aproximadamente 12 mil brasileiros s\u00e3o diagnosticados com c\u00e2ncer de rim, um dos 13 tipos de c\u00e2ncer mais frequentes no pa\u00eds, segundo dados da Pfizer de 2020. Para homens acima dos 50 anos, este tipo de c\u00e2ncer \u00e9 ainda mais comum. Cr\u00e9ditos: SewcreamStudio\/istockConhe\u00e7a os sinais de alerta de c\u00e2ncer\u2026","rel":"","context":"In &quot;Variedades&quot;","block_context":{"text":"Variedades","link":"https:\/\/ismaelcolosi.com.br\/index.php\/category\/variedades\/"},"img":{"alt_text":"","src":"https:\/\/i0.wp.com\/ismaelcolosi.com.br\/wp-content\/uploads\/2023\/12\/istock-1427708143.jpg?fit=1200%2C638&ssl=1&resize=350%2C200","width":350,"height":200,"srcset":"https:\/\/i0.wp.com\/ismaelcolosi.com.br\/wp-content\/uploads\/2023\/12\/istock-1427708143.jpg?fit=1200%2C638&ssl=1&resize=350%2C200 1x, https:\/\/i0.wp.com\/ismaelcolosi.com.br\/wp-content\/uploads\/2023\/12\/istock-1427708143.jpg?fit=1200%2C638&ssl=1&resize=525%2C300 1.5x, https:\/\/i0.wp.com\/ismaelcolosi.com.br\/wp-content\/uploads\/2023\/12\/istock-1427708143.jpg?fit=1200%2C638&ssl=1&resize=700%2C400 2x, https:\/\/i0.wp.com\/ismaelcolosi.com.br\/wp-content\/uploads\/2023\/12\/istock-1427708143.jpg?fit=1200%2C638&ssl=1&resize=1050%2C600 3x"},"classes":[]},{"id":13359,"url":"https:\/\/ismaelcolosi.com.br\/index.php\/2023\/12\/09\/tristeza-pode-levar-ao-desenvolvimento-de-cancer\/","url_meta":{"origin":15112,"position":4},"title":"Tristeza pode levar ao desenvolvimento de c\u00e2ncer?","author":"ismaelcolosi.com.br","date":"9 de December de 2023","format":false,"excerpt":"Cr\u00e9ditos: Getty ImagesA pesquisa d\u00e1 um desfecho \u00e0 hip\u00f3tese de que doen\u00e7as mentais caracterizadas pela triste podem levar ao desenvolvimento de c\u00e2ncer \u2013 iStock\/Getty Images Depress\u00e3o, ansiedade ou qualquer tipo de tristeza podem aumentar significativamente o risco de desenvolvimento de c\u00e2ncer, aponta novo estudo baseado em dados de mais de\u2026","rel":"","context":"In &quot;Variedades&quot;","block_context":{"text":"Variedades","link":"https:\/\/ismaelcolosi.com.br\/index.php\/category\/variedades\/"},"img":{"alt_text":"","src":"https:\/\/i0.wp.com\/ismaelcolosi.com.br\/wp-content\/uploads\/2023\/12\/istock-1321258462.jpg?fit=1200%2C638&ssl=1&resize=350%2C200","width":350,"height":200,"srcset":"https:\/\/i0.wp.com\/ismaelcolosi.com.br\/wp-content\/uploads\/2023\/12\/istock-1321258462.jpg?fit=1200%2C638&ssl=1&resize=350%2C200 1x, https:\/\/i0.wp.com\/ismaelcolosi.com.br\/wp-content\/uploads\/2023\/12\/istock-1321258462.jpg?fit=1200%2C638&ssl=1&resize=525%2C300 1.5x, https:\/\/i0.wp.com\/ismaelcolosi.com.br\/wp-content\/uploads\/2023\/12\/istock-1321258462.jpg?fit=1200%2C638&ssl=1&resize=700%2C400 2x, https:\/\/i0.wp.com\/ismaelcolosi.com.br\/wp-content\/uploads\/2023\/12\/istock-1321258462.jpg?fit=1200%2C638&ssl=1&resize=1050%2C600 3x"},"classes":[]},{"id":19321,"url":"https:\/\/ismaelcolosi.com.br\/index.php\/2023\/12\/22\/os-habitos-que-aumentam-o-risco-de-um-dos-tipos-de-cancer-mais-agressivos\/","url_meta":{"origin":15112,"position":5},"title":"Os h\u00e1bitos que aumentam o risco de um dos tipos de c\u00e2ncer mais agressivos","author":"ismaelcolosi.com.br","date":"22 de December de 2023","format":false,"excerpt":"As causas por tr\u00e1s do c\u00e2ncer de p\u00e2ncreas ainda n\u00e3o foram totalmente compreendidas. Contudo, a idade \u00e9 identificada como o fator de risco mais proeminente, com a maioria dos diagn\u00f3sticos ocorrendo entre os 50 e 80 anos. Al\u00e9m disso, h\u00e1bitos de vida t\u00eam sido associados a esse tipo de c\u00e2ncer\u2026","rel":"","context":"In &quot;Variedades&quot;","block_context":{"text":"Variedades","link":"https:\/\/ismaelcolosi.com.br\/index.php\/category\/variedades\/"},"img":{"alt_text":"","src":"https:\/\/i0.wp.com\/ismaelcolosi.com.br\/wp-content\/uploads\/2023\/12\/depositphotos-172187522-l.jpg?fit=1200%2C638&ssl=1&resize=350%2C200","width":350,"height":200,"srcset":"https:\/\/i0.wp.com\/ismaelcolosi.com.br\/wp-content\/uploads\/2023\/12\/depositphotos-172187522-l.jpg?fit=1200%2C638&ssl=1&resize=350%2C200 1x, https:\/\/i0.wp.com\/ismaelcolosi.com.br\/wp-content\/uploads\/2023\/12\/depositphotos-172187522-l.jpg?fit=1200%2C638&ssl=1&resize=525%2C300 1.5x, https:\/\/i0.wp.com\/ismaelcolosi.com.br\/wp-content\/uploads\/2023\/12\/depositphotos-172187522-l.jpg?fit=1200%2C638&ssl=1&resize=700%2C400 2x, https:\/\/i0.wp.com\/ismaelcolosi.com.br\/wp-content\/uploads\/2023\/12\/depositphotos-172187522-l.jpg?fit=1200%2C638&ssl=1&resize=1050%2C600 3x"},"classes":[]}],"jetpack_sharing_enabled":true,"jetpack_shortlink":"https:\/\/wp.me\/pfMlyK-3VK","_links":{"self":[{"href":"https:\/\/ismaelcolosi.com.br\/index.php\/wp-json\/wp\/v2\/posts\/15112","targetHints":{"allow":["GET"]}}],"collection":[{"href":"https:\/\/ismaelcolosi.com.br\/index.php\/wp-json\/wp\/v2\/posts"}],"about":[{"href":"https:\/\/ismaelcolosi.com.br\/index.php\/wp-json\/wp\/v2\/types\/post"}],"author":[{"embeddable":true,"href":"https:\/\/ismaelcolosi.com.br\/index.php\/wp-json\/wp\/v2\/users\/1"}],"replies":[{"embeddable":true,"href":"https:\/\/ismaelcolosi.com.br\/index.php\/wp-json\/wp\/v2\/comments?post=15112"}],"version-history":[{"count":0,"href":"https:\/\/ismaelcolosi.com.br\/index.php\/wp-json\/wp\/v2\/posts\/15112\/revisions"}],"wp:featuredmedia":[{"embeddable":true,"href":"https:\/\/ismaelcolosi.com.br\/index.php\/wp-json\/wp\/v2\/media\/15113"}],"wp:attachment":[{"href":"https:\/\/ismaelcolosi.com.br\/index.php\/wp-json\/wp\/v2\/media?parent=15112"}],"wp:term":[{"taxonomy":"category","embeddable":true,"href":"https:\/\/ismaelcolosi.com.br\/index.php\/wp-json\/wp\/v2\/categories?post=15112"},{"taxonomy":"post_tag","embeddable":true,"href":"https:\/\/ismaelcolosi.com.br\/index.php\/wp-json\/wp\/v2\/tags?post=15112"}],"curies":[{"name":"wp","href":"https:\/\/api.w.org\/{rel}","templated":true}]}}