{"id":15080,"date":"2023-12-13T01:31:18","date_gmt":"2023-12-13T04:31:18","guid":{"rendered":"https:\/\/ismaelcolosi.com.br\/index.php\/2023\/12\/13\/governo-surpreende-com-mudancas-radicais-no-sisu-ja-no-ano-que-vem\/"},"modified":"2023-12-13T01:31:18","modified_gmt":"2023-12-13T04:31:18","slug":"governo-surpreende-com-mudancas-radicais-no-sisu-ja-no-ano-que-vem","status":"publish","type":"post","link":"https:\/\/ismaelcolosi.com.br\/index.php\/2023\/12\/13\/governo-surpreende-com-mudancas-radicais-no-sisu-ja-no-ano-que-vem\/","title":{"rendered":"Governo SURPREENDE com mudan\u00e7as radicais no Sisu j\u00e1 no ano que vem"},"content":{"rendered":"<p> <br \/>\n<\/p>\n<div>\n<p>O Sistema de Sele\u00e7\u00e3o Unificada (<a href=\"https:\/\/catracalivre.com.br\/educacao\/mec-sisu-prouni-fies\/\">Sisu<\/a>) passar\u00e1 a ter apenas uma edi\u00e7\u00e3o por ano a partir de 2024. O programa seleciona estudantes para vagas em universidades p\u00fablicas de todo o pa\u00eds com base na nota no Exame Nacional do Ensino M\u00e9dio (<a href=\"https:\/\/catracalivre.com.br\/educacao\/cinco-dicas-para-usar-a-nota-do-enem-no-sisu\/\">Enem<\/a>).<\/p>\n<div id=\"attachment_2327365\" class=\"wp-caption aligncenter\">\n<div class=\"d-flex justify-content-center\" data-attachment-id=\"2327365\">\n<div class=\"position-relative d-inline-block\"><img data-recalc-dims=\"1\" data-portal-copyright=\"Ag\u00eancia Brasil\" fetchpriority=\"high\" decoding=\"async\" class=\"size-large wp-image-2327365\" src=\"https:\/\/i0.wp.com\/catracalivre.com.br\/wp-content\/uploads\/2023\/12\/sisu-mudancas-radicais-acontecerao-em-2024-fique-por-dentro-de-todas-910x544.png?resize=910%2C544&#038;ssl=1\" alt=\"Sisu: Mudan\u00e7as radicais acontecer\u00e3o em 2024; fique por dentro de todas\" width=\"910\" height=\"544\" srcset=\"https:\/\/catracalivre.com.br\/wp-content\/uploads\/2023\/12\/sisu-mudancas-radicais-acontecerao-em-2024-fique-por-dentro-de-todas-910x544.png 910w, https:\/\/catracalivre.com.br\/wp-content\/uploads\/2023\/12\/sisu-mudancas-radicais-acontecerao-em-2024-fique-por-dentro-de-todas-450x269.png 450w, https:\/\/catracalivre.com.br\/wp-content\/uploads\/2023\/12\/sisu-mudancas-radicais-acontecerao-em-2024-fique-por-dentro-de-todas-768x459.png 768w\" sizes=\"(max-width: 910px) 100vw, 910px\"\/><\/p><div class='code-block code-block-8' style='margin: 8px auto; text-align: center; display: block; clear: both;'>\n<script>\n  atOptions = {\n    'key' : '66e2e2111ca34da796271819fc334058',\n    'format' : 'iframe',\n    'height' : 250,\n    'width' : 300,\n    'params' : {}\n  };\n<\/script>\n<script src=\"https:\/\/www.highperformanceformat.com\/66e2e2111ca34da796271819fc334058\/invoke.js\"><\/script>\n<\/div>\n\n<p>Cr\u00e9ditos: Ag\u00eancia Brasil<\/p>\n<\/div>\n<\/div>\n<p><span class=\"post-imagem__legenda\">Sisu: Mudan\u00e7as radicais acontecer\u00e3o em 2024; fique por dentro de todas<\/span><\/p>\n<\/div>\n<p>De acordo com o <a href=\"https:\/\/www.gov.br\/mec\/pt-br\" target=\"_blank\" rel=\"noopener\">Minist\u00e9rio da Educa\u00e7\u00e3o<\/a> (<a href=\"https:\/\/catracalivre.com.br\/educacao\/mec-abre-mais-de-30-mil-vagas-em-cursos-gratuitos-online\/\">MEC<\/a>), ainda nesta semana, ser\u00e1 publicado o edital do Sisu do pr\u00f3ximo ano, que dever\u00e1 trazer mais detalhes sobre a mudan\u00e7a.<\/p>\n<p>Criado em 2009 e implementado em 2010, o Sisu \u00e9 realizado tradicionalmente duas vezes por ano, selecionando estudantes para vagas no <a href=\"https:\/\/catracalivre.com.br\/educacao\/provao-paulista\/\">ensino superior<\/a> tanto no primeiro quanto no segundo semestre de cada ano.<\/p>\n<p>A partir do ano que vem,\u00a0no entanto, dever\u00e1 ser feito apenas um processo seletivo por ano.<\/p>\n<p>O Sisu \u00e9 um sistema que re\u00fane em uma mesma plataforma as vagas ofertadas por institui\u00e7\u00f5es p\u00fablicas de ensino superior,\u00a0sejam elas federais, estaduais ou municipais. Para participar, os estudantes devem ter feito a \u00faltima edi\u00e7\u00e3o do Enem e n\u00e3o podem ter tirado zero na <a href=\"https:\/\/catracalivre.com.br\/educacao\/redacao-enem-2023-cartilha\/\">prova de reda\u00e7\u00e3o<\/a>.<\/p>\n<p>Na hora da inscri\u00e7\u00e3o, os candidatos podem escolher at\u00e9 duas op\u00e7\u00f5es curso nas quais desejam concorrer a vagas. Uma vez por dia, durante o per\u00edodo de inscri\u00e7\u00e3o, \u00e9 divulgada a nota de corte de cada curso, baseada\u00a0nas notas dos candidatos inscritos at\u00e9 aquele momento.<\/p>\n<p>Os candidatos podem mudar de op\u00e7\u00e3o de curso at\u00e9 no \u00faltimo dia de inscri\u00e7\u00e3o.<\/p>\n<p>A edi\u00e7\u00e3o do in\u00edcio do ano \u00e9 que conta com a maior participa\u00e7\u00e3o de institui\u00e7\u00f5es e tamb\u00e9m a que tem a maior oferta de vagas. Na primeira edi\u00e7\u00e3o de 2023,\u00a0foram ofertadas 226.399 vagas\u00a0de 6.402 cursos de gradua\u00e7\u00e3o em 128 institui\u00e7\u00f5es federais, estaduais ou municipais de ensino, sendo 63 <a href=\"https:\/\/catracalivre.com.br\/educacao\/universidade-federal-oferece-dezenas-de-cursos-gratuitos-online\/\">universidades federais<\/a>.<\/p>\n<p>J\u00e1\u00a0a segunda edi\u00e7\u00e3o de 2023 \u00a0disponibilizou 51.277 vagas\u00a0em 1.666 cursos de gradua\u00e7\u00e3o, de 65 institui\u00e7\u00f5es de educa\u00e7\u00e3o superior.<\/p>\n<\/div>\n<p><script>\n\t\t! function(f, b, e, v, n, t, s) {\n\t\t\tif (f.fbq) return;\n\t\t\tn = f.fbq = function() {\n\t\t\t\tn.callMethod ?\n\t\t\t\t\tn.callMethod.apply(n, arguments) : n.queue.push(arguments)\n\t\t\t};\n\t\t\tif (!f._fbq) f._fbq = n;\n\t\t\tn.push = n;\n\t\t\tn.loaded = !0;\n\t\t\tn.version = '2.0';\n\t\t\tn.queue = [];\n\t\t\tt = b.createElement(e);\n\t\t\tt.async = !0;\n\t\t\tt.src = v;\n\t\t\ts = b.getElementsByTagName(e)[0];\n\t\t\ts.parentNode.insertBefore(t, s)\n\t\t}(window, document, 'script',\n\t\t\t'https:\/\/connect.facebook.net\/en_US\/fbevents.js');\n\t\tfbq('init', '338315473262380');\n\t\tfbq('track', 'PageView');\n\t<\/script><br \/>\n<br \/><br \/>\n<br \/><a href=\"https:\/\/catracalivre.com.br\/educacao\/governo-surpreende-com-mudancas-radicais-no-sisu-ja-no-ano-que-vem\/\">Source link <\/a><\/p>\n<div class='code-block code-block-4' style='margin: 8px auto 8px 0; text-align: left; display: block; clear: both;'>\n\ud83d\udce2 Aviso Legal\n\nO site ismaelcolosi.com.br atua apenas como um canal de divulga\u00e7\u00e3o de oportunidades de emprego e n\u00e3o se responsabiliza pelo processo seletivo, contrata\u00e7\u00e3o ou qualquer outra etapa relacionada \u00e0s vagas publicadas. Todas as informa\u00e7\u00f5es s\u00e3o de responsabilidade dos anunciantes.\n\n\u26a0\ufe0f Aten\u00e7\u00e3o! Nunca pague por promessas de emprego nem compre cursos que garantam contrata\u00e7\u00e3o. Desconfie de qualquer cobran\u00e7a para participar de sele\u00e7\u00f5es.\n\n\n<div data-type=\"_mgwidget\" data-widget-id=\"2000896\">\n<\/div>\n<script>(function(w,q){w[q]=w[q]||[];w[q].push([\"_mgc.load\"])})(window,\"_mgq\");\n<\/script>\n<\/div>\n<!-- CONTENT END 1 -->\n","protected":false},"excerpt":{"rendered":"<p>O Sistema de Sele\u00e7\u00e3o Unificada (Sisu) passar\u00e1 a ter apenas uma edi\u00e7\u00e3o por ano a partir de 2024. O programa seleciona estudantes para vagas em&#8230;<\/p>\n","protected":false},"author":1,"featured_media":15081,"comment_status":"open","ping_status":"open","sticky":false,"template":"","format":"standard","meta":{"_uag_custom_page_level_css":"","jetpack_post_was_ever_published":false,"_jetpack_newsletter_access":"","_jetpack_dont_email_post_to_subs":false,"_jetpack_newsletter_tier_id":0,"_jetpack_memberships_contains_paywalled_content":false,"_jetpack_memberships_contains_paid_content":false,"footnotes":"","jetpack_publicize_message":"","jetpack_publicize_feature_enabled":true,"jetpack_social_post_already_shared":true,"jetpack_social_options":{"image_generator_settings":{"template":"highway","default_image_id":0,"font":"","enabled":false},"version":2}},"categories":[19],"tags":[],"class_list":["post-15080","post","type-post","status-publish","format-standard","has-post-thumbnail","hentry","category-variedades"],"aioseo_notices":[],"jetpack_publicize_connections":[],"jetpack_featured_media_url":"https:\/\/i0.wp.com\/ismaelcolosi.com.br\/wp-content\/uploads\/2023\/12\/1702441882_sisu-mudancas-radicais-acontecerao-em-2024-fique-por-dentro-de-todas.png?fit=1200%2C638&ssl=1","uagb_featured_image_src":{"full":["https:\/\/i0.wp.com\/ismaelcolosi.com.br\/wp-content\/uploads\/2023\/12\/1702441882_sisu-mudancas-radicais-acontecerao-em-2024-fique-por-dentro-de-todas.png?fit=1200%2C638&ssl=1",1200,638,false],"thumbnail":["https:\/\/i0.wp.com\/ismaelcolosi.com.br\/wp-content\/uploads\/2023\/12\/1702441882_sisu-mudancas-radicais-acontecerao-em-2024-fique-por-dentro-de-todas.png?resize=150%2C150&ssl=1",150,150,true],"medium":["https:\/\/i0.wp.com\/ismaelcolosi.com.br\/wp-content\/uploads\/2023\/12\/1702441882_sisu-mudancas-radicais-acontecerao-em-2024-fique-por-dentro-de-todas.png?fit=300%2C160&ssl=1",300,160,true],"medium_large":["https:\/\/i0.wp.com\/ismaelcolosi.com.br\/wp-content\/uploads\/2023\/12\/1702441882_sisu-mudancas-radicais-acontecerao-em-2024-fique-por-dentro-de-todas.png?fit=768%2C408&ssl=1",768,408,true],"large":["https:\/\/i0.wp.com\/ismaelcolosi.com.br\/wp-content\/uploads\/2023\/12\/1702441882_sisu-mudancas-radicais-acontecerao-em-2024-fique-por-dentro-de-todas.png?fit=1024%2C544&ssl=1",1024,544,true],"1536x1536":["https:\/\/i0.wp.com\/ismaelcolosi.com.br\/wp-content\/uploads\/2023\/12\/1702441882_sisu-mudancas-radicais-acontecerao-em-2024-fique-por-dentro-de-todas.png?fit=1200%2C638&ssl=1",1200,638,true],"2048x2048":["https:\/\/i0.wp.com\/ismaelcolosi.com.br\/wp-content\/uploads\/2023\/12\/1702441882_sisu-mudancas-radicais-acontecerao-em-2024-fique-por-dentro-de-todas.png?fit=1200%2C638&ssl=1",1200,638,true],"really-simple-thumb":["https:\/\/i0.wp.com\/ismaelcolosi.com.br\/wp-content\/uploads\/2023\/12\/1702441882_sisu-mudancas-radicais-acontecerao-em-2024-fique-por-dentro-de-todas.png?resize=370%2C247&ssl=1",370,247,true]},"uagb_author_info":{"display_name":"ismaelcolosi.com.br","author_link":"https:\/\/ismaelcolosi.com.br\/index.php\/author\/vidareal-online\/"},"uagb_comment_info":0,"uagb_excerpt":"O Sistema de Sele\u00e7\u00e3o Unificada (Sisu) passar\u00e1 a ter apenas uma edi\u00e7\u00e3o por ano a partir de 2024. O programa seleciona estudantes para vagas em...","jetpack-related-posts":[{"id":14066,"url":"https:\/\/ismaelcolosi.com.br\/index.php\/2023\/12\/11\/sisu-passara-a-ter-apenas-uma-edicao-a-partir-de-2024\/","url_meta":{"origin":15080,"position":0},"title":"Sisu passar\u00e1 a ter apenas uma edi\u00e7\u00e3o a partir de 2024","author":"ismaelcolosi.com.br","date":"11 de December de 2023","format":false,"excerpt":"11 de dezembro de 2023 | 17:0011 de dezembro de 2023 | 14:30 0O Sistema de Sele\u00e7\u00e3o Unificada (Sisu) passar\u00e1 a ter apenas uma edi\u00e7\u00e3o por ano a partir de 2024. O programa seleciona estudantes para vagas em universidades p\u00fablicas de todo o pa\u00eds com base na nota no Exame\u2026","rel":"","context":"In &quot;Not\u00edcias de Ribeir\u00e3o Preto-SP e Regi\u00e3o&quot;","block_context":{"text":"Not\u00edcias de Ribeir\u00e3o Preto-SP e Regi\u00e3o","link":"https:\/\/ismaelcolosi.com.br\/index.php\/category\/noticias-de-ribeirao-preto-sp-e-regiao-ismael-colosi\/"},"img":{"alt_text":"","src":"https:\/\/i0.wp.com\/ismaelcolosi.com.br\/wp-content\/uploads\/2023\/12\/sisu-scaled.jpg?fit=1000%2C598&ssl=1&resize=350%2C200","width":350,"height":200,"srcset":"https:\/\/i0.wp.com\/ismaelcolosi.com.br\/wp-content\/uploads\/2023\/12\/sisu-scaled.jpg?fit=1000%2C598&ssl=1&resize=350%2C200 1x, https:\/\/i0.wp.com\/ismaelcolosi.com.br\/wp-content\/uploads\/2023\/12\/sisu-scaled.jpg?fit=1000%2C598&ssl=1&resize=525%2C300 1.5x, https:\/\/i0.wp.com\/ismaelcolosi.com.br\/wp-content\/uploads\/2023\/12\/sisu-scaled.jpg?fit=1000%2C598&ssl=1&resize=700%2C400 2x"},"classes":[]},{"id":14432,"url":"https:\/\/ismaelcolosi.com.br\/index.php\/2023\/12\/12\/sisu-passara-a-ter-apenas-uma-edicao-a-partir-de-2024-1\/","url_meta":{"origin":15080,"position":1},"title":"Sisu passar\u00e1 a ter apenas uma edi\u00e7\u00e3o a partir de 2024","author":"ismaelcolosi.com.br","date":"12 de December de 2023","format":false,"excerpt":"O Minist\u00e9rio da Educa\u00e7\u00e3o (MEC) informou que, a partir de 2024, o Sistema de Sele\u00e7\u00e3o Unificada (Sisu) passar\u00e1 a ter apenas uma edi\u00e7\u00e3o por ano. O programa \u00e9 utilizados por estudantes de todo o pa\u00eds para ingressar em universidades p\u00fablicas, a partir da nota obtida no Exame Nacional do Ensino\u2026","rel":"","context":"In &quot;Not\u00edcias de Ribeir\u00e3o Preto-SP e Regi\u00e3o&quot;","block_context":{"text":"Not\u00edcias de Ribeir\u00e3o Preto-SP e Regi\u00e3o","link":"https:\/\/ismaelcolosi.com.br\/index.php\/category\/noticias-de-ribeirao-preto-sp-e-regiao-ismael-colosi\/"},"img":{"alt_text":"","src":"https:\/\/i0.wp.com\/ismaelcolosi.com.br\/wp-content\/uploads\/2023\/12\/20230710_125723.png?fit=1170%2C700&ssl=1&resize=350%2C200","width":350,"height":200,"srcset":"https:\/\/i0.wp.com\/ismaelcolosi.com.br\/wp-content\/uploads\/2023\/12\/20230710_125723.png?fit=1170%2C700&ssl=1&resize=350%2C200 1x, https:\/\/i0.wp.com\/ismaelcolosi.com.br\/wp-content\/uploads\/2023\/12\/20230710_125723.png?fit=1170%2C700&ssl=1&resize=525%2C300 1.5x, https:\/\/i0.wp.com\/ismaelcolosi.com.br\/wp-content\/uploads\/2023\/12\/20230710_125723.png?fit=1170%2C700&ssl=1&resize=700%2C400 2x, https:\/\/i0.wp.com\/ismaelcolosi.com.br\/wp-content\/uploads\/2023\/12\/20230710_125723.png?fit=1170%2C700&ssl=1&resize=1050%2C600 3x"},"classes":[]},{"id":14670,"url":"https:\/\/ismaelcolosi.com.br\/index.php\/2023\/12\/12\/mudancas-radicais-acontecerao-em-2024-fique-por-dentro\/","url_meta":{"origin":15080,"position":2},"title":"Mudan\u00e7as radicais acontecer\u00e3o em 2024; fique por dentro","author":"ismaelcolosi.com.br","date":"12 de December de 2023","format":false,"excerpt":"O Sistema de Sele\u00e7\u00e3o Unificada (Sisu) passar\u00e1 a ter apenas uma edi\u00e7\u00e3o por ano a partir de 2024. O programa seleciona estudantes para vagas em universidades p\u00fablicas de todo o pa\u00eds com base na nota no Exame Nacional do Ensino M\u00e9dio (Enem). Cr\u00e9ditos: Ag\u00eancia BrasilSisu: Mudan\u00e7as radicais acontecer\u00e3o em 2024;\u2026","rel":"","context":"In &quot;Variedades&quot;","block_context":{"text":"Variedades","link":"https:\/\/ismaelcolosi.com.br\/index.php\/category\/variedades\/"},"img":{"alt_text":"","src":"https:\/\/i0.wp.com\/ismaelcolosi.com.br\/wp-content\/uploads\/2023\/12\/sisu-mudancas-radicais-acontecerao-em-2024-fique-por-dentro-de-todas.png?fit=1200%2C638&ssl=1&resize=350%2C200","width":350,"height":200,"srcset":"https:\/\/i0.wp.com\/ismaelcolosi.com.br\/wp-content\/uploads\/2023\/12\/sisu-mudancas-radicais-acontecerao-em-2024-fique-por-dentro-de-todas.png?fit=1200%2C638&ssl=1&resize=350%2C200 1x, https:\/\/i0.wp.com\/ismaelcolosi.com.br\/wp-content\/uploads\/2023\/12\/sisu-mudancas-radicais-acontecerao-em-2024-fique-por-dentro-de-todas.png?fit=1200%2C638&ssl=1&resize=525%2C300 1.5x, https:\/\/i0.wp.com\/ismaelcolosi.com.br\/wp-content\/uploads\/2023\/12\/sisu-mudancas-radicais-acontecerao-em-2024-fique-por-dentro-de-todas.png?fit=1200%2C638&ssl=1&resize=700%2C400 2x, https:\/\/i0.wp.com\/ismaelcolosi.com.br\/wp-content\/uploads\/2023\/12\/sisu-mudancas-radicais-acontecerao-em-2024-fique-por-dentro-de-todas.png?fit=1200%2C638&ssl=1&resize=1050%2C600 3x"},"classes":[]},{"id":32457,"url":"https:\/\/ismaelcolosi.com.br\/index.php\/2024\/01\/25\/terminam-hoje-as-inscricoes-para-o-sisu\/","url_meta":{"origin":15080,"position":3},"title":"Terminam hoje as inscri\u00e7\u00f5es para o Sisu","author":"ismaelcolosi.com.br","date":"25 de January de 2024","format":false,"excerpt":"25 de janeiro de 2024 | 8:3024 de janeiro de 2024 | 16:56 0As inscri\u00e7\u00f5es para o Sistema de Sele\u00e7\u00e3o Unificada (Sisu) 2024 terminam nesta quinta-feira (25), e at\u00e9 as 23h59, hor\u00e1rio que encerra essa fase, os estudantes devem conferir a classifica\u00e7\u00e3o, por meio do\u00a0Portal \u00danico de Acesso ao Ensino\u2026","rel":"","context":"In &quot;Not\u00edcias de Ribeir\u00e3o Preto-SP e Regi\u00e3o&quot;","block_context":{"text":"Not\u00edcias de Ribeir\u00e3o Preto-SP e Regi\u00e3o","link":"https:\/\/ismaelcolosi.com.br\/index.php\/category\/noticias-de-ribeirao-preto-sp-e-regiao-ismael-colosi\/"},"img":{"alt_text":"","src":"https:\/\/i0.wp.com\/ismaelcolosi.com.br\/wp-content\/uploads\/2024\/01\/sisu-scaled.jpg?fit=1000%2C598&ssl=1&resize=350%2C200","width":350,"height":200,"srcset":"https:\/\/i0.wp.com\/ismaelcolosi.com.br\/wp-content\/uploads\/2024\/01\/sisu-scaled.jpg?fit=1000%2C598&ssl=1&resize=350%2C200 1x, https:\/\/i0.wp.com\/ismaelcolosi.com.br\/wp-content\/uploads\/2024\/01\/sisu-scaled.jpg?fit=1000%2C598&ssl=1&resize=525%2C300 1.5x, https:\/\/i0.wp.com\/ismaelcolosi.com.br\/wp-content\/uploads\/2024\/01\/sisu-scaled.jpg?fit=1000%2C598&ssl=1&resize=700%2C400 2x"},"classes":[]},{"id":35160,"url":"https:\/\/ismaelcolosi.com.br\/index.php\/2024\/02\/05\/sisu-selecionados-tem-ate-quarta-feira-para-fazer-matricula\/","url_meta":{"origin":15080,"position":4},"title":"SISU: selecionados t\u00eam at\u00e9 quarta-feira para fazer matr\u00edcula","author":"ismaelcolosi.com.br","date":"5 de February de 2024","format":false,"excerpt":"5 de fevereiro de 2024 | 13:005 de fevereiro de 2024 | 10:31 0Estudantes selecionados na primeira chamada do processo seletivo de 2024 do Sistema de Sele\u00e7\u00e3o Unificada (Sisu) t\u00eam at\u00e9 quarta-feira (7) para fazer a matr\u00edcula ou o registro acad\u00eamico na institui\u00e7\u00e3o para a qual foram admitidos.O Minist\u00e9rio da\u2026","rel":"","context":"In &quot;Not\u00edcias de Ribeir\u00e3o Preto-SP e Regi\u00e3o&quot;","block_context":{"text":"Not\u00edcias de Ribeir\u00e3o Preto-SP e Regi\u00e3o","link":"https:\/\/ismaelcolosi.com.br\/index.php\/category\/noticias-de-ribeirao-preto-sp-e-regiao-ismael-colosi\/"},"img":{"alt_text":"","src":"https:\/\/i0.wp.com\/ismaelcolosi.com.br\/wp-content\/uploads\/2024\/02\/sisu-scaled.jpg?fit=1000%2C598&ssl=1&resize=350%2C200","width":350,"height":200,"srcset":"https:\/\/i0.wp.com\/ismaelcolosi.com.br\/wp-content\/uploads\/2024\/02\/sisu-scaled.jpg?fit=1000%2C598&ssl=1&resize=350%2C200 1x, https:\/\/i0.wp.com\/ismaelcolosi.com.br\/wp-content\/uploads\/2024\/02\/sisu-scaled.jpg?fit=1000%2C598&ssl=1&resize=525%2C300 1.5x, https:\/\/i0.wp.com\/ismaelcolosi.com.br\/wp-content\/uploads\/2024\/02\/sisu-scaled.jpg?fit=1000%2C598&ssl=1&resize=700%2C400 2x"},"classes":[]},{"id":22735,"url":"https:\/\/ismaelcolosi.com.br\/index.php\/2023\/12\/30\/sisu-tera-edicao-unica-em-2024\/","url_meta":{"origin":15080,"position":5},"title":"Inscri\u00e7\u00f5es para o Sisu come\u00e7am dia 22 e v\u00e3o at\u00e9 25 de janeiro","author":"ismaelcolosi.com.br","date":"30 de December de 2023","format":false,"excerpt":"30 de dezembro de 2023 | 18:0029 de dezembro de 2023 | 19:13 0O acesso a vagas do ensino superior por meio do Sistema de Sistema de Sele\u00e7\u00e3o Unificada (Sisu) ocorrer\u00e1 pela primeira vez em apenas uma edi\u00e7\u00e3o, em janeiro de 2024. A informa\u00e7\u00e3o consta de divulga\u00e7\u00e3o feita pelo governo\u2026","rel":"","context":"In &quot;Not\u00edcias de Ribeir\u00e3o Preto-SP e Regi\u00e3o&quot;","block_context":{"text":"Not\u00edcias de Ribeir\u00e3o Preto-SP e Regi\u00e3o","link":"https:\/\/ismaelcolosi.com.br\/index.php\/category\/noticias-de-ribeirao-preto-sp-e-regiao-ismael-colosi\/"},"img":{"alt_text":"","src":"https:\/\/i0.wp.com\/ismaelcolosi.com.br\/wp-content\/uploads\/2023\/12\/1703978981_sisu-scaled.jpg?fit=1000%2C598&ssl=1&resize=350%2C200","width":350,"height":200,"srcset":"https:\/\/i0.wp.com\/ismaelcolosi.com.br\/wp-content\/uploads\/2023\/12\/1703978981_sisu-scaled.jpg?fit=1000%2C598&ssl=1&resize=350%2C200 1x, https:\/\/i0.wp.com\/ismaelcolosi.com.br\/wp-content\/uploads\/2023\/12\/1703978981_sisu-scaled.jpg?fit=1000%2C598&ssl=1&resize=525%2C300 1.5x, https:\/\/i0.wp.com\/ismaelcolosi.com.br\/wp-content\/uploads\/2023\/12\/1703978981_sisu-scaled.jpg?fit=1000%2C598&ssl=1&resize=700%2C400 2x"},"classes":[]}],"jetpack_sharing_enabled":true,"jetpack_shortlink":"https:\/\/wp.me\/pfMlyK-3Ve","_links":{"self":[{"href":"https:\/\/ismaelcolosi.com.br\/index.php\/wp-json\/wp\/v2\/posts\/15080","targetHints":{"allow":["GET"]}}],"collection":[{"href":"https:\/\/ismaelcolosi.com.br\/index.php\/wp-json\/wp\/v2\/posts"}],"about":[{"href":"https:\/\/ismaelcolosi.com.br\/index.php\/wp-json\/wp\/v2\/types\/post"}],"author":[{"embeddable":true,"href":"https:\/\/ismaelcolosi.com.br\/index.php\/wp-json\/wp\/v2\/users\/1"}],"replies":[{"embeddable":true,"href":"https:\/\/ismaelcolosi.com.br\/index.php\/wp-json\/wp\/v2\/comments?post=15080"}],"version-history":[{"count":0,"href":"https:\/\/ismaelcolosi.com.br\/index.php\/wp-json\/wp\/v2\/posts\/15080\/revisions"}],"wp:featuredmedia":[{"embeddable":true,"href":"https:\/\/ismaelcolosi.com.br\/index.php\/wp-json\/wp\/v2\/media\/15081"}],"wp:attachment":[{"href":"https:\/\/ismaelcolosi.com.br\/index.php\/wp-json\/wp\/v2\/media?parent=15080"}],"wp:term":[{"taxonomy":"category","embeddable":true,"href":"https:\/\/ismaelcolosi.com.br\/index.php\/wp-json\/wp\/v2\/categories?post=15080"},{"taxonomy":"post_tag","embeddable":true,"href":"https:\/\/ismaelcolosi.com.br\/index.php\/wp-json\/wp\/v2\/tags?post=15080"}],"curies":[{"name":"wp","href":"https:\/\/api.w.org\/{rel}","templated":true}]}}