{"id":15022,"date":"2023-12-12T22:43:43","date_gmt":"2023-12-13T01:43:43","guid":{"rendered":"https:\/\/ismaelcolosi.com.br\/index.php\/2023\/12\/12\/estes-sao-os-sinais-de-gonorreia-em-mulheres-e-homens\/"},"modified":"2023-12-12T22:43:43","modified_gmt":"2023-12-13T01:43:43","slug":"estes-sao-os-sinais-de-gonorreia-em-mulheres-e-homens","status":"publish","type":"post","link":"https:\/\/ismaelcolosi.com.br\/index.php\/2023\/12\/12\/estes-sao-os-sinais-de-gonorreia-em-mulheres-e-homens\/","title":{"rendered":"Estes s\u00e3o os sinais de gonorreia em mulheres e homens"},"content":{"rendered":"<p> [ad_1]<br \/>\n<\/p>\n<div>\n<p>A gonorreia \u00e9 uma infec\u00e7\u00e3o sexualmente transmiss\u00edvel (<a href=\"https:\/\/catracalivre.com.br\/saude-bem-estar\/sera-que-peguei-alguma-coisa-como-identifico-uma-ist\/\" target=\"_blank\" rel=\"noopener\">IST<\/a>) causada pela bact\u00e9ria Neisseria gonorrhoeae. Essa \u00e9 a segunda IST bacteriana mais comum no mundo depois da <a href=\"https:\/\/catracalivre.com.br\/saude-bem-estar\/vacina-contra-clamidia-demonstra-eficiencia-em-1o-teste-em-humanos\/\" target=\"_blank\" rel=\"noopener\">clam\u00eddia<\/a>.<\/p>\n<p>Ela \u00e9 transmitida atrav\u00e9s de qualquer tipo de rela\u00e7\u00e3o sexual (vaginal, anal e oral).<\/p>\n<p>Uma mulher que contrai gonorreia durante a gravidez pode transmitir a infec\u00e7\u00e3o ao feto durante o parto, causando conjuntivite neonatal.<\/p>\n<div id=\"attachment_2314181\" class=\"wp-caption alignnone\">\n<div class=\"d-flex justify-content-center\" data-attachment-id=\"2314181\">\n<div class=\"position-relative d-inline-block\"><img data-recalc-dims=\"1\" data-portal-copyright=\"iLexx\/istock\" fetchpriority=\"high\" decoding=\"async\" class=\"size-large wp-image-2314181\" src=\"https:\/\/i0.wp.com\/catracalivre.com.br\/wp-content\/uploads\/2023\/11\/istock-1366769693-1-910x728.jpg?resize=910%2C728&#038;ssl=1\" alt=\"Neisseria gonorrhoeae, a bact\u00e9ria respons\u00e1vel pela infec\u00e7\u00e3o sexualmente transmiss\u00edvel gonorreia\" width=\"910\" height=\"728\" srcset=\"https:\/\/catracalivre.com.br\/wp-content\/uploads\/2023\/11\/istock-1366769693-1-910x728.jpg 910w, https:\/\/catracalivre.com.br\/wp-content\/uploads\/2023\/11\/istock-1366769693-1-450x360.jpg 450w, https:\/\/catracalivre.com.br\/wp-content\/uploads\/2023\/11\/istock-1366769693-1-768x614.jpg 768w\" sizes=\"(max-width: 910px) 100vw, 910px\"\/><\/p>\n<p>Cr\u00e9ditos: iLexx\/istock<\/p>\n<\/div>\n<\/div>\n<p><span class=\"post-imagem__legenda\">Neisseria gonorrhoeae, a bact\u00e9ria respons\u00e1vel pela infec\u00e7\u00e3o sexualmente transmiss\u00edvel gonorreia<\/span><\/p>\n<\/div>\n<h2>Sintomas<\/h2>\n<p>Estima-se que mais de 50% das mulheres infectadas e aproximadamente 20% dos homens sejam assintom\u00e1ticos.<\/p>\n<p>As manifesta\u00e7\u00f5es cl\u00ednicas, quando detect\u00e1veis, aparecem 1 a 7 dias ap\u00f3s a infec\u00e7\u00e3o.<\/p>\n<p>Nas <strong>mulheres<\/strong>, a principal manifesta\u00e7\u00e3o cl\u00ednica \u00e9 a uretrite (inflama\u00e7\u00e3o ou infec\u00e7\u00e3o da uretra), com sensa\u00e7\u00e3o de queima\u00e7\u00e3o e dificuldade para urinar.<\/p>\n<p>Pode haver tamb\u00e9m:<\/p>\n<ul>\n<li>inflama\u00e7\u00e3o no colo uterino com corrimento amarelo-esverdeado<\/li>\n<li>dor durante ou ap\u00f3s a rela\u00e7\u00e3o sexual<\/li>\n<li>coceira vaginal e\/ou dificuldade para urinar.<\/li>\n<\/ul>\n<p>Nos <strong>homens<\/strong>, a gonorreia se manifesta como uma uretrite com secre\u00e7\u00f5es abundantes, espessas, amarelo-esverdeadas, sensa\u00e7\u00e3o de queima\u00e7\u00e3o e dificuldade para urinar.<\/p>\n<p>Se transmitida atrav\u00e9s de rela\u00e7\u00f5es anais, a gonorreia \u00e9 frequentemente assintom\u00e1tica; em alguns casos, pode ocorrer dor anal com secre\u00e7\u00f5es purulentas espessas e sangramento, coceira anal, evacua\u00e7\u00f5es dolorosas.<\/p>\n<p>Se transmitida atrav\u00e9s de rela\u00e7\u00f5es sexuais orais, a gonorreia pode infectar a garganta e causar faringite em ambos os sexos.<\/p>\n<p>Em adultos, a conjuntivite pode ocorrer devido \u00e0 contamina\u00e7\u00e3o acidental atrav\u00e9s das m\u00e3os infectadas.<\/p>\n<h2>Como \u00e9 feito o diagn\u00f3stico da gonorreia?<\/h2>\n<p>A gonorreia urogenital pode ser diagnosticada atrav\u00e9s de testes de urina, amostras uretrais (para homens) ou endocervicais ou vaginais (para mulheres).<\/p>\n<p>Existem outros exames que podem ser utilizados, como a microscopia, a cultura e a detec\u00e7\u00e3o de ant\u00edgeno.<\/p>\n<h2>Quando procurar atendimento m\u00e9dico?<\/h2>\n<p>O <a href=\"https:\/\/www.gov.br\/saude\/pt-br\" target=\"_blank\" rel=\"noopener\">Minist\u00e9rio da Sa\u00fade<\/a> recomenda procurar um servi\u00e7o de sa\u00fade para o diagn\u00f3stico correto na presen\u00e7a de qualquer sinal ou sintoma dessas <a href=\"https:\/\/catracalivre.com.br\/saude-bem-estar\/sinais-de-infeccao-sexualmente-transmissivel-que-aparecem-no-rosto\/\" target=\"_blank\" rel=\"noopener\">IST<\/a>.<\/p>\n<p>Al\u00e9m disso, \u00e9 importante suspender as rela\u00e7\u00f5es sexuais e, tendo o diagn\u00f3stico confirmado, avisar os eventuais parceiros para que tamb\u00e9m fa\u00e7am o teste.<\/p>\n<\/div>\n<p><script>\n\t\t! function(f, b, e, v, n, t, s) {\n\t\t\tif (f.fbq) return;\n\t\t\tn = f.fbq = function() {\n\t\t\t\tn.callMethod ?\n\t\t\t\t\tn.callMethod.apply(n, arguments) : n.queue.push(arguments)\n\t\t\t};\n\t\t\tif (!f._fbq) f._fbq = n;\n\t\t\tn.push = n;\n\t\t\tn.loaded = !0;\n\t\t\tn.version = '2.0';\n\t\t\tn.queue = [];\n\t\t\tt = b.createElement(e);\n\t\t\tt.async = !0;\n\t\t\tt.src = v;\n\t\t\ts = b.getElementsByTagName(e)[0];\n\t\t\ts.parentNode.insertBefore(t, s)\n\t\t}(window, document, 'script',\n\t\t\t'https:\/\/connect.facebook.net\/en_US\/fbevents.js');\n\t\tfbq('init', '338315473262380');\n\t\tfbq('track', 'PageView');\n\t<\/script><br \/>\n<br \/>[ad_2]<br \/>\n<br \/><a href=\"https:\/\/catracalivre.com.br\/saude-bem-estar\/estes-sao-os-sinais-de-gonorreia-em-mulheres-e-homens\/\" target=\"_blank\" rel=\"noopener\">Source link <\/a><\/p>\n<div class='code-block code-block-4' style='margin: 8px auto 8px 0; text-align: left; display: block; clear: both;'>\n\ud83d\udce2 Aviso Legal\n\nO site ismaelcolosi.com.br atua apenas como um canal de divulga\u00e7\u00e3o de oportunidades de emprego e n\u00e3o se responsabiliza pelo processo seletivo, contrata\u00e7\u00e3o ou qualquer outra etapa relacionada \u00e0s vagas publicadas. Todas as informa\u00e7\u00f5es s\u00e3o de responsabilidade dos anunciantes.\n\n\u26a0\ufe0f Aten\u00e7\u00e3o! Nunca pague por promessas de emprego nem compre cursos que garantam contrata\u00e7\u00e3o. Desconfie de qualquer cobran\u00e7a para participar de sele\u00e7\u00f5es.\n\n\n\n<\/div>\n<!-- CONTENT END 1 -->\n","protected":false},"excerpt":{"rendered":"<p>[ad_1] A gonorreia \u00e9 uma infec\u00e7\u00e3o sexualmente transmiss\u00edvel (IST) causada pela bact\u00e9ria Neisseria gonorrhoeae. Essa \u00e9 a segunda IST bacteriana mais comum no mundo depois da clam\u00eddia. Ela \u00e9 transmitida atrav\u00e9s de qualquer tipo de rela\u00e7\u00e3o sexual (vaginal, anal e oral). Uma mulher que contrai gonorreia durante a gravidez pode transmitir a infec\u00e7\u00e3o ao feto&hellip;&nbsp;<\/p>\n","protected":false},"author":1,"featured_media":15023,"comment_status":"open","ping_status":"open","sticky":false,"template":"","format":"standard","meta":{"_uag_custom_page_level_css":"","neve_meta_sidebar":"","neve_meta_container":"","neve_meta_enable_content_width":"","neve_meta_content_width":0,"neve_meta_title_alignment":"","neve_meta_author_avatar":"","neve_post_elements_order":"","neve_meta_disable_header":"","neve_meta_disable_footer":"","neve_meta_disable_title":"","_jetpack_newsletter_access":"","_jetpack_dont_email_post_to_subs":false,"_jetpack_newsletter_tier_id":0,"_jetpack_memberships_contains_paywalled_content":false,"_jetpack_memberships_contains_paid_content":false,"footnotes":""},"categories":[19],"tags":[],"class_list":["post-15022","post","type-post","status-publish","format-standard","has-post-thumbnail","hentry","category-variedades"],"uagb_featured_image_src":{"full":["https:\/\/i0.wp.com\/ismaelcolosi.com.br\/wp-content\/uploads\/2023\/12\/istock-1366769693-1.jpg?fit=1200%2C638&ssl=1",1200,638,false],"thumbnail":["https:\/\/i0.wp.com\/ismaelcolosi.com.br\/wp-content\/uploads\/2023\/12\/istock-1366769693-1.jpg?resize=150%2C150&ssl=1",150,150,true],"medium":["https:\/\/i0.wp.com\/ismaelcolosi.com.br\/wp-content\/uploads\/2023\/12\/istock-1366769693-1.jpg?fit=300%2C160&ssl=1",300,160,true],"medium_large":["https:\/\/i0.wp.com\/ismaelcolosi.com.br\/wp-content\/uploads\/2023\/12\/istock-1366769693-1.jpg?fit=768%2C408&ssl=1",768,408,true],"large":["https:\/\/i0.wp.com\/ismaelcolosi.com.br\/wp-content\/uploads\/2023\/12\/istock-1366769693-1.jpg?fit=1024%2C544&ssl=1",1024,544,true],"1536x1536":["https:\/\/i0.wp.com\/ismaelcolosi.com.br\/wp-content\/uploads\/2023\/12\/istock-1366769693-1.jpg?fit=1200%2C638&ssl=1",1200,638,true],"2048x2048":["https:\/\/i0.wp.com\/ismaelcolosi.com.br\/wp-content\/uploads\/2023\/12\/istock-1366769693-1.jpg?fit=1200%2C638&ssl=1",1200,638,true],"neve-blog":["https:\/\/i0.wp.com\/ismaelcolosi.com.br\/wp-content\/uploads\/2023\/12\/istock-1366769693-1.jpg?resize=930%2C620&ssl=1",930,620,true]},"uagb_author_info":{"display_name":"ismaelcolosi.com.br","author_link":"https:\/\/ismaelcolosi.com.br\/author\/vidareal-online\/"},"uagb_comment_info":0,"uagb_excerpt":"[ad_1] A gonorreia \u00e9 uma infec\u00e7\u00e3o sexualmente transmiss\u00edvel (IST) causada pela bact\u00e9ria Neisseria gonorrhoeae. Essa \u00e9 a segunda IST bacteriana mais comum no mundo depois da clam\u00eddia. Ela \u00e9 transmitida atrav\u00e9s de qualquer tipo de rela\u00e7\u00e3o sexual (vaginal, anal e oral). Uma mulher que contrai gonorreia durante a gravidez pode transmitir a infec\u00e7\u00e3o ao feto&hellip;&nbsp;","jetpack-related-posts":[{"id":18762,"url":"https:\/\/ismaelcolosi.com.br\/index.php\/2023\/12\/21\/voce-pode-pegar-clamidia-tambem-nesta-parte-do-corpo\/","url_meta":{"origin":15022,"position":0},"title":"Voc\u00ea pode pegar clam\u00eddia tamb\u00e9m nesta parte do corpo","author":"ismaelcolosi.com.br","date":"21 de Dezembro de 2023","format":false,"excerpt":"[ad_1] A clam\u00eddia \u00e9 uma infec\u00e7\u00e3o sexualmente transmiss\u00edvel que geralmente se manifesta nas \u00e1reas genitais, mas poucas pessoas sabem que ela tamb\u00e9m pode atingir outras partes do corpo, incluindo boca, garganta e os olhos. A clam\u00eddia \u00e9 transmitida por meio do contato sexual\u00a0(anal, oral ou vaginal) ou pela forma cong\u00eanita\u2026","rel":"","context":"In &quot;Variedades&quot;","block_context":{"text":"Variedades","link":"https:\/\/ismaelcolosi.com.br\/index.php\/category\/variedades\/"},"img":{"alt_text":"","src":"https:\/\/i0.wp.com\/ismaelcolosi.com.br\/wp-content\/uploads\/2023\/12\/istock-1364931119.jpg?fit=1200%2C638&ssl=1&resize=350%2C200","width":350,"height":200,"srcset":"https:\/\/i0.wp.com\/ismaelcolosi.com.br\/wp-content\/uploads\/2023\/12\/istock-1364931119.jpg?fit=1200%2C638&ssl=1&resize=350%2C200 1x, https:\/\/i0.wp.com\/ismaelcolosi.com.br\/wp-content\/uploads\/2023\/12\/istock-1364931119.jpg?fit=1200%2C638&ssl=1&resize=525%2C300 1.5x, https:\/\/i0.wp.com\/ismaelcolosi.com.br\/wp-content\/uploads\/2023\/12\/istock-1364931119.jpg?fit=1200%2C638&ssl=1&resize=700%2C400 2x, https:\/\/i0.wp.com\/ismaelcolosi.com.br\/wp-content\/uploads\/2023\/12\/istock-1364931119.jpg?fit=1200%2C638&ssl=1&resize=1050%2C600 3x"},"classes":[]},{"id":7693,"url":"https:\/\/ismaelcolosi.com.br\/index.php\/2023\/11\/28\/casos-de-ist-rara-que-provoca-danos-cerebrais-acendem-alerta\/","url_meta":{"origin":15022,"position":1},"title":"Casos de IST rara que provoca danos cerebrais acendem alerta","author":"ismaelcolosi.com.br","date":"28 de Novembro de 2023","format":false,"excerpt":"[ad_1] Autoridades de sa\u00fade dos Estados Unidos acenderam alerta o para a s\u00edfilis ocular depois que cinco mulheres de Michigan contra\u00edram a infec\u00e7\u00e3o sexualmente transmiss\u00edvel (IST). As mulheres se relacionarem sexualmente com o mesmo homem. N\u00e3o \u00e9 comum que a bact\u00e9ria da s\u00edfilis, Treponema pallidum, infecte os olhos. Normalmente, isso\u2026","rel":"","context":"In &quot;Variedades&quot;","block_context":{"text":"Variedades","link":"https:\/\/ismaelcolosi.com.br\/index.php\/category\/variedades\/"},"img":{"alt_text":"","src":"https:\/\/i0.wp.com\/ismaelcolosi.com.br\/wp-content\/uploads\/2023\/11\/istock-643089918.jpg?fit=1200%2C638&ssl=1&resize=350%2C200","width":350,"height":200,"srcset":"https:\/\/i0.wp.com\/ismaelcolosi.com.br\/wp-content\/uploads\/2023\/11\/istock-643089918.jpg?fit=1200%2C638&ssl=1&resize=350%2C200 1x, https:\/\/i0.wp.com\/ismaelcolosi.com.br\/wp-content\/uploads\/2023\/11\/istock-643089918.jpg?fit=1200%2C638&ssl=1&resize=525%2C300 1.5x, https:\/\/i0.wp.com\/ismaelcolosi.com.br\/wp-content\/uploads\/2023\/11\/istock-643089918.jpg?fit=1200%2C638&ssl=1&resize=700%2C400 2x, https:\/\/i0.wp.com\/ismaelcolosi.com.br\/wp-content\/uploads\/2023\/11\/istock-643089918.jpg?fit=1200%2C638&ssl=1&resize=1050%2C600 3x"},"classes":[]},{"id":19041,"url":"https:\/\/ismaelcolosi.com.br\/index.php\/2023\/12\/21\/estas-sao-as-condicoes-que-podem-explicar-cheiro-forte-da-sua-urina\/","url_meta":{"origin":15022,"position":2},"title":"Estas s\u00e3o as condi\u00e7\u00f5es que podem explicar cheiro forte da sua urina","author":"ismaelcolosi.com.br","date":"21 de Dezembro de 2023","format":false,"excerpt":"[ad_1] A presen\u00e7a de um cheiro forte na urina pode ser causada por diversos fatores e, na maioria das vezes, n\u00e3o \u00e9 motivo de preocupa\u00e7\u00e3o. Por\u00e9m, alguns casos, condi\u00e7\u00f5es m\u00e9dicas que merecem aten\u00e7\u00e3o podem estar por tr\u00e1s disso. Toda urina tem um cheiro caracter\u00edstico causado pela presen\u00e7a de uma subst\u00e2ncia\u2026","rel":"","context":"In &quot;Variedades&quot;","block_context":{"text":"Variedades","link":"https:\/\/ismaelcolosi.com.br\/index.php\/category\/variedades\/"},"img":{"alt_text":"","src":"https:\/\/i0.wp.com\/ismaelcolosi.com.br\/wp-content\/uploads\/2023\/12\/istock-1223416558.jpg?fit=1200%2C638&ssl=1&resize=350%2C200","width":350,"height":200,"srcset":"https:\/\/i0.wp.com\/ismaelcolosi.com.br\/wp-content\/uploads\/2023\/12\/istock-1223416558.jpg?fit=1200%2C638&ssl=1&resize=350%2C200 1x, https:\/\/i0.wp.com\/ismaelcolosi.com.br\/wp-content\/uploads\/2023\/12\/istock-1223416558.jpg?fit=1200%2C638&ssl=1&resize=525%2C300 1.5x, https:\/\/i0.wp.com\/ismaelcolosi.com.br\/wp-content\/uploads\/2023\/12\/istock-1223416558.jpg?fit=1200%2C638&ssl=1&resize=700%2C400 2x, https:\/\/i0.wp.com\/ismaelcolosi.com.br\/wp-content\/uploads\/2023\/12\/istock-1223416558.jpg?fit=1200%2C638&ssl=1&resize=1050%2C600 3x"},"classes":[]},{"id":45115,"url":"https:\/\/ismaelcolosi.com.br\/index.php\/2024\/04\/02\/brasil-passa-a-adotar-esquema-de-dose-unica-contra-o-hpv\/","url_meta":{"origin":15022,"position":3},"title":"Brasil passa a adotar esquema de dose \u00fanica contra o HPV","author":"ismaelcolosi.com.br","date":"2 de Abril de 2024","format":false,"excerpt":"[ad_1] 2 de abril de 2024 | 13:002 de abril de 2024 | 10:14 0 A vacina\u00e7\u00e3o contra o HPV no Brasil, a partir de agora, passa a ser feita em dose \u00fanica. O an\u00fancio foi feito pela ministra da Sa\u00fade, N\u00edsia Trindade, na noite dessa segunda-feira (1\u00ba). At\u00e9 ent\u00e3o,\u2026","rel":"","context":"In &quot;Not\u00edcias de Ribeir\u00e3o Preto-SP e Regi\u00e3o&quot;","block_context":{"text":"Not\u00edcias de Ribeir\u00e3o Preto-SP e Regi\u00e3o","link":"https:\/\/ismaelcolosi.com.br\/index.php\/category\/noticias-de-ribeirao-preto-sp-e-regiao-ismael-colosi\/"},"img":{"alt_text":"","src":"https:\/\/i0.wp.com\/ismaelcolosi.com.br\/wp-content\/uploads\/2024\/04\/da535cd8-81f0-48af-9454-afef34580402.jpg?fit=750%2C500&ssl=1&resize=350%2C200","width":350,"height":200,"srcset":"https:\/\/i0.wp.com\/ismaelcolosi.com.br\/wp-content\/uploads\/2024\/04\/da535cd8-81f0-48af-9454-afef34580402.jpg?fit=750%2C500&ssl=1&resize=350%2C200 1x, https:\/\/i0.wp.com\/ismaelcolosi.com.br\/wp-content\/uploads\/2024\/04\/da535cd8-81f0-48af-9454-afef34580402.jpg?fit=750%2C500&ssl=1&resize=525%2C300 1.5x, https:\/\/i0.wp.com\/ismaelcolosi.com.br\/wp-content\/uploads\/2024\/04\/da535cd8-81f0-48af-9454-afef34580402.jpg?fit=750%2C500&ssl=1&resize=700%2C400 2x"},"classes":[]},{"id":10072,"url":"https:\/\/ismaelcolosi.com.br\/index.php\/2023\/12\/03\/casos-de-sifilis-e-de-hiv-aids-aumentam-entre-homens-jovens\/","url_meta":{"origin":15022,"position":4},"title":"Casos de s\u00edfilis e de HIV\/aids aumentam entre homens jovens\u00a0","author":"ismaelcolosi.com.br","date":"3 de Dezembro de 2023","format":false,"excerpt":"[ad_1] Dados do Minist\u00e9rio da Sa\u00fade indicam que o pa\u00eds vem registrando queda nos casos de HIV\/aids, mas n\u00e3o entre homens de 15 a 29 anos. Nesta faixa, o \u00edndice tem aumentado, chegando, em 2021, a 53,3% dos infectados de 25 a 29 anos. Os n\u00fameros da pasta tamb\u00e9m registram\u2026","rel":"","context":"In &quot;Not\u00edcias de Ribeir\u00e3o Preto-SP e Regi\u00e3o&quot;","block_context":{"text":"Not\u00edcias de Ribeir\u00e3o Preto-SP e Regi\u00e3o","link":"https:\/\/ismaelcolosi.com.br\/index.php\/category\/noticias-de-ribeirao-preto-sp-e-regiao-ismael-colosi\/"},"img":{"alt_text":"","src":"https:\/\/i0.wp.com\/ismaelcolosi.com.br\/wp-content\/uploads\/2023\/12\/aids-scaled.jpg?fit=1000%2C598&ssl=1&resize=350%2C200","width":350,"height":200,"srcset":"https:\/\/i0.wp.com\/ismaelcolosi.com.br\/wp-content\/uploads\/2023\/12\/aids-scaled.jpg?fit=1000%2C598&ssl=1&resize=350%2C200 1x, https:\/\/i0.wp.com\/ismaelcolosi.com.br\/wp-content\/uploads\/2023\/12\/aids-scaled.jpg?fit=1000%2C598&ssl=1&resize=525%2C300 1.5x, https:\/\/i0.wp.com\/ismaelcolosi.com.br\/wp-content\/uploads\/2023\/12\/aids-scaled.jpg?fit=1000%2C598&ssl=1&resize=700%2C400 2x"},"classes":[]},{"id":10412,"url":"https:\/\/ismaelcolosi.com.br\/index.php\/2023\/12\/04\/casos-de-sifilis-e-de-hiv-aids-aumentam-entre-homens-jovens-2\/","url_meta":{"origin":15022,"position":5},"title":"Casos de s\u00edfilis e de HIV\/aids aumentam entre homens jovens \u2013 Folha de Ribeir\u00e3o","author":"ismaelcolosi.com.br","date":"4 de Dezembro de 2023","format":false,"excerpt":"[ad_1] Dados do Minist\u00e9rio da Sa\u00fade indicam que o pa\u00eds vem registrando\u00a0queda nos casos de HIV\/aids, mas n\u00e3o entre homens de 15 a 29 anos. Nesta faixa,\u00a0o \u00edndice tem aumentado, chegando,\u00a0em 2021, a 53,3% dos infectados\u00a0de 25 a 29 anos. Os n\u00fameros da pasta tamb\u00e9m registram crescimento dos casos de\u2026","rel":"","context":"In &quot;Not\u00edcias de Ribeir\u00e3o Preto-SP e Regi\u00e3o&quot;","block_context":{"text":"Not\u00edcias de Ribeir\u00e3o Preto-SP e Regi\u00e3o","link":"https:\/\/ismaelcolosi.com.br\/index.php\/category\/noticias-de-ribeirao-preto-sp-e-regiao-ismael-colosi\/"},"img":{"alt_text":"","src":"","width":0,"height":0},"classes":[]}],"jetpack_sharing_enabled":true,"jetpack_shortlink":"https:\/\/wp.me\/pfMlyK-3Ui","jetpack_featured_media_url":"https:\/\/i0.wp.com\/ismaelcolosi.com.br\/wp-content\/uploads\/2023\/12\/istock-1366769693-1.jpg?fit=1200%2C638&ssl=1","_links":{"self":[{"href":"https:\/\/ismaelcolosi.com.br\/index.php\/wp-json\/wp\/v2\/posts\/15022","targetHints":{"allow":["GET"]}}],"collection":[{"href":"https:\/\/ismaelcolosi.com.br\/index.php\/wp-json\/wp\/v2\/posts"}],"about":[{"href":"https:\/\/ismaelcolosi.com.br\/index.php\/wp-json\/wp\/v2\/types\/post"}],"author":[{"embeddable":true,"href":"https:\/\/ismaelcolosi.com.br\/index.php\/wp-json\/wp\/v2\/users\/1"}],"replies":[{"embeddable":true,"href":"https:\/\/ismaelcolosi.com.br\/index.php\/wp-json\/wp\/v2\/comments?post=15022"}],"version-history":[{"count":0,"href":"https:\/\/ismaelcolosi.com.br\/index.php\/wp-json\/wp\/v2\/posts\/15022\/revisions"}],"wp:featuredmedia":[{"embeddable":true,"href":"https:\/\/ismaelcolosi.com.br\/index.php\/wp-json\/wp\/v2\/media\/15023"}],"wp:attachment":[{"href":"https:\/\/ismaelcolosi.com.br\/index.php\/wp-json\/wp\/v2\/media?parent=15022"}],"wp:term":[{"taxonomy":"category","embeddable":true,"href":"https:\/\/ismaelcolosi.com.br\/index.php\/wp-json\/wp\/v2\/categories?post=15022"},{"taxonomy":"post_tag","embeddable":true,"href":"https:\/\/ismaelcolosi.com.br\/index.php\/wp-json\/wp\/v2\/tags?post=15022"}],"curies":[{"name":"wp","href":"https:\/\/api.w.org\/{rel}","templated":true}]}}