{"id":14670,"date":"2023-12-12T10:49:23","date_gmt":"2023-12-12T13:49:23","guid":{"rendered":"https:\/\/ismaelcolosi.com.br\/index.php\/2023\/12\/12\/mudancas-radicais-acontecerao-em-2024-fique-por-dentro\/"},"modified":"2023-12-12T10:49:23","modified_gmt":"2023-12-12T13:49:23","slug":"mudancas-radicais-acontecerao-em-2024-fique-por-dentro","status":"publish","type":"post","link":"https:\/\/ismaelcolosi.com.br\/index.php\/2023\/12\/12\/mudancas-radicais-acontecerao-em-2024-fique-por-dentro\/","title":{"rendered":"Mudan\u00e7as radicais acontecer\u00e3o em 2024; fique por dentro"},"content":{"rendered":"<p> [ad_1]<br \/>\n<\/p>\n<div>\n<p>O Sistema de Sele\u00e7\u00e3o Unificada (<a href=\"https:\/\/catracalivre.com.br\/educacao\/mec-sisu-prouni-fies\/\" target=\"_blank\" rel=\"noopener\">Sisu<\/a>) passar\u00e1 a ter apenas uma edi\u00e7\u00e3o por ano a partir de 2024. O programa seleciona estudantes para vagas em universidades p\u00fablicas de todo o pa\u00eds com base na nota no Exame Nacional do Ensino M\u00e9dio (<a href=\"https:\/\/catracalivre.com.br\/educacao\/cinco-dicas-para-usar-a-nota-do-enem-no-sisu\/\" target=\"_blank\" rel=\"noopener\">Enem<\/a>).<\/p>\n<div id=\"attachment_2327365\" class=\"wp-caption aligncenter\">\n<div class=\"d-flex justify-content-center\" data-attachment-id=\"2327365\">\n<div class=\"position-relative d-inline-block\"><img data-recalc-dims=\"1\" data-portal-copyright=\"Ag\u00eancia Brasil\" fetchpriority=\"high\" decoding=\"async\" class=\"size-large wp-image-2327365\" src=\"https:\/\/i0.wp.com\/catracalivre.com.br\/wp-content\/uploads\/2023\/12\/sisu-mudancas-radicais-acontecerao-em-2024-fique-por-dentro-de-todas-910x544.png?resize=910%2C544&#038;ssl=1\" alt=\"Sisu: Mudan\u00e7as radicais acontecer\u00e3o em 2024; fique por dentro de todas\" width=\"910\" height=\"544\" srcset=\"https:\/\/catracalivre.com.br\/wp-content\/uploads\/2023\/12\/sisu-mudancas-radicais-acontecerao-em-2024-fique-por-dentro-de-todas-910x544.png 910w, https:\/\/catracalivre.com.br\/wp-content\/uploads\/2023\/12\/sisu-mudancas-radicais-acontecerao-em-2024-fique-por-dentro-de-todas-450x269.png 450w, https:\/\/catracalivre.com.br\/wp-content\/uploads\/2023\/12\/sisu-mudancas-radicais-acontecerao-em-2024-fique-por-dentro-de-todas-768x459.png 768w\" sizes=\"(max-width: 910px) 100vw, 910px\"\/><\/p>\n<p>Cr\u00e9ditos: Ag\u00eancia Brasil<\/p>\n<\/div>\n<\/div>\n<p><span class=\"post-imagem__legenda\">Sisu: Mudan\u00e7as radicais acontecer\u00e3o em 2024; fique por dentro de todas<\/span><\/p>\n<\/div>\n<p>De acordo com o <a href=\"https:\/\/www.gov.br\/mec\/pt-br\" target=\"_blank\" rel=\"noopener\">Minist\u00e9rio da Educa\u00e7\u00e3o<\/a> (<a href=\"https:\/\/catracalivre.com.br\/educacao\/mec-abre-mais-de-30-mil-vagas-em-cursos-gratuitos-online\/\" target=\"_blank\" rel=\"noopener\">MEC<\/a>), ainda nesta semana, ser\u00e1 publicado o edital do Sisu do pr\u00f3ximo ano, que dever\u00e1 trazer mais detalhes sobre a mudan\u00e7a.<\/p>\n<p>Criado em 2009 e implementado em 2010, o Sisu \u00e9 realizado tradicionalmente duas vezes por ano, selecionando estudantes para vagas no <a href=\"https:\/\/catracalivre.com.br\/educacao\/provao-paulista\/\" target=\"_blank\" rel=\"noopener\">ensino superior<\/a> tanto no primeiro quanto no segundo semestre de cada ano.<\/p>\n<p>A partir do ano que vem,\u00a0no entanto, dever\u00e1 ser feito apenas um processo seletivo por ano.<\/p>\n<p>O Sisu \u00e9 um sistema que re\u00fane em uma mesma plataforma as vagas ofertadas por institui\u00e7\u00f5es p\u00fablicas de ensino superior,\u00a0sejam elas federais, estaduais ou municipais. Para participar, os estudantes devem ter feito a \u00faltima edi\u00e7\u00e3o do Enem e n\u00e3o podem ter tirado zero na <a href=\"https:\/\/catracalivre.com.br\/educacao\/redacao-enem-2023-cartilha\/\" target=\"_blank\" rel=\"noopener\">prova de reda\u00e7\u00e3o<\/a>.<\/p>\n<p>Na hora da inscri\u00e7\u00e3o, os candidatos podem escolher at\u00e9 duas op\u00e7\u00f5es curso nas quais desejam concorrer a vagas. Uma vez por dia, durante o per\u00edodo de inscri\u00e7\u00e3o, \u00e9 divulgada a nota de corte de cada curso, baseada\u00a0nas notas dos candidatos inscritos at\u00e9 aquele momento.<\/p>\n<p>Os candidatos podem mudar de op\u00e7\u00e3o de curso at\u00e9 no \u00faltimo dia de inscri\u00e7\u00e3o.<\/p>\n<p>A edi\u00e7\u00e3o do in\u00edcio do ano \u00e9 que conta com a maior participa\u00e7\u00e3o de institui\u00e7\u00f5es e tamb\u00e9m a que tem a maior oferta de vagas. Na primeira edi\u00e7\u00e3o de 2023,\u00a0foram ofertadas 226.399 vagas\u00a0de 6.402 cursos de gradua\u00e7\u00e3o em 128 institui\u00e7\u00f5es federais, estaduais ou municipais de ensino, sendo 63 <a href=\"https:\/\/catracalivre.com.br\/educacao\/universidade-federal-oferece-dezenas-de-cursos-gratuitos-online\/\" target=\"_blank\" rel=\"noopener\">universidades federais<\/a>.<\/p>\n<p>J\u00e1\u00a0a segunda edi\u00e7\u00e3o de 2023 \u00a0disponibilizou 51.277 vagas\u00a0em 1.666 cursos de gradua\u00e7\u00e3o, de 65 institui\u00e7\u00f5es de educa\u00e7\u00e3o superior.<\/p>\n<\/div>\n<p><script>\n\t\t! function(f, b, e, v, n, t, s) {\n\t\t\tif (f.fbq) return;\n\t\t\tn = f.fbq = function() {\n\t\t\t\tn.callMethod ?\n\t\t\t\t\tn.callMethod.apply(n, arguments) : n.queue.push(arguments)\n\t\t\t};\n\t\t\tif (!f._fbq) f._fbq = n;\n\t\t\tn.push = n;\n\t\t\tn.loaded = !0;\n\t\t\tn.version = '2.0';\n\t\t\tn.queue = [];\n\t\t\tt = b.createElement(e);\n\t\t\tt.async = !0;\n\t\t\tt.src = v;\n\t\t\ts = b.getElementsByTagName(e)[0];\n\t\t\ts.parentNode.insertBefore(t, s)\n\t\t}(window, document, 'script',\n\t\t\t'https:\/\/connect.facebook.net\/en_US\/fbevents.js');\n\t\tfbq('init', '338315473262380');\n\t\tfbq('track', 'PageView');\n\t<\/script><br \/>\n<br \/>[ad_2]<br \/>\n<br \/><a href=\"https:\/\/catracalivre.com.br\/educacao\/sisu-mudancas-radicais-acontecerao-em-2024-fique-por-dentro\/\" target=\"_blank\" rel=\"noopener\">Source link <\/a><\/p>\n<div class='code-block code-block-4' style='margin: 8px auto 8px 0; text-align: left; display: block; clear: both;'>\n\ud83d\udce2 Aviso Legal\n\nO site ismaelcolosi.com.br atua apenas como um canal de divulga\u00e7\u00e3o de oportunidades de emprego e n\u00e3o se responsabiliza pelo processo seletivo, contrata\u00e7\u00e3o ou qualquer outra etapa relacionada \u00e0s vagas publicadas. Todas as informa\u00e7\u00f5es s\u00e3o de responsabilidade dos anunciantes.\n\n\u26a0\ufe0f Aten\u00e7\u00e3o! Nunca pague por promessas de emprego nem compre cursos que garantam contrata\u00e7\u00e3o. Desconfie de qualquer cobran\u00e7a para participar de sele\u00e7\u00f5es.\n\n\n\n<\/div>\n<!-- CONTENT END 1 -->\n","protected":false},"excerpt":{"rendered":"<p>[ad_1] O Sistema de Sele\u00e7\u00e3o Unificada (Sisu) passar\u00e1 a ter apenas uma edi\u00e7\u00e3o por ano a partir de 2024. O programa seleciona estudantes para vagas em universidades p\u00fablicas de todo o pa\u00eds com base na nota no Exame Nacional do Ensino M\u00e9dio (Enem). Cr\u00e9ditos: Ag\u00eancia Brasil Sisu: Mudan\u00e7as radicais acontecer\u00e3o em 2024; fique por dentro&hellip;&nbsp;<\/p>\n","protected":false},"author":1,"featured_media":14671,"comment_status":"open","ping_status":"open","sticky":false,"template":"","format":"standard","meta":{"_uag_custom_page_level_css":"","neve_meta_sidebar":"","neve_meta_container":"","neve_meta_enable_content_width":"","neve_meta_content_width":0,"neve_meta_title_alignment":"","neve_meta_author_avatar":"","neve_post_elements_order":"","neve_meta_disable_header":"","neve_meta_disable_footer":"","neve_meta_disable_title":"","_jetpack_newsletter_access":"","_jetpack_dont_email_post_to_subs":false,"_jetpack_newsletter_tier_id":0,"_jetpack_memberships_contains_paywalled_content":false,"_jetpack_memberships_contains_paid_content":false,"footnotes":""},"categories":[19],"tags":[],"class_list":["post-14670","post","type-post","status-publish","format-standard","has-post-thumbnail","hentry","category-variedades"],"uagb_featured_image_src":{"full":["https:\/\/i0.wp.com\/ismaelcolosi.com.br\/wp-content\/uploads\/2023\/12\/sisu-mudancas-radicais-acontecerao-em-2024-fique-por-dentro-de-todas.png?fit=1200%2C638&ssl=1",1200,638,false],"thumbnail":["https:\/\/i0.wp.com\/ismaelcolosi.com.br\/wp-content\/uploads\/2023\/12\/sisu-mudancas-radicais-acontecerao-em-2024-fique-por-dentro-de-todas.png?resize=150%2C150&ssl=1",150,150,true],"medium":["https:\/\/i0.wp.com\/ismaelcolosi.com.br\/wp-content\/uploads\/2023\/12\/sisu-mudancas-radicais-acontecerao-em-2024-fique-por-dentro-de-todas.png?fit=300%2C160&ssl=1",300,160,true],"medium_large":["https:\/\/i0.wp.com\/ismaelcolosi.com.br\/wp-content\/uploads\/2023\/12\/sisu-mudancas-radicais-acontecerao-em-2024-fique-por-dentro-de-todas.png?fit=768%2C408&ssl=1",768,408,true],"large":["https:\/\/i0.wp.com\/ismaelcolosi.com.br\/wp-content\/uploads\/2023\/12\/sisu-mudancas-radicais-acontecerao-em-2024-fique-por-dentro-de-todas.png?fit=1024%2C544&ssl=1",1024,544,true],"1536x1536":["https:\/\/i0.wp.com\/ismaelcolosi.com.br\/wp-content\/uploads\/2023\/12\/sisu-mudancas-radicais-acontecerao-em-2024-fique-por-dentro-de-todas.png?fit=1200%2C638&ssl=1",1200,638,true],"2048x2048":["https:\/\/i0.wp.com\/ismaelcolosi.com.br\/wp-content\/uploads\/2023\/12\/sisu-mudancas-radicais-acontecerao-em-2024-fique-por-dentro-de-todas.png?fit=1200%2C638&ssl=1",1200,638,true],"neve-blog":["https:\/\/i0.wp.com\/ismaelcolosi.com.br\/wp-content\/uploads\/2023\/12\/sisu-mudancas-radicais-acontecerao-em-2024-fique-por-dentro-de-todas.png?resize=930%2C620&ssl=1",930,620,true]},"uagb_author_info":{"display_name":"ismaelcolosi.com.br","author_link":"https:\/\/ismaelcolosi.com.br\/author\/vidareal-online\/"},"uagb_comment_info":0,"uagb_excerpt":"[ad_1] O Sistema de Sele\u00e7\u00e3o Unificada (Sisu) passar\u00e1 a ter apenas uma edi\u00e7\u00e3o por ano a partir de 2024. O programa seleciona estudantes para vagas em universidades p\u00fablicas de todo o pa\u00eds com base na nota no Exame Nacional do Ensino M\u00e9dio (Enem). Cr\u00e9ditos: Ag\u00eancia Brasil Sisu: Mudan\u00e7as radicais acontecer\u00e3o em 2024; fique por dentro&hellip;&nbsp;","jetpack-related-posts":[{"id":12750,"url":"https:\/\/ismaelcolosi.com.br\/index.php\/2023\/12\/08\/governo-propoe-calendario-do-abono-para-2024-confira\/","url_meta":{"origin":14670,"position":0},"title":"governo prop\u00f5e calend\u00e1rio do abono para 2024; confira","author":"ismaelcolosi.com.br","date":"8 de Dezembro de 2023","format":false,"excerpt":"[ad_1] O governo federal j\u00e1 teria estabelecido o calend\u00e1rio de pagamento do abono salarial do PIS\/Pasep e aguarda a aprova\u00e7\u00e3o das datas pelo Codefat (Conselho Deliberativo do Fundo de Amparo ao Trabalhador). De acordo com as informa\u00e7\u00f5es coletadas pela Folha de S. Paulo, o pagamento do abono de 2024, com\u2026","rel":"","context":"In &quot;Variedades&quot;","block_context":{"text":"Variedades","link":"https:\/\/ismaelcolosi.com.br\/index.php\/category\/variedades\/"},"img":{"alt_text":"","src":"https:\/\/i0.wp.com\/ismaelcolosi.com.br\/wp-content\/uploads\/2023\/12\/1702056098_depositphotos-366955058-xl-scaled.jpg?fit=1200%2C638&ssl=1&resize=350%2C200","width":350,"height":200,"srcset":"https:\/\/i0.wp.com\/ismaelcolosi.com.br\/wp-content\/uploads\/2023\/12\/1702056098_depositphotos-366955058-xl-scaled.jpg?fit=1200%2C638&ssl=1&resize=350%2C200 1x, https:\/\/i0.wp.com\/ismaelcolosi.com.br\/wp-content\/uploads\/2023\/12\/1702056098_depositphotos-366955058-xl-scaled.jpg?fit=1200%2C638&ssl=1&resize=525%2C300 1.5x, https:\/\/i0.wp.com\/ismaelcolosi.com.br\/wp-content\/uploads\/2023\/12\/1702056098_depositphotos-366955058-xl-scaled.jpg?fit=1200%2C638&ssl=1&resize=700%2C400 2x, https:\/\/i0.wp.com\/ismaelcolosi.com.br\/wp-content\/uploads\/2023\/12\/1702056098_depositphotos-366955058-xl-scaled.jpg?fit=1200%2C638&ssl=1&resize=1050%2C600 3x"},"classes":[]},{"id":23170,"url":"https:\/\/ismaelcolosi.com.br\/index.php\/2024\/01\/01\/veja-o-calendario-de-feriados-de-ribeirao-preto-em-2024\/","url_meta":{"origin":14670,"position":1},"title":"Veja o calend\u00e1rio de feriados de Ribeir\u00e3o Preto em 2024","author":"ismaelcolosi.com.br","date":"1 de Janeiro de 2024","format":false,"excerpt":"[ad_1] Ribeir\u00e3o Preto ter\u00e1 14 feriados e 10 pontos facultativos em 2024, de acordo com o calend\u00e1rio da Prefeitura Municipal da cidade. Ao todo, ser\u00e3o seis datas que ir\u00e3o emendar com os feriados prolongados, al\u00e9m do Carnaval e do Dia do Servidor P\u00fablico, comemorado no dia 28 de outubro. O\u2026","rel":"","context":"In &quot;Not\u00edcias de Ribeir\u00e3o Preto-SP e Regi\u00e3o&quot;","block_context":{"text":"Not\u00edcias de Ribeir\u00e3o Preto-SP e Regi\u00e3o","link":"https:\/\/ismaelcolosi.com.br\/index.php\/category\/noticias-de-ribeirao-preto-sp-e-regiao-ismael-colosi\/"},"img":{"alt_text":"","src":"https:\/\/i0.wp.com\/ismaelcolosi.com.br\/wp-content\/uploads\/2024\/01\/ribeirao-preto-prefeitura.jpg?fit=1200%2C900&ssl=1&resize=350%2C200","width":350,"height":200,"srcset":"https:\/\/i0.wp.com\/ismaelcolosi.com.br\/wp-content\/uploads\/2024\/01\/ribeirao-preto-prefeitura.jpg?fit=1200%2C900&ssl=1&resize=350%2C200 1x, https:\/\/i0.wp.com\/ismaelcolosi.com.br\/wp-content\/uploads\/2024\/01\/ribeirao-preto-prefeitura.jpg?fit=1200%2C900&ssl=1&resize=525%2C300 1.5x, https:\/\/i0.wp.com\/ismaelcolosi.com.br\/wp-content\/uploads\/2024\/01\/ribeirao-preto-prefeitura.jpg?fit=1200%2C900&ssl=1&resize=700%2C400 2x, https:\/\/i0.wp.com\/ismaelcolosi.com.br\/wp-content\/uploads\/2024\/01\/ribeirao-preto-prefeitura.jpg?fit=1200%2C900&ssl=1&resize=1050%2C600 3x"},"classes":[]},{"id":24679,"url":"https:\/\/ismaelcolosi.com.br\/index.php\/2024\/01\/04\/ribeirao-tera-14-feriados-este-ano\/","url_meta":{"origin":14670,"position":2},"title":"Ribeir\u00e3o ter\u00e1 14 feriados este ano\u00a0","author":"ismaelcolosi.com.br","date":"4 de Janeiro de 2024","format":false,"excerpt":"[ad_1] 4 de janeiro de 2024 | 17:004 de janeiro de 2024 | 11:10 0Ribeir\u00e3o Preto ter\u00e1 14 feriados e 10 pontos facultativos em 2024, de acordo com o calend\u00e1rio da Prefeitura publicado no Di\u00e1rio Oficial do Munic\u00edpio (DOM). Em seis datas haver\u00e1 feriados prolongados, al\u00e9m do Carnaval e do\u2026","rel":"","context":"In &quot;Not\u00edcias de Ribeir\u00e3o Preto-SP e Regi\u00e3o&quot;","block_context":{"text":"Not\u00edcias de Ribeir\u00e3o Preto-SP e Regi\u00e3o","link":"https:\/\/ismaelcolosi.com.br\/index.php\/category\/noticias-de-ribeirao-preto-sp-e-regiao-ismael-colosi\/"},"img":{"alt_text":"","src":"https:\/\/i0.wp.com\/ismaelcolosi.com.br\/wp-content\/uploads\/2024\/01\/2-feriados-carnaval-max-scaled.jpg?fit=967%2C645&ssl=1&resize=350%2C200","width":350,"height":200,"srcset":"https:\/\/i0.wp.com\/ismaelcolosi.com.br\/wp-content\/uploads\/2024\/01\/2-feriados-carnaval-max-scaled.jpg?fit=967%2C645&ssl=1&resize=350%2C200 1x, https:\/\/i0.wp.com\/ismaelcolosi.com.br\/wp-content\/uploads\/2024\/01\/2-feriados-carnaval-max-scaled.jpg?fit=967%2C645&ssl=1&resize=525%2C300 1.5x, https:\/\/i0.wp.com\/ismaelcolosi.com.br\/wp-content\/uploads\/2024\/01\/2-feriados-carnaval-max-scaled.jpg?fit=967%2C645&ssl=1&resize=700%2C400 2x"},"classes":[]},{"id":36822,"url":"https:\/\/ismaelcolosi.com.br\/index.php\/2024\/02\/12\/depois-do-carnaval-veja-quais-sao-os-feriados-em-ribeirao-preto\/","url_meta":{"origin":14670,"position":3},"title":"Depois do Carnaval: Veja quais s\u00e3o os feriados em Ribeir\u00e3o Preto","author":"ismaelcolosi.com.br","date":"12 de Fevereiro de 2024","format":false,"excerpt":"[ad_1] Ap\u00f3s o Carnaval, ainda faltam 18 feriados ou pontos facultativos em Ribeir\u00e3o Preto no ano de 2024 \u2013 lembrando que o Carnaval n\u00e3o \u00e9 feriado e, sim, ponto facultativo. O pr\u00f3ximo feriado ser\u00e1 a Sexta-Feira Santa, que neste ano, ser\u00e1 celebrada no dia 29 de mar\u00e7o. O ano de\u2026","rel":"","context":"In &quot;Not\u00edcias de Ribeir\u00e3o Preto-SP e Regi\u00e3o&quot;","block_context":{"text":"Not\u00edcias de Ribeir\u00e3o Preto-SP e Regi\u00e3o","link":"https:\/\/ismaelcolosi.com.br\/index.php\/category\/noticias-de-ribeirao-preto-sp-e-regiao-ismael-colosi\/"},"img":{"alt_text":"","src":"https:\/\/i0.wp.com\/ismaelcolosi.com.br\/wp-content\/uploads\/2024\/02\/feriado-prolongado.jpg?fit=1200%2C800&ssl=1&resize=350%2C200","width":350,"height":200,"srcset":"https:\/\/i0.wp.com\/ismaelcolosi.com.br\/wp-content\/uploads\/2024\/02\/feriado-prolongado.jpg?fit=1200%2C800&ssl=1&resize=350%2C200 1x, https:\/\/i0.wp.com\/ismaelcolosi.com.br\/wp-content\/uploads\/2024\/02\/feriado-prolongado.jpg?fit=1200%2C800&ssl=1&resize=525%2C300 1.5x, https:\/\/i0.wp.com\/ismaelcolosi.com.br\/wp-content\/uploads\/2024\/02\/feriado-prolongado.jpg?fit=1200%2C800&ssl=1&resize=700%2C400 2x, https:\/\/i0.wp.com\/ismaelcolosi.com.br\/wp-content\/uploads\/2024\/02\/feriado-prolongado.jpg?fit=1200%2C800&ssl=1&resize=1050%2C600 3x"},"classes":[]},{"id":45005,"url":"https:\/\/ismaelcolosi.com.br\/index.php\/2024\/04\/01\/depois-da-sexta-feira-santa-quais-serao-os-proximos-feriados-veja-calendario-de-ribeirao-preto\/","url_meta":{"origin":14670,"position":4},"title":"Depois da Sexta-feira Santa, quais ser\u00e3o os pr\u00f3ximos feriados? Veja calend\u00e1rio de Ribeir\u00e3o Preto","author":"ismaelcolosi.com.br","date":"1 de Abril de 2024","format":false,"excerpt":"[ad_1] Ap\u00f3s a Sexta-feira Santa, Ribeir\u00e3o Preto ainda tem 17 feriados ou pontos facultativos no ano de 2024. A pr\u00f3xima folga, no entanto, acontece em um domingo, no dia 21 de abril, quando \u00e9 celebrado o Dia de Tiradentes. O ano de 2024 ter\u00e1 menos feriados prolongados do que 2023.\u2026","rel":"","context":"In &quot;Not\u00edcias de Ribeir\u00e3o Preto-SP e Regi\u00e3o&quot;","block_context":{"text":"Not\u00edcias de Ribeir\u00e3o Preto-SP e Regi\u00e3o","link":"https:\/\/ismaelcolosi.com.br\/index.php\/category\/noticias-de-ribeirao-preto-sp-e-regiao-ismael-colosi\/"},"img":{"alt_text":"","src":"https:\/\/i0.wp.com\/ismaelcolosi.com.br\/wp-content\/uploads\/2024\/04\/calendar-gad829f90c_1920.jpg?fit=1200%2C900&ssl=1&resize=350%2C200","width":350,"height":200,"srcset":"https:\/\/i0.wp.com\/ismaelcolosi.com.br\/wp-content\/uploads\/2024\/04\/calendar-gad829f90c_1920.jpg?fit=1200%2C900&ssl=1&resize=350%2C200 1x, https:\/\/i0.wp.com\/ismaelcolosi.com.br\/wp-content\/uploads\/2024\/04\/calendar-gad829f90c_1920.jpg?fit=1200%2C900&ssl=1&resize=525%2C300 1.5x, https:\/\/i0.wp.com\/ismaelcolosi.com.br\/wp-content\/uploads\/2024\/04\/calendar-gad829f90c_1920.jpg?fit=1200%2C900&ssl=1&resize=700%2C400 2x, https:\/\/i0.wp.com\/ismaelcolosi.com.br\/wp-content\/uploads\/2024\/04\/calendar-gad829f90c_1920.jpg?fit=1200%2C900&ssl=1&resize=1050%2C600 3x"},"classes":[]},{"id":60883,"url":"https:\/\/ismaelcolosi.com.br\/index.php\/2024\/08\/19\/enem-dos-concursos-quando-saem-as-notas-e-o-resultado-das-provas-veja-cronograma\/","url_meta":{"origin":14670,"position":5},"title":"\u2018Enem dos concursos\u2019: Quando saem as notas e o resultado das provas? Veja cronograma","author":"ismaelcolosi.com.br","date":"19 de Agosto de 2024","format":false,"excerpt":"[ad_1] 20 de agosto de 2024Divulga\u00e7\u00e3o preliminar dos gabaritos das provas objetivas.20 e 21 de agosto de 2024Prazo para interposi\u00e7\u00e3o de eventuais recursos quanto \u00e0s quest\u00f5es formuladas e\/ou aos gabaritos divulgados.10 de setembro de 2024Disponibiliza\u00e7\u00e3o da imagem do cart\u00e3o-resposta.8 de outubro de 2024Divulga\u00e7\u00e3o das notas finais das provas objetivas e\u2026","rel":"","context":"In &quot;Empregos - Classificados&quot;","block_context":{"text":"Empregos - Classificados","link":"https:\/\/ismaelcolosi.com.br\/index.php\/category\/empregos-classificados-vagas-trabalho\/"},"img":{"alt_text":"","src":"https:\/\/i0.wp.com\/ismaelcolosi.com.br\/wp-content\/uploads\/2024\/08\/1724065627_prova.jpg?fit=1200%2C704&ssl=1&resize=350%2C200","width":350,"height":200,"srcset":"https:\/\/i0.wp.com\/ismaelcolosi.com.br\/wp-content\/uploads\/2024\/08\/1724065627_prova.jpg?fit=1200%2C704&ssl=1&resize=350%2C200 1x, https:\/\/i0.wp.com\/ismaelcolosi.com.br\/wp-content\/uploads\/2024\/08\/1724065627_prova.jpg?fit=1200%2C704&ssl=1&resize=525%2C300 1.5x, https:\/\/i0.wp.com\/ismaelcolosi.com.br\/wp-content\/uploads\/2024\/08\/1724065627_prova.jpg?fit=1200%2C704&ssl=1&resize=700%2C400 2x, https:\/\/i0.wp.com\/ismaelcolosi.com.br\/wp-content\/uploads\/2024\/08\/1724065627_prova.jpg?fit=1200%2C704&ssl=1&resize=1050%2C600 3x"},"classes":[]}],"jetpack_sharing_enabled":true,"jetpack_shortlink":"https:\/\/wp.me\/pfMlyK-3OC","jetpack_featured_media_url":"https:\/\/i0.wp.com\/ismaelcolosi.com.br\/wp-content\/uploads\/2023\/12\/sisu-mudancas-radicais-acontecerao-em-2024-fique-por-dentro-de-todas.png?fit=1200%2C638&ssl=1","_links":{"self":[{"href":"https:\/\/ismaelcolosi.com.br\/index.php\/wp-json\/wp\/v2\/posts\/14670","targetHints":{"allow":["GET"]}}],"collection":[{"href":"https:\/\/ismaelcolosi.com.br\/index.php\/wp-json\/wp\/v2\/posts"}],"about":[{"href":"https:\/\/ismaelcolosi.com.br\/index.php\/wp-json\/wp\/v2\/types\/post"}],"author":[{"embeddable":true,"href":"https:\/\/ismaelcolosi.com.br\/index.php\/wp-json\/wp\/v2\/users\/1"}],"replies":[{"embeddable":true,"href":"https:\/\/ismaelcolosi.com.br\/index.php\/wp-json\/wp\/v2\/comments?post=14670"}],"version-history":[{"count":0,"href":"https:\/\/ismaelcolosi.com.br\/index.php\/wp-json\/wp\/v2\/posts\/14670\/revisions"}],"wp:featuredmedia":[{"embeddable":true,"href":"https:\/\/ismaelcolosi.com.br\/index.php\/wp-json\/wp\/v2\/media\/14671"}],"wp:attachment":[{"href":"https:\/\/ismaelcolosi.com.br\/index.php\/wp-json\/wp\/v2\/media?parent=14670"}],"wp:term":[{"taxonomy":"category","embeddable":true,"href":"https:\/\/ismaelcolosi.com.br\/index.php\/wp-json\/wp\/v2\/categories?post=14670"},{"taxonomy":"post_tag","embeddable":true,"href":"https:\/\/ismaelcolosi.com.br\/index.php\/wp-json\/wp\/v2\/tags?post=14670"}],"curies":[{"name":"wp","href":"https:\/\/api.w.org\/{rel}","templated":true}]}}