{"id":14612,"date":"2023-12-12T09:09:13","date_gmt":"2023-12-12T12:09:13","guid":{"rendered":"https:\/\/ismaelcolosi.com.br\/index.php\/2023\/12\/12\/consumo-diario-desta-semente-ajuda-a-emagrecer-veja-beneficios\/"},"modified":"2023-12-12T09:09:13","modified_gmt":"2023-12-12T12:09:13","slug":"consumo-diario-desta-semente-ajuda-a-emagrecer-veja-beneficios","status":"publish","type":"post","link":"https:\/\/ismaelcolosi.com.br\/index.php\/2023\/12\/12\/consumo-diario-desta-semente-ajuda-a-emagrecer-veja-beneficios\/","title":{"rendered":"Consumo di\u00e1rio desta semente ajuda a emagrecer; veja benef\u00edcios"},"content":{"rendered":"<p> <br \/>\n<\/p>\n<div>\n<div id=\"attachment_2327221\" class=\"wp-caption alignnone\">\n<div class=\"d-flex justify-content-center\" data-attachment-id=\"2327221\">\n<div class=\"position-relative d-inline-block\"><img data-recalc-dims=\"1\" data-portal-copyright=\"iStock\/monkeybusinessimages\" fetchpriority=\"high\" decoding=\"async\" class=\"size-full wp-image-2327221\" src=\"https:\/\/i0.wp.com\/catracalivre.com.br\/wp-content\/uploads\/2023\/12\/istock-171301571.jpg?resize=1254%2C836&#038;ssl=1\" alt=\"Semente de ab\u00f3bora ajuda a emagrecer\" width=\"1254\" height=\"836\" srcset=\"https:\/\/catracalivre.com.br\/wp-content\/uploads\/2023\/12\/istock-171301571.jpg 1254w, https:\/\/catracalivre.com.br\/wp-content\/uploads\/2023\/12\/istock-171301571-450x300.jpg 450w, https:\/\/catracalivre.com.br\/wp-content\/uploads\/2023\/12\/istock-171301571-768x512.jpg 768w\" sizes=\"(max-width: 1254px) 100vw, 1254px\"\/><\/p>\n<p>Cr\u00e9ditos: iStock\/monkeybusinessimages<\/p>\n<\/div>\n<\/div>\n<p><span class=\"post-imagem__legenda\">Semente de ab\u00f3bora ajuda a emagrecer<\/span><\/p>\n<\/div>\n<p>Voc\u00ea j\u00e1 pensou como uma <a href=\"https:\/\/catracalivre.com.br\/saude-bem-estar\/a-semente-que-previne-cancer-alzheimer-e-diminui-a-fome\/\" target=\"_blank\" rel=\"noopener\">pequena semente<\/a> pode ter tantas utilidades e benef\u00edcios? Pois \u00e9, a semente de ab\u00f3bora, um alimento corriqueiro e, muitas vezes, subestimado, \u00e9 um verdadeiro tesouro nutricional.<\/p>\n<p>Como um ingrediente vers\u00e1til na <a href=\"https:\/\/catracalivre.com.br\/receitas\/\" target=\"_blank\" rel=\"noopener\">cozinha<\/a>, a semente combina bem com <a href=\"https:\/\/catracalivre.com.br\/receitas\/salgado-joelho-crocante-de-presunto-e-queijo\/\" target=\"_blank\" rel=\"noopener\">salgados<\/a>, saladas, sucos, e at\u00e9 mesmo iogurtes, ao mesmo tempo em que traz diversos benef\u00edcios para a sa\u00fade.<\/p>\n<h2>Por que a semente de ab\u00f3bora \u00e9 t\u00e3o ben\u00e9fica para a sa\u00fade?<\/h2>\n<p>A semente de ab\u00f3bora \u00e9 uma pequena bomba de nutrientes detentora de incont\u00e1veis benef\u00edcios. Ela n\u00e3o apenas ajuda a controlar a fome, fundamental para quem busca o emagrecimento, mas tamb\u00e9m pode contribuir significativamente para a regula\u00e7\u00e3o da <a href=\"https:\/\/catracalivre.com.br\/saude-bem-estar\/fruta-antes-da-refeicoes-reduz-acucar-no-sangue-saiba-qual\/\" target=\"_blank\" rel=\"noopener\">glicose no sangue<\/a> e para a otimiza\u00e7\u00e3o do funcionamento do organismo se for consumida diariamente.<\/p>\n<p>Ela \u00e9 extremamente rica em fibras e gorduras ben\u00e9ficas \u00e0 sa\u00fade. Al\u00e9m disso, \u00e9 uma fonte de vitaminas e minerais que atuam na preven\u00e7\u00e3o e controle de v\u00e1rias doen\u00e7as.<\/p>\n<div id=\"attachment_2327219\" class=\"wp-caption alignnone\">\n<div class=\"d-flex justify-content-center\" data-attachment-id=\"2327219\">\n<div class=\"position-relative d-inline-block\"><img data-recalc-dims=\"1\" loading=\"lazy\" data-portal-copyright=\"iStock\/HadelProductions\" decoding=\"async\" class=\"size-full wp-image-2327219\" src=\"https:\/\/i0.wp.com\/catracalivre.com.br\/wp-content\/uploads\/2023\/12\/istock-476063525.jpg?resize=1254%2C837&#038;ssl=1\" alt=\"Conhe\u00e7a os benef\u00edcios da semente de ab\u00f3bora\" width=\"1254\" height=\"837\" srcset=\"https:\/\/catracalivre.com.br\/wp-content\/uploads\/2023\/12\/istock-476063525.jpg 1254w, https:\/\/catracalivre.com.br\/wp-content\/uploads\/2023\/12\/istock-476063525-450x300.jpg 450w, https:\/\/catracalivre.com.br\/wp-content\/uploads\/2023\/12\/istock-476063525-768x513.jpg 768w\" sizes=\"auto, (max-width: 1254px) 100vw, 1254px\"\/><\/p>\n<p>Cr\u00e9ditos: iStock\/HadelProductions<\/p>\n<\/div>\n<\/div>\n<p><span class=\"post-imagem__legenda\">Conhe\u00e7a os benef\u00edcios da semente de ab\u00f3bora<\/span><\/p>\n<\/div>\n<h2>A semente de ab\u00f3bora realmente ajuda no emagrecimento?<\/h2>\n<p>As sementes de ab\u00f3boras s\u00e3o consideradas aliadas no processo de emagrecimento, sendo ricas em fibras que promovem a sensa\u00e7\u00e3o de saciedade.<\/p>\n<p>Al\u00e9m disso, elas possuem 19g de prote\u00edna por cada 100g, auxiliando na repara\u00e7\u00e3o dos tecidos ap\u00f3s os treinos, o que aumenta a massa muscular. Por isso, para quem tem o objetivo de ganhar volume muscular, \u00e9 interessante incluir o alimento na rotina.<\/p>\n<p>Para consumir, a<span class=\"topicText\"> semente deve ter sua casca interna retirada. Ent\u00e3o, a parte interna pode ser consumida pura, triturada ou inteira. O ideal \u00e9 que seja assada.\u00a0<\/span><\/p>\n<div id=\"attachment_2327220\" class=\"wp-caption alignnone\">\n<div class=\"d-flex justify-content-center\" data-attachment-id=\"2327220\">\n<div class=\"position-relative d-inline-block\"><img data-recalc-dims=\"1\" loading=\"lazy\" data-portal-copyright=\"iStock\/AscentXmedia\" decoding=\"async\" class=\"size-full wp-image-2327220\" src=\"https:\/\/i0.wp.com\/catracalivre.com.br\/wp-content\/uploads\/2023\/12\/istock-1433369577.jpg?resize=1253%2C836&#038;ssl=1\" alt=\"A semente tamb\u00e9m ajuda no ganho de massa muscular\" width=\"1253\" height=\"836\" srcset=\"https:\/\/catracalivre.com.br\/wp-content\/uploads\/2023\/12\/istock-1433369577.jpg 1253w, https:\/\/catracalivre.com.br\/wp-content\/uploads\/2023\/12\/istock-1433369577-450x300.jpg 450w, https:\/\/catracalivre.com.br\/wp-content\/uploads\/2023\/12\/istock-1433369577-768x512.jpg 768w\" sizes=\"auto, (max-width: 1253px) 100vw, 1253px\"\/><\/p>\n<p>Cr\u00e9ditos: iStock\/AscentXmedia<\/p>\n<\/div>\n<\/div>\n<p><span class=\"post-imagem__legenda\">A semente tamb\u00e9m ajuda no ganho de massa muscular<\/span><\/p>\n<\/div>\n<h2>Outros benef\u00edcios da semente<\/h2>\n<p><span class=\"topicText\">A semente de ab\u00f3bora est\u00e1 relacionada \u00e0 melhora da fertilidade, da sa\u00fade card\u00edaca, do funcionamento intestinal e do controle do a\u00e7\u00facar no sangue. Abaixo, veja mais benef\u00edcios.<\/span><\/p>\n<ul>\n<li><strong>Controle do diabetes: <\/strong>a\u00a0semente de ab\u00f3bora tem propriedades que estimulam a secre\u00e7\u00e3o de insulina e a sensibiliza\u00e7\u00e3o do horm\u00f4nio respons\u00e1vel pelo transporte do a\u00e7\u00facar no sangue para as c\u00e9lulas do corpo. Al\u00e9m disso, suas fibras podem diminuir o \u00edndice glic\u00eamico das refei\u00e7\u00f5es e evitar o pico repentino de glicose. Isso torna as sementes de ab\u00f3bora um alimento essencial para a preven\u00e7\u00e3o e controle do diabetes tipo 2.<\/li>\n<li><strong>Reduz a inflama\u00e7\u00e3o:\u00a0<\/strong>uma excelente fonte de \u00f4mega-3, a semente exerce uma a\u00e7\u00e3o anti-inflamat\u00f3ria contra os processos de estresse ou de doen\u00e7as que possam estar causando um estado do inflama\u00e7\u00e3o do corpo.<\/li>\n<li><strong>Auxilia na produ\u00e7\u00e3o de testosterona:<\/strong> como essas sementes s\u00e3o ricas em zinco e magn\u00e9sio, importantes para a forma\u00e7\u00e3o do horm\u00f4nio sexual masculino, elas s\u00e3o uma excelente op\u00e7\u00e3o para aumentar a produ\u00e7\u00e3o desse horm\u00f4nio.<\/li>\n<li><strong>Alivia a dor de barriga:\u00a0<\/strong>por causa do magn\u00e9sio, ajuda a aliviar a dor de barriga e as c\u00f3licas menstruais.<\/li>\n<li><strong>Combate a anemia: <\/strong>s\u00e3o uma excelente fonte vegetal de ferro e, por isso, ajudam a combater a anemia. Vale lembrar de consumir a semente de ab\u00f3bora junto com um alimento rico em vitamina C, o que favorece a absor\u00e7\u00e3o de ferro.<\/li>\n<\/ul>\n<p>Como voc\u00ea pode ver, incluir sementes de ab\u00f3bora na rotina pode trazer uma s\u00e9rie de benef\u00edcios para a sa\u00fade. Por isso, que tal come\u00e7ar a introduzir essa pequena, mas poderosa, semente no seu dia a dia?<\/p>\n<\/div>\n<p><script>\n\t\t! function(f, b, e, v, n, t, s) {\n\t\t\tif (f.fbq) return;\n\t\t\tn = f.fbq = function() {\n\t\t\t\tn.callMethod ?\n\t\t\t\t\tn.callMethod.apply(n, arguments) : n.queue.push(arguments)\n\t\t\t};\n\t\t\tif (!f._fbq) f._fbq = n;\n\t\t\tn.push = n;\n\t\t\tn.loaded = !0;\n\t\t\tn.version = '2.0';\n\t\t\tn.queue = [];\n\t\t\tt = b.createElement(e);\n\t\t\tt.async = !0;\n\t\t\tt.src = v;\n\t\t\ts = b.getElementsByTagName(e)[0];\n\t\t\ts.parentNode.insertBefore(t, s)\n\t\t}(window, document, 'script',\n\t\t\t'https:\/\/connect.facebook.net\/en_US\/fbevents.js');\n\t\tfbq('init', '338315473262380');\n\t\tfbq('track', 'PageView');\n\t<\/script><br \/>\n<br \/><br \/>\n<br \/><a href=\"https:\/\/catracalivre.com.br\/saude-bem-estar\/consumo-diario-desta-semente-ajuda-a-emagrecer-veja-os-beneficios\/\">Source link <\/a><\/p>\n<div class='code-block code-block-4' style='margin: 8px auto 8px 0; text-align: left; display: block; clear: both;'>\n\ud83d\udce2 Aviso Legal\n\nO site ismaelcolosi.com.br atua apenas como um canal de divulga\u00e7\u00e3o de oportunidades de emprego e n\u00e3o se responsabiliza pelo processo seletivo, contrata\u00e7\u00e3o ou qualquer outra etapa relacionada \u00e0s vagas publicadas. Todas as informa\u00e7\u00f5es s\u00e3o de responsabilidade dos anunciantes.\n\n\u26a0\ufe0f Aten\u00e7\u00e3o! Nunca pague por promessas de emprego nem compre cursos que garantam contrata\u00e7\u00e3o. Desconfie de qualquer cobran\u00e7a para participar de sele\u00e7\u00f5es.\n\n\n\n<\/div>\n<!-- CONTENT END 1 -->\n","protected":false},"excerpt":{"rendered":"<p>Cr\u00e9ditos: iStock\/monkeybusinessimages Semente de ab\u00f3bora ajuda a emagrecer Voc\u00ea j\u00e1 pensou como uma pequena semente pode ter tantas utilidades e benef\u00edcios? Pois \u00e9, a semente&#8230;<\/p>\n","protected":false},"author":1,"featured_media":14613,"comment_status":"open","ping_status":"open","sticky":false,"template":"","format":"standard","meta":{"_uag_custom_page_level_css":"","advanced_seo_description":"","jetpack_seo_html_title":"","jetpack_seo_noindex":false,"jetpack_post_was_ever_published":false,"_jetpack_newsletter_access":"","_jetpack_dont_email_post_to_subs":false,"_jetpack_newsletter_tier_id":0,"_jetpack_memberships_contains_paywalled_content":false,"_jetpack_memberships_contains_paid_content":false,"footnotes":"","jetpack_publicize_message":"","jetpack_publicize_feature_enabled":true,"jetpack_social_post_already_shared":true,"jetpack_social_options":{"image_generator_settings":{"template":"highway","default_image_id":0,"font":"","enabled":false},"version":2}},"categories":[19],"tags":[],"class_list":["post-14612","post","type-post","status-publish","format-standard","has-post-thumbnail","hentry","category-variedades"],"jetpack_publicize_connections":[],"jetpack_featured_media_url":"https:\/\/i0.wp.com\/ismaelcolosi.com.br\/wp-content\/uploads\/2023\/12\/istock-171301571.jpg?fit=1200%2C638&ssl=1","uagb_featured_image_src":{"full":["https:\/\/i0.wp.com\/ismaelcolosi.com.br\/wp-content\/uploads\/2023\/12\/istock-171301571.jpg?fit=1200%2C638&ssl=1",1200,638,false],"thumbnail":["https:\/\/i0.wp.com\/ismaelcolosi.com.br\/wp-content\/uploads\/2023\/12\/istock-171301571.jpg?resize=150%2C150&ssl=1",150,150,true],"medium":["https:\/\/i0.wp.com\/ismaelcolosi.com.br\/wp-content\/uploads\/2023\/12\/istock-171301571.jpg?fit=300%2C160&ssl=1",300,160,true],"medium_large":["https:\/\/i0.wp.com\/ismaelcolosi.com.br\/wp-content\/uploads\/2023\/12\/istock-171301571.jpg?fit=768%2C408&ssl=1",768,408,true],"large":["https:\/\/i0.wp.com\/ismaelcolosi.com.br\/wp-content\/uploads\/2023\/12\/istock-171301571.jpg?fit=1024%2C544&ssl=1",1024,544,true],"1536x1536":["https:\/\/i0.wp.com\/ismaelcolosi.com.br\/wp-content\/uploads\/2023\/12\/istock-171301571.jpg?fit=1200%2C638&ssl=1",1200,638,true],"2048x2048":["https:\/\/i0.wp.com\/ismaelcolosi.com.br\/wp-content\/uploads\/2023\/12\/istock-171301571.jpg?fit=1200%2C638&ssl=1",1200,638,true],"really-simple-thumb":["https:\/\/i0.wp.com\/ismaelcolosi.com.br\/wp-content\/uploads\/2023\/12\/istock-171301571.jpg?resize=370%2C247&ssl=1",370,247,true]},"uagb_author_info":{"display_name":"ismaelcolosi.com.br","author_link":"https:\/\/ismaelcolosi.com.br\/index.php\/author\/vidareal-online\/"},"uagb_comment_info":0,"uagb_excerpt":"Cr\u00e9ditos: iStock\/monkeybusinessimages Semente de ab\u00f3bora ajuda a emagrecer Voc\u00ea j\u00e1 pensou como uma pequena semente pode ter tantas utilidades e benef\u00edcios? Pois \u00e9, a semente...","jetpack-related-posts":[{"id":6882,"url":"https:\/\/ismaelcolosi.com.br\/index.php\/2023\/11\/27\/por-que-aveia-ajuda-a-emagrecer-e-controla-acucar-no-sangue\/","url_meta":{"origin":14612,"position":0},"title":"Por que aveia ajuda a emagrecer e controla a\u00e7\u00facar no sangue?","author":"ismaelcolosi.com.br","date":"27 de November de 2023","format":false,"excerpt":"Cr\u00e9ditos: Getty Images\/iStockphotoA alta concentra\u00e7\u00e3o de fibras \u00e9 um dos principais motivos pelo qual a aveia \u00e9 considerada uma aliada na busca pelo emagrecimento \u2013 iStock\/Getty Images Pesquisas recentes d\u00e3o conta de que a aveia, por conta de seus nutrientes essenciais e acess\u00edveis, pode ser considerada um superalimento para quem\u2026","rel":"","context":"In &quot;Variedades&quot;","block_context":{"text":"Variedades","link":"https:\/\/ismaelcolosi.com.br\/index.php\/category\/variedades\/"},"img":{"alt_text":"","src":"https:\/\/i0.wp.com\/ismaelcolosi.com.br\/wp-content\/uploads\/2023\/11\/istock-899796524-1.jpg?fit=1200%2C638&ssl=1&resize=350%2C200","width":350,"height":200,"srcset":"https:\/\/i0.wp.com\/ismaelcolosi.com.br\/wp-content\/uploads\/2023\/11\/istock-899796524-1.jpg?fit=1200%2C638&ssl=1&resize=350%2C200 1x, https:\/\/i0.wp.com\/ismaelcolosi.com.br\/wp-content\/uploads\/2023\/11\/istock-899796524-1.jpg?fit=1200%2C638&ssl=1&resize=525%2C300 1.5x, https:\/\/i0.wp.com\/ismaelcolosi.com.br\/wp-content\/uploads\/2023\/11\/istock-899796524-1.jpg?fit=1200%2C638&ssl=1&resize=700%2C400 2x, https:\/\/i0.wp.com\/ismaelcolosi.com.br\/wp-content\/uploads\/2023\/11\/istock-899796524-1.jpg?fit=1200%2C638&ssl=1&resize=1050%2C600 3x"},"classes":[]},{"id":23011,"url":"https:\/\/ismaelcolosi.com.br\/index.php\/2023\/12\/31\/o-alimento-favorito-da-nasa-que-ajuda-a-emagrecer-e-criar-musculos\/","url_meta":{"origin":14612,"position":1},"title":"O alimento favorito da NASA que ajuda a emagrecer e criar m\u00fasculos","author":"ismaelcolosi.com.br","date":"31 de December de 2023","format":false,"excerpt":"Os astronautas da NASA\u00a0s\u00f3 podem incluir certos alimentos em suas dietas. A ag\u00eancia espacial controla tudo o que comem com especial aten\u00e7\u00e3o desde o in\u00edcio do treinamento e, claro, durante as miss\u00f5es de explora\u00e7\u00e3o. Cr\u00e9ditos: aaronalien\/depositPhotosAlimento \u00e9 liberado para tripulantes de miss\u00f5es espaciais da NASA Entre os alimentos que a\u2026","rel":"","context":"In &quot;Variedades&quot;","block_context":{"text":"Variedades","link":"https:\/\/ismaelcolosi.com.br\/index.php\/category\/variedades\/"},"img":{"alt_text":"","src":"https:\/\/i0.wp.com\/ismaelcolosi.com.br\/wp-content\/uploads\/2023\/12\/depositphotos-329529488-l.jpg?fit=1200%2C638&ssl=1&resize=350%2C200","width":350,"height":200,"srcset":"https:\/\/i0.wp.com\/ismaelcolosi.com.br\/wp-content\/uploads\/2023\/12\/depositphotos-329529488-l.jpg?fit=1200%2C638&ssl=1&resize=350%2C200 1x, https:\/\/i0.wp.com\/ismaelcolosi.com.br\/wp-content\/uploads\/2023\/12\/depositphotos-329529488-l.jpg?fit=1200%2C638&ssl=1&resize=525%2C300 1.5x, https:\/\/i0.wp.com\/ismaelcolosi.com.br\/wp-content\/uploads\/2023\/12\/depositphotos-329529488-l.jpg?fit=1200%2C638&ssl=1&resize=700%2C400 2x, https:\/\/i0.wp.com\/ismaelcolosi.com.br\/wp-content\/uploads\/2023\/12\/depositphotos-329529488-l.jpg?fit=1200%2C638&ssl=1&resize=1050%2C600 3x"},"classes":[]},{"id":20613,"url":"https:\/\/ismaelcolosi.com.br\/index.php\/2023\/12\/26\/superalimento-emagrece-diminui-risco-de-diabetes-e-melhora-a-pele\/","url_meta":{"origin":14612,"position":2},"title":"Superalimento emagrece, diminui risco de diabetes e melhora a pele","author":"ismaelcolosi.com.br","date":"26 de December de 2023","format":false,"excerpt":"Cr\u00e9ditos: iStock\/KarisssaO termo \u201csuperalimento\u201d \u00e9 usado para descrever alimentos excepcionalmente saud\u00e1veis, que podem entre outros benef\u00edcios ajudar a emagrecer \u2013 iStock\/Getty Images \u201cSuperalimentos\u201dse refere\u00a0 a um grupo de alimentos com in\u00fameros benef\u00edcios para a sa\u00fade, como por exemplo folhas verdes, ch\u00e1 verde e tantos outros j\u00e1 bem conhecidos. Um deles,\u2026","rel":"","context":"In &quot;Variedades&quot;","block_context":{"text":"Variedades","link":"https:\/\/ismaelcolosi.com.br\/index.php\/category\/variedades\/"},"img":{"alt_text":"","src":"https:\/\/i0.wp.com\/ismaelcolosi.com.br\/wp-content\/uploads\/2023\/12\/istock-497746164.jpg?fit=1200%2C638&ssl=1&resize=350%2C200","width":350,"height":200,"srcset":"https:\/\/i0.wp.com\/ismaelcolosi.com.br\/wp-content\/uploads\/2023\/12\/istock-497746164.jpg?fit=1200%2C638&ssl=1&resize=350%2C200 1x, https:\/\/i0.wp.com\/ismaelcolosi.com.br\/wp-content\/uploads\/2023\/12\/istock-497746164.jpg?fit=1200%2C638&ssl=1&resize=525%2C300 1.5x, https:\/\/i0.wp.com\/ismaelcolosi.com.br\/wp-content\/uploads\/2023\/12\/istock-497746164.jpg?fit=1200%2C638&ssl=1&resize=700%2C400 2x, https:\/\/i0.wp.com\/ismaelcolosi.com.br\/wp-content\/uploads\/2023\/12\/istock-497746164.jpg?fit=1200%2C638&ssl=1&resize=1050%2C600 3x"},"classes":[]},{"id":8829,"url":"https:\/\/ismaelcolosi.com.br\/index.php\/2023\/11\/30\/de-acordo-com-nuticionista-voce-deve-comer-esta-quantidade-ovos-por-semana-para-emagrecer\/","url_meta":{"origin":14612,"position":3},"title":"De acordo com nuticionista, voc\u00ea deve comer esta quantidade ovos por semana para emagrecer","author":"ismaelcolosi.com.br","date":"30 de November de 2023","format":false,"excerpt":"O consumo de ovos tem mostrado benef\u00edcios significativos n\u00e3o apenas para a sa\u00fade em geral, mas tamb\u00e9m para o processo de emagrecimento.Carrie Ruxton, doutora em nutri\u00e7\u00e3o pela Queen Margaret University, na Esc\u00f3cia, destacou em uma entrevista ao portal brit\u00e2nico Express,\u00a0 as propriedades not\u00e1veis dos ovos.A entrevista foi baseada em sua\u2026","rel":"","context":"In &quot;Blog&quot;","block_context":{"text":"Blog","link":"https:\/\/ismaelcolosi.com.br\/index.php\/category\/blog\/"},"img":{"alt_text":"","src":"https:\/\/i0.wp.com\/ismaelcolosi.com.br\/wp-content\/uploads\/2023\/11\/postimg-65693a43c41208932.jpg?fit=1200%2C628&ssl=1&resize=350%2C200","width":350,"height":200,"srcset":"https:\/\/i0.wp.com\/ismaelcolosi.com.br\/wp-content\/uploads\/2023\/11\/postimg-65693a43c41208932.jpg?fit=1200%2C628&ssl=1&resize=350%2C200 1x, https:\/\/i0.wp.com\/ismaelcolosi.com.br\/wp-content\/uploads\/2023\/11\/postimg-65693a43c41208932.jpg?fit=1200%2C628&ssl=1&resize=525%2C300 1.5x, https:\/\/i0.wp.com\/ismaelcolosi.com.br\/wp-content\/uploads\/2023\/11\/postimg-65693a43c41208932.jpg?fit=1200%2C628&ssl=1&resize=700%2C400 2x, https:\/\/i0.wp.com\/ismaelcolosi.com.br\/wp-content\/uploads\/2023\/11\/postimg-65693a43c41208932.jpg?fit=1200%2C628&ssl=1&resize=1050%2C600 3x"},"classes":[]},{"id":13647,"url":"https:\/\/ismaelcolosi.com.br\/index.php\/2023\/12\/10\/tomar-agua-emagrece-veja-o-que-dizem-os-especialistas\/","url_meta":{"origin":14612,"position":4},"title":"Tomar \u00e1gua emagrece? Veja o que dizem os especialistas","author":"ismaelcolosi.com.br","date":"10 de December de 2023","format":false,"excerpt":"Cr\u00e9ditos: Getty Images\/iStockphotoEstudo observou que os benef\u00edcios da \u00e1gua para quem busca emagrecer ainda \u00e9 alvo de d\u00favidas e mitos \u2013 iStock\/Getty Images Beber muita \u00e1gua, segundo especialistas, \u00e9 uma das dicas mais comuns para quem tenta perder peso. Mas ser\u00e1 que essa recomenda\u00e7\u00e3o tem embasamento cient\u00edfico? Afinal, ser\u00e1 que\u2026","rel":"","context":"In &quot;Variedades&quot;","block_context":{"text":"Variedades","link":"https:\/\/ismaelcolosi.com.br\/index.php\/category\/variedades\/"},"img":{"alt_text":"","src":"https:\/\/i0.wp.com\/ismaelcolosi.com.br\/wp-content\/uploads\/2023\/12\/istock-1333405340.jpg?fit=1200%2C638&ssl=1&resize=350%2C200","width":350,"height":200,"srcset":"https:\/\/i0.wp.com\/ismaelcolosi.com.br\/wp-content\/uploads\/2023\/12\/istock-1333405340.jpg?fit=1200%2C638&ssl=1&resize=350%2C200 1x, https:\/\/i0.wp.com\/ismaelcolosi.com.br\/wp-content\/uploads\/2023\/12\/istock-1333405340.jpg?fit=1200%2C638&ssl=1&resize=525%2C300 1.5x, https:\/\/i0.wp.com\/ismaelcolosi.com.br\/wp-content\/uploads\/2023\/12\/istock-1333405340.jpg?fit=1200%2C638&ssl=1&resize=700%2C400 2x, https:\/\/i0.wp.com\/ismaelcolosi.com.br\/wp-content\/uploads\/2023\/12\/istock-1333405340.jpg?fit=1200%2C638&ssl=1&resize=1050%2C600 3x"},"classes":[]},{"id":28392,"url":"https:\/\/ismaelcolosi.com.br\/index.php\/2024\/01\/15\/apesar-de-comentarios-sobre-brunet-rodriguinho-viveu-luta-contra-a-balanca-e-efeito-sanfona\/","url_meta":{"origin":14612,"position":5},"title":"Apesar de coment\u00e1rios sobre Brunet, Rodriguinho viveu luta contra a balan\u00e7a e efeito &#8216;sanfona&#8217;","author":"ismaelcolosi.com.br","date":"15 de January de 2024","format":false,"excerpt":"O BBB24 j\u00e1 come\u00e7a a cativar o p\u00fablico, com seus participantes ganhando apoio, ou perdendo aprova\u00e7\u00e3o. Nestes \u00faltimos dias, quem tem chamado bastante a aten\u00e7\u00e3o \u00e9 o cantor Rodriguinho.O artista tem causado inc\u00f4modo do p\u00fablico pela insist\u00eancia em falar sobre o peso e h\u00e1bitos alimentares de Yasmin Brunet. Acontece que\u2026","rel":"","context":"In &quot;Blog&quot;","block_context":{"text":"Blog","link":"https:\/\/ismaelcolosi.com.br\/index.php\/category\/blog\/"},"img":{"alt_text":"","src":"https:\/\/i0.wp.com\/ismaelcolosi.com.br\/wp-content\/uploads\/2024\/01\/postimg-65a5982a3651e6318.jpg?fit=1200%2C628&ssl=1&resize=350%2C200","width":350,"height":200,"srcset":"https:\/\/i0.wp.com\/ismaelcolosi.com.br\/wp-content\/uploads\/2024\/01\/postimg-65a5982a3651e6318.jpg?fit=1200%2C628&ssl=1&resize=350%2C200 1x, https:\/\/i0.wp.com\/ismaelcolosi.com.br\/wp-content\/uploads\/2024\/01\/postimg-65a5982a3651e6318.jpg?fit=1200%2C628&ssl=1&resize=525%2C300 1.5x, https:\/\/i0.wp.com\/ismaelcolosi.com.br\/wp-content\/uploads\/2024\/01\/postimg-65a5982a3651e6318.jpg?fit=1200%2C628&ssl=1&resize=700%2C400 2x, https:\/\/i0.wp.com\/ismaelcolosi.com.br\/wp-content\/uploads\/2024\/01\/postimg-65a5982a3651e6318.jpg?fit=1200%2C628&ssl=1&resize=1050%2C600 3x"},"classes":[]}],"jetpack_sharing_enabled":true,"jetpack_shortlink":"https:\/\/wp.me\/pfMlyK-3NG","_links":{"self":[{"href":"https:\/\/ismaelcolosi.com.br\/index.php\/wp-json\/wp\/v2\/posts\/14612","targetHints":{"allow":["GET"]}}],"collection":[{"href":"https:\/\/ismaelcolosi.com.br\/index.php\/wp-json\/wp\/v2\/posts"}],"about":[{"href":"https:\/\/ismaelcolosi.com.br\/index.php\/wp-json\/wp\/v2\/types\/post"}],"author":[{"embeddable":true,"href":"https:\/\/ismaelcolosi.com.br\/index.php\/wp-json\/wp\/v2\/users\/1"}],"replies":[{"embeddable":true,"href":"https:\/\/ismaelcolosi.com.br\/index.php\/wp-json\/wp\/v2\/comments?post=14612"}],"version-history":[{"count":0,"href":"https:\/\/ismaelcolosi.com.br\/index.php\/wp-json\/wp\/v2\/posts\/14612\/revisions"}],"wp:featuredmedia":[{"embeddable":true,"href":"https:\/\/ismaelcolosi.com.br\/index.php\/wp-json\/wp\/v2\/media\/14613"}],"wp:attachment":[{"href":"https:\/\/ismaelcolosi.com.br\/index.php\/wp-json\/wp\/v2\/media?parent=14612"}],"wp:term":[{"taxonomy":"category","embeddable":true,"href":"https:\/\/ismaelcolosi.com.br\/index.php\/wp-json\/wp\/v2\/categories?post=14612"},{"taxonomy":"post_tag","embeddable":true,"href":"https:\/\/ismaelcolosi.com.br\/index.php\/wp-json\/wp\/v2\/tags?post=14612"}],"curies":[{"name":"wp","href":"https:\/\/api.w.org\/{rel}","templated":true}]}}